{"id":100082,"date":"2024-10-27T22:20:23","date_gmt":"2024-10-27T22:20:23","guid":{"rendered":"https:\/\/elregionalvm.com.ar\/noticias-villa-maria\/?p=100082"},"modified":"2024-11-06T04:13:35","modified_gmt":"2024-11-06T04:13:35","slug":"entrevista-carlos-maslaton-milei-esta-incrementando-la-deuda-en-250-millones-de-dolares-por-dia-audio","status":"publish","type":"post","link":"https:\/\/elregionalvm.com.ar\/noticias-villa-maria\/entrevista-carlos-maslaton-milei-esta-incrementando-la-deuda-en-250-millones-de-dolares-por-dia-audio\/","title":{"rendered":"[Entrevista] Carlos Maslat\u00f3n: \u00abMilei est\u00e1 incrementando la deuda en 250 millones de d\u00f3lares por d\u00eda\u00bb (AUDIO)"},"content":{"rendered":"\n<p><strong>El reconocido analista e influencer financiero Carlos Maslat\u00f3n dialog\u00f3 en una entrevista con Germ\u00e1n Giacchero, en el programa \u00abRompecabezas\u00bb (FM La C\u00fapula 102.9). El abogado, periodista, bitcoinero y \u00abforista de internet\u00bb, se refiri\u00f3 a la gesti\u00f3n del presidente Javier Milei, dio su opini\u00f3n sobre la oposici\u00f3n pol\u00edtica y descart\u00f3 que vaya a ser candidato a un cargo. <\/strong><\/p>\n\n\n\n<p><\/p>\n\n\n\n<figure class=\"wp-block-image size-large\"><img data-recalc-dims=\"1\" fetchpriority=\"high\" decoding=\"async\" width=\"1024\" height=\"576\" src=\"https:\/\/i0.wp.com\/elregionalvm.com.ar\/noticias-villa-maria\/wp-content\/uploads\/2024\/10\/Carlos-Maslaton-ventana.jpg?resize=1024%2C576&#038;ssl=1\" alt=\"\" class=\"wp-image-100086\" srcset=\"https:\/\/i0.wp.com\/elregionalvm.com.ar\/noticias-villa-maria\/wp-content\/uploads\/2024\/10\/Carlos-Maslaton-ventana.jpg?resize=1024%2C576&amp;ssl=1 1024w, https:\/\/i0.wp.com\/elregionalvm.com.ar\/noticias-villa-maria\/wp-content\/uploads\/2024\/10\/Carlos-Maslaton-ventana.jpg?resize=300%2C169&amp;ssl=1 300w, https:\/\/i0.wp.com\/elregionalvm.com.ar\/noticias-villa-maria\/wp-content\/uploads\/2024\/10\/Carlos-Maslaton-ventana.jpg?resize=768%2C432&amp;ssl=1 768w, https:\/\/i0.wp.com\/elregionalvm.com.ar\/noticias-villa-maria\/wp-content\/uploads\/2024\/10\/Carlos-Maslaton-ventana.jpg?resize=1536%2C864&amp;ssl=1 1536w, https:\/\/i0.wp.com\/elregionalvm.com.ar\/noticias-villa-maria\/wp-content\/uploads\/2024\/10\/Carlos-Maslaton-ventana.jpg?w=1920&amp;ssl=1 1920w\" sizes=\"(max-width: 1000px) 100vw, 1000px\" \/><\/figure>\n\n\n\n<p><\/p>\n\n\n\n<p>Maslat\u00f3n fue categ\u00f3rico con el plan econ\u00f3mico del Gobierno nacional. \u00abSigo sosteniendo que est\u00e1 liquidado de origen\u00bb, dispar\u00f3 el analista financiero.<\/p>\n\n\n\n<p>\u00abDecidieron llevar una pol\u00edtica cambiaria y monetaria inadecuada, por eso la econom\u00eda no puede levantar, los precios est\u00e9n tergiversados, el pa\u00eds est\u00e1 car\u00edsimo y tampoco est\u00e1n consiguiendo el equilibrio fiscal porque no tienen en cuenta toda la deuda que van generando\u00bb, remarc\u00f3.<\/p>\n\n\n\n<p>En este sentido, sostuvo que la gesti\u00f3n de Milei genera \u00ab250 millones de d\u00f3lares diarios de deuda\u00bb. <\/p>\n\n\n\n<p>\u00abYo soy un liberal argentino, no soy kirchnerista ni peronista\u00bb, respondi\u00f3 cuando se le consult\u00f3 sobre su perfil ideol\u00f3gico.<\/p>\n\n\n\n<p><\/p>\n\n\n\n<ul class=\"wp-block-list\">\n<li><strong>Escuch\u00e1 el audio completo de la entrevista: <\/strong><\/li>\n<\/ul>\n\n\n\n<p><\/p>\n\n\n\n<figure class=\"wp-block-audio\"><audio controls src=\"https:\/\/elregionalvm.com.ar\/noticias-villa-maria\/wp-content\/uploads\/2024\/10\/Rompecabezas-Villa-Maria-Carlos-Maslaton-final-1.mp3\"><\/audio><\/figure>\n\n\n\n<p><\/p>\n\n\n\n<figure class=\"wp-block-image size-full\"><img data-recalc-dims=\"1\" decoding=\"async\" width=\"980\" height=\"653\" src=\"https:\/\/i0.wp.com\/elregionalvm.com.ar\/noticias-villa-maria\/wp-content\/uploads\/2024\/06\/Maslaton-en-la-UNVM.jpg?resize=980%2C653&#038;ssl=1\" alt=\"\" class=\"wp-image-94711\" srcset=\"https:\/\/i0.wp.com\/elregionalvm.com.ar\/noticias-villa-maria\/wp-content\/uploads\/2024\/06\/Maslaton-en-la-UNVM.jpg?w=980&amp;ssl=1 980w, https:\/\/i0.wp.com\/elregionalvm.com.ar\/noticias-villa-maria\/wp-content\/uploads\/2024\/06\/Maslaton-en-la-UNVM.jpg?resize=300%2C200&amp;ssl=1 300w, https:\/\/i0.wp.com\/elregionalvm.com.ar\/noticias-villa-maria\/wp-content\/uploads\/2024\/06\/Maslaton-en-la-UNVM.jpg?resize=768%2C512&amp;ssl=1 768w\" sizes=\"(max-width: 980px) 100vw, 980px\" \/><figcaption class=\"wp-element-caption\"><em><strong>Maslat\u00f3n en la UNVM, en junio pasado. <\/strong><\/em><\/figcaption><\/figure>\n","protected":false},"excerpt":{"rendered":"<p>El reconocido analista e influencer financiero Carlos Maslat\u00f3n dialog\u00f3 en una entrevista con Germ\u00e1n Giacchero, en el programa \u00abRompecabezas\u00bb (FM La C\u00fapula 102.9). El abogado, periodista, bitcoinero y \u00abforista de internet\u00bb, se refiri\u00f3 a la gesti\u00f3n del presidente Javier Milei, dio su opini\u00f3n sobre la oposici\u00f3n pol\u00edtica y descart\u00f3 que vaya a ser candidato a [&hellip;]<\/p>\n","protected":false},"author":6,"featured_media":100087,"comment_status":"open","ping_status":"open","sticky":false,"template":"","format":"standard","meta":{"site-sidebar-layout":"default","site-content-layout":"","ast-site-content-layout":"default","site-content-style":"default","site-sidebar-style":"default","ast-global-header-display":"","ast-banner-title-visibility":"","ast-main-header-display":"","ast-hfb-above-header-display":"","ast-hfb-below-header-display":"","ast-hfb-mobile-header-display":"","site-post-title":"","ast-breadcrumbs-content":"","ast-featured-img":"","footer-sml-layout":"","ast-disable-related-posts":"","theme-transparent-header-meta":"","adv-header-id-meta":"","stick-header-meta":"","header-above-stick-meta":"","header-main-stick-meta":"","header-below-stick-meta":"","astra-migrate-meta-layouts":"set","ast-page-background-enabled":"default","ast-page-background-meta":{"desktop":{"background-color":"","background-image":"","background-repeat":"repeat","background-position":"center center","background-size":"auto","background-attachment":"scroll","background-type":"","background-media":"","overlay-type":"","overlay-color":"","overlay-opacity":"","overlay-gradient":""},"tablet":{"background-color":"","background-image":"","background-repeat":"repeat","background-position":"center center","background-size":"auto","background-attachment":"scroll","background-type":"","background-media":"","overlay-type":"","overlay-color":"","overlay-opacity":"","overlay-gradient":""},"mobile":{"background-color":"","background-image":"","background-repeat":"repeat","background-position":"center center","background-size":"auto","background-attachment":"scroll","background-type":"","background-media":"","overlay-type":"","overlay-color":"","overlay-opacity":"","overlay-gradient":""}},"ast-content-background-meta":{"desktop":{"background-color":"var(--ast-global-color-5)","background-image":"","background-repeat":"repeat","background-position":"center center","background-size":"auto","background-attachment":"scroll","background-type":"","background-media":"","overlay-type":"","overlay-color":"","overlay-opacity":"","overlay-gradient":""},"tablet":{"background-color":"var(--ast-global-color-5)","background-image":"","background-repeat":"repeat","background-position":"center center","background-size":"auto","background-attachment":"scroll","background-type":"","background-media":"","overlay-type":"","overlay-color":"","overlay-opacity":"","overlay-gradient":""},"mobile":{"background-color":"var(--ast-global-color-5)","background-image":"","background-repeat":"repeat","background-position":"center center","background-size":"auto","background-attachment":"scroll","background-type":"","background-media":"","overlay-type":"","overlay-color":"","overlay-opacity":"","overlay-gradient":""}},"_jetpack_memberships_contains_paid_content":false,"_joinchat":[],"footnotes":""},"categories":[2089,3557,2074],"tags":[5439,13036,546,8094,505,5004,24022,5053,58,500,519,17284],"class_list":["post-100082","post","type-post","status-publish","format-standard","has-post-thumbnail","hentry","category-politica","category-tercera","category-videos","tag-bitcoin","tag-carlos-maslaton","tag-cristina-fernandez","tag-deuda","tag-economia","tag-finanzas","tag-influencer","tag-javier-milei","tag-kirchnerismo","tag-peronismo","tag-politica","tag-rompecabezas"],"yoast_head":"<!-- This site is optimized with the Yoast SEO plugin v26.8 - https:\/\/yoast.com\/product\/yoast-seo-wordpress\/ -->\n<title>[Entrevista] Carlos Maslat\u00f3n: &quot;Milei est\u00e1 incrementando la deuda en 250 millones de d\u00f3lares por d\u00eda&quot; (AUDIO) - El Regional<\/title>\n<meta name=\"robots\" content=\"index, follow, max-snippet:-1, max-image-preview:large, max-video-preview:-1\" \/>\n<link rel=\"canonical\" href=\"https:\/\/elregionalvm.com.ar\/noticias-villa-maria\/entrevista-carlos-maslaton-milei-esta-incrementando-la-deuda-en-250-millones-de-dolares-por-dia-audio\/\" \/>\n<meta property=\"og:locale\" content=\"es_ES\" \/>\n<meta property=\"og:type\" content=\"article\" \/>\n<meta property=\"og:title\" content=\"[Entrevista] Carlos Maslat\u00f3n: &quot;Milei est\u00e1 incrementando la deuda en 250 millones de d\u00f3lares por d\u00eda&quot; (AUDIO) - El Regional\" \/>\n<meta property=\"og:description\" content=\"El reconocido analista e influencer financiero Carlos Maslat\u00f3n dialog\u00f3 en una entrevista con Germ\u00e1n Giacchero, en el programa \u00abRompecabezas\u00bb (FM La C\u00fapula 102.9). El abogado, periodista, bitcoinero y \u00abforista de internet\u00bb, se refiri\u00f3 a la gesti\u00f3n del presidente Javier Milei, dio su opini\u00f3n sobre la oposici\u00f3n pol\u00edtica y descart\u00f3 que vaya a ser candidato a [&hellip;]\" \/>\n<meta property=\"og:url\" content=\"https:\/\/elregionalvm.com.ar\/noticias-villa-maria\/entrevista-carlos-maslaton-milei-esta-incrementando-la-deuda-en-250-millones-de-dolares-por-dia-audio\/\" \/>\n<meta property=\"og:site_name\" content=\"El Regional\" \/>\n<meta property=\"article:publisher\" content=\"https:\/\/www.facebook.com\/elregionalvm\" \/>\n<meta property=\"article:published_time\" content=\"2024-10-27T22:20:23+00:00\" \/>\n<meta property=\"article:modified_time\" content=\"2024-11-06T04:13:35+00:00\" \/>\n<meta property=\"og:image\" content=\"https:\/\/elregionalvm.com.ar\/noticias-villa-maria\/wp-content\/uploads\/2024\/10\/Carlos-Maslaton.jpg\" \/>\n\t<meta property=\"og:image:width\" content=\"1200\" \/>\n\t<meta property=\"og:image:height\" content=\"675\" \/>\n\t<meta property=\"og:image:type\" content=\"image\/jpeg\" \/>\n<meta name=\"author\" content=\"Germ\u00e1n Giacchero\" \/>\n<meta name=\"twitter:card\" content=\"summary_large_image\" \/>\n<meta name=\"twitter:creator\" content=\"@elregionalvm1\" \/>\n<meta name=\"twitter:site\" content=\"@elregionalvm1\" \/>\n<meta name=\"twitter:label1\" content=\"Escrito por\" \/>\n\t<meta name=\"twitter:data1\" content=\"Germ\u00e1n Giacchero\" \/>\n\t<meta name=\"twitter:label2\" content=\"Tiempo de lectura\" \/>\n\t<meta name=\"twitter:data2\" content=\"2 minutos\" \/>\n<script type=\"application\/ld+json\" class=\"yoast-schema-graph\">{\"@context\":\"https:\/\/schema.org\",\"@graph\":[{\"@type\":\"Article\",\"@id\":\"https:\/\/elregionalvm.com.ar\/noticias-villa-maria\/entrevista-carlos-maslaton-milei-esta-incrementando-la-deuda-en-250-millones-de-dolares-por-dia-audio\/#article\",\"isPartOf\":{\"@id\":\"https:\/\/elregionalvm.com.ar\/noticias-villa-maria\/entrevista-carlos-maslaton-milei-esta-incrementando-la-deuda-en-250-millones-de-dolares-por-dia-audio\/\"},\"author\":{\"name\":\"Germ\u00e1n Giacchero\",\"@id\":\"http:\/\/elregionalvm.com.ar\/noticias-villa-maria\/#\/schema\/person\/d5e4b04966154131701e52c45d3efec9\"},\"headline\":\"[Entrevista] Carlos Maslat\u00f3n: \u00abMilei est\u00e1 incrementando la deuda en 250 millones de d\u00f3lares por d\u00eda\u00bb (AUDIO)\",\"datePublished\":\"2024-10-27T22:20:23+00:00\",\"dateModified\":\"2024-11-06T04:13:35+00:00\",\"mainEntityOfPage\":{\"@id\":\"https:\/\/elregionalvm.com.ar\/noticias-villa-maria\/entrevista-carlos-maslaton-milei-esta-incrementando-la-deuda-en-250-millones-de-dolares-por-dia-audio\/\"},\"wordCount\":206,\"commentCount\":1,\"image\":{\"@id\":\"https:\/\/elregionalvm.com.ar\/noticias-villa-maria\/entrevista-carlos-maslaton-milei-esta-incrementando-la-deuda-en-250-millones-de-dolares-por-dia-audio\/#primaryimage\"},\"thumbnailUrl\":\"https:\/\/i0.wp.com\/elregionalvm.com.ar\/noticias-villa-maria\/wp-content\/uploads\/2024\/10\/Carlos-Maslaton.jpg?fit=1200%2C675&ssl=1\",\"keywords\":[\"Bitcoin\",\"Carlos Maslat\u00f3n\",\"Cristina Fern\u00e1ndez\",\"deuda\",\"Econom\u00eda\",\"finanzas\",\"influencer\",\"Javier Milei\",\"kirchnerismo\",\"Peronismo\",\"Pol\u00edtica\",\"rompecabezas\"],\"articleSection\":[\"Pol\u00edtica\",\"tercera\",\"Videos\"],\"inLanguage\":\"es\",\"potentialAction\":[{\"@type\":\"CommentAction\",\"name\":\"Comment\",\"target\":[\"https:\/\/elregionalvm.com.ar\/noticias-villa-maria\/entrevista-carlos-maslaton-milei-esta-incrementando-la-deuda-en-250-millones-de-dolares-por-dia-audio\/#respond\"]}]},{\"@type\":\"WebPage\",\"@id\":\"https:\/\/elregionalvm.com.ar\/noticias-villa-maria\/entrevista-carlos-maslaton-milei-esta-incrementando-la-deuda-en-250-millones-de-dolares-por-dia-audio\/\",\"url\":\"https:\/\/elregionalvm.com.ar\/noticias-villa-maria\/entrevista-carlos-maslaton-milei-esta-incrementando-la-deuda-en-250-millones-de-dolares-por-dia-audio\/\",\"name\":\"[Entrevista] Carlos Maslat\u00f3n: \\\"Milei est\u00e1 incrementando la deuda en 250 millones de d\u00f3lares por d\u00eda\\\" (AUDIO) - El Regional\",\"isPartOf\":{\"@id\":\"http:\/\/elregionalvm.com.ar\/noticias-villa-maria\/#website\"},\"primaryImageOfPage\":{\"@id\":\"https:\/\/elregionalvm.com.ar\/noticias-villa-maria\/entrevista-carlos-maslaton-milei-esta-incrementando-la-deuda-en-250-millones-de-dolares-por-dia-audio\/#primaryimage\"},\"image\":{\"@id\":\"https:\/\/elregionalvm.com.ar\/noticias-villa-maria\/entrevista-carlos-maslaton-milei-esta-incrementando-la-deuda-en-250-millones-de-dolares-por-dia-audio\/#primaryimage\"},\"thumbnailUrl\":\"https:\/\/i0.wp.com\/elregionalvm.com.ar\/noticias-villa-maria\/wp-content\/uploads\/2024\/10\/Carlos-Maslaton.jpg?fit=1200%2C675&ssl=1\",\"datePublished\":\"2024-10-27T22:20:23+00:00\",\"dateModified\":\"2024-11-06T04:13:35+00:00\",\"author\":{\"@id\":\"http:\/\/elregionalvm.com.ar\/noticias-villa-maria\/#\/schema\/person\/d5e4b04966154131701e52c45d3efec9\"},\"breadcrumb\":{\"@id\":\"https:\/\/elregionalvm.com.ar\/noticias-villa-maria\/entrevista-carlos-maslaton-milei-esta-incrementando-la-deuda-en-250-millones-de-dolares-por-dia-audio\/#breadcrumb\"},\"inLanguage\":\"es\",\"potentialAction\":[{\"@type\":\"ReadAction\",\"target\":[\"https:\/\/elregionalvm.com.ar\/noticias-villa-maria\/entrevista-carlos-maslaton-milei-esta-incrementando-la-deuda-en-250-millones-de-dolares-por-dia-audio\/\"]}]},{\"@type\":\"ImageObject\",\"inLanguage\":\"es\",\"@id\":\"https:\/\/elregionalvm.com.ar\/noticias-villa-maria\/entrevista-carlos-maslaton-milei-esta-incrementando-la-deuda-en-250-millones-de-dolares-por-dia-audio\/#primaryimage\",\"url\":\"https:\/\/i0.wp.com\/elregionalvm.com.ar\/noticias-villa-maria\/wp-content\/uploads\/2024\/10\/Carlos-Maslaton.jpg?fit=1200%2C675&ssl=1\",\"contentUrl\":\"https:\/\/i0.wp.com\/elregionalvm.com.ar\/noticias-villa-maria\/wp-content\/uploads\/2024\/10\/Carlos-Maslaton.jpg?fit=1200%2C675&ssl=1\",\"width\":1200,\"height\":675},{\"@type\":\"BreadcrumbList\",\"@id\":\"https:\/\/elregionalvm.com.ar\/noticias-villa-maria\/entrevista-carlos-maslaton-milei-esta-incrementando-la-deuda-en-250-millones-de-dolares-por-dia-audio\/#breadcrumb\",\"itemListElement\":[{\"@type\":\"ListItem\",\"position\":1,\"name\":\"Portada\",\"item\":\"https:\/\/elregionalvm.com.ar\/noticias-villa-maria\/\"},{\"@type\":\"ListItem\",\"position\":2,\"name\":\"[Entrevista] Carlos Maslat\u00f3n: \u00abMilei est\u00e1 incrementando la deuda en 250 millones de d\u00f3lares por d\u00eda\u00bb (AUDIO)\"}]},{\"@type\":\"WebSite\",\"@id\":\"http:\/\/elregionalvm.com.ar\/noticias-villa-maria\/#website\",\"url\":\"http:\/\/elregionalvm.com.ar\/noticias-villa-maria\/\",\"name\":\"El Regional\",\"description\":\"Mucho m\u00e1s que informaci\u00f3n\",\"potentialAction\":[{\"@type\":\"SearchAction\",\"target\":{\"@type\":\"EntryPoint\",\"urlTemplate\":\"http:\/\/elregionalvm.com.ar\/noticias-villa-maria\/?s={search_term_string}\"},\"query-input\":{\"@type\":\"PropertyValueSpecification\",\"valueRequired\":true,\"valueName\":\"search_term_string\"}}],\"inLanguage\":\"es\"},{\"@type\":\"Person\",\"@id\":\"http:\/\/elregionalvm.com.ar\/noticias-villa-maria\/#\/schema\/person\/d5e4b04966154131701e52c45d3efec9\",\"name\":\"Germ\u00e1n Giacchero\",\"image\":{\"@type\":\"ImageObject\",\"inLanguage\":\"es\",\"@id\":\"http:\/\/elregionalvm.com.ar\/noticias-villa-maria\/#\/schema\/person\/image\/\",\"url\":\"https:\/\/secure.gravatar.com\/avatar\/fda163ba5ef0307ee5be9846e10f83b6e83d0cfb260d3b2464830318894c6b04?s=96&d=mm&r=g\",\"contentUrl\":\"https:\/\/secure.gravatar.com\/avatar\/fda163ba5ef0307ee5be9846e10f83b6e83d0cfb260d3b2464830318894c6b04?s=96&d=mm&r=g\",\"caption\":\"Germ\u00e1n Giacchero\"},\"url\":\"https:\/\/elregionalvm.com.ar\/noticias-villa-maria\/author\/germangiacchero\/\"}]}<\/script>\n<!-- \/ Yoast SEO plugin. -->","yoast_head_json":{"title":"[Entrevista] Carlos Maslat\u00f3n: \"Milei est\u00e1 incrementando la deuda en 250 millones de d\u00f3lares por d\u00eda\" (AUDIO) - El Regional","robots":{"index":"index","follow":"follow","max-snippet":"max-snippet:-1","max-image-preview":"max-image-preview:large","max-video-preview":"max-video-preview:-1"},"canonical":"https:\/\/elregionalvm.com.ar\/noticias-villa-maria\/entrevista-carlos-maslaton-milei-esta-incrementando-la-deuda-en-250-millones-de-dolares-por-dia-audio\/","og_locale":"es_ES","og_type":"article","og_title":"[Entrevista] Carlos Maslat\u00f3n: \"Milei est\u00e1 incrementando la deuda en 250 millones de d\u00f3lares por d\u00eda\" (AUDIO) - El Regional","og_description":"El reconocido analista e influencer financiero Carlos Maslat\u00f3n dialog\u00f3 en una entrevista con Germ\u00e1n Giacchero, en el programa \u00abRompecabezas\u00bb (FM La C\u00fapula 102.9). El abogado, periodista, bitcoinero y \u00abforista de internet\u00bb, se refiri\u00f3 a la gesti\u00f3n del presidente Javier Milei, dio su opini\u00f3n sobre la oposici\u00f3n pol\u00edtica y descart\u00f3 que vaya a ser candidato a [&hellip;]","og_url":"https:\/\/elregionalvm.com.ar\/noticias-villa-maria\/entrevista-carlos-maslaton-milei-esta-incrementando-la-deuda-en-250-millones-de-dolares-por-dia-audio\/","og_site_name":"El Regional","article_publisher":"https:\/\/www.facebook.com\/elregionalvm","article_published_time":"2024-10-27T22:20:23+00:00","article_modified_time":"2024-11-06T04:13:35+00:00","og_image":[{"width":1200,"height":675,"url":"https:\/\/elregionalvm.com.ar\/noticias-villa-maria\/wp-content\/uploads\/2024\/10\/Carlos-Maslaton.jpg","type":"image\/jpeg"}],"author":"Germ\u00e1n Giacchero","twitter_card":"summary_large_image","twitter_creator":"@elregionalvm1","twitter_site":"@elregionalvm1","twitter_misc":{"Escrito por":"Germ\u00e1n Giacchero","Tiempo de lectura":"2 minutos"},"schema":{"@context":"https:\/\/schema.org","@graph":[{"@type":"Article","@id":"https:\/\/elregionalvm.com.ar\/noticias-villa-maria\/entrevista-carlos-maslaton-milei-esta-incrementando-la-deuda-en-250-millones-de-dolares-por-dia-audio\/#article","isPartOf":{"@id":"https:\/\/elregionalvm.com.ar\/noticias-villa-maria\/entrevista-carlos-maslaton-milei-esta-incrementando-la-deuda-en-250-millones-de-dolares-por-dia-audio\/"},"author":{"name":"Germ\u00e1n Giacchero","@id":"http:\/\/elregionalvm.com.ar\/noticias-villa-maria\/#\/schema\/person\/d5e4b04966154131701e52c45d3efec9"},"headline":"[Entrevista] Carlos Maslat\u00f3n: \u00abMilei est\u00e1 incrementando la deuda en 250 millones de d\u00f3lares por d\u00eda\u00bb (AUDIO)","datePublished":"2024-10-27T22:20:23+00:00","dateModified":"2024-11-06T04:13:35+00:00","mainEntityOfPage":{"@id":"https:\/\/elregionalvm.com.ar\/noticias-villa-maria\/entrevista-carlos-maslaton-milei-esta-incrementando-la-deuda-en-250-millones-de-dolares-por-dia-audio\/"},"wordCount":206,"commentCount":1,"image":{"@id":"https:\/\/elregionalvm.com.ar\/noticias-villa-maria\/entrevista-carlos-maslaton-milei-esta-incrementando-la-deuda-en-250-millones-de-dolares-por-dia-audio\/#primaryimage"},"thumbnailUrl":"https:\/\/i0.wp.com\/elregionalvm.com.ar\/noticias-villa-maria\/wp-content\/uploads\/2024\/10\/Carlos-Maslaton.jpg?fit=1200%2C675&ssl=1","keywords":["Bitcoin","Carlos Maslat\u00f3n","Cristina Fern\u00e1ndez","deuda","Econom\u00eda","finanzas","influencer","Javier Milei","kirchnerismo","Peronismo","Pol\u00edtica","rompecabezas"],"articleSection":["Pol\u00edtica","tercera","Videos"],"inLanguage":"es","potentialAction":[{"@type":"CommentAction","name":"Comment","target":["https:\/\/elregionalvm.com.ar\/noticias-villa-maria\/entrevista-carlos-maslaton-milei-esta-incrementando-la-deuda-en-250-millones-de-dolares-por-dia-audio\/#respond"]}]},{"@type":"WebPage","@id":"https:\/\/elregionalvm.com.ar\/noticias-villa-maria\/entrevista-carlos-maslaton-milei-esta-incrementando-la-deuda-en-250-millones-de-dolares-por-dia-audio\/","url":"https:\/\/elregionalvm.com.ar\/noticias-villa-maria\/entrevista-carlos-maslaton-milei-esta-incrementando-la-deuda-en-250-millones-de-dolares-por-dia-audio\/","name":"[Entrevista] Carlos Maslat\u00f3n: \"Milei est\u00e1 incrementando la deuda en 250 millones de d\u00f3lares por d\u00eda\" (AUDIO) - El Regional","isPartOf":{"@id":"http:\/\/elregionalvm.com.ar\/noticias-villa-maria\/#website"},"primaryImageOfPage":{"@id":"https:\/\/elregionalvm.com.ar\/noticias-villa-maria\/entrevista-carlos-maslaton-milei-esta-incrementando-la-deuda-en-250-millones-de-dolares-por-dia-audio\/#primaryimage"},"image":{"@id":"https:\/\/elregionalvm.com.ar\/noticias-villa-maria\/entrevista-carlos-maslaton-milei-esta-incrementando-la-deuda-en-250-millones-de-dolares-por-dia-audio\/#primaryimage"},"thumbnailUrl":"https:\/\/i0.wp.com\/elregionalvm.com.ar\/noticias-villa-maria\/wp-content\/uploads\/2024\/10\/Carlos-Maslaton.jpg?fit=1200%2C675&ssl=1","datePublished":"2024-10-27T22:20:23+00:00","dateModified":"2024-11-06T04:13:35+00:00","author":{"@id":"http:\/\/elregionalvm.com.ar\/noticias-villa-maria\/#\/schema\/person\/d5e4b04966154131701e52c45d3efec9"},"breadcrumb":{"@id":"https:\/\/elregionalvm.com.ar\/noticias-villa-maria\/entrevista-carlos-maslaton-milei-esta-incrementando-la-deuda-en-250-millones-de-dolares-por-dia-audio\/#breadcrumb"},"inLanguage":"es","potentialAction":[{"@type":"ReadAction","target":["https:\/\/elregionalvm.com.ar\/noticias-villa-maria\/entrevista-carlos-maslaton-milei-esta-incrementando-la-deuda-en-250-millones-de-dolares-por-dia-audio\/"]}]},{"@type":"ImageObject","inLanguage":"es","@id":"https:\/\/elregionalvm.com.ar\/noticias-villa-maria\/entrevista-carlos-maslaton-milei-esta-incrementando-la-deuda-en-250-millones-de-dolares-por-dia-audio\/#primaryimage","url":"https:\/\/i0.wp.com\/elregionalvm.com.ar\/noticias-villa-maria\/wp-content\/uploads\/2024\/10\/Carlos-Maslaton.jpg?fit=1200%2C675&ssl=1","contentUrl":"https:\/\/i0.wp.com\/elregionalvm.com.ar\/noticias-villa-maria\/wp-content\/uploads\/2024\/10\/Carlos-Maslaton.jpg?fit=1200%2C675&ssl=1","width":1200,"height":675},{"@type":"BreadcrumbList","@id":"https:\/\/elregionalvm.com.ar\/noticias-villa-maria\/entrevista-carlos-maslaton-milei-esta-incrementando-la-deuda-en-250-millones-de-dolares-por-dia-audio\/#breadcrumb","itemListElement":[{"@type":"ListItem","position":1,"name":"Portada","item":"https:\/\/elregionalvm.com.ar\/noticias-villa-maria\/"},{"@type":"ListItem","position":2,"name":"[Entrevista] Carlos Maslat\u00f3n: \u00abMilei est\u00e1 incrementando la deuda en 250 millones de d\u00f3lares por d\u00eda\u00bb (AUDIO)"}]},{"@type":"WebSite","@id":"http:\/\/elregionalvm.com.ar\/noticias-villa-maria\/#website","url":"http:\/\/elregionalvm.com.ar\/noticias-villa-maria\/","name":"El Regional","description":"Mucho m\u00e1s que informaci\u00f3n","potentialAction":[{"@type":"SearchAction","target":{"@type":"EntryPoint","urlTemplate":"http:\/\/elregionalvm.com.ar\/noticias-villa-maria\/?s={search_term_string}"},"query-input":{"@type":"PropertyValueSpecification","valueRequired":true,"valueName":"search_term_string"}}],"inLanguage":"es"},{"@type":"Person","@id":"http:\/\/elregionalvm.com.ar\/noticias-villa-maria\/#\/schema\/person\/d5e4b04966154131701e52c45d3efec9","name":"Germ\u00e1n Giacchero","image":{"@type":"ImageObject","inLanguage":"es","@id":"http:\/\/elregionalvm.com.ar\/noticias-villa-maria\/#\/schema\/person\/image\/","url":"https:\/\/secure.gravatar.com\/avatar\/fda163ba5ef0307ee5be9846e10f83b6e83d0cfb260d3b2464830318894c6b04?s=96&d=mm&r=g","contentUrl":"https:\/\/secure.gravatar.com\/avatar\/fda163ba5ef0307ee5be9846e10f83b6e83d0cfb260d3b2464830318894c6b04?s=96&d=mm&r=g","caption":"Germ\u00e1n Giacchero"},"url":"https:\/\/elregionalvm.com.ar\/noticias-villa-maria\/author\/germangiacchero\/"}]}},"jetpack_featured_media_url":"https:\/\/i0.wp.com\/elregionalvm.com.ar\/noticias-villa-maria\/wp-content\/uploads\/2024\/10\/Carlos-Maslaton.jpg?fit=1200%2C675&ssl=1","jetpack_sharing_enabled":true,"_links":{"self":[{"href":"https:\/\/elregionalvm.com.ar\/noticias-villa-maria\/wp-json\/wp\/v2\/posts\/100082","targetHints":{"allow":["GET"]}}],"collection":[{"href":"https:\/\/elregionalvm.com.ar\/noticias-villa-maria\/wp-json\/wp\/v2\/posts"}],"about":[{"href":"https:\/\/elregionalvm.com.ar\/noticias-villa-maria\/wp-json\/wp\/v2\/types\/post"}],"author":[{"embeddable":true,"href":"https:\/\/elregionalvm.com.ar\/noticias-villa-maria\/wp-json\/wp\/v2\/users\/6"}],"replies":[{"embeddable":true,"href":"https:\/\/elregionalvm.com.ar\/noticias-villa-maria\/wp-json\/wp\/v2\/comments?post=100082"}],"version-history":[{"count":6,"href":"https:\/\/elregionalvm.com.ar\/noticias-villa-maria\/wp-json\/wp\/v2\/posts\/100082\/revisions"}],"predecessor-version":[{"id":100170,"href":"https:\/\/elregionalvm.com.ar\/noticias-villa-maria\/wp-json\/wp\/v2\/posts\/100082\/revisions\/100170"}],"wp:featuredmedia":[{"embeddable":true,"href":"https:\/\/elregionalvm.com.ar\/noticias-villa-maria\/wp-json\/wp\/v2\/media\/100087"}],"wp:attachment":[{"href":"https:\/\/elregionalvm.com.ar\/noticias-villa-maria\/wp-json\/wp\/v2\/media?parent=100082"}],"wp:term":[{"taxonomy":"category","embeddable":true,"href":"https:\/\/elregionalvm.com.ar\/noticias-villa-maria\/wp-json\/wp\/v2\/categories?post=100082"},{"taxonomy":"post_tag","embeddable":true,"href":"https:\/\/elregionalvm.com.ar\/noticias-villa-maria\/wp-json\/wp\/v2\/tags?post=100082"}],"curies":[{"name":"wp","href":"https:\/\/api.w.org\/{rel}","templated":true}]}}