{"id":100090,"date":"2024-10-27T22:46:09","date_gmt":"2024-10-27T22:46:09","guid":{"rendered":"https:\/\/elregionalvm.com.ar\/noticias-villa-maria\/?p=100090"},"modified":"2024-10-29T21:02:35","modified_gmt":"2024-10-29T21:02:35","slug":"transformacion-digital-la-afip-asignaba-apenas-2-de-sus-ingresos-a-una-nueva-inversion","status":"publish","type":"post","link":"https:\/\/elregionalvm.com.ar\/noticias-villa-maria\/transformacion-digital-la-afip-asignaba-apenas-2-de-sus-ingresos-a-una-nueva-inversion\/","title":{"rendered":"[Transformaci\u00f3n digital] La AFIP asignaba apenas 2% de sus ingresos a una nueva inversi\u00f3n"},"content":{"rendered":"\n<h3 class=\"wp-block-heading\"><strong>El gobierno dispuso disolver la AFIP y sustituirla por la Agencia de Recaudaci\u00f3n y Control Aduanero (ARCA). M\u00e1s all\u00e1 del cambio de nombre y del anuncio de reducci\u00f3n de gastos, lo m\u00e1s urgente e importante es la transformaci\u00f3n digital de la administraci\u00f3n tributaria junto con la simplificaci\u00f3n de los impuestos.<\/strong><\/h3>\n\n\n\n<p><\/p>\n\n\n\n<p>La presi\u00f3n tributaria nacional \u2013hasta hace poco, a cargo de la AFIP\u2013 ronda el 23% del PBI.&nbsp; Esto se distribuye 10% del PBI para el financiamiento del Estado nacional, 8% del PBI a las provincias y 5% del PBI para la seguridad social.<\/p>\n\n\n\n<p>Las provincias incrementan la presi\u00f3n tributaria con impuestos propios recaudados con sus direcciones de rentas que equivalen a otros 5% del PBI. En consecuencia, la AFIP ocupaba un rol central en la recaudaci\u00f3n tributaria ya que recaudaba 8 de cada 10 pesos de los impuestos.<\/p>\n\n\n\n<p>La AFIP se financiaba con un porcentaje de la recaudaci\u00f3n. Seg\u00fan el Presupuesto 2025, estos recursos ascienden a unos 2.500 millones de d\u00f3lares anuales, es decir, un monto similar a lo que reciben Entre R\u00edos, Tucum\u00e1n o Chaco por la coparticipaci\u00f3n.<\/p>\n\n\n\n<p>Solo Buenos Aires, Santa Fe y C\u00f3rdoba reciben m\u00e1s recursos que la AFIP, mientras que las 16 provincias restantes reciben menos. Resulta muy sugerente que la AFIP reciba tributos para su financiamiento, por la v\u00eda autom\u00e1tica, como si fuera una \u201cprovincia\u201d m\u00e1s.<\/p>\n\n\n\n<p><\/p>\n\n\n\n<figure class=\"wp-block-image size-full\"><img data-recalc-dims=\"1\" fetchpriority=\"high\" decoding=\"async\" width=\"1000\" height=\"562\" src=\"https:\/\/i0.wp.com\/elregionalvm.com.ar\/noticias-villa-maria\/wp-content\/uploads\/2021\/06\/monotributo-afip-.jpg?resize=1000%2C562&#038;ssl=1\" alt=\"\" class=\"wp-image-39554\" srcset=\"https:\/\/i0.wp.com\/elregionalvm.com.ar\/noticias-villa-maria\/wp-content\/uploads\/2021\/06\/monotributo-afip-.jpg?w=1000&amp;ssl=1 1000w, https:\/\/i0.wp.com\/elregionalvm.com.ar\/noticias-villa-maria\/wp-content\/uploads\/2021\/06\/monotributo-afip-.jpg?resize=300%2C169&amp;ssl=1 300w, https:\/\/i0.wp.com\/elregionalvm.com.ar\/noticias-villa-maria\/wp-content\/uploads\/2021\/06\/monotributo-afip-.jpg?resize=768%2C432&amp;ssl=1 768w\" sizes=\"(max-width: 1000px) 100vw, 1000px\" \/><\/figure>\n\n\n\n<p><\/p>\n\n\n\n<p><strong>\u00bfQu\u00e9 ten\u00eda previsto hacer la AFIP con esos recursos?<\/strong><\/p>\n\n\n\n<p>Seg\u00fan el proyecto de Presupuesto 2025 la distribuci\u00f3n en grandes rubros era la siguiente:<\/p>\n\n\n\n<ul class=\"wp-block-list\">\n<li>En salarios preve\u00eda asignar 2.100 millones de d\u00f3lares o sea el 83% de sus recursos.<\/li>\n\n\n\n<li>En otros gastos de funcionamiento preve\u00eda asignar 200 millones de d\u00f3lares o sea un 8% de sus recursos.<\/li>\n\n\n\n<li>En nuevas inversiones (inversi\u00f3n neta de amortizaci\u00f3n) preve\u00eda asignar 50 millones de d\u00f3lares o sea un 2% de sus recursos.<\/li>\n<\/ul>\n\n\n\n<p><\/p>\n\n\n\n<figure class=\"wp-block-image\"><img data-recalc-dims=\"1\" decoding=\"async\" src=\"https:\/\/i0.wp.com\/idesa.org\/wp-content\/uploads\/2024\/10\/Captura-de-pantalla-2024-10-27-143348.png?ssl=1\" alt=\"\"\/><\/figure>\n\n\n\n<p><\/p>\n\n\n\n<p>Estos datos muestran un marcado sesgo hacia el pago de salarios de los empleados. Esta es la consecuencia de tener muchos empleados (casi 21.000) con muy altas remuneraciones (promedio unos 100 mil d\u00f3lares por a\u00f1o).<\/p>\n\n\n\n<p>La contrapartida es una muy escasa asignaci\u00f3n de recursos a inversiones tecnol\u00f3gicas. Este desbalance es uno de los factores que explica por qu\u00e9 la AFIP era un organismo poco emp\u00e1tico con los contribuyentes y muy ineficaz para evitar la evasi\u00f3n.<\/p>\n\n\n\n<p><strong>Invertir en tecnolog\u00eda<\/strong><\/p>\n\n\n\n<p>La base de la administraci\u00f3n tributaria moderna es la explotaci\u00f3n de la tecnolog\u00eda de la informaci\u00f3n. La idea de inspectores humanos amedrentando contribuyentes es tan obsoleta como ineficaz. Por eso, el principal desaf\u00edo no es bajar el exagerado gasto de la actual administraci\u00f3n tributaria, sino replantear su asignaci\u00f3n.<\/p>\n\n\n\n<p>Con informaci\u00f3n y tecnolog\u00eda los montos que tiene que pagar cada contribuyente los puede determinar la administraci\u00f3n tributaria eliminando la necesidad de confeccionar declaraciones juradas y abordar tortuosas normativas y tr\u00e1mites. La responsabilidad del ciudadano se debe limitar a la transferencia bancaria por el monto que la administraci\u00f3n tributaria determine para el pago.<\/p>\n\n\n\n<p>Por otro lado, con informaci\u00f3n e inteligencia para procesarla se puede ser mucho m\u00e1s eficaz contra la evasi\u00f3n. Se ha naturalizado que cada nuevo gobierno inicie su gesti\u00f3n con un blanqueo, que luego es evaluado como exitoso por su alta adhesi\u00f3n; cuando en realidad es un s\u00edntoma contundente del fracaso de la administraci\u00f3n tributaria para controlar el pago de los impuestos.<\/p>\n\n\n\n<p><strong>Ordenamiento impositivo<\/strong><\/p>\n\n\n\n<p>La transformaci\u00f3n de la administraci\u00f3n tributaria debe ir junto con el ordenamiento del sistema impositivo. El principal problema hoy es la superposici\u00f3n de impuestos nacionales, provinciales y municipales. Las ventas est\u00e1n gravadas tres veces (IVA, Ingresos Brutos y tasas municipales) y el patrimonio tambi\u00e9n (Bienes Personales, Inmobiliario y ABL).<\/p>\n\n\n\n<p><\/p>\n\n\n\n<figure class=\"wp-block-image size-full\"><img data-recalc-dims=\"1\" decoding=\"async\" width=\"1024\" height=\"768\" src=\"https:\/\/i0.wp.com\/elregionalvm.com.ar\/noticias-villa-maria\/wp-content\/uploads\/2023\/03\/agencia_movil_afip.jpg?resize=1024%2C768&#038;ssl=1\" alt=\"\" class=\"wp-image-73135\" srcset=\"https:\/\/i0.wp.com\/elregionalvm.com.ar\/noticias-villa-maria\/wp-content\/uploads\/2023\/03\/agencia_movil_afip.jpg?w=1024&amp;ssl=1 1024w, https:\/\/i0.wp.com\/elregionalvm.com.ar\/noticias-villa-maria\/wp-content\/uploads\/2023\/03\/agencia_movil_afip.jpg?resize=300%2C225&amp;ssl=1 300w, https:\/\/i0.wp.com\/elregionalvm.com.ar\/noticias-villa-maria\/wp-content\/uploads\/2023\/03\/agencia_movil_afip.jpg?resize=768%2C576&amp;ssl=1 768w\" sizes=\"(max-width: 1000px) 100vw, 1000px\" \/><\/figure>\n\n\n\n<p><\/p>\n\n\n\n<p>Se est\u00e1 ante la oportunidad de encarar una profunda simplificaci\u00f3n en un \u00fanico impuesto a las ventas y un \u00fanico impuesto al patrimonio \u2013que engloben los tributos que actualmente imponen los tres niveles de gobierno\u2013 y que sean administrados por un \u00fanico ente recaudador: la ARCA.<\/p>\n\n\n\n<p>Tambi\u00e9n es importante mejorar la institucionalidad de la administraci\u00f3n tributaria. La conducci\u00f3n de la ARCA no deber\u00eda estar sujeta a la discrecionalidad del Poder Ejecutivo, sino que deber\u00eda tener reglas de independencia, profesionalizaci\u00f3n y federalizaci\u00f3n.<\/p>\n\n\n\n<p>Un esquema an\u00e1logo al que se propone para el Banco Central estableciendo requisitos de probada capacidad t\u00e9cnica en administraci\u00f3n tributaria y de honestidad de sus directores, junto con el aval de las provincias haciendo que sus nombramientos sean con acuerdo del Senado.<\/p>\n\n\n\n<p><\/p>\n\n\n\n<p><em>Informe: Idesa<\/em><\/p>\n","protected":false},"excerpt":{"rendered":"<p>El gobierno dispuso disolver la AFIP y sustituirla por la Agencia de Recaudaci\u00f3n y Control Aduanero (ARCA). M\u00e1s all\u00e1 del cambio de nombre y del anuncio de reducci\u00f3n de gastos, lo m\u00e1s urgente e importante es la transformaci\u00f3n digital de la administraci\u00f3n tributaria junto con la simplificaci\u00f3n de los impuestos. La presi\u00f3n tributaria nacional \u2013hasta [&hellip;]<\/p>\n","protected":false},"author":4,"featured_media":99902,"comment_status":"open","ping_status":"open","sticky":false,"template":"","format":"standard","meta":{"site-sidebar-layout":"default","site-content-layout":"","ast-site-content-layout":"default","site-content-style":"default","site-sidebar-style":"default","ast-global-header-display":"","ast-banner-title-visibility":"","ast-main-header-display":"","ast-hfb-above-header-display":"","ast-hfb-below-header-display":"","ast-hfb-mobile-header-display":"","site-post-title":"","ast-breadcrumbs-content":"","ast-featured-img":"","footer-sml-layout":"","ast-disable-related-posts":"","theme-transparent-header-meta":"","adv-header-id-meta":"","stick-header-meta":"","header-above-stick-meta":"","header-main-stick-meta":"","header-below-stick-meta":"","astra-migrate-meta-layouts":"set","ast-page-background-enabled":"default","ast-page-background-meta":{"desktop":{"background-color":"","background-image":"","background-repeat":"repeat","background-position":"center center","background-size":"auto","background-attachment":"scroll","background-type":"","background-media":"","overlay-type":"","overlay-color":"","overlay-opacity":"","overlay-gradient":""},"tablet":{"background-color":"","background-image":"","background-repeat":"repeat","background-position":"center center","background-size":"auto","background-attachment":"scroll","background-type":"","background-media":"","overlay-type":"","overlay-color":"","overlay-opacity":"","overlay-gradient":""},"mobile":{"background-color":"","background-image":"","background-repeat":"repeat","background-position":"center center","background-size":"auto","background-attachment":"scroll","background-type":"","background-media":"","overlay-type":"","overlay-color":"","overlay-opacity":"","overlay-gradient":""}},"ast-content-background-meta":{"desktop":{"background-color":"var(--ast-global-color-5)","background-image":"","background-repeat":"repeat","background-position":"center center","background-size":"auto","background-attachment":"scroll","background-type":"","background-media":"","overlay-type":"","overlay-color":"","overlay-opacity":"","overlay-gradient":""},"tablet":{"background-color":"var(--ast-global-color-5)","background-image":"","background-repeat":"repeat","background-position":"center center","background-size":"auto","background-attachment":"scroll","background-type":"","background-media":"","overlay-type":"","overlay-color":"","overlay-opacity":"","overlay-gradient":""},"mobile":{"background-color":"var(--ast-global-color-5)","background-image":"","background-repeat":"repeat","background-position":"center center","background-size":"auto","background-attachment":"scroll","background-type":"","background-media":"","overlay-type":"","overlay-color":"","overlay-opacity":"","overlay-gradient":""}},"_jetpack_memberships_contains_paid_content":false,"_joinchat":[],"footnotes":""},"categories":[365,3557],"tags":[3648,24464,6461,3251,6686,5053,24466,9891,19655,24465],"class_list":["post-100090","post","type-post","status-publish","format-standard","has-post-thumbnail","hentry","category-opinion","category-tercera","tag-afip","tag-arca","tag-empleados","tag-impuestos","tag-inversion","tag-javier-milei","tag-presion-impositiva","tag-provincias","tag-recaudacion","tag-transformacion-digital"],"yoast_head":"<!-- This site is optimized with the Yoast SEO plugin v26.8 - https:\/\/yoast.com\/product\/yoast-seo-wordpress\/ -->\n<title>[Transformaci\u00f3n digital] La AFIP asignaba apenas 2% de sus ingresos a una nueva inversi\u00f3n - El Regional<\/title>\n<meta name=\"robots\" content=\"index, follow, max-snippet:-1, max-image-preview:large, max-video-preview:-1\" \/>\n<link rel=\"canonical\" href=\"https:\/\/elregionalvm.com.ar\/noticias-villa-maria\/transformacion-digital-la-afip-asignaba-apenas-2-de-sus-ingresos-a-una-nueva-inversion\/\" \/>\n<meta property=\"og:locale\" content=\"es_ES\" \/>\n<meta property=\"og:type\" content=\"article\" \/>\n<meta property=\"og:title\" content=\"[Transformaci\u00f3n digital] La AFIP asignaba apenas 2% de sus ingresos a una nueva inversi\u00f3n - El Regional\" \/>\n<meta property=\"og:description\" content=\"El gobierno dispuso disolver la AFIP y sustituirla por la Agencia de Recaudaci\u00f3n y Control Aduanero (ARCA). M\u00e1s all\u00e1 del cambio de nombre y del anuncio de reducci\u00f3n de gastos, lo m\u00e1s urgente e importante es la transformaci\u00f3n digital de la administraci\u00f3n tributaria junto con la simplificaci\u00f3n de los impuestos. La presi\u00f3n tributaria nacional \u2013hasta [&hellip;]\" \/>\n<meta property=\"og:url\" content=\"https:\/\/elregionalvm.com.ar\/noticias-villa-maria\/transformacion-digital-la-afip-asignaba-apenas-2-de-sus-ingresos-a-una-nueva-inversion\/\" \/>\n<meta property=\"og:site_name\" content=\"El Regional\" \/>\n<meta property=\"article:publisher\" content=\"https:\/\/www.facebook.com\/elregionalvm\" \/>\n<meta property=\"article:published_time\" content=\"2024-10-27T22:46:09+00:00\" \/>\n<meta property=\"article:modified_time\" content=\"2024-10-29T21:02:35+00:00\" \/>\n<meta property=\"og:image\" content=\"https:\/\/elregionalvm.com.ar\/noticias-villa-maria\/wp-content\/uploads\/2024\/10\/AFIP.jpg\" \/>\n\t<meta property=\"og:image:width\" content=\"1366\" \/>\n\t<meta property=\"og:image:height\" content=\"910\" \/>\n\t<meta property=\"og:image:type\" content=\"image\/jpeg\" \/>\n<meta name=\"author\" content=\"Contenidos El Regional\" \/>\n<meta name=\"twitter:card\" content=\"summary_large_image\" \/>\n<meta name=\"twitter:creator\" content=\"@elregionalvm1\" \/>\n<meta name=\"twitter:site\" content=\"@elregionalvm1\" \/>\n<meta name=\"twitter:label1\" content=\"Escrito por\" \/>\n\t<meta name=\"twitter:data1\" content=\"Contenidos El Regional\" \/>\n\t<meta name=\"twitter:label2\" content=\"Tiempo de lectura\" \/>\n\t<meta name=\"twitter:data2\" content=\"5 minutos\" \/>\n<script type=\"application\/ld+json\" class=\"yoast-schema-graph\">{\"@context\":\"https:\/\/schema.org\",\"@graph\":[{\"@type\":\"Article\",\"@id\":\"https:\/\/elregionalvm.com.ar\/noticias-villa-maria\/transformacion-digital-la-afip-asignaba-apenas-2-de-sus-ingresos-a-una-nueva-inversion\/#article\",\"isPartOf\":{\"@id\":\"https:\/\/elregionalvm.com.ar\/noticias-villa-maria\/transformacion-digital-la-afip-asignaba-apenas-2-de-sus-ingresos-a-una-nueva-inversion\/\"},\"author\":{\"name\":\"Contenidos El Regional\",\"@id\":\"http:\/\/elregionalvm.com.ar\/noticias-villa-maria\/#\/schema\/person\/a0fb9c422317faca23d50163151bc354\"},\"headline\":\"[Transformaci\u00f3n digital] La AFIP asignaba apenas 2% de sus ingresos a una nueva inversi\u00f3n\",\"datePublished\":\"2024-10-27T22:46:09+00:00\",\"dateModified\":\"2024-10-29T21:02:35+00:00\",\"mainEntityOfPage\":{\"@id\":\"https:\/\/elregionalvm.com.ar\/noticias-villa-maria\/transformacion-digital-la-afip-asignaba-apenas-2-de-sus-ingresos-a-una-nueva-inversion\/\"},\"wordCount\":784,\"commentCount\":0,\"image\":{\"@id\":\"https:\/\/elregionalvm.com.ar\/noticias-villa-maria\/transformacion-digital-la-afip-asignaba-apenas-2-de-sus-ingresos-a-una-nueva-inversion\/#primaryimage\"},\"thumbnailUrl\":\"https:\/\/i0.wp.com\/elregionalvm.com.ar\/noticias-villa-maria\/wp-content\/uploads\/2024\/10\/AFIP.jpg?fit=1366%2C910&ssl=1\",\"keywords\":[\"Afip\",\"arca\",\"empleados\",\"impuestos\",\"Inversi\u00f3n\",\"Javier Milei\",\"presi\u00f3n impositiva\",\"Provincias\",\"recaudaci\u00f3n\",\"transformaci\u00f3n digital\"],\"articleSection\":[\"Opini\u00f3n\",\"tercera\"],\"inLanguage\":\"es\",\"potentialAction\":[{\"@type\":\"CommentAction\",\"name\":\"Comment\",\"target\":[\"https:\/\/elregionalvm.com.ar\/noticias-villa-maria\/transformacion-digital-la-afip-asignaba-apenas-2-de-sus-ingresos-a-una-nueva-inversion\/#respond\"]}]},{\"@type\":\"WebPage\",\"@id\":\"https:\/\/elregionalvm.com.ar\/noticias-villa-maria\/transformacion-digital-la-afip-asignaba-apenas-2-de-sus-ingresos-a-una-nueva-inversion\/\",\"url\":\"https:\/\/elregionalvm.com.ar\/noticias-villa-maria\/transformacion-digital-la-afip-asignaba-apenas-2-de-sus-ingresos-a-una-nueva-inversion\/\",\"name\":\"[Transformaci\u00f3n digital] La AFIP asignaba apenas 2% de sus ingresos a una nueva inversi\u00f3n - El Regional\",\"isPartOf\":{\"@id\":\"http:\/\/elregionalvm.com.ar\/noticias-villa-maria\/#website\"},\"primaryImageOfPage\":{\"@id\":\"https:\/\/elregionalvm.com.ar\/noticias-villa-maria\/transformacion-digital-la-afip-asignaba-apenas-2-de-sus-ingresos-a-una-nueva-inversion\/#primaryimage\"},\"image\":{\"@id\":\"https:\/\/elregionalvm.com.ar\/noticias-villa-maria\/transformacion-digital-la-afip-asignaba-apenas-2-de-sus-ingresos-a-una-nueva-inversion\/#primaryimage\"},\"thumbnailUrl\":\"https:\/\/i0.wp.com\/elregionalvm.com.ar\/noticias-villa-maria\/wp-content\/uploads\/2024\/10\/AFIP.jpg?fit=1366%2C910&ssl=1\",\"datePublished\":\"2024-10-27T22:46:09+00:00\",\"dateModified\":\"2024-10-29T21:02:35+00:00\",\"author\":{\"@id\":\"http:\/\/elregionalvm.com.ar\/noticias-villa-maria\/#\/schema\/person\/a0fb9c422317faca23d50163151bc354\"},\"breadcrumb\":{\"@id\":\"https:\/\/elregionalvm.com.ar\/noticias-villa-maria\/transformacion-digital-la-afip-asignaba-apenas-2-de-sus-ingresos-a-una-nueva-inversion\/#breadcrumb\"},\"inLanguage\":\"es\",\"potentialAction\":[{\"@type\":\"ReadAction\",\"target\":[\"https:\/\/elregionalvm.com.ar\/noticias-villa-maria\/transformacion-digital-la-afip-asignaba-apenas-2-de-sus-ingresos-a-una-nueva-inversion\/\"]}]},{\"@type\":\"ImageObject\",\"inLanguage\":\"es\",\"@id\":\"https:\/\/elregionalvm.com.ar\/noticias-villa-maria\/transformacion-digital-la-afip-asignaba-apenas-2-de-sus-ingresos-a-una-nueva-inversion\/#primaryimage\",\"url\":\"https:\/\/i0.wp.com\/elregionalvm.com.ar\/noticias-villa-maria\/wp-content\/uploads\/2024\/10\/AFIP.jpg?fit=1366%2C910&ssl=1\",\"contentUrl\":\"https:\/\/i0.wp.com\/elregionalvm.com.ar\/noticias-villa-maria\/wp-content\/uploads\/2024\/10\/AFIP.jpg?fit=1366%2C910&ssl=1\",\"width\":1366,\"height\":910},{\"@type\":\"BreadcrumbList\",\"@id\":\"https:\/\/elregionalvm.com.ar\/noticias-villa-maria\/transformacion-digital-la-afip-asignaba-apenas-2-de-sus-ingresos-a-una-nueva-inversion\/#breadcrumb\",\"itemListElement\":[{\"@type\":\"ListItem\",\"position\":1,\"name\":\"Portada\",\"item\":\"https:\/\/elregionalvm.com.ar\/noticias-villa-maria\/\"},{\"@type\":\"ListItem\",\"position\":2,\"name\":\"[Transformaci\u00f3n digital] La AFIP asignaba apenas 2% de sus ingresos a una nueva inversi\u00f3n\"}]},{\"@type\":\"WebSite\",\"@id\":\"http:\/\/elregionalvm.com.ar\/noticias-villa-maria\/#website\",\"url\":\"http:\/\/elregionalvm.com.ar\/noticias-villa-maria\/\",\"name\":\"El Regional\",\"description\":\"Mucho m\u00e1s que informaci\u00f3n\",\"potentialAction\":[{\"@type\":\"SearchAction\",\"target\":{\"@type\":\"EntryPoint\",\"urlTemplate\":\"http:\/\/elregionalvm.com.ar\/noticias-villa-maria\/?s={search_term_string}\"},\"query-input\":{\"@type\":\"PropertyValueSpecification\",\"valueRequired\":true,\"valueName\":\"search_term_string\"}}],\"inLanguage\":\"es\"},{\"@type\":\"Person\",\"@id\":\"http:\/\/elregionalvm.com.ar\/noticias-villa-maria\/#\/schema\/person\/a0fb9c422317faca23d50163151bc354\",\"name\":\"Contenidos El Regional\",\"image\":{\"@type\":\"ImageObject\",\"inLanguage\":\"es\",\"@id\":\"http:\/\/elregionalvm.com.ar\/noticias-villa-maria\/#\/schema\/person\/image\/\",\"url\":\"https:\/\/secure.gravatar.com\/avatar\/265b27cb2209af7bb3a1318f03305787d7981a5cc6e6cd08fe5a4ecdf99d4b48?s=96&d=mm&r=g\",\"contentUrl\":\"https:\/\/secure.gravatar.com\/avatar\/265b27cb2209af7bb3a1318f03305787d7981a5cc6e6cd08fe5a4ecdf99d4b48?s=96&d=mm&r=g\",\"caption\":\"Contenidos El Regional\"},\"url\":\"https:\/\/elregionalvm.com.ar\/noticias-villa-maria\/author\/contenido\/\"}]}<\/script>\n<!-- \/ Yoast SEO plugin. -->","yoast_head_json":{"title":"[Transformaci\u00f3n digital] La AFIP asignaba apenas 2% de sus ingresos a una nueva inversi\u00f3n - El Regional","robots":{"index":"index","follow":"follow","max-snippet":"max-snippet:-1","max-image-preview":"max-image-preview:large","max-video-preview":"max-video-preview:-1"},"canonical":"https:\/\/elregionalvm.com.ar\/noticias-villa-maria\/transformacion-digital-la-afip-asignaba-apenas-2-de-sus-ingresos-a-una-nueva-inversion\/","og_locale":"es_ES","og_type":"article","og_title":"[Transformaci\u00f3n digital] La AFIP asignaba apenas 2% de sus ingresos a una nueva inversi\u00f3n - El Regional","og_description":"El gobierno dispuso disolver la AFIP y sustituirla por la Agencia de Recaudaci\u00f3n y Control Aduanero (ARCA). M\u00e1s all\u00e1 del cambio de nombre y del anuncio de reducci\u00f3n de gastos, lo m\u00e1s urgente e importante es la transformaci\u00f3n digital de la administraci\u00f3n tributaria junto con la simplificaci\u00f3n de los impuestos. La presi\u00f3n tributaria nacional \u2013hasta [&hellip;]","og_url":"https:\/\/elregionalvm.com.ar\/noticias-villa-maria\/transformacion-digital-la-afip-asignaba-apenas-2-de-sus-ingresos-a-una-nueva-inversion\/","og_site_name":"El Regional","article_publisher":"https:\/\/www.facebook.com\/elregionalvm","article_published_time":"2024-10-27T22:46:09+00:00","article_modified_time":"2024-10-29T21:02:35+00:00","og_image":[{"width":1366,"height":910,"url":"https:\/\/elregionalvm.com.ar\/noticias-villa-maria\/wp-content\/uploads\/2024\/10\/AFIP.jpg","type":"image\/jpeg"}],"author":"Contenidos El Regional","twitter_card":"summary_large_image","twitter_creator":"@elregionalvm1","twitter_site":"@elregionalvm1","twitter_misc":{"Escrito por":"Contenidos El Regional","Tiempo de lectura":"5 minutos"},"schema":{"@context":"https:\/\/schema.org","@graph":[{"@type":"Article","@id":"https:\/\/elregionalvm.com.ar\/noticias-villa-maria\/transformacion-digital-la-afip-asignaba-apenas-2-de-sus-ingresos-a-una-nueva-inversion\/#article","isPartOf":{"@id":"https:\/\/elregionalvm.com.ar\/noticias-villa-maria\/transformacion-digital-la-afip-asignaba-apenas-2-de-sus-ingresos-a-una-nueva-inversion\/"},"author":{"name":"Contenidos El Regional","@id":"http:\/\/elregionalvm.com.ar\/noticias-villa-maria\/#\/schema\/person\/a0fb9c422317faca23d50163151bc354"},"headline":"[Transformaci\u00f3n digital] La AFIP asignaba apenas 2% de sus ingresos a una nueva inversi\u00f3n","datePublished":"2024-10-27T22:46:09+00:00","dateModified":"2024-10-29T21:02:35+00:00","mainEntityOfPage":{"@id":"https:\/\/elregionalvm.com.ar\/noticias-villa-maria\/transformacion-digital-la-afip-asignaba-apenas-2-de-sus-ingresos-a-una-nueva-inversion\/"},"wordCount":784,"commentCount":0,"image":{"@id":"https:\/\/elregionalvm.com.ar\/noticias-villa-maria\/transformacion-digital-la-afip-asignaba-apenas-2-de-sus-ingresos-a-una-nueva-inversion\/#primaryimage"},"thumbnailUrl":"https:\/\/i0.wp.com\/elregionalvm.com.ar\/noticias-villa-maria\/wp-content\/uploads\/2024\/10\/AFIP.jpg?fit=1366%2C910&ssl=1","keywords":["Afip","arca","empleados","impuestos","Inversi\u00f3n","Javier Milei","presi\u00f3n impositiva","Provincias","recaudaci\u00f3n","transformaci\u00f3n digital"],"articleSection":["Opini\u00f3n","tercera"],"inLanguage":"es","potentialAction":[{"@type":"CommentAction","name":"Comment","target":["https:\/\/elregionalvm.com.ar\/noticias-villa-maria\/transformacion-digital-la-afip-asignaba-apenas-2-de-sus-ingresos-a-una-nueva-inversion\/#respond"]}]},{"@type":"WebPage","@id":"https:\/\/elregionalvm.com.ar\/noticias-villa-maria\/transformacion-digital-la-afip-asignaba-apenas-2-de-sus-ingresos-a-una-nueva-inversion\/","url":"https:\/\/elregionalvm.com.ar\/noticias-villa-maria\/transformacion-digital-la-afip-asignaba-apenas-2-de-sus-ingresos-a-una-nueva-inversion\/","name":"[Transformaci\u00f3n digital] La AFIP asignaba apenas 2% de sus ingresos a una nueva inversi\u00f3n - El Regional","isPartOf":{"@id":"http:\/\/elregionalvm.com.ar\/noticias-villa-maria\/#website"},"primaryImageOfPage":{"@id":"https:\/\/elregionalvm.com.ar\/noticias-villa-maria\/transformacion-digital-la-afip-asignaba-apenas-2-de-sus-ingresos-a-una-nueva-inversion\/#primaryimage"},"image":{"@id":"https:\/\/elregionalvm.com.ar\/noticias-villa-maria\/transformacion-digital-la-afip-asignaba-apenas-2-de-sus-ingresos-a-una-nueva-inversion\/#primaryimage"},"thumbnailUrl":"https:\/\/i0.wp.com\/elregionalvm.com.ar\/noticias-villa-maria\/wp-content\/uploads\/2024\/10\/AFIP.jpg?fit=1366%2C910&ssl=1","datePublished":"2024-10-27T22:46:09+00:00","dateModified":"2024-10-29T21:02:35+00:00","author":{"@id":"http:\/\/elregionalvm.com.ar\/noticias-villa-maria\/#\/schema\/person\/a0fb9c422317faca23d50163151bc354"},"breadcrumb":{"@id":"https:\/\/elregionalvm.com.ar\/noticias-villa-maria\/transformacion-digital-la-afip-asignaba-apenas-2-de-sus-ingresos-a-una-nueva-inversion\/#breadcrumb"},"inLanguage":"es","potentialAction":[{"@type":"ReadAction","target":["https:\/\/elregionalvm.com.ar\/noticias-villa-maria\/transformacion-digital-la-afip-asignaba-apenas-2-de-sus-ingresos-a-una-nueva-inversion\/"]}]},{"@type":"ImageObject","inLanguage":"es","@id":"https:\/\/elregionalvm.com.ar\/noticias-villa-maria\/transformacion-digital-la-afip-asignaba-apenas-2-de-sus-ingresos-a-una-nueva-inversion\/#primaryimage","url":"https:\/\/i0.wp.com\/elregionalvm.com.ar\/noticias-villa-maria\/wp-content\/uploads\/2024\/10\/AFIP.jpg?fit=1366%2C910&ssl=1","contentUrl":"https:\/\/i0.wp.com\/elregionalvm.com.ar\/noticias-villa-maria\/wp-content\/uploads\/2024\/10\/AFIP.jpg?fit=1366%2C910&ssl=1","width":1366,"height":910},{"@type":"BreadcrumbList","@id":"https:\/\/elregionalvm.com.ar\/noticias-villa-maria\/transformacion-digital-la-afip-asignaba-apenas-2-de-sus-ingresos-a-una-nueva-inversion\/#breadcrumb","itemListElement":[{"@type":"ListItem","position":1,"name":"Portada","item":"https:\/\/elregionalvm.com.ar\/noticias-villa-maria\/"},{"@type":"ListItem","position":2,"name":"[Transformaci\u00f3n digital] La AFIP asignaba apenas 2% de sus ingresos a una nueva inversi\u00f3n"}]},{"@type":"WebSite","@id":"http:\/\/elregionalvm.com.ar\/noticias-villa-maria\/#website","url":"http:\/\/elregionalvm.com.ar\/noticias-villa-maria\/","name":"El Regional","description":"Mucho m\u00e1s que informaci\u00f3n","potentialAction":[{"@type":"SearchAction","target":{"@type":"EntryPoint","urlTemplate":"http:\/\/elregionalvm.com.ar\/noticias-villa-maria\/?s={search_term_string}"},"query-input":{"@type":"PropertyValueSpecification","valueRequired":true,"valueName":"search_term_string"}}],"inLanguage":"es"},{"@type":"Person","@id":"http:\/\/elregionalvm.com.ar\/noticias-villa-maria\/#\/schema\/person\/a0fb9c422317faca23d50163151bc354","name":"Contenidos El Regional","image":{"@type":"ImageObject","inLanguage":"es","@id":"http:\/\/elregionalvm.com.ar\/noticias-villa-maria\/#\/schema\/person\/image\/","url":"https:\/\/secure.gravatar.com\/avatar\/265b27cb2209af7bb3a1318f03305787d7981a5cc6e6cd08fe5a4ecdf99d4b48?s=96&d=mm&r=g","contentUrl":"https:\/\/secure.gravatar.com\/avatar\/265b27cb2209af7bb3a1318f03305787d7981a5cc6e6cd08fe5a4ecdf99d4b48?s=96&d=mm&r=g","caption":"Contenidos El Regional"},"url":"https:\/\/elregionalvm.com.ar\/noticias-villa-maria\/author\/contenido\/"}]}},"jetpack_featured_media_url":"https:\/\/i0.wp.com\/elregionalvm.com.ar\/noticias-villa-maria\/wp-content\/uploads\/2024\/10\/AFIP.jpg?fit=1366%2C910&ssl=1","jetpack_sharing_enabled":true,"_links":{"self":[{"href":"https:\/\/elregionalvm.com.ar\/noticias-villa-maria\/wp-json\/wp\/v2\/posts\/100090","targetHints":{"allow":["GET"]}}],"collection":[{"href":"https:\/\/elregionalvm.com.ar\/noticias-villa-maria\/wp-json\/wp\/v2\/posts"}],"about":[{"href":"https:\/\/elregionalvm.com.ar\/noticias-villa-maria\/wp-json\/wp\/v2\/types\/post"}],"author":[{"embeddable":true,"href":"https:\/\/elregionalvm.com.ar\/noticias-villa-maria\/wp-json\/wp\/v2\/users\/4"}],"replies":[{"embeddable":true,"href":"https:\/\/elregionalvm.com.ar\/noticias-villa-maria\/wp-json\/wp\/v2\/comments?post=100090"}],"version-history":[{"count":2,"href":"https:\/\/elregionalvm.com.ar\/noticias-villa-maria\/wp-json\/wp\/v2\/posts\/100090\/revisions"}],"predecessor-version":[{"id":100092,"href":"https:\/\/elregionalvm.com.ar\/noticias-villa-maria\/wp-json\/wp\/v2\/posts\/100090\/revisions\/100092"}],"wp:featuredmedia":[{"embeddable":true,"href":"https:\/\/elregionalvm.com.ar\/noticias-villa-maria\/wp-json\/wp\/v2\/media\/99902"}],"wp:attachment":[{"href":"https:\/\/elregionalvm.com.ar\/noticias-villa-maria\/wp-json\/wp\/v2\/media?parent=100090"}],"wp:term":[{"taxonomy":"category","embeddable":true,"href":"https:\/\/elregionalvm.com.ar\/noticias-villa-maria\/wp-json\/wp\/v2\/categories?post=100090"},{"taxonomy":"post_tag","embeddable":true,"href":"https:\/\/elregionalvm.com.ar\/noticias-villa-maria\/wp-json\/wp\/v2\/tags?post=100090"}],"curies":[{"name":"wp","href":"https:\/\/api.w.org\/{rel}","templated":true}]}}