{"id":100100,"date":"2024-10-27T23:28:52","date_gmt":"2024-10-27T23:28:52","guid":{"rendered":"https:\/\/elregionalvm.com.ar\/noticias-villa-maria\/?p=100100"},"modified":"2024-10-31T03:16:12","modified_gmt":"2024-10-31T03:16:12","slug":"historias-cronica-de-un-nino-en-busca-de-sueno-llegar-a-jugar-al-futbol-en-primera","status":"publish","type":"post","link":"https:\/\/elregionalvm.com.ar\/noticias-villa-maria\/historias-cronica-de-un-nino-en-busca-de-sueno-llegar-a-jugar-al-futbol-en-primera\/","title":{"rendered":"[Historias] Cr\u00f3nica de un ni\u00f1o en busca de sue\u00f1o (llegar a jugar al f\u00fatbol en primera)"},"content":{"rendered":"\n<p><strong>Escribe: Dr. Manuel Garma<\/strong><\/p>\n\n\n\n<p><\/p>\n\n\n\n<p>Un ni\u00f1o le pregunta a su entrenador:<\/p>\n\n\n\n<p>&#8211; \u00bfY si no llego a lograr mi sue\u00f1o, qu\u00e9 pasa?<\/p>\n\n\n\n<p>&#8211; No pasa nada hijo\u2026 Lo que va a pasar es que gracias al f\u00fatbol\u2026<\/p>\n\n\n\n<p>a la exigencia\u2026<\/p>\n\n\n\n<p>a los retos\u2026<\/p>\n\n\n\n<p>frustraciones\u2026<\/p>\n\n\n\n<p>derrotas\u2026<\/p>\n\n\n\n<p>triunfos&#8230;<\/p>\n\n\n\n<p>Te preparar\u00e1n para ser un mejor ser humano\u2026<\/p>\n\n\n\n<p>Una persona capaz de encarar los obst\u00e1culos de la vida\u2026<\/p>\n\n\n\n<p>Una persona que no se va dar por vencido tan f\u00e1cil\u2026<\/p>\n\n\n\n<p>en la escuela\u2026<\/p>\n\n\n\n<p>trabajo\u2026<\/p>\n\n\n\n<p>en el estudio\u2026<\/p>\n\n\n\n<p>Ya seas ingeniero, doctor, maestro, empresario, polic\u00eda, bombero etc&#8230;<\/p>\n\n\n\n<p><\/p>\n\n\n\n<figure class=\"wp-block-image size-full is-resized\"><img data-recalc-dims=\"1\" fetchpriority=\"high\" decoding=\"async\" width=\"700\" height=\"465\" src=\"https:\/\/i0.wp.com\/elregionalvm.com.ar\/noticias-villa-maria\/wp-content\/uploads\/2020\/12\/Pelota.jpg?resize=700%2C465&#038;ssl=1\" alt=\"\" class=\"wp-image-29825\" style=\"width:910px;height:auto\" srcset=\"https:\/\/i0.wp.com\/elregionalvm.com.ar\/noticias-villa-maria\/wp-content\/uploads\/2020\/12\/Pelota.jpg?w=700&amp;ssl=1 700w, https:\/\/i0.wp.com\/elregionalvm.com.ar\/noticias-villa-maria\/wp-content\/uploads\/2020\/12\/Pelota.jpg?resize=300%2C199&amp;ssl=1 300w\" sizes=\"(max-width: 700px) 100vw, 700px\" \/><\/figure>\n\n\n\n<p><\/p>\n\n\n\n<p>La exigencia que demanda el f\u00fatbol, la exigencia que el entrenador inculca, no solo es para el futbol, sino para la vida\u2026<\/p>\n\n\n\n<p>Ustedes ser\u00e1n buenos seres humanos\u2026<\/p>\n\n\n\n<p>Acompa\u00f1ados de lealtad, honestidad y honradez\u2026<\/p>\n\n\n\n<p>Que es lo que un entrenador en formaci\u00f3n les tiene que inculcar\u2026<\/p>\n\n\n\n<p>Mucho depende de tu formador\u2026 que tan buenas bases te inculque\u2026 dicen que los ni\u00f1os son el reflejo de su entrenador\u2026<\/p>\n\n\n\n<p>Trampas no se pueden inculcar\u2026 groser\u00edas no se pueden transmitir\u2026<\/p>\n\n\n\n<p>violencia no se puede tolerar\u2026<\/p>\n\n\n\n<p>La exigencia y la disciplina es algo que no todos est\u00e1n dispuestos a soportar\u2026<\/p>\n\n\n\n<p>Y por eso muchos abandonan el lugar donde se les exige, y lo cambian por un lugar m\u00e1s c\u00f3modo\u2026<\/p>\n\n\n\n<p>Ah\u00ed es donde el joven con talento se empieza a perder\u2026 por caer en zona de confort y no exigirse m\u00e1s\u2026<\/p>\n\n\n\n<p>Hoy en d\u00eda, si la disciplina no acompa\u00f1a al talento es imposible buscar trascender en este hermoso deporte\u2026<\/p>\n\n\n\n<p>Si entren\u00e1s mal\u2026<\/p>\n\n\n\n<p>si no te aliment\u00e1s bien\u2026<\/p>\n\n\n\n<p>entren\u00e1s un d\u00eda, pero tres no\u2026<\/p>\n\n\n\n<p>eres indisciplinado\u2026<\/p>\n\n\n\n<p>no respet\u00e1s \u00f3rdenes\u2026<\/p>\n\n\n\n<p>Por m\u00e1s talento que tengas, tus cimientos no estar\u00e1n s\u00f3lidos cuando quieras buscar formar parte de alg\u00fan club con m\u00e1s exigencia\u2026<\/p>\n\n\n\n<p>\u00a1\u00c9xitos Ni\u00f1os!<\/p>\n\n\n\n<p>No dejen nunca de so\u00f1ar\u2026<\/p>\n\n\n\n<p><\/p>\n\n\n\n<p><strong>Consejo: Siempre tener coherencia con lo que digo y lo que hago\u2026<\/strong><\/p>\n","protected":false},"excerpt":{"rendered":"<p>Escribe: Dr. Manuel Garma Un ni\u00f1o le pregunta a su entrenador: &#8211; \u00bfY si no llego a lograr mi sue\u00f1o, qu\u00e9 pasa? &#8211; No pasa nada hijo\u2026 Lo que va a pasar es que gracias al f\u00fatbol\u2026 a la exigencia\u2026 a los retos\u2026 frustraciones\u2026 derrotas\u2026 triunfos&#8230; Te preparar\u00e1n para ser un mejor ser humano\u2026 Una [&hellip;]<\/p>\n","protected":false},"author":4,"featured_media":80420,"comment_status":"open","ping_status":"open","sticky":false,"template":"","format":"standard","meta":{"site-sidebar-layout":"default","site-content-layout":"","ast-site-content-layout":"default","site-content-style":"default","site-sidebar-style":"default","ast-global-header-display":"","ast-banner-title-visibility":"","ast-main-header-display":"","ast-hfb-above-header-display":"","ast-hfb-below-header-display":"","ast-hfb-mobile-header-display":"","site-post-title":"","ast-breadcrumbs-content":"","ast-featured-img":"","footer-sml-layout":"","ast-disable-related-posts":"","theme-transparent-header-meta":"","adv-header-id-meta":"","stick-header-meta":"","header-above-stick-meta":"","header-main-stick-meta":"","header-below-stick-meta":"","astra-migrate-meta-layouts":"set","ast-page-background-enabled":"default","ast-page-background-meta":{"desktop":{"background-color":"","background-image":"","background-repeat":"repeat","background-position":"center center","background-size":"auto","background-attachment":"scroll","background-type":"","background-media":"","overlay-type":"","overlay-color":"","overlay-opacity":"","overlay-gradient":""},"tablet":{"background-color":"","background-image":"","background-repeat":"repeat","background-position":"center center","background-size":"auto","background-attachment":"scroll","background-type":"","background-media":"","overlay-type":"","overlay-color":"","overlay-opacity":"","overlay-gradient":""},"mobile":{"background-color":"","background-image":"","background-repeat":"repeat","background-position":"center center","background-size":"auto","background-attachment":"scroll","background-type":"","background-media":"","overlay-type":"","overlay-color":"","overlay-opacity":"","overlay-gradient":""}},"ast-content-background-meta":{"desktop":{"background-color":"var(--ast-global-color-5)","background-image":"","background-repeat":"repeat","background-position":"center center","background-size":"auto","background-attachment":"scroll","background-type":"","background-media":"","overlay-type":"","overlay-color":"","overlay-opacity":"","overlay-gradient":""},"tablet":{"background-color":"var(--ast-global-color-5)","background-image":"","background-repeat":"repeat","background-position":"center center","background-size":"auto","background-attachment":"scroll","background-type":"","background-media":"","overlay-type":"","overlay-color":"","overlay-opacity":"","overlay-gradient":""},"mobile":{"background-color":"var(--ast-global-color-5)","background-image":"","background-repeat":"repeat","background-position":"center center","background-size":"auto","background-attachment":"scroll","background-type":"","background-media":"","overlay-type":"","overlay-color":"","overlay-opacity":"","overlay-gradient":""}},"_jetpack_memberships_contains_paid_content":false,"_joinchat":[],"footnotes":""},"categories":[2098,9200,3557],"tags":[7845,24468,8484,340,1509,15968,23473,16300],"class_list":["post-100100","post","type-post","status-publish","format-standard","has-post-thumbnail","hentry","category-historias","category-puro-cuento","category-tercera","tag-aprendizaje","tag-constancia","tag-entrenamiento","tag-futbol","tag-nino","tag-primera-division","tag-sabiduria","tag-sueno"],"yoast_head":"<!-- This site is optimized with the Yoast SEO plugin v26.8 - https:\/\/yoast.com\/product\/yoast-seo-wordpress\/ -->\n<title>[Historias] Cr\u00f3nica de un ni\u00f1o en busca de sue\u00f1o (llegar a jugar al f\u00fatbol en primera) - El Regional<\/title>\n<meta name=\"robots\" content=\"index, follow, max-snippet:-1, max-image-preview:large, max-video-preview:-1\" \/>\n<link rel=\"canonical\" href=\"https:\/\/elregionalvm.com.ar\/noticias-villa-maria\/historias-cronica-de-un-nino-en-busca-de-sueno-llegar-a-jugar-al-futbol-en-primera\/\" \/>\n<meta property=\"og:locale\" content=\"es_ES\" \/>\n<meta property=\"og:type\" content=\"article\" \/>\n<meta property=\"og:title\" content=\"[Historias] Cr\u00f3nica de un ni\u00f1o en busca de sue\u00f1o (llegar a jugar al f\u00fatbol en primera) - El Regional\" \/>\n<meta property=\"og:description\" content=\"Escribe: Dr. Manuel Garma Un ni\u00f1o le pregunta a su entrenador: &#8211; \u00bfY si no llego a lograr mi sue\u00f1o, qu\u00e9 pasa? &#8211; No pasa nada hijo\u2026 Lo que va a pasar es que gracias al f\u00fatbol\u2026 a la exigencia\u2026 a los retos\u2026 frustraciones\u2026 derrotas\u2026 triunfos&#8230; Te preparar\u00e1n para ser un mejor ser humano\u2026 Una [&hellip;]\" \/>\n<meta property=\"og:url\" content=\"https:\/\/elregionalvm.com.ar\/noticias-villa-maria\/historias-cronica-de-un-nino-en-busca-de-sueno-llegar-a-jugar-al-futbol-en-primera\/\" \/>\n<meta property=\"og:site_name\" content=\"El Regional\" \/>\n<meta property=\"article:publisher\" content=\"https:\/\/www.facebook.com\/elregionalvm\" \/>\n<meta property=\"article:published_time\" content=\"2024-10-27T23:28:52+00:00\" \/>\n<meta property=\"article:modified_time\" content=\"2024-10-31T03:16:12+00:00\" \/>\n<meta property=\"og:image\" content=\"https:\/\/elregionalvm.com.ar\/noticias-villa-maria\/wp-content\/uploads\/2023\/08\/nino-pelota-potrero-futbol.jpg\" \/>\n\t<meta property=\"og:image:width\" content=\"1000\" \/>\n\t<meta property=\"og:image:height\" content=\"667\" \/>\n\t<meta property=\"og:image:type\" content=\"image\/jpeg\" \/>\n<meta name=\"author\" content=\"Contenidos El Regional\" \/>\n<meta name=\"twitter:card\" content=\"summary_large_image\" \/>\n<meta name=\"twitter:creator\" content=\"@elregionalvm1\" \/>\n<meta name=\"twitter:site\" content=\"@elregionalvm1\" \/>\n<meta name=\"twitter:label1\" content=\"Escrito por\" \/>\n\t<meta name=\"twitter:data1\" content=\"Contenidos El Regional\" \/>\n\t<meta name=\"twitter:label2\" content=\"Tiempo de lectura\" \/>\n\t<meta name=\"twitter:data2\" content=\"2 minutos\" \/>\n<script type=\"application\/ld+json\" class=\"yoast-schema-graph\">{\"@context\":\"https:\/\/schema.org\",\"@graph\":[{\"@type\":\"Article\",\"@id\":\"https:\/\/elregionalvm.com.ar\/noticias-villa-maria\/historias-cronica-de-un-nino-en-busca-de-sueno-llegar-a-jugar-al-futbol-en-primera\/#article\",\"isPartOf\":{\"@id\":\"https:\/\/elregionalvm.com.ar\/noticias-villa-maria\/historias-cronica-de-un-nino-en-busca-de-sueno-llegar-a-jugar-al-futbol-en-primera\/\"},\"author\":{\"name\":\"Contenidos El Regional\",\"@id\":\"http:\/\/elregionalvm.com.ar\/noticias-villa-maria\/#\/schema\/person\/a0fb9c422317faca23d50163151bc354\"},\"headline\":\"[Historias] Cr\u00f3nica de un ni\u00f1o en busca de sue\u00f1o (llegar a jugar al f\u00fatbol en primera)\",\"datePublished\":\"2024-10-27T23:28:52+00:00\",\"dateModified\":\"2024-10-31T03:16:12+00:00\",\"mainEntityOfPage\":{\"@id\":\"https:\/\/elregionalvm.com.ar\/noticias-villa-maria\/historias-cronica-de-un-nino-en-busca-de-sueno-llegar-a-jugar-al-futbol-en-primera\/\"},\"wordCount\":354,\"commentCount\":0,\"image\":{\"@id\":\"https:\/\/elregionalvm.com.ar\/noticias-villa-maria\/historias-cronica-de-un-nino-en-busca-de-sueno-llegar-a-jugar-al-futbol-en-primera\/#primaryimage\"},\"thumbnailUrl\":\"https:\/\/i0.wp.com\/elregionalvm.com.ar\/noticias-villa-maria\/wp-content\/uploads\/2023\/08\/nino-pelota-potrero-futbol.jpg?fit=1000%2C667&ssl=1\",\"keywords\":[\"Aprendizaje\",\"constancia\",\"entrenamiento\",\"f\u00fatbol\",\"Ni\u00f1o\",\"Primera Divisi\u00f3n\",\"sabidur\u00eda\",\"sue\u00f1o\"],\"articleSection\":[\"Historias\",\"Puro Cuento\",\"tercera\"],\"inLanguage\":\"es\",\"potentialAction\":[{\"@type\":\"CommentAction\",\"name\":\"Comment\",\"target\":[\"https:\/\/elregionalvm.com.ar\/noticias-villa-maria\/historias-cronica-de-un-nino-en-busca-de-sueno-llegar-a-jugar-al-futbol-en-primera\/#respond\"]}]},{\"@type\":\"WebPage\",\"@id\":\"https:\/\/elregionalvm.com.ar\/noticias-villa-maria\/historias-cronica-de-un-nino-en-busca-de-sueno-llegar-a-jugar-al-futbol-en-primera\/\",\"url\":\"https:\/\/elregionalvm.com.ar\/noticias-villa-maria\/historias-cronica-de-un-nino-en-busca-de-sueno-llegar-a-jugar-al-futbol-en-primera\/\",\"name\":\"[Historias] Cr\u00f3nica de un ni\u00f1o en busca de sue\u00f1o (llegar a jugar al f\u00fatbol en primera) - El Regional\",\"isPartOf\":{\"@id\":\"http:\/\/elregionalvm.com.ar\/noticias-villa-maria\/#website\"},\"primaryImageOfPage\":{\"@id\":\"https:\/\/elregionalvm.com.ar\/noticias-villa-maria\/historias-cronica-de-un-nino-en-busca-de-sueno-llegar-a-jugar-al-futbol-en-primera\/#primaryimage\"},\"image\":{\"@id\":\"https:\/\/elregionalvm.com.ar\/noticias-villa-maria\/historias-cronica-de-un-nino-en-busca-de-sueno-llegar-a-jugar-al-futbol-en-primera\/#primaryimage\"},\"thumbnailUrl\":\"https:\/\/i0.wp.com\/elregionalvm.com.ar\/noticias-villa-maria\/wp-content\/uploads\/2023\/08\/nino-pelota-potrero-futbol.jpg?fit=1000%2C667&ssl=1\",\"datePublished\":\"2024-10-27T23:28:52+00:00\",\"dateModified\":\"2024-10-31T03:16:12+00:00\",\"author\":{\"@id\":\"http:\/\/elregionalvm.com.ar\/noticias-villa-maria\/#\/schema\/person\/a0fb9c422317faca23d50163151bc354\"},\"breadcrumb\":{\"@id\":\"https:\/\/elregionalvm.com.ar\/noticias-villa-maria\/historias-cronica-de-un-nino-en-busca-de-sueno-llegar-a-jugar-al-futbol-en-primera\/#breadcrumb\"},\"inLanguage\":\"es\",\"potentialAction\":[{\"@type\":\"ReadAction\",\"target\":[\"https:\/\/elregionalvm.com.ar\/noticias-villa-maria\/historias-cronica-de-un-nino-en-busca-de-sueno-llegar-a-jugar-al-futbol-en-primera\/\"]}]},{\"@type\":\"ImageObject\",\"inLanguage\":\"es\",\"@id\":\"https:\/\/elregionalvm.com.ar\/noticias-villa-maria\/historias-cronica-de-un-nino-en-busca-de-sueno-llegar-a-jugar-al-futbol-en-primera\/#primaryimage\",\"url\":\"https:\/\/i0.wp.com\/elregionalvm.com.ar\/noticias-villa-maria\/wp-content\/uploads\/2023\/08\/nino-pelota-potrero-futbol.jpg?fit=1000%2C667&ssl=1\",\"contentUrl\":\"https:\/\/i0.wp.com\/elregionalvm.com.ar\/noticias-villa-maria\/wp-content\/uploads\/2023\/08\/nino-pelota-potrero-futbol.jpg?fit=1000%2C667&ssl=1\",\"width\":1000,\"height\":667},{\"@type\":\"BreadcrumbList\",\"@id\":\"https:\/\/elregionalvm.com.ar\/noticias-villa-maria\/historias-cronica-de-un-nino-en-busca-de-sueno-llegar-a-jugar-al-futbol-en-primera\/#breadcrumb\",\"itemListElement\":[{\"@type\":\"ListItem\",\"position\":1,\"name\":\"Portada\",\"item\":\"https:\/\/elregionalvm.com.ar\/noticias-villa-maria\/\"},{\"@type\":\"ListItem\",\"position\":2,\"name\":\"[Historias] Cr\u00f3nica de un ni\u00f1o en busca de sue\u00f1o (llegar a jugar al f\u00fatbol en primera)\"}]},{\"@type\":\"WebSite\",\"@id\":\"http:\/\/elregionalvm.com.ar\/noticias-villa-maria\/#website\",\"url\":\"http:\/\/elregionalvm.com.ar\/noticias-villa-maria\/\",\"name\":\"El Regional\",\"description\":\"Mucho m\u00e1s que informaci\u00f3n\",\"potentialAction\":[{\"@type\":\"SearchAction\",\"target\":{\"@type\":\"EntryPoint\",\"urlTemplate\":\"http:\/\/elregionalvm.com.ar\/noticias-villa-maria\/?s={search_term_string}\"},\"query-input\":{\"@type\":\"PropertyValueSpecification\",\"valueRequired\":true,\"valueName\":\"search_term_string\"}}],\"inLanguage\":\"es\"},{\"@type\":\"Person\",\"@id\":\"http:\/\/elregionalvm.com.ar\/noticias-villa-maria\/#\/schema\/person\/a0fb9c422317faca23d50163151bc354\",\"name\":\"Contenidos El Regional\",\"image\":{\"@type\":\"ImageObject\",\"inLanguage\":\"es\",\"@id\":\"http:\/\/elregionalvm.com.ar\/noticias-villa-maria\/#\/schema\/person\/image\/\",\"url\":\"https:\/\/secure.gravatar.com\/avatar\/265b27cb2209af7bb3a1318f03305787d7981a5cc6e6cd08fe5a4ecdf99d4b48?s=96&d=mm&r=g\",\"contentUrl\":\"https:\/\/secure.gravatar.com\/avatar\/265b27cb2209af7bb3a1318f03305787d7981a5cc6e6cd08fe5a4ecdf99d4b48?s=96&d=mm&r=g\",\"caption\":\"Contenidos El Regional\"},\"url\":\"https:\/\/elregionalvm.com.ar\/noticias-villa-maria\/author\/contenido\/\"}]}<\/script>\n<!-- \/ Yoast SEO plugin. -->","yoast_head_json":{"title":"[Historias] Cr\u00f3nica de un ni\u00f1o en busca de sue\u00f1o (llegar a jugar al f\u00fatbol en primera) - El Regional","robots":{"index":"index","follow":"follow","max-snippet":"max-snippet:-1","max-image-preview":"max-image-preview:large","max-video-preview":"max-video-preview:-1"},"canonical":"https:\/\/elregionalvm.com.ar\/noticias-villa-maria\/historias-cronica-de-un-nino-en-busca-de-sueno-llegar-a-jugar-al-futbol-en-primera\/","og_locale":"es_ES","og_type":"article","og_title":"[Historias] Cr\u00f3nica de un ni\u00f1o en busca de sue\u00f1o (llegar a jugar al f\u00fatbol en primera) - El Regional","og_description":"Escribe: Dr. Manuel Garma Un ni\u00f1o le pregunta a su entrenador: &#8211; \u00bfY si no llego a lograr mi sue\u00f1o, qu\u00e9 pasa? &#8211; No pasa nada hijo\u2026 Lo que va a pasar es que gracias al f\u00fatbol\u2026 a la exigencia\u2026 a los retos\u2026 frustraciones\u2026 derrotas\u2026 triunfos&#8230; Te preparar\u00e1n para ser un mejor ser humano\u2026 Una [&hellip;]","og_url":"https:\/\/elregionalvm.com.ar\/noticias-villa-maria\/historias-cronica-de-un-nino-en-busca-de-sueno-llegar-a-jugar-al-futbol-en-primera\/","og_site_name":"El Regional","article_publisher":"https:\/\/www.facebook.com\/elregionalvm","article_published_time":"2024-10-27T23:28:52+00:00","article_modified_time":"2024-10-31T03:16:12+00:00","og_image":[{"width":1000,"height":667,"url":"https:\/\/elregionalvm.com.ar\/noticias-villa-maria\/wp-content\/uploads\/2023\/08\/nino-pelota-potrero-futbol.jpg","type":"image\/jpeg"}],"author":"Contenidos El Regional","twitter_card":"summary_large_image","twitter_creator":"@elregionalvm1","twitter_site":"@elregionalvm1","twitter_misc":{"Escrito por":"Contenidos El Regional","Tiempo de lectura":"2 minutos"},"schema":{"@context":"https:\/\/schema.org","@graph":[{"@type":"Article","@id":"https:\/\/elregionalvm.com.ar\/noticias-villa-maria\/historias-cronica-de-un-nino-en-busca-de-sueno-llegar-a-jugar-al-futbol-en-primera\/#article","isPartOf":{"@id":"https:\/\/elregionalvm.com.ar\/noticias-villa-maria\/historias-cronica-de-un-nino-en-busca-de-sueno-llegar-a-jugar-al-futbol-en-primera\/"},"author":{"name":"Contenidos El Regional","@id":"http:\/\/elregionalvm.com.ar\/noticias-villa-maria\/#\/schema\/person\/a0fb9c422317faca23d50163151bc354"},"headline":"[Historias] Cr\u00f3nica de un ni\u00f1o en busca de sue\u00f1o (llegar a jugar al f\u00fatbol en primera)","datePublished":"2024-10-27T23:28:52+00:00","dateModified":"2024-10-31T03:16:12+00:00","mainEntityOfPage":{"@id":"https:\/\/elregionalvm.com.ar\/noticias-villa-maria\/historias-cronica-de-un-nino-en-busca-de-sueno-llegar-a-jugar-al-futbol-en-primera\/"},"wordCount":354,"commentCount":0,"image":{"@id":"https:\/\/elregionalvm.com.ar\/noticias-villa-maria\/historias-cronica-de-un-nino-en-busca-de-sueno-llegar-a-jugar-al-futbol-en-primera\/#primaryimage"},"thumbnailUrl":"https:\/\/i0.wp.com\/elregionalvm.com.ar\/noticias-villa-maria\/wp-content\/uploads\/2023\/08\/nino-pelota-potrero-futbol.jpg?fit=1000%2C667&ssl=1","keywords":["Aprendizaje","constancia","entrenamiento","f\u00fatbol","Ni\u00f1o","Primera Divisi\u00f3n","sabidur\u00eda","sue\u00f1o"],"articleSection":["Historias","Puro Cuento","tercera"],"inLanguage":"es","potentialAction":[{"@type":"CommentAction","name":"Comment","target":["https:\/\/elregionalvm.com.ar\/noticias-villa-maria\/historias-cronica-de-un-nino-en-busca-de-sueno-llegar-a-jugar-al-futbol-en-primera\/#respond"]}]},{"@type":"WebPage","@id":"https:\/\/elregionalvm.com.ar\/noticias-villa-maria\/historias-cronica-de-un-nino-en-busca-de-sueno-llegar-a-jugar-al-futbol-en-primera\/","url":"https:\/\/elregionalvm.com.ar\/noticias-villa-maria\/historias-cronica-de-un-nino-en-busca-de-sueno-llegar-a-jugar-al-futbol-en-primera\/","name":"[Historias] Cr\u00f3nica de un ni\u00f1o en busca de sue\u00f1o (llegar a jugar al f\u00fatbol en primera) - El Regional","isPartOf":{"@id":"http:\/\/elregionalvm.com.ar\/noticias-villa-maria\/#website"},"primaryImageOfPage":{"@id":"https:\/\/elregionalvm.com.ar\/noticias-villa-maria\/historias-cronica-de-un-nino-en-busca-de-sueno-llegar-a-jugar-al-futbol-en-primera\/#primaryimage"},"image":{"@id":"https:\/\/elregionalvm.com.ar\/noticias-villa-maria\/historias-cronica-de-un-nino-en-busca-de-sueno-llegar-a-jugar-al-futbol-en-primera\/#primaryimage"},"thumbnailUrl":"https:\/\/i0.wp.com\/elregionalvm.com.ar\/noticias-villa-maria\/wp-content\/uploads\/2023\/08\/nino-pelota-potrero-futbol.jpg?fit=1000%2C667&ssl=1","datePublished":"2024-10-27T23:28:52+00:00","dateModified":"2024-10-31T03:16:12+00:00","author":{"@id":"http:\/\/elregionalvm.com.ar\/noticias-villa-maria\/#\/schema\/person\/a0fb9c422317faca23d50163151bc354"},"breadcrumb":{"@id":"https:\/\/elregionalvm.com.ar\/noticias-villa-maria\/historias-cronica-de-un-nino-en-busca-de-sueno-llegar-a-jugar-al-futbol-en-primera\/#breadcrumb"},"inLanguage":"es","potentialAction":[{"@type":"ReadAction","target":["https:\/\/elregionalvm.com.ar\/noticias-villa-maria\/historias-cronica-de-un-nino-en-busca-de-sueno-llegar-a-jugar-al-futbol-en-primera\/"]}]},{"@type":"ImageObject","inLanguage":"es","@id":"https:\/\/elregionalvm.com.ar\/noticias-villa-maria\/historias-cronica-de-un-nino-en-busca-de-sueno-llegar-a-jugar-al-futbol-en-primera\/#primaryimage","url":"https:\/\/i0.wp.com\/elregionalvm.com.ar\/noticias-villa-maria\/wp-content\/uploads\/2023\/08\/nino-pelota-potrero-futbol.jpg?fit=1000%2C667&ssl=1","contentUrl":"https:\/\/i0.wp.com\/elregionalvm.com.ar\/noticias-villa-maria\/wp-content\/uploads\/2023\/08\/nino-pelota-potrero-futbol.jpg?fit=1000%2C667&ssl=1","width":1000,"height":667},{"@type":"BreadcrumbList","@id":"https:\/\/elregionalvm.com.ar\/noticias-villa-maria\/historias-cronica-de-un-nino-en-busca-de-sueno-llegar-a-jugar-al-futbol-en-primera\/#breadcrumb","itemListElement":[{"@type":"ListItem","position":1,"name":"Portada","item":"https:\/\/elregionalvm.com.ar\/noticias-villa-maria\/"},{"@type":"ListItem","position":2,"name":"[Historias] Cr\u00f3nica de un ni\u00f1o en busca de sue\u00f1o (llegar a jugar al f\u00fatbol en primera)"}]},{"@type":"WebSite","@id":"http:\/\/elregionalvm.com.ar\/noticias-villa-maria\/#website","url":"http:\/\/elregionalvm.com.ar\/noticias-villa-maria\/","name":"El Regional","description":"Mucho m\u00e1s que informaci\u00f3n","potentialAction":[{"@type":"SearchAction","target":{"@type":"EntryPoint","urlTemplate":"http:\/\/elregionalvm.com.ar\/noticias-villa-maria\/?s={search_term_string}"},"query-input":{"@type":"PropertyValueSpecification","valueRequired":true,"valueName":"search_term_string"}}],"inLanguage":"es"},{"@type":"Person","@id":"http:\/\/elregionalvm.com.ar\/noticias-villa-maria\/#\/schema\/person\/a0fb9c422317faca23d50163151bc354","name":"Contenidos El Regional","image":{"@type":"ImageObject","inLanguage":"es","@id":"http:\/\/elregionalvm.com.ar\/noticias-villa-maria\/#\/schema\/person\/image\/","url":"https:\/\/secure.gravatar.com\/avatar\/265b27cb2209af7bb3a1318f03305787d7981a5cc6e6cd08fe5a4ecdf99d4b48?s=96&d=mm&r=g","contentUrl":"https:\/\/secure.gravatar.com\/avatar\/265b27cb2209af7bb3a1318f03305787d7981a5cc6e6cd08fe5a4ecdf99d4b48?s=96&d=mm&r=g","caption":"Contenidos El Regional"},"url":"https:\/\/elregionalvm.com.ar\/noticias-villa-maria\/author\/contenido\/"}]}},"jetpack_featured_media_url":"https:\/\/i0.wp.com\/elregionalvm.com.ar\/noticias-villa-maria\/wp-content\/uploads\/2023\/08\/nino-pelota-potrero-futbol.jpg?fit=1000%2C667&ssl=1","jetpack_sharing_enabled":true,"_links":{"self":[{"href":"https:\/\/elregionalvm.com.ar\/noticias-villa-maria\/wp-json\/wp\/v2\/posts\/100100","targetHints":{"allow":["GET"]}}],"collection":[{"href":"https:\/\/elregionalvm.com.ar\/noticias-villa-maria\/wp-json\/wp\/v2\/posts"}],"about":[{"href":"https:\/\/elregionalvm.com.ar\/noticias-villa-maria\/wp-json\/wp\/v2\/types\/post"}],"author":[{"embeddable":true,"href":"https:\/\/elregionalvm.com.ar\/noticias-villa-maria\/wp-json\/wp\/v2\/users\/4"}],"replies":[{"embeddable":true,"href":"https:\/\/elregionalvm.com.ar\/noticias-villa-maria\/wp-json\/wp\/v2\/comments?post=100100"}],"version-history":[{"count":2,"href":"https:\/\/elregionalvm.com.ar\/noticias-villa-maria\/wp-json\/wp\/v2\/posts\/100100\/revisions"}],"predecessor-version":[{"id":100103,"href":"https:\/\/elregionalvm.com.ar\/noticias-villa-maria\/wp-json\/wp\/v2\/posts\/100100\/revisions\/100103"}],"wp:featuredmedia":[{"embeddable":true,"href":"https:\/\/elregionalvm.com.ar\/noticias-villa-maria\/wp-json\/wp\/v2\/media\/80420"}],"wp:attachment":[{"href":"https:\/\/elregionalvm.com.ar\/noticias-villa-maria\/wp-json\/wp\/v2\/media?parent=100100"}],"wp:term":[{"taxonomy":"category","embeddable":true,"href":"https:\/\/elregionalvm.com.ar\/noticias-villa-maria\/wp-json\/wp\/v2\/categories?post=100100"},{"taxonomy":"post_tag","embeddable":true,"href":"https:\/\/elregionalvm.com.ar\/noticias-villa-maria\/wp-json\/wp\/v2\/tags?post=100100"}],"curies":[{"name":"wp","href":"https:\/\/api.w.org\/{rel}","templated":true}]}}