{"id":100181,"date":"2024-10-29T21:01:40","date_gmt":"2024-10-29T21:01:40","guid":{"rendered":"https:\/\/elregionalvm.com.ar\/noticias-villa-maria\/?p=100181"},"modified":"2024-11-01T02:35:20","modified_gmt":"2024-11-01T02:35:20","slug":"tiempo-loco-mas-calor-y-menos-lluvias-que-pronostico-el-smn-para-lo-que-resta-del-2024","status":"publish","type":"post","link":"https:\/\/elregionalvm.com.ar\/noticias-villa-maria\/tiempo-loco-mas-calor-y-menos-lluvias-que-pronostico-el-smn-para-lo-que-resta-del-2024\/","title":{"rendered":"[Tiempo Loco] M\u00e1s calor y menos lluvias: Qu\u00e9 pronostic\u00f3 el SMN para lo que resta del 2024"},"content":{"rendered":"\n<h3 class=\"wp-block-heading\"><strong>El Servicio Meteorol\u00f3gico Nacional (SMN) public\u00f3 un informe sobre sus pron\u00f3sticos clim\u00e1ticos trimestrales para lo que resta del 2024. Puntualizando el trimestre octubre-noviembre-diciembre, la instituci\u00f3n puso en foco de atenci\u00f3n el fen\u00f3meno \u00abLa Ni\u00f1a\u00bb.<\/strong><\/h3>\n\n\n\n<p><\/p>\n\n\n\n<p>El escrito tiene una incidencia directa en las regiones productivas centrales del pa\u00eds como C\u00f3rdoba, ya que habla de precipitaciones y de temperaturas. &nbsp;<\/p>\n\n\n\n<p>Seg\u00fan los modelos vigentes durante estos 3 \u00faltimos meses de 2024, se confirma un panorama de lluvias inferiores a lo normal en la regi\u00f3n central de Argentina, mientras que se prev\u00e9 que las temperaturas sean superiores a lo normal.<\/p>\n\n\n\n<p>El informe s\u00f3lo habla hasta diciembre, pero prev\u00e9 que en enero y febrero del 2025 ser\u00e1 similar.<\/p>\n\n\n\n<p><\/p>\n\n\n\n<figure class=\"wp-block-image size-large is-resized\"><img data-recalc-dims=\"1\" fetchpriority=\"high\" decoding=\"async\" width=\"1024\" height=\"544\" src=\"https:\/\/i0.wp.com\/elregionalvm.com.ar\/noticias-villa-maria\/wp-content\/uploads\/2024\/10\/pronostico-final-2024.jpeg?resize=1024%2C544&#038;ssl=1\" alt=\"\" class=\"wp-image-100184\" style=\"width:910px;height:auto\" srcset=\"https:\/\/i0.wp.com\/elregionalvm.com.ar\/noticias-villa-maria\/wp-content\/uploads\/2024\/10\/pronostico-final-2024.jpeg?resize=1024%2C544&amp;ssl=1 1024w, https:\/\/i0.wp.com\/elregionalvm.com.ar\/noticias-villa-maria\/wp-content\/uploads\/2024\/10\/pronostico-final-2024.jpeg?resize=300%2C159&amp;ssl=1 300w, https:\/\/i0.wp.com\/elregionalvm.com.ar\/noticias-villa-maria\/wp-content\/uploads\/2024\/10\/pronostico-final-2024.jpeg?resize=768%2C408&amp;ssl=1 768w, https:\/\/i0.wp.com\/elregionalvm.com.ar\/noticias-villa-maria\/wp-content\/uploads\/2024\/10\/pronostico-final-2024.jpeg?w=1426&amp;ssl=1 1426w\" sizes=\"(max-width: 1000px) 100vw, 1000px\" \/><\/figure>\n\n\n\n<p><\/p>\n\n\n\n<p><strong>&nbsp;Temperaturas<\/strong><\/p>\n\n\n\n<p>En cuanto a las marcas t\u00e9rmicas, el pron\u00f3stico, en particular para la provincia de C\u00f3rdoba, prev\u00e9 registros superiores a lo normal para la \u00e9poca, caracter\u00edstica que ser\u00eda extensiva tambi\u00e9n para el norte del pa\u00eds, este de San Luis y el sur del Litoral.<\/p>\n\n\n\n<p>El SMN advirti\u00f3: \u00abse recomienda mantenerse actualizado con los pron\u00f3sticos en la escala diaria y semanal\u201d, al mismo tiempo que a\u00f1adi\u00f3: \u201cno se descarta que la amplitud t\u00e9rmica pueda ser mayor a la normal hacia el centro y norte del pa\u00eds\u00bb.<\/p>\n\n\n\n<p><strong>&nbsp;Precipitaciones<\/strong><\/p>\n\n\n\n<p>Para el centro del pa\u00eds, y particularmente para la provincia de C\u00f3rdoba, en un contexto de fen\u00f3meno \u201cLa Ni\u00f1a\u201d, se prev\u00e9n precipitaciones que ser\u00edan inferiores a lo normal. Estas proyecciones tambi\u00e9n se replicar\u00edan para el este de San Luis, sur del Litoral, norte y este de Buenos Aires.<\/p>\n\n\n\n<p>En tanto, los aportes h\u00eddricos ser\u00edan normales o inferiores sobre el norte del Litoral, Formosa, Chaco, Santiago del Estero, este de Salta, La Pampa, sudoeste de Buenos Aires y regi\u00f3n de Patagonia. Finalmente, las lluvias ser\u00edan normales sobre la regi\u00f3n del NOA y Cuyo.<\/p>\n\n\n\n<p>\u201cEsta previsi\u00f3n debe ser considerada sobre el valor medio del trimestre. Dada la \u00e9poca del a\u00f1o, no se descarta la ocurrencia de eventos de precipitaci\u00f3n localmente m\u00e1s intensa que lo normal\u201d, seg\u00fan informa el SMN.<\/p>\n","protected":false},"excerpt":{"rendered":"<p>El Servicio Meteorol\u00f3gico Nacional (SMN) public\u00f3 un informe sobre sus pron\u00f3sticos clim\u00e1ticos trimestrales para lo que resta del 2024. Puntualizando el trimestre octubre-noviembre-diciembre, la instituci\u00f3n puso en foco de atenci\u00f3n el fen\u00f3meno \u00abLa Ni\u00f1a\u00bb. El escrito tiene una incidencia directa en las regiones productivas centrales del pa\u00eds como C\u00f3rdoba, ya que habla de precipitaciones y [&hellip;]<\/p>\n","protected":false},"author":4,"featured_media":90160,"comment_status":"open","ping_status":"open","sticky":false,"template":"","format":"standard","meta":{"site-sidebar-layout":"default","site-content-layout":"","ast-site-content-layout":"default","site-content-style":"default","site-sidebar-style":"default","ast-global-header-display":"","ast-banner-title-visibility":"","ast-main-header-display":"","ast-hfb-above-header-display":"","ast-hfb-below-header-display":"","ast-hfb-mobile-header-display":"","site-post-title":"","ast-breadcrumbs-content":"","ast-featured-img":"","footer-sml-layout":"","ast-disable-related-posts":"","theme-transparent-header-meta":"","adv-header-id-meta":"","stick-header-meta":"","header-above-stick-meta":"","header-main-stick-meta":"","header-below-stick-meta":"","astra-migrate-meta-layouts":"set","ast-page-background-enabled":"default","ast-page-background-meta":{"desktop":{"background-color":"","background-image":"","background-repeat":"repeat","background-position":"center center","background-size":"auto","background-attachment":"scroll","background-type":"","background-media":"","overlay-type":"","overlay-color":"","overlay-opacity":"","overlay-gradient":""},"tablet":{"background-color":"","background-image":"","background-repeat":"repeat","background-position":"center center","background-size":"auto","background-attachment":"scroll","background-type":"","background-media":"","overlay-type":"","overlay-color":"","overlay-opacity":"","overlay-gradient":""},"mobile":{"background-color":"","background-image":"","background-repeat":"repeat","background-position":"center center","background-size":"auto","background-attachment":"scroll","background-type":"","background-media":"","overlay-type":"","overlay-color":"","overlay-opacity":"","overlay-gradient":""}},"ast-content-background-meta":{"desktop":{"background-color":"var(--ast-global-color-5)","background-image":"","background-repeat":"repeat","background-position":"center center","background-size":"auto","background-attachment":"scroll","background-type":"","background-media":"","overlay-type":"","overlay-color":"","overlay-opacity":"","overlay-gradient":""},"tablet":{"background-color":"var(--ast-global-color-5)","background-image":"","background-repeat":"repeat","background-position":"center center","background-size":"auto","background-attachment":"scroll","background-type":"","background-media":"","overlay-type":"","overlay-color":"","overlay-opacity":"","overlay-gradient":""},"mobile":{"background-color":"var(--ast-global-color-5)","background-image":"","background-repeat":"repeat","background-position":"center center","background-size":"auto","background-attachment":"scroll","background-type":"","background-media":"","overlay-type":"","overlay-color":"","overlay-opacity":"","overlay-gradient":""}},"_jetpack_memberships_contains_paid_content":false,"_joinchat":[],"footnotes":""},"categories":[4777,3557,2],"tags":[23332,4742,3491,8699,1039,16728,8700],"class_list":["post-100181","post","type-post","status-publish","format-standard","has-post-thumbnail","hentry","category-econotas","category-tercera","category-villa-maria","tag-23332","tag-calor","tag-lluvias","tag-pronostico-del-tiempo","tag-servicio-meteorologico-nacional","tag-temperaturas","tag-tiempo-loco"],"yoast_head":"<!-- This site is optimized with the Yoast SEO plugin v26.8 - https:\/\/yoast.com\/product\/yoast-seo-wordpress\/ -->\n<title>[Tiempo Loco] M\u00e1s calor y menos lluvias: Qu\u00e9 pronostic\u00f3 el SMN para lo que resta del 2024 - El Regional<\/title>\n<meta name=\"robots\" content=\"index, follow, max-snippet:-1, max-image-preview:large, max-video-preview:-1\" \/>\n<link rel=\"canonical\" href=\"https:\/\/elregionalvm.com.ar\/noticias-villa-maria\/tiempo-loco-mas-calor-y-menos-lluvias-que-pronostico-el-smn-para-lo-que-resta-del-2024\/\" \/>\n<meta property=\"og:locale\" content=\"es_ES\" \/>\n<meta property=\"og:type\" content=\"article\" \/>\n<meta property=\"og:title\" content=\"[Tiempo Loco] M\u00e1s calor y menos lluvias: Qu\u00e9 pronostic\u00f3 el SMN para lo que resta del 2024 - El Regional\" \/>\n<meta property=\"og:description\" content=\"El Servicio Meteorol\u00f3gico Nacional (SMN) public\u00f3 un informe sobre sus pron\u00f3sticos clim\u00e1ticos trimestrales para lo que resta del 2024. Puntualizando el trimestre octubre-noviembre-diciembre, la instituci\u00f3n puso en foco de atenci\u00f3n el fen\u00f3meno \u00abLa Ni\u00f1a\u00bb. El escrito tiene una incidencia directa en las regiones productivas centrales del pa\u00eds como C\u00f3rdoba, ya que habla de precipitaciones y [&hellip;]\" \/>\n<meta property=\"og:url\" content=\"https:\/\/elregionalvm.com.ar\/noticias-villa-maria\/tiempo-loco-mas-calor-y-menos-lluvias-que-pronostico-el-smn-para-lo-que-resta-del-2024\/\" \/>\n<meta property=\"og:site_name\" content=\"El Regional\" \/>\n<meta property=\"article:publisher\" content=\"https:\/\/www.facebook.com\/elregionalvm\" \/>\n<meta property=\"article:published_time\" content=\"2024-10-29T21:01:40+00:00\" \/>\n<meta property=\"article:modified_time\" content=\"2024-11-01T02:35:20+00:00\" \/>\n<meta property=\"og:image\" content=\"https:\/\/elregionalvm.com.ar\/noticias-villa-maria\/wp-content\/uploads\/2024\/02\/Hombre-calor-sol-cansancio.jpg\" \/>\n\t<meta property=\"og:image:width\" content=\"1140\" \/>\n\t<meta property=\"og:image:height\" content=\"655\" \/>\n\t<meta property=\"og:image:type\" content=\"image\/jpeg\" \/>\n<meta name=\"author\" content=\"Contenidos El Regional\" \/>\n<meta name=\"twitter:card\" content=\"summary_large_image\" \/>\n<meta name=\"twitter:creator\" content=\"@elregionalvm1\" \/>\n<meta name=\"twitter:site\" content=\"@elregionalvm1\" \/>\n<meta name=\"twitter:label1\" content=\"Escrito por\" \/>\n\t<meta name=\"twitter:data1\" content=\"Contenidos El Regional\" \/>\n\t<meta name=\"twitter:label2\" content=\"Tiempo de lectura\" \/>\n\t<meta name=\"twitter:data2\" content=\"2 minutos\" \/>\n<script type=\"application\/ld+json\" class=\"yoast-schema-graph\">{\"@context\":\"https:\/\/schema.org\",\"@graph\":[{\"@type\":\"Article\",\"@id\":\"https:\/\/elregionalvm.com.ar\/noticias-villa-maria\/tiempo-loco-mas-calor-y-menos-lluvias-que-pronostico-el-smn-para-lo-que-resta-del-2024\/#article\",\"isPartOf\":{\"@id\":\"https:\/\/elregionalvm.com.ar\/noticias-villa-maria\/tiempo-loco-mas-calor-y-menos-lluvias-que-pronostico-el-smn-para-lo-que-resta-del-2024\/\"},\"author\":{\"name\":\"Contenidos El Regional\",\"@id\":\"http:\/\/elregionalvm.com.ar\/noticias-villa-maria\/#\/schema\/person\/a0fb9c422317faca23d50163151bc354\"},\"headline\":\"[Tiempo Loco] M\u00e1s calor y menos lluvias: Qu\u00e9 pronostic\u00f3 el SMN para lo que resta del 2024\",\"datePublished\":\"2024-10-29T21:01:40+00:00\",\"dateModified\":\"2024-11-01T02:35:20+00:00\",\"mainEntityOfPage\":{\"@id\":\"https:\/\/elregionalvm.com.ar\/noticias-villa-maria\/tiempo-loco-mas-calor-y-menos-lluvias-que-pronostico-el-smn-para-lo-que-resta-del-2024\/\"},\"wordCount\":383,\"commentCount\":0,\"image\":{\"@id\":\"https:\/\/elregionalvm.com.ar\/noticias-villa-maria\/tiempo-loco-mas-calor-y-menos-lluvias-que-pronostico-el-smn-para-lo-que-resta-del-2024\/#primaryimage\"},\"thumbnailUrl\":\"https:\/\/i0.wp.com\/elregionalvm.com.ar\/noticias-villa-maria\/wp-content\/uploads\/2024\/02\/Hombre-calor-sol-cansancio.jpg?fit=1140%2C655&ssl=1\",\"keywords\":[\"2024\",\"calor\",\"Lluvias\",\"Pron\u00f3stico del tiempo\",\"servicio meteorol\u00f3gico nacional\",\"temperaturas\",\"Tiempo loco\"],\"articleSection\":[\"Econotas\",\"tercera\",\"Villa Mar\u00eda\"],\"inLanguage\":\"es\",\"potentialAction\":[{\"@type\":\"CommentAction\",\"name\":\"Comment\",\"target\":[\"https:\/\/elregionalvm.com.ar\/noticias-villa-maria\/tiempo-loco-mas-calor-y-menos-lluvias-que-pronostico-el-smn-para-lo-que-resta-del-2024\/#respond\"]}]},{\"@type\":\"WebPage\",\"@id\":\"https:\/\/elregionalvm.com.ar\/noticias-villa-maria\/tiempo-loco-mas-calor-y-menos-lluvias-que-pronostico-el-smn-para-lo-que-resta-del-2024\/\",\"url\":\"https:\/\/elregionalvm.com.ar\/noticias-villa-maria\/tiempo-loco-mas-calor-y-menos-lluvias-que-pronostico-el-smn-para-lo-que-resta-del-2024\/\",\"name\":\"[Tiempo Loco] M\u00e1s calor y menos lluvias: Qu\u00e9 pronostic\u00f3 el SMN para lo que resta del 2024 - El Regional\",\"isPartOf\":{\"@id\":\"http:\/\/elregionalvm.com.ar\/noticias-villa-maria\/#website\"},\"primaryImageOfPage\":{\"@id\":\"https:\/\/elregionalvm.com.ar\/noticias-villa-maria\/tiempo-loco-mas-calor-y-menos-lluvias-que-pronostico-el-smn-para-lo-que-resta-del-2024\/#primaryimage\"},\"image\":{\"@id\":\"https:\/\/elregionalvm.com.ar\/noticias-villa-maria\/tiempo-loco-mas-calor-y-menos-lluvias-que-pronostico-el-smn-para-lo-que-resta-del-2024\/#primaryimage\"},\"thumbnailUrl\":\"https:\/\/i0.wp.com\/elregionalvm.com.ar\/noticias-villa-maria\/wp-content\/uploads\/2024\/02\/Hombre-calor-sol-cansancio.jpg?fit=1140%2C655&ssl=1\",\"datePublished\":\"2024-10-29T21:01:40+00:00\",\"dateModified\":\"2024-11-01T02:35:20+00:00\",\"author\":{\"@id\":\"http:\/\/elregionalvm.com.ar\/noticias-villa-maria\/#\/schema\/person\/a0fb9c422317faca23d50163151bc354\"},\"breadcrumb\":{\"@id\":\"https:\/\/elregionalvm.com.ar\/noticias-villa-maria\/tiempo-loco-mas-calor-y-menos-lluvias-que-pronostico-el-smn-para-lo-que-resta-del-2024\/#breadcrumb\"},\"inLanguage\":\"es\",\"potentialAction\":[{\"@type\":\"ReadAction\",\"target\":[\"https:\/\/elregionalvm.com.ar\/noticias-villa-maria\/tiempo-loco-mas-calor-y-menos-lluvias-que-pronostico-el-smn-para-lo-que-resta-del-2024\/\"]}]},{\"@type\":\"ImageObject\",\"inLanguage\":\"es\",\"@id\":\"https:\/\/elregionalvm.com.ar\/noticias-villa-maria\/tiempo-loco-mas-calor-y-menos-lluvias-que-pronostico-el-smn-para-lo-que-resta-del-2024\/#primaryimage\",\"url\":\"https:\/\/i0.wp.com\/elregionalvm.com.ar\/noticias-villa-maria\/wp-content\/uploads\/2024\/02\/Hombre-calor-sol-cansancio.jpg?fit=1140%2C655&ssl=1\",\"contentUrl\":\"https:\/\/i0.wp.com\/elregionalvm.com.ar\/noticias-villa-maria\/wp-content\/uploads\/2024\/02\/Hombre-calor-sol-cansancio.jpg?fit=1140%2C655&ssl=1\",\"width\":1140,\"height\":655},{\"@type\":\"BreadcrumbList\",\"@id\":\"https:\/\/elregionalvm.com.ar\/noticias-villa-maria\/tiempo-loco-mas-calor-y-menos-lluvias-que-pronostico-el-smn-para-lo-que-resta-del-2024\/#breadcrumb\",\"itemListElement\":[{\"@type\":\"ListItem\",\"position\":1,\"name\":\"Portada\",\"item\":\"https:\/\/elregionalvm.com.ar\/noticias-villa-maria\/\"},{\"@type\":\"ListItem\",\"position\":2,\"name\":\"[Tiempo Loco] M\u00e1s calor y menos lluvias: Qu\u00e9 pronostic\u00f3 el SMN para lo que resta del 2024\"}]},{\"@type\":\"WebSite\",\"@id\":\"http:\/\/elregionalvm.com.ar\/noticias-villa-maria\/#website\",\"url\":\"http:\/\/elregionalvm.com.ar\/noticias-villa-maria\/\",\"name\":\"El Regional\",\"description\":\"Mucho m\u00e1s que informaci\u00f3n\",\"potentialAction\":[{\"@type\":\"SearchAction\",\"target\":{\"@type\":\"EntryPoint\",\"urlTemplate\":\"http:\/\/elregionalvm.com.ar\/noticias-villa-maria\/?s={search_term_string}\"},\"query-input\":{\"@type\":\"PropertyValueSpecification\",\"valueRequired\":true,\"valueName\":\"search_term_string\"}}],\"inLanguage\":\"es\"},{\"@type\":\"Person\",\"@id\":\"http:\/\/elregionalvm.com.ar\/noticias-villa-maria\/#\/schema\/person\/a0fb9c422317faca23d50163151bc354\",\"name\":\"Contenidos El Regional\",\"image\":{\"@type\":\"ImageObject\",\"inLanguage\":\"es\",\"@id\":\"http:\/\/elregionalvm.com.ar\/noticias-villa-maria\/#\/schema\/person\/image\/\",\"url\":\"https:\/\/secure.gravatar.com\/avatar\/265b27cb2209af7bb3a1318f03305787d7981a5cc6e6cd08fe5a4ecdf99d4b48?s=96&d=mm&r=g\",\"contentUrl\":\"https:\/\/secure.gravatar.com\/avatar\/265b27cb2209af7bb3a1318f03305787d7981a5cc6e6cd08fe5a4ecdf99d4b48?s=96&d=mm&r=g\",\"caption\":\"Contenidos El Regional\"},\"url\":\"https:\/\/elregionalvm.com.ar\/noticias-villa-maria\/author\/contenido\/\"}]}<\/script>\n<!-- \/ Yoast SEO plugin. -->","yoast_head_json":{"title":"[Tiempo Loco] M\u00e1s calor y menos lluvias: Qu\u00e9 pronostic\u00f3 el SMN para lo que resta del 2024 - El Regional","robots":{"index":"index","follow":"follow","max-snippet":"max-snippet:-1","max-image-preview":"max-image-preview:large","max-video-preview":"max-video-preview:-1"},"canonical":"https:\/\/elregionalvm.com.ar\/noticias-villa-maria\/tiempo-loco-mas-calor-y-menos-lluvias-que-pronostico-el-smn-para-lo-que-resta-del-2024\/","og_locale":"es_ES","og_type":"article","og_title":"[Tiempo Loco] M\u00e1s calor y menos lluvias: Qu\u00e9 pronostic\u00f3 el SMN para lo que resta del 2024 - El Regional","og_description":"El Servicio Meteorol\u00f3gico Nacional (SMN) public\u00f3 un informe sobre sus pron\u00f3sticos clim\u00e1ticos trimestrales para lo que resta del 2024. Puntualizando el trimestre octubre-noviembre-diciembre, la instituci\u00f3n puso en foco de atenci\u00f3n el fen\u00f3meno \u00abLa Ni\u00f1a\u00bb. El escrito tiene una incidencia directa en las regiones productivas centrales del pa\u00eds como C\u00f3rdoba, ya que habla de precipitaciones y [&hellip;]","og_url":"https:\/\/elregionalvm.com.ar\/noticias-villa-maria\/tiempo-loco-mas-calor-y-menos-lluvias-que-pronostico-el-smn-para-lo-que-resta-del-2024\/","og_site_name":"El Regional","article_publisher":"https:\/\/www.facebook.com\/elregionalvm","article_published_time":"2024-10-29T21:01:40+00:00","article_modified_time":"2024-11-01T02:35:20+00:00","og_image":[{"width":1140,"height":655,"url":"https:\/\/elregionalvm.com.ar\/noticias-villa-maria\/wp-content\/uploads\/2024\/02\/Hombre-calor-sol-cansancio.jpg","type":"image\/jpeg"}],"author":"Contenidos El Regional","twitter_card":"summary_large_image","twitter_creator":"@elregionalvm1","twitter_site":"@elregionalvm1","twitter_misc":{"Escrito por":"Contenidos El Regional","Tiempo de lectura":"2 minutos"},"schema":{"@context":"https:\/\/schema.org","@graph":[{"@type":"Article","@id":"https:\/\/elregionalvm.com.ar\/noticias-villa-maria\/tiempo-loco-mas-calor-y-menos-lluvias-que-pronostico-el-smn-para-lo-que-resta-del-2024\/#article","isPartOf":{"@id":"https:\/\/elregionalvm.com.ar\/noticias-villa-maria\/tiempo-loco-mas-calor-y-menos-lluvias-que-pronostico-el-smn-para-lo-que-resta-del-2024\/"},"author":{"name":"Contenidos El Regional","@id":"http:\/\/elregionalvm.com.ar\/noticias-villa-maria\/#\/schema\/person\/a0fb9c422317faca23d50163151bc354"},"headline":"[Tiempo Loco] M\u00e1s calor y menos lluvias: Qu\u00e9 pronostic\u00f3 el SMN para lo que resta del 2024","datePublished":"2024-10-29T21:01:40+00:00","dateModified":"2024-11-01T02:35:20+00:00","mainEntityOfPage":{"@id":"https:\/\/elregionalvm.com.ar\/noticias-villa-maria\/tiempo-loco-mas-calor-y-menos-lluvias-que-pronostico-el-smn-para-lo-que-resta-del-2024\/"},"wordCount":383,"commentCount":0,"image":{"@id":"https:\/\/elregionalvm.com.ar\/noticias-villa-maria\/tiempo-loco-mas-calor-y-menos-lluvias-que-pronostico-el-smn-para-lo-que-resta-del-2024\/#primaryimage"},"thumbnailUrl":"https:\/\/i0.wp.com\/elregionalvm.com.ar\/noticias-villa-maria\/wp-content\/uploads\/2024\/02\/Hombre-calor-sol-cansancio.jpg?fit=1140%2C655&ssl=1","keywords":["2024","calor","Lluvias","Pron\u00f3stico del tiempo","servicio meteorol\u00f3gico nacional","temperaturas","Tiempo loco"],"articleSection":["Econotas","tercera","Villa Mar\u00eda"],"inLanguage":"es","potentialAction":[{"@type":"CommentAction","name":"Comment","target":["https:\/\/elregionalvm.com.ar\/noticias-villa-maria\/tiempo-loco-mas-calor-y-menos-lluvias-que-pronostico-el-smn-para-lo-que-resta-del-2024\/#respond"]}]},{"@type":"WebPage","@id":"https:\/\/elregionalvm.com.ar\/noticias-villa-maria\/tiempo-loco-mas-calor-y-menos-lluvias-que-pronostico-el-smn-para-lo-que-resta-del-2024\/","url":"https:\/\/elregionalvm.com.ar\/noticias-villa-maria\/tiempo-loco-mas-calor-y-menos-lluvias-que-pronostico-el-smn-para-lo-que-resta-del-2024\/","name":"[Tiempo Loco] M\u00e1s calor y menos lluvias: Qu\u00e9 pronostic\u00f3 el SMN para lo que resta del 2024 - El Regional","isPartOf":{"@id":"http:\/\/elregionalvm.com.ar\/noticias-villa-maria\/#website"},"primaryImageOfPage":{"@id":"https:\/\/elregionalvm.com.ar\/noticias-villa-maria\/tiempo-loco-mas-calor-y-menos-lluvias-que-pronostico-el-smn-para-lo-que-resta-del-2024\/#primaryimage"},"image":{"@id":"https:\/\/elregionalvm.com.ar\/noticias-villa-maria\/tiempo-loco-mas-calor-y-menos-lluvias-que-pronostico-el-smn-para-lo-que-resta-del-2024\/#primaryimage"},"thumbnailUrl":"https:\/\/i0.wp.com\/elregionalvm.com.ar\/noticias-villa-maria\/wp-content\/uploads\/2024\/02\/Hombre-calor-sol-cansancio.jpg?fit=1140%2C655&ssl=1","datePublished":"2024-10-29T21:01:40+00:00","dateModified":"2024-11-01T02:35:20+00:00","author":{"@id":"http:\/\/elregionalvm.com.ar\/noticias-villa-maria\/#\/schema\/person\/a0fb9c422317faca23d50163151bc354"},"breadcrumb":{"@id":"https:\/\/elregionalvm.com.ar\/noticias-villa-maria\/tiempo-loco-mas-calor-y-menos-lluvias-que-pronostico-el-smn-para-lo-que-resta-del-2024\/#breadcrumb"},"inLanguage":"es","potentialAction":[{"@type":"ReadAction","target":["https:\/\/elregionalvm.com.ar\/noticias-villa-maria\/tiempo-loco-mas-calor-y-menos-lluvias-que-pronostico-el-smn-para-lo-que-resta-del-2024\/"]}]},{"@type":"ImageObject","inLanguage":"es","@id":"https:\/\/elregionalvm.com.ar\/noticias-villa-maria\/tiempo-loco-mas-calor-y-menos-lluvias-que-pronostico-el-smn-para-lo-que-resta-del-2024\/#primaryimage","url":"https:\/\/i0.wp.com\/elregionalvm.com.ar\/noticias-villa-maria\/wp-content\/uploads\/2024\/02\/Hombre-calor-sol-cansancio.jpg?fit=1140%2C655&ssl=1","contentUrl":"https:\/\/i0.wp.com\/elregionalvm.com.ar\/noticias-villa-maria\/wp-content\/uploads\/2024\/02\/Hombre-calor-sol-cansancio.jpg?fit=1140%2C655&ssl=1","width":1140,"height":655},{"@type":"BreadcrumbList","@id":"https:\/\/elregionalvm.com.ar\/noticias-villa-maria\/tiempo-loco-mas-calor-y-menos-lluvias-que-pronostico-el-smn-para-lo-que-resta-del-2024\/#breadcrumb","itemListElement":[{"@type":"ListItem","position":1,"name":"Portada","item":"https:\/\/elregionalvm.com.ar\/noticias-villa-maria\/"},{"@type":"ListItem","position":2,"name":"[Tiempo Loco] M\u00e1s calor y menos lluvias: Qu\u00e9 pronostic\u00f3 el SMN para lo que resta del 2024"}]},{"@type":"WebSite","@id":"http:\/\/elregionalvm.com.ar\/noticias-villa-maria\/#website","url":"http:\/\/elregionalvm.com.ar\/noticias-villa-maria\/","name":"El Regional","description":"Mucho m\u00e1s que informaci\u00f3n","potentialAction":[{"@type":"SearchAction","target":{"@type":"EntryPoint","urlTemplate":"http:\/\/elregionalvm.com.ar\/noticias-villa-maria\/?s={search_term_string}"},"query-input":{"@type":"PropertyValueSpecification","valueRequired":true,"valueName":"search_term_string"}}],"inLanguage":"es"},{"@type":"Person","@id":"http:\/\/elregionalvm.com.ar\/noticias-villa-maria\/#\/schema\/person\/a0fb9c422317faca23d50163151bc354","name":"Contenidos El Regional","image":{"@type":"ImageObject","inLanguage":"es","@id":"http:\/\/elregionalvm.com.ar\/noticias-villa-maria\/#\/schema\/person\/image\/","url":"https:\/\/secure.gravatar.com\/avatar\/265b27cb2209af7bb3a1318f03305787d7981a5cc6e6cd08fe5a4ecdf99d4b48?s=96&d=mm&r=g","contentUrl":"https:\/\/secure.gravatar.com\/avatar\/265b27cb2209af7bb3a1318f03305787d7981a5cc6e6cd08fe5a4ecdf99d4b48?s=96&d=mm&r=g","caption":"Contenidos El Regional"},"url":"https:\/\/elregionalvm.com.ar\/noticias-villa-maria\/author\/contenido\/"}]}},"jetpack_featured_media_url":"https:\/\/i0.wp.com\/elregionalvm.com.ar\/noticias-villa-maria\/wp-content\/uploads\/2024\/02\/Hombre-calor-sol-cansancio.jpg?fit=1140%2C655&ssl=1","jetpack_sharing_enabled":true,"_links":{"self":[{"href":"https:\/\/elregionalvm.com.ar\/noticias-villa-maria\/wp-json\/wp\/v2\/posts\/100181","targetHints":{"allow":["GET"]}}],"collection":[{"href":"https:\/\/elregionalvm.com.ar\/noticias-villa-maria\/wp-json\/wp\/v2\/posts"}],"about":[{"href":"https:\/\/elregionalvm.com.ar\/noticias-villa-maria\/wp-json\/wp\/v2\/types\/post"}],"author":[{"embeddable":true,"href":"https:\/\/elregionalvm.com.ar\/noticias-villa-maria\/wp-json\/wp\/v2\/users\/4"}],"replies":[{"embeddable":true,"href":"https:\/\/elregionalvm.com.ar\/noticias-villa-maria\/wp-json\/wp\/v2\/comments?post=100181"}],"version-history":[{"count":1,"href":"https:\/\/elregionalvm.com.ar\/noticias-villa-maria\/wp-json\/wp\/v2\/posts\/100181\/revisions"}],"predecessor-version":[{"id":100185,"href":"https:\/\/elregionalvm.com.ar\/noticias-villa-maria\/wp-json\/wp\/v2\/posts\/100181\/revisions\/100185"}],"wp:featuredmedia":[{"embeddable":true,"href":"https:\/\/elregionalvm.com.ar\/noticias-villa-maria\/wp-json\/wp\/v2\/media\/90160"}],"wp:attachment":[{"href":"https:\/\/elregionalvm.com.ar\/noticias-villa-maria\/wp-json\/wp\/v2\/media?parent=100181"}],"wp:term":[{"taxonomy":"category","embeddable":true,"href":"https:\/\/elregionalvm.com.ar\/noticias-villa-maria\/wp-json\/wp\/v2\/categories?post=100181"},{"taxonomy":"post_tag","embeddable":true,"href":"https:\/\/elregionalvm.com.ar\/noticias-villa-maria\/wp-json\/wp\/v2\/tags?post=100181"}],"curies":[{"name":"wp","href":"https:\/\/api.w.org\/{rel}","templated":true}]}}