{"id":100326,"date":"2024-11-02T22:21:17","date_gmt":"2024-11-02T22:21:17","guid":{"rendered":"https:\/\/elregionalvm.com.ar\/noticias-villa-maria\/?p=100326"},"modified":"2024-11-02T22:22:08","modified_gmt":"2024-11-02T22:22:08","slug":"un-documental-sobre-los-incendios-en-las-sierras-hoy-mas-necesario-que-nunca","status":"publish","type":"post","link":"https:\/\/elregionalvm.com.ar\/noticias-villa-maria\/un-documental-sobre-los-incendios-en-las-sierras-hoy-mas-necesario-que-nunca\/","title":{"rendered":"Un documental sobre los incendios en las Sierras, hoy m\u00e1s necesario que nunca"},"content":{"rendered":"\n<p><strong>El domingo a las 21 horas en el CCC Leonardo Favio (Espacio INCAA de la ciudad) se estrena \u201cFuego sin ley\u201d de cuatro realizadores cordobeses, uno de los cuales es oriundo de Villa Mar\u00eda.<\/strong><\/p>\n\n\n\n<p><\/p>\n\n\n\n<p>Hombres de cascos amarillos y ropa antiflama empu\u00f1ando mangueras en el monte. Mujeres y chicos portando bidones al sol como enormes diamantes de pl\u00e1stico (pero en medio de un incendio, el agua vale mucho m\u00e1s que todos los diamantes).<\/p>\n\n\n\n<p>Chicos y chicas baldeando peque\u00f1os \u00e1rboles o salvando peque\u00f1os animales; muchachos bolseando brasas encendidas o tratando de preservar un cent\u00edmetro de para\u00edso ante la avanzada del infierno\u2026<\/p>\n\n\n\n<p>Estos hombres y mujeres devenidos en s\u00fabitos voluntarios para salvar la tierra son, junto a los bomberos, los verdaderos protagonistas de \u201cFuego sin Ley\u201d (C\u00f3rdoba 2024, 60 minutos) el documental que este domingo se estrena en Villa Mar\u00eda.<\/p>\n\n\n\n<p>Rodado entre 2020 y 2023 en lugares tan lejanos como Potrerillo y Carlos Paz, Alta Gracia o Capilla del Monte, el \u201ccopyright\u201d del trabajo pertenece a cuatro cineastas cordobeses: Juli\u00e1n Rata Liendo, Baltazar Maradona, Sergio Luna y Valent\u00edn Aguzzi; este \u00faltimo, villamariense radicado en La Docta. Y sirvi\u00f3 de trabajo final para que el cuarteto se reciba en La Metro, prestigiosa escuela de cine de la ciudad.<\/p>\n\n\n\n<p><strong>Qui\u00e9n dijo que todo est\u00e1 perdido<\/strong><\/p>\n\n\n\n<p>Quiz\u00e1s llame la atenci\u00f3n, en tiempos en que los mayores achacan a los j\u00f3venes su \u201cfalta de compromiso\u201d, que estos muchachos se hayan \u201ctomado la molestia\u201d de salir a filmar los incendios; ocup\u00e1ndose en cuerpo y alma de un tema cuya actualidad social y ecol\u00f3gica, ser\u00e1 crucial para el futuro de la provincia. Pero as\u00ed explican, Juli\u00e1n de 34 a\u00f1os y Valent\u00edn de 24, la elecci\u00f3n del tema y el proceso del rodaje.<\/p>\n\n\n\n<p>\u201cQuer\u00edamos hacer una devoluci\u00f3n a la sociedad con algo que tuviera impacto en la conciencia social \u2013explica Juli\u00e1n- Como cordobeses, nos ha tocado vivir los incendios muy de cerca. Y sentimos que pod\u00edamos hacer un aporte. Hicimos m\u00e1s de 20 entre 2020 y 2023. Algunas veces yo iba solo y, otras, con parte del equipo. \u00cdbamos a registrar el incendio en vivo, recabar testimonios o simplemente ver lo que hab\u00eda pasado. Necesit\u00e1bamos estar ah\u00ed\u2026\u201d.<\/p>\n\n\n\n<p>&nbsp;\u201cAl empezar el proyecto, yo no dimensionaba las proporciones de los incendios ni la cantidad de personas afectadas \u2013se\u00f1ala Valent\u00edn- Personalmente, me marc\u00f3 ver la impotencia de la gente; sobre todo la de quienes hab\u00edan perdido todo en pocos segundos a causa del fuego. Creo que el documental nos aport\u00f3 conocimientos y valoraci\u00f3n por la causa a todo el grupo; adem\u00e1s del contacto con profesionales y personas s\u00faper comprometidas con el cuidado del medio ambiente\u201d.<\/p>\n\n\n\n<p><\/p>\n\n\n\n<figure class=\"wp-block-image size-large\"><img data-recalc-dims=\"1\" fetchpriority=\"high\" decoding=\"async\" width=\"1024\" height=\"576\" src=\"https:\/\/i0.wp.com\/elregionalvm.com.ar\/noticias-villa-maria\/wp-content\/uploads\/2024\/11\/Filme-fuego-2.jpeg?resize=1024%2C576&#038;ssl=1\" alt=\"\" class=\"wp-image-100327\" srcset=\"https:\/\/i0.wp.com\/elregionalvm.com.ar\/noticias-villa-maria\/wp-content\/uploads\/2024\/11\/Filme-fuego-2.jpeg?resize=1024%2C576&amp;ssl=1 1024w, https:\/\/i0.wp.com\/elregionalvm.com.ar\/noticias-villa-maria\/wp-content\/uploads\/2024\/11\/Filme-fuego-2.jpeg?resize=300%2C169&amp;ssl=1 300w, https:\/\/i0.wp.com\/elregionalvm.com.ar\/noticias-villa-maria\/wp-content\/uploads\/2024\/11\/Filme-fuego-2.jpeg?resize=768%2C432&amp;ssl=1 768w, https:\/\/i0.wp.com\/elregionalvm.com.ar\/noticias-villa-maria\/wp-content\/uploads\/2024\/11\/Filme-fuego-2.jpeg?resize=1536%2C864&amp;ssl=1 1536w, https:\/\/i0.wp.com\/elregionalvm.com.ar\/noticias-villa-maria\/wp-content\/uploads\/2024\/11\/Filme-fuego-2.jpeg?w=1600&amp;ssl=1 1600w\" sizes=\"(max-width: 1000px) 100vw, 1000px\" \/><\/figure>\n\n\n\n<p><\/p>\n\n\n\n<p><strong>Conciencia ecol\u00f3gica grabada a fuego<\/strong><\/p>\n\n\n\n<p>Al documental lo filmaron entre 2020 y 2023, pero los incendios contin\u00faan. Les pregunto a los realizadores qu\u00e9 piensan de cara al futuro.<\/p>\n\n\n\n<p>\u201cQue lamentablemente van a seguir, debido a la expansi\u00f3n desarrollista y un modelo de consumo extractivista que cada vez se afianza m\u00e1s en el pa\u00eds \u2013comenta Juli\u00e1n- Todos los d\u00edas se ven carteles de loteo o emprendimientos inmobiliarios donde antes hubo monte\u2026\u201d<\/p>\n\n\n\n<p>\u201cLo que hoy estamos viviendo, no es m\u00e1s ni menos que la colonizaci\u00f3n del espacio natural, como dir\u00eda Ricardo Astini en el film, un ge\u00f3logo e investigador del Conicet\u201d, agrega Valent\u00edn.<\/p>\n\n\n\n<p>La \u00faltima pregunta es qu\u00e9 esperan del documental.<\/p>\n\n\n\n<p>\u201cQue inspire a m\u00e1s personas para hacer su parte y no quedarse en el individualismo \u2013dice Juli\u00e1n- Y que ayude a generar cambios que protejan el monte y la biodiversidad y, si es posible, que abra los ojos a quienes esta problem\u00e1tica toca de manera indirecta\u201d.<\/p>\n\n\n\n<p>Y Valent\u00edn cierra diciendo que \u201clo importante es que haya gente de todas partes que puedan visibilizar la problem\u00e1tica que hoy se vive en C\u00f3rdoba. Y entender que eso que hoy nos pasa es vital para el ecosistema no s\u00f3lo de la provincia sino del pa\u00eds y del planeta\u201d.<\/p>\n","protected":false},"excerpt":{"rendered":"<p>El domingo a las 21 horas en el CCC Leonardo Favio (Espacio INCAA de la ciudad) se estrena \u201cFuego sin ley\u201d de cuatro realizadores cordobeses, uno de los cuales es oriundo de Villa Mar\u00eda. Hombres de cascos amarillos y ropa antiflama empu\u00f1ando mangueras en el monte. Mujeres y chicos portando bidones al sol como enormes [&hellip;]<\/p>\n","protected":false},"author":6,"featured_media":100328,"comment_status":"open","ping_status":"open","sticky":false,"template":"","format":"standard","meta":{"site-sidebar-layout":"default","site-content-layout":"","ast-site-content-layout":"default","site-content-style":"default","site-sidebar-style":"default","ast-global-header-display":"","ast-banner-title-visibility":"","ast-main-header-display":"","ast-hfb-above-header-display":"","ast-hfb-below-header-display":"","ast-hfb-mobile-header-display":"","site-post-title":"","ast-breadcrumbs-content":"","ast-featured-img":"","footer-sml-layout":"","ast-disable-related-posts":"","theme-transparent-header-meta":"","adv-header-id-meta":"","stick-header-meta":"","header-above-stick-meta":"","header-main-stick-meta":"","header-below-stick-meta":"","astra-migrate-meta-layouts":"set","ast-page-background-enabled":"default","ast-page-background-meta":{"desktop":{"background-color":"","background-image":"","background-repeat":"repeat","background-position":"center center","background-size":"auto","background-attachment":"scroll","background-type":"","background-media":"","overlay-type":"","overlay-color":"","overlay-opacity":"","overlay-gradient":""},"tablet":{"background-color":"","background-image":"","background-repeat":"repeat","background-position":"center center","background-size":"auto","background-attachment":"scroll","background-type":"","background-media":"","overlay-type":"","overlay-color":"","overlay-opacity":"","overlay-gradient":""},"mobile":{"background-color":"","background-image":"","background-repeat":"repeat","background-position":"center center","background-size":"auto","background-attachment":"scroll","background-type":"","background-media":"","overlay-type":"","overlay-color":"","overlay-opacity":"","overlay-gradient":""}},"ast-content-background-meta":{"desktop":{"background-color":"var(--ast-global-color-5)","background-image":"","background-repeat":"repeat","background-position":"center center","background-size":"auto","background-attachment":"scroll","background-type":"","background-media":"","overlay-type":"","overlay-color":"","overlay-opacity":"","overlay-gradient":""},"tablet":{"background-color":"var(--ast-global-color-5)","background-image":"","background-repeat":"repeat","background-position":"center center","background-size":"auto","background-attachment":"scroll","background-type":"","background-media":"","overlay-type":"","overlay-color":"","overlay-opacity":"","overlay-gradient":""},"mobile":{"background-color":"var(--ast-global-color-5)","background-image":"","background-repeat":"repeat","background-position":"center center","background-size":"auto","background-attachment":"scroll","background-type":"","background-media":"","overlay-type":"","overlay-color":"","overlay-opacity":"","overlay-gradient":""}},"_jetpack_memberships_contains_paid_content":false,"_joinchat":[],"footnotes":""},"categories":[2068,15302,16095,2],"tags":[7280,322,7944,3439,24478,14002],"class_list":["post-100326","post","type-post","status-publish","format-standard","has-post-thumbnail","hentry","category-cultura-deporte","category-destacado","category-provinciales","category-villa-maria","tag-centro-cultural-leonardo-favio","tag-cordoba","tag-documental","tag-fuego","tag-realizadores","tag-sierras"],"yoast_head":"<!-- This site is optimized with the Yoast SEO plugin v26.8 - https:\/\/yoast.com\/product\/yoast-seo-wordpress\/ -->\n<title>Un documental sobre los incendios en las Sierras, hoy m\u00e1s necesario que nunca - El Regional<\/title>\n<meta name=\"robots\" content=\"index, follow, max-snippet:-1, max-image-preview:large, max-video-preview:-1\" \/>\n<link rel=\"canonical\" href=\"https:\/\/elregionalvm.com.ar\/noticias-villa-maria\/un-documental-sobre-los-incendios-en-las-sierras-hoy-mas-necesario-que-nunca\/\" \/>\n<meta property=\"og:locale\" content=\"es_ES\" \/>\n<meta property=\"og:type\" content=\"article\" \/>\n<meta property=\"og:title\" content=\"Un documental sobre los incendios en las Sierras, hoy m\u00e1s necesario que nunca - El Regional\" \/>\n<meta property=\"og:description\" content=\"El domingo a las 21 horas en el CCC Leonardo Favio (Espacio INCAA de la ciudad) se estrena \u201cFuego sin ley\u201d de cuatro realizadores cordobeses, uno de los cuales es oriundo de Villa Mar\u00eda. Hombres de cascos amarillos y ropa antiflama empu\u00f1ando mangueras en el monte. Mujeres y chicos portando bidones al sol como enormes [&hellip;]\" \/>\n<meta property=\"og:url\" content=\"https:\/\/elregionalvm.com.ar\/noticias-villa-maria\/un-documental-sobre-los-incendios-en-las-sierras-hoy-mas-necesario-que-nunca\/\" \/>\n<meta property=\"og:site_name\" content=\"El Regional\" \/>\n<meta property=\"article:publisher\" content=\"https:\/\/www.facebook.com\/elregionalvm\" \/>\n<meta property=\"article:published_time\" content=\"2024-11-02T22:21:17+00:00\" \/>\n<meta property=\"article:modified_time\" content=\"2024-11-02T22:22:08+00:00\" \/>\n<meta property=\"og:image\" content=\"https:\/\/elregionalvm.com.ar\/noticias-villa-maria\/wp-content\/uploads\/2024\/11\/Filme-fuego.jpeg\" \/>\n\t<meta property=\"og:image:width\" content=\"1600\" \/>\n\t<meta property=\"og:image:height\" content=\"1066\" \/>\n\t<meta property=\"og:image:type\" content=\"image\/jpeg\" \/>\n<meta name=\"author\" content=\"Germ\u00e1n Giacchero\" \/>\n<meta name=\"twitter:card\" content=\"summary_large_image\" \/>\n<meta name=\"twitter:creator\" content=\"@elregionalvm1\" \/>\n<meta name=\"twitter:site\" content=\"@elregionalvm1\" \/>\n<meta name=\"twitter:label1\" content=\"Escrito por\" \/>\n\t<meta name=\"twitter:data1\" content=\"Germ\u00e1n Giacchero\" \/>\n\t<meta name=\"twitter:label2\" content=\"Tiempo de lectura\" \/>\n\t<meta name=\"twitter:data2\" content=\"4 minutos\" \/>\n<script type=\"application\/ld+json\" class=\"yoast-schema-graph\">{\"@context\":\"https:\/\/schema.org\",\"@graph\":[{\"@type\":\"Article\",\"@id\":\"https:\/\/elregionalvm.com.ar\/noticias-villa-maria\/un-documental-sobre-los-incendios-en-las-sierras-hoy-mas-necesario-que-nunca\/#article\",\"isPartOf\":{\"@id\":\"https:\/\/elregionalvm.com.ar\/noticias-villa-maria\/un-documental-sobre-los-incendios-en-las-sierras-hoy-mas-necesario-que-nunca\/\"},\"author\":{\"name\":\"Germ\u00e1n Giacchero\",\"@id\":\"http:\/\/elregionalvm.com.ar\/noticias-villa-maria\/#\/schema\/person\/d5e4b04966154131701e52c45d3efec9\"},\"headline\":\"Un documental sobre los incendios en las Sierras, hoy m\u00e1s necesario que nunca\",\"datePublished\":\"2024-11-02T22:21:17+00:00\",\"dateModified\":\"2024-11-02T22:22:08+00:00\",\"mainEntityOfPage\":{\"@id\":\"https:\/\/elregionalvm.com.ar\/noticias-villa-maria\/un-documental-sobre-los-incendios-en-las-sierras-hoy-mas-necesario-que-nunca\/\"},\"wordCount\":696,\"commentCount\":0,\"image\":{\"@id\":\"https:\/\/elregionalvm.com.ar\/noticias-villa-maria\/un-documental-sobre-los-incendios-en-las-sierras-hoy-mas-necesario-que-nunca\/#primaryimage\"},\"thumbnailUrl\":\"https:\/\/i0.wp.com\/elregionalvm.com.ar\/noticias-villa-maria\/wp-content\/uploads\/2024\/11\/Filme-fuego.jpeg?fit=1600%2C1066&ssl=1\",\"keywords\":[\"Centro Cultural Leonardo Favio\",\"c\u00f3rdoba\",\"Documental\",\"Fuego\",\"realizadores\",\"sierras\"],\"articleSection\":[\"Cultura\",\"destacado\",\"Provinciales\",\"Villa Mar\u00eda\"],\"inLanguage\":\"es\",\"potentialAction\":[{\"@type\":\"CommentAction\",\"name\":\"Comment\",\"target\":[\"https:\/\/elregionalvm.com.ar\/noticias-villa-maria\/un-documental-sobre-los-incendios-en-las-sierras-hoy-mas-necesario-que-nunca\/#respond\"]}]},{\"@type\":\"WebPage\",\"@id\":\"https:\/\/elregionalvm.com.ar\/noticias-villa-maria\/un-documental-sobre-los-incendios-en-las-sierras-hoy-mas-necesario-que-nunca\/\",\"url\":\"https:\/\/elregionalvm.com.ar\/noticias-villa-maria\/un-documental-sobre-los-incendios-en-las-sierras-hoy-mas-necesario-que-nunca\/\",\"name\":\"Un documental sobre los incendios en las Sierras, hoy m\u00e1s necesario que nunca - El Regional\",\"isPartOf\":{\"@id\":\"http:\/\/elregionalvm.com.ar\/noticias-villa-maria\/#website\"},\"primaryImageOfPage\":{\"@id\":\"https:\/\/elregionalvm.com.ar\/noticias-villa-maria\/un-documental-sobre-los-incendios-en-las-sierras-hoy-mas-necesario-que-nunca\/#primaryimage\"},\"image\":{\"@id\":\"https:\/\/elregionalvm.com.ar\/noticias-villa-maria\/un-documental-sobre-los-incendios-en-las-sierras-hoy-mas-necesario-que-nunca\/#primaryimage\"},\"thumbnailUrl\":\"https:\/\/i0.wp.com\/elregionalvm.com.ar\/noticias-villa-maria\/wp-content\/uploads\/2024\/11\/Filme-fuego.jpeg?fit=1600%2C1066&ssl=1\",\"datePublished\":\"2024-11-02T22:21:17+00:00\",\"dateModified\":\"2024-11-02T22:22:08+00:00\",\"author\":{\"@id\":\"http:\/\/elregionalvm.com.ar\/noticias-villa-maria\/#\/schema\/person\/d5e4b04966154131701e52c45d3efec9\"},\"breadcrumb\":{\"@id\":\"https:\/\/elregionalvm.com.ar\/noticias-villa-maria\/un-documental-sobre-los-incendios-en-las-sierras-hoy-mas-necesario-que-nunca\/#breadcrumb\"},\"inLanguage\":\"es\",\"potentialAction\":[{\"@type\":\"ReadAction\",\"target\":[\"https:\/\/elregionalvm.com.ar\/noticias-villa-maria\/un-documental-sobre-los-incendios-en-las-sierras-hoy-mas-necesario-que-nunca\/\"]}]},{\"@type\":\"ImageObject\",\"inLanguage\":\"es\",\"@id\":\"https:\/\/elregionalvm.com.ar\/noticias-villa-maria\/un-documental-sobre-los-incendios-en-las-sierras-hoy-mas-necesario-que-nunca\/#primaryimage\",\"url\":\"https:\/\/i0.wp.com\/elregionalvm.com.ar\/noticias-villa-maria\/wp-content\/uploads\/2024\/11\/Filme-fuego.jpeg?fit=1600%2C1066&ssl=1\",\"contentUrl\":\"https:\/\/i0.wp.com\/elregionalvm.com.ar\/noticias-villa-maria\/wp-content\/uploads\/2024\/11\/Filme-fuego.jpeg?fit=1600%2C1066&ssl=1\",\"width\":1600,\"height\":1066},{\"@type\":\"BreadcrumbList\",\"@id\":\"https:\/\/elregionalvm.com.ar\/noticias-villa-maria\/un-documental-sobre-los-incendios-en-las-sierras-hoy-mas-necesario-que-nunca\/#breadcrumb\",\"itemListElement\":[{\"@type\":\"ListItem\",\"position\":1,\"name\":\"Portada\",\"item\":\"https:\/\/elregionalvm.com.ar\/noticias-villa-maria\/\"},{\"@type\":\"ListItem\",\"position\":2,\"name\":\"Un documental sobre los incendios en las Sierras, hoy m\u00e1s necesario que nunca\"}]},{\"@type\":\"WebSite\",\"@id\":\"http:\/\/elregionalvm.com.ar\/noticias-villa-maria\/#website\",\"url\":\"http:\/\/elregionalvm.com.ar\/noticias-villa-maria\/\",\"name\":\"El Regional\",\"description\":\"Mucho m\u00e1s que informaci\u00f3n\",\"potentialAction\":[{\"@type\":\"SearchAction\",\"target\":{\"@type\":\"EntryPoint\",\"urlTemplate\":\"http:\/\/elregionalvm.com.ar\/noticias-villa-maria\/?s={search_term_string}\"},\"query-input\":{\"@type\":\"PropertyValueSpecification\",\"valueRequired\":true,\"valueName\":\"search_term_string\"}}],\"inLanguage\":\"es\"},{\"@type\":\"Person\",\"@id\":\"http:\/\/elregionalvm.com.ar\/noticias-villa-maria\/#\/schema\/person\/d5e4b04966154131701e52c45d3efec9\",\"name\":\"Germ\u00e1n Giacchero\",\"image\":{\"@type\":\"ImageObject\",\"inLanguage\":\"es\",\"@id\":\"http:\/\/elregionalvm.com.ar\/noticias-villa-maria\/#\/schema\/person\/image\/\",\"url\":\"https:\/\/secure.gravatar.com\/avatar\/fda163ba5ef0307ee5be9846e10f83b6e83d0cfb260d3b2464830318894c6b04?s=96&d=mm&r=g\",\"contentUrl\":\"https:\/\/secure.gravatar.com\/avatar\/fda163ba5ef0307ee5be9846e10f83b6e83d0cfb260d3b2464830318894c6b04?s=96&d=mm&r=g\",\"caption\":\"Germ\u00e1n Giacchero\"},\"url\":\"https:\/\/elregionalvm.com.ar\/noticias-villa-maria\/author\/germangiacchero\/\"}]}<\/script>\n<!-- \/ Yoast SEO plugin. -->","yoast_head_json":{"title":"Un documental sobre los incendios en las Sierras, hoy m\u00e1s necesario que nunca - El Regional","robots":{"index":"index","follow":"follow","max-snippet":"max-snippet:-1","max-image-preview":"max-image-preview:large","max-video-preview":"max-video-preview:-1"},"canonical":"https:\/\/elregionalvm.com.ar\/noticias-villa-maria\/un-documental-sobre-los-incendios-en-las-sierras-hoy-mas-necesario-que-nunca\/","og_locale":"es_ES","og_type":"article","og_title":"Un documental sobre los incendios en las Sierras, hoy m\u00e1s necesario que nunca - El Regional","og_description":"El domingo a las 21 horas en el CCC Leonardo Favio (Espacio INCAA de la ciudad) se estrena \u201cFuego sin ley\u201d de cuatro realizadores cordobeses, uno de los cuales es oriundo de Villa Mar\u00eda. Hombres de cascos amarillos y ropa antiflama empu\u00f1ando mangueras en el monte. Mujeres y chicos portando bidones al sol como enormes [&hellip;]","og_url":"https:\/\/elregionalvm.com.ar\/noticias-villa-maria\/un-documental-sobre-los-incendios-en-las-sierras-hoy-mas-necesario-que-nunca\/","og_site_name":"El Regional","article_publisher":"https:\/\/www.facebook.com\/elregionalvm","article_published_time":"2024-11-02T22:21:17+00:00","article_modified_time":"2024-11-02T22:22:08+00:00","og_image":[{"width":1600,"height":1066,"url":"https:\/\/elregionalvm.com.ar\/noticias-villa-maria\/wp-content\/uploads\/2024\/11\/Filme-fuego.jpeg","type":"image\/jpeg"}],"author":"Germ\u00e1n Giacchero","twitter_card":"summary_large_image","twitter_creator":"@elregionalvm1","twitter_site":"@elregionalvm1","twitter_misc":{"Escrito por":"Germ\u00e1n Giacchero","Tiempo de lectura":"4 minutos"},"schema":{"@context":"https:\/\/schema.org","@graph":[{"@type":"Article","@id":"https:\/\/elregionalvm.com.ar\/noticias-villa-maria\/un-documental-sobre-los-incendios-en-las-sierras-hoy-mas-necesario-que-nunca\/#article","isPartOf":{"@id":"https:\/\/elregionalvm.com.ar\/noticias-villa-maria\/un-documental-sobre-los-incendios-en-las-sierras-hoy-mas-necesario-que-nunca\/"},"author":{"name":"Germ\u00e1n Giacchero","@id":"http:\/\/elregionalvm.com.ar\/noticias-villa-maria\/#\/schema\/person\/d5e4b04966154131701e52c45d3efec9"},"headline":"Un documental sobre los incendios en las Sierras, hoy m\u00e1s necesario que nunca","datePublished":"2024-11-02T22:21:17+00:00","dateModified":"2024-11-02T22:22:08+00:00","mainEntityOfPage":{"@id":"https:\/\/elregionalvm.com.ar\/noticias-villa-maria\/un-documental-sobre-los-incendios-en-las-sierras-hoy-mas-necesario-que-nunca\/"},"wordCount":696,"commentCount":0,"image":{"@id":"https:\/\/elregionalvm.com.ar\/noticias-villa-maria\/un-documental-sobre-los-incendios-en-las-sierras-hoy-mas-necesario-que-nunca\/#primaryimage"},"thumbnailUrl":"https:\/\/i0.wp.com\/elregionalvm.com.ar\/noticias-villa-maria\/wp-content\/uploads\/2024\/11\/Filme-fuego.jpeg?fit=1600%2C1066&ssl=1","keywords":["Centro Cultural Leonardo Favio","c\u00f3rdoba","Documental","Fuego","realizadores","sierras"],"articleSection":["Cultura","destacado","Provinciales","Villa Mar\u00eda"],"inLanguage":"es","potentialAction":[{"@type":"CommentAction","name":"Comment","target":["https:\/\/elregionalvm.com.ar\/noticias-villa-maria\/un-documental-sobre-los-incendios-en-las-sierras-hoy-mas-necesario-que-nunca\/#respond"]}]},{"@type":"WebPage","@id":"https:\/\/elregionalvm.com.ar\/noticias-villa-maria\/un-documental-sobre-los-incendios-en-las-sierras-hoy-mas-necesario-que-nunca\/","url":"https:\/\/elregionalvm.com.ar\/noticias-villa-maria\/un-documental-sobre-los-incendios-en-las-sierras-hoy-mas-necesario-que-nunca\/","name":"Un documental sobre los incendios en las Sierras, hoy m\u00e1s necesario que nunca - El Regional","isPartOf":{"@id":"http:\/\/elregionalvm.com.ar\/noticias-villa-maria\/#website"},"primaryImageOfPage":{"@id":"https:\/\/elregionalvm.com.ar\/noticias-villa-maria\/un-documental-sobre-los-incendios-en-las-sierras-hoy-mas-necesario-que-nunca\/#primaryimage"},"image":{"@id":"https:\/\/elregionalvm.com.ar\/noticias-villa-maria\/un-documental-sobre-los-incendios-en-las-sierras-hoy-mas-necesario-que-nunca\/#primaryimage"},"thumbnailUrl":"https:\/\/i0.wp.com\/elregionalvm.com.ar\/noticias-villa-maria\/wp-content\/uploads\/2024\/11\/Filme-fuego.jpeg?fit=1600%2C1066&ssl=1","datePublished":"2024-11-02T22:21:17+00:00","dateModified":"2024-11-02T22:22:08+00:00","author":{"@id":"http:\/\/elregionalvm.com.ar\/noticias-villa-maria\/#\/schema\/person\/d5e4b04966154131701e52c45d3efec9"},"breadcrumb":{"@id":"https:\/\/elregionalvm.com.ar\/noticias-villa-maria\/un-documental-sobre-los-incendios-en-las-sierras-hoy-mas-necesario-que-nunca\/#breadcrumb"},"inLanguage":"es","potentialAction":[{"@type":"ReadAction","target":["https:\/\/elregionalvm.com.ar\/noticias-villa-maria\/un-documental-sobre-los-incendios-en-las-sierras-hoy-mas-necesario-que-nunca\/"]}]},{"@type":"ImageObject","inLanguage":"es","@id":"https:\/\/elregionalvm.com.ar\/noticias-villa-maria\/un-documental-sobre-los-incendios-en-las-sierras-hoy-mas-necesario-que-nunca\/#primaryimage","url":"https:\/\/i0.wp.com\/elregionalvm.com.ar\/noticias-villa-maria\/wp-content\/uploads\/2024\/11\/Filme-fuego.jpeg?fit=1600%2C1066&ssl=1","contentUrl":"https:\/\/i0.wp.com\/elregionalvm.com.ar\/noticias-villa-maria\/wp-content\/uploads\/2024\/11\/Filme-fuego.jpeg?fit=1600%2C1066&ssl=1","width":1600,"height":1066},{"@type":"BreadcrumbList","@id":"https:\/\/elregionalvm.com.ar\/noticias-villa-maria\/un-documental-sobre-los-incendios-en-las-sierras-hoy-mas-necesario-que-nunca\/#breadcrumb","itemListElement":[{"@type":"ListItem","position":1,"name":"Portada","item":"https:\/\/elregionalvm.com.ar\/noticias-villa-maria\/"},{"@type":"ListItem","position":2,"name":"Un documental sobre los incendios en las Sierras, hoy m\u00e1s necesario que nunca"}]},{"@type":"WebSite","@id":"http:\/\/elregionalvm.com.ar\/noticias-villa-maria\/#website","url":"http:\/\/elregionalvm.com.ar\/noticias-villa-maria\/","name":"El Regional","description":"Mucho m\u00e1s que informaci\u00f3n","potentialAction":[{"@type":"SearchAction","target":{"@type":"EntryPoint","urlTemplate":"http:\/\/elregionalvm.com.ar\/noticias-villa-maria\/?s={search_term_string}"},"query-input":{"@type":"PropertyValueSpecification","valueRequired":true,"valueName":"search_term_string"}}],"inLanguage":"es"},{"@type":"Person","@id":"http:\/\/elregionalvm.com.ar\/noticias-villa-maria\/#\/schema\/person\/d5e4b04966154131701e52c45d3efec9","name":"Germ\u00e1n Giacchero","image":{"@type":"ImageObject","inLanguage":"es","@id":"http:\/\/elregionalvm.com.ar\/noticias-villa-maria\/#\/schema\/person\/image\/","url":"https:\/\/secure.gravatar.com\/avatar\/fda163ba5ef0307ee5be9846e10f83b6e83d0cfb260d3b2464830318894c6b04?s=96&d=mm&r=g","contentUrl":"https:\/\/secure.gravatar.com\/avatar\/fda163ba5ef0307ee5be9846e10f83b6e83d0cfb260d3b2464830318894c6b04?s=96&d=mm&r=g","caption":"Germ\u00e1n Giacchero"},"url":"https:\/\/elregionalvm.com.ar\/noticias-villa-maria\/author\/germangiacchero\/"}]}},"jetpack_featured_media_url":"https:\/\/i0.wp.com\/elregionalvm.com.ar\/noticias-villa-maria\/wp-content\/uploads\/2024\/11\/Filme-fuego.jpeg?fit=1600%2C1066&ssl=1","jetpack_sharing_enabled":true,"_links":{"self":[{"href":"https:\/\/elregionalvm.com.ar\/noticias-villa-maria\/wp-json\/wp\/v2\/posts\/100326","targetHints":{"allow":["GET"]}}],"collection":[{"href":"https:\/\/elregionalvm.com.ar\/noticias-villa-maria\/wp-json\/wp\/v2\/posts"}],"about":[{"href":"https:\/\/elregionalvm.com.ar\/noticias-villa-maria\/wp-json\/wp\/v2\/types\/post"}],"author":[{"embeddable":true,"href":"https:\/\/elregionalvm.com.ar\/noticias-villa-maria\/wp-json\/wp\/v2\/users\/6"}],"replies":[{"embeddable":true,"href":"https:\/\/elregionalvm.com.ar\/noticias-villa-maria\/wp-json\/wp\/v2\/comments?post=100326"}],"version-history":[{"count":1,"href":"https:\/\/elregionalvm.com.ar\/noticias-villa-maria\/wp-json\/wp\/v2\/posts\/100326\/revisions"}],"predecessor-version":[{"id":100329,"href":"https:\/\/elregionalvm.com.ar\/noticias-villa-maria\/wp-json\/wp\/v2\/posts\/100326\/revisions\/100329"}],"wp:featuredmedia":[{"embeddable":true,"href":"https:\/\/elregionalvm.com.ar\/noticias-villa-maria\/wp-json\/wp\/v2\/media\/100328"}],"wp:attachment":[{"href":"https:\/\/elregionalvm.com.ar\/noticias-villa-maria\/wp-json\/wp\/v2\/media?parent=100326"}],"wp:term":[{"taxonomy":"category","embeddable":true,"href":"https:\/\/elregionalvm.com.ar\/noticias-villa-maria\/wp-json\/wp\/v2\/categories?post=100326"},{"taxonomy":"post_tag","embeddable":true,"href":"https:\/\/elregionalvm.com.ar\/noticias-villa-maria\/wp-json\/wp\/v2\/tags?post=100326"}],"curies":[{"name":"wp","href":"https:\/\/api.w.org\/{rel}","templated":true}]}}