{"id":100375,"date":"2024-11-04T22:43:36","date_gmt":"2024-11-04T22:43:36","guid":{"rendered":"https:\/\/elregionalvm.com.ar\/noticias-villa-maria\/?p=100375"},"modified":"2024-11-04T22:43:52","modified_gmt":"2024-11-04T22:43:52","slug":"accastello-y-el-intendente-de-bell-ville-presentaron-la-xxi-edicion-de-la-fiesta-de-la-pelota","status":"publish","type":"post","link":"https:\/\/elregionalvm.com.ar\/noticias-villa-maria\/accastello-y-el-intendente-de-bell-ville-presentaron-la-xxi-edicion-de-la-fiesta-de-la-pelota\/","title":{"rendered":"Accastello y el Intendente de Bell Ville presentaron la XXI edici\u00f3n de la Fiesta de la Pelota"},"content":{"rendered":"\n<p>El intendente municipal Eduardo Accastello y su par de Bell Ville, Juan Manuel Moroni, presentaron en nuestra ciudad la XXI Fiesta Nacional de la Pelota de F\u00fatbol.<\/p>\n\n\n\n<figure class=\"wp-block-image size-large\"><img data-recalc-dims=\"1\" fetchpriority=\"high\" decoding=\"async\" width=\"1024\" height=\"768\" src=\"https:\/\/i0.wp.com\/elregionalvm.com.ar\/noticias-villa-maria\/wp-content\/uploads\/2024\/11\/WhatsApp-Image-2024-11-04-at-15.26.57-1.jpeg?resize=1024%2C768&#038;ssl=1\" alt=\"\" class=\"wp-image-100376\" srcset=\"https:\/\/i0.wp.com\/elregionalvm.com.ar\/noticias-villa-maria\/wp-content\/uploads\/2024\/11\/WhatsApp-Image-2024-11-04-at-15.26.57-1.jpeg?resize=1024%2C768&amp;ssl=1 1024w, https:\/\/i0.wp.com\/elregionalvm.com.ar\/noticias-villa-maria\/wp-content\/uploads\/2024\/11\/WhatsApp-Image-2024-11-04-at-15.26.57-1.jpeg?resize=300%2C225&amp;ssl=1 300w, https:\/\/i0.wp.com\/elregionalvm.com.ar\/noticias-villa-maria\/wp-content\/uploads\/2024\/11\/WhatsApp-Image-2024-11-04-at-15.26.57-1.jpeg?resize=768%2C576&amp;ssl=1 768w, https:\/\/i0.wp.com\/elregionalvm.com.ar\/noticias-villa-maria\/wp-content\/uploads\/2024\/11\/WhatsApp-Image-2024-11-04-at-15.26.57-1.jpeg?w=1440&amp;ssl=1 1440w\" sizes=\"(max-width: 1000px) 100vw, 1000px\" \/><\/figure>\n\n\n\n<p>En una conferencia de prensa realizada en el Sal\u00f3n Blanco del Palacio Municipal, de la que tambi\u00e9n participaron la legisladora provincial, Ver\u00f3nica Navarro Alegre; el secretario de Gobierno Cultura y Relaciones Institucionales, Marcos Bovo y el presidente del Ente Deporte y Turismo, Alejandro Mana, se brindaron detalles de la propuesta art\u00edstica a realizarse del 15 al 17 de noviembre en la ciudad de Bell Ville.<\/p>\n\n\n\n<p>En este sentido, el intendente Eduardo Accastello dijo: \u201dQuiero agradecer al intendente Moroni por visitar nuestra ciudad y por invitarnos a todos los villamarienses a la Fiesta Nacional de la Pelota de Futbol que a\u00f1o tras a\u00f1o viene creciendo de una manera muy importante como evento cultural, gastron\u00f3mico y art\u00edstico\u201d.<\/p>\n\n\n\n<p>A su turno, el jefe comunal de la ciudad de Bell Ville, Juan Manuel Moroni, a\u00f1adi\u00f3: \u201dLa ciudad se prepara para vivir esta fiesta, venimos con una propuesta novedosa a pedido de nuestros vecinos, un s\u00f3lo d\u00eda era poco as\u00ed que hemos para realizar tres fechas, el 15, 16 y 17 de noviembre. Tambi\u00e9n va a haber un paseo de la pelota, aleda\u00f1o al predio del ferrocarril, y el d\u00eda 16 el evento principal con artistas como Ulises Bueno, Jorge Rojas y Arrasa como Topadora, una banda de Villa Mar\u00eda que va a estar acompa\u00f1ada por nuestra banda musical local en un trabajo articulado entre ambas ciudades, con un intercambio cultural\u201d.<\/p>\n\n\n\n<p>Luego continu\u00f3: \u201dAdem\u00e1s. se realizar\u00e1n distintas cuestiones culturales, recreativas, gastron\u00f3micas, comerciales y va a haber un escenario libre para que cualquier artista de la zona, que previamente se inscriba a trav\u00e9s de la p\u00e1gina web del municipio, pueda mostrar, difundir lo que hacen y usar de vidriera otra localidad que no sea la suya\u201d.<\/p>\n\n\n\n<p>Cabe mencionar que los eventos del d\u00eda 16 de noviembre contemplan un derecho de espect\u00e1culo de $5.000 que se puede adquirir por medio de entidades de bien p\u00fablico de la localidad de Bell Ville, como bomberos voluntarios, distintas escuelas y clubes, adem\u00e1s de la p\u00e1gina del municipio. Tambi\u00e9n se podr\u00e1 adquirir al ingreso del predio.<\/p>\n\n\n\n<p>La noche central de la celebraci\u00f3n contar\u00e1 con la participar\u00e1n Jorge Rojas, Ulises Bueno y Arrasa como Topadora. Durante la festividad que tendr\u00e1 lugar en el predio del ferrocarril, tambi\u00e9n se llevar\u00e1n adelante eventos deportivos, culturales y recreativos.<\/p>\n\n\n\n<p>Los interesados en conocer m\u00e1s detalles de la Fiesta de la Pelota, deben ingresar a la web: www.fiestadelapelotabellville.com.ar o en las redes sociales: @\u200cfiestanacionaldelapelota.<\/p>\n\n\n\n<p>De la presentaci\u00f3n tambi\u00e9n participaron el secretario de Gobierno de Bell Ville, Gast\u00f3n Nilia y la jefa de Prensa del mismo municipio, Carolina Pranzoni.<\/p>\n","protected":false},"excerpt":{"rendered":"<p>El intendente municipal Eduardo Accastello y su par de Bell Ville, Juan Manuel Moroni, presentaron en nuestra ciudad la XXI Fiesta Nacional de la Pelota de F\u00fatbol. En una conferencia de prensa realizada en el Sal\u00f3n Blanco del Palacio Municipal, de la que tambi\u00e9n participaron la legisladora provincial, Ver\u00f3nica Navarro Alegre; el secretario de Gobierno [&hellip;]<\/p>\n","protected":false},"author":4,"featured_media":100377,"comment_status":"open","ping_status":"open","sticky":false,"template":"","format":"standard","meta":{"site-sidebar-layout":"default","site-content-layout":"","ast-site-content-layout":"default","site-content-style":"default","site-sidebar-style":"default","ast-global-header-display":"","ast-banner-title-visibility":"","ast-main-header-display":"","ast-hfb-above-header-display":"","ast-hfb-below-header-display":"","ast-hfb-mobile-header-display":"","site-post-title":"","ast-breadcrumbs-content":"","ast-featured-img":"","footer-sml-layout":"","ast-disable-related-posts":"","theme-transparent-header-meta":"","adv-header-id-meta":"","stick-header-meta":"","header-above-stick-meta":"","header-main-stick-meta":"","header-below-stick-meta":"","astra-migrate-meta-layouts":"set","ast-page-background-enabled":"default","ast-page-background-meta":{"desktop":{"background-color":"","background-image":"","background-repeat":"repeat","background-position":"center center","background-size":"auto","background-attachment":"scroll","background-type":"","background-media":"","overlay-type":"","overlay-color":"","overlay-opacity":"","overlay-gradient":""},"tablet":{"background-color":"","background-image":"","background-repeat":"repeat","background-position":"center center","background-size":"auto","background-attachment":"scroll","background-type":"","background-media":"","overlay-type":"","overlay-color":"","overlay-opacity":"","overlay-gradient":""},"mobile":{"background-color":"","background-image":"","background-repeat":"repeat","background-position":"center center","background-size":"auto","background-attachment":"scroll","background-type":"","background-media":"","overlay-type":"","overlay-color":"","overlay-opacity":"","overlay-gradient":""}},"ast-content-background-meta":{"desktop":{"background-color":"var(--ast-global-color-5)","background-image":"","background-repeat":"repeat","background-position":"center center","background-size":"auto","background-attachment":"scroll","background-type":"","background-media":"","overlay-type":"","overlay-color":"","overlay-opacity":"","overlay-gradient":""},"tablet":{"background-color":"var(--ast-global-color-5)","background-image":"","background-repeat":"repeat","background-position":"center center","background-size":"auto","background-attachment":"scroll","background-type":"","background-media":"","overlay-type":"","overlay-color":"","overlay-opacity":"","overlay-gradient":""},"mobile":{"background-color":"var(--ast-global-color-5)","background-image":"","background-repeat":"repeat","background-position":"center center","background-size":"auto","background-attachment":"scroll","background-type":"","background-media":"","overlay-type":"","overlay-color":"","overlay-opacity":"","overlay-gradient":""}},"_jetpack_memberships_contains_paid_content":false,"_joinchat":[],"footnotes":""},"categories":[15302,5,2],"tags":[],"class_list":["post-100375","post","type-post","status-publish","format-standard","has-post-thumbnail","hentry","category-destacado","category-sociedad","category-villa-maria"],"yoast_head":"<!-- This site is optimized with the Yoast SEO plugin v26.8 - https:\/\/yoast.com\/product\/yoast-seo-wordpress\/ -->\n<title>Accastello y el Intendente de Bell Ville presentaron la XXI edici\u00f3n de la Fiesta de la Pelota - El Regional<\/title>\n<meta name=\"robots\" content=\"index, follow, max-snippet:-1, max-image-preview:large, max-video-preview:-1\" \/>\n<link rel=\"canonical\" href=\"https:\/\/elregionalvm.com.ar\/noticias-villa-maria\/accastello-y-el-intendente-de-bell-ville-presentaron-la-xxi-edicion-de-la-fiesta-de-la-pelota\/\" \/>\n<meta property=\"og:locale\" content=\"es_ES\" \/>\n<meta property=\"og:type\" content=\"article\" \/>\n<meta property=\"og:title\" content=\"Accastello y el Intendente de Bell Ville presentaron la XXI edici\u00f3n de la Fiesta de la Pelota - El Regional\" \/>\n<meta property=\"og:description\" content=\"El intendente municipal Eduardo Accastello y su par de Bell Ville, Juan Manuel Moroni, presentaron en nuestra ciudad la XXI Fiesta Nacional de la Pelota de F\u00fatbol. En una conferencia de prensa realizada en el Sal\u00f3n Blanco del Palacio Municipal, de la que tambi\u00e9n participaron la legisladora provincial, Ver\u00f3nica Navarro Alegre; el secretario de Gobierno [&hellip;]\" \/>\n<meta property=\"og:url\" content=\"https:\/\/elregionalvm.com.ar\/noticias-villa-maria\/accastello-y-el-intendente-de-bell-ville-presentaron-la-xxi-edicion-de-la-fiesta-de-la-pelota\/\" \/>\n<meta property=\"og:site_name\" content=\"El Regional\" \/>\n<meta property=\"article:publisher\" content=\"https:\/\/www.facebook.com\/elregionalvm\" \/>\n<meta property=\"article:published_time\" content=\"2024-11-04T22:43:36+00:00\" \/>\n<meta property=\"article:modified_time\" content=\"2024-11-04T22:43:52+00:00\" \/>\n<meta property=\"og:image\" content=\"https:\/\/elregionalvm.com.ar\/noticias-villa-maria\/wp-content\/uploads\/2024\/11\/WhatsApp-Image-2024-11-04-at-15.26.57.jpeg\" \/>\n\t<meta property=\"og:image:width\" content=\"1440\" \/>\n\t<meta property=\"og:image:height\" content=\"1080\" \/>\n\t<meta property=\"og:image:type\" content=\"image\/jpeg\" \/>\n<meta name=\"author\" content=\"Contenidos El Regional\" \/>\n<meta name=\"twitter:card\" content=\"summary_large_image\" \/>\n<meta name=\"twitter:creator\" content=\"@elregionalvm1\" \/>\n<meta name=\"twitter:site\" content=\"@elregionalvm1\" \/>\n<meta name=\"twitter:label1\" content=\"Escrito por\" \/>\n\t<meta name=\"twitter:data1\" content=\"Contenidos El Regional\" \/>\n\t<meta name=\"twitter:label2\" content=\"Tiempo de lectura\" \/>\n\t<meta name=\"twitter:data2\" content=\"3 minutos\" \/>\n<script type=\"application\/ld+json\" class=\"yoast-schema-graph\">{\"@context\":\"https:\/\/schema.org\",\"@graph\":[{\"@type\":\"Article\",\"@id\":\"https:\/\/elregionalvm.com.ar\/noticias-villa-maria\/accastello-y-el-intendente-de-bell-ville-presentaron-la-xxi-edicion-de-la-fiesta-de-la-pelota\/#article\",\"isPartOf\":{\"@id\":\"https:\/\/elregionalvm.com.ar\/noticias-villa-maria\/accastello-y-el-intendente-de-bell-ville-presentaron-la-xxi-edicion-de-la-fiesta-de-la-pelota\/\"},\"author\":{\"name\":\"Contenidos El Regional\",\"@id\":\"http:\/\/elregionalvm.com.ar\/noticias-villa-maria\/#\/schema\/person\/a0fb9c422317faca23d50163151bc354\"},\"headline\":\"Accastello y el Intendente de Bell Ville presentaron la XXI edici\u00f3n de la Fiesta de la Pelota\",\"datePublished\":\"2024-11-04T22:43:36+00:00\",\"dateModified\":\"2024-11-04T22:43:52+00:00\",\"mainEntityOfPage\":{\"@id\":\"https:\/\/elregionalvm.com.ar\/noticias-villa-maria\/accastello-y-el-intendente-de-bell-ville-presentaron-la-xxi-edicion-de-la-fiesta-de-la-pelota\/\"},\"wordCount\":497,\"commentCount\":0,\"image\":{\"@id\":\"https:\/\/elregionalvm.com.ar\/noticias-villa-maria\/accastello-y-el-intendente-de-bell-ville-presentaron-la-xxi-edicion-de-la-fiesta-de-la-pelota\/#primaryimage\"},\"thumbnailUrl\":\"https:\/\/i0.wp.com\/elregionalvm.com.ar\/noticias-villa-maria\/wp-content\/uploads\/2024\/11\/WhatsApp-Image-2024-11-04-at-15.26.57.jpeg?fit=1440%2C1080&ssl=1\",\"articleSection\":[\"destacado\",\"Sociedad\",\"Villa Mar\u00eda\"],\"inLanguage\":\"es\",\"potentialAction\":[{\"@type\":\"CommentAction\",\"name\":\"Comment\",\"target\":[\"https:\/\/elregionalvm.com.ar\/noticias-villa-maria\/accastello-y-el-intendente-de-bell-ville-presentaron-la-xxi-edicion-de-la-fiesta-de-la-pelota\/#respond\"]}]},{\"@type\":\"WebPage\",\"@id\":\"https:\/\/elregionalvm.com.ar\/noticias-villa-maria\/accastello-y-el-intendente-de-bell-ville-presentaron-la-xxi-edicion-de-la-fiesta-de-la-pelota\/\",\"url\":\"https:\/\/elregionalvm.com.ar\/noticias-villa-maria\/accastello-y-el-intendente-de-bell-ville-presentaron-la-xxi-edicion-de-la-fiesta-de-la-pelota\/\",\"name\":\"Accastello y el Intendente de Bell Ville presentaron la XXI edici\u00f3n de la Fiesta de la Pelota - El Regional\",\"isPartOf\":{\"@id\":\"http:\/\/elregionalvm.com.ar\/noticias-villa-maria\/#website\"},\"primaryImageOfPage\":{\"@id\":\"https:\/\/elregionalvm.com.ar\/noticias-villa-maria\/accastello-y-el-intendente-de-bell-ville-presentaron-la-xxi-edicion-de-la-fiesta-de-la-pelota\/#primaryimage\"},\"image\":{\"@id\":\"https:\/\/elregionalvm.com.ar\/noticias-villa-maria\/accastello-y-el-intendente-de-bell-ville-presentaron-la-xxi-edicion-de-la-fiesta-de-la-pelota\/#primaryimage\"},\"thumbnailUrl\":\"https:\/\/i0.wp.com\/elregionalvm.com.ar\/noticias-villa-maria\/wp-content\/uploads\/2024\/11\/WhatsApp-Image-2024-11-04-at-15.26.57.jpeg?fit=1440%2C1080&ssl=1\",\"datePublished\":\"2024-11-04T22:43:36+00:00\",\"dateModified\":\"2024-11-04T22:43:52+00:00\",\"author\":{\"@id\":\"http:\/\/elregionalvm.com.ar\/noticias-villa-maria\/#\/schema\/person\/a0fb9c422317faca23d50163151bc354\"},\"breadcrumb\":{\"@id\":\"https:\/\/elregionalvm.com.ar\/noticias-villa-maria\/accastello-y-el-intendente-de-bell-ville-presentaron-la-xxi-edicion-de-la-fiesta-de-la-pelota\/#breadcrumb\"},\"inLanguage\":\"es\",\"potentialAction\":[{\"@type\":\"ReadAction\",\"target\":[\"https:\/\/elregionalvm.com.ar\/noticias-villa-maria\/accastello-y-el-intendente-de-bell-ville-presentaron-la-xxi-edicion-de-la-fiesta-de-la-pelota\/\"]}]},{\"@type\":\"ImageObject\",\"inLanguage\":\"es\",\"@id\":\"https:\/\/elregionalvm.com.ar\/noticias-villa-maria\/accastello-y-el-intendente-de-bell-ville-presentaron-la-xxi-edicion-de-la-fiesta-de-la-pelota\/#primaryimage\",\"url\":\"https:\/\/i0.wp.com\/elregionalvm.com.ar\/noticias-villa-maria\/wp-content\/uploads\/2024\/11\/WhatsApp-Image-2024-11-04-at-15.26.57.jpeg?fit=1440%2C1080&ssl=1\",\"contentUrl\":\"https:\/\/i0.wp.com\/elregionalvm.com.ar\/noticias-villa-maria\/wp-content\/uploads\/2024\/11\/WhatsApp-Image-2024-11-04-at-15.26.57.jpeg?fit=1440%2C1080&ssl=1\",\"width\":1440,\"height\":1080},{\"@type\":\"BreadcrumbList\",\"@id\":\"https:\/\/elregionalvm.com.ar\/noticias-villa-maria\/accastello-y-el-intendente-de-bell-ville-presentaron-la-xxi-edicion-de-la-fiesta-de-la-pelota\/#breadcrumb\",\"itemListElement\":[{\"@type\":\"ListItem\",\"position\":1,\"name\":\"Portada\",\"item\":\"https:\/\/elregionalvm.com.ar\/noticias-villa-maria\/\"},{\"@type\":\"ListItem\",\"position\":2,\"name\":\"Accastello y el Intendente de Bell Ville presentaron la XXI edici\u00f3n de la Fiesta de la Pelota\"}]},{\"@type\":\"WebSite\",\"@id\":\"http:\/\/elregionalvm.com.ar\/noticias-villa-maria\/#website\",\"url\":\"http:\/\/elregionalvm.com.ar\/noticias-villa-maria\/\",\"name\":\"El Regional\",\"description\":\"Mucho m\u00e1s que informaci\u00f3n\",\"potentialAction\":[{\"@type\":\"SearchAction\",\"target\":{\"@type\":\"EntryPoint\",\"urlTemplate\":\"http:\/\/elregionalvm.com.ar\/noticias-villa-maria\/?s={search_term_string}\"},\"query-input\":{\"@type\":\"PropertyValueSpecification\",\"valueRequired\":true,\"valueName\":\"search_term_string\"}}],\"inLanguage\":\"es\"},{\"@type\":\"Person\",\"@id\":\"http:\/\/elregionalvm.com.ar\/noticias-villa-maria\/#\/schema\/person\/a0fb9c422317faca23d50163151bc354\",\"name\":\"Contenidos El Regional\",\"image\":{\"@type\":\"ImageObject\",\"inLanguage\":\"es\",\"@id\":\"http:\/\/elregionalvm.com.ar\/noticias-villa-maria\/#\/schema\/person\/image\/\",\"url\":\"https:\/\/secure.gravatar.com\/avatar\/265b27cb2209af7bb3a1318f03305787d7981a5cc6e6cd08fe5a4ecdf99d4b48?s=96&d=mm&r=g\",\"contentUrl\":\"https:\/\/secure.gravatar.com\/avatar\/265b27cb2209af7bb3a1318f03305787d7981a5cc6e6cd08fe5a4ecdf99d4b48?s=96&d=mm&r=g\",\"caption\":\"Contenidos El Regional\"},\"url\":\"https:\/\/elregionalvm.com.ar\/noticias-villa-maria\/author\/contenido\/\"}]}<\/script>\n<!-- \/ Yoast SEO plugin. -->","yoast_head_json":{"title":"Accastello y el Intendente de Bell Ville presentaron la XXI edici\u00f3n de la Fiesta de la Pelota - El Regional","robots":{"index":"index","follow":"follow","max-snippet":"max-snippet:-1","max-image-preview":"max-image-preview:large","max-video-preview":"max-video-preview:-1"},"canonical":"https:\/\/elregionalvm.com.ar\/noticias-villa-maria\/accastello-y-el-intendente-de-bell-ville-presentaron-la-xxi-edicion-de-la-fiesta-de-la-pelota\/","og_locale":"es_ES","og_type":"article","og_title":"Accastello y el Intendente de Bell Ville presentaron la XXI edici\u00f3n de la Fiesta de la Pelota - El Regional","og_description":"El intendente municipal Eduardo Accastello y su par de Bell Ville, Juan Manuel Moroni, presentaron en nuestra ciudad la XXI Fiesta Nacional de la Pelota de F\u00fatbol. En una conferencia de prensa realizada en el Sal\u00f3n Blanco del Palacio Municipal, de la que tambi\u00e9n participaron la legisladora provincial, Ver\u00f3nica Navarro Alegre; el secretario de Gobierno [&hellip;]","og_url":"https:\/\/elregionalvm.com.ar\/noticias-villa-maria\/accastello-y-el-intendente-de-bell-ville-presentaron-la-xxi-edicion-de-la-fiesta-de-la-pelota\/","og_site_name":"El Regional","article_publisher":"https:\/\/www.facebook.com\/elregionalvm","article_published_time":"2024-11-04T22:43:36+00:00","article_modified_time":"2024-11-04T22:43:52+00:00","og_image":[{"width":1440,"height":1080,"url":"https:\/\/elregionalvm.com.ar\/noticias-villa-maria\/wp-content\/uploads\/2024\/11\/WhatsApp-Image-2024-11-04-at-15.26.57.jpeg","type":"image\/jpeg"}],"author":"Contenidos El Regional","twitter_card":"summary_large_image","twitter_creator":"@elregionalvm1","twitter_site":"@elregionalvm1","twitter_misc":{"Escrito por":"Contenidos El Regional","Tiempo de lectura":"3 minutos"},"schema":{"@context":"https:\/\/schema.org","@graph":[{"@type":"Article","@id":"https:\/\/elregionalvm.com.ar\/noticias-villa-maria\/accastello-y-el-intendente-de-bell-ville-presentaron-la-xxi-edicion-de-la-fiesta-de-la-pelota\/#article","isPartOf":{"@id":"https:\/\/elregionalvm.com.ar\/noticias-villa-maria\/accastello-y-el-intendente-de-bell-ville-presentaron-la-xxi-edicion-de-la-fiesta-de-la-pelota\/"},"author":{"name":"Contenidos El Regional","@id":"http:\/\/elregionalvm.com.ar\/noticias-villa-maria\/#\/schema\/person\/a0fb9c422317faca23d50163151bc354"},"headline":"Accastello y el Intendente de Bell Ville presentaron la XXI edici\u00f3n de la Fiesta de la Pelota","datePublished":"2024-11-04T22:43:36+00:00","dateModified":"2024-11-04T22:43:52+00:00","mainEntityOfPage":{"@id":"https:\/\/elregionalvm.com.ar\/noticias-villa-maria\/accastello-y-el-intendente-de-bell-ville-presentaron-la-xxi-edicion-de-la-fiesta-de-la-pelota\/"},"wordCount":497,"commentCount":0,"image":{"@id":"https:\/\/elregionalvm.com.ar\/noticias-villa-maria\/accastello-y-el-intendente-de-bell-ville-presentaron-la-xxi-edicion-de-la-fiesta-de-la-pelota\/#primaryimage"},"thumbnailUrl":"https:\/\/i0.wp.com\/elregionalvm.com.ar\/noticias-villa-maria\/wp-content\/uploads\/2024\/11\/WhatsApp-Image-2024-11-04-at-15.26.57.jpeg?fit=1440%2C1080&ssl=1","articleSection":["destacado","Sociedad","Villa Mar\u00eda"],"inLanguage":"es","potentialAction":[{"@type":"CommentAction","name":"Comment","target":["https:\/\/elregionalvm.com.ar\/noticias-villa-maria\/accastello-y-el-intendente-de-bell-ville-presentaron-la-xxi-edicion-de-la-fiesta-de-la-pelota\/#respond"]}]},{"@type":"WebPage","@id":"https:\/\/elregionalvm.com.ar\/noticias-villa-maria\/accastello-y-el-intendente-de-bell-ville-presentaron-la-xxi-edicion-de-la-fiesta-de-la-pelota\/","url":"https:\/\/elregionalvm.com.ar\/noticias-villa-maria\/accastello-y-el-intendente-de-bell-ville-presentaron-la-xxi-edicion-de-la-fiesta-de-la-pelota\/","name":"Accastello y el Intendente de Bell Ville presentaron la XXI edici\u00f3n de la Fiesta de la Pelota - El Regional","isPartOf":{"@id":"http:\/\/elregionalvm.com.ar\/noticias-villa-maria\/#website"},"primaryImageOfPage":{"@id":"https:\/\/elregionalvm.com.ar\/noticias-villa-maria\/accastello-y-el-intendente-de-bell-ville-presentaron-la-xxi-edicion-de-la-fiesta-de-la-pelota\/#primaryimage"},"image":{"@id":"https:\/\/elregionalvm.com.ar\/noticias-villa-maria\/accastello-y-el-intendente-de-bell-ville-presentaron-la-xxi-edicion-de-la-fiesta-de-la-pelota\/#primaryimage"},"thumbnailUrl":"https:\/\/i0.wp.com\/elregionalvm.com.ar\/noticias-villa-maria\/wp-content\/uploads\/2024\/11\/WhatsApp-Image-2024-11-04-at-15.26.57.jpeg?fit=1440%2C1080&ssl=1","datePublished":"2024-11-04T22:43:36+00:00","dateModified":"2024-11-04T22:43:52+00:00","author":{"@id":"http:\/\/elregionalvm.com.ar\/noticias-villa-maria\/#\/schema\/person\/a0fb9c422317faca23d50163151bc354"},"breadcrumb":{"@id":"https:\/\/elregionalvm.com.ar\/noticias-villa-maria\/accastello-y-el-intendente-de-bell-ville-presentaron-la-xxi-edicion-de-la-fiesta-de-la-pelota\/#breadcrumb"},"inLanguage":"es","potentialAction":[{"@type":"ReadAction","target":["https:\/\/elregionalvm.com.ar\/noticias-villa-maria\/accastello-y-el-intendente-de-bell-ville-presentaron-la-xxi-edicion-de-la-fiesta-de-la-pelota\/"]}]},{"@type":"ImageObject","inLanguage":"es","@id":"https:\/\/elregionalvm.com.ar\/noticias-villa-maria\/accastello-y-el-intendente-de-bell-ville-presentaron-la-xxi-edicion-de-la-fiesta-de-la-pelota\/#primaryimage","url":"https:\/\/i0.wp.com\/elregionalvm.com.ar\/noticias-villa-maria\/wp-content\/uploads\/2024\/11\/WhatsApp-Image-2024-11-04-at-15.26.57.jpeg?fit=1440%2C1080&ssl=1","contentUrl":"https:\/\/i0.wp.com\/elregionalvm.com.ar\/noticias-villa-maria\/wp-content\/uploads\/2024\/11\/WhatsApp-Image-2024-11-04-at-15.26.57.jpeg?fit=1440%2C1080&ssl=1","width":1440,"height":1080},{"@type":"BreadcrumbList","@id":"https:\/\/elregionalvm.com.ar\/noticias-villa-maria\/accastello-y-el-intendente-de-bell-ville-presentaron-la-xxi-edicion-de-la-fiesta-de-la-pelota\/#breadcrumb","itemListElement":[{"@type":"ListItem","position":1,"name":"Portada","item":"https:\/\/elregionalvm.com.ar\/noticias-villa-maria\/"},{"@type":"ListItem","position":2,"name":"Accastello y el Intendente de Bell Ville presentaron la XXI edici\u00f3n de la Fiesta de la Pelota"}]},{"@type":"WebSite","@id":"http:\/\/elregionalvm.com.ar\/noticias-villa-maria\/#website","url":"http:\/\/elregionalvm.com.ar\/noticias-villa-maria\/","name":"El Regional","description":"Mucho m\u00e1s que informaci\u00f3n","potentialAction":[{"@type":"SearchAction","target":{"@type":"EntryPoint","urlTemplate":"http:\/\/elregionalvm.com.ar\/noticias-villa-maria\/?s={search_term_string}"},"query-input":{"@type":"PropertyValueSpecification","valueRequired":true,"valueName":"search_term_string"}}],"inLanguage":"es"},{"@type":"Person","@id":"http:\/\/elregionalvm.com.ar\/noticias-villa-maria\/#\/schema\/person\/a0fb9c422317faca23d50163151bc354","name":"Contenidos El Regional","image":{"@type":"ImageObject","inLanguage":"es","@id":"http:\/\/elregionalvm.com.ar\/noticias-villa-maria\/#\/schema\/person\/image\/","url":"https:\/\/secure.gravatar.com\/avatar\/265b27cb2209af7bb3a1318f03305787d7981a5cc6e6cd08fe5a4ecdf99d4b48?s=96&d=mm&r=g","contentUrl":"https:\/\/secure.gravatar.com\/avatar\/265b27cb2209af7bb3a1318f03305787d7981a5cc6e6cd08fe5a4ecdf99d4b48?s=96&d=mm&r=g","caption":"Contenidos El Regional"},"url":"https:\/\/elregionalvm.com.ar\/noticias-villa-maria\/author\/contenido\/"}]}},"jetpack_featured_media_url":"https:\/\/i0.wp.com\/elregionalvm.com.ar\/noticias-villa-maria\/wp-content\/uploads\/2024\/11\/WhatsApp-Image-2024-11-04-at-15.26.57.jpeg?fit=1440%2C1080&ssl=1","jetpack_sharing_enabled":true,"_links":{"self":[{"href":"https:\/\/elregionalvm.com.ar\/noticias-villa-maria\/wp-json\/wp\/v2\/posts\/100375","targetHints":{"allow":["GET"]}}],"collection":[{"href":"https:\/\/elregionalvm.com.ar\/noticias-villa-maria\/wp-json\/wp\/v2\/posts"}],"about":[{"href":"https:\/\/elregionalvm.com.ar\/noticias-villa-maria\/wp-json\/wp\/v2\/types\/post"}],"author":[{"embeddable":true,"href":"https:\/\/elregionalvm.com.ar\/noticias-villa-maria\/wp-json\/wp\/v2\/users\/4"}],"replies":[{"embeddable":true,"href":"https:\/\/elregionalvm.com.ar\/noticias-villa-maria\/wp-json\/wp\/v2\/comments?post=100375"}],"version-history":[{"count":1,"href":"https:\/\/elregionalvm.com.ar\/noticias-villa-maria\/wp-json\/wp\/v2\/posts\/100375\/revisions"}],"predecessor-version":[{"id":100378,"href":"https:\/\/elregionalvm.com.ar\/noticias-villa-maria\/wp-json\/wp\/v2\/posts\/100375\/revisions\/100378"}],"wp:featuredmedia":[{"embeddable":true,"href":"https:\/\/elregionalvm.com.ar\/noticias-villa-maria\/wp-json\/wp\/v2\/media\/100377"}],"wp:attachment":[{"href":"https:\/\/elregionalvm.com.ar\/noticias-villa-maria\/wp-json\/wp\/v2\/media?parent=100375"}],"wp:term":[{"taxonomy":"category","embeddable":true,"href":"https:\/\/elregionalvm.com.ar\/noticias-villa-maria\/wp-json\/wp\/v2\/categories?post=100375"},{"taxonomy":"post_tag","embeddable":true,"href":"https:\/\/elregionalvm.com.ar\/noticias-villa-maria\/wp-json\/wp\/v2\/tags?post=100375"}],"curies":[{"name":"wp","href":"https:\/\/api.w.org\/{rel}","templated":true}]}}