{"id":100385,"date":"2024-11-04T23:11:37","date_gmt":"2024-11-04T23:11:37","guid":{"rendered":"https:\/\/elregionalvm.com.ar\/noticias-villa-maria\/?p=100385"},"modified":"2024-11-04T23:11:38","modified_gmt":"2024-11-04T23:11:38","slug":"el-instituto-san-alberto-magno-fue-reafirmado-a-la-provincia-de-cordoba","status":"publish","type":"post","link":"https:\/\/elregionalvm.com.ar\/noticias-villa-maria\/el-instituto-san-alberto-magno-fue-reafirmado-a-la-provincia-de-cordoba\/","title":{"rendered":"El Instituto San Alberto Magno fue reafirmado a la Provincia de C\u00f3rdoba"},"content":{"rendered":"\n<p>Instituto San Alberto Magno: Adscripci\u00f3n a la Provincia de C\u00f3rdoba<br>El Director General de Institutos Privados de Ense\u00f1anza (DGIPE), Lic.<br>Dar\u00edo Daniel Ramos, por Resoluci\u00f3n Ministerial 414\/24 del d\u00eda veintid\u00f3s de<br>octubre del dos mil veinticuatro, resuelve otorgar la adscripci\u00f3n a la<br>Ense\u00f1anza Oficial de la Provincia de C\u00f3rdoba alInstituto Secundario \u201cSan<br>Alberto Magno\u201d, que corresponde al Obispado de Villa Mar\u00eda. <\/p>\n\n\n\n<figure class=\"wp-block-image size-large\"><img data-recalc-dims=\"1\" fetchpriority=\"high\" decoding=\"async\" width=\"1024\" height=\"473\" src=\"https:\/\/i0.wp.com\/elregionalvm.com.ar\/noticias-villa-maria\/wp-content\/uploads\/2024\/11\/WhatsApp-Image-2024-11-04-at-18.02.30-1.jpeg?resize=1024%2C473&#038;ssl=1\" alt=\"\" class=\"wp-image-100386\" srcset=\"https:\/\/i0.wp.com\/elregionalvm.com.ar\/noticias-villa-maria\/wp-content\/uploads\/2024\/11\/WhatsApp-Image-2024-11-04-at-18.02.30-1.jpeg?resize=1024%2C473&amp;ssl=1 1024w, https:\/\/i0.wp.com\/elregionalvm.com.ar\/noticias-villa-maria\/wp-content\/uploads\/2024\/11\/WhatsApp-Image-2024-11-04-at-18.02.30-1.jpeg?resize=300%2C139&amp;ssl=1 300w, https:\/\/i0.wp.com\/elregionalvm.com.ar\/noticias-villa-maria\/wp-content\/uploads\/2024\/11\/WhatsApp-Image-2024-11-04-at-18.02.30-1.jpeg?resize=768%2C355&amp;ssl=1 768w, https:\/\/i0.wp.com\/elregionalvm.com.ar\/noticias-villa-maria\/wp-content\/uploads\/2024\/11\/WhatsApp-Image-2024-11-04-at-18.02.30-1.jpeg?resize=1536%2C709&amp;ssl=1 1536w, https:\/\/i0.wp.com\/elregionalvm.com.ar\/noticias-villa-maria\/wp-content\/uploads\/2024\/11\/WhatsApp-Image-2024-11-04-at-18.02.30-1.jpeg?w=1600&amp;ssl=1 1600w\" sizes=\"(max-width: 1000px) 100vw, 1000px\" \/><\/figure>\n\n\n\n<p>Este acontecimiento marca un hito hist\u00f3rico para nuestra comunidad<br>educativa.<\/p>\n\n\n\n<p>El Departamento de Auditor\u00eda y el \u00c1rea de Infraestructura Escolar emiten sus<br>correspondientes informes finales, donde concluyen en aconsejar se otorgue la<br>adscripci\u00f3n del Instituto San Alberto Magno, en el inmueble sito en calle M\u00e9xico<br>N\u00b0 60 de la ciudad de Villa Mar\u00eda, Departamento General San Martin.<\/p>\n\n\n\n<p>El Ministerio de Educaci\u00f3n de la provincia de C\u00f3rdoba, ente encargado de<br>supervisar y revisar el proceso que debi\u00f3 transitar la Instituci\u00f3n audit\u00f3 todos los<br>requisitos pedag\u00f3gicos, de Infraestructura y legales.<\/p>\n\n\n\n<p>Tal resoluci\u00f3n confirma oficialmente nuestra existencia como instituci\u00f3n<br>educativa en la regi\u00f3n. <\/p>\n\n\n\n<p>Este logro es el resultado del arduo esfuerzo y la dedicaci\u00f3n de toda la comunidad educativa, as\u00ed como del apoyo de quienes,han confiado en nuestra propuesta.<\/p>\n\n\n\n<p>Agradecemos a las autoridades del ministerio de educaci\u00f3n, DGIPE,<br>autoridades municipales, a todas las familias, y a La Iglesia.<\/p>\n","protected":false},"excerpt":{"rendered":"<p>Instituto San Alberto Magno: Adscripci\u00f3n a la Provincia de C\u00f3rdobaEl Director General de Institutos Privados de Ense\u00f1anza (DGIPE), Lic.Dar\u00edo Daniel Ramos, por Resoluci\u00f3n Ministerial 414\/24 del d\u00eda veintid\u00f3s deoctubre del dos mil veinticuatro, resuelve otorgar la adscripci\u00f3n a laEnse\u00f1anza Oficial de la Provincia de C\u00f3rdoba alInstituto Secundario \u201cSanAlberto Magno\u201d, que corresponde al Obispado de Villa [&hellip;]<\/p>\n","protected":false},"author":4,"featured_media":100387,"comment_status":"open","ping_status":"open","sticky":false,"template":"","format":"standard","meta":{"site-sidebar-layout":"default","site-content-layout":"","ast-site-content-layout":"default","site-content-style":"default","site-sidebar-style":"default","ast-global-header-display":"","ast-banner-title-visibility":"","ast-main-header-display":"","ast-hfb-above-header-display":"","ast-hfb-below-header-display":"","ast-hfb-mobile-header-display":"","site-post-title":"","ast-breadcrumbs-content":"","ast-featured-img":"","footer-sml-layout":"","ast-disable-related-posts":"","theme-transparent-header-meta":"","adv-header-id-meta":"","stick-header-meta":"","header-above-stick-meta":"","header-main-stick-meta":"","header-below-stick-meta":"","astra-migrate-meta-layouts":"set","ast-page-background-enabled":"default","ast-page-background-meta":{"desktop":{"background-color":"","background-image":"","background-repeat":"repeat","background-position":"center center","background-size":"auto","background-attachment":"scroll","background-type":"","background-media":"","overlay-type":"","overlay-color":"","overlay-opacity":"","overlay-gradient":""},"tablet":{"background-color":"","background-image":"","background-repeat":"repeat","background-position":"center center","background-size":"auto","background-attachment":"scroll","background-type":"","background-media":"","overlay-type":"","overlay-color":"","overlay-opacity":"","overlay-gradient":""},"mobile":{"background-color":"","background-image":"","background-repeat":"repeat","background-position":"center center","background-size":"auto","background-attachment":"scroll","background-type":"","background-media":"","overlay-type":"","overlay-color":"","overlay-opacity":"","overlay-gradient":""}},"ast-content-background-meta":{"desktop":{"background-color":"var(--ast-global-color-5)","background-image":"","background-repeat":"repeat","background-position":"center center","background-size":"auto","background-attachment":"scroll","background-type":"","background-media":"","overlay-type":"","overlay-color":"","overlay-opacity":"","overlay-gradient":""},"tablet":{"background-color":"var(--ast-global-color-5)","background-image":"","background-repeat":"repeat","background-position":"center center","background-size":"auto","background-attachment":"scroll","background-type":"","background-media":"","overlay-type":"","overlay-color":"","overlay-opacity":"","overlay-gradient":""},"mobile":{"background-color":"var(--ast-global-color-5)","background-image":"","background-repeat":"repeat","background-position":"center center","background-size":"auto","background-attachment":"scroll","background-type":"","background-media":"","overlay-type":"","overlay-color":"","overlay-opacity":"","overlay-gradient":""}},"_jetpack_memberships_contains_paid_content":false,"_joinchat":[],"footnotes":""},"categories":[15302,5,2],"tags":[],"class_list":["post-100385","post","type-post","status-publish","format-standard","has-post-thumbnail","hentry","category-destacado","category-sociedad","category-villa-maria"],"yoast_head":"<!-- This site is optimized with the Yoast SEO plugin v26.8 - https:\/\/yoast.com\/product\/yoast-seo-wordpress\/ -->\n<title>El Instituto San Alberto Magno fue reafirmado a la Provincia de C\u00f3rdoba - El Regional<\/title>\n<meta name=\"robots\" content=\"index, follow, max-snippet:-1, max-image-preview:large, max-video-preview:-1\" \/>\n<link rel=\"canonical\" href=\"https:\/\/elregionalvm.com.ar\/noticias-villa-maria\/el-instituto-san-alberto-magno-fue-reafirmado-a-la-provincia-de-cordoba\/\" \/>\n<meta property=\"og:locale\" content=\"es_ES\" \/>\n<meta property=\"og:type\" content=\"article\" \/>\n<meta property=\"og:title\" content=\"El Instituto San Alberto Magno fue reafirmado a la Provincia de C\u00f3rdoba - El Regional\" \/>\n<meta property=\"og:description\" content=\"Instituto San Alberto Magno: Adscripci\u00f3n a la Provincia de C\u00f3rdobaEl Director General de Institutos Privados de Ense\u00f1anza (DGIPE), Lic.Dar\u00edo Daniel Ramos, por Resoluci\u00f3n Ministerial 414\/24 del d\u00eda veintid\u00f3s deoctubre del dos mil veinticuatro, resuelve otorgar la adscripci\u00f3n a laEnse\u00f1anza Oficial de la Provincia de C\u00f3rdoba alInstituto Secundario \u201cSanAlberto Magno\u201d, que corresponde al Obispado de Villa [&hellip;]\" \/>\n<meta property=\"og:url\" content=\"https:\/\/elregionalvm.com.ar\/noticias-villa-maria\/el-instituto-san-alberto-magno-fue-reafirmado-a-la-provincia-de-cordoba\/\" \/>\n<meta property=\"og:site_name\" content=\"El Regional\" \/>\n<meta property=\"article:publisher\" content=\"https:\/\/www.facebook.com\/elregionalvm\" \/>\n<meta property=\"article:published_time\" content=\"2024-11-04T23:11:37+00:00\" \/>\n<meta property=\"article:modified_time\" content=\"2024-11-04T23:11:38+00:00\" \/>\n<meta property=\"og:image\" content=\"https:\/\/elregionalvm.com.ar\/noticias-villa-maria\/wp-content\/uploads\/2024\/11\/WhatsApp-Image-2024-11-04-at-18.02.30.jpeg\" \/>\n\t<meta property=\"og:image:width\" content=\"1600\" \/>\n\t<meta property=\"og:image:height\" content=\"739\" \/>\n\t<meta property=\"og:image:type\" content=\"image\/jpeg\" \/>\n<meta name=\"author\" content=\"Contenidos El Regional\" \/>\n<meta name=\"twitter:card\" content=\"summary_large_image\" \/>\n<meta name=\"twitter:creator\" content=\"@elregionalvm1\" \/>\n<meta name=\"twitter:site\" content=\"@elregionalvm1\" \/>\n<meta name=\"twitter:label1\" content=\"Escrito por\" \/>\n\t<meta name=\"twitter:data1\" content=\"Contenidos El Regional\" \/>\n\t<meta name=\"twitter:label2\" content=\"Tiempo de lectura\" \/>\n\t<meta name=\"twitter:data2\" content=\"2 minutos\" \/>\n<script type=\"application\/ld+json\" class=\"yoast-schema-graph\">{\"@context\":\"https:\/\/schema.org\",\"@graph\":[{\"@type\":\"Article\",\"@id\":\"https:\/\/elregionalvm.com.ar\/noticias-villa-maria\/el-instituto-san-alberto-magno-fue-reafirmado-a-la-provincia-de-cordoba\/#article\",\"isPartOf\":{\"@id\":\"https:\/\/elregionalvm.com.ar\/noticias-villa-maria\/el-instituto-san-alberto-magno-fue-reafirmado-a-la-provincia-de-cordoba\/\"},\"author\":{\"name\":\"Contenidos El Regional\",\"@id\":\"http:\/\/elregionalvm.com.ar\/noticias-villa-maria\/#\/schema\/person\/a0fb9c422317faca23d50163151bc354\"},\"headline\":\"El Instituto San Alberto Magno fue reafirmado a la Provincia de C\u00f3rdoba\",\"datePublished\":\"2024-11-04T23:11:37+00:00\",\"dateModified\":\"2024-11-04T23:11:38+00:00\",\"mainEntityOfPage\":{\"@id\":\"https:\/\/elregionalvm.com.ar\/noticias-villa-maria\/el-instituto-san-alberto-magno-fue-reafirmado-a-la-provincia-de-cordoba\/\"},\"wordCount\":232,\"commentCount\":0,\"image\":{\"@id\":\"https:\/\/elregionalvm.com.ar\/noticias-villa-maria\/el-instituto-san-alberto-magno-fue-reafirmado-a-la-provincia-de-cordoba\/#primaryimage\"},\"thumbnailUrl\":\"https:\/\/i0.wp.com\/elregionalvm.com.ar\/noticias-villa-maria\/wp-content\/uploads\/2024\/11\/WhatsApp-Image-2024-11-04-at-18.02.30.jpeg?fit=1600%2C739&ssl=1\",\"articleSection\":[\"destacado\",\"Sociedad\",\"Villa Mar\u00eda\"],\"inLanguage\":\"es\",\"potentialAction\":[{\"@type\":\"CommentAction\",\"name\":\"Comment\",\"target\":[\"https:\/\/elregionalvm.com.ar\/noticias-villa-maria\/el-instituto-san-alberto-magno-fue-reafirmado-a-la-provincia-de-cordoba\/#respond\"]}]},{\"@type\":\"WebPage\",\"@id\":\"https:\/\/elregionalvm.com.ar\/noticias-villa-maria\/el-instituto-san-alberto-magno-fue-reafirmado-a-la-provincia-de-cordoba\/\",\"url\":\"https:\/\/elregionalvm.com.ar\/noticias-villa-maria\/el-instituto-san-alberto-magno-fue-reafirmado-a-la-provincia-de-cordoba\/\",\"name\":\"El Instituto San Alberto Magno fue reafirmado a la Provincia de C\u00f3rdoba - El Regional\",\"isPartOf\":{\"@id\":\"http:\/\/elregionalvm.com.ar\/noticias-villa-maria\/#website\"},\"primaryImageOfPage\":{\"@id\":\"https:\/\/elregionalvm.com.ar\/noticias-villa-maria\/el-instituto-san-alberto-magno-fue-reafirmado-a-la-provincia-de-cordoba\/#primaryimage\"},\"image\":{\"@id\":\"https:\/\/elregionalvm.com.ar\/noticias-villa-maria\/el-instituto-san-alberto-magno-fue-reafirmado-a-la-provincia-de-cordoba\/#primaryimage\"},\"thumbnailUrl\":\"https:\/\/i0.wp.com\/elregionalvm.com.ar\/noticias-villa-maria\/wp-content\/uploads\/2024\/11\/WhatsApp-Image-2024-11-04-at-18.02.30.jpeg?fit=1600%2C739&ssl=1\",\"datePublished\":\"2024-11-04T23:11:37+00:00\",\"dateModified\":\"2024-11-04T23:11:38+00:00\",\"author\":{\"@id\":\"http:\/\/elregionalvm.com.ar\/noticias-villa-maria\/#\/schema\/person\/a0fb9c422317faca23d50163151bc354\"},\"breadcrumb\":{\"@id\":\"https:\/\/elregionalvm.com.ar\/noticias-villa-maria\/el-instituto-san-alberto-magno-fue-reafirmado-a-la-provincia-de-cordoba\/#breadcrumb\"},\"inLanguage\":\"es\",\"potentialAction\":[{\"@type\":\"ReadAction\",\"target\":[\"https:\/\/elregionalvm.com.ar\/noticias-villa-maria\/el-instituto-san-alberto-magno-fue-reafirmado-a-la-provincia-de-cordoba\/\"]}]},{\"@type\":\"ImageObject\",\"inLanguage\":\"es\",\"@id\":\"https:\/\/elregionalvm.com.ar\/noticias-villa-maria\/el-instituto-san-alberto-magno-fue-reafirmado-a-la-provincia-de-cordoba\/#primaryimage\",\"url\":\"https:\/\/i0.wp.com\/elregionalvm.com.ar\/noticias-villa-maria\/wp-content\/uploads\/2024\/11\/WhatsApp-Image-2024-11-04-at-18.02.30.jpeg?fit=1600%2C739&ssl=1\",\"contentUrl\":\"https:\/\/i0.wp.com\/elregionalvm.com.ar\/noticias-villa-maria\/wp-content\/uploads\/2024\/11\/WhatsApp-Image-2024-11-04-at-18.02.30.jpeg?fit=1600%2C739&ssl=1\",\"width\":1600,\"height\":739},{\"@type\":\"BreadcrumbList\",\"@id\":\"https:\/\/elregionalvm.com.ar\/noticias-villa-maria\/el-instituto-san-alberto-magno-fue-reafirmado-a-la-provincia-de-cordoba\/#breadcrumb\",\"itemListElement\":[{\"@type\":\"ListItem\",\"position\":1,\"name\":\"Portada\",\"item\":\"https:\/\/elregionalvm.com.ar\/noticias-villa-maria\/\"},{\"@type\":\"ListItem\",\"position\":2,\"name\":\"El Instituto San Alberto Magno fue reafirmado a la Provincia de C\u00f3rdoba\"}]},{\"@type\":\"WebSite\",\"@id\":\"http:\/\/elregionalvm.com.ar\/noticias-villa-maria\/#website\",\"url\":\"http:\/\/elregionalvm.com.ar\/noticias-villa-maria\/\",\"name\":\"El Regional\",\"description\":\"Mucho m\u00e1s que informaci\u00f3n\",\"potentialAction\":[{\"@type\":\"SearchAction\",\"target\":{\"@type\":\"EntryPoint\",\"urlTemplate\":\"http:\/\/elregionalvm.com.ar\/noticias-villa-maria\/?s={search_term_string}\"},\"query-input\":{\"@type\":\"PropertyValueSpecification\",\"valueRequired\":true,\"valueName\":\"search_term_string\"}}],\"inLanguage\":\"es\"},{\"@type\":\"Person\",\"@id\":\"http:\/\/elregionalvm.com.ar\/noticias-villa-maria\/#\/schema\/person\/a0fb9c422317faca23d50163151bc354\",\"name\":\"Contenidos El Regional\",\"image\":{\"@type\":\"ImageObject\",\"inLanguage\":\"es\",\"@id\":\"http:\/\/elregionalvm.com.ar\/noticias-villa-maria\/#\/schema\/person\/image\/\",\"url\":\"https:\/\/secure.gravatar.com\/avatar\/265b27cb2209af7bb3a1318f03305787d7981a5cc6e6cd08fe5a4ecdf99d4b48?s=96&d=mm&r=g\",\"contentUrl\":\"https:\/\/secure.gravatar.com\/avatar\/265b27cb2209af7bb3a1318f03305787d7981a5cc6e6cd08fe5a4ecdf99d4b48?s=96&d=mm&r=g\",\"caption\":\"Contenidos El Regional\"},\"url\":\"https:\/\/elregionalvm.com.ar\/noticias-villa-maria\/author\/contenido\/\"}]}<\/script>\n<!-- \/ Yoast SEO plugin. -->","yoast_head_json":{"title":"El Instituto San Alberto Magno fue reafirmado a la Provincia de C\u00f3rdoba - El Regional","robots":{"index":"index","follow":"follow","max-snippet":"max-snippet:-1","max-image-preview":"max-image-preview:large","max-video-preview":"max-video-preview:-1"},"canonical":"https:\/\/elregionalvm.com.ar\/noticias-villa-maria\/el-instituto-san-alberto-magno-fue-reafirmado-a-la-provincia-de-cordoba\/","og_locale":"es_ES","og_type":"article","og_title":"El Instituto San Alberto Magno fue reafirmado a la Provincia de C\u00f3rdoba - El Regional","og_description":"Instituto San Alberto Magno: Adscripci\u00f3n a la Provincia de C\u00f3rdobaEl Director General de Institutos Privados de Ense\u00f1anza (DGIPE), Lic.Dar\u00edo Daniel Ramos, por Resoluci\u00f3n Ministerial 414\/24 del d\u00eda veintid\u00f3s deoctubre del dos mil veinticuatro, resuelve otorgar la adscripci\u00f3n a laEnse\u00f1anza Oficial de la Provincia de C\u00f3rdoba alInstituto Secundario \u201cSanAlberto Magno\u201d, que corresponde al Obispado de Villa [&hellip;]","og_url":"https:\/\/elregionalvm.com.ar\/noticias-villa-maria\/el-instituto-san-alberto-magno-fue-reafirmado-a-la-provincia-de-cordoba\/","og_site_name":"El Regional","article_publisher":"https:\/\/www.facebook.com\/elregionalvm","article_published_time":"2024-11-04T23:11:37+00:00","article_modified_time":"2024-11-04T23:11:38+00:00","og_image":[{"width":1600,"height":739,"url":"https:\/\/elregionalvm.com.ar\/noticias-villa-maria\/wp-content\/uploads\/2024\/11\/WhatsApp-Image-2024-11-04-at-18.02.30.jpeg","type":"image\/jpeg"}],"author":"Contenidos El Regional","twitter_card":"summary_large_image","twitter_creator":"@elregionalvm1","twitter_site":"@elregionalvm1","twitter_misc":{"Escrito por":"Contenidos El Regional","Tiempo de lectura":"2 minutos"},"schema":{"@context":"https:\/\/schema.org","@graph":[{"@type":"Article","@id":"https:\/\/elregionalvm.com.ar\/noticias-villa-maria\/el-instituto-san-alberto-magno-fue-reafirmado-a-la-provincia-de-cordoba\/#article","isPartOf":{"@id":"https:\/\/elregionalvm.com.ar\/noticias-villa-maria\/el-instituto-san-alberto-magno-fue-reafirmado-a-la-provincia-de-cordoba\/"},"author":{"name":"Contenidos El Regional","@id":"http:\/\/elregionalvm.com.ar\/noticias-villa-maria\/#\/schema\/person\/a0fb9c422317faca23d50163151bc354"},"headline":"El Instituto San Alberto Magno fue reafirmado a la Provincia de C\u00f3rdoba","datePublished":"2024-11-04T23:11:37+00:00","dateModified":"2024-11-04T23:11:38+00:00","mainEntityOfPage":{"@id":"https:\/\/elregionalvm.com.ar\/noticias-villa-maria\/el-instituto-san-alberto-magno-fue-reafirmado-a-la-provincia-de-cordoba\/"},"wordCount":232,"commentCount":0,"image":{"@id":"https:\/\/elregionalvm.com.ar\/noticias-villa-maria\/el-instituto-san-alberto-magno-fue-reafirmado-a-la-provincia-de-cordoba\/#primaryimage"},"thumbnailUrl":"https:\/\/i0.wp.com\/elregionalvm.com.ar\/noticias-villa-maria\/wp-content\/uploads\/2024\/11\/WhatsApp-Image-2024-11-04-at-18.02.30.jpeg?fit=1600%2C739&ssl=1","articleSection":["destacado","Sociedad","Villa Mar\u00eda"],"inLanguage":"es","potentialAction":[{"@type":"CommentAction","name":"Comment","target":["https:\/\/elregionalvm.com.ar\/noticias-villa-maria\/el-instituto-san-alberto-magno-fue-reafirmado-a-la-provincia-de-cordoba\/#respond"]}]},{"@type":"WebPage","@id":"https:\/\/elregionalvm.com.ar\/noticias-villa-maria\/el-instituto-san-alberto-magno-fue-reafirmado-a-la-provincia-de-cordoba\/","url":"https:\/\/elregionalvm.com.ar\/noticias-villa-maria\/el-instituto-san-alberto-magno-fue-reafirmado-a-la-provincia-de-cordoba\/","name":"El Instituto San Alberto Magno fue reafirmado a la Provincia de C\u00f3rdoba - El Regional","isPartOf":{"@id":"http:\/\/elregionalvm.com.ar\/noticias-villa-maria\/#website"},"primaryImageOfPage":{"@id":"https:\/\/elregionalvm.com.ar\/noticias-villa-maria\/el-instituto-san-alberto-magno-fue-reafirmado-a-la-provincia-de-cordoba\/#primaryimage"},"image":{"@id":"https:\/\/elregionalvm.com.ar\/noticias-villa-maria\/el-instituto-san-alberto-magno-fue-reafirmado-a-la-provincia-de-cordoba\/#primaryimage"},"thumbnailUrl":"https:\/\/i0.wp.com\/elregionalvm.com.ar\/noticias-villa-maria\/wp-content\/uploads\/2024\/11\/WhatsApp-Image-2024-11-04-at-18.02.30.jpeg?fit=1600%2C739&ssl=1","datePublished":"2024-11-04T23:11:37+00:00","dateModified":"2024-11-04T23:11:38+00:00","author":{"@id":"http:\/\/elregionalvm.com.ar\/noticias-villa-maria\/#\/schema\/person\/a0fb9c422317faca23d50163151bc354"},"breadcrumb":{"@id":"https:\/\/elregionalvm.com.ar\/noticias-villa-maria\/el-instituto-san-alberto-magno-fue-reafirmado-a-la-provincia-de-cordoba\/#breadcrumb"},"inLanguage":"es","potentialAction":[{"@type":"ReadAction","target":["https:\/\/elregionalvm.com.ar\/noticias-villa-maria\/el-instituto-san-alberto-magno-fue-reafirmado-a-la-provincia-de-cordoba\/"]}]},{"@type":"ImageObject","inLanguage":"es","@id":"https:\/\/elregionalvm.com.ar\/noticias-villa-maria\/el-instituto-san-alberto-magno-fue-reafirmado-a-la-provincia-de-cordoba\/#primaryimage","url":"https:\/\/i0.wp.com\/elregionalvm.com.ar\/noticias-villa-maria\/wp-content\/uploads\/2024\/11\/WhatsApp-Image-2024-11-04-at-18.02.30.jpeg?fit=1600%2C739&ssl=1","contentUrl":"https:\/\/i0.wp.com\/elregionalvm.com.ar\/noticias-villa-maria\/wp-content\/uploads\/2024\/11\/WhatsApp-Image-2024-11-04-at-18.02.30.jpeg?fit=1600%2C739&ssl=1","width":1600,"height":739},{"@type":"BreadcrumbList","@id":"https:\/\/elregionalvm.com.ar\/noticias-villa-maria\/el-instituto-san-alberto-magno-fue-reafirmado-a-la-provincia-de-cordoba\/#breadcrumb","itemListElement":[{"@type":"ListItem","position":1,"name":"Portada","item":"https:\/\/elregionalvm.com.ar\/noticias-villa-maria\/"},{"@type":"ListItem","position":2,"name":"El Instituto San Alberto Magno fue reafirmado a la Provincia de C\u00f3rdoba"}]},{"@type":"WebSite","@id":"http:\/\/elregionalvm.com.ar\/noticias-villa-maria\/#website","url":"http:\/\/elregionalvm.com.ar\/noticias-villa-maria\/","name":"El Regional","description":"Mucho m\u00e1s que informaci\u00f3n","potentialAction":[{"@type":"SearchAction","target":{"@type":"EntryPoint","urlTemplate":"http:\/\/elregionalvm.com.ar\/noticias-villa-maria\/?s={search_term_string}"},"query-input":{"@type":"PropertyValueSpecification","valueRequired":true,"valueName":"search_term_string"}}],"inLanguage":"es"},{"@type":"Person","@id":"http:\/\/elregionalvm.com.ar\/noticias-villa-maria\/#\/schema\/person\/a0fb9c422317faca23d50163151bc354","name":"Contenidos El Regional","image":{"@type":"ImageObject","inLanguage":"es","@id":"http:\/\/elregionalvm.com.ar\/noticias-villa-maria\/#\/schema\/person\/image\/","url":"https:\/\/secure.gravatar.com\/avatar\/265b27cb2209af7bb3a1318f03305787d7981a5cc6e6cd08fe5a4ecdf99d4b48?s=96&d=mm&r=g","contentUrl":"https:\/\/secure.gravatar.com\/avatar\/265b27cb2209af7bb3a1318f03305787d7981a5cc6e6cd08fe5a4ecdf99d4b48?s=96&d=mm&r=g","caption":"Contenidos El Regional"},"url":"https:\/\/elregionalvm.com.ar\/noticias-villa-maria\/author\/contenido\/"}]}},"jetpack_featured_media_url":"https:\/\/i0.wp.com\/elregionalvm.com.ar\/noticias-villa-maria\/wp-content\/uploads\/2024\/11\/WhatsApp-Image-2024-11-04-at-18.02.30.jpeg?fit=1600%2C739&ssl=1","jetpack_sharing_enabled":true,"_links":{"self":[{"href":"https:\/\/elregionalvm.com.ar\/noticias-villa-maria\/wp-json\/wp\/v2\/posts\/100385","targetHints":{"allow":["GET"]}}],"collection":[{"href":"https:\/\/elregionalvm.com.ar\/noticias-villa-maria\/wp-json\/wp\/v2\/posts"}],"about":[{"href":"https:\/\/elregionalvm.com.ar\/noticias-villa-maria\/wp-json\/wp\/v2\/types\/post"}],"author":[{"embeddable":true,"href":"https:\/\/elregionalvm.com.ar\/noticias-villa-maria\/wp-json\/wp\/v2\/users\/4"}],"replies":[{"embeddable":true,"href":"https:\/\/elregionalvm.com.ar\/noticias-villa-maria\/wp-json\/wp\/v2\/comments?post=100385"}],"version-history":[{"count":1,"href":"https:\/\/elregionalvm.com.ar\/noticias-villa-maria\/wp-json\/wp\/v2\/posts\/100385\/revisions"}],"predecessor-version":[{"id":100388,"href":"https:\/\/elregionalvm.com.ar\/noticias-villa-maria\/wp-json\/wp\/v2\/posts\/100385\/revisions\/100388"}],"wp:featuredmedia":[{"embeddable":true,"href":"https:\/\/elregionalvm.com.ar\/noticias-villa-maria\/wp-json\/wp\/v2\/media\/100387"}],"wp:attachment":[{"href":"https:\/\/elregionalvm.com.ar\/noticias-villa-maria\/wp-json\/wp\/v2\/media?parent=100385"}],"wp:term":[{"taxonomy":"category","embeddable":true,"href":"https:\/\/elregionalvm.com.ar\/noticias-villa-maria\/wp-json\/wp\/v2\/categories?post=100385"},{"taxonomy":"post_tag","embeddable":true,"href":"https:\/\/elregionalvm.com.ar\/noticias-villa-maria\/wp-json\/wp\/v2\/tags?post=100385"}],"curies":[{"name":"wp","href":"https:\/\/api.w.org\/{rel}","templated":true}]}}