{"id":100389,"date":"2024-11-04T23:13:54","date_gmt":"2024-11-04T23:13:54","guid":{"rendered":"https:\/\/elregionalvm.com.ar\/noticias-villa-maria\/?p=100389"},"modified":"2024-11-04T23:13:56","modified_gmt":"2024-11-04T23:13:56","slug":"villa-maria-incorporo-5-camiones-regadores-para-mejorar-el-servicio-en-los-barrios","status":"publish","type":"post","link":"https:\/\/elregionalvm.com.ar\/noticias-villa-maria\/villa-maria-incorporo-5-camiones-regadores-para-mejorar-el-servicio-en-los-barrios\/","title":{"rendered":"Villa Mar\u00eda incorpor\u00f3 5 camiones regadores para mejorar el servicio en los barrios"},"content":{"rendered":"\n<p>El intendente Eduardo Accastello encabez\u00f3 la presentaci\u00f3n estos veh\u00edculos en Barrio Parque Norte<\/p>\n\n\n\n<figure class=\"wp-block-image size-large\"><img data-recalc-dims=\"1\" fetchpriority=\"high\" decoding=\"async\" width=\"1024\" height=\"768\" src=\"https:\/\/i0.wp.com\/elregionalvm.com.ar\/noticias-villa-maria\/wp-content\/uploads\/2024\/11\/WhatsApp-Image-2024-11-04-at-17.22.25.jpeg?resize=1024%2C768&#038;ssl=1\" alt=\"\" class=\"wp-image-100390\" srcset=\"https:\/\/i0.wp.com\/elregionalvm.com.ar\/noticias-villa-maria\/wp-content\/uploads\/2024\/11\/WhatsApp-Image-2024-11-04-at-17.22.25.jpeg?resize=1024%2C768&amp;ssl=1 1024w, https:\/\/i0.wp.com\/elregionalvm.com.ar\/noticias-villa-maria\/wp-content\/uploads\/2024\/11\/WhatsApp-Image-2024-11-04-at-17.22.25.jpeg?resize=300%2C225&amp;ssl=1 300w, https:\/\/i0.wp.com\/elregionalvm.com.ar\/noticias-villa-maria\/wp-content\/uploads\/2024\/11\/WhatsApp-Image-2024-11-04-at-17.22.25.jpeg?resize=768%2C576&amp;ssl=1 768w, https:\/\/i0.wp.com\/elregionalvm.com.ar\/noticias-villa-maria\/wp-content\/uploads\/2024\/11\/WhatsApp-Image-2024-11-04-at-17.22.25.jpeg?w=1280&amp;ssl=1 1280w\" sizes=\"(max-width: 1000px) 100vw, 1000px\" \/><\/figure>\n\n\n\n<p>La Municipalidad de Villa Mar\u00eda informa que ya se encuentran en funcionamiento cinco camiones regadores que brindan servicio en calles de tierra en base a un trabajo articulado entre EMTUPSE y la Cooperativa 15 DE Mayo.<\/p>\n\n\n\n<p>En este marco, el intendente Eduardo Accastello encabez\u00f3 la oficializaci\u00f3n de los veh\u00edculos, que tuvo lugar en el Paseo del Sanitarista.<\/p>\n\n\n\n<figure class=\"wp-block-image size-large\"><img data-recalc-dims=\"1\" decoding=\"async\" width=\"768\" height=\"1024\" src=\"https:\/\/i0.wp.com\/elregionalvm.com.ar\/noticias-villa-maria\/wp-content\/uploads\/2024\/11\/WhatsApp-Image-2024-11-04-at-17.22.24-1.jpeg?resize=768%2C1024&#038;ssl=1\" alt=\"\" class=\"wp-image-100391\" srcset=\"https:\/\/i0.wp.com\/elregionalvm.com.ar\/noticias-villa-maria\/wp-content\/uploads\/2024\/11\/WhatsApp-Image-2024-11-04-at-17.22.24-1.jpeg?resize=768%2C1024&amp;ssl=1 768w, https:\/\/i0.wp.com\/elregionalvm.com.ar\/noticias-villa-maria\/wp-content\/uploads\/2024\/11\/WhatsApp-Image-2024-11-04-at-17.22.24-1.jpeg?resize=225%2C300&amp;ssl=1 225w, https:\/\/i0.wp.com\/elregionalvm.com.ar\/noticias-villa-maria\/wp-content\/uploads\/2024\/11\/WhatsApp-Image-2024-11-04-at-17.22.24-1.jpeg?w=960&amp;ssl=1 960w\" sizes=\"(max-width: 768px) 100vw, 768px\" \/><\/figure>\n\n\n\n<p>All\u00ed, Accastello dijo: \u201cestos nuevos camiones van a regar desde muy temprano las calles de tierra, ya estamos planificando estrategias de trabajo en cada barrio donde los mismos vecinos y los Centros Vecinales, nos aportan ideas para que el servicio sea eficiente\u201d.<\/p>\n\n\n\n<p>En la misma l\u00ednea, el mandatario recalc\u00f3: \u201cestamos muy felices por seguir el camino de la innovaci\u00f3n en estos tiempos dif\u00edciles. Confiamos en el alto nivel de eficiencia que tiene la Cooperativa de Agua para mejorar un servicio que claramente no ten\u00eda la conformidad de muchos vecinos. Por eso, decidimos mejorar la prestaci\u00f3n del servicio otorgando mayor fluidez y eficiencia en toda la ciudad, pero fundamentalmente en aquellos sectores que requieren mayor presencia como caminos centrales y espacios de mayor transitabilidad\u201d., enfatiz\u00f3 Accastello.<\/p>\n\n\n\n<p>A su turno, el presidente de la mencionada Cooperativa, Carlos Operti, a\u00f1adi\u00f3: \u201cquiero agradecerle al Municipio por la oportunidad y la confianza en este nuevo desaf\u00edo que refleja el trabajo en conjunto que venimos haciendo\u201d.<\/p>\n\n\n\n<p>Participaron el presidente de la EMTUPSE, Hugo Fern\u00e1ndez; el presidente y vicepresidente de la Cooperativa \u201cAguas de Villa Mar\u00eda\u201d, Carlos Operti y Andr\u00e9s Maldonado, respectivamente; integrantes del Ejecutivo y Legislativo local, y vecinos del sector.<\/p>\n","protected":false},"excerpt":{"rendered":"<p>El intendente Eduardo Accastello encabez\u00f3 la presentaci\u00f3n estos veh\u00edculos en Barrio Parque Norte La Municipalidad de Villa Mar\u00eda informa que ya se encuentran en funcionamiento cinco camiones regadores que brindan servicio en calles de tierra en base a un trabajo articulado entre EMTUPSE y la Cooperativa 15 DE Mayo. En este marco, el intendente Eduardo [&hellip;]<\/p>\n","protected":false},"author":4,"featured_media":100392,"comment_status":"open","ping_status":"open","sticky":false,"template":"","format":"standard","meta":{"site-sidebar-layout":"default","site-content-layout":"","ast-site-content-layout":"default","site-content-style":"default","site-sidebar-style":"default","ast-global-header-display":"","ast-banner-title-visibility":"","ast-main-header-display":"","ast-hfb-above-header-display":"","ast-hfb-below-header-display":"","ast-hfb-mobile-header-display":"","site-post-title":"","ast-breadcrumbs-content":"","ast-featured-img":"","footer-sml-layout":"","ast-disable-related-posts":"","theme-transparent-header-meta":"","adv-header-id-meta":"","stick-header-meta":"","header-above-stick-meta":"","header-main-stick-meta":"","header-below-stick-meta":"","astra-migrate-meta-layouts":"set","ast-page-background-enabled":"default","ast-page-background-meta":{"desktop":{"background-color":"","background-image":"","background-repeat":"repeat","background-position":"center center","background-size":"auto","background-attachment":"scroll","background-type":"","background-media":"","overlay-type":"","overlay-color":"","overlay-opacity":"","overlay-gradient":""},"tablet":{"background-color":"","background-image":"","background-repeat":"repeat","background-position":"center center","background-size":"auto","background-attachment":"scroll","background-type":"","background-media":"","overlay-type":"","overlay-color":"","overlay-opacity":"","overlay-gradient":""},"mobile":{"background-color":"","background-image":"","background-repeat":"repeat","background-position":"center center","background-size":"auto","background-attachment":"scroll","background-type":"","background-media":"","overlay-type":"","overlay-color":"","overlay-opacity":"","overlay-gradient":""}},"ast-content-background-meta":{"desktop":{"background-color":"var(--ast-global-color-5)","background-image":"","background-repeat":"repeat","background-position":"center center","background-size":"auto","background-attachment":"scroll","background-type":"","background-media":"","overlay-type":"","overlay-color":"","overlay-opacity":"","overlay-gradient":""},"tablet":{"background-color":"var(--ast-global-color-5)","background-image":"","background-repeat":"repeat","background-position":"center center","background-size":"auto","background-attachment":"scroll","background-type":"","background-media":"","overlay-type":"","overlay-color":"","overlay-opacity":"","overlay-gradient":""},"mobile":{"background-color":"var(--ast-global-color-5)","background-image":"","background-repeat":"repeat","background-position":"center center","background-size":"auto","background-attachment":"scroll","background-type":"","background-media":"","overlay-type":"","overlay-color":"","overlay-opacity":"","overlay-gradient":""}},"_jetpack_memberships_contains_paid_content":false,"_joinchat":[],"footnotes":""},"categories":[15302,5,2],"tags":[],"class_list":["post-100389","post","type-post","status-publish","format-standard","has-post-thumbnail","hentry","category-destacado","category-sociedad","category-villa-maria"],"yoast_head":"<!-- This site is optimized with the Yoast SEO plugin v26.8 - https:\/\/yoast.com\/product\/yoast-seo-wordpress\/ -->\n<title>Villa Mar\u00eda incorpor\u00f3 5 camiones regadores para mejorar el servicio en los barrios - El Regional<\/title>\n<meta name=\"robots\" content=\"index, follow, max-snippet:-1, max-image-preview:large, max-video-preview:-1\" \/>\n<link rel=\"canonical\" href=\"https:\/\/elregionalvm.com.ar\/noticias-villa-maria\/villa-maria-incorporo-5-camiones-regadores-para-mejorar-el-servicio-en-los-barrios\/\" \/>\n<meta property=\"og:locale\" content=\"es_ES\" \/>\n<meta property=\"og:type\" content=\"article\" \/>\n<meta property=\"og:title\" content=\"Villa Mar\u00eda incorpor\u00f3 5 camiones regadores para mejorar el servicio en los barrios - El Regional\" \/>\n<meta property=\"og:description\" content=\"El intendente Eduardo Accastello encabez\u00f3 la presentaci\u00f3n estos veh\u00edculos en Barrio Parque Norte La Municipalidad de Villa Mar\u00eda informa que ya se encuentran en funcionamiento cinco camiones regadores que brindan servicio en calles de tierra en base a un trabajo articulado entre EMTUPSE y la Cooperativa 15 DE Mayo. En este marco, el intendente Eduardo [&hellip;]\" \/>\n<meta property=\"og:url\" content=\"https:\/\/elregionalvm.com.ar\/noticias-villa-maria\/villa-maria-incorporo-5-camiones-regadores-para-mejorar-el-servicio-en-los-barrios\/\" \/>\n<meta property=\"og:site_name\" content=\"El Regional\" \/>\n<meta property=\"article:publisher\" content=\"https:\/\/www.facebook.com\/elregionalvm\" \/>\n<meta property=\"article:published_time\" content=\"2024-11-04T23:13:54+00:00\" \/>\n<meta property=\"article:modified_time\" content=\"2024-11-04T23:13:56+00:00\" \/>\n<meta property=\"og:image\" content=\"https:\/\/elregionalvm.com.ar\/noticias-villa-maria\/wp-content\/uploads\/2024\/11\/WhatsApp-Image-2024-11-04-at-17.22.24.jpeg\" \/>\n\t<meta property=\"og:image:width\" content=\"960\" \/>\n\t<meta property=\"og:image:height\" content=\"1280\" \/>\n\t<meta property=\"og:image:type\" content=\"image\/jpeg\" \/>\n<meta name=\"author\" content=\"Contenidos El Regional\" \/>\n<meta name=\"twitter:card\" content=\"summary_large_image\" \/>\n<meta name=\"twitter:creator\" content=\"@elregionalvm1\" \/>\n<meta name=\"twitter:site\" content=\"@elregionalvm1\" \/>\n<meta name=\"twitter:label1\" content=\"Escrito por\" \/>\n\t<meta name=\"twitter:data1\" content=\"Contenidos El Regional\" \/>\n\t<meta name=\"twitter:label2\" content=\"Tiempo de lectura\" \/>\n\t<meta name=\"twitter:data2\" content=\"2 minutos\" \/>\n<script type=\"application\/ld+json\" class=\"yoast-schema-graph\">{\"@context\":\"https:\/\/schema.org\",\"@graph\":[{\"@type\":\"Article\",\"@id\":\"https:\/\/elregionalvm.com.ar\/noticias-villa-maria\/villa-maria-incorporo-5-camiones-regadores-para-mejorar-el-servicio-en-los-barrios\/#article\",\"isPartOf\":{\"@id\":\"https:\/\/elregionalvm.com.ar\/noticias-villa-maria\/villa-maria-incorporo-5-camiones-regadores-para-mejorar-el-servicio-en-los-barrios\/\"},\"author\":{\"name\":\"Contenidos El Regional\",\"@id\":\"http:\/\/elregionalvm.com.ar\/noticias-villa-maria\/#\/schema\/person\/a0fb9c422317faca23d50163151bc354\"},\"headline\":\"Villa Mar\u00eda incorpor\u00f3 5 camiones regadores para mejorar el servicio en los barrios\",\"datePublished\":\"2024-11-04T23:13:54+00:00\",\"dateModified\":\"2024-11-04T23:13:56+00:00\",\"mainEntityOfPage\":{\"@id\":\"https:\/\/elregionalvm.com.ar\/noticias-villa-maria\/villa-maria-incorporo-5-camiones-regadores-para-mejorar-el-servicio-en-los-barrios\/\"},\"wordCount\":292,\"commentCount\":0,\"image\":{\"@id\":\"https:\/\/elregionalvm.com.ar\/noticias-villa-maria\/villa-maria-incorporo-5-camiones-regadores-para-mejorar-el-servicio-en-los-barrios\/#primaryimage\"},\"thumbnailUrl\":\"https:\/\/i0.wp.com\/elregionalvm.com.ar\/noticias-villa-maria\/wp-content\/uploads\/2024\/11\/WhatsApp-Image-2024-11-04-at-17.22.24.jpeg?fit=960%2C1280&ssl=1\",\"articleSection\":[\"destacado\",\"Sociedad\",\"Villa Mar\u00eda\"],\"inLanguage\":\"es\",\"potentialAction\":[{\"@type\":\"CommentAction\",\"name\":\"Comment\",\"target\":[\"https:\/\/elregionalvm.com.ar\/noticias-villa-maria\/villa-maria-incorporo-5-camiones-regadores-para-mejorar-el-servicio-en-los-barrios\/#respond\"]}]},{\"@type\":\"WebPage\",\"@id\":\"https:\/\/elregionalvm.com.ar\/noticias-villa-maria\/villa-maria-incorporo-5-camiones-regadores-para-mejorar-el-servicio-en-los-barrios\/\",\"url\":\"https:\/\/elregionalvm.com.ar\/noticias-villa-maria\/villa-maria-incorporo-5-camiones-regadores-para-mejorar-el-servicio-en-los-barrios\/\",\"name\":\"Villa Mar\u00eda incorpor\u00f3 5 camiones regadores para mejorar el servicio en los barrios - El Regional\",\"isPartOf\":{\"@id\":\"http:\/\/elregionalvm.com.ar\/noticias-villa-maria\/#website\"},\"primaryImageOfPage\":{\"@id\":\"https:\/\/elregionalvm.com.ar\/noticias-villa-maria\/villa-maria-incorporo-5-camiones-regadores-para-mejorar-el-servicio-en-los-barrios\/#primaryimage\"},\"image\":{\"@id\":\"https:\/\/elregionalvm.com.ar\/noticias-villa-maria\/villa-maria-incorporo-5-camiones-regadores-para-mejorar-el-servicio-en-los-barrios\/#primaryimage\"},\"thumbnailUrl\":\"https:\/\/i0.wp.com\/elregionalvm.com.ar\/noticias-villa-maria\/wp-content\/uploads\/2024\/11\/WhatsApp-Image-2024-11-04-at-17.22.24.jpeg?fit=960%2C1280&ssl=1\",\"datePublished\":\"2024-11-04T23:13:54+00:00\",\"dateModified\":\"2024-11-04T23:13:56+00:00\",\"author\":{\"@id\":\"http:\/\/elregionalvm.com.ar\/noticias-villa-maria\/#\/schema\/person\/a0fb9c422317faca23d50163151bc354\"},\"breadcrumb\":{\"@id\":\"https:\/\/elregionalvm.com.ar\/noticias-villa-maria\/villa-maria-incorporo-5-camiones-regadores-para-mejorar-el-servicio-en-los-barrios\/#breadcrumb\"},\"inLanguage\":\"es\",\"potentialAction\":[{\"@type\":\"ReadAction\",\"target\":[\"https:\/\/elregionalvm.com.ar\/noticias-villa-maria\/villa-maria-incorporo-5-camiones-regadores-para-mejorar-el-servicio-en-los-barrios\/\"]}]},{\"@type\":\"ImageObject\",\"inLanguage\":\"es\",\"@id\":\"https:\/\/elregionalvm.com.ar\/noticias-villa-maria\/villa-maria-incorporo-5-camiones-regadores-para-mejorar-el-servicio-en-los-barrios\/#primaryimage\",\"url\":\"https:\/\/i0.wp.com\/elregionalvm.com.ar\/noticias-villa-maria\/wp-content\/uploads\/2024\/11\/WhatsApp-Image-2024-11-04-at-17.22.24.jpeg?fit=960%2C1280&ssl=1\",\"contentUrl\":\"https:\/\/i0.wp.com\/elregionalvm.com.ar\/noticias-villa-maria\/wp-content\/uploads\/2024\/11\/WhatsApp-Image-2024-11-04-at-17.22.24.jpeg?fit=960%2C1280&ssl=1\",\"width\":960,\"height\":1280},{\"@type\":\"BreadcrumbList\",\"@id\":\"https:\/\/elregionalvm.com.ar\/noticias-villa-maria\/villa-maria-incorporo-5-camiones-regadores-para-mejorar-el-servicio-en-los-barrios\/#breadcrumb\",\"itemListElement\":[{\"@type\":\"ListItem\",\"position\":1,\"name\":\"Portada\",\"item\":\"https:\/\/elregionalvm.com.ar\/noticias-villa-maria\/\"},{\"@type\":\"ListItem\",\"position\":2,\"name\":\"Villa Mar\u00eda incorpor\u00f3 5 camiones regadores para mejorar el servicio en los barrios\"}]},{\"@type\":\"WebSite\",\"@id\":\"http:\/\/elregionalvm.com.ar\/noticias-villa-maria\/#website\",\"url\":\"http:\/\/elregionalvm.com.ar\/noticias-villa-maria\/\",\"name\":\"El Regional\",\"description\":\"Mucho m\u00e1s que informaci\u00f3n\",\"potentialAction\":[{\"@type\":\"SearchAction\",\"target\":{\"@type\":\"EntryPoint\",\"urlTemplate\":\"http:\/\/elregionalvm.com.ar\/noticias-villa-maria\/?s={search_term_string}\"},\"query-input\":{\"@type\":\"PropertyValueSpecification\",\"valueRequired\":true,\"valueName\":\"search_term_string\"}}],\"inLanguage\":\"es\"},{\"@type\":\"Person\",\"@id\":\"http:\/\/elregionalvm.com.ar\/noticias-villa-maria\/#\/schema\/person\/a0fb9c422317faca23d50163151bc354\",\"name\":\"Contenidos El Regional\",\"image\":{\"@type\":\"ImageObject\",\"inLanguage\":\"es\",\"@id\":\"http:\/\/elregionalvm.com.ar\/noticias-villa-maria\/#\/schema\/person\/image\/\",\"url\":\"https:\/\/secure.gravatar.com\/avatar\/265b27cb2209af7bb3a1318f03305787d7981a5cc6e6cd08fe5a4ecdf99d4b48?s=96&d=mm&r=g\",\"contentUrl\":\"https:\/\/secure.gravatar.com\/avatar\/265b27cb2209af7bb3a1318f03305787d7981a5cc6e6cd08fe5a4ecdf99d4b48?s=96&d=mm&r=g\",\"caption\":\"Contenidos El Regional\"},\"url\":\"https:\/\/elregionalvm.com.ar\/noticias-villa-maria\/author\/contenido\/\"}]}<\/script>\n<!-- \/ Yoast SEO plugin. -->","yoast_head_json":{"title":"Villa Mar\u00eda incorpor\u00f3 5 camiones regadores para mejorar el servicio en los barrios - El Regional","robots":{"index":"index","follow":"follow","max-snippet":"max-snippet:-1","max-image-preview":"max-image-preview:large","max-video-preview":"max-video-preview:-1"},"canonical":"https:\/\/elregionalvm.com.ar\/noticias-villa-maria\/villa-maria-incorporo-5-camiones-regadores-para-mejorar-el-servicio-en-los-barrios\/","og_locale":"es_ES","og_type":"article","og_title":"Villa Mar\u00eda incorpor\u00f3 5 camiones regadores para mejorar el servicio en los barrios - El Regional","og_description":"El intendente Eduardo Accastello encabez\u00f3 la presentaci\u00f3n estos veh\u00edculos en Barrio Parque Norte La Municipalidad de Villa Mar\u00eda informa que ya se encuentran en funcionamiento cinco camiones regadores que brindan servicio en calles de tierra en base a un trabajo articulado entre EMTUPSE y la Cooperativa 15 DE Mayo. En este marco, el intendente Eduardo [&hellip;]","og_url":"https:\/\/elregionalvm.com.ar\/noticias-villa-maria\/villa-maria-incorporo-5-camiones-regadores-para-mejorar-el-servicio-en-los-barrios\/","og_site_name":"El Regional","article_publisher":"https:\/\/www.facebook.com\/elregionalvm","article_published_time":"2024-11-04T23:13:54+00:00","article_modified_time":"2024-11-04T23:13:56+00:00","og_image":[{"width":960,"height":1280,"url":"https:\/\/elregionalvm.com.ar\/noticias-villa-maria\/wp-content\/uploads\/2024\/11\/WhatsApp-Image-2024-11-04-at-17.22.24.jpeg","type":"image\/jpeg"}],"author":"Contenidos El Regional","twitter_card":"summary_large_image","twitter_creator":"@elregionalvm1","twitter_site":"@elregionalvm1","twitter_misc":{"Escrito por":"Contenidos El Regional","Tiempo de lectura":"2 minutos"},"schema":{"@context":"https:\/\/schema.org","@graph":[{"@type":"Article","@id":"https:\/\/elregionalvm.com.ar\/noticias-villa-maria\/villa-maria-incorporo-5-camiones-regadores-para-mejorar-el-servicio-en-los-barrios\/#article","isPartOf":{"@id":"https:\/\/elregionalvm.com.ar\/noticias-villa-maria\/villa-maria-incorporo-5-camiones-regadores-para-mejorar-el-servicio-en-los-barrios\/"},"author":{"name":"Contenidos El Regional","@id":"http:\/\/elregionalvm.com.ar\/noticias-villa-maria\/#\/schema\/person\/a0fb9c422317faca23d50163151bc354"},"headline":"Villa Mar\u00eda incorpor\u00f3 5 camiones regadores para mejorar el servicio en los barrios","datePublished":"2024-11-04T23:13:54+00:00","dateModified":"2024-11-04T23:13:56+00:00","mainEntityOfPage":{"@id":"https:\/\/elregionalvm.com.ar\/noticias-villa-maria\/villa-maria-incorporo-5-camiones-regadores-para-mejorar-el-servicio-en-los-barrios\/"},"wordCount":292,"commentCount":0,"image":{"@id":"https:\/\/elregionalvm.com.ar\/noticias-villa-maria\/villa-maria-incorporo-5-camiones-regadores-para-mejorar-el-servicio-en-los-barrios\/#primaryimage"},"thumbnailUrl":"https:\/\/i0.wp.com\/elregionalvm.com.ar\/noticias-villa-maria\/wp-content\/uploads\/2024\/11\/WhatsApp-Image-2024-11-04-at-17.22.24.jpeg?fit=960%2C1280&ssl=1","articleSection":["destacado","Sociedad","Villa Mar\u00eda"],"inLanguage":"es","potentialAction":[{"@type":"CommentAction","name":"Comment","target":["https:\/\/elregionalvm.com.ar\/noticias-villa-maria\/villa-maria-incorporo-5-camiones-regadores-para-mejorar-el-servicio-en-los-barrios\/#respond"]}]},{"@type":"WebPage","@id":"https:\/\/elregionalvm.com.ar\/noticias-villa-maria\/villa-maria-incorporo-5-camiones-regadores-para-mejorar-el-servicio-en-los-barrios\/","url":"https:\/\/elregionalvm.com.ar\/noticias-villa-maria\/villa-maria-incorporo-5-camiones-regadores-para-mejorar-el-servicio-en-los-barrios\/","name":"Villa Mar\u00eda incorpor\u00f3 5 camiones regadores para mejorar el servicio en los barrios - El Regional","isPartOf":{"@id":"http:\/\/elregionalvm.com.ar\/noticias-villa-maria\/#website"},"primaryImageOfPage":{"@id":"https:\/\/elregionalvm.com.ar\/noticias-villa-maria\/villa-maria-incorporo-5-camiones-regadores-para-mejorar-el-servicio-en-los-barrios\/#primaryimage"},"image":{"@id":"https:\/\/elregionalvm.com.ar\/noticias-villa-maria\/villa-maria-incorporo-5-camiones-regadores-para-mejorar-el-servicio-en-los-barrios\/#primaryimage"},"thumbnailUrl":"https:\/\/i0.wp.com\/elregionalvm.com.ar\/noticias-villa-maria\/wp-content\/uploads\/2024\/11\/WhatsApp-Image-2024-11-04-at-17.22.24.jpeg?fit=960%2C1280&ssl=1","datePublished":"2024-11-04T23:13:54+00:00","dateModified":"2024-11-04T23:13:56+00:00","author":{"@id":"http:\/\/elregionalvm.com.ar\/noticias-villa-maria\/#\/schema\/person\/a0fb9c422317faca23d50163151bc354"},"breadcrumb":{"@id":"https:\/\/elregionalvm.com.ar\/noticias-villa-maria\/villa-maria-incorporo-5-camiones-regadores-para-mejorar-el-servicio-en-los-barrios\/#breadcrumb"},"inLanguage":"es","potentialAction":[{"@type":"ReadAction","target":["https:\/\/elregionalvm.com.ar\/noticias-villa-maria\/villa-maria-incorporo-5-camiones-regadores-para-mejorar-el-servicio-en-los-barrios\/"]}]},{"@type":"ImageObject","inLanguage":"es","@id":"https:\/\/elregionalvm.com.ar\/noticias-villa-maria\/villa-maria-incorporo-5-camiones-regadores-para-mejorar-el-servicio-en-los-barrios\/#primaryimage","url":"https:\/\/i0.wp.com\/elregionalvm.com.ar\/noticias-villa-maria\/wp-content\/uploads\/2024\/11\/WhatsApp-Image-2024-11-04-at-17.22.24.jpeg?fit=960%2C1280&ssl=1","contentUrl":"https:\/\/i0.wp.com\/elregionalvm.com.ar\/noticias-villa-maria\/wp-content\/uploads\/2024\/11\/WhatsApp-Image-2024-11-04-at-17.22.24.jpeg?fit=960%2C1280&ssl=1","width":960,"height":1280},{"@type":"BreadcrumbList","@id":"https:\/\/elregionalvm.com.ar\/noticias-villa-maria\/villa-maria-incorporo-5-camiones-regadores-para-mejorar-el-servicio-en-los-barrios\/#breadcrumb","itemListElement":[{"@type":"ListItem","position":1,"name":"Portada","item":"https:\/\/elregionalvm.com.ar\/noticias-villa-maria\/"},{"@type":"ListItem","position":2,"name":"Villa Mar\u00eda incorpor\u00f3 5 camiones regadores para mejorar el servicio en los barrios"}]},{"@type":"WebSite","@id":"http:\/\/elregionalvm.com.ar\/noticias-villa-maria\/#website","url":"http:\/\/elregionalvm.com.ar\/noticias-villa-maria\/","name":"El Regional","description":"Mucho m\u00e1s que informaci\u00f3n","potentialAction":[{"@type":"SearchAction","target":{"@type":"EntryPoint","urlTemplate":"http:\/\/elregionalvm.com.ar\/noticias-villa-maria\/?s={search_term_string}"},"query-input":{"@type":"PropertyValueSpecification","valueRequired":true,"valueName":"search_term_string"}}],"inLanguage":"es"},{"@type":"Person","@id":"http:\/\/elregionalvm.com.ar\/noticias-villa-maria\/#\/schema\/person\/a0fb9c422317faca23d50163151bc354","name":"Contenidos El Regional","image":{"@type":"ImageObject","inLanguage":"es","@id":"http:\/\/elregionalvm.com.ar\/noticias-villa-maria\/#\/schema\/person\/image\/","url":"https:\/\/secure.gravatar.com\/avatar\/265b27cb2209af7bb3a1318f03305787d7981a5cc6e6cd08fe5a4ecdf99d4b48?s=96&d=mm&r=g","contentUrl":"https:\/\/secure.gravatar.com\/avatar\/265b27cb2209af7bb3a1318f03305787d7981a5cc6e6cd08fe5a4ecdf99d4b48?s=96&d=mm&r=g","caption":"Contenidos El Regional"},"url":"https:\/\/elregionalvm.com.ar\/noticias-villa-maria\/author\/contenido\/"}]}},"jetpack_featured_media_url":"https:\/\/i0.wp.com\/elregionalvm.com.ar\/noticias-villa-maria\/wp-content\/uploads\/2024\/11\/WhatsApp-Image-2024-11-04-at-17.22.24.jpeg?fit=960%2C1280&ssl=1","jetpack_sharing_enabled":true,"_links":{"self":[{"href":"https:\/\/elregionalvm.com.ar\/noticias-villa-maria\/wp-json\/wp\/v2\/posts\/100389","targetHints":{"allow":["GET"]}}],"collection":[{"href":"https:\/\/elregionalvm.com.ar\/noticias-villa-maria\/wp-json\/wp\/v2\/posts"}],"about":[{"href":"https:\/\/elregionalvm.com.ar\/noticias-villa-maria\/wp-json\/wp\/v2\/types\/post"}],"author":[{"embeddable":true,"href":"https:\/\/elregionalvm.com.ar\/noticias-villa-maria\/wp-json\/wp\/v2\/users\/4"}],"replies":[{"embeddable":true,"href":"https:\/\/elregionalvm.com.ar\/noticias-villa-maria\/wp-json\/wp\/v2\/comments?post=100389"}],"version-history":[{"count":1,"href":"https:\/\/elregionalvm.com.ar\/noticias-villa-maria\/wp-json\/wp\/v2\/posts\/100389\/revisions"}],"predecessor-version":[{"id":100393,"href":"https:\/\/elregionalvm.com.ar\/noticias-villa-maria\/wp-json\/wp\/v2\/posts\/100389\/revisions\/100393"}],"wp:featuredmedia":[{"embeddable":true,"href":"https:\/\/elregionalvm.com.ar\/noticias-villa-maria\/wp-json\/wp\/v2\/media\/100392"}],"wp:attachment":[{"href":"https:\/\/elregionalvm.com.ar\/noticias-villa-maria\/wp-json\/wp\/v2\/media?parent=100389"}],"wp:term":[{"taxonomy":"category","embeddable":true,"href":"https:\/\/elregionalvm.com.ar\/noticias-villa-maria\/wp-json\/wp\/v2\/categories?post=100389"},{"taxonomy":"post_tag","embeddable":true,"href":"https:\/\/elregionalvm.com.ar\/noticias-villa-maria\/wp-json\/wp\/v2\/tags?post=100389"}],"curies":[{"name":"wp","href":"https:\/\/api.w.org\/{rel}","templated":true}]}}