{"id":100404,"date":"2024-11-04T23:24:17","date_gmt":"2024-11-04T23:24:17","guid":{"rendered":"https:\/\/elregionalvm.com.ar\/noticias-villa-maria\/?p=100404"},"modified":"2024-11-04T23:24:18","modified_gmt":"2024-11-04T23:24:18","slug":"quedo-inaugurado-el-gasoducto-la-carlota-tio-pujio-y-se-habilito-la-reversion-del-gasoducto-del-norte","status":"publish","type":"post","link":"https:\/\/elregionalvm.com.ar\/noticias-villa-maria\/quedo-inaugurado-el-gasoducto-la-carlota-tio-pujio-y-se-habilito-la-reversion-del-gasoducto-del-norte\/","title":{"rendered":"Qued\u00f3 inaugurado el gasoducto La Carlota-T\u00edo Pujio y se habilit\u00f3 la reversi\u00f3n del Gasoducto del Norte"},"content":{"rendered":"\n<ul class=\"wp-block-list\">\n<li><strong>El gobernador Mart\u00edn Llaryora y los ministros nacionales Francos y Caputo encabezaron el acto oficial en la localidad de La Carlota.<\/strong><\/li>\n\n\n\n<li><strong>Con esta obra, Argentina deja de importar gas de Bolivia y abastece desde Vaca Muerta a hogares e industrias de C\u00f3rdoba, Salta, Jujuy, Santiago del Estero, Catamarca, La Rioja y Tucum\u00e1n.<\/strong><\/li>\n\n\n\n<li><strong>Adem\u00e1s, permitir\u00e1 la exportaci\u00f3n de gas hacia Chile, Bolivia y Brasil, consolidando el papel de Argentina como un proveedor regional de energ\u00eda y promoviendo la sostenibilidad energ\u00e9tica del pa\u00eds.<\/strong><\/li>\n\n\n\n<li><strong>Este proyecto reafirma la decisi\u00f3n tomada en 2015 por la Provincia C\u00f3rdoba, de construir los gasoductos troncales para abastecer toda la regi\u00f3n de gas natural con una inversi\u00f3n cercana a los 1.000 millones de d\u00f3lares.<\/strong><\/li>\n<\/ul>\n\n\n\n<p>El gobernador Mart\u00edn Llaryora, junto al jefe de gabinete de ministros de la Naci\u00f3n, Guillermo Francos, y al ministro de Econom\u00eda nacional, Luis Caputo, inauguraron este lunes el gasoducto La Carlota-T\u00edo Pujio, de 122 kil\u00f3metros de extensi\u00f3n, y habilitaron la reversi\u00f3n de Gasoducto del Norte.<\/p>\n\n\n\n<p>El proyecto implic\u00f3 tambi\u00e9n 62 kil\u00f3metros de ca\u00f1er\u00edas desde T\u00edo Pujio hasta la ciudad de C\u00f3rdoba, y el cambio de sentido de cuatro plantas compresoras en C\u00f3rdoba, Santiago del Estero y Salta.<\/p>\n\n\n\n<figure class=\"wp-block-image size-full\"><img data-recalc-dims=\"1\" decoding=\"async\" src=\"https:\/\/i0.wp.com\/elregionalvm.com.ar\/noticias-villa-maria\/wp-content\/uploads\/2024\/11\/WhatsApp-Image-2024-11-04-at-15.38.09.jpg?ssl=1\" alt=\"\" class=\"wp-image-100407\" \/><\/figure>\n\n\n\n<p>Se trata de una obra hist\u00f3rica y estrat\u00e9gica para Argentina, que deja de importar gas desde Bolivia para abastecer desde Vaca Muerta a hogares e industrias de C\u00f3rdoba, Salta, Jujuy, Santiago del Estero, Catamarca, La Rioja y Tucum\u00e1n.<\/p>\n\n\n\n<p>Esto significar\u00e1 un ahorro anual para el pa\u00eds de mil millones de d\u00f3lares por a\u00f1o, reduciendo costos de abastecimiento fundamentalmente para industrias.<\/p>\n\n\n\n<p>El gobernador Llaryora puso en valor la obra porque \u201c<em>sin infraestructura no hay desarrollo. El interior del interior lo entendemos bien. Sin que llegue un camino, sin que haya electricidad, sin tener agua potable, sin tener gas, es imposible que se desarrolle la industria. Es imposible que se desarrolle la producci\u00f3n\u201d,<\/em>&nbsp;dijo.<\/p>\n\n\n\n<p><em>\u201cLos pa\u00edses que crecen son aquellos que generan empleo, para generar empleo tiene que haber inversi\u00f3n y para que haya inversi\u00f3n, tiene que haber infraestructura, de lo contrario es imposible dotar de valor agregado, en este caso, a nuestra producci\u00f3n\u201d<\/em>, se\u00f1al\u00f3.<\/p>\n\n\n\n<p><em>\u201cEl gas necesita troncales. Y este proyecto es muy esperado, los cordobeses nos anticipamos porque cre\u00edamos en Vaca Muerta. Nos adelantamos y construimos m\u00e1s de 3 mil kil\u00f3metros de gasoductos, dando la posibilidad de tener gas al 98 por ciento de la poblaci\u00f3n\u201d<\/em>, sostuvo Llaryora.<\/p>\n\n\n\n<figure class=\"wp-block-image size-full\"><img data-recalc-dims=\"1\" fetchpriority=\"high\" decoding=\"async\" width=\"990\" height=\"557\" src=\"https:\/\/i0.wp.com\/elregionalvm.com.ar\/noticias-villa-maria\/wp-content\/uploads\/2024\/11\/WhatsApp-Image-2024-11-04-at-15.38.09-1.jpg?resize=990%2C557&#038;ssl=1\" alt=\"\" class=\"wp-image-100408\" srcset=\"https:\/\/i0.wp.com\/elregionalvm.com.ar\/noticias-villa-maria\/wp-content\/uploads\/2024\/11\/WhatsApp-Image-2024-11-04-at-15.38.09-1.jpg?w=990&amp;ssl=1 990w, https:\/\/i0.wp.com\/elregionalvm.com.ar\/noticias-villa-maria\/wp-content\/uploads\/2024\/11\/WhatsApp-Image-2024-11-04-at-15.38.09-1.jpg?resize=300%2C169&amp;ssl=1 300w, https:\/\/i0.wp.com\/elregionalvm.com.ar\/noticias-villa-maria\/wp-content\/uploads\/2024\/11\/WhatsApp-Image-2024-11-04-at-15.38.09-1.jpg?resize=768%2C432&amp;ssl=1 768w\" sizes=\"(max-width: 990px) 100vw, 990px\" \/><\/figure>\n\n\n\n<p>El gobernador agradeci\u00f3 al Presidente Javier Milei y a su equipo por tomar la decisi\u00f3n de continuar con esta obra y finalizarla.<\/p>\n\n\n\n<p>Llaryora destac\u00f3 el impacto que esta medida tendr\u00e1 en el sector industrial de la provincia al remarcar que \u201c<em>cada empresa que hoy se suma a la red de gas baja sus costos, mejorar su competitivida y dejar la intermitencia que a veces impon\u00eda la coyuntura\u201d.<\/em><\/p>\n\n\n\n<p>A su turno, el ministro Francos, destac\u00f3 que \u201c<em>esta es una obra s\u00edmbolo de la Argentina. Es un d\u00eda glorioso para C\u00f3rdoba y el pa\u00eds. Esta es una demostraci\u00f3n de que Argentina eligi\u00f3 donde invertir 700 millones de d\u00f3lares para que eso revierta en una riqueza para las provincias\u201d.<\/em><\/p>\n\n\n\n<p>La obra posibilitar\u00e1 el transporte en sentido inverso de hasta 19 MMm3\/d, lo que permitir\u00e1 la bi direccionalidad del flujo de gas, aportando versatilidad y garantizando el abastecimiento en la direcci\u00f3n en la que sea requerida.<\/p>\n\n\n\n<p>A su turno, Daniel Gonz\u00e1lez, secretario de Coordinaci\u00f3n de Energ\u00eda y Miner\u00eda de la Naci\u00f3n, asegur\u00f3 que<em>&nbsp;\u201cestamos convencidos que esta es la primera de muchas obras que vamos a estar realizando en gas, en petr\u00f3leo, de transporte de energ\u00eda el\u00e9ctrica, de volver a darle al pa\u00eds la infraestructura que hace a\u00f1os que nos est\u00e1 faltando y que realmente todos nos merecemos\u00bb<\/em>.<\/p>\n\n\n\n<p>Mientras que Dami\u00e1n Mindlin, presidente y CEO de Sacde, consider\u00f3 que&nbsp;<em>\u00abesta inauguraci\u00f3n es un hito en t\u00e9rminos de infraestructura que consolida un compromiso firme con el progreso y el crecimiento del norte argentino. Con esta obra estamos logrando que el gas de Vaca Muerta, el gas argentino, llegue a m\u00e1s lugares del territorio provincial\u00bb.<\/em><\/p>\n\n\n\n<p>Estuvieron presentes, adem\u00e1s, el ministro de Infraestructura y Servicios P\u00fablicos, Fabi\u00e1n L\u00f3pez; su par de Econom\u00eda y Gesti\u00f3n P\u00fablica, Guillermo Acosta; el vicejefe de gabinete de la Naci\u00f3n, Guillermo Catal\u00e1n; la secretaria de Energ\u00eda de la Naci\u00f3n, Mar\u00eda Tetamanti; el presidente de Enarsa, Trist\u00e1n Socas; y los intendentes de La Carlota y T\u00edo Pujio, Natalia Bell\u00f3n y Ariel Petrocchi, respectivamente.<\/p>\n\n\n\n<p><strong>La visi\u00f3n estrat\u00e9gica de los gasoductos troncales de C\u00f3rdoba<\/strong><\/p>\n\n\n\n<p>En el a\u00f1o 2015, el Gobierno de la Provincia de C\u00f3rdoba inici\u00f3 la elaboraci\u00f3n del Programa Integral de Gasoductos Troncales, un plan estrat\u00e9gico y con visi\u00f3n de futuro que permite hoy aprovechar al m\u00e1ximo las posibilidades que brinda Vaca Muerta e impulsar el desarrollo econ\u00f3mico e industrial de la provincial.<\/p>\n\n\n\n<p>Los trabajos, que iniciaron en el a\u00f1o 2016 y concluyeron tres a\u00f1os despu\u00e9s con una inversi\u00f3n cercana a los mil millones de d\u00f3lares, llevaron el gas a industrias, hogares, escuelas, empresas y comercios de todo el territorio provincial.<\/p>\n\n\n\n<p>De este modo, la cobertura gas\u00edfera provincial alcanza hoy el 98 por ciento de todo el territorio, con 3.148 kil\u00f3metros de gasoductos y ramales, 259 instalaciones de superficie, 1.289.313 metros de red y m\u00e1s de 240 plantas reductoras.<\/p>\n\n\n\n<p>La obra lleg\u00f3 a m\u00e1s 205 localidades que no contaban con gas natural y reforz\u00f3 el servicio en 42 que lo ten\u00edan de manera deficiente, beneficiando a m\u00e1s de 900 mil cordobeses<\/p>\n\n\n\n<p><strong>Conexiones domiciliarias<\/strong><\/p>\n\n\n\n<p>A fines de 2017 se inici\u00f3 un intenso trabajo conjunto entre la Provincia, municipios, Bancor y Ecogas, que posibilit\u00f3 a la fecha la gesti\u00f3n de 325 obras de redes domiciliarias de gas natural en 260 localidades.<\/p>\n\n\n\n<p>Ya se han construido m\u00e1s de 1.200.000 metros de redes domiciliarias que beneficiaran a 60.000 usuarios potenciales (240.000 hab.) con una inversi\u00f3n de unos 80 millones de d\u00f3lares.<\/p>\n\n\n\n<p>Desde la habilitaci\u00f3n de los Gasoductos Troncales en las 247 localidades beneficiadas por dicha obra (205 nuevas + 42 reforzadas), se complet\u00f3 la conexi\u00f3n de unos 70.000 usuarios, es decir 350.000 cordobeses ya cuentan con los beneficios del servicio de gas natural<\/p>\n\n\n\n<p><strong>Industrias, Comercios y Escuelas<\/strong><\/p>\n\n\n\n<p>La conexi\u00f3n al servicio ya genera grandes beneficios a los m\u00e1s de 1.300 establecimientos que se han conectado al servicio de gas natural.<\/p>\n\n\n\n<p>Los menores costos les permiten amortizar la inversi\u00f3n r\u00e1pidamente y mejorar su competitividad, lo que redunda en m\u00e1s inversiones que generan nuevas oportunidades y puestos de trabajo.<\/p>\n\n\n\n<p>Al mismo tiempo permiti\u00f3 que C\u00f3rdoba pase de tener 9 a 60 parques industriales homologados, en un plan que contin\u00faa vigente con el objetivo de llegar a los 100 espacios en todo el territorio.<\/p>\n\n\n\n<p>Bancor con su programa Dale Gas Industria aport\u00f3 el financiamiento que en muchos casos hizo viable estas inversiones. La provincia y ECOGAS brindan el asesoramiento t\u00e9cnico y econ\u00f3mico necesario.<\/p>\n\n\n\n<p>Paralelamente, el Gobierno de la Provincia lleva adelante, en coordinaci\u00f3n con municipios y comunas, las instalaciones que permiten conectar escuelas a las redes de gas natural.<\/p>\n\n\n\n<p>Ya son 216 los establecimientos educativos que sumaron este importante servicio y 63 m\u00e1s los que est\u00e1n gestionando los fondos provinciales para conectarse a las nuevas redes de gas natural.<\/p>\n","protected":false},"excerpt":{"rendered":"<p>El gobernador Mart\u00edn Llaryora, junto al jefe de gabinete de ministros de la Naci\u00f3n, Guillermo Francos, y al ministro de Econom\u00eda nacional, Luis Caputo, inauguraron este lunes el gasoducto La Carlota-T\u00edo Pujio, de 122 kil\u00f3metros de extensi\u00f3n, y habilitaron la reversi\u00f3n de Gasoducto del Norte. El proyecto implic\u00f3 tambi\u00e9n 62 kil\u00f3metros de ca\u00f1er\u00edas desde T\u00edo [&hellip;]<\/p>\n","protected":false},"author":4,"featured_media":100406,"comment_status":"open","ping_status":"open","sticky":false,"template":"","format":"standard","meta":{"site-sidebar-layout":"default","site-content-layout":"","ast-site-content-layout":"default","site-content-style":"default","site-sidebar-style":"default","ast-global-header-display":"","ast-banner-title-visibility":"","ast-main-header-display":"","ast-hfb-above-header-display":"","ast-hfb-below-header-display":"","ast-hfb-mobile-header-display":"","site-post-title":"","ast-breadcrumbs-content":"","ast-featured-img":"","footer-sml-layout":"","ast-disable-related-posts":"","theme-transparent-header-meta":"","adv-header-id-meta":"","stick-header-meta":"","header-above-stick-meta":"","header-main-stick-meta":"","header-below-stick-meta":"","astra-migrate-meta-layouts":"set","ast-page-background-enabled":"default","ast-page-background-meta":{"desktop":{"background-color":"","background-image":"","background-repeat":"repeat","background-position":"center center","background-size":"auto","background-attachment":"scroll","background-type":"","background-media":"","overlay-type":"","overlay-color":"","overlay-opacity":"","overlay-gradient":""},"tablet":{"background-color":"","background-image":"","background-repeat":"repeat","background-position":"center center","background-size":"auto","background-attachment":"scroll","background-type":"","background-media":"","overlay-type":"","overlay-color":"","overlay-opacity":"","overlay-gradient":""},"mobile":{"background-color":"","background-image":"","background-repeat":"repeat","background-position":"center center","background-size":"auto","background-attachment":"scroll","background-type":"","background-media":"","overlay-type":"","overlay-color":"","overlay-opacity":"","overlay-gradient":""}},"ast-content-background-meta":{"desktop":{"background-color":"var(--ast-global-color-5)","background-image":"","background-repeat":"repeat","background-position":"center center","background-size":"auto","background-attachment":"scroll","background-type":"","background-media":"","overlay-type":"","overlay-color":"","overlay-opacity":"","overlay-gradient":""},"tablet":{"background-color":"var(--ast-global-color-5)","background-image":"","background-repeat":"repeat","background-position":"center center","background-size":"auto","background-attachment":"scroll","background-type":"","background-media":"","overlay-type":"","overlay-color":"","overlay-opacity":"","overlay-gradient":""},"mobile":{"background-color":"var(--ast-global-color-5)","background-image":"","background-repeat":"repeat","background-position":"center center","background-size":"auto","background-attachment":"scroll","background-type":"","background-media":"","overlay-type":"","overlay-color":"","overlay-opacity":"","overlay-gradient":""}},"_jetpack_memberships_contains_paid_content":false,"_joinchat":[],"footnotes":""},"categories":[15302,16095,5],"tags":[],"class_list":["post-100404","post","type-post","status-publish","format-standard","has-post-thumbnail","hentry","category-destacado","category-provinciales","category-sociedad"],"yoast_head":"<!-- This site is optimized with the Yoast SEO plugin v26.8 - https:\/\/yoast.com\/product\/yoast-seo-wordpress\/ -->\n<title>Qued\u00f3 inaugurado el gasoducto La Carlota-T\u00edo Pujio y se habilit\u00f3 la reversi\u00f3n del Gasoducto del Norte - El Regional<\/title>\n<meta name=\"robots\" content=\"index, follow, max-snippet:-1, max-image-preview:large, max-video-preview:-1\" \/>\n<link rel=\"canonical\" href=\"https:\/\/elregionalvm.com.ar\/noticias-villa-maria\/quedo-inaugurado-el-gasoducto-la-carlota-tio-pujio-y-se-habilito-la-reversion-del-gasoducto-del-norte\/\" \/>\n<meta property=\"og:locale\" content=\"es_ES\" \/>\n<meta property=\"og:type\" content=\"article\" \/>\n<meta property=\"og:title\" content=\"Qued\u00f3 inaugurado el gasoducto La Carlota-T\u00edo Pujio y se habilit\u00f3 la reversi\u00f3n del Gasoducto del Norte - El Regional\" \/>\n<meta property=\"og:description\" content=\"El gobernador Mart\u00edn Llaryora, junto al jefe de gabinete de ministros de la Naci\u00f3n, Guillermo Francos, y al ministro de Econom\u00eda nacional, Luis Caputo, inauguraron este lunes el gasoducto La Carlota-T\u00edo Pujio, de 122 kil\u00f3metros de extensi\u00f3n, y habilitaron la reversi\u00f3n de Gasoducto del Norte. El proyecto implic\u00f3 tambi\u00e9n 62 kil\u00f3metros de ca\u00f1er\u00edas desde T\u00edo [&hellip;]\" \/>\n<meta property=\"og:url\" content=\"https:\/\/elregionalvm.com.ar\/noticias-villa-maria\/quedo-inaugurado-el-gasoducto-la-carlota-tio-pujio-y-se-habilito-la-reversion-del-gasoducto-del-norte\/\" \/>\n<meta property=\"og:site_name\" content=\"El Regional\" \/>\n<meta property=\"article:publisher\" content=\"https:\/\/www.facebook.com\/elregionalvm\" \/>\n<meta property=\"article:published_time\" content=\"2024-11-04T23:24:17+00:00\" \/>\n<meta property=\"article:modified_time\" content=\"2024-11-04T23:24:18+00:00\" \/>\n<meta property=\"og:image\" content=\"https:\/\/elregionalvm.com.ar\/noticias-villa-maria\/wp-content\/uploads\/2024\/11\/WhatsApp-Image-2024-11-04-at-15.36.35.jpg\" \/>\n\t<meta property=\"og:image:width\" content=\"955\" \/>\n\t<meta property=\"og:image:height\" content=\"634\" \/>\n\t<meta property=\"og:image:type\" content=\"image\/jpeg\" \/>\n<meta name=\"author\" content=\"Contenidos El Regional\" \/>\n<meta name=\"twitter:card\" content=\"summary_large_image\" \/>\n<meta name=\"twitter:creator\" content=\"@elregionalvm1\" \/>\n<meta name=\"twitter:site\" content=\"@elregionalvm1\" \/>\n<meta name=\"twitter:label1\" content=\"Escrito por\" \/>\n\t<meta name=\"twitter:data1\" content=\"Contenidos El Regional\" \/>\n\t<meta name=\"twitter:label2\" content=\"Tiempo de lectura\" \/>\n\t<meta name=\"twitter:data2\" content=\"6 minutos\" \/>\n<script type=\"application\/ld+json\" class=\"yoast-schema-graph\">{\"@context\":\"https:\/\/schema.org\",\"@graph\":[{\"@type\":\"Article\",\"@id\":\"https:\/\/elregionalvm.com.ar\/noticias-villa-maria\/quedo-inaugurado-el-gasoducto-la-carlota-tio-pujio-y-se-habilito-la-reversion-del-gasoducto-del-norte\/#article\",\"isPartOf\":{\"@id\":\"https:\/\/elregionalvm.com.ar\/noticias-villa-maria\/quedo-inaugurado-el-gasoducto-la-carlota-tio-pujio-y-se-habilito-la-reversion-del-gasoducto-del-norte\/\"},\"author\":{\"name\":\"Contenidos El Regional\",\"@id\":\"http:\/\/elregionalvm.com.ar\/noticias-villa-maria\/#\/schema\/person\/a0fb9c422317faca23d50163151bc354\"},\"headline\":\"Qued\u00f3 inaugurado el gasoducto La Carlota-T\u00edo Pujio y se habilit\u00f3 la reversi\u00f3n del Gasoducto del Norte\",\"datePublished\":\"2024-11-04T23:24:17+00:00\",\"dateModified\":\"2024-11-04T23:24:18+00:00\",\"mainEntityOfPage\":{\"@id\":\"https:\/\/elregionalvm.com.ar\/noticias-villa-maria\/quedo-inaugurado-el-gasoducto-la-carlota-tio-pujio-y-se-habilito-la-reversion-del-gasoducto-del-norte\/\"},\"wordCount\":1274,\"commentCount\":0,\"image\":{\"@id\":\"https:\/\/elregionalvm.com.ar\/noticias-villa-maria\/quedo-inaugurado-el-gasoducto-la-carlota-tio-pujio-y-se-habilito-la-reversion-del-gasoducto-del-norte\/#primaryimage\"},\"thumbnailUrl\":\"https:\/\/i0.wp.com\/elregionalvm.com.ar\/noticias-villa-maria\/wp-content\/uploads\/2024\/11\/WhatsApp-Image-2024-11-04-at-15.36.35.jpg?fit=955%2C634&ssl=1\",\"articleSection\":[\"destacado\",\"Provinciales\",\"Sociedad\"],\"inLanguage\":\"es\",\"potentialAction\":[{\"@type\":\"CommentAction\",\"name\":\"Comment\",\"target\":[\"https:\/\/elregionalvm.com.ar\/noticias-villa-maria\/quedo-inaugurado-el-gasoducto-la-carlota-tio-pujio-y-se-habilito-la-reversion-del-gasoducto-del-norte\/#respond\"]}]},{\"@type\":\"WebPage\",\"@id\":\"https:\/\/elregionalvm.com.ar\/noticias-villa-maria\/quedo-inaugurado-el-gasoducto-la-carlota-tio-pujio-y-se-habilito-la-reversion-del-gasoducto-del-norte\/\",\"url\":\"https:\/\/elregionalvm.com.ar\/noticias-villa-maria\/quedo-inaugurado-el-gasoducto-la-carlota-tio-pujio-y-se-habilito-la-reversion-del-gasoducto-del-norte\/\",\"name\":\"Qued\u00f3 inaugurado el gasoducto La Carlota-T\u00edo Pujio y se habilit\u00f3 la reversi\u00f3n del Gasoducto del Norte - El Regional\",\"isPartOf\":{\"@id\":\"http:\/\/elregionalvm.com.ar\/noticias-villa-maria\/#website\"},\"primaryImageOfPage\":{\"@id\":\"https:\/\/elregionalvm.com.ar\/noticias-villa-maria\/quedo-inaugurado-el-gasoducto-la-carlota-tio-pujio-y-se-habilito-la-reversion-del-gasoducto-del-norte\/#primaryimage\"},\"image\":{\"@id\":\"https:\/\/elregionalvm.com.ar\/noticias-villa-maria\/quedo-inaugurado-el-gasoducto-la-carlota-tio-pujio-y-se-habilito-la-reversion-del-gasoducto-del-norte\/#primaryimage\"},\"thumbnailUrl\":\"https:\/\/i0.wp.com\/elregionalvm.com.ar\/noticias-villa-maria\/wp-content\/uploads\/2024\/11\/WhatsApp-Image-2024-11-04-at-15.36.35.jpg?fit=955%2C634&ssl=1\",\"datePublished\":\"2024-11-04T23:24:17+00:00\",\"dateModified\":\"2024-11-04T23:24:18+00:00\",\"author\":{\"@id\":\"http:\/\/elregionalvm.com.ar\/noticias-villa-maria\/#\/schema\/person\/a0fb9c422317faca23d50163151bc354\"},\"breadcrumb\":{\"@id\":\"https:\/\/elregionalvm.com.ar\/noticias-villa-maria\/quedo-inaugurado-el-gasoducto-la-carlota-tio-pujio-y-se-habilito-la-reversion-del-gasoducto-del-norte\/#breadcrumb\"},\"inLanguage\":\"es\",\"potentialAction\":[{\"@type\":\"ReadAction\",\"target\":[\"https:\/\/elregionalvm.com.ar\/noticias-villa-maria\/quedo-inaugurado-el-gasoducto-la-carlota-tio-pujio-y-se-habilito-la-reversion-del-gasoducto-del-norte\/\"]}]},{\"@type\":\"ImageObject\",\"inLanguage\":\"es\",\"@id\":\"https:\/\/elregionalvm.com.ar\/noticias-villa-maria\/quedo-inaugurado-el-gasoducto-la-carlota-tio-pujio-y-se-habilito-la-reversion-del-gasoducto-del-norte\/#primaryimage\",\"url\":\"https:\/\/i0.wp.com\/elregionalvm.com.ar\/noticias-villa-maria\/wp-content\/uploads\/2024\/11\/WhatsApp-Image-2024-11-04-at-15.36.35.jpg?fit=955%2C634&ssl=1\",\"contentUrl\":\"https:\/\/i0.wp.com\/elregionalvm.com.ar\/noticias-villa-maria\/wp-content\/uploads\/2024\/11\/WhatsApp-Image-2024-11-04-at-15.36.35.jpg?fit=955%2C634&ssl=1\",\"width\":955,\"height\":634},{\"@type\":\"BreadcrumbList\",\"@id\":\"https:\/\/elregionalvm.com.ar\/noticias-villa-maria\/quedo-inaugurado-el-gasoducto-la-carlota-tio-pujio-y-se-habilito-la-reversion-del-gasoducto-del-norte\/#breadcrumb\",\"itemListElement\":[{\"@type\":\"ListItem\",\"position\":1,\"name\":\"Portada\",\"item\":\"https:\/\/elregionalvm.com.ar\/noticias-villa-maria\/\"},{\"@type\":\"ListItem\",\"position\":2,\"name\":\"Qued\u00f3 inaugurado el gasoducto La Carlota-T\u00edo Pujio y se habilit\u00f3 la reversi\u00f3n del Gasoducto del Norte\"}]},{\"@type\":\"WebSite\",\"@id\":\"http:\/\/elregionalvm.com.ar\/noticias-villa-maria\/#website\",\"url\":\"http:\/\/elregionalvm.com.ar\/noticias-villa-maria\/\",\"name\":\"El Regional\",\"description\":\"Mucho m\u00e1s que informaci\u00f3n\",\"potentialAction\":[{\"@type\":\"SearchAction\",\"target\":{\"@type\":\"EntryPoint\",\"urlTemplate\":\"http:\/\/elregionalvm.com.ar\/noticias-villa-maria\/?s={search_term_string}\"},\"query-input\":{\"@type\":\"PropertyValueSpecification\",\"valueRequired\":true,\"valueName\":\"search_term_string\"}}],\"inLanguage\":\"es\"},{\"@type\":\"Person\",\"@id\":\"http:\/\/elregionalvm.com.ar\/noticias-villa-maria\/#\/schema\/person\/a0fb9c422317faca23d50163151bc354\",\"name\":\"Contenidos El Regional\",\"image\":{\"@type\":\"ImageObject\",\"inLanguage\":\"es\",\"@id\":\"http:\/\/elregionalvm.com.ar\/noticias-villa-maria\/#\/schema\/person\/image\/\",\"url\":\"https:\/\/secure.gravatar.com\/avatar\/265b27cb2209af7bb3a1318f03305787d7981a5cc6e6cd08fe5a4ecdf99d4b48?s=96&d=mm&r=g\",\"contentUrl\":\"https:\/\/secure.gravatar.com\/avatar\/265b27cb2209af7bb3a1318f03305787d7981a5cc6e6cd08fe5a4ecdf99d4b48?s=96&d=mm&r=g\",\"caption\":\"Contenidos El Regional\"},\"url\":\"https:\/\/elregionalvm.com.ar\/noticias-villa-maria\/author\/contenido\/\"}]}<\/script>\n<!-- \/ Yoast SEO plugin. -->","yoast_head_json":{"title":"Qued\u00f3 inaugurado el gasoducto La Carlota-T\u00edo Pujio y se habilit\u00f3 la reversi\u00f3n del Gasoducto del Norte - El Regional","robots":{"index":"index","follow":"follow","max-snippet":"max-snippet:-1","max-image-preview":"max-image-preview:large","max-video-preview":"max-video-preview:-1"},"canonical":"https:\/\/elregionalvm.com.ar\/noticias-villa-maria\/quedo-inaugurado-el-gasoducto-la-carlota-tio-pujio-y-se-habilito-la-reversion-del-gasoducto-del-norte\/","og_locale":"es_ES","og_type":"article","og_title":"Qued\u00f3 inaugurado el gasoducto La Carlota-T\u00edo Pujio y se habilit\u00f3 la reversi\u00f3n del Gasoducto del Norte - El Regional","og_description":"El gobernador Mart\u00edn Llaryora, junto al jefe de gabinete de ministros de la Naci\u00f3n, Guillermo Francos, y al ministro de Econom\u00eda nacional, Luis Caputo, inauguraron este lunes el gasoducto La Carlota-T\u00edo Pujio, de 122 kil\u00f3metros de extensi\u00f3n, y habilitaron la reversi\u00f3n de Gasoducto del Norte. El proyecto implic\u00f3 tambi\u00e9n 62 kil\u00f3metros de ca\u00f1er\u00edas desde T\u00edo [&hellip;]","og_url":"https:\/\/elregionalvm.com.ar\/noticias-villa-maria\/quedo-inaugurado-el-gasoducto-la-carlota-tio-pujio-y-se-habilito-la-reversion-del-gasoducto-del-norte\/","og_site_name":"El Regional","article_publisher":"https:\/\/www.facebook.com\/elregionalvm","article_published_time":"2024-11-04T23:24:17+00:00","article_modified_time":"2024-11-04T23:24:18+00:00","og_image":[{"width":955,"height":634,"url":"https:\/\/elregionalvm.com.ar\/noticias-villa-maria\/wp-content\/uploads\/2024\/11\/WhatsApp-Image-2024-11-04-at-15.36.35.jpg","type":"image\/jpeg"}],"author":"Contenidos El Regional","twitter_card":"summary_large_image","twitter_creator":"@elregionalvm1","twitter_site":"@elregionalvm1","twitter_misc":{"Escrito por":"Contenidos El Regional","Tiempo de lectura":"6 minutos"},"schema":{"@context":"https:\/\/schema.org","@graph":[{"@type":"Article","@id":"https:\/\/elregionalvm.com.ar\/noticias-villa-maria\/quedo-inaugurado-el-gasoducto-la-carlota-tio-pujio-y-se-habilito-la-reversion-del-gasoducto-del-norte\/#article","isPartOf":{"@id":"https:\/\/elregionalvm.com.ar\/noticias-villa-maria\/quedo-inaugurado-el-gasoducto-la-carlota-tio-pujio-y-se-habilito-la-reversion-del-gasoducto-del-norte\/"},"author":{"name":"Contenidos El Regional","@id":"http:\/\/elregionalvm.com.ar\/noticias-villa-maria\/#\/schema\/person\/a0fb9c422317faca23d50163151bc354"},"headline":"Qued\u00f3 inaugurado el gasoducto La Carlota-T\u00edo Pujio y se habilit\u00f3 la reversi\u00f3n del Gasoducto del Norte","datePublished":"2024-11-04T23:24:17+00:00","dateModified":"2024-11-04T23:24:18+00:00","mainEntityOfPage":{"@id":"https:\/\/elregionalvm.com.ar\/noticias-villa-maria\/quedo-inaugurado-el-gasoducto-la-carlota-tio-pujio-y-se-habilito-la-reversion-del-gasoducto-del-norte\/"},"wordCount":1274,"commentCount":0,"image":{"@id":"https:\/\/elregionalvm.com.ar\/noticias-villa-maria\/quedo-inaugurado-el-gasoducto-la-carlota-tio-pujio-y-se-habilito-la-reversion-del-gasoducto-del-norte\/#primaryimage"},"thumbnailUrl":"https:\/\/i0.wp.com\/elregionalvm.com.ar\/noticias-villa-maria\/wp-content\/uploads\/2024\/11\/WhatsApp-Image-2024-11-04-at-15.36.35.jpg?fit=955%2C634&ssl=1","articleSection":["destacado","Provinciales","Sociedad"],"inLanguage":"es","potentialAction":[{"@type":"CommentAction","name":"Comment","target":["https:\/\/elregionalvm.com.ar\/noticias-villa-maria\/quedo-inaugurado-el-gasoducto-la-carlota-tio-pujio-y-se-habilito-la-reversion-del-gasoducto-del-norte\/#respond"]}]},{"@type":"WebPage","@id":"https:\/\/elregionalvm.com.ar\/noticias-villa-maria\/quedo-inaugurado-el-gasoducto-la-carlota-tio-pujio-y-se-habilito-la-reversion-del-gasoducto-del-norte\/","url":"https:\/\/elregionalvm.com.ar\/noticias-villa-maria\/quedo-inaugurado-el-gasoducto-la-carlota-tio-pujio-y-se-habilito-la-reversion-del-gasoducto-del-norte\/","name":"Qued\u00f3 inaugurado el gasoducto La Carlota-T\u00edo Pujio y se habilit\u00f3 la reversi\u00f3n del Gasoducto del Norte - El Regional","isPartOf":{"@id":"http:\/\/elregionalvm.com.ar\/noticias-villa-maria\/#website"},"primaryImageOfPage":{"@id":"https:\/\/elregionalvm.com.ar\/noticias-villa-maria\/quedo-inaugurado-el-gasoducto-la-carlota-tio-pujio-y-se-habilito-la-reversion-del-gasoducto-del-norte\/#primaryimage"},"image":{"@id":"https:\/\/elregionalvm.com.ar\/noticias-villa-maria\/quedo-inaugurado-el-gasoducto-la-carlota-tio-pujio-y-se-habilito-la-reversion-del-gasoducto-del-norte\/#primaryimage"},"thumbnailUrl":"https:\/\/i0.wp.com\/elregionalvm.com.ar\/noticias-villa-maria\/wp-content\/uploads\/2024\/11\/WhatsApp-Image-2024-11-04-at-15.36.35.jpg?fit=955%2C634&ssl=1","datePublished":"2024-11-04T23:24:17+00:00","dateModified":"2024-11-04T23:24:18+00:00","author":{"@id":"http:\/\/elregionalvm.com.ar\/noticias-villa-maria\/#\/schema\/person\/a0fb9c422317faca23d50163151bc354"},"breadcrumb":{"@id":"https:\/\/elregionalvm.com.ar\/noticias-villa-maria\/quedo-inaugurado-el-gasoducto-la-carlota-tio-pujio-y-se-habilito-la-reversion-del-gasoducto-del-norte\/#breadcrumb"},"inLanguage":"es","potentialAction":[{"@type":"ReadAction","target":["https:\/\/elregionalvm.com.ar\/noticias-villa-maria\/quedo-inaugurado-el-gasoducto-la-carlota-tio-pujio-y-se-habilito-la-reversion-del-gasoducto-del-norte\/"]}]},{"@type":"ImageObject","inLanguage":"es","@id":"https:\/\/elregionalvm.com.ar\/noticias-villa-maria\/quedo-inaugurado-el-gasoducto-la-carlota-tio-pujio-y-se-habilito-la-reversion-del-gasoducto-del-norte\/#primaryimage","url":"https:\/\/i0.wp.com\/elregionalvm.com.ar\/noticias-villa-maria\/wp-content\/uploads\/2024\/11\/WhatsApp-Image-2024-11-04-at-15.36.35.jpg?fit=955%2C634&ssl=1","contentUrl":"https:\/\/i0.wp.com\/elregionalvm.com.ar\/noticias-villa-maria\/wp-content\/uploads\/2024\/11\/WhatsApp-Image-2024-11-04-at-15.36.35.jpg?fit=955%2C634&ssl=1","width":955,"height":634},{"@type":"BreadcrumbList","@id":"https:\/\/elregionalvm.com.ar\/noticias-villa-maria\/quedo-inaugurado-el-gasoducto-la-carlota-tio-pujio-y-se-habilito-la-reversion-del-gasoducto-del-norte\/#breadcrumb","itemListElement":[{"@type":"ListItem","position":1,"name":"Portada","item":"https:\/\/elregionalvm.com.ar\/noticias-villa-maria\/"},{"@type":"ListItem","position":2,"name":"Qued\u00f3 inaugurado el gasoducto La Carlota-T\u00edo Pujio y se habilit\u00f3 la reversi\u00f3n del Gasoducto del Norte"}]},{"@type":"WebSite","@id":"http:\/\/elregionalvm.com.ar\/noticias-villa-maria\/#website","url":"http:\/\/elregionalvm.com.ar\/noticias-villa-maria\/","name":"El Regional","description":"Mucho m\u00e1s que informaci\u00f3n","potentialAction":[{"@type":"SearchAction","target":{"@type":"EntryPoint","urlTemplate":"http:\/\/elregionalvm.com.ar\/noticias-villa-maria\/?s={search_term_string}"},"query-input":{"@type":"PropertyValueSpecification","valueRequired":true,"valueName":"search_term_string"}}],"inLanguage":"es"},{"@type":"Person","@id":"http:\/\/elregionalvm.com.ar\/noticias-villa-maria\/#\/schema\/person\/a0fb9c422317faca23d50163151bc354","name":"Contenidos El Regional","image":{"@type":"ImageObject","inLanguage":"es","@id":"http:\/\/elregionalvm.com.ar\/noticias-villa-maria\/#\/schema\/person\/image\/","url":"https:\/\/secure.gravatar.com\/avatar\/265b27cb2209af7bb3a1318f03305787d7981a5cc6e6cd08fe5a4ecdf99d4b48?s=96&d=mm&r=g","contentUrl":"https:\/\/secure.gravatar.com\/avatar\/265b27cb2209af7bb3a1318f03305787d7981a5cc6e6cd08fe5a4ecdf99d4b48?s=96&d=mm&r=g","caption":"Contenidos El Regional"},"url":"https:\/\/elregionalvm.com.ar\/noticias-villa-maria\/author\/contenido\/"}]}},"jetpack_featured_media_url":"https:\/\/i0.wp.com\/elregionalvm.com.ar\/noticias-villa-maria\/wp-content\/uploads\/2024\/11\/WhatsApp-Image-2024-11-04-at-15.36.35.jpg?fit=955%2C634&ssl=1","jetpack_sharing_enabled":true,"_links":{"self":[{"href":"https:\/\/elregionalvm.com.ar\/noticias-villa-maria\/wp-json\/wp\/v2\/posts\/100404","targetHints":{"allow":["GET"]}}],"collection":[{"href":"https:\/\/elregionalvm.com.ar\/noticias-villa-maria\/wp-json\/wp\/v2\/posts"}],"about":[{"href":"https:\/\/elregionalvm.com.ar\/noticias-villa-maria\/wp-json\/wp\/v2\/types\/post"}],"author":[{"embeddable":true,"href":"https:\/\/elregionalvm.com.ar\/noticias-villa-maria\/wp-json\/wp\/v2\/users\/4"}],"replies":[{"embeddable":true,"href":"https:\/\/elregionalvm.com.ar\/noticias-villa-maria\/wp-json\/wp\/v2\/comments?post=100404"}],"version-history":[{"count":1,"href":"https:\/\/elregionalvm.com.ar\/noticias-villa-maria\/wp-json\/wp\/v2\/posts\/100404\/revisions"}],"predecessor-version":[{"id":100409,"href":"https:\/\/elregionalvm.com.ar\/noticias-villa-maria\/wp-json\/wp\/v2\/posts\/100404\/revisions\/100409"}],"wp:featuredmedia":[{"embeddable":true,"href":"https:\/\/elregionalvm.com.ar\/noticias-villa-maria\/wp-json\/wp\/v2\/media\/100406"}],"wp:attachment":[{"href":"https:\/\/elregionalvm.com.ar\/noticias-villa-maria\/wp-json\/wp\/v2\/media?parent=100404"}],"wp:term":[{"taxonomy":"category","embeddable":true,"href":"https:\/\/elregionalvm.com.ar\/noticias-villa-maria\/wp-json\/wp\/v2\/categories?post=100404"},{"taxonomy":"post_tag","embeddable":true,"href":"https:\/\/elregionalvm.com.ar\/noticias-villa-maria\/wp-json\/wp\/v2\/tags?post=100404"}],"curies":[{"name":"wp","href":"https:\/\/api.w.org\/{rel}","templated":true}]}}