{"id":100588,"date":"2024-11-11T04:02:48","date_gmt":"2024-11-11T04:02:48","guid":{"rendered":"https:\/\/elregionalvm.com.ar\/noticias-villa-maria\/?p=100588"},"modified":"2024-11-12T17:10:52","modified_gmt":"2024-11-12T17:10:52","slug":"salud-mental-psicologa-gabriela-pihen-hay-muchisimos-ingresos-por-consumos-problematicos-y-de-adolescentes-con-distintas-urgencias-y-patologias-audio","status":"publish","type":"post","link":"https:\/\/elregionalvm.com.ar\/noticias-villa-maria\/salud-mental-psicologa-gabriela-pihen-hay-muchisimos-ingresos-por-consumos-problematicos-y-de-adolescentes-con-distintas-urgencias-y-patologias-audio\/","title":{"rendered":"[Salud Mental] Psic\u00f3loga Gabriela Pih\u00e9n: \u00abHay much\u00edsimos ingresos por consumos problem\u00e1ticos y de adolescentes con distintas urgencias y patolog\u00edas\u00bb (AUDIO)"},"content":{"rendered":"\n<h3 class=\"wp-block-heading\"><strong>La psic\u00f3loga Gabriela Pih\u00e9n, jefa del servicio de Salud Mental del Hospital Pasteur, dialog\u00f3 con Germ\u00e1n Giacchero, en el programa \u00abRompecabezas\u00bb (FM La C\u00fapula 102.9). Las consultas m\u00e1s frecuentes, la preocupaci\u00f3n por el incremento del consumo problem\u00e1tico y la edad de inicio, los intentos de suicidio y la falta de recursos para el desarrollo del trabajo, son algunos de los temas abordados. <\/strong><\/h3>\n\n\n\n<p><\/p>\n\n\n\n<p>La psic\u00f3loga Gabriela Pih\u00e9n cuenta con m\u00e1s de 20 a\u00f1os de experiencia en el \u00e1rea de Salud Mental del Hospital Pasteur.  Desde esa posici\u00f3n, manifest\u00f3 que se han intensificado las problem\u00e1ticas de salud mental luego de la pandemia, relacionadas con trastornos de ansiedad, ataques de p\u00e1nico y depresi\u00f3n.<\/p>\n\n\n\n<p>\u00abNo se han modificado estas problem\u00e1ticas con el paso del tiempo, pero se han incrementado\u00bb, destac\u00f3.<\/p>\n\n\n\n<p>Adem\u00e1s, la especialista asegur\u00f3 que en los \u00faltimos meses ha aumentado el n\u00famero de consultas de personas con dificultades econ\u00f3micas, que ya no cuentan con obra social o prepaga para recibir atenci\u00f3n en el sector privado. <\/p>\n\n\n\n<p>En cuanto a las problem\u00e1ticas m\u00e1s frecuentes en la actualidad, remarc\u00f3 que el consumo problem\u00e1tico de sustancias lleva la delantera. \u00abHay algunas prevalencias que antes no las encontr\u00e1bamos, sobre todo en los abordajes por guardia. En los \u00faltimos a\u00f1os tenemos much\u00edsimos ingresos por consumos problem\u00e1ticos y de adolescentes con distintas urgencias y patolog\u00edas\u00bb, explic\u00f3. <\/p>\n\n\n\n<p>Pih\u00e9n indic\u00f3 que el consumo problem\u00e1tico se ha potenciado mucho y lleva a conductas como intoxicaciones, excitaci\u00f3n psicomotriz, conductas delictivas, incluso, intentos de suicidio.<\/p>\n\n\n\n<p><\/p>\n\n\n\n<figure class=\"wp-block-image size-full is-resized\"><img data-recalc-dims=\"1\" fetchpriority=\"high\" decoding=\"async\" width=\"1200\" height=\"759\" src=\"https:\/\/i0.wp.com\/elregionalvm.com.ar\/noticias-villa-maria\/wp-content\/uploads\/2024\/11\/Gabriela-Pihen-psicologa-salud-mental-Hospital-Pasteur-1.jpeg?resize=1200%2C759&#038;ssl=1\" alt=\"\" class=\"wp-image-100628\" style=\"width:910px;height:auto\" srcset=\"https:\/\/i0.wp.com\/elregionalvm.com.ar\/noticias-villa-maria\/wp-content\/uploads\/2024\/11\/Gabriela-Pihen-psicologa-salud-mental-Hospital-Pasteur-1.jpeg?w=1200&amp;ssl=1 1200w, https:\/\/i0.wp.com\/elregionalvm.com.ar\/noticias-villa-maria\/wp-content\/uploads\/2024\/11\/Gabriela-Pihen-psicologa-salud-mental-Hospital-Pasteur-1.jpeg?resize=300%2C190&amp;ssl=1 300w, https:\/\/i0.wp.com\/elregionalvm.com.ar\/noticias-villa-maria\/wp-content\/uploads\/2024\/11\/Gabriela-Pihen-psicologa-salud-mental-Hospital-Pasteur-1.jpeg?resize=1024%2C648&amp;ssl=1 1024w, https:\/\/i0.wp.com\/elregionalvm.com.ar\/noticias-villa-maria\/wp-content\/uploads\/2024\/11\/Gabriela-Pihen-psicologa-salud-mental-Hospital-Pasteur-1.jpeg?resize=768%2C486&amp;ssl=1 768w\" sizes=\"(max-width: 1000px) 100vw, 1000px\" \/><\/figure>\n\n\n\n<p><\/p>\n\n\n\n<p>En este sentido, la psic\u00f3loga ofreci\u00f3 datos estad\u00edsticos del \u00e1rea: desde enero hasta octubre de este a\u00f1o, ingresaron por guardia de Salud Mental 211 personas con \u00abintento autol\u00edtico\u00bb. \u00abNo necesariamente es un intento de suicidio, no siempre la idea es la intenci\u00f3n de la muerte\u00bb, aclar\u00f3.<\/p>\n\n\n\n<p>En cuanto a las edades de ingreso por consumo problem\u00e1tico, revel\u00f3: \u00abHay ingresos a la guardia desde los 12 o 13 a\u00f1os, incluso hemos tenido ni\u00f1os de 10. Se ha notado un aumento desde los \u00faltimos dos a\u00f1os\u00bb, acot\u00f3. <\/p>\n\n\n\n<p>Por otro lado, advirti\u00f3 sobre la \u00abfalta de recursos y de implementaci\u00f3n de dispositivos que no dispone el estado\u00bb. <\/p>\n\n\n\n<p>\u00abSon decisiones pol\u00edticas, y hoy sabemos que el presupuesto desde lo nacional para salud mental y para la salud en general tiene un recorte importante\u00bb, agreg\u00f3.<\/p>\n\n\n\n<p><\/p>\n\n\n\n<ul class=\"wp-block-list\">\n<li><strong>Escuch\u00e1 el audio completo de la entrevista: <\/strong><\/li>\n<\/ul>\n\n\n\n<p><\/p>\n\n\n\n<figure class=\"wp-block-audio\"><audio controls src=\"https:\/\/elregionalvm.com.ar\/noticias-villa-maria\/wp-content\/uploads\/2024\/11\/Rompecabezas-Gabriela-Pihen-salud-mental-final.mp3\"><\/audio><\/figure>\n\n\n\n<p><\/p>\n\n\n\n<p><\/p>\n","protected":false},"excerpt":{"rendered":"<p>La psic\u00f3loga Gabriela Pih\u00e9n, jefa del servicio de Salud Mental del Hospital Pasteur, dialog\u00f3 con Germ\u00e1n Giacchero, en el programa \u00abRompecabezas\u00bb (FM La C\u00fapula 102.9). Las consultas m\u00e1s frecuentes, la preocupaci\u00f3n por el incremento del consumo problem\u00e1tico y la edad de inicio, los intentos de suicidio y la falta de recursos para el desarrollo del [&hellip;]<\/p>\n","protected":false},"author":6,"featured_media":69487,"comment_status":"open","ping_status":"open","sticky":false,"template":"","format":"standard","meta":{"site-sidebar-layout":"default","site-content-layout":"","ast-site-content-layout":"default","site-content-style":"default","site-sidebar-style":"default","ast-global-header-display":"","ast-banner-title-visibility":"","ast-main-header-display":"","ast-hfb-above-header-display":"","ast-hfb-below-header-display":"","ast-hfb-mobile-header-display":"","site-post-title":"","ast-breadcrumbs-content":"","ast-featured-img":"","footer-sml-layout":"","ast-disable-related-posts":"","theme-transparent-header-meta":"","adv-header-id-meta":"","stick-header-meta":"","header-above-stick-meta":"","header-main-stick-meta":"","header-below-stick-meta":"","astra-migrate-meta-layouts":"set","ast-page-background-enabled":"default","ast-page-background-meta":{"desktop":{"background-color":"","background-image":"","background-repeat":"repeat","background-position":"center center","background-size":"auto","background-attachment":"scroll","background-type":"","background-media":"","overlay-type":"","overlay-color":"","overlay-opacity":"","overlay-gradient":""},"tablet":{"background-color":"","background-image":"","background-repeat":"repeat","background-position":"center center","background-size":"auto","background-attachment":"scroll","background-type":"","background-media":"","overlay-type":"","overlay-color":"","overlay-opacity":"","overlay-gradient":""},"mobile":{"background-color":"","background-image":"","background-repeat":"repeat","background-position":"center center","background-size":"auto","background-attachment":"scroll","background-type":"","background-media":"","overlay-type":"","overlay-color":"","overlay-opacity":"","overlay-gradient":""}},"ast-content-background-meta":{"desktop":{"background-color":"var(--ast-global-color-5)","background-image":"","background-repeat":"repeat","background-position":"center center","background-size":"auto","background-attachment":"scroll","background-type":"","background-media":"","overlay-type":"","overlay-color":"","overlay-opacity":"","overlay-gradient":""},"tablet":{"background-color":"var(--ast-global-color-5)","background-image":"","background-repeat":"repeat","background-position":"center center","background-size":"auto","background-attachment":"scroll","background-type":"","background-media":"","overlay-type":"","overlay-color":"","overlay-opacity":"","overlay-gradient":""},"mobile":{"background-color":"var(--ast-global-color-5)","background-image":"","background-repeat":"repeat","background-position":"center center","background-size":"auto","background-attachment":"scroll","background-type":"","background-media":"","overlay-type":"","overlay-color":"","overlay-opacity":"","overlay-gradient":""}},"_jetpack_memberships_contains_paid_content":false,"_joinchat":[],"footnotes":""},"categories":[3557,2],"tags":[2742,12666,14518,3330,24497,2130,24498,1346,2033],"class_list":["post-100588","post","type-post","status-publish","format-standard","has-post-thumbnail","hentry","category-tercera","category-villa-maria","tag-adolescentes","tag-ansiedad","tag-consumo-problematico","tag-depresion","tag-gabriela-pihen","tag-hospital-pasteur","tag-intentos-de-suicidio","tag-psicologia","tag-salud-mental"],"yoast_head":"<!-- This site is optimized with the Yoast SEO plugin v26.8 - https:\/\/yoast.com\/product\/yoast-seo-wordpress\/ -->\n<title>[Salud Mental] Psic\u00f3loga Gabriela Pih\u00e9n: &quot;Hay much\u00edsimos ingresos por consumos problem\u00e1ticos y de adolescentes con distintas urgencias y patolog\u00edas&quot; (AUDIO) - El Regional<\/title>\n<meta name=\"robots\" content=\"index, follow, max-snippet:-1, max-image-preview:large, max-video-preview:-1\" \/>\n<link rel=\"canonical\" href=\"https:\/\/elregionalvm.com.ar\/noticias-villa-maria\/salud-mental-psicologa-gabriela-pihen-hay-muchisimos-ingresos-por-consumos-problematicos-y-de-adolescentes-con-distintas-urgencias-y-patologias-audio\/\" \/>\n<meta property=\"og:locale\" content=\"es_ES\" \/>\n<meta property=\"og:type\" content=\"article\" \/>\n<meta property=\"og:title\" content=\"[Salud Mental] Psic\u00f3loga Gabriela Pih\u00e9n: &quot;Hay much\u00edsimos ingresos por consumos problem\u00e1ticos y de adolescentes con distintas urgencias y patolog\u00edas&quot; (AUDIO) - El Regional\" \/>\n<meta property=\"og:description\" content=\"La psic\u00f3loga Gabriela Pih\u00e9n, jefa del servicio de Salud Mental del Hospital Pasteur, dialog\u00f3 con Germ\u00e1n Giacchero, en el programa \u00abRompecabezas\u00bb (FM La C\u00fapula 102.9). Las consultas m\u00e1s frecuentes, la preocupaci\u00f3n por el incremento del consumo problem\u00e1tico y la edad de inicio, los intentos de suicidio y la falta de recursos para el desarrollo del [&hellip;]\" \/>\n<meta property=\"og:url\" content=\"https:\/\/elregionalvm.com.ar\/noticias-villa-maria\/salud-mental-psicologa-gabriela-pihen-hay-muchisimos-ingresos-por-consumos-problematicos-y-de-adolescentes-con-distintas-urgencias-y-patologias-audio\/\" \/>\n<meta property=\"og:site_name\" content=\"El Regional\" \/>\n<meta property=\"article:publisher\" content=\"https:\/\/www.facebook.com\/elregionalvm\" \/>\n<meta property=\"article:published_time\" content=\"2024-11-11T04:02:48+00:00\" \/>\n<meta property=\"article:modified_time\" content=\"2024-11-12T17:10:52+00:00\" \/>\n<meta property=\"og:image\" content=\"https:\/\/elregionalvm.com.ar\/noticias-villa-maria\/wp-content\/uploads\/2022\/12\/Hombre-agarra-cabeza-manos-rostro.png\" \/>\n\t<meta property=\"og:image:width\" content=\"800\" \/>\n\t<meta property=\"og:image:height\" content=\"533\" \/>\n\t<meta property=\"og:image:type\" content=\"image\/png\" \/>\n<meta name=\"author\" content=\"Germ\u00e1n Giacchero\" \/>\n<meta name=\"twitter:card\" content=\"summary_large_image\" \/>\n<meta name=\"twitter:creator\" content=\"@elregionalvm1\" \/>\n<meta name=\"twitter:site\" content=\"@elregionalvm1\" \/>\n<meta name=\"twitter:label1\" content=\"Escrito por\" \/>\n\t<meta name=\"twitter:data1\" content=\"Germ\u00e1n Giacchero\" \/>\n\t<meta name=\"twitter:label2\" content=\"Tiempo de lectura\" \/>\n\t<meta name=\"twitter:data2\" content=\"3 minutos\" \/>\n<script type=\"application\/ld+json\" class=\"yoast-schema-graph\">{\"@context\":\"https:\/\/schema.org\",\"@graph\":[{\"@type\":\"Article\",\"@id\":\"https:\/\/elregionalvm.com.ar\/noticias-villa-maria\/salud-mental-psicologa-gabriela-pihen-hay-muchisimos-ingresos-por-consumos-problematicos-y-de-adolescentes-con-distintas-urgencias-y-patologias-audio\/#article\",\"isPartOf\":{\"@id\":\"https:\/\/elregionalvm.com.ar\/noticias-villa-maria\/salud-mental-psicologa-gabriela-pihen-hay-muchisimos-ingresos-por-consumos-problematicos-y-de-adolescentes-con-distintas-urgencias-y-patologias-audio\/\"},\"author\":{\"name\":\"Germ\u00e1n Giacchero\",\"@id\":\"http:\/\/elregionalvm.com.ar\/noticias-villa-maria\/#\/schema\/person\/d5e4b04966154131701e52c45d3efec9\"},\"headline\":\"[Salud Mental] Psic\u00f3loga Gabriela Pih\u00e9n: \u00abHay much\u00edsimos ingresos por consumos problem\u00e1ticos y de adolescentes con distintas urgencias y patolog\u00edas\u00bb (AUDIO)\",\"datePublished\":\"2024-11-11T04:02:48+00:00\",\"dateModified\":\"2024-11-12T17:10:52+00:00\",\"mainEntityOfPage\":{\"@id\":\"https:\/\/elregionalvm.com.ar\/noticias-villa-maria\/salud-mental-psicologa-gabriela-pihen-hay-muchisimos-ingresos-por-consumos-problematicos-y-de-adolescentes-con-distintas-urgencias-y-patologias-audio\/\"},\"wordCount\":438,\"commentCount\":0,\"image\":{\"@id\":\"https:\/\/elregionalvm.com.ar\/noticias-villa-maria\/salud-mental-psicologa-gabriela-pihen-hay-muchisimos-ingresos-por-consumos-problematicos-y-de-adolescentes-con-distintas-urgencias-y-patologias-audio\/#primaryimage\"},\"thumbnailUrl\":\"https:\/\/i0.wp.com\/elregionalvm.com.ar\/noticias-villa-maria\/wp-content\/uploads\/2022\/12\/Hombre-agarra-cabeza-manos-rostro.png?fit=800%2C533&ssl=1\",\"keywords\":[\"adolescentes\",\"ansiedad\",\"consumo problem\u00e1tico\",\"depresi\u00f3n\",\"Gabriela Pih\u00e9n\",\"Hospital Pasteur\",\"intentos de suicidio\",\"Psicolog\u00eda\",\"salud mental\"],\"articleSection\":[\"tercera\",\"Villa Mar\u00eda\"],\"inLanguage\":\"es\",\"potentialAction\":[{\"@type\":\"CommentAction\",\"name\":\"Comment\",\"target\":[\"https:\/\/elregionalvm.com.ar\/noticias-villa-maria\/salud-mental-psicologa-gabriela-pihen-hay-muchisimos-ingresos-por-consumos-problematicos-y-de-adolescentes-con-distintas-urgencias-y-patologias-audio\/#respond\"]}]},{\"@type\":\"WebPage\",\"@id\":\"https:\/\/elregionalvm.com.ar\/noticias-villa-maria\/salud-mental-psicologa-gabriela-pihen-hay-muchisimos-ingresos-por-consumos-problematicos-y-de-adolescentes-con-distintas-urgencias-y-patologias-audio\/\",\"url\":\"https:\/\/elregionalvm.com.ar\/noticias-villa-maria\/salud-mental-psicologa-gabriela-pihen-hay-muchisimos-ingresos-por-consumos-problematicos-y-de-adolescentes-con-distintas-urgencias-y-patologias-audio\/\",\"name\":\"[Salud Mental] Psic\u00f3loga Gabriela Pih\u00e9n: \\\"Hay much\u00edsimos ingresos por consumos problem\u00e1ticos y de adolescentes con distintas urgencias y patolog\u00edas\\\" (AUDIO) - El Regional\",\"isPartOf\":{\"@id\":\"http:\/\/elregionalvm.com.ar\/noticias-villa-maria\/#website\"},\"primaryImageOfPage\":{\"@id\":\"https:\/\/elregionalvm.com.ar\/noticias-villa-maria\/salud-mental-psicologa-gabriela-pihen-hay-muchisimos-ingresos-por-consumos-problematicos-y-de-adolescentes-con-distintas-urgencias-y-patologias-audio\/#primaryimage\"},\"image\":{\"@id\":\"https:\/\/elregionalvm.com.ar\/noticias-villa-maria\/salud-mental-psicologa-gabriela-pihen-hay-muchisimos-ingresos-por-consumos-problematicos-y-de-adolescentes-con-distintas-urgencias-y-patologias-audio\/#primaryimage\"},\"thumbnailUrl\":\"https:\/\/i0.wp.com\/elregionalvm.com.ar\/noticias-villa-maria\/wp-content\/uploads\/2022\/12\/Hombre-agarra-cabeza-manos-rostro.png?fit=800%2C533&ssl=1\",\"datePublished\":\"2024-11-11T04:02:48+00:00\",\"dateModified\":\"2024-11-12T17:10:52+00:00\",\"author\":{\"@id\":\"http:\/\/elregionalvm.com.ar\/noticias-villa-maria\/#\/schema\/person\/d5e4b04966154131701e52c45d3efec9\"},\"breadcrumb\":{\"@id\":\"https:\/\/elregionalvm.com.ar\/noticias-villa-maria\/salud-mental-psicologa-gabriela-pihen-hay-muchisimos-ingresos-por-consumos-problematicos-y-de-adolescentes-con-distintas-urgencias-y-patologias-audio\/#breadcrumb\"},\"inLanguage\":\"es\",\"potentialAction\":[{\"@type\":\"ReadAction\",\"target\":[\"https:\/\/elregionalvm.com.ar\/noticias-villa-maria\/salud-mental-psicologa-gabriela-pihen-hay-muchisimos-ingresos-por-consumos-problematicos-y-de-adolescentes-con-distintas-urgencias-y-patologias-audio\/\"]}]},{\"@type\":\"ImageObject\",\"inLanguage\":\"es\",\"@id\":\"https:\/\/elregionalvm.com.ar\/noticias-villa-maria\/salud-mental-psicologa-gabriela-pihen-hay-muchisimos-ingresos-por-consumos-problematicos-y-de-adolescentes-con-distintas-urgencias-y-patologias-audio\/#primaryimage\",\"url\":\"https:\/\/i0.wp.com\/elregionalvm.com.ar\/noticias-villa-maria\/wp-content\/uploads\/2022\/12\/Hombre-agarra-cabeza-manos-rostro.png?fit=800%2C533&ssl=1\",\"contentUrl\":\"https:\/\/i0.wp.com\/elregionalvm.com.ar\/noticias-villa-maria\/wp-content\/uploads\/2022\/12\/Hombre-agarra-cabeza-manos-rostro.png?fit=800%2C533&ssl=1\",\"width\":800,\"height\":533},{\"@type\":\"BreadcrumbList\",\"@id\":\"https:\/\/elregionalvm.com.ar\/noticias-villa-maria\/salud-mental-psicologa-gabriela-pihen-hay-muchisimos-ingresos-por-consumos-problematicos-y-de-adolescentes-con-distintas-urgencias-y-patologias-audio\/#breadcrumb\",\"itemListElement\":[{\"@type\":\"ListItem\",\"position\":1,\"name\":\"Portada\",\"item\":\"https:\/\/elregionalvm.com.ar\/noticias-villa-maria\/\"},{\"@type\":\"ListItem\",\"position\":2,\"name\":\"[Salud Mental] Psic\u00f3loga Gabriela Pih\u00e9n: \u00abHay much\u00edsimos ingresos por consumos problem\u00e1ticos y de adolescentes con distintas urgencias y patolog\u00edas\u00bb (AUDIO)\"}]},{\"@type\":\"WebSite\",\"@id\":\"http:\/\/elregionalvm.com.ar\/noticias-villa-maria\/#website\",\"url\":\"http:\/\/elregionalvm.com.ar\/noticias-villa-maria\/\",\"name\":\"El Regional\",\"description\":\"Mucho m\u00e1s que informaci\u00f3n\",\"potentialAction\":[{\"@type\":\"SearchAction\",\"target\":{\"@type\":\"EntryPoint\",\"urlTemplate\":\"http:\/\/elregionalvm.com.ar\/noticias-villa-maria\/?s={search_term_string}\"},\"query-input\":{\"@type\":\"PropertyValueSpecification\",\"valueRequired\":true,\"valueName\":\"search_term_string\"}}],\"inLanguage\":\"es\"},{\"@type\":\"Person\",\"@id\":\"http:\/\/elregionalvm.com.ar\/noticias-villa-maria\/#\/schema\/person\/d5e4b04966154131701e52c45d3efec9\",\"name\":\"Germ\u00e1n Giacchero\",\"image\":{\"@type\":\"ImageObject\",\"inLanguage\":\"es\",\"@id\":\"http:\/\/elregionalvm.com.ar\/noticias-villa-maria\/#\/schema\/person\/image\/\",\"url\":\"https:\/\/secure.gravatar.com\/avatar\/fda163ba5ef0307ee5be9846e10f83b6e83d0cfb260d3b2464830318894c6b04?s=96&d=mm&r=g\",\"contentUrl\":\"https:\/\/secure.gravatar.com\/avatar\/fda163ba5ef0307ee5be9846e10f83b6e83d0cfb260d3b2464830318894c6b04?s=96&d=mm&r=g\",\"caption\":\"Germ\u00e1n Giacchero\"},\"url\":\"https:\/\/elregionalvm.com.ar\/noticias-villa-maria\/author\/germangiacchero\/\"}]}<\/script>\n<!-- \/ Yoast SEO plugin. -->","yoast_head_json":{"title":"[Salud Mental] Psic\u00f3loga Gabriela Pih\u00e9n: \"Hay much\u00edsimos ingresos por consumos problem\u00e1ticos y de adolescentes con distintas urgencias y patolog\u00edas\" (AUDIO) - El Regional","robots":{"index":"index","follow":"follow","max-snippet":"max-snippet:-1","max-image-preview":"max-image-preview:large","max-video-preview":"max-video-preview:-1"},"canonical":"https:\/\/elregionalvm.com.ar\/noticias-villa-maria\/salud-mental-psicologa-gabriela-pihen-hay-muchisimos-ingresos-por-consumos-problematicos-y-de-adolescentes-con-distintas-urgencias-y-patologias-audio\/","og_locale":"es_ES","og_type":"article","og_title":"[Salud Mental] Psic\u00f3loga Gabriela Pih\u00e9n: \"Hay much\u00edsimos ingresos por consumos problem\u00e1ticos y de adolescentes con distintas urgencias y patolog\u00edas\" (AUDIO) - El Regional","og_description":"La psic\u00f3loga Gabriela Pih\u00e9n, jefa del servicio de Salud Mental del Hospital Pasteur, dialog\u00f3 con Germ\u00e1n Giacchero, en el programa \u00abRompecabezas\u00bb (FM La C\u00fapula 102.9). Las consultas m\u00e1s frecuentes, la preocupaci\u00f3n por el incremento del consumo problem\u00e1tico y la edad de inicio, los intentos de suicidio y la falta de recursos para el desarrollo del [&hellip;]","og_url":"https:\/\/elregionalvm.com.ar\/noticias-villa-maria\/salud-mental-psicologa-gabriela-pihen-hay-muchisimos-ingresos-por-consumos-problematicos-y-de-adolescentes-con-distintas-urgencias-y-patologias-audio\/","og_site_name":"El Regional","article_publisher":"https:\/\/www.facebook.com\/elregionalvm","article_published_time":"2024-11-11T04:02:48+00:00","article_modified_time":"2024-11-12T17:10:52+00:00","og_image":[{"width":800,"height":533,"url":"https:\/\/elregionalvm.com.ar\/noticias-villa-maria\/wp-content\/uploads\/2022\/12\/Hombre-agarra-cabeza-manos-rostro.png","type":"image\/png"}],"author":"Germ\u00e1n Giacchero","twitter_card":"summary_large_image","twitter_creator":"@elregionalvm1","twitter_site":"@elregionalvm1","twitter_misc":{"Escrito por":"Germ\u00e1n Giacchero","Tiempo de lectura":"3 minutos"},"schema":{"@context":"https:\/\/schema.org","@graph":[{"@type":"Article","@id":"https:\/\/elregionalvm.com.ar\/noticias-villa-maria\/salud-mental-psicologa-gabriela-pihen-hay-muchisimos-ingresos-por-consumos-problematicos-y-de-adolescentes-con-distintas-urgencias-y-patologias-audio\/#article","isPartOf":{"@id":"https:\/\/elregionalvm.com.ar\/noticias-villa-maria\/salud-mental-psicologa-gabriela-pihen-hay-muchisimos-ingresos-por-consumos-problematicos-y-de-adolescentes-con-distintas-urgencias-y-patologias-audio\/"},"author":{"name":"Germ\u00e1n Giacchero","@id":"http:\/\/elregionalvm.com.ar\/noticias-villa-maria\/#\/schema\/person\/d5e4b04966154131701e52c45d3efec9"},"headline":"[Salud Mental] Psic\u00f3loga Gabriela Pih\u00e9n: \u00abHay much\u00edsimos ingresos por consumos problem\u00e1ticos y de adolescentes con distintas urgencias y patolog\u00edas\u00bb (AUDIO)","datePublished":"2024-11-11T04:02:48+00:00","dateModified":"2024-11-12T17:10:52+00:00","mainEntityOfPage":{"@id":"https:\/\/elregionalvm.com.ar\/noticias-villa-maria\/salud-mental-psicologa-gabriela-pihen-hay-muchisimos-ingresos-por-consumos-problematicos-y-de-adolescentes-con-distintas-urgencias-y-patologias-audio\/"},"wordCount":438,"commentCount":0,"image":{"@id":"https:\/\/elregionalvm.com.ar\/noticias-villa-maria\/salud-mental-psicologa-gabriela-pihen-hay-muchisimos-ingresos-por-consumos-problematicos-y-de-adolescentes-con-distintas-urgencias-y-patologias-audio\/#primaryimage"},"thumbnailUrl":"https:\/\/i0.wp.com\/elregionalvm.com.ar\/noticias-villa-maria\/wp-content\/uploads\/2022\/12\/Hombre-agarra-cabeza-manos-rostro.png?fit=800%2C533&ssl=1","keywords":["adolescentes","ansiedad","consumo problem\u00e1tico","depresi\u00f3n","Gabriela Pih\u00e9n","Hospital Pasteur","intentos de suicidio","Psicolog\u00eda","salud mental"],"articleSection":["tercera","Villa Mar\u00eda"],"inLanguage":"es","potentialAction":[{"@type":"CommentAction","name":"Comment","target":["https:\/\/elregionalvm.com.ar\/noticias-villa-maria\/salud-mental-psicologa-gabriela-pihen-hay-muchisimos-ingresos-por-consumos-problematicos-y-de-adolescentes-con-distintas-urgencias-y-patologias-audio\/#respond"]}]},{"@type":"WebPage","@id":"https:\/\/elregionalvm.com.ar\/noticias-villa-maria\/salud-mental-psicologa-gabriela-pihen-hay-muchisimos-ingresos-por-consumos-problematicos-y-de-adolescentes-con-distintas-urgencias-y-patologias-audio\/","url":"https:\/\/elregionalvm.com.ar\/noticias-villa-maria\/salud-mental-psicologa-gabriela-pihen-hay-muchisimos-ingresos-por-consumos-problematicos-y-de-adolescentes-con-distintas-urgencias-y-patologias-audio\/","name":"[Salud Mental] Psic\u00f3loga Gabriela Pih\u00e9n: \"Hay much\u00edsimos ingresos por consumos problem\u00e1ticos y de adolescentes con distintas urgencias y patolog\u00edas\" (AUDIO) - El Regional","isPartOf":{"@id":"http:\/\/elregionalvm.com.ar\/noticias-villa-maria\/#website"},"primaryImageOfPage":{"@id":"https:\/\/elregionalvm.com.ar\/noticias-villa-maria\/salud-mental-psicologa-gabriela-pihen-hay-muchisimos-ingresos-por-consumos-problematicos-y-de-adolescentes-con-distintas-urgencias-y-patologias-audio\/#primaryimage"},"image":{"@id":"https:\/\/elregionalvm.com.ar\/noticias-villa-maria\/salud-mental-psicologa-gabriela-pihen-hay-muchisimos-ingresos-por-consumos-problematicos-y-de-adolescentes-con-distintas-urgencias-y-patologias-audio\/#primaryimage"},"thumbnailUrl":"https:\/\/i0.wp.com\/elregionalvm.com.ar\/noticias-villa-maria\/wp-content\/uploads\/2022\/12\/Hombre-agarra-cabeza-manos-rostro.png?fit=800%2C533&ssl=1","datePublished":"2024-11-11T04:02:48+00:00","dateModified":"2024-11-12T17:10:52+00:00","author":{"@id":"http:\/\/elregionalvm.com.ar\/noticias-villa-maria\/#\/schema\/person\/d5e4b04966154131701e52c45d3efec9"},"breadcrumb":{"@id":"https:\/\/elregionalvm.com.ar\/noticias-villa-maria\/salud-mental-psicologa-gabriela-pihen-hay-muchisimos-ingresos-por-consumos-problematicos-y-de-adolescentes-con-distintas-urgencias-y-patologias-audio\/#breadcrumb"},"inLanguage":"es","potentialAction":[{"@type":"ReadAction","target":["https:\/\/elregionalvm.com.ar\/noticias-villa-maria\/salud-mental-psicologa-gabriela-pihen-hay-muchisimos-ingresos-por-consumos-problematicos-y-de-adolescentes-con-distintas-urgencias-y-patologias-audio\/"]}]},{"@type":"ImageObject","inLanguage":"es","@id":"https:\/\/elregionalvm.com.ar\/noticias-villa-maria\/salud-mental-psicologa-gabriela-pihen-hay-muchisimos-ingresos-por-consumos-problematicos-y-de-adolescentes-con-distintas-urgencias-y-patologias-audio\/#primaryimage","url":"https:\/\/i0.wp.com\/elregionalvm.com.ar\/noticias-villa-maria\/wp-content\/uploads\/2022\/12\/Hombre-agarra-cabeza-manos-rostro.png?fit=800%2C533&ssl=1","contentUrl":"https:\/\/i0.wp.com\/elregionalvm.com.ar\/noticias-villa-maria\/wp-content\/uploads\/2022\/12\/Hombre-agarra-cabeza-manos-rostro.png?fit=800%2C533&ssl=1","width":800,"height":533},{"@type":"BreadcrumbList","@id":"https:\/\/elregionalvm.com.ar\/noticias-villa-maria\/salud-mental-psicologa-gabriela-pihen-hay-muchisimos-ingresos-por-consumos-problematicos-y-de-adolescentes-con-distintas-urgencias-y-patologias-audio\/#breadcrumb","itemListElement":[{"@type":"ListItem","position":1,"name":"Portada","item":"https:\/\/elregionalvm.com.ar\/noticias-villa-maria\/"},{"@type":"ListItem","position":2,"name":"[Salud Mental] Psic\u00f3loga Gabriela Pih\u00e9n: \u00abHay much\u00edsimos ingresos por consumos problem\u00e1ticos y de adolescentes con distintas urgencias y patolog\u00edas\u00bb (AUDIO)"}]},{"@type":"WebSite","@id":"http:\/\/elregionalvm.com.ar\/noticias-villa-maria\/#website","url":"http:\/\/elregionalvm.com.ar\/noticias-villa-maria\/","name":"El Regional","description":"Mucho m\u00e1s que informaci\u00f3n","potentialAction":[{"@type":"SearchAction","target":{"@type":"EntryPoint","urlTemplate":"http:\/\/elregionalvm.com.ar\/noticias-villa-maria\/?s={search_term_string}"},"query-input":{"@type":"PropertyValueSpecification","valueRequired":true,"valueName":"search_term_string"}}],"inLanguage":"es"},{"@type":"Person","@id":"http:\/\/elregionalvm.com.ar\/noticias-villa-maria\/#\/schema\/person\/d5e4b04966154131701e52c45d3efec9","name":"Germ\u00e1n Giacchero","image":{"@type":"ImageObject","inLanguage":"es","@id":"http:\/\/elregionalvm.com.ar\/noticias-villa-maria\/#\/schema\/person\/image\/","url":"https:\/\/secure.gravatar.com\/avatar\/fda163ba5ef0307ee5be9846e10f83b6e83d0cfb260d3b2464830318894c6b04?s=96&d=mm&r=g","contentUrl":"https:\/\/secure.gravatar.com\/avatar\/fda163ba5ef0307ee5be9846e10f83b6e83d0cfb260d3b2464830318894c6b04?s=96&d=mm&r=g","caption":"Germ\u00e1n Giacchero"},"url":"https:\/\/elregionalvm.com.ar\/noticias-villa-maria\/author\/germangiacchero\/"}]}},"jetpack_featured_media_url":"https:\/\/i0.wp.com\/elregionalvm.com.ar\/noticias-villa-maria\/wp-content\/uploads\/2022\/12\/Hombre-agarra-cabeza-manos-rostro.png?fit=800%2C533&ssl=1","jetpack_sharing_enabled":true,"_links":{"self":[{"href":"https:\/\/elregionalvm.com.ar\/noticias-villa-maria\/wp-json\/wp\/v2\/posts\/100588","targetHints":{"allow":["GET"]}}],"collection":[{"href":"https:\/\/elregionalvm.com.ar\/noticias-villa-maria\/wp-json\/wp\/v2\/posts"}],"about":[{"href":"https:\/\/elregionalvm.com.ar\/noticias-villa-maria\/wp-json\/wp\/v2\/types\/post"}],"author":[{"embeddable":true,"href":"https:\/\/elregionalvm.com.ar\/noticias-villa-maria\/wp-json\/wp\/v2\/users\/6"}],"replies":[{"embeddable":true,"href":"https:\/\/elregionalvm.com.ar\/noticias-villa-maria\/wp-json\/wp\/v2\/comments?post=100588"}],"version-history":[{"count":7,"href":"https:\/\/elregionalvm.com.ar\/noticias-villa-maria\/wp-json\/wp\/v2\/posts\/100588\/revisions"}],"predecessor-version":[{"id":100629,"href":"https:\/\/elregionalvm.com.ar\/noticias-villa-maria\/wp-json\/wp\/v2\/posts\/100588\/revisions\/100629"}],"wp:featuredmedia":[{"embeddable":true,"href":"https:\/\/elregionalvm.com.ar\/noticias-villa-maria\/wp-json\/wp\/v2\/media\/69487"}],"wp:attachment":[{"href":"https:\/\/elregionalvm.com.ar\/noticias-villa-maria\/wp-json\/wp\/v2\/media?parent=100588"}],"wp:term":[{"taxonomy":"category","embeddable":true,"href":"https:\/\/elregionalvm.com.ar\/noticias-villa-maria\/wp-json\/wp\/v2\/categories?post=100588"},{"taxonomy":"post_tag","embeddable":true,"href":"https:\/\/elregionalvm.com.ar\/noticias-villa-maria\/wp-json\/wp\/v2\/tags?post=100588"}],"curies":[{"name":"wp","href":"https:\/\/api.w.org\/{rel}","templated":true}]}}