{"id":100644,"date":"2024-11-13T02:09:17","date_gmt":"2024-11-13T02:09:17","guid":{"rendered":"https:\/\/elregionalvm.com.ar\/noticias-villa-maria\/?p=100644"},"modified":"2024-11-13T02:09:18","modified_gmt":"2024-11-13T02:09:18","slug":"acovim-participo-en-los-festejos-por-los-cien-anos-de-la-camara-argentina-de-comercio","status":"publish","type":"post","link":"https:\/\/elregionalvm.com.ar\/noticias-villa-maria\/acovim-participo-en-los-festejos-por-los-cien-anos-de-la-camara-argentina-de-comercio\/","title":{"rendered":"ACOVIM particip\u00f3 en los festejos por los cien a\u00f1os de la C\u00e1mara Argentina de Comercio"},"content":{"rendered":"\n<p>La Asociaci\u00f3n Civil de Comerciantes de Villa Mar\u00eda (ACOVIM), en su calidad de entidad asociada a la C\u00e1mara Argentina de Comercio (CAC), particip\u00f3 en los festejos por el 100\u00b0 aniversario de esa instituci\u00f3n.<\/p>\n\n\n\n<p>\u201cEn un emotivo evento celebrado el pasado jueves 7 de noviembre, ACOVIM se sum\u00f3 a la celebraci\u00f3n junto a un nutrido p\u00fablico conformado por socios, dirigentes gremiales, empresarios de todo el pa\u00eds, hombres y mujeres de negocios, funcionarios, representantes de entidades amigas e invitados especiales\u201d, indic\u00f3 la entidad en un comunicado de prensa.<\/p>\n\n\n\n<p>Con este c\u00f3ctel de gala, la CAC conmemor\u00f3 un siglo de trayectoria al servicio del comercio argentino, consolid\u00e1ndose como una de las instituciones empresarias m\u00e1s importantes del pa\u00eds.<\/p>\n\n\n\n<p>\u201cOsvaldo Acosta, como representante m\u00e1ximo de ACOVIM, fiel a su compromiso de representar los intereses de los comerciantes locales, quiso estar presente en este hito hist\u00f3rico y compartir este momento de celebraci\u00f3n con la comunidad empresarial\u201d, remarc\u00f3.<\/p>\n","protected":false},"excerpt":{"rendered":"<p>La Asociaci\u00f3n Civil de Comerciantes de Villa Mar\u00eda (ACOVIM), en su calidad de entidad asociada a la C\u00e1mara Argentina de Comercio (CAC), particip\u00f3 en los festejos por el 100\u00b0 aniversario de esa instituci\u00f3n. \u201cEn un emotivo evento celebrado el pasado jueves 7 de noviembre, ACOVIM se sum\u00f3 a la celebraci\u00f3n junto a un nutrido p\u00fablico [&hellip;]<\/p>\n","protected":false},"author":6,"featured_media":100645,"comment_status":"open","ping_status":"open","sticky":false,"template":"","format":"standard","meta":{"site-sidebar-layout":"default","site-content-layout":"","ast-site-content-layout":"default","site-content-style":"default","site-sidebar-style":"default","ast-global-header-display":"","ast-banner-title-visibility":"","ast-main-header-display":"","ast-hfb-above-header-display":"","ast-hfb-below-header-display":"","ast-hfb-mobile-header-display":"","site-post-title":"","ast-breadcrumbs-content":"","ast-featured-img":"","footer-sml-layout":"","ast-disable-related-posts":"","theme-transparent-header-meta":"","adv-header-id-meta":"","stick-header-meta":"","header-above-stick-meta":"","header-main-stick-meta":"","header-below-stick-meta":"","astra-migrate-meta-layouts":"set","ast-page-background-enabled":"default","ast-page-background-meta":{"desktop":{"background-color":"","background-image":"","background-repeat":"repeat","background-position":"center center","background-size":"auto","background-attachment":"scroll","background-type":"","background-media":"","overlay-type":"","overlay-color":"","overlay-opacity":"","overlay-gradient":""},"tablet":{"background-color":"","background-image":"","background-repeat":"repeat","background-position":"center center","background-size":"auto","background-attachment":"scroll","background-type":"","background-media":"","overlay-type":"","overlay-color":"","overlay-opacity":"","overlay-gradient":""},"mobile":{"background-color":"","background-image":"","background-repeat":"repeat","background-position":"center center","background-size":"auto","background-attachment":"scroll","background-type":"","background-media":"","overlay-type":"","overlay-color":"","overlay-opacity":"","overlay-gradient":""}},"ast-content-background-meta":{"desktop":{"background-color":"var(--ast-global-color-5)","background-image":"","background-repeat":"repeat","background-position":"center center","background-size":"auto","background-attachment":"scroll","background-type":"","background-media":"","overlay-type":"","overlay-color":"","overlay-opacity":"","overlay-gradient":""},"tablet":{"background-color":"var(--ast-global-color-5)","background-image":"","background-repeat":"repeat","background-position":"center center","background-size":"auto","background-attachment":"scroll","background-type":"","background-media":"","overlay-type":"","overlay-color":"","overlay-opacity":"","overlay-gradient":""},"mobile":{"background-color":"var(--ast-global-color-5)","background-image":"","background-repeat":"repeat","background-position":"center center","background-size":"auto","background-attachment":"scroll","background-type":"","background-media":"","overlay-type":"","overlay-color":"","overlay-opacity":"","overlay-gradient":""}},"_jetpack_memberships_contains_paid_content":false,"_joinchat":[],"footnotes":""},"categories":[15302,2],"tags":[1427,24504,11084,930,4130],"class_list":["post-100644","post","type-post","status-publish","format-standard","has-post-thumbnail","hentry","category-destacado","category-villa-maria","tag-acovim","tag-cac","tag-centenario","tag-comercio","tag-festejos"],"yoast_head":"<!-- This site is optimized with the Yoast SEO plugin v26.8 - https:\/\/yoast.com\/product\/yoast-seo-wordpress\/ -->\n<title>ACOVIM particip\u00f3 en los festejos por los cien a\u00f1os de la C\u00e1mara Argentina de Comercio - El Regional<\/title>\n<meta name=\"robots\" content=\"index, follow, max-snippet:-1, max-image-preview:large, max-video-preview:-1\" \/>\n<link rel=\"canonical\" href=\"https:\/\/elregionalvm.com.ar\/noticias-villa-maria\/acovim-participo-en-los-festejos-por-los-cien-anos-de-la-camara-argentina-de-comercio\/\" \/>\n<meta property=\"og:locale\" content=\"es_ES\" \/>\n<meta property=\"og:type\" content=\"article\" \/>\n<meta property=\"og:title\" content=\"ACOVIM particip\u00f3 en los festejos por los cien a\u00f1os de la C\u00e1mara Argentina de Comercio - El Regional\" \/>\n<meta property=\"og:description\" content=\"La Asociaci\u00f3n Civil de Comerciantes de Villa Mar\u00eda (ACOVIM), en su calidad de entidad asociada a la C\u00e1mara Argentina de Comercio (CAC), particip\u00f3 en los festejos por el 100\u00b0 aniversario de esa instituci\u00f3n. \u201cEn un emotivo evento celebrado el pasado jueves 7 de noviembre, ACOVIM se sum\u00f3 a la celebraci\u00f3n junto a un nutrido p\u00fablico [&hellip;]\" \/>\n<meta property=\"og:url\" content=\"https:\/\/elregionalvm.com.ar\/noticias-villa-maria\/acovim-participo-en-los-festejos-por-los-cien-anos-de-la-camara-argentina-de-comercio\/\" \/>\n<meta property=\"og:site_name\" content=\"El Regional\" \/>\n<meta property=\"article:publisher\" content=\"https:\/\/www.facebook.com\/elregionalvm\" \/>\n<meta property=\"article:published_time\" content=\"2024-11-13T02:09:17+00:00\" \/>\n<meta property=\"article:modified_time\" content=\"2024-11-13T02:09:18+00:00\" \/>\n<meta property=\"og:image\" content=\"https:\/\/elregionalvm.com.ar\/noticias-villa-maria\/wp-content\/uploads\/2024\/11\/Acovim-cena-nacional.jpeg\" \/>\n\t<meta property=\"og:image:width\" content=\"720\" \/>\n\t<meta property=\"og:image:height\" content=\"563\" \/>\n\t<meta property=\"og:image:type\" content=\"image\/jpeg\" \/>\n<meta name=\"author\" content=\"Germ\u00e1n Giacchero\" \/>\n<meta name=\"twitter:card\" content=\"summary_large_image\" \/>\n<meta name=\"twitter:creator\" content=\"@elregionalvm1\" \/>\n<meta name=\"twitter:site\" content=\"@elregionalvm1\" \/>\n<meta name=\"twitter:label1\" content=\"Escrito por\" \/>\n\t<meta name=\"twitter:data1\" content=\"Germ\u00e1n Giacchero\" \/>\n\t<meta name=\"twitter:label2\" content=\"Tiempo de lectura\" \/>\n\t<meta name=\"twitter:data2\" content=\"1 minuto\" \/>\n<script type=\"application\/ld+json\" class=\"yoast-schema-graph\">{\"@context\":\"https:\/\/schema.org\",\"@graph\":[{\"@type\":\"Article\",\"@id\":\"https:\/\/elregionalvm.com.ar\/noticias-villa-maria\/acovim-participo-en-los-festejos-por-los-cien-anos-de-la-camara-argentina-de-comercio\/#article\",\"isPartOf\":{\"@id\":\"https:\/\/elregionalvm.com.ar\/noticias-villa-maria\/acovim-participo-en-los-festejos-por-los-cien-anos-de-la-camara-argentina-de-comercio\/\"},\"author\":{\"name\":\"Germ\u00e1n Giacchero\",\"@id\":\"http:\/\/elregionalvm.com.ar\/noticias-villa-maria\/#\/schema\/person\/d5e4b04966154131701e52c45d3efec9\"},\"headline\":\"ACOVIM particip\u00f3 en los festejos por los cien a\u00f1os de la C\u00e1mara Argentina de Comercio\",\"datePublished\":\"2024-11-13T02:09:17+00:00\",\"dateModified\":\"2024-11-13T02:09:18+00:00\",\"mainEntityOfPage\":{\"@id\":\"https:\/\/elregionalvm.com.ar\/noticias-villa-maria\/acovim-participo-en-los-festejos-por-los-cien-anos-de-la-camara-argentina-de-comercio\/\"},\"wordCount\":180,\"commentCount\":0,\"image\":{\"@id\":\"https:\/\/elregionalvm.com.ar\/noticias-villa-maria\/acovim-participo-en-los-festejos-por-los-cien-anos-de-la-camara-argentina-de-comercio\/#primaryimage\"},\"thumbnailUrl\":\"https:\/\/i0.wp.com\/elregionalvm.com.ar\/noticias-villa-maria\/wp-content\/uploads\/2024\/11\/Acovim-cena-nacional.jpeg?fit=720%2C563&ssl=1\",\"keywords\":[\"Acovim\",\"CAC\",\"Centenario\",\"Comercio\",\"Festejos\"],\"articleSection\":[\"destacado\",\"Villa Mar\u00eda\"],\"inLanguage\":\"es\",\"potentialAction\":[{\"@type\":\"CommentAction\",\"name\":\"Comment\",\"target\":[\"https:\/\/elregionalvm.com.ar\/noticias-villa-maria\/acovim-participo-en-los-festejos-por-los-cien-anos-de-la-camara-argentina-de-comercio\/#respond\"]}]},{\"@type\":\"WebPage\",\"@id\":\"https:\/\/elregionalvm.com.ar\/noticias-villa-maria\/acovim-participo-en-los-festejos-por-los-cien-anos-de-la-camara-argentina-de-comercio\/\",\"url\":\"https:\/\/elregionalvm.com.ar\/noticias-villa-maria\/acovim-participo-en-los-festejos-por-los-cien-anos-de-la-camara-argentina-de-comercio\/\",\"name\":\"ACOVIM particip\u00f3 en los festejos por los cien a\u00f1os de la C\u00e1mara Argentina de Comercio - El Regional\",\"isPartOf\":{\"@id\":\"http:\/\/elregionalvm.com.ar\/noticias-villa-maria\/#website\"},\"primaryImageOfPage\":{\"@id\":\"https:\/\/elregionalvm.com.ar\/noticias-villa-maria\/acovim-participo-en-los-festejos-por-los-cien-anos-de-la-camara-argentina-de-comercio\/#primaryimage\"},\"image\":{\"@id\":\"https:\/\/elregionalvm.com.ar\/noticias-villa-maria\/acovim-participo-en-los-festejos-por-los-cien-anos-de-la-camara-argentina-de-comercio\/#primaryimage\"},\"thumbnailUrl\":\"https:\/\/i0.wp.com\/elregionalvm.com.ar\/noticias-villa-maria\/wp-content\/uploads\/2024\/11\/Acovim-cena-nacional.jpeg?fit=720%2C563&ssl=1\",\"datePublished\":\"2024-11-13T02:09:17+00:00\",\"dateModified\":\"2024-11-13T02:09:18+00:00\",\"author\":{\"@id\":\"http:\/\/elregionalvm.com.ar\/noticias-villa-maria\/#\/schema\/person\/d5e4b04966154131701e52c45d3efec9\"},\"breadcrumb\":{\"@id\":\"https:\/\/elregionalvm.com.ar\/noticias-villa-maria\/acovim-participo-en-los-festejos-por-los-cien-anos-de-la-camara-argentina-de-comercio\/#breadcrumb\"},\"inLanguage\":\"es\",\"potentialAction\":[{\"@type\":\"ReadAction\",\"target\":[\"https:\/\/elregionalvm.com.ar\/noticias-villa-maria\/acovim-participo-en-los-festejos-por-los-cien-anos-de-la-camara-argentina-de-comercio\/\"]}]},{\"@type\":\"ImageObject\",\"inLanguage\":\"es\",\"@id\":\"https:\/\/elregionalvm.com.ar\/noticias-villa-maria\/acovim-participo-en-los-festejos-por-los-cien-anos-de-la-camara-argentina-de-comercio\/#primaryimage\",\"url\":\"https:\/\/i0.wp.com\/elregionalvm.com.ar\/noticias-villa-maria\/wp-content\/uploads\/2024\/11\/Acovim-cena-nacional.jpeg?fit=720%2C563&ssl=1\",\"contentUrl\":\"https:\/\/i0.wp.com\/elregionalvm.com.ar\/noticias-villa-maria\/wp-content\/uploads\/2024\/11\/Acovim-cena-nacional.jpeg?fit=720%2C563&ssl=1\",\"width\":720,\"height\":563},{\"@type\":\"BreadcrumbList\",\"@id\":\"https:\/\/elregionalvm.com.ar\/noticias-villa-maria\/acovim-participo-en-los-festejos-por-los-cien-anos-de-la-camara-argentina-de-comercio\/#breadcrumb\",\"itemListElement\":[{\"@type\":\"ListItem\",\"position\":1,\"name\":\"Portada\",\"item\":\"https:\/\/elregionalvm.com.ar\/noticias-villa-maria\/\"},{\"@type\":\"ListItem\",\"position\":2,\"name\":\"ACOVIM particip\u00f3 en los festejos por los cien a\u00f1os de la C\u00e1mara Argentina de Comercio\"}]},{\"@type\":\"WebSite\",\"@id\":\"http:\/\/elregionalvm.com.ar\/noticias-villa-maria\/#website\",\"url\":\"http:\/\/elregionalvm.com.ar\/noticias-villa-maria\/\",\"name\":\"El Regional\",\"description\":\"Mucho m\u00e1s que informaci\u00f3n\",\"potentialAction\":[{\"@type\":\"SearchAction\",\"target\":{\"@type\":\"EntryPoint\",\"urlTemplate\":\"http:\/\/elregionalvm.com.ar\/noticias-villa-maria\/?s={search_term_string}\"},\"query-input\":{\"@type\":\"PropertyValueSpecification\",\"valueRequired\":true,\"valueName\":\"search_term_string\"}}],\"inLanguage\":\"es\"},{\"@type\":\"Person\",\"@id\":\"http:\/\/elregionalvm.com.ar\/noticias-villa-maria\/#\/schema\/person\/d5e4b04966154131701e52c45d3efec9\",\"name\":\"Germ\u00e1n Giacchero\",\"image\":{\"@type\":\"ImageObject\",\"inLanguage\":\"es\",\"@id\":\"http:\/\/elregionalvm.com.ar\/noticias-villa-maria\/#\/schema\/person\/image\/\",\"url\":\"https:\/\/secure.gravatar.com\/avatar\/fda163ba5ef0307ee5be9846e10f83b6e83d0cfb260d3b2464830318894c6b04?s=96&d=mm&r=g\",\"contentUrl\":\"https:\/\/secure.gravatar.com\/avatar\/fda163ba5ef0307ee5be9846e10f83b6e83d0cfb260d3b2464830318894c6b04?s=96&d=mm&r=g\",\"caption\":\"Germ\u00e1n Giacchero\"},\"url\":\"https:\/\/elregionalvm.com.ar\/noticias-villa-maria\/author\/germangiacchero\/\"}]}<\/script>\n<!-- \/ Yoast SEO plugin. -->","yoast_head_json":{"title":"ACOVIM particip\u00f3 en los festejos por los cien a\u00f1os de la C\u00e1mara Argentina de Comercio - El Regional","robots":{"index":"index","follow":"follow","max-snippet":"max-snippet:-1","max-image-preview":"max-image-preview:large","max-video-preview":"max-video-preview:-1"},"canonical":"https:\/\/elregionalvm.com.ar\/noticias-villa-maria\/acovim-participo-en-los-festejos-por-los-cien-anos-de-la-camara-argentina-de-comercio\/","og_locale":"es_ES","og_type":"article","og_title":"ACOVIM particip\u00f3 en los festejos por los cien a\u00f1os de la C\u00e1mara Argentina de Comercio - El Regional","og_description":"La Asociaci\u00f3n Civil de Comerciantes de Villa Mar\u00eda (ACOVIM), en su calidad de entidad asociada a la C\u00e1mara Argentina de Comercio (CAC), particip\u00f3 en los festejos por el 100\u00b0 aniversario de esa instituci\u00f3n. \u201cEn un emotivo evento celebrado el pasado jueves 7 de noviembre, ACOVIM se sum\u00f3 a la celebraci\u00f3n junto a un nutrido p\u00fablico [&hellip;]","og_url":"https:\/\/elregionalvm.com.ar\/noticias-villa-maria\/acovim-participo-en-los-festejos-por-los-cien-anos-de-la-camara-argentina-de-comercio\/","og_site_name":"El Regional","article_publisher":"https:\/\/www.facebook.com\/elregionalvm","article_published_time":"2024-11-13T02:09:17+00:00","article_modified_time":"2024-11-13T02:09:18+00:00","og_image":[{"width":720,"height":563,"url":"https:\/\/elregionalvm.com.ar\/noticias-villa-maria\/wp-content\/uploads\/2024\/11\/Acovim-cena-nacional.jpeg","type":"image\/jpeg"}],"author":"Germ\u00e1n Giacchero","twitter_card":"summary_large_image","twitter_creator":"@elregionalvm1","twitter_site":"@elregionalvm1","twitter_misc":{"Escrito por":"Germ\u00e1n Giacchero","Tiempo de lectura":"1 minuto"},"schema":{"@context":"https:\/\/schema.org","@graph":[{"@type":"Article","@id":"https:\/\/elregionalvm.com.ar\/noticias-villa-maria\/acovim-participo-en-los-festejos-por-los-cien-anos-de-la-camara-argentina-de-comercio\/#article","isPartOf":{"@id":"https:\/\/elregionalvm.com.ar\/noticias-villa-maria\/acovim-participo-en-los-festejos-por-los-cien-anos-de-la-camara-argentina-de-comercio\/"},"author":{"name":"Germ\u00e1n Giacchero","@id":"http:\/\/elregionalvm.com.ar\/noticias-villa-maria\/#\/schema\/person\/d5e4b04966154131701e52c45d3efec9"},"headline":"ACOVIM particip\u00f3 en los festejos por los cien a\u00f1os de la C\u00e1mara Argentina de Comercio","datePublished":"2024-11-13T02:09:17+00:00","dateModified":"2024-11-13T02:09:18+00:00","mainEntityOfPage":{"@id":"https:\/\/elregionalvm.com.ar\/noticias-villa-maria\/acovim-participo-en-los-festejos-por-los-cien-anos-de-la-camara-argentina-de-comercio\/"},"wordCount":180,"commentCount":0,"image":{"@id":"https:\/\/elregionalvm.com.ar\/noticias-villa-maria\/acovim-participo-en-los-festejos-por-los-cien-anos-de-la-camara-argentina-de-comercio\/#primaryimage"},"thumbnailUrl":"https:\/\/i0.wp.com\/elregionalvm.com.ar\/noticias-villa-maria\/wp-content\/uploads\/2024\/11\/Acovim-cena-nacional.jpeg?fit=720%2C563&ssl=1","keywords":["Acovim","CAC","Centenario","Comercio","Festejos"],"articleSection":["destacado","Villa Mar\u00eda"],"inLanguage":"es","potentialAction":[{"@type":"CommentAction","name":"Comment","target":["https:\/\/elregionalvm.com.ar\/noticias-villa-maria\/acovim-participo-en-los-festejos-por-los-cien-anos-de-la-camara-argentina-de-comercio\/#respond"]}]},{"@type":"WebPage","@id":"https:\/\/elregionalvm.com.ar\/noticias-villa-maria\/acovim-participo-en-los-festejos-por-los-cien-anos-de-la-camara-argentina-de-comercio\/","url":"https:\/\/elregionalvm.com.ar\/noticias-villa-maria\/acovim-participo-en-los-festejos-por-los-cien-anos-de-la-camara-argentina-de-comercio\/","name":"ACOVIM particip\u00f3 en los festejos por los cien a\u00f1os de la C\u00e1mara Argentina de Comercio - El Regional","isPartOf":{"@id":"http:\/\/elregionalvm.com.ar\/noticias-villa-maria\/#website"},"primaryImageOfPage":{"@id":"https:\/\/elregionalvm.com.ar\/noticias-villa-maria\/acovim-participo-en-los-festejos-por-los-cien-anos-de-la-camara-argentina-de-comercio\/#primaryimage"},"image":{"@id":"https:\/\/elregionalvm.com.ar\/noticias-villa-maria\/acovim-participo-en-los-festejos-por-los-cien-anos-de-la-camara-argentina-de-comercio\/#primaryimage"},"thumbnailUrl":"https:\/\/i0.wp.com\/elregionalvm.com.ar\/noticias-villa-maria\/wp-content\/uploads\/2024\/11\/Acovim-cena-nacional.jpeg?fit=720%2C563&ssl=1","datePublished":"2024-11-13T02:09:17+00:00","dateModified":"2024-11-13T02:09:18+00:00","author":{"@id":"http:\/\/elregionalvm.com.ar\/noticias-villa-maria\/#\/schema\/person\/d5e4b04966154131701e52c45d3efec9"},"breadcrumb":{"@id":"https:\/\/elregionalvm.com.ar\/noticias-villa-maria\/acovim-participo-en-los-festejos-por-los-cien-anos-de-la-camara-argentina-de-comercio\/#breadcrumb"},"inLanguage":"es","potentialAction":[{"@type":"ReadAction","target":["https:\/\/elregionalvm.com.ar\/noticias-villa-maria\/acovim-participo-en-los-festejos-por-los-cien-anos-de-la-camara-argentina-de-comercio\/"]}]},{"@type":"ImageObject","inLanguage":"es","@id":"https:\/\/elregionalvm.com.ar\/noticias-villa-maria\/acovim-participo-en-los-festejos-por-los-cien-anos-de-la-camara-argentina-de-comercio\/#primaryimage","url":"https:\/\/i0.wp.com\/elregionalvm.com.ar\/noticias-villa-maria\/wp-content\/uploads\/2024\/11\/Acovim-cena-nacional.jpeg?fit=720%2C563&ssl=1","contentUrl":"https:\/\/i0.wp.com\/elregionalvm.com.ar\/noticias-villa-maria\/wp-content\/uploads\/2024\/11\/Acovim-cena-nacional.jpeg?fit=720%2C563&ssl=1","width":720,"height":563},{"@type":"BreadcrumbList","@id":"https:\/\/elregionalvm.com.ar\/noticias-villa-maria\/acovim-participo-en-los-festejos-por-los-cien-anos-de-la-camara-argentina-de-comercio\/#breadcrumb","itemListElement":[{"@type":"ListItem","position":1,"name":"Portada","item":"https:\/\/elregionalvm.com.ar\/noticias-villa-maria\/"},{"@type":"ListItem","position":2,"name":"ACOVIM particip\u00f3 en los festejos por los cien a\u00f1os de la C\u00e1mara Argentina de Comercio"}]},{"@type":"WebSite","@id":"http:\/\/elregionalvm.com.ar\/noticias-villa-maria\/#website","url":"http:\/\/elregionalvm.com.ar\/noticias-villa-maria\/","name":"El Regional","description":"Mucho m\u00e1s que informaci\u00f3n","potentialAction":[{"@type":"SearchAction","target":{"@type":"EntryPoint","urlTemplate":"http:\/\/elregionalvm.com.ar\/noticias-villa-maria\/?s={search_term_string}"},"query-input":{"@type":"PropertyValueSpecification","valueRequired":true,"valueName":"search_term_string"}}],"inLanguage":"es"},{"@type":"Person","@id":"http:\/\/elregionalvm.com.ar\/noticias-villa-maria\/#\/schema\/person\/d5e4b04966154131701e52c45d3efec9","name":"Germ\u00e1n Giacchero","image":{"@type":"ImageObject","inLanguage":"es","@id":"http:\/\/elregionalvm.com.ar\/noticias-villa-maria\/#\/schema\/person\/image\/","url":"https:\/\/secure.gravatar.com\/avatar\/fda163ba5ef0307ee5be9846e10f83b6e83d0cfb260d3b2464830318894c6b04?s=96&d=mm&r=g","contentUrl":"https:\/\/secure.gravatar.com\/avatar\/fda163ba5ef0307ee5be9846e10f83b6e83d0cfb260d3b2464830318894c6b04?s=96&d=mm&r=g","caption":"Germ\u00e1n Giacchero"},"url":"https:\/\/elregionalvm.com.ar\/noticias-villa-maria\/author\/germangiacchero\/"}]}},"jetpack_featured_media_url":"https:\/\/i0.wp.com\/elregionalvm.com.ar\/noticias-villa-maria\/wp-content\/uploads\/2024\/11\/Acovim-cena-nacional.jpeg?fit=720%2C563&ssl=1","jetpack_sharing_enabled":true,"_links":{"self":[{"href":"https:\/\/elregionalvm.com.ar\/noticias-villa-maria\/wp-json\/wp\/v2\/posts\/100644","targetHints":{"allow":["GET"]}}],"collection":[{"href":"https:\/\/elregionalvm.com.ar\/noticias-villa-maria\/wp-json\/wp\/v2\/posts"}],"about":[{"href":"https:\/\/elregionalvm.com.ar\/noticias-villa-maria\/wp-json\/wp\/v2\/types\/post"}],"author":[{"embeddable":true,"href":"https:\/\/elregionalvm.com.ar\/noticias-villa-maria\/wp-json\/wp\/v2\/users\/6"}],"replies":[{"embeddable":true,"href":"https:\/\/elregionalvm.com.ar\/noticias-villa-maria\/wp-json\/wp\/v2\/comments?post=100644"}],"version-history":[{"count":1,"href":"https:\/\/elregionalvm.com.ar\/noticias-villa-maria\/wp-json\/wp\/v2\/posts\/100644\/revisions"}],"predecessor-version":[{"id":100646,"href":"https:\/\/elregionalvm.com.ar\/noticias-villa-maria\/wp-json\/wp\/v2\/posts\/100644\/revisions\/100646"}],"wp:featuredmedia":[{"embeddable":true,"href":"https:\/\/elregionalvm.com.ar\/noticias-villa-maria\/wp-json\/wp\/v2\/media\/100645"}],"wp:attachment":[{"href":"https:\/\/elregionalvm.com.ar\/noticias-villa-maria\/wp-json\/wp\/v2\/media?parent=100644"}],"wp:term":[{"taxonomy":"category","embeddable":true,"href":"https:\/\/elregionalvm.com.ar\/noticias-villa-maria\/wp-json\/wp\/v2\/categories?post=100644"},{"taxonomy":"post_tag","embeddable":true,"href":"https:\/\/elregionalvm.com.ar\/noticias-villa-maria\/wp-json\/wp\/v2\/tags?post=100644"}],"curies":[{"name":"wp","href":"https:\/\/api.w.org\/{rel}","templated":true}]}}