{"id":101059,"date":"2024-11-26T21:35:39","date_gmt":"2024-11-26T21:35:39","guid":{"rendered":"https:\/\/elregionalvm.com.ar\/noticias-villa-maria\/?p=101059"},"modified":"2024-11-26T21:38:58","modified_gmt":"2024-11-26T21:38:58","slug":"este-jueves-se-realizara-la-firma-de-convenio-para-hacer-efectiva-la-implementacion-de-la-carrera-de-ingenieria-civil-en-la-utn","status":"publish","type":"post","link":"https:\/\/elregionalvm.com.ar\/noticias-villa-maria\/este-jueves-se-realizara-la-firma-de-convenio-para-hacer-efectiva-la-implementacion-de-la-carrera-de-ingenieria-civil-en-la-utn\/","title":{"rendered":"Este jueves se realizar\u00e1 la firma de convenio para hacer efectiva la implementaci\u00f3n de la carrera de Ingenier\u00eda Civil en la UTN"},"content":{"rendered":"\n<p>El jueves 28 de noviembre a las 10 horas, se llevar\u00e1 a cabo la firma del convenio protocolar para hacer efectiva la implementaci\u00f3n de Ingenier\u00eda Civil en la UTN Villa Mar\u00eda.<\/p>\n\n\n\n<figure class=\"wp-block-image size-large\"><img data-recalc-dims=\"1\" fetchpriority=\"high\" decoding=\"async\" width=\"1024\" height=\"1024\" src=\"https:\/\/i0.wp.com\/elregionalvm.com.ar\/noticias-villa-maria\/wp-content\/uploads\/2024\/11\/WhatsApp-Image-2024-11-26-at-1.50.54-PM.jpeg?resize=1024%2C1024&#038;ssl=1\" alt=\"\" class=\"wp-image-101062\" srcset=\"https:\/\/i0.wp.com\/elregionalvm.com.ar\/noticias-villa-maria\/wp-content\/uploads\/2024\/11\/WhatsApp-Image-2024-11-26-at-1.50.54-PM.jpeg?resize=1024%2C1024&amp;ssl=1 1024w, https:\/\/i0.wp.com\/elregionalvm.com.ar\/noticias-villa-maria\/wp-content\/uploads\/2024\/11\/WhatsApp-Image-2024-11-26-at-1.50.54-PM.jpeg?resize=300%2C300&amp;ssl=1 300w, https:\/\/i0.wp.com\/elregionalvm.com.ar\/noticias-villa-maria\/wp-content\/uploads\/2024\/11\/WhatsApp-Image-2024-11-26-at-1.50.54-PM.jpeg?resize=768%2C768&amp;ssl=1 768w, https:\/\/i0.wp.com\/elregionalvm.com.ar\/noticias-villa-maria\/wp-content\/uploads\/2024\/11\/WhatsApp-Image-2024-11-26-at-1.50.54-PM.jpeg?w=1080&amp;ssl=1 1080w\" sizes=\"(max-width: 1000px) 100vw, 1000px\" \/><\/figure>\n\n\n\n<p>El evento se realizar\u00e1 en el auditorio \u201cJuan Carlos Peretti\u201d, ubicado en las instalaciones de la mencionada Facultad, y ser\u00e1 presidido por su decano Gaspar Cena junto al Intendente de Villa Mar\u00eda, Eduardo Accastello y el presidente del Colegio de Ingenieros Civiles de Villa Mar\u00eda, Ing. Gustavo Fowler.<\/p>\n","protected":false},"excerpt":{"rendered":"<p>El jueves 28 de noviembre a las 10 horas, se llevar\u00e1 a cabo la firma del convenio protocolar para hacer efectiva la implementaci\u00f3n de Ingenier\u00eda Civil en la UTN Villa Mar\u00eda. El evento se realizar\u00e1 en el auditorio \u201cJuan Carlos Peretti\u201d, ubicado en las instalaciones de la mencionada Facultad, y ser\u00e1 presidido por su decano [&hellip;]<\/p>\n","protected":false},"author":4,"featured_media":31496,"comment_status":"open","ping_status":"open","sticky":false,"template":"","format":"standard","meta":{"site-sidebar-layout":"default","site-content-layout":"","ast-site-content-layout":"default","site-content-style":"default","site-sidebar-style":"default","ast-global-header-display":"","ast-banner-title-visibility":"","ast-main-header-display":"","ast-hfb-above-header-display":"","ast-hfb-below-header-display":"","ast-hfb-mobile-header-display":"","site-post-title":"","ast-breadcrumbs-content":"","ast-featured-img":"","footer-sml-layout":"","ast-disable-related-posts":"","theme-transparent-header-meta":"","adv-header-id-meta":"","stick-header-meta":"","header-above-stick-meta":"","header-main-stick-meta":"","header-below-stick-meta":"","astra-migrate-meta-layouts":"set","ast-page-background-enabled":"default","ast-page-background-meta":{"desktop":{"background-color":"","background-image":"","background-repeat":"repeat","background-position":"center center","background-size":"auto","background-attachment":"scroll","background-type":"","background-media":"","overlay-type":"","overlay-color":"","overlay-opacity":"","overlay-gradient":""},"tablet":{"background-color":"","background-image":"","background-repeat":"repeat","background-position":"center center","background-size":"auto","background-attachment":"scroll","background-type":"","background-media":"","overlay-type":"","overlay-color":"","overlay-opacity":"","overlay-gradient":""},"mobile":{"background-color":"","background-image":"","background-repeat":"repeat","background-position":"center center","background-size":"auto","background-attachment":"scroll","background-type":"","background-media":"","overlay-type":"","overlay-color":"","overlay-opacity":"","overlay-gradient":""}},"ast-content-background-meta":{"desktop":{"background-color":"var(--ast-global-color-5)","background-image":"","background-repeat":"repeat","background-position":"center center","background-size":"auto","background-attachment":"scroll","background-type":"","background-media":"","overlay-type":"","overlay-color":"","overlay-opacity":"","overlay-gradient":""},"tablet":{"background-color":"var(--ast-global-color-5)","background-image":"","background-repeat":"repeat","background-position":"center center","background-size":"auto","background-attachment":"scroll","background-type":"","background-media":"","overlay-type":"","overlay-color":"","overlay-opacity":"","overlay-gradient":""},"mobile":{"background-color":"var(--ast-global-color-5)","background-image":"","background-repeat":"repeat","background-position":"center center","background-size":"auto","background-attachment":"scroll","background-type":"","background-media":"","overlay-type":"","overlay-color":"","overlay-opacity":"","overlay-gradient":""}},"_jetpack_memberships_contains_paid_content":false,"_joinchat":[],"footnotes":""},"categories":[15302,1,5,2],"tags":[],"class_list":["post-101059","post","type-post","status-publish","format-standard","has-post-thumbnail","hentry","category-destacado","category-sin-categoria","category-sociedad","category-villa-maria"],"yoast_head":"<!-- This site is optimized with the Yoast SEO plugin v26.8 - https:\/\/yoast.com\/product\/yoast-seo-wordpress\/ -->\n<title>Este jueves se realizar\u00e1 la firma de convenio para hacer efectiva la implementaci\u00f3n de la carrera de Ingenier\u00eda Civil en la UTN - El Regional<\/title>\n<meta name=\"robots\" content=\"index, follow, max-snippet:-1, max-image-preview:large, max-video-preview:-1\" \/>\n<link rel=\"canonical\" href=\"https:\/\/elregionalvm.com.ar\/noticias-villa-maria\/este-jueves-se-realizara-la-firma-de-convenio-para-hacer-efectiva-la-implementacion-de-la-carrera-de-ingenieria-civil-en-la-utn\/\" \/>\n<meta property=\"og:locale\" content=\"es_ES\" \/>\n<meta property=\"og:type\" content=\"article\" \/>\n<meta property=\"og:title\" content=\"Este jueves se realizar\u00e1 la firma de convenio para hacer efectiva la implementaci\u00f3n de la carrera de Ingenier\u00eda Civil en la UTN - El Regional\" \/>\n<meta property=\"og:description\" content=\"El jueves 28 de noviembre a las 10 horas, se llevar\u00e1 a cabo la firma del convenio protocolar para hacer efectiva la implementaci\u00f3n de Ingenier\u00eda Civil en la UTN Villa Mar\u00eda. El evento se realizar\u00e1 en el auditorio \u201cJuan Carlos Peretti\u201d, ubicado en las instalaciones de la mencionada Facultad, y ser\u00e1 presidido por su decano [&hellip;]\" \/>\n<meta property=\"og:url\" content=\"https:\/\/elregionalvm.com.ar\/noticias-villa-maria\/este-jueves-se-realizara-la-firma-de-convenio-para-hacer-efectiva-la-implementacion-de-la-carrera-de-ingenieria-civil-en-la-utn\/\" \/>\n<meta property=\"og:site_name\" content=\"El Regional\" \/>\n<meta property=\"article:publisher\" content=\"https:\/\/www.facebook.com\/elregionalvm\" \/>\n<meta property=\"article:published_time\" content=\"2024-11-26T21:35:39+00:00\" \/>\n<meta property=\"article:modified_time\" content=\"2024-11-26T21:38:58+00:00\" \/>\n<meta property=\"og:image\" content=\"https:\/\/elregionalvm.com.ar\/noticias-villa-maria\/wp-content\/uploads\/2021\/01\/UTN-frente.jpg\" \/>\n\t<meta property=\"og:image:width\" content=\"2048\" \/>\n\t<meta property=\"og:image:height\" content=\"1182\" \/>\n\t<meta property=\"og:image:type\" content=\"image\/jpeg\" \/>\n<meta name=\"author\" content=\"Contenidos El Regional\" \/>\n<meta name=\"twitter:card\" content=\"summary_large_image\" \/>\n<meta name=\"twitter:creator\" content=\"@elregionalvm1\" \/>\n<meta name=\"twitter:site\" content=\"@elregionalvm1\" \/>\n<meta name=\"twitter:label1\" content=\"Escrito por\" \/>\n\t<meta name=\"twitter:data1\" content=\"Contenidos El Regional\" \/>\n\t<meta name=\"twitter:label2\" content=\"Tiempo de lectura\" \/>\n\t<meta name=\"twitter:data2\" content=\"1 minuto\" \/>\n<script type=\"application\/ld+json\" class=\"yoast-schema-graph\">{\"@context\":\"https:\/\/schema.org\",\"@graph\":[{\"@type\":\"Article\",\"@id\":\"https:\/\/elregionalvm.com.ar\/noticias-villa-maria\/este-jueves-se-realizara-la-firma-de-convenio-para-hacer-efectiva-la-implementacion-de-la-carrera-de-ingenieria-civil-en-la-utn\/#article\",\"isPartOf\":{\"@id\":\"https:\/\/elregionalvm.com.ar\/noticias-villa-maria\/este-jueves-se-realizara-la-firma-de-convenio-para-hacer-efectiva-la-implementacion-de-la-carrera-de-ingenieria-civil-en-la-utn\/\"},\"author\":{\"name\":\"Contenidos El Regional\",\"@id\":\"http:\/\/elregionalvm.com.ar\/noticias-villa-maria\/#\/schema\/person\/a0fb9c422317faca23d50163151bc354\"},\"headline\":\"Este jueves se realizar\u00e1 la firma de convenio para hacer efectiva la implementaci\u00f3n de la carrera de Ingenier\u00eda Civil en la UTN\",\"datePublished\":\"2024-11-26T21:35:39+00:00\",\"dateModified\":\"2024-11-26T21:38:58+00:00\",\"mainEntityOfPage\":{\"@id\":\"https:\/\/elregionalvm.com.ar\/noticias-villa-maria\/este-jueves-se-realizara-la-firma-de-convenio-para-hacer-efectiva-la-implementacion-de-la-carrera-de-ingenieria-civil-en-la-utn\/\"},\"wordCount\":106,\"commentCount\":0,\"image\":{\"@id\":\"https:\/\/elregionalvm.com.ar\/noticias-villa-maria\/este-jueves-se-realizara-la-firma-de-convenio-para-hacer-efectiva-la-implementacion-de-la-carrera-de-ingenieria-civil-en-la-utn\/#primaryimage\"},\"thumbnailUrl\":\"https:\/\/i0.wp.com\/elregionalvm.com.ar\/noticias-villa-maria\/wp-content\/uploads\/2021\/01\/UTN-frente.jpg?fit=2048%2C1182&ssl=1\",\"articleSection\":{\"0\":\"destacado\",\"2\":\"Sociedad\",\"3\":\"Villa Mar\u00eda\"},\"inLanguage\":\"es\",\"potentialAction\":[{\"@type\":\"CommentAction\",\"name\":\"Comment\",\"target\":[\"https:\/\/elregionalvm.com.ar\/noticias-villa-maria\/este-jueves-se-realizara-la-firma-de-convenio-para-hacer-efectiva-la-implementacion-de-la-carrera-de-ingenieria-civil-en-la-utn\/#respond\"]}]},{\"@type\":\"WebPage\",\"@id\":\"https:\/\/elregionalvm.com.ar\/noticias-villa-maria\/este-jueves-se-realizara-la-firma-de-convenio-para-hacer-efectiva-la-implementacion-de-la-carrera-de-ingenieria-civil-en-la-utn\/\",\"url\":\"https:\/\/elregionalvm.com.ar\/noticias-villa-maria\/este-jueves-se-realizara-la-firma-de-convenio-para-hacer-efectiva-la-implementacion-de-la-carrera-de-ingenieria-civil-en-la-utn\/\",\"name\":\"Este jueves se realizar\u00e1 la firma de convenio para hacer efectiva la implementaci\u00f3n de la carrera de Ingenier\u00eda Civil en la UTN - El Regional\",\"isPartOf\":{\"@id\":\"http:\/\/elregionalvm.com.ar\/noticias-villa-maria\/#website\"},\"primaryImageOfPage\":{\"@id\":\"https:\/\/elregionalvm.com.ar\/noticias-villa-maria\/este-jueves-se-realizara-la-firma-de-convenio-para-hacer-efectiva-la-implementacion-de-la-carrera-de-ingenieria-civil-en-la-utn\/#primaryimage\"},\"image\":{\"@id\":\"https:\/\/elregionalvm.com.ar\/noticias-villa-maria\/este-jueves-se-realizara-la-firma-de-convenio-para-hacer-efectiva-la-implementacion-de-la-carrera-de-ingenieria-civil-en-la-utn\/#primaryimage\"},\"thumbnailUrl\":\"https:\/\/i0.wp.com\/elregionalvm.com.ar\/noticias-villa-maria\/wp-content\/uploads\/2021\/01\/UTN-frente.jpg?fit=2048%2C1182&ssl=1\",\"datePublished\":\"2024-11-26T21:35:39+00:00\",\"dateModified\":\"2024-11-26T21:38:58+00:00\",\"author\":{\"@id\":\"http:\/\/elregionalvm.com.ar\/noticias-villa-maria\/#\/schema\/person\/a0fb9c422317faca23d50163151bc354\"},\"breadcrumb\":{\"@id\":\"https:\/\/elregionalvm.com.ar\/noticias-villa-maria\/este-jueves-se-realizara-la-firma-de-convenio-para-hacer-efectiva-la-implementacion-de-la-carrera-de-ingenieria-civil-en-la-utn\/#breadcrumb\"},\"inLanguage\":\"es\",\"potentialAction\":[{\"@type\":\"ReadAction\",\"target\":[\"https:\/\/elregionalvm.com.ar\/noticias-villa-maria\/este-jueves-se-realizara-la-firma-de-convenio-para-hacer-efectiva-la-implementacion-de-la-carrera-de-ingenieria-civil-en-la-utn\/\"]}]},{\"@type\":\"ImageObject\",\"inLanguage\":\"es\",\"@id\":\"https:\/\/elregionalvm.com.ar\/noticias-villa-maria\/este-jueves-se-realizara-la-firma-de-convenio-para-hacer-efectiva-la-implementacion-de-la-carrera-de-ingenieria-civil-en-la-utn\/#primaryimage\",\"url\":\"https:\/\/i0.wp.com\/elregionalvm.com.ar\/noticias-villa-maria\/wp-content\/uploads\/2021\/01\/UTN-frente.jpg?fit=2048%2C1182&ssl=1\",\"contentUrl\":\"https:\/\/i0.wp.com\/elregionalvm.com.ar\/noticias-villa-maria\/wp-content\/uploads\/2021\/01\/UTN-frente.jpg?fit=2048%2C1182&ssl=1\",\"width\":2048,\"height\":1182},{\"@type\":\"BreadcrumbList\",\"@id\":\"https:\/\/elregionalvm.com.ar\/noticias-villa-maria\/este-jueves-se-realizara-la-firma-de-convenio-para-hacer-efectiva-la-implementacion-de-la-carrera-de-ingenieria-civil-en-la-utn\/#breadcrumb\",\"itemListElement\":[{\"@type\":\"ListItem\",\"position\":1,\"name\":\"Portada\",\"item\":\"https:\/\/elregionalvm.com.ar\/noticias-villa-maria\/\"},{\"@type\":\"ListItem\",\"position\":2,\"name\":\"Este jueves se realizar\u00e1 la firma de convenio para hacer efectiva la implementaci\u00f3n de la carrera de Ingenier\u00eda Civil en la UTN\"}]},{\"@type\":\"WebSite\",\"@id\":\"http:\/\/elregionalvm.com.ar\/noticias-villa-maria\/#website\",\"url\":\"http:\/\/elregionalvm.com.ar\/noticias-villa-maria\/\",\"name\":\"El Regional\",\"description\":\"Mucho m\u00e1s que informaci\u00f3n\",\"potentialAction\":[{\"@type\":\"SearchAction\",\"target\":{\"@type\":\"EntryPoint\",\"urlTemplate\":\"http:\/\/elregionalvm.com.ar\/noticias-villa-maria\/?s={search_term_string}\"},\"query-input\":{\"@type\":\"PropertyValueSpecification\",\"valueRequired\":true,\"valueName\":\"search_term_string\"}}],\"inLanguage\":\"es\"},{\"@type\":\"Person\",\"@id\":\"http:\/\/elregionalvm.com.ar\/noticias-villa-maria\/#\/schema\/person\/a0fb9c422317faca23d50163151bc354\",\"name\":\"Contenidos El Regional\",\"image\":{\"@type\":\"ImageObject\",\"inLanguage\":\"es\",\"@id\":\"http:\/\/elregionalvm.com.ar\/noticias-villa-maria\/#\/schema\/person\/image\/\",\"url\":\"https:\/\/secure.gravatar.com\/avatar\/265b27cb2209af7bb3a1318f03305787d7981a5cc6e6cd08fe5a4ecdf99d4b48?s=96&d=mm&r=g\",\"contentUrl\":\"https:\/\/secure.gravatar.com\/avatar\/265b27cb2209af7bb3a1318f03305787d7981a5cc6e6cd08fe5a4ecdf99d4b48?s=96&d=mm&r=g\",\"caption\":\"Contenidos El Regional\"},\"url\":\"https:\/\/elregionalvm.com.ar\/noticias-villa-maria\/author\/contenido\/\"}]}<\/script>\n<!-- \/ Yoast SEO plugin. -->","yoast_head_json":{"title":"Este jueves se realizar\u00e1 la firma de convenio para hacer efectiva la implementaci\u00f3n de la carrera de Ingenier\u00eda Civil en la UTN - El Regional","robots":{"index":"index","follow":"follow","max-snippet":"max-snippet:-1","max-image-preview":"max-image-preview:large","max-video-preview":"max-video-preview:-1"},"canonical":"https:\/\/elregionalvm.com.ar\/noticias-villa-maria\/este-jueves-se-realizara-la-firma-de-convenio-para-hacer-efectiva-la-implementacion-de-la-carrera-de-ingenieria-civil-en-la-utn\/","og_locale":"es_ES","og_type":"article","og_title":"Este jueves se realizar\u00e1 la firma de convenio para hacer efectiva la implementaci\u00f3n de la carrera de Ingenier\u00eda Civil en la UTN - El Regional","og_description":"El jueves 28 de noviembre a las 10 horas, se llevar\u00e1 a cabo la firma del convenio protocolar para hacer efectiva la implementaci\u00f3n de Ingenier\u00eda Civil en la UTN Villa Mar\u00eda. El evento se realizar\u00e1 en el auditorio \u201cJuan Carlos Peretti\u201d, ubicado en las instalaciones de la mencionada Facultad, y ser\u00e1 presidido por su decano [&hellip;]","og_url":"https:\/\/elregionalvm.com.ar\/noticias-villa-maria\/este-jueves-se-realizara-la-firma-de-convenio-para-hacer-efectiva-la-implementacion-de-la-carrera-de-ingenieria-civil-en-la-utn\/","og_site_name":"El Regional","article_publisher":"https:\/\/www.facebook.com\/elregionalvm","article_published_time":"2024-11-26T21:35:39+00:00","article_modified_time":"2024-11-26T21:38:58+00:00","og_image":[{"width":2048,"height":1182,"url":"https:\/\/elregionalvm.com.ar\/noticias-villa-maria\/wp-content\/uploads\/2021\/01\/UTN-frente.jpg","type":"image\/jpeg"}],"author":"Contenidos El Regional","twitter_card":"summary_large_image","twitter_creator":"@elregionalvm1","twitter_site":"@elregionalvm1","twitter_misc":{"Escrito por":"Contenidos El Regional","Tiempo de lectura":"1 minuto"},"schema":{"@context":"https:\/\/schema.org","@graph":[{"@type":"Article","@id":"https:\/\/elregionalvm.com.ar\/noticias-villa-maria\/este-jueves-se-realizara-la-firma-de-convenio-para-hacer-efectiva-la-implementacion-de-la-carrera-de-ingenieria-civil-en-la-utn\/#article","isPartOf":{"@id":"https:\/\/elregionalvm.com.ar\/noticias-villa-maria\/este-jueves-se-realizara-la-firma-de-convenio-para-hacer-efectiva-la-implementacion-de-la-carrera-de-ingenieria-civil-en-la-utn\/"},"author":{"name":"Contenidos El Regional","@id":"http:\/\/elregionalvm.com.ar\/noticias-villa-maria\/#\/schema\/person\/a0fb9c422317faca23d50163151bc354"},"headline":"Este jueves se realizar\u00e1 la firma de convenio para hacer efectiva la implementaci\u00f3n de la carrera de Ingenier\u00eda Civil en la UTN","datePublished":"2024-11-26T21:35:39+00:00","dateModified":"2024-11-26T21:38:58+00:00","mainEntityOfPage":{"@id":"https:\/\/elregionalvm.com.ar\/noticias-villa-maria\/este-jueves-se-realizara-la-firma-de-convenio-para-hacer-efectiva-la-implementacion-de-la-carrera-de-ingenieria-civil-en-la-utn\/"},"wordCount":106,"commentCount":0,"image":{"@id":"https:\/\/elregionalvm.com.ar\/noticias-villa-maria\/este-jueves-se-realizara-la-firma-de-convenio-para-hacer-efectiva-la-implementacion-de-la-carrera-de-ingenieria-civil-en-la-utn\/#primaryimage"},"thumbnailUrl":"https:\/\/i0.wp.com\/elregionalvm.com.ar\/noticias-villa-maria\/wp-content\/uploads\/2021\/01\/UTN-frente.jpg?fit=2048%2C1182&ssl=1","articleSection":{"0":"destacado","2":"Sociedad","3":"Villa Mar\u00eda"},"inLanguage":"es","potentialAction":[{"@type":"CommentAction","name":"Comment","target":["https:\/\/elregionalvm.com.ar\/noticias-villa-maria\/este-jueves-se-realizara-la-firma-de-convenio-para-hacer-efectiva-la-implementacion-de-la-carrera-de-ingenieria-civil-en-la-utn\/#respond"]}]},{"@type":"WebPage","@id":"https:\/\/elregionalvm.com.ar\/noticias-villa-maria\/este-jueves-se-realizara-la-firma-de-convenio-para-hacer-efectiva-la-implementacion-de-la-carrera-de-ingenieria-civil-en-la-utn\/","url":"https:\/\/elregionalvm.com.ar\/noticias-villa-maria\/este-jueves-se-realizara-la-firma-de-convenio-para-hacer-efectiva-la-implementacion-de-la-carrera-de-ingenieria-civil-en-la-utn\/","name":"Este jueves se realizar\u00e1 la firma de convenio para hacer efectiva la implementaci\u00f3n de la carrera de Ingenier\u00eda Civil en la UTN - El Regional","isPartOf":{"@id":"http:\/\/elregionalvm.com.ar\/noticias-villa-maria\/#website"},"primaryImageOfPage":{"@id":"https:\/\/elregionalvm.com.ar\/noticias-villa-maria\/este-jueves-se-realizara-la-firma-de-convenio-para-hacer-efectiva-la-implementacion-de-la-carrera-de-ingenieria-civil-en-la-utn\/#primaryimage"},"image":{"@id":"https:\/\/elregionalvm.com.ar\/noticias-villa-maria\/este-jueves-se-realizara-la-firma-de-convenio-para-hacer-efectiva-la-implementacion-de-la-carrera-de-ingenieria-civil-en-la-utn\/#primaryimage"},"thumbnailUrl":"https:\/\/i0.wp.com\/elregionalvm.com.ar\/noticias-villa-maria\/wp-content\/uploads\/2021\/01\/UTN-frente.jpg?fit=2048%2C1182&ssl=1","datePublished":"2024-11-26T21:35:39+00:00","dateModified":"2024-11-26T21:38:58+00:00","author":{"@id":"http:\/\/elregionalvm.com.ar\/noticias-villa-maria\/#\/schema\/person\/a0fb9c422317faca23d50163151bc354"},"breadcrumb":{"@id":"https:\/\/elregionalvm.com.ar\/noticias-villa-maria\/este-jueves-se-realizara-la-firma-de-convenio-para-hacer-efectiva-la-implementacion-de-la-carrera-de-ingenieria-civil-en-la-utn\/#breadcrumb"},"inLanguage":"es","potentialAction":[{"@type":"ReadAction","target":["https:\/\/elregionalvm.com.ar\/noticias-villa-maria\/este-jueves-se-realizara-la-firma-de-convenio-para-hacer-efectiva-la-implementacion-de-la-carrera-de-ingenieria-civil-en-la-utn\/"]}]},{"@type":"ImageObject","inLanguage":"es","@id":"https:\/\/elregionalvm.com.ar\/noticias-villa-maria\/este-jueves-se-realizara-la-firma-de-convenio-para-hacer-efectiva-la-implementacion-de-la-carrera-de-ingenieria-civil-en-la-utn\/#primaryimage","url":"https:\/\/i0.wp.com\/elregionalvm.com.ar\/noticias-villa-maria\/wp-content\/uploads\/2021\/01\/UTN-frente.jpg?fit=2048%2C1182&ssl=1","contentUrl":"https:\/\/i0.wp.com\/elregionalvm.com.ar\/noticias-villa-maria\/wp-content\/uploads\/2021\/01\/UTN-frente.jpg?fit=2048%2C1182&ssl=1","width":2048,"height":1182},{"@type":"BreadcrumbList","@id":"https:\/\/elregionalvm.com.ar\/noticias-villa-maria\/este-jueves-se-realizara-la-firma-de-convenio-para-hacer-efectiva-la-implementacion-de-la-carrera-de-ingenieria-civil-en-la-utn\/#breadcrumb","itemListElement":[{"@type":"ListItem","position":1,"name":"Portada","item":"https:\/\/elregionalvm.com.ar\/noticias-villa-maria\/"},{"@type":"ListItem","position":2,"name":"Este jueves se realizar\u00e1 la firma de convenio para hacer efectiva la implementaci\u00f3n de la carrera de Ingenier\u00eda Civil en la UTN"}]},{"@type":"WebSite","@id":"http:\/\/elregionalvm.com.ar\/noticias-villa-maria\/#website","url":"http:\/\/elregionalvm.com.ar\/noticias-villa-maria\/","name":"El Regional","description":"Mucho m\u00e1s que informaci\u00f3n","potentialAction":[{"@type":"SearchAction","target":{"@type":"EntryPoint","urlTemplate":"http:\/\/elregionalvm.com.ar\/noticias-villa-maria\/?s={search_term_string}"},"query-input":{"@type":"PropertyValueSpecification","valueRequired":true,"valueName":"search_term_string"}}],"inLanguage":"es"},{"@type":"Person","@id":"http:\/\/elregionalvm.com.ar\/noticias-villa-maria\/#\/schema\/person\/a0fb9c422317faca23d50163151bc354","name":"Contenidos El Regional","image":{"@type":"ImageObject","inLanguage":"es","@id":"http:\/\/elregionalvm.com.ar\/noticias-villa-maria\/#\/schema\/person\/image\/","url":"https:\/\/secure.gravatar.com\/avatar\/265b27cb2209af7bb3a1318f03305787d7981a5cc6e6cd08fe5a4ecdf99d4b48?s=96&d=mm&r=g","contentUrl":"https:\/\/secure.gravatar.com\/avatar\/265b27cb2209af7bb3a1318f03305787d7981a5cc6e6cd08fe5a4ecdf99d4b48?s=96&d=mm&r=g","caption":"Contenidos El Regional"},"url":"https:\/\/elregionalvm.com.ar\/noticias-villa-maria\/author\/contenido\/"}]}},"jetpack_featured_media_url":"https:\/\/i0.wp.com\/elregionalvm.com.ar\/noticias-villa-maria\/wp-content\/uploads\/2021\/01\/UTN-frente.jpg?fit=2048%2C1182&ssl=1","jetpack_sharing_enabled":true,"_links":{"self":[{"href":"https:\/\/elregionalvm.com.ar\/noticias-villa-maria\/wp-json\/wp\/v2\/posts\/101059","targetHints":{"allow":["GET"]}}],"collection":[{"href":"https:\/\/elregionalvm.com.ar\/noticias-villa-maria\/wp-json\/wp\/v2\/posts"}],"about":[{"href":"https:\/\/elregionalvm.com.ar\/noticias-villa-maria\/wp-json\/wp\/v2\/types\/post"}],"author":[{"embeddable":true,"href":"https:\/\/elregionalvm.com.ar\/noticias-villa-maria\/wp-json\/wp\/v2\/users\/4"}],"replies":[{"embeddable":true,"href":"https:\/\/elregionalvm.com.ar\/noticias-villa-maria\/wp-json\/wp\/v2\/comments?post=101059"}],"version-history":[{"count":2,"href":"https:\/\/elregionalvm.com.ar\/noticias-villa-maria\/wp-json\/wp\/v2\/posts\/101059\/revisions"}],"predecessor-version":[{"id":101063,"href":"https:\/\/elregionalvm.com.ar\/noticias-villa-maria\/wp-json\/wp\/v2\/posts\/101059\/revisions\/101063"}],"wp:featuredmedia":[{"embeddable":true,"href":"https:\/\/elregionalvm.com.ar\/noticias-villa-maria\/wp-json\/wp\/v2\/media\/31496"}],"wp:attachment":[{"href":"https:\/\/elregionalvm.com.ar\/noticias-villa-maria\/wp-json\/wp\/v2\/media?parent=101059"}],"wp:term":[{"taxonomy":"category","embeddable":true,"href":"https:\/\/elregionalvm.com.ar\/noticias-villa-maria\/wp-json\/wp\/v2\/categories?post=101059"},{"taxonomy":"post_tag","embeddable":true,"href":"https:\/\/elregionalvm.com.ar\/noticias-villa-maria\/wp-json\/wp\/v2\/tags?post=101059"}],"curies":[{"name":"wp","href":"https:\/\/api.w.org\/{rel}","templated":true}]}}