{"id":101155,"date":"2024-11-29T21:36:57","date_gmt":"2024-11-29T21:36:57","guid":{"rendered":"https:\/\/elregionalvm.com.ar\/noticias-villa-maria\/?p=101155"},"modified":"2024-11-29T21:36:59","modified_gmt":"2024-11-29T21:36:59","slug":"llaryora-anuncio-obras-por-mas-de-us-63-millones-para-potenciar-el-desarrollo-productivo-del-interior-provincial","status":"publish","type":"post","link":"https:\/\/elregionalvm.com.ar\/noticias-villa-maria\/llaryora-anuncio-obras-por-mas-de-us-63-millones-para-potenciar-el-desarrollo-productivo-del-interior-provincial\/","title":{"rendered":"Llaryora anunci\u00f3 obras por m\u00e1s de US$ 63 millones para potenciar el desarrollo productivo del interior provincial"},"content":{"rendered":"\n<ul class=\"wp-block-list\">\n<li><strong>Se trata de mejoramientos de canales y caminos rurales, la ejecuci\u00f3n de redes el\u00e9ctricas y de conectividad.<\/strong><\/li>\n\n\n\n<li><strong>Los trabajos se desarrollar\u00e1n en las localidades de Cruz del Eje, Villa Dolores, Nicol\u00e1s Bruzone, La Gilda, San Ambrosio, Buchardo, Ital\u00f3, Media Naranja, El Tropiezo, Guanaco Muerto y La Cesira, entre otras.<\/strong><\/li>\n\n\n\n<li><strong>Las obras ser\u00e1n financiadas por organismos internacionales, solventadas por el gobierno provincial. La Naci\u00f3n ser\u00e1 garante del financiamiento.<\/strong><\/li>\n<\/ul>\n\n\n\n<p>Con el objetivo de potenciar el desarrollo agropecuario, ganadero e industrial, el gobernador Mart\u00edn Llaryora, acompa\u00f1ado por el secretario de Agricultura, Ganader\u00eda y Pesca de la Naci\u00f3n, Sergio Iraeta, anunci\u00f3 una inversi\u00f3n de 63 millones de d\u00f3lares para ejecutar obras de infraestructura en el interior provincial.<\/p>\n\n\n\n<p>La inversi\u00f3n mejorar\u00e1 caneles, caminos rurales, redes el\u00e9ctricas y de conectividad. Se trata de ocho obras millonarias para potenciar el desarrollo agropecuario, ganadero e industrial del interior provincial. Todas estas obras beneficiar\u00e1n de forma directa a m\u00e1s de 2.200 productores, 40 mil habitantes, y 535 mil hect\u00e1reas.<\/p>\n\n\n\n<h3 class=\"wp-block-heading\">Las obras<\/h3>\n\n\n\n<p>Se ejecutar\u00e1 el mejoramiento de dos caminos rurales: el S-280, que une La Gilda con San Ambrosio, en el departamento R\u00edo Cuarto; y el A-183, que conecta El Tropiezo con Guanaco Muerto, en el departamento Cruz Del Eje.<\/p>\n\n\n\n<p>Paralelamente se construir\u00e1n las l\u00edneas a\u00e9reas de media tensi\u00f3n entre Villa Valeria y Nicol\u00e1s Bruzone, y de Buchardo a Ital\u00f3, en el departamento General Roca; adem\u00e1s del mejoramiento y cambios de apoyo de m\u00e1s de 11 kil\u00f3metros de la l\u00ednea troncal de La Cesira, en el departamento Presidente Roque S\u00e1enz Pe\u00f1a.<\/p>\n\n\n\n<p>Se llevar\u00e1 a cabo el revestimiento y optimizaci\u00f3n de m\u00e1s de 11 kil\u00f3metros de los canales del sistema de riego del r\u00edo Cruz del Eje, beneficiando a la hom\u00f3nima ciudad y a Media Naranja; y el entubamiento de 3400 metros del sistema de riego de R\u00edo de los Sauces en Villa Dolores.<\/p>\n\n\n\n<p>Complementariamente, se desplegar\u00e1 una red de gateways con tecnolog\u00eda LoRaWAN, un soporte software web provincial gratuito que permitir\u00e1 proveer de comunicaci\u00f3n de datos al \u00e1rea productiva de la cadena agroindustrial, permitiendo a su vez otros usos como la seguridad o el control de cat\u00e1strofes.<\/p>\n\n\n\n<p>Este sistema abarcar\u00e1 un \u00e1rea de m\u00e1s de 7 millones de hect\u00e1reas, es decir el 42% de la superficie de la provincia, beneficiando a 18 mil productores agropecuarios y m\u00e1s de 212 mil ciudadanos.<\/p>\n\n\n\n<p>El gobernador Llaryora destac\u00f3 que en C\u00f3rdoba <em>\u201ctodo lo que el campo paga vuelve al campo en obras de infraestructura\u201d, y remarc\u00f3 que las pol\u00edticas productivas que desde hace a\u00f1os lleva adelante la Provincia son fruto del \u201cdi\u00e1logo constante y permanente con intendentes, instituciones y organizaciones\u201d<\/em> del sector.<\/p>\n\n\n\n<p><em>\u00abEn C\u00f3rdoba podemos pensar distinto y trabajar juntos, es algo que nos distingue y que explica el desarrollo que tiene nuestra provincia\u00bb<\/em>, agreg\u00f3.<\/p>\n\n\n\n<p>Llaryora resalt\u00f3 la buena imagen a nivel internacional que tiene C\u00f3rdoba, la cual permite acceder a cr\u00e9ditos y financiamiento, y destac\u00f3 la necesidad de desarrollar obras que potencien la producci\u00f3n.<em> \u201cSin infraestructura, luz, agua, gas, no se puede planificar la producci\u00f3n, mucho menos pensar en sumarle valor agregado\u201d<\/em>, explic\u00f3.<\/p>\n\n\n\n<p>Esta ambiciosa inversi\u00f3n presentada por Provincia, donde la Naci\u00f3n es garante, buscar\u00e1 mejorar la calidad de vida de la poblaci\u00f3n rural, contribuir a la sustituci\u00f3n de energ\u00edas f\u00f3siles y a la inversi\u00f3n en energ\u00edas renovables.<\/p>\n\n\n\n<p>Asimismo, tiene como objetivo fortalecer la competitividad de la producci\u00f3n agropecuaria en la provincia, generando m\u00e1s empleos y estimulando el crecimiento econ\u00f3mico en la regi\u00f3n.<\/p>\n\n\n\n<p>A su turno, Iraeta valor\u00f3 la importancia de C\u00f3rdoba como \u201cmotor de la producci\u00f3n del pa\u00eds\u201d, y sostuvo que<em> \u201chay intenci\u00f3n de producir m\u00e1s y mejor, y cuando hay intenci\u00f3n, lo que hay es gente detr\u00e1s de eso que tiene ganas de trabajar. Y nosotros lo que tenemos que hacer, desde Naci\u00f3n, es promover todo eso. Queremos que C\u00f3rdoba siga creciendo en infraestructura rural\u201d<\/em>.<\/p>\n\n\n\n<p>Por su parte, el ministro de Bioagroindustria, Sergio Busso, consider\u00f3 clave el trabajo conjunto entre Provincia, Naci\u00f3n y el sector productivo:<em> \u201cPara que C\u00f3rdoba siga siendo el faro que nos gu\u00eda para seguir generando progreso para nuestros habitantes. Con trabajo y producci\u00f3n, C\u00f3rdoba sostiene su camino en el tiempo\u00bb.<\/em><\/p>\n\n\n\n<p>Estuvieron presentes, adem\u00e1s, los representantes de la Mesa de Enlace, agrupaciones y federaciones de bomberos voluntarios, intendentes, jefes comunales y dem\u00e1s funcionarios provinciales, entre otros.<\/p>\n\n\n\n<h3 class=\"wp-block-heading\">Infraestructura clave para el desarrollo de localidades y regiones del interior<\/h3>\n\n\n\n<p>El intendente de Cruz del Eje, Renato Raschetti resalt\u00f3 que <em>\u201cel revestimiento de canales es un hecho muy significativo para toda la zona, muy anhelado por muchos a\u00f1os\u201d, y calific\u00f3 a la obra como \u201cfundamental para desarrollar una regi\u00f3n que realmente tiene un potencial enorme\u00bb.<\/em><\/p>\n\n\n\n<p>Su par de Ital\u00f3, Ariel Vidoret, resalt\u00f3 que el tendido el\u00e9ctrico de media tensi\u00f3n <em>\u00abes una obra esperada desde hace muchos a\u00f1os, es algo que trae aparejado el progreso a nuestra localidad y a toda la zona agr\u00edcola ganadera de nuestro pueblo\u00bb.<\/em><\/p>\n\n\n\n<p>Tambi\u00e9n destac\u00f3 que para la localidad una oportunidad de progreso ya que el aumento de la potencia en materia energ\u00e9tica permitir\u00e1 que firmas del sector privado puedan hacer base en la ciudad.<\/p>\n\n\n\n<p>El presidente comunal de Guanaco Muerto, Mayco Soria, celebr\u00f3 que la obra de camino rural entre El Tropiezo y su localidad <em>\u201ces una ayuda muy esperada por nuestra gente. Este proyecto beneficiar\u00e1 principalmente a nuestra producci\u00f3n ap\u00edcola, caprina y de ganado menor\u201d.<\/em><\/p>\n\n\n\n<p>Juan Carbelo, presidente de la Comuna Media Naranja, agradeci\u00f3 al gobernador por el anuncio de obras para su localidad. La obra incluye el revestimiento de los canales de la zona agr\u00edcola. <em>\u00abEstos trabajos son muy importantes para la regi\u00f3n, ya que permitir\u00e1n encauzar la p\u00e9rdida de agua, que suele ser significativa. En adelante, con esta infraestructura, se podr\u00e1 aprovechar el 100% del recurso h\u00eddrico, lo cual es fundamental\u00bb<\/em>, finaliz\u00f3.<\/p>\n","protected":false},"excerpt":{"rendered":"<p>Con el objetivo de potenciar el desarrollo agropecuario, ganadero e industrial, el gobernador Mart\u00edn Llaryora, acompa\u00f1ado por el secretario de Agricultura, Ganader\u00eda y Pesca de la Naci\u00f3n, Sergio Iraeta, anunci\u00f3 una inversi\u00f3n de 63 millones de d\u00f3lares para ejecutar obras de infraestructura en el interior provincial. La inversi\u00f3n mejorar\u00e1 caneles, caminos rurales, redes el\u00e9ctricas y [&hellip;]<\/p>\n","protected":false},"author":4,"featured_media":101156,"comment_status":"open","ping_status":"open","sticky":false,"template":"","format":"standard","meta":{"site-sidebar-layout":"default","site-content-layout":"","ast-site-content-layout":"default","site-content-style":"default","site-sidebar-style":"default","ast-global-header-display":"","ast-banner-title-visibility":"","ast-main-header-display":"","ast-hfb-above-header-display":"","ast-hfb-below-header-display":"","ast-hfb-mobile-header-display":"","site-post-title":"","ast-breadcrumbs-content":"","ast-featured-img":"","footer-sml-layout":"","ast-disable-related-posts":"","theme-transparent-header-meta":"","adv-header-id-meta":"","stick-header-meta":"","header-above-stick-meta":"","header-main-stick-meta":"","header-below-stick-meta":"","astra-migrate-meta-layouts":"set","ast-page-background-enabled":"default","ast-page-background-meta":{"desktop":{"background-color":"","background-image":"","background-repeat":"repeat","background-position":"center center","background-size":"auto","background-attachment":"scroll","background-type":"","background-media":"","overlay-type":"","overlay-color":"","overlay-opacity":"","overlay-gradient":""},"tablet":{"background-color":"","background-image":"","background-repeat":"repeat","background-position":"center center","background-size":"auto","background-attachment":"scroll","background-type":"","background-media":"","overlay-type":"","overlay-color":"","overlay-opacity":"","overlay-gradient":""},"mobile":{"background-color":"","background-image":"","background-repeat":"repeat","background-position":"center center","background-size":"auto","background-attachment":"scroll","background-type":"","background-media":"","overlay-type":"","overlay-color":"","overlay-opacity":"","overlay-gradient":""}},"ast-content-background-meta":{"desktop":{"background-color":"var(--ast-global-color-5)","background-image":"","background-repeat":"repeat","background-position":"center center","background-size":"auto","background-attachment":"scroll","background-type":"","background-media":"","overlay-type":"","overlay-color":"","overlay-opacity":"","overlay-gradient":""},"tablet":{"background-color":"var(--ast-global-color-5)","background-image":"","background-repeat":"repeat","background-position":"center center","background-size":"auto","background-attachment":"scroll","background-type":"","background-media":"","overlay-type":"","overlay-color":"","overlay-opacity":"","overlay-gradient":""},"mobile":{"background-color":"var(--ast-global-color-5)","background-image":"","background-repeat":"repeat","background-position":"center center","background-size":"auto","background-attachment":"scroll","background-type":"","background-media":"","overlay-type":"","overlay-color":"","overlay-opacity":"","overlay-gradient":""}},"_jetpack_memberships_contains_paid_content":false,"_joinchat":[],"footnotes":""},"categories":[15302,16095,5],"tags":[],"class_list":["post-101155","post","type-post","status-publish","format-standard","has-post-thumbnail","hentry","category-destacado","category-provinciales","category-sociedad"],"yoast_head":"<!-- This site is optimized with the Yoast SEO plugin v26.8 - https:\/\/yoast.com\/product\/yoast-seo-wordpress\/ -->\n<title>Llaryora anunci\u00f3 obras por m\u00e1s de US$ 63 millones para potenciar el desarrollo productivo del interior provincial - El Regional<\/title>\n<meta name=\"robots\" content=\"index, follow, max-snippet:-1, max-image-preview:large, max-video-preview:-1\" \/>\n<link rel=\"canonical\" href=\"https:\/\/elregionalvm.com.ar\/noticias-villa-maria\/llaryora-anuncio-obras-por-mas-de-us-63-millones-para-potenciar-el-desarrollo-productivo-del-interior-provincial\/\" \/>\n<meta property=\"og:locale\" content=\"es_ES\" \/>\n<meta property=\"og:type\" content=\"article\" \/>\n<meta property=\"og:title\" content=\"Llaryora anunci\u00f3 obras por m\u00e1s de US$ 63 millones para potenciar el desarrollo productivo del interior provincial - El Regional\" \/>\n<meta property=\"og:description\" content=\"Con el objetivo de potenciar el desarrollo agropecuario, ganadero e industrial, el gobernador Mart\u00edn Llaryora, acompa\u00f1ado por el secretario de Agricultura, Ganader\u00eda y Pesca de la Naci\u00f3n, Sergio Iraeta, anunci\u00f3 una inversi\u00f3n de 63 millones de d\u00f3lares para ejecutar obras de infraestructura en el interior provincial. La inversi\u00f3n mejorar\u00e1 caneles, caminos rurales, redes el\u00e9ctricas y [&hellip;]\" \/>\n<meta property=\"og:url\" content=\"https:\/\/elregionalvm.com.ar\/noticias-villa-maria\/llaryora-anuncio-obras-por-mas-de-us-63-millones-para-potenciar-el-desarrollo-productivo-del-interior-provincial\/\" \/>\n<meta property=\"og:site_name\" content=\"El Regional\" \/>\n<meta property=\"article:publisher\" content=\"https:\/\/www.facebook.com\/elregionalvm\" \/>\n<meta property=\"article:published_time\" content=\"2024-11-29T21:36:57+00:00\" \/>\n<meta property=\"article:modified_time\" content=\"2024-11-29T21:36:59+00:00\" \/>\n<meta property=\"og:image\" content=\"https:\/\/elregionalvm.com.ar\/noticias-villa-maria\/wp-content\/uploads\/2024\/11\/WhatsApp-Image-2024-11-29-at-12.22.05-1024x698-1.jpeg\" \/>\n\t<meta property=\"og:image:width\" content=\"1024\" \/>\n\t<meta property=\"og:image:height\" content=\"698\" \/>\n\t<meta property=\"og:image:type\" content=\"image\/jpeg\" \/>\n<meta name=\"author\" content=\"Contenidos El Regional\" \/>\n<meta name=\"twitter:card\" content=\"summary_large_image\" \/>\n<meta name=\"twitter:creator\" content=\"@elregionalvm1\" \/>\n<meta name=\"twitter:site\" content=\"@elregionalvm1\" \/>\n<meta name=\"twitter:label1\" content=\"Escrito por\" \/>\n\t<meta name=\"twitter:data1\" content=\"Contenidos El Regional\" \/>\n\t<meta name=\"twitter:label2\" content=\"Tiempo de lectura\" \/>\n\t<meta name=\"twitter:data2\" content=\"5 minutos\" \/>\n<script type=\"application\/ld+json\" class=\"yoast-schema-graph\">{\"@context\":\"https:\/\/schema.org\",\"@graph\":[{\"@type\":\"Article\",\"@id\":\"https:\/\/elregionalvm.com.ar\/noticias-villa-maria\/llaryora-anuncio-obras-por-mas-de-us-63-millones-para-potenciar-el-desarrollo-productivo-del-interior-provincial\/#article\",\"isPartOf\":{\"@id\":\"https:\/\/elregionalvm.com.ar\/noticias-villa-maria\/llaryora-anuncio-obras-por-mas-de-us-63-millones-para-potenciar-el-desarrollo-productivo-del-interior-provincial\/\"},\"author\":{\"name\":\"Contenidos El Regional\",\"@id\":\"http:\/\/elregionalvm.com.ar\/noticias-villa-maria\/#\/schema\/person\/a0fb9c422317faca23d50163151bc354\"},\"headline\":\"Llaryora anunci\u00f3 obras por m\u00e1s de US$ 63 millones para potenciar el desarrollo productivo del interior provincial\",\"datePublished\":\"2024-11-29T21:36:57+00:00\",\"dateModified\":\"2024-11-29T21:36:59+00:00\",\"mainEntityOfPage\":{\"@id\":\"https:\/\/elregionalvm.com.ar\/noticias-villa-maria\/llaryora-anuncio-obras-por-mas-de-us-63-millones-para-potenciar-el-desarrollo-productivo-del-interior-provincial\/\"},\"wordCount\":1038,\"commentCount\":0,\"image\":{\"@id\":\"https:\/\/elregionalvm.com.ar\/noticias-villa-maria\/llaryora-anuncio-obras-por-mas-de-us-63-millones-para-potenciar-el-desarrollo-productivo-del-interior-provincial\/#primaryimage\"},\"thumbnailUrl\":\"https:\/\/i0.wp.com\/elregionalvm.com.ar\/noticias-villa-maria\/wp-content\/uploads\/2024\/11\/WhatsApp-Image-2024-11-29-at-12.22.05-1024x698-1.jpeg?fit=1024%2C698&ssl=1\",\"articleSection\":[\"destacado\",\"Provinciales\",\"Sociedad\"],\"inLanguage\":\"es\",\"potentialAction\":[{\"@type\":\"CommentAction\",\"name\":\"Comment\",\"target\":[\"https:\/\/elregionalvm.com.ar\/noticias-villa-maria\/llaryora-anuncio-obras-por-mas-de-us-63-millones-para-potenciar-el-desarrollo-productivo-del-interior-provincial\/#respond\"]}]},{\"@type\":\"WebPage\",\"@id\":\"https:\/\/elregionalvm.com.ar\/noticias-villa-maria\/llaryora-anuncio-obras-por-mas-de-us-63-millones-para-potenciar-el-desarrollo-productivo-del-interior-provincial\/\",\"url\":\"https:\/\/elregionalvm.com.ar\/noticias-villa-maria\/llaryora-anuncio-obras-por-mas-de-us-63-millones-para-potenciar-el-desarrollo-productivo-del-interior-provincial\/\",\"name\":\"Llaryora anunci\u00f3 obras por m\u00e1s de US$ 63 millones para potenciar el desarrollo productivo del interior provincial - El Regional\",\"isPartOf\":{\"@id\":\"http:\/\/elregionalvm.com.ar\/noticias-villa-maria\/#website\"},\"primaryImageOfPage\":{\"@id\":\"https:\/\/elregionalvm.com.ar\/noticias-villa-maria\/llaryora-anuncio-obras-por-mas-de-us-63-millones-para-potenciar-el-desarrollo-productivo-del-interior-provincial\/#primaryimage\"},\"image\":{\"@id\":\"https:\/\/elregionalvm.com.ar\/noticias-villa-maria\/llaryora-anuncio-obras-por-mas-de-us-63-millones-para-potenciar-el-desarrollo-productivo-del-interior-provincial\/#primaryimage\"},\"thumbnailUrl\":\"https:\/\/i0.wp.com\/elregionalvm.com.ar\/noticias-villa-maria\/wp-content\/uploads\/2024\/11\/WhatsApp-Image-2024-11-29-at-12.22.05-1024x698-1.jpeg?fit=1024%2C698&ssl=1\",\"datePublished\":\"2024-11-29T21:36:57+00:00\",\"dateModified\":\"2024-11-29T21:36:59+00:00\",\"author\":{\"@id\":\"http:\/\/elregionalvm.com.ar\/noticias-villa-maria\/#\/schema\/person\/a0fb9c422317faca23d50163151bc354\"},\"breadcrumb\":{\"@id\":\"https:\/\/elregionalvm.com.ar\/noticias-villa-maria\/llaryora-anuncio-obras-por-mas-de-us-63-millones-para-potenciar-el-desarrollo-productivo-del-interior-provincial\/#breadcrumb\"},\"inLanguage\":\"es\",\"potentialAction\":[{\"@type\":\"ReadAction\",\"target\":[\"https:\/\/elregionalvm.com.ar\/noticias-villa-maria\/llaryora-anuncio-obras-por-mas-de-us-63-millones-para-potenciar-el-desarrollo-productivo-del-interior-provincial\/\"]}]},{\"@type\":\"ImageObject\",\"inLanguage\":\"es\",\"@id\":\"https:\/\/elregionalvm.com.ar\/noticias-villa-maria\/llaryora-anuncio-obras-por-mas-de-us-63-millones-para-potenciar-el-desarrollo-productivo-del-interior-provincial\/#primaryimage\",\"url\":\"https:\/\/i0.wp.com\/elregionalvm.com.ar\/noticias-villa-maria\/wp-content\/uploads\/2024\/11\/WhatsApp-Image-2024-11-29-at-12.22.05-1024x698-1.jpeg?fit=1024%2C698&ssl=1\",\"contentUrl\":\"https:\/\/i0.wp.com\/elregionalvm.com.ar\/noticias-villa-maria\/wp-content\/uploads\/2024\/11\/WhatsApp-Image-2024-11-29-at-12.22.05-1024x698-1.jpeg?fit=1024%2C698&ssl=1\",\"width\":1024,\"height\":698},{\"@type\":\"BreadcrumbList\",\"@id\":\"https:\/\/elregionalvm.com.ar\/noticias-villa-maria\/llaryora-anuncio-obras-por-mas-de-us-63-millones-para-potenciar-el-desarrollo-productivo-del-interior-provincial\/#breadcrumb\",\"itemListElement\":[{\"@type\":\"ListItem\",\"position\":1,\"name\":\"Portada\",\"item\":\"https:\/\/elregionalvm.com.ar\/noticias-villa-maria\/\"},{\"@type\":\"ListItem\",\"position\":2,\"name\":\"Llaryora anunci\u00f3 obras por m\u00e1s de US$ 63 millones para potenciar el desarrollo productivo del interior provincial\"}]},{\"@type\":\"WebSite\",\"@id\":\"http:\/\/elregionalvm.com.ar\/noticias-villa-maria\/#website\",\"url\":\"http:\/\/elregionalvm.com.ar\/noticias-villa-maria\/\",\"name\":\"El Regional\",\"description\":\"Mucho m\u00e1s que informaci\u00f3n\",\"potentialAction\":[{\"@type\":\"SearchAction\",\"target\":{\"@type\":\"EntryPoint\",\"urlTemplate\":\"http:\/\/elregionalvm.com.ar\/noticias-villa-maria\/?s={search_term_string}\"},\"query-input\":{\"@type\":\"PropertyValueSpecification\",\"valueRequired\":true,\"valueName\":\"search_term_string\"}}],\"inLanguage\":\"es\"},{\"@type\":\"Person\",\"@id\":\"http:\/\/elregionalvm.com.ar\/noticias-villa-maria\/#\/schema\/person\/a0fb9c422317faca23d50163151bc354\",\"name\":\"Contenidos El Regional\",\"image\":{\"@type\":\"ImageObject\",\"inLanguage\":\"es\",\"@id\":\"http:\/\/elregionalvm.com.ar\/noticias-villa-maria\/#\/schema\/person\/image\/\",\"url\":\"https:\/\/secure.gravatar.com\/avatar\/265b27cb2209af7bb3a1318f03305787d7981a5cc6e6cd08fe5a4ecdf99d4b48?s=96&d=mm&r=g\",\"contentUrl\":\"https:\/\/secure.gravatar.com\/avatar\/265b27cb2209af7bb3a1318f03305787d7981a5cc6e6cd08fe5a4ecdf99d4b48?s=96&d=mm&r=g\",\"caption\":\"Contenidos El Regional\"},\"url\":\"https:\/\/elregionalvm.com.ar\/noticias-villa-maria\/author\/contenido\/\"}]}<\/script>\n<!-- \/ Yoast SEO plugin. -->","yoast_head_json":{"title":"Llaryora anunci\u00f3 obras por m\u00e1s de US$ 63 millones para potenciar el desarrollo productivo del interior provincial - El Regional","robots":{"index":"index","follow":"follow","max-snippet":"max-snippet:-1","max-image-preview":"max-image-preview:large","max-video-preview":"max-video-preview:-1"},"canonical":"https:\/\/elregionalvm.com.ar\/noticias-villa-maria\/llaryora-anuncio-obras-por-mas-de-us-63-millones-para-potenciar-el-desarrollo-productivo-del-interior-provincial\/","og_locale":"es_ES","og_type":"article","og_title":"Llaryora anunci\u00f3 obras por m\u00e1s de US$ 63 millones para potenciar el desarrollo productivo del interior provincial - El Regional","og_description":"Con el objetivo de potenciar el desarrollo agropecuario, ganadero e industrial, el gobernador Mart\u00edn Llaryora, acompa\u00f1ado por el secretario de Agricultura, Ganader\u00eda y Pesca de la Naci\u00f3n, Sergio Iraeta, anunci\u00f3 una inversi\u00f3n de 63 millones de d\u00f3lares para ejecutar obras de infraestructura en el interior provincial. La inversi\u00f3n mejorar\u00e1 caneles, caminos rurales, redes el\u00e9ctricas y [&hellip;]","og_url":"https:\/\/elregionalvm.com.ar\/noticias-villa-maria\/llaryora-anuncio-obras-por-mas-de-us-63-millones-para-potenciar-el-desarrollo-productivo-del-interior-provincial\/","og_site_name":"El Regional","article_publisher":"https:\/\/www.facebook.com\/elregionalvm","article_published_time":"2024-11-29T21:36:57+00:00","article_modified_time":"2024-11-29T21:36:59+00:00","og_image":[{"width":1024,"height":698,"url":"https:\/\/elregionalvm.com.ar\/noticias-villa-maria\/wp-content\/uploads\/2024\/11\/WhatsApp-Image-2024-11-29-at-12.22.05-1024x698-1.jpeg","type":"image\/jpeg"}],"author":"Contenidos El Regional","twitter_card":"summary_large_image","twitter_creator":"@elregionalvm1","twitter_site":"@elregionalvm1","twitter_misc":{"Escrito por":"Contenidos El Regional","Tiempo de lectura":"5 minutos"},"schema":{"@context":"https:\/\/schema.org","@graph":[{"@type":"Article","@id":"https:\/\/elregionalvm.com.ar\/noticias-villa-maria\/llaryora-anuncio-obras-por-mas-de-us-63-millones-para-potenciar-el-desarrollo-productivo-del-interior-provincial\/#article","isPartOf":{"@id":"https:\/\/elregionalvm.com.ar\/noticias-villa-maria\/llaryora-anuncio-obras-por-mas-de-us-63-millones-para-potenciar-el-desarrollo-productivo-del-interior-provincial\/"},"author":{"name":"Contenidos El Regional","@id":"http:\/\/elregionalvm.com.ar\/noticias-villa-maria\/#\/schema\/person\/a0fb9c422317faca23d50163151bc354"},"headline":"Llaryora anunci\u00f3 obras por m\u00e1s de US$ 63 millones para potenciar el desarrollo productivo del interior provincial","datePublished":"2024-11-29T21:36:57+00:00","dateModified":"2024-11-29T21:36:59+00:00","mainEntityOfPage":{"@id":"https:\/\/elregionalvm.com.ar\/noticias-villa-maria\/llaryora-anuncio-obras-por-mas-de-us-63-millones-para-potenciar-el-desarrollo-productivo-del-interior-provincial\/"},"wordCount":1038,"commentCount":0,"image":{"@id":"https:\/\/elregionalvm.com.ar\/noticias-villa-maria\/llaryora-anuncio-obras-por-mas-de-us-63-millones-para-potenciar-el-desarrollo-productivo-del-interior-provincial\/#primaryimage"},"thumbnailUrl":"https:\/\/i0.wp.com\/elregionalvm.com.ar\/noticias-villa-maria\/wp-content\/uploads\/2024\/11\/WhatsApp-Image-2024-11-29-at-12.22.05-1024x698-1.jpeg?fit=1024%2C698&ssl=1","articleSection":["destacado","Provinciales","Sociedad"],"inLanguage":"es","potentialAction":[{"@type":"CommentAction","name":"Comment","target":["https:\/\/elregionalvm.com.ar\/noticias-villa-maria\/llaryora-anuncio-obras-por-mas-de-us-63-millones-para-potenciar-el-desarrollo-productivo-del-interior-provincial\/#respond"]}]},{"@type":"WebPage","@id":"https:\/\/elregionalvm.com.ar\/noticias-villa-maria\/llaryora-anuncio-obras-por-mas-de-us-63-millones-para-potenciar-el-desarrollo-productivo-del-interior-provincial\/","url":"https:\/\/elregionalvm.com.ar\/noticias-villa-maria\/llaryora-anuncio-obras-por-mas-de-us-63-millones-para-potenciar-el-desarrollo-productivo-del-interior-provincial\/","name":"Llaryora anunci\u00f3 obras por m\u00e1s de US$ 63 millones para potenciar el desarrollo productivo del interior provincial - El Regional","isPartOf":{"@id":"http:\/\/elregionalvm.com.ar\/noticias-villa-maria\/#website"},"primaryImageOfPage":{"@id":"https:\/\/elregionalvm.com.ar\/noticias-villa-maria\/llaryora-anuncio-obras-por-mas-de-us-63-millones-para-potenciar-el-desarrollo-productivo-del-interior-provincial\/#primaryimage"},"image":{"@id":"https:\/\/elregionalvm.com.ar\/noticias-villa-maria\/llaryora-anuncio-obras-por-mas-de-us-63-millones-para-potenciar-el-desarrollo-productivo-del-interior-provincial\/#primaryimage"},"thumbnailUrl":"https:\/\/i0.wp.com\/elregionalvm.com.ar\/noticias-villa-maria\/wp-content\/uploads\/2024\/11\/WhatsApp-Image-2024-11-29-at-12.22.05-1024x698-1.jpeg?fit=1024%2C698&ssl=1","datePublished":"2024-11-29T21:36:57+00:00","dateModified":"2024-11-29T21:36:59+00:00","author":{"@id":"http:\/\/elregionalvm.com.ar\/noticias-villa-maria\/#\/schema\/person\/a0fb9c422317faca23d50163151bc354"},"breadcrumb":{"@id":"https:\/\/elregionalvm.com.ar\/noticias-villa-maria\/llaryora-anuncio-obras-por-mas-de-us-63-millones-para-potenciar-el-desarrollo-productivo-del-interior-provincial\/#breadcrumb"},"inLanguage":"es","potentialAction":[{"@type":"ReadAction","target":["https:\/\/elregionalvm.com.ar\/noticias-villa-maria\/llaryora-anuncio-obras-por-mas-de-us-63-millones-para-potenciar-el-desarrollo-productivo-del-interior-provincial\/"]}]},{"@type":"ImageObject","inLanguage":"es","@id":"https:\/\/elregionalvm.com.ar\/noticias-villa-maria\/llaryora-anuncio-obras-por-mas-de-us-63-millones-para-potenciar-el-desarrollo-productivo-del-interior-provincial\/#primaryimage","url":"https:\/\/i0.wp.com\/elregionalvm.com.ar\/noticias-villa-maria\/wp-content\/uploads\/2024\/11\/WhatsApp-Image-2024-11-29-at-12.22.05-1024x698-1.jpeg?fit=1024%2C698&ssl=1","contentUrl":"https:\/\/i0.wp.com\/elregionalvm.com.ar\/noticias-villa-maria\/wp-content\/uploads\/2024\/11\/WhatsApp-Image-2024-11-29-at-12.22.05-1024x698-1.jpeg?fit=1024%2C698&ssl=1","width":1024,"height":698},{"@type":"BreadcrumbList","@id":"https:\/\/elregionalvm.com.ar\/noticias-villa-maria\/llaryora-anuncio-obras-por-mas-de-us-63-millones-para-potenciar-el-desarrollo-productivo-del-interior-provincial\/#breadcrumb","itemListElement":[{"@type":"ListItem","position":1,"name":"Portada","item":"https:\/\/elregionalvm.com.ar\/noticias-villa-maria\/"},{"@type":"ListItem","position":2,"name":"Llaryora anunci\u00f3 obras por m\u00e1s de US$ 63 millones para potenciar el desarrollo productivo del interior provincial"}]},{"@type":"WebSite","@id":"http:\/\/elregionalvm.com.ar\/noticias-villa-maria\/#website","url":"http:\/\/elregionalvm.com.ar\/noticias-villa-maria\/","name":"El Regional","description":"Mucho m\u00e1s que informaci\u00f3n","potentialAction":[{"@type":"SearchAction","target":{"@type":"EntryPoint","urlTemplate":"http:\/\/elregionalvm.com.ar\/noticias-villa-maria\/?s={search_term_string}"},"query-input":{"@type":"PropertyValueSpecification","valueRequired":true,"valueName":"search_term_string"}}],"inLanguage":"es"},{"@type":"Person","@id":"http:\/\/elregionalvm.com.ar\/noticias-villa-maria\/#\/schema\/person\/a0fb9c422317faca23d50163151bc354","name":"Contenidos El Regional","image":{"@type":"ImageObject","inLanguage":"es","@id":"http:\/\/elregionalvm.com.ar\/noticias-villa-maria\/#\/schema\/person\/image\/","url":"https:\/\/secure.gravatar.com\/avatar\/265b27cb2209af7bb3a1318f03305787d7981a5cc6e6cd08fe5a4ecdf99d4b48?s=96&d=mm&r=g","contentUrl":"https:\/\/secure.gravatar.com\/avatar\/265b27cb2209af7bb3a1318f03305787d7981a5cc6e6cd08fe5a4ecdf99d4b48?s=96&d=mm&r=g","caption":"Contenidos El Regional"},"url":"https:\/\/elregionalvm.com.ar\/noticias-villa-maria\/author\/contenido\/"}]}},"jetpack_featured_media_url":"https:\/\/i0.wp.com\/elregionalvm.com.ar\/noticias-villa-maria\/wp-content\/uploads\/2024\/11\/WhatsApp-Image-2024-11-29-at-12.22.05-1024x698-1.jpeg?fit=1024%2C698&ssl=1","jetpack_sharing_enabled":true,"_links":{"self":[{"href":"https:\/\/elregionalvm.com.ar\/noticias-villa-maria\/wp-json\/wp\/v2\/posts\/101155","targetHints":{"allow":["GET"]}}],"collection":[{"href":"https:\/\/elregionalvm.com.ar\/noticias-villa-maria\/wp-json\/wp\/v2\/posts"}],"about":[{"href":"https:\/\/elregionalvm.com.ar\/noticias-villa-maria\/wp-json\/wp\/v2\/types\/post"}],"author":[{"embeddable":true,"href":"https:\/\/elregionalvm.com.ar\/noticias-villa-maria\/wp-json\/wp\/v2\/users\/4"}],"replies":[{"embeddable":true,"href":"https:\/\/elregionalvm.com.ar\/noticias-villa-maria\/wp-json\/wp\/v2\/comments?post=101155"}],"version-history":[{"count":1,"href":"https:\/\/elregionalvm.com.ar\/noticias-villa-maria\/wp-json\/wp\/v2\/posts\/101155\/revisions"}],"predecessor-version":[{"id":101157,"href":"https:\/\/elregionalvm.com.ar\/noticias-villa-maria\/wp-json\/wp\/v2\/posts\/101155\/revisions\/101157"}],"wp:featuredmedia":[{"embeddable":true,"href":"https:\/\/elregionalvm.com.ar\/noticias-villa-maria\/wp-json\/wp\/v2\/media\/101156"}],"wp:attachment":[{"href":"https:\/\/elregionalvm.com.ar\/noticias-villa-maria\/wp-json\/wp\/v2\/media?parent=101155"}],"wp:term":[{"taxonomy":"category","embeddable":true,"href":"https:\/\/elregionalvm.com.ar\/noticias-villa-maria\/wp-json\/wp\/v2\/categories?post=101155"},{"taxonomy":"post_tag","embeddable":true,"href":"https:\/\/elregionalvm.com.ar\/noticias-villa-maria\/wp-json\/wp\/v2\/tags?post=101155"}],"curies":[{"name":"wp","href":"https:\/\/api.w.org\/{rel}","templated":true}]}}