{"id":101403,"date":"2024-12-09T01:45:26","date_gmt":"2024-12-09T01:45:26","guid":{"rendered":"https:\/\/elregionalvm.com.ar\/noticias-villa-maria\/?p=101403"},"modified":"2024-12-17T02:58:04","modified_gmt":"2024-12-17T02:58:04","slug":"derecho-a-la-identidad-puedo-cambiarme-el-nombre-video","status":"publish","type":"post","link":"https:\/\/elregionalvm.com.ar\/noticias-villa-maria\/derecho-a-la-identidad-puedo-cambiarme-el-nombre-video\/","title":{"rendered":"[Derecho a la identidad] \u00bfPuedo cambiarme el nombre? (VIDEO)"},"content":{"rendered":"\n<h3 class=\"wp-block-heading\"><strong>El derecho al nombre es un derecho humano fundamental que se enmarca dentro del derecho a la identidad. En principio es inmutable, pero existen justas causales que permiten solicitar el cambio del mismo.<\/strong><strong><\/strong><\/h3>\n\n\n\n<p><\/p>\n\n\n\n<p><strong>Escribe: Abogada Valeria Montenegro<\/strong><strong><\/strong><\/p>\n\n\n\n<p>Desde que nacemos tenemos derecho a tener un nombre y un apellido, y por ello existe la obligaci\u00f3n de que nuestros progenitores nos registren, cumpliendo pautas b\u00e1sicas legales (ejemplo n\u00famero m\u00e1ximo de nombres, no se pueden llamar todos los hijos iguales, etc).&nbsp;<\/p>\n\n\n\n<p>Nuestro nombre est\u00e1 compuesto por dos elementos: el nombre propiamente dicho, nombre de pila o prenombre que nos distingue de los otros miembros de nuestra familia y por el apellido, que indica la familia que integra cada individuo.<\/p>\n\n\n\n<p>El principio general en materia de nombre es la inmutabilidad, que implica que una vez impuesto no es posible cambiarlo cada vez que queremos principalmente por razones de seguridad, (piensen cuantos deudores cada vez que quieren evadir sus deudas se cambiaran de nombre ser\u00eda imposible poder enjuiciarlos, denunciarlos, etc. algo muy parecido a lo que ocurre en las redes sociales).<\/p>\n\n\n\n<p>Pero siempre, para cada regla existe alguna excepci\u00f3n.<\/p>\n\n\n\n<p><strong>\u00bfQu\u00e9 dice la ley?<\/strong><strong><\/strong><\/p>\n\n\n\n<p>El art\u00edculo 69 del CCCN cuyo t\u00edtulo es <em>Cambio de Nombre<\/em>, establece: \u201cel cambio de prenombre o apellido <strong><em>s\u00f3lo procede si existen justos motivos a criterio del juez<\/em><\/strong>.<\/p>\n\n\n\n<p>Se considera justo motivo, de acuerdo a las particularidades del caso, entre otros, a:<\/p>\n\n\n\n<p>a) el seud\u00f3nimo, cuando hubiese adquirido notoriedad; (ejemplo Moria Cas\u00e1n, cuyo nombre real es Ana Mar\u00eda Casanova)<\/p>\n\n\n\n<p>b) la raigambre cultural, \u00e9tnica o religiosa;<\/p>\n\n\n\n<p>c) la afectaci\u00f3n de la personalidad de la persona interesada, cualquiera sea su causa, siempre que se encuentre acreditada (ejemplo tener el nombre o apellido del padre aband\u00f3nico, abusador, etc.)<\/p>\n\n\n\n<p><\/p>\n\n\n\n<figure class=\"wp-block-image size-full is-resized\"><img data-recalc-dims=\"1\" fetchpriority=\"high\" decoding=\"async\" width=\"798\" height=\"427\" src=\"https:\/\/i0.wp.com\/elregionalvm.com.ar\/noticias-villa-maria\/wp-content\/uploads\/2024\/12\/cambio-nombre-mujer-dni.webp?resize=798%2C427&#038;ssl=1\" alt=\"\" class=\"wp-image-101409\" style=\"width:910px;height:auto\" srcset=\"https:\/\/i0.wp.com\/elregionalvm.com.ar\/noticias-villa-maria\/wp-content\/uploads\/2024\/12\/cambio-nombre-mujer-dni.webp?w=798&amp;ssl=1 798w, https:\/\/i0.wp.com\/elregionalvm.com.ar\/noticias-villa-maria\/wp-content\/uploads\/2024\/12\/cambio-nombre-mujer-dni.webp?resize=300%2C161&amp;ssl=1 300w, https:\/\/i0.wp.com\/elregionalvm.com.ar\/noticias-villa-maria\/wp-content\/uploads\/2024\/12\/cambio-nombre-mujer-dni.webp?resize=768%2C411&amp;ssl=1 768w\" sizes=\"(max-width: 798px) 100vw, 798px\" \/><\/figure>\n\n\n\n<p><\/p>\n\n\n\n<p><strong>No se requiere intervenci\u00f3n judicial, ya que se consideran justos motivos:<\/strong><\/p>\n\n\n\n<ol style=\"list-style-type:lower-alpha\" class=\"wp-block-list\">\n<li>el cambio de prenombre por raz\u00f3n de identidad de g\u00e9nero<\/li>\n\n\n\n<li>el cambio de prenombre y apellido por haber sido v\u00edctima de desaparici\u00f3n forzada, apropiaci\u00f3n ilegal o alteraci\u00f3n o supresi\u00f3n del estado civil o de la identidad\u201d.<\/li>\n<\/ol>\n\n\n\n<p>Por su parte la Ley de identidad de g\u00e9nero (ley 26743 y su decr. Regl. 1007\/2012) regulan espec\u00edficamente los casos de personas que deseen cambio de nombre por rectificaci\u00f3n del g\u00e9nero, y en el art 3 dispone que \u201cToda persona podr\u00e1 solicitar la rectificaci\u00f3n registral del sexo, y el cambio de nombre de pila e imagen, cuando no coincidan con su identidad de g\u00e9nero auto-percibida\u201d.<\/p>\n\n\n\n<p><\/p>\n\n\n\n<figure class=\"wp-block-embed is-type-video is-provider-youtube wp-block-embed-youtube wp-embed-aspect-16-9 wp-has-aspect-ratio\"><div class=\"wp-block-embed__wrapper\">\n<iframe title=\"[Tips Legales] \u00bfPuedo cambiarme el nombre?\" width=\"500\" height=\"281\" src=\"https:\/\/www.youtube.com\/embed\/egFZPxzRqjI?feature=oembed\" frameborder=\"0\" allow=\"accelerometer; autoplay; clipboard-write; encrypted-media; gyroscope; picture-in-picture; web-share\" referrerpolicy=\"strict-origin-when-cross-origin\" allowfullscreen><\/iframe>\n<\/div><\/figure>\n\n\n\n<p><\/p>\n\n\n\n<p><strong>\u00bfC\u00f3mo es el procedimiento?<\/strong><strong><\/strong><\/p>\n\n\n\n<p>El art\u00edculo 70 del CCCN dispone que todos los cambios de prenombre o apellido deben tramitar por el proceso m\u00e1s abreviado que prevea la ley local, con intervenci\u00f3n del Ministerio P\u00fablico.<\/p>\n\n\n\n<p>El pedido debe publicarse en el diario oficial una vez por mes, en el lapso de dos meses.<\/p>\n\n\n\n<p>&nbsp;Puede formularse oposici\u00f3n dentro de los quince d\u00edas h\u00e1biles contados desde la \u00faltima publicaci\u00f3n.<\/p>\n\n\n\n<p>Debe requerirse informaci\u00f3n sobre medidas precautorias existentes respecto del interesado.<\/p>\n\n\n\n<p>La sentencia tiene efectos erga omnes y debe ser comunicada al Registro Civil y de Capacidad de las Personas. Deber\u00e1n rectificarse las partidas, t\u00edtulos y asientos necesarios pues si se rectifica el apellido de una persona mayor con hijos, se deber\u00e1 rectificar su partida y la de sus hijos si el apellido modificado fue el elegido como apellido de familia. (Rivera y Crovi, 2016).<\/p>\n\n\n\n<p><strong>Ases\u00f3rate con un abogado o abogada de tu confianza si deseas realizar el tr\u00e1mite a fin de que eval\u00fae tu caso particular y te indique c\u00f3mo pod\u00e9s acreditar tu justa causa. <\/strong><strong><\/strong><\/p>\n\n\n\n<p><\/p>\n\n\n\n<p><strong><em>Conocer tus derechos, es el primer paso para defenderlos.<\/em><\/strong><\/p>\n\n\n\n<p><\/p>\n\n\n\n<p><strong>Valeria C. Montenegro Abogada<\/strong><\/p>\n\n\n\n<p><strong>Instagram @abogadavaleriamontenegrovm<\/strong><\/p>\n\n\n\n<p><strong>Elpidio Gonz\u00e1lez 176 Local 3 Villa Mar\u00eda<\/strong><\/p>\n\n\n\n<p><strong>0353-154271885<\/strong><\/p>\n","protected":false},"excerpt":{"rendered":"<p>El derecho al nombre es un derecho humano fundamental que se enmarca dentro del derecho a la identidad. En principio es inmutable, pero existen justas causales que permiten solicitar el cambio del mismo. Escribe: Abogada Valeria Montenegro Desde que nacemos tenemos derecho a tener un nombre y un apellido, y por ello existe la obligaci\u00f3n [&hellip;]<\/p>\n","protected":false},"author":4,"featured_media":101430,"comment_status":"open","ping_status":"open","sticky":false,"template":"","format":"standard","meta":{"site-sidebar-layout":"default","site-content-layout":"","ast-site-content-layout":"default","site-content-style":"default","site-sidebar-style":"default","ast-global-header-display":"","ast-banner-title-visibility":"","ast-main-header-display":"","ast-hfb-above-header-display":"","ast-hfb-below-header-display":"","ast-hfb-mobile-header-display":"","site-post-title":"","ast-breadcrumbs-content":"","ast-featured-img":"","footer-sml-layout":"","ast-disable-related-posts":"","theme-transparent-header-meta":"","adv-header-id-meta":"","stick-header-meta":"","header-above-stick-meta":"","header-main-stick-meta":"","header-below-stick-meta":"","astra-migrate-meta-layouts":"set","ast-page-background-enabled":"default","ast-page-background-meta":{"desktop":{"background-color":"","background-image":"","background-repeat":"repeat","background-position":"center center","background-size":"auto","background-attachment":"scroll","background-type":"","background-media":"","overlay-type":"","overlay-color":"","overlay-opacity":"","overlay-gradient":""},"tablet":{"background-color":"","background-image":"","background-repeat":"repeat","background-position":"center center","background-size":"auto","background-attachment":"scroll","background-type":"","background-media":"","overlay-type":"","overlay-color":"","overlay-opacity":"","overlay-gradient":""},"mobile":{"background-color":"","background-image":"","background-repeat":"repeat","background-position":"center center","background-size":"auto","background-attachment":"scroll","background-type":"","background-media":"","overlay-type":"","overlay-color":"","overlay-opacity":"","overlay-gradient":""}},"ast-content-background-meta":{"desktop":{"background-color":"var(--ast-global-color-5)","background-image":"","background-repeat":"repeat","background-position":"center center","background-size":"auto","background-attachment":"scroll","background-type":"","background-media":"","overlay-type":"","overlay-color":"","overlay-opacity":"","overlay-gradient":""},"tablet":{"background-color":"var(--ast-global-color-5)","background-image":"","background-repeat":"repeat","background-position":"center center","background-size":"auto","background-attachment":"scroll","background-type":"","background-media":"","overlay-type":"","overlay-color":"","overlay-opacity":"","overlay-gradient":""},"mobile":{"background-color":"var(--ast-global-color-5)","background-image":"","background-repeat":"repeat","background-position":"center center","background-size":"auto","background-attachment":"scroll","background-type":"","background-media":"","overlay-type":"","overlay-color":"","overlay-opacity":"","overlay-gradient":""}},"_jetpack_memberships_contains_paid_content":false,"_joinchat":[],"footnotes":""},"categories":[365,3557,2074],"tags":[18974,15645,24574,24573,99,12367,7194],"class_list":["post-101403","post","type-post","status-publish","format-standard","has-post-thumbnail","hentry","category-opinion","category-tercera","category-videos","tag-abogada-valeria-montenegro","tag-cambio-de-nombre","tag-causales","tag-derecho-a-la-identidad","tag-justicia","tag-leyes","tag-tips-legales"],"yoast_head":"<!-- This site is optimized with the Yoast SEO plugin v26.8 - https:\/\/yoast.com\/product\/yoast-seo-wordpress\/ -->\n<title>[Derecho a la identidad] \u00bfPuedo cambiarme el nombre? (VIDEO) - El Regional<\/title>\n<meta name=\"robots\" content=\"index, follow, max-snippet:-1, max-image-preview:large, max-video-preview:-1\" \/>\n<link rel=\"canonical\" href=\"https:\/\/elregionalvm.com.ar\/noticias-villa-maria\/derecho-a-la-identidad-puedo-cambiarme-el-nombre-video\/\" \/>\n<meta property=\"og:locale\" content=\"es_ES\" \/>\n<meta property=\"og:type\" content=\"article\" \/>\n<meta property=\"og:title\" content=\"[Derecho a la identidad] \u00bfPuedo cambiarme el nombre? (VIDEO) - El Regional\" \/>\n<meta property=\"og:description\" content=\"El derecho al nombre es un derecho humano fundamental que se enmarca dentro del derecho a la identidad. En principio es inmutable, pero existen justas causales que permiten solicitar el cambio del mismo. Escribe: Abogada Valeria Montenegro Desde que nacemos tenemos derecho a tener un nombre y un apellido, y por ello existe la obligaci\u00f3n [&hellip;]\" \/>\n<meta property=\"og:url\" content=\"https:\/\/elregionalvm.com.ar\/noticias-villa-maria\/derecho-a-la-identidad-puedo-cambiarme-el-nombre-video\/\" \/>\n<meta property=\"og:site_name\" content=\"El Regional\" \/>\n<meta property=\"article:publisher\" content=\"https:\/\/www.facebook.com\/elregionalvm\" \/>\n<meta property=\"article:published_time\" content=\"2024-12-09T01:45:26+00:00\" \/>\n<meta property=\"article:modified_time\" content=\"2024-12-17T02:58:04+00:00\" \/>\n<meta property=\"og:image\" content=\"https:\/\/elregionalvm.com.ar\/noticias-villa-maria\/wp-content\/uploads\/2024\/12\/cambio-de-nombre-dni-hombre-1.jpg\" \/>\n\t<meta property=\"og:image:width\" content=\"1200\" \/>\n\t<meta property=\"og:image:height\" content=\"630\" \/>\n\t<meta property=\"og:image:type\" content=\"image\/jpeg\" \/>\n<meta name=\"author\" content=\"Contenidos El Regional\" \/>\n<meta name=\"twitter:card\" content=\"summary_large_image\" \/>\n<meta name=\"twitter:creator\" content=\"@elregionalvm1\" \/>\n<meta name=\"twitter:site\" content=\"@elregionalvm1\" \/>\n<meta name=\"twitter:label1\" content=\"Escrito por\" \/>\n\t<meta name=\"twitter:data1\" content=\"Contenidos El Regional\" \/>\n\t<meta name=\"twitter:label2\" content=\"Tiempo de lectura\" \/>\n\t<meta name=\"twitter:data2\" content=\"4 minutos\" \/>\n<script type=\"application\/ld+json\" class=\"yoast-schema-graph\">{\"@context\":\"https:\/\/schema.org\",\"@graph\":[{\"@type\":\"Article\",\"@id\":\"https:\/\/elregionalvm.com.ar\/noticias-villa-maria\/derecho-a-la-identidad-puedo-cambiarme-el-nombre-video\/#article\",\"isPartOf\":{\"@id\":\"https:\/\/elregionalvm.com.ar\/noticias-villa-maria\/derecho-a-la-identidad-puedo-cambiarme-el-nombre-video\/\"},\"author\":{\"name\":\"Contenidos El Regional\",\"@id\":\"http:\/\/elregionalvm.com.ar\/noticias-villa-maria\/#\/schema\/person\/a0fb9c422317faca23d50163151bc354\"},\"headline\":\"[Derecho a la identidad] \u00bfPuedo cambiarme el nombre? (VIDEO)\",\"datePublished\":\"2024-12-09T01:45:26+00:00\",\"dateModified\":\"2024-12-17T02:58:04+00:00\",\"mainEntityOfPage\":{\"@id\":\"https:\/\/elregionalvm.com.ar\/noticias-villa-maria\/derecho-a-la-identidad-puedo-cambiarme-el-nombre-video\/\"},\"wordCount\":649,\"commentCount\":0,\"image\":{\"@id\":\"https:\/\/elregionalvm.com.ar\/noticias-villa-maria\/derecho-a-la-identidad-puedo-cambiarme-el-nombre-video\/#primaryimage\"},\"thumbnailUrl\":\"https:\/\/i0.wp.com\/elregionalvm.com.ar\/noticias-villa-maria\/wp-content\/uploads\/2024\/12\/cambio-de-nombre-dni-hombre-1.jpg?fit=1200%2C630&ssl=1\",\"keywords\":[\"Abogada Valeria Montenegro\",\"cambio de nombre\",\"causales\",\"derecho a la identidad\",\"Justicia\",\"leyes\",\"Tips legales\"],\"articleSection\":[\"Opini\u00f3n\",\"tercera\",\"Videos\"],\"inLanguage\":\"es\",\"potentialAction\":[{\"@type\":\"CommentAction\",\"name\":\"Comment\",\"target\":[\"https:\/\/elregionalvm.com.ar\/noticias-villa-maria\/derecho-a-la-identidad-puedo-cambiarme-el-nombre-video\/#respond\"]}]},{\"@type\":\"WebPage\",\"@id\":\"https:\/\/elregionalvm.com.ar\/noticias-villa-maria\/derecho-a-la-identidad-puedo-cambiarme-el-nombre-video\/\",\"url\":\"https:\/\/elregionalvm.com.ar\/noticias-villa-maria\/derecho-a-la-identidad-puedo-cambiarme-el-nombre-video\/\",\"name\":\"[Derecho a la identidad] \u00bfPuedo cambiarme el nombre? (VIDEO) - El Regional\",\"isPartOf\":{\"@id\":\"http:\/\/elregionalvm.com.ar\/noticias-villa-maria\/#website\"},\"primaryImageOfPage\":{\"@id\":\"https:\/\/elregionalvm.com.ar\/noticias-villa-maria\/derecho-a-la-identidad-puedo-cambiarme-el-nombre-video\/#primaryimage\"},\"image\":{\"@id\":\"https:\/\/elregionalvm.com.ar\/noticias-villa-maria\/derecho-a-la-identidad-puedo-cambiarme-el-nombre-video\/#primaryimage\"},\"thumbnailUrl\":\"https:\/\/i0.wp.com\/elregionalvm.com.ar\/noticias-villa-maria\/wp-content\/uploads\/2024\/12\/cambio-de-nombre-dni-hombre-1.jpg?fit=1200%2C630&ssl=1\",\"datePublished\":\"2024-12-09T01:45:26+00:00\",\"dateModified\":\"2024-12-17T02:58:04+00:00\",\"author\":{\"@id\":\"http:\/\/elregionalvm.com.ar\/noticias-villa-maria\/#\/schema\/person\/a0fb9c422317faca23d50163151bc354\"},\"breadcrumb\":{\"@id\":\"https:\/\/elregionalvm.com.ar\/noticias-villa-maria\/derecho-a-la-identidad-puedo-cambiarme-el-nombre-video\/#breadcrumb\"},\"inLanguage\":\"es\",\"potentialAction\":[{\"@type\":\"ReadAction\",\"target\":[\"https:\/\/elregionalvm.com.ar\/noticias-villa-maria\/derecho-a-la-identidad-puedo-cambiarme-el-nombre-video\/\"]}]},{\"@type\":\"ImageObject\",\"inLanguage\":\"es\",\"@id\":\"https:\/\/elregionalvm.com.ar\/noticias-villa-maria\/derecho-a-la-identidad-puedo-cambiarme-el-nombre-video\/#primaryimage\",\"url\":\"https:\/\/i0.wp.com\/elregionalvm.com.ar\/noticias-villa-maria\/wp-content\/uploads\/2024\/12\/cambio-de-nombre-dni-hombre-1.jpg?fit=1200%2C630&ssl=1\",\"contentUrl\":\"https:\/\/i0.wp.com\/elregionalvm.com.ar\/noticias-villa-maria\/wp-content\/uploads\/2024\/12\/cambio-de-nombre-dni-hombre-1.jpg?fit=1200%2C630&ssl=1\",\"width\":1200,\"height\":630},{\"@type\":\"BreadcrumbList\",\"@id\":\"https:\/\/elregionalvm.com.ar\/noticias-villa-maria\/derecho-a-la-identidad-puedo-cambiarme-el-nombre-video\/#breadcrumb\",\"itemListElement\":[{\"@type\":\"ListItem\",\"position\":1,\"name\":\"Portada\",\"item\":\"https:\/\/elregionalvm.com.ar\/noticias-villa-maria\/\"},{\"@type\":\"ListItem\",\"position\":2,\"name\":\"[Derecho a la identidad] \u00bfPuedo cambiarme el nombre? (VIDEO)\"}]},{\"@type\":\"WebSite\",\"@id\":\"http:\/\/elregionalvm.com.ar\/noticias-villa-maria\/#website\",\"url\":\"http:\/\/elregionalvm.com.ar\/noticias-villa-maria\/\",\"name\":\"El Regional\",\"description\":\"Mucho m\u00e1s que informaci\u00f3n\",\"potentialAction\":[{\"@type\":\"SearchAction\",\"target\":{\"@type\":\"EntryPoint\",\"urlTemplate\":\"http:\/\/elregionalvm.com.ar\/noticias-villa-maria\/?s={search_term_string}\"},\"query-input\":{\"@type\":\"PropertyValueSpecification\",\"valueRequired\":true,\"valueName\":\"search_term_string\"}}],\"inLanguage\":\"es\"},{\"@type\":\"Person\",\"@id\":\"http:\/\/elregionalvm.com.ar\/noticias-villa-maria\/#\/schema\/person\/a0fb9c422317faca23d50163151bc354\",\"name\":\"Contenidos El Regional\",\"image\":{\"@type\":\"ImageObject\",\"inLanguage\":\"es\",\"@id\":\"http:\/\/elregionalvm.com.ar\/noticias-villa-maria\/#\/schema\/person\/image\/\",\"url\":\"https:\/\/secure.gravatar.com\/avatar\/265b27cb2209af7bb3a1318f03305787d7981a5cc6e6cd08fe5a4ecdf99d4b48?s=96&d=mm&r=g\",\"contentUrl\":\"https:\/\/secure.gravatar.com\/avatar\/265b27cb2209af7bb3a1318f03305787d7981a5cc6e6cd08fe5a4ecdf99d4b48?s=96&d=mm&r=g\",\"caption\":\"Contenidos El Regional\"},\"url\":\"https:\/\/elregionalvm.com.ar\/noticias-villa-maria\/author\/contenido\/\"}]}<\/script>\n<!-- \/ Yoast SEO plugin. -->","yoast_head_json":{"title":"[Derecho a la identidad] \u00bfPuedo cambiarme el nombre? (VIDEO) - El Regional","robots":{"index":"index","follow":"follow","max-snippet":"max-snippet:-1","max-image-preview":"max-image-preview:large","max-video-preview":"max-video-preview:-1"},"canonical":"https:\/\/elregionalvm.com.ar\/noticias-villa-maria\/derecho-a-la-identidad-puedo-cambiarme-el-nombre-video\/","og_locale":"es_ES","og_type":"article","og_title":"[Derecho a la identidad] \u00bfPuedo cambiarme el nombre? (VIDEO) - El Regional","og_description":"El derecho al nombre es un derecho humano fundamental que se enmarca dentro del derecho a la identidad. En principio es inmutable, pero existen justas causales que permiten solicitar el cambio del mismo. Escribe: Abogada Valeria Montenegro Desde que nacemos tenemos derecho a tener un nombre y un apellido, y por ello existe la obligaci\u00f3n [&hellip;]","og_url":"https:\/\/elregionalvm.com.ar\/noticias-villa-maria\/derecho-a-la-identidad-puedo-cambiarme-el-nombre-video\/","og_site_name":"El Regional","article_publisher":"https:\/\/www.facebook.com\/elregionalvm","article_published_time":"2024-12-09T01:45:26+00:00","article_modified_time":"2024-12-17T02:58:04+00:00","og_image":[{"width":1200,"height":630,"url":"https:\/\/elregionalvm.com.ar\/noticias-villa-maria\/wp-content\/uploads\/2024\/12\/cambio-de-nombre-dni-hombre-1.jpg","type":"image\/jpeg"}],"author":"Contenidos El Regional","twitter_card":"summary_large_image","twitter_creator":"@elregionalvm1","twitter_site":"@elregionalvm1","twitter_misc":{"Escrito por":"Contenidos El Regional","Tiempo de lectura":"4 minutos"},"schema":{"@context":"https:\/\/schema.org","@graph":[{"@type":"Article","@id":"https:\/\/elregionalvm.com.ar\/noticias-villa-maria\/derecho-a-la-identidad-puedo-cambiarme-el-nombre-video\/#article","isPartOf":{"@id":"https:\/\/elregionalvm.com.ar\/noticias-villa-maria\/derecho-a-la-identidad-puedo-cambiarme-el-nombre-video\/"},"author":{"name":"Contenidos El Regional","@id":"http:\/\/elregionalvm.com.ar\/noticias-villa-maria\/#\/schema\/person\/a0fb9c422317faca23d50163151bc354"},"headline":"[Derecho a la identidad] \u00bfPuedo cambiarme el nombre? (VIDEO)","datePublished":"2024-12-09T01:45:26+00:00","dateModified":"2024-12-17T02:58:04+00:00","mainEntityOfPage":{"@id":"https:\/\/elregionalvm.com.ar\/noticias-villa-maria\/derecho-a-la-identidad-puedo-cambiarme-el-nombre-video\/"},"wordCount":649,"commentCount":0,"image":{"@id":"https:\/\/elregionalvm.com.ar\/noticias-villa-maria\/derecho-a-la-identidad-puedo-cambiarme-el-nombre-video\/#primaryimage"},"thumbnailUrl":"https:\/\/i0.wp.com\/elregionalvm.com.ar\/noticias-villa-maria\/wp-content\/uploads\/2024\/12\/cambio-de-nombre-dni-hombre-1.jpg?fit=1200%2C630&ssl=1","keywords":["Abogada Valeria Montenegro","cambio de nombre","causales","derecho a la identidad","Justicia","leyes","Tips legales"],"articleSection":["Opini\u00f3n","tercera","Videos"],"inLanguage":"es","potentialAction":[{"@type":"CommentAction","name":"Comment","target":["https:\/\/elregionalvm.com.ar\/noticias-villa-maria\/derecho-a-la-identidad-puedo-cambiarme-el-nombre-video\/#respond"]}]},{"@type":"WebPage","@id":"https:\/\/elregionalvm.com.ar\/noticias-villa-maria\/derecho-a-la-identidad-puedo-cambiarme-el-nombre-video\/","url":"https:\/\/elregionalvm.com.ar\/noticias-villa-maria\/derecho-a-la-identidad-puedo-cambiarme-el-nombre-video\/","name":"[Derecho a la identidad] \u00bfPuedo cambiarme el nombre? (VIDEO) - El Regional","isPartOf":{"@id":"http:\/\/elregionalvm.com.ar\/noticias-villa-maria\/#website"},"primaryImageOfPage":{"@id":"https:\/\/elregionalvm.com.ar\/noticias-villa-maria\/derecho-a-la-identidad-puedo-cambiarme-el-nombre-video\/#primaryimage"},"image":{"@id":"https:\/\/elregionalvm.com.ar\/noticias-villa-maria\/derecho-a-la-identidad-puedo-cambiarme-el-nombre-video\/#primaryimage"},"thumbnailUrl":"https:\/\/i0.wp.com\/elregionalvm.com.ar\/noticias-villa-maria\/wp-content\/uploads\/2024\/12\/cambio-de-nombre-dni-hombre-1.jpg?fit=1200%2C630&ssl=1","datePublished":"2024-12-09T01:45:26+00:00","dateModified":"2024-12-17T02:58:04+00:00","author":{"@id":"http:\/\/elregionalvm.com.ar\/noticias-villa-maria\/#\/schema\/person\/a0fb9c422317faca23d50163151bc354"},"breadcrumb":{"@id":"https:\/\/elregionalvm.com.ar\/noticias-villa-maria\/derecho-a-la-identidad-puedo-cambiarme-el-nombre-video\/#breadcrumb"},"inLanguage":"es","potentialAction":[{"@type":"ReadAction","target":["https:\/\/elregionalvm.com.ar\/noticias-villa-maria\/derecho-a-la-identidad-puedo-cambiarme-el-nombre-video\/"]}]},{"@type":"ImageObject","inLanguage":"es","@id":"https:\/\/elregionalvm.com.ar\/noticias-villa-maria\/derecho-a-la-identidad-puedo-cambiarme-el-nombre-video\/#primaryimage","url":"https:\/\/i0.wp.com\/elregionalvm.com.ar\/noticias-villa-maria\/wp-content\/uploads\/2024\/12\/cambio-de-nombre-dni-hombre-1.jpg?fit=1200%2C630&ssl=1","contentUrl":"https:\/\/i0.wp.com\/elregionalvm.com.ar\/noticias-villa-maria\/wp-content\/uploads\/2024\/12\/cambio-de-nombre-dni-hombre-1.jpg?fit=1200%2C630&ssl=1","width":1200,"height":630},{"@type":"BreadcrumbList","@id":"https:\/\/elregionalvm.com.ar\/noticias-villa-maria\/derecho-a-la-identidad-puedo-cambiarme-el-nombre-video\/#breadcrumb","itemListElement":[{"@type":"ListItem","position":1,"name":"Portada","item":"https:\/\/elregionalvm.com.ar\/noticias-villa-maria\/"},{"@type":"ListItem","position":2,"name":"[Derecho a la identidad] \u00bfPuedo cambiarme el nombre? (VIDEO)"}]},{"@type":"WebSite","@id":"http:\/\/elregionalvm.com.ar\/noticias-villa-maria\/#website","url":"http:\/\/elregionalvm.com.ar\/noticias-villa-maria\/","name":"El Regional","description":"Mucho m\u00e1s que informaci\u00f3n","potentialAction":[{"@type":"SearchAction","target":{"@type":"EntryPoint","urlTemplate":"http:\/\/elregionalvm.com.ar\/noticias-villa-maria\/?s={search_term_string}"},"query-input":{"@type":"PropertyValueSpecification","valueRequired":true,"valueName":"search_term_string"}}],"inLanguage":"es"},{"@type":"Person","@id":"http:\/\/elregionalvm.com.ar\/noticias-villa-maria\/#\/schema\/person\/a0fb9c422317faca23d50163151bc354","name":"Contenidos El Regional","image":{"@type":"ImageObject","inLanguage":"es","@id":"http:\/\/elregionalvm.com.ar\/noticias-villa-maria\/#\/schema\/person\/image\/","url":"https:\/\/secure.gravatar.com\/avatar\/265b27cb2209af7bb3a1318f03305787d7981a5cc6e6cd08fe5a4ecdf99d4b48?s=96&d=mm&r=g","contentUrl":"https:\/\/secure.gravatar.com\/avatar\/265b27cb2209af7bb3a1318f03305787d7981a5cc6e6cd08fe5a4ecdf99d4b48?s=96&d=mm&r=g","caption":"Contenidos El Regional"},"url":"https:\/\/elregionalvm.com.ar\/noticias-villa-maria\/author\/contenido\/"}]}},"jetpack_featured_media_url":"https:\/\/i0.wp.com\/elregionalvm.com.ar\/noticias-villa-maria\/wp-content\/uploads\/2024\/12\/cambio-de-nombre-dni-hombre-1.jpg?fit=1200%2C630&ssl=1","jetpack_sharing_enabled":true,"_links":{"self":[{"href":"https:\/\/elregionalvm.com.ar\/noticias-villa-maria\/wp-json\/wp\/v2\/posts\/101403","targetHints":{"allow":["GET"]}}],"collection":[{"href":"https:\/\/elregionalvm.com.ar\/noticias-villa-maria\/wp-json\/wp\/v2\/posts"}],"about":[{"href":"https:\/\/elregionalvm.com.ar\/noticias-villa-maria\/wp-json\/wp\/v2\/types\/post"}],"author":[{"embeddable":true,"href":"https:\/\/elregionalvm.com.ar\/noticias-villa-maria\/wp-json\/wp\/v2\/users\/4"}],"replies":[{"embeddable":true,"href":"https:\/\/elregionalvm.com.ar\/noticias-villa-maria\/wp-json\/wp\/v2\/comments?post=101403"}],"version-history":[{"count":5,"href":"https:\/\/elregionalvm.com.ar\/noticias-villa-maria\/wp-json\/wp\/v2\/posts\/101403\/revisions"}],"predecessor-version":[{"id":101431,"href":"https:\/\/elregionalvm.com.ar\/noticias-villa-maria\/wp-json\/wp\/v2\/posts\/101403\/revisions\/101431"}],"wp:featuredmedia":[{"embeddable":true,"href":"https:\/\/elregionalvm.com.ar\/noticias-villa-maria\/wp-json\/wp\/v2\/media\/101430"}],"wp:attachment":[{"href":"https:\/\/elregionalvm.com.ar\/noticias-villa-maria\/wp-json\/wp\/v2\/media?parent=101403"}],"wp:term":[{"taxonomy":"category","embeddable":true,"href":"https:\/\/elregionalvm.com.ar\/noticias-villa-maria\/wp-json\/wp\/v2\/categories?post=101403"},{"taxonomy":"post_tag","embeddable":true,"href":"https:\/\/elregionalvm.com.ar\/noticias-villa-maria\/wp-json\/wp\/v2\/tags?post=101403"}],"curies":[{"name":"wp","href":"https:\/\/api.w.org\/{rel}","templated":true}]}}