{"id":101842,"date":"2024-12-23T13:04:45","date_gmt":"2024-12-23T13:04:45","guid":{"rendered":"https:\/\/elregionalvm.com.ar\/noticias-villa-maria\/?p=101842"},"modified":"2024-12-23T13:04:46","modified_gmt":"2024-12-23T13:04:46","slug":"caso-dalmasso-hallaron-huellas-geneticas-de-un-hombre-compatibles-con-las-pruebas-colectadas-en-la-bata-y-en-el-cuerpo-de-la-victima","status":"publish","type":"post","link":"https:\/\/elregionalvm.com.ar\/noticias-villa-maria\/caso-dalmasso-hallaron-huellas-geneticas-de-un-hombre-compatibles-con-las-pruebas-colectadas-en-la-bata-y-en-el-cuerpo-de-la-victima\/","title":{"rendered":"Caso Dalmasso: Hallaron huellas gen\u00e9ticas de un hombre compatibles con las pruebas colectadas en la bata y en el cuerpo de la v\u00edctima"},"content":{"rendered":"\n<p>La Unidad Fiscal Especial actuante en la ciudad de R\u00edo Cuarto inform\u00f3 que una persona de sexo masculino figura como aportante compatible con las huellas gen\u00e9ticas colectadas en cinto de bata que fuera ubicado anudado en el cuello de Nora Dalmasso y de vello secuestrado en zona inguinal.<\/p>\n\n\n\n<p>La investigaci\u00f3n fue iniciada el 15 de octubre de 2022 para identificar a part\u00edcipes del crimen del 25 de noviembre de 2006 y que se mantiene impune.<\/p>\n\n\n\n<p>Asimismo, la Fiscal\u00eda contin\u00faa trabajando en clave de analizar el resto del cuadro de pruebas disponible para la composici\u00f3n de hip\u00f3tesis en funci\u00f3n del aporte de dicho material.<\/p>\n\n\n\n<p>Tambi\u00e9n se indic\u00f3 que se trabaja en aspectos relevantes al an\u00e1lisis de la acci\u00f3n penal derivada del hecho se\u00f1alado. \u201cTales conclusiones fueron comunicadas a la familia querellante y a la persona sindicada, quien concurri\u00f3 a la sede de la Unidad Fiscal para ejercer, con la debida asistencia letrada, su defensa material y t\u00e9cnica\u201d.<\/p>\n\n\n\n<p>\u201cEn todo este proceso, la Fiscal\u00eda fue rigurosa en garantizar a todas las partes la posibilidad de observar, controlar y controvertir los resultados del cotejo gen\u00e9tico referenciado\u201d, se remarc\u00f3.<\/p>\n\n\n\n<p>Lo logrado hasta ahora es producto de la labor conjunta e interdisciplinaria entre el Ministerio P\u00fablico Fiscal y el Centro de Gen\u00e9tica Forense del Poder Judicial de C\u00f3rdoba \u2013con la cooperaci\u00f3n del National Center for Forensic Science, Universidad de Florida, EEUU- y la colaboraci\u00f3n del Ministerio de Justicia del gobierno de la Provincia de C\u00f3rdoba.<\/p>\n","protected":false},"excerpt":{"rendered":"<p>La Unidad Fiscal Especial actuante en la ciudad de R\u00edo Cuarto inform\u00f3 que una persona de sexo masculino figura como aportante compatible con las huellas gen\u00e9ticas colectadas en cinto de bata que fuera ubicado anudado en el cuello de Nora Dalmasso y de vello secuestrado en zona inguinal. La investigaci\u00f3n fue iniciada el 15 de [&hellip;]<\/p>\n","protected":false},"author":4,"featured_media":101844,"comment_status":"open","ping_status":"open","sticky":false,"template":"","format":"standard","meta":{"site-sidebar-layout":"default","site-content-layout":"","ast-site-content-layout":"default","site-content-style":"default","site-sidebar-style":"default","ast-global-header-display":"","ast-banner-title-visibility":"","ast-main-header-display":"","ast-hfb-above-header-display":"","ast-hfb-below-header-display":"","ast-hfb-mobile-header-display":"","site-post-title":"","ast-breadcrumbs-content":"","ast-featured-img":"","footer-sml-layout":"","ast-disable-related-posts":"","theme-transparent-header-meta":"","adv-header-id-meta":"","stick-header-meta":"","header-above-stick-meta":"","header-main-stick-meta":"","header-below-stick-meta":"","astra-migrate-meta-layouts":"set","ast-page-background-enabled":"default","ast-page-background-meta":{"desktop":{"background-color":"","background-image":"","background-repeat":"repeat","background-position":"center center","background-size":"auto","background-attachment":"scroll","background-type":"","background-media":"","overlay-type":"","overlay-color":"","overlay-opacity":"","overlay-gradient":""},"tablet":{"background-color":"","background-image":"","background-repeat":"repeat","background-position":"center center","background-size":"auto","background-attachment":"scroll","background-type":"","background-media":"","overlay-type":"","overlay-color":"","overlay-opacity":"","overlay-gradient":""},"mobile":{"background-color":"","background-image":"","background-repeat":"repeat","background-position":"center center","background-size":"auto","background-attachment":"scroll","background-type":"","background-media":"","overlay-type":"","overlay-color":"","overlay-opacity":"","overlay-gradient":""}},"ast-content-background-meta":{"desktop":{"background-color":"var(--ast-global-color-5)","background-image":"","background-repeat":"repeat","background-position":"center center","background-size":"auto","background-attachment":"scroll","background-type":"","background-media":"","overlay-type":"","overlay-color":"","overlay-opacity":"","overlay-gradient":""},"tablet":{"background-color":"var(--ast-global-color-5)","background-image":"","background-repeat":"repeat","background-position":"center center","background-size":"auto","background-attachment":"scroll","background-type":"","background-media":"","overlay-type":"","overlay-color":"","overlay-opacity":"","overlay-gradient":""},"mobile":{"background-color":"var(--ast-global-color-5)","background-image":"","background-repeat":"repeat","background-position":"center center","background-size":"auto","background-attachment":"scroll","background-type":"","background-media":"","overlay-type":"","overlay-color":"","overlay-opacity":"","overlay-gradient":""}},"_jetpack_memberships_contains_paid_content":false,"_joinchat":[],"footnotes":""},"categories":[15302,2234],"tags":[1311,24614,2546,2536,99,6166,9046,3155],"class_list":["post-101842","post","type-post","status-publish","format-standard","has-post-thumbnail","hentry","category-destacado","category-policiales","tag-crimen","tag-huella-genetica","tag-impunidad","tag-investigacion","tag-justicia","tag-nora-dalmasso","tag-novedades","tag-rio-cuarto"],"yoast_head":"<!-- This site is optimized with the Yoast SEO plugin v26.8 - https:\/\/yoast.com\/product\/yoast-seo-wordpress\/ -->\n<title>Caso Dalmasso: Hallaron huellas gen\u00e9ticas de un hombre compatibles con las pruebas colectadas en la bata y en el cuerpo de la v\u00edctima - El Regional<\/title>\n<meta name=\"robots\" content=\"index, follow, max-snippet:-1, max-image-preview:large, max-video-preview:-1\" \/>\n<link rel=\"canonical\" href=\"https:\/\/elregionalvm.com.ar\/noticias-villa-maria\/caso-dalmasso-hallaron-huellas-geneticas-de-un-hombre-compatibles-con-las-pruebas-colectadas-en-la-bata-y-en-el-cuerpo-de-la-victima\/\" \/>\n<meta property=\"og:locale\" content=\"es_ES\" \/>\n<meta property=\"og:type\" content=\"article\" \/>\n<meta property=\"og:title\" content=\"Caso Dalmasso: Hallaron huellas gen\u00e9ticas de un hombre compatibles con las pruebas colectadas en la bata y en el cuerpo de la v\u00edctima - El Regional\" \/>\n<meta property=\"og:description\" content=\"La Unidad Fiscal Especial actuante en la ciudad de R\u00edo Cuarto inform\u00f3 que una persona de sexo masculino figura como aportante compatible con las huellas gen\u00e9ticas colectadas en cinto de bata que fuera ubicado anudado en el cuello de Nora Dalmasso y de vello secuestrado en zona inguinal. La investigaci\u00f3n fue iniciada el 15 de [&hellip;]\" \/>\n<meta property=\"og:url\" content=\"https:\/\/elregionalvm.com.ar\/noticias-villa-maria\/caso-dalmasso-hallaron-huellas-geneticas-de-un-hombre-compatibles-con-las-pruebas-colectadas-en-la-bata-y-en-el-cuerpo-de-la-victima\/\" \/>\n<meta property=\"og:site_name\" content=\"El Regional\" \/>\n<meta property=\"article:publisher\" content=\"https:\/\/www.facebook.com\/elregionalvm\" \/>\n<meta property=\"article:published_time\" content=\"2024-12-23T13:04:45+00:00\" \/>\n<meta property=\"article:modified_time\" content=\"2024-12-23T13:04:46+00:00\" \/>\n<meta property=\"og:image\" content=\"https:\/\/elregionalvm.com.ar\/noticias-villa-maria\/wp-content\/uploads\/2024\/12\/nora-dalmasso.webp\" \/>\n\t<meta property=\"og:image:width\" content=\"1200\" \/>\n\t<meta property=\"og:image:height\" content=\"675\" \/>\n\t<meta property=\"og:image:type\" content=\"image\/webp\" \/>\n<meta name=\"author\" content=\"Contenidos El Regional\" \/>\n<meta name=\"twitter:card\" content=\"summary_large_image\" \/>\n<meta name=\"twitter:creator\" content=\"@elregionalvm1\" \/>\n<meta name=\"twitter:site\" content=\"@elregionalvm1\" \/>\n<meta name=\"twitter:label1\" content=\"Escrito por\" \/>\n\t<meta name=\"twitter:data1\" content=\"Contenidos El Regional\" \/>\n\t<meta name=\"twitter:label2\" content=\"Tiempo de lectura\" \/>\n\t<meta name=\"twitter:data2\" content=\"2 minutos\" \/>\n<script type=\"application\/ld+json\" class=\"yoast-schema-graph\">{\"@context\":\"https:\/\/schema.org\",\"@graph\":[{\"@type\":\"Article\",\"@id\":\"https:\/\/elregionalvm.com.ar\/noticias-villa-maria\/caso-dalmasso-hallaron-huellas-geneticas-de-un-hombre-compatibles-con-las-pruebas-colectadas-en-la-bata-y-en-el-cuerpo-de-la-victima\/#article\",\"isPartOf\":{\"@id\":\"https:\/\/elregionalvm.com.ar\/noticias-villa-maria\/caso-dalmasso-hallaron-huellas-geneticas-de-un-hombre-compatibles-con-las-pruebas-colectadas-en-la-bata-y-en-el-cuerpo-de-la-victima\/\"},\"author\":{\"name\":\"Contenidos El Regional\",\"@id\":\"http:\/\/elregionalvm.com.ar\/noticias-villa-maria\/#\/schema\/person\/a0fb9c422317faca23d50163151bc354\"},\"headline\":\"Caso Dalmasso: Hallaron huellas gen\u00e9ticas de un hombre compatibles con las pruebas colectadas en la bata y en el cuerpo de la v\u00edctima\",\"datePublished\":\"2024-12-23T13:04:45+00:00\",\"dateModified\":\"2024-12-23T13:04:46+00:00\",\"mainEntityOfPage\":{\"@id\":\"https:\/\/elregionalvm.com.ar\/noticias-villa-maria\/caso-dalmasso-hallaron-huellas-geneticas-de-un-hombre-compatibles-con-las-pruebas-colectadas-en-la-bata-y-en-el-cuerpo-de-la-victima\/\"},\"wordCount\":283,\"commentCount\":0,\"image\":{\"@id\":\"https:\/\/elregionalvm.com.ar\/noticias-villa-maria\/caso-dalmasso-hallaron-huellas-geneticas-de-un-hombre-compatibles-con-las-pruebas-colectadas-en-la-bata-y-en-el-cuerpo-de-la-victima\/#primaryimage\"},\"thumbnailUrl\":\"https:\/\/i0.wp.com\/elregionalvm.com.ar\/noticias-villa-maria\/wp-content\/uploads\/2024\/12\/nora-dalmasso.webp?fit=1200%2C675&ssl=1\",\"keywords\":[\"Crimen\",\"huella gen\u00e9tica\",\"Impunidad\",\"Investigaci\u00f3n\",\"Justicia\",\"Nora Dalmasso\",\"novedades\",\"R\u00edo Cuarto\"],\"articleSection\":[\"destacado\",\"Policiales\"],\"inLanguage\":\"es\",\"potentialAction\":[{\"@type\":\"CommentAction\",\"name\":\"Comment\",\"target\":[\"https:\/\/elregionalvm.com.ar\/noticias-villa-maria\/caso-dalmasso-hallaron-huellas-geneticas-de-un-hombre-compatibles-con-las-pruebas-colectadas-en-la-bata-y-en-el-cuerpo-de-la-victima\/#respond\"]}]},{\"@type\":\"WebPage\",\"@id\":\"https:\/\/elregionalvm.com.ar\/noticias-villa-maria\/caso-dalmasso-hallaron-huellas-geneticas-de-un-hombre-compatibles-con-las-pruebas-colectadas-en-la-bata-y-en-el-cuerpo-de-la-victima\/\",\"url\":\"https:\/\/elregionalvm.com.ar\/noticias-villa-maria\/caso-dalmasso-hallaron-huellas-geneticas-de-un-hombre-compatibles-con-las-pruebas-colectadas-en-la-bata-y-en-el-cuerpo-de-la-victima\/\",\"name\":\"Caso Dalmasso: Hallaron huellas gen\u00e9ticas de un hombre compatibles con las pruebas colectadas en la bata y en el cuerpo de la v\u00edctima - El Regional\",\"isPartOf\":{\"@id\":\"http:\/\/elregionalvm.com.ar\/noticias-villa-maria\/#website\"},\"primaryImageOfPage\":{\"@id\":\"https:\/\/elregionalvm.com.ar\/noticias-villa-maria\/caso-dalmasso-hallaron-huellas-geneticas-de-un-hombre-compatibles-con-las-pruebas-colectadas-en-la-bata-y-en-el-cuerpo-de-la-victima\/#primaryimage\"},\"image\":{\"@id\":\"https:\/\/elregionalvm.com.ar\/noticias-villa-maria\/caso-dalmasso-hallaron-huellas-geneticas-de-un-hombre-compatibles-con-las-pruebas-colectadas-en-la-bata-y-en-el-cuerpo-de-la-victima\/#primaryimage\"},\"thumbnailUrl\":\"https:\/\/i0.wp.com\/elregionalvm.com.ar\/noticias-villa-maria\/wp-content\/uploads\/2024\/12\/nora-dalmasso.webp?fit=1200%2C675&ssl=1\",\"datePublished\":\"2024-12-23T13:04:45+00:00\",\"dateModified\":\"2024-12-23T13:04:46+00:00\",\"author\":{\"@id\":\"http:\/\/elregionalvm.com.ar\/noticias-villa-maria\/#\/schema\/person\/a0fb9c422317faca23d50163151bc354\"},\"breadcrumb\":{\"@id\":\"https:\/\/elregionalvm.com.ar\/noticias-villa-maria\/caso-dalmasso-hallaron-huellas-geneticas-de-un-hombre-compatibles-con-las-pruebas-colectadas-en-la-bata-y-en-el-cuerpo-de-la-victima\/#breadcrumb\"},\"inLanguage\":\"es\",\"potentialAction\":[{\"@type\":\"ReadAction\",\"target\":[\"https:\/\/elregionalvm.com.ar\/noticias-villa-maria\/caso-dalmasso-hallaron-huellas-geneticas-de-un-hombre-compatibles-con-las-pruebas-colectadas-en-la-bata-y-en-el-cuerpo-de-la-victima\/\"]}]},{\"@type\":\"ImageObject\",\"inLanguage\":\"es\",\"@id\":\"https:\/\/elregionalvm.com.ar\/noticias-villa-maria\/caso-dalmasso-hallaron-huellas-geneticas-de-un-hombre-compatibles-con-las-pruebas-colectadas-en-la-bata-y-en-el-cuerpo-de-la-victima\/#primaryimage\",\"url\":\"https:\/\/i0.wp.com\/elregionalvm.com.ar\/noticias-villa-maria\/wp-content\/uploads\/2024\/12\/nora-dalmasso.webp?fit=1200%2C675&ssl=1\",\"contentUrl\":\"https:\/\/i0.wp.com\/elregionalvm.com.ar\/noticias-villa-maria\/wp-content\/uploads\/2024\/12\/nora-dalmasso.webp?fit=1200%2C675&ssl=1\",\"width\":1200,\"height\":675},{\"@type\":\"BreadcrumbList\",\"@id\":\"https:\/\/elregionalvm.com.ar\/noticias-villa-maria\/caso-dalmasso-hallaron-huellas-geneticas-de-un-hombre-compatibles-con-las-pruebas-colectadas-en-la-bata-y-en-el-cuerpo-de-la-victima\/#breadcrumb\",\"itemListElement\":[{\"@type\":\"ListItem\",\"position\":1,\"name\":\"Portada\",\"item\":\"https:\/\/elregionalvm.com.ar\/noticias-villa-maria\/\"},{\"@type\":\"ListItem\",\"position\":2,\"name\":\"Caso Dalmasso: Hallaron huellas gen\u00e9ticas de un hombre compatibles con las pruebas colectadas en la bata y en el cuerpo de la v\u00edctima\"}]},{\"@type\":\"WebSite\",\"@id\":\"http:\/\/elregionalvm.com.ar\/noticias-villa-maria\/#website\",\"url\":\"http:\/\/elregionalvm.com.ar\/noticias-villa-maria\/\",\"name\":\"El Regional\",\"description\":\"Mucho m\u00e1s que informaci\u00f3n\",\"potentialAction\":[{\"@type\":\"SearchAction\",\"target\":{\"@type\":\"EntryPoint\",\"urlTemplate\":\"http:\/\/elregionalvm.com.ar\/noticias-villa-maria\/?s={search_term_string}\"},\"query-input\":{\"@type\":\"PropertyValueSpecification\",\"valueRequired\":true,\"valueName\":\"search_term_string\"}}],\"inLanguage\":\"es\"},{\"@type\":\"Person\",\"@id\":\"http:\/\/elregionalvm.com.ar\/noticias-villa-maria\/#\/schema\/person\/a0fb9c422317faca23d50163151bc354\",\"name\":\"Contenidos El Regional\",\"image\":{\"@type\":\"ImageObject\",\"inLanguage\":\"es\",\"@id\":\"http:\/\/elregionalvm.com.ar\/noticias-villa-maria\/#\/schema\/person\/image\/\",\"url\":\"https:\/\/secure.gravatar.com\/avatar\/265b27cb2209af7bb3a1318f03305787d7981a5cc6e6cd08fe5a4ecdf99d4b48?s=96&d=mm&r=g\",\"contentUrl\":\"https:\/\/secure.gravatar.com\/avatar\/265b27cb2209af7bb3a1318f03305787d7981a5cc6e6cd08fe5a4ecdf99d4b48?s=96&d=mm&r=g\",\"caption\":\"Contenidos El Regional\"},\"url\":\"https:\/\/elregionalvm.com.ar\/noticias-villa-maria\/author\/contenido\/\"}]}<\/script>\n<!-- \/ Yoast SEO plugin. -->","yoast_head_json":{"title":"Caso Dalmasso: Hallaron huellas gen\u00e9ticas de un hombre compatibles con las pruebas colectadas en la bata y en el cuerpo de la v\u00edctima - El Regional","robots":{"index":"index","follow":"follow","max-snippet":"max-snippet:-1","max-image-preview":"max-image-preview:large","max-video-preview":"max-video-preview:-1"},"canonical":"https:\/\/elregionalvm.com.ar\/noticias-villa-maria\/caso-dalmasso-hallaron-huellas-geneticas-de-un-hombre-compatibles-con-las-pruebas-colectadas-en-la-bata-y-en-el-cuerpo-de-la-victima\/","og_locale":"es_ES","og_type":"article","og_title":"Caso Dalmasso: Hallaron huellas gen\u00e9ticas de un hombre compatibles con las pruebas colectadas en la bata y en el cuerpo de la v\u00edctima - El Regional","og_description":"La Unidad Fiscal Especial actuante en la ciudad de R\u00edo Cuarto inform\u00f3 que una persona de sexo masculino figura como aportante compatible con las huellas gen\u00e9ticas colectadas en cinto de bata que fuera ubicado anudado en el cuello de Nora Dalmasso y de vello secuestrado en zona inguinal. La investigaci\u00f3n fue iniciada el 15 de [&hellip;]","og_url":"https:\/\/elregionalvm.com.ar\/noticias-villa-maria\/caso-dalmasso-hallaron-huellas-geneticas-de-un-hombre-compatibles-con-las-pruebas-colectadas-en-la-bata-y-en-el-cuerpo-de-la-victima\/","og_site_name":"El Regional","article_publisher":"https:\/\/www.facebook.com\/elregionalvm","article_published_time":"2024-12-23T13:04:45+00:00","article_modified_time":"2024-12-23T13:04:46+00:00","og_image":[{"width":1200,"height":675,"url":"https:\/\/elregionalvm.com.ar\/noticias-villa-maria\/wp-content\/uploads\/2024\/12\/nora-dalmasso.webp","type":"image\/webp"}],"author":"Contenidos El Regional","twitter_card":"summary_large_image","twitter_creator":"@elregionalvm1","twitter_site":"@elregionalvm1","twitter_misc":{"Escrito por":"Contenidos El Regional","Tiempo de lectura":"2 minutos"},"schema":{"@context":"https:\/\/schema.org","@graph":[{"@type":"Article","@id":"https:\/\/elregionalvm.com.ar\/noticias-villa-maria\/caso-dalmasso-hallaron-huellas-geneticas-de-un-hombre-compatibles-con-las-pruebas-colectadas-en-la-bata-y-en-el-cuerpo-de-la-victima\/#article","isPartOf":{"@id":"https:\/\/elregionalvm.com.ar\/noticias-villa-maria\/caso-dalmasso-hallaron-huellas-geneticas-de-un-hombre-compatibles-con-las-pruebas-colectadas-en-la-bata-y-en-el-cuerpo-de-la-victima\/"},"author":{"name":"Contenidos El Regional","@id":"http:\/\/elregionalvm.com.ar\/noticias-villa-maria\/#\/schema\/person\/a0fb9c422317faca23d50163151bc354"},"headline":"Caso Dalmasso: Hallaron huellas gen\u00e9ticas de un hombre compatibles con las pruebas colectadas en la bata y en el cuerpo de la v\u00edctima","datePublished":"2024-12-23T13:04:45+00:00","dateModified":"2024-12-23T13:04:46+00:00","mainEntityOfPage":{"@id":"https:\/\/elregionalvm.com.ar\/noticias-villa-maria\/caso-dalmasso-hallaron-huellas-geneticas-de-un-hombre-compatibles-con-las-pruebas-colectadas-en-la-bata-y-en-el-cuerpo-de-la-victima\/"},"wordCount":283,"commentCount":0,"image":{"@id":"https:\/\/elregionalvm.com.ar\/noticias-villa-maria\/caso-dalmasso-hallaron-huellas-geneticas-de-un-hombre-compatibles-con-las-pruebas-colectadas-en-la-bata-y-en-el-cuerpo-de-la-victima\/#primaryimage"},"thumbnailUrl":"https:\/\/i0.wp.com\/elregionalvm.com.ar\/noticias-villa-maria\/wp-content\/uploads\/2024\/12\/nora-dalmasso.webp?fit=1200%2C675&ssl=1","keywords":["Crimen","huella gen\u00e9tica","Impunidad","Investigaci\u00f3n","Justicia","Nora Dalmasso","novedades","R\u00edo Cuarto"],"articleSection":["destacado","Policiales"],"inLanguage":"es","potentialAction":[{"@type":"CommentAction","name":"Comment","target":["https:\/\/elregionalvm.com.ar\/noticias-villa-maria\/caso-dalmasso-hallaron-huellas-geneticas-de-un-hombre-compatibles-con-las-pruebas-colectadas-en-la-bata-y-en-el-cuerpo-de-la-victima\/#respond"]}]},{"@type":"WebPage","@id":"https:\/\/elregionalvm.com.ar\/noticias-villa-maria\/caso-dalmasso-hallaron-huellas-geneticas-de-un-hombre-compatibles-con-las-pruebas-colectadas-en-la-bata-y-en-el-cuerpo-de-la-victima\/","url":"https:\/\/elregionalvm.com.ar\/noticias-villa-maria\/caso-dalmasso-hallaron-huellas-geneticas-de-un-hombre-compatibles-con-las-pruebas-colectadas-en-la-bata-y-en-el-cuerpo-de-la-victima\/","name":"Caso Dalmasso: Hallaron huellas gen\u00e9ticas de un hombre compatibles con las pruebas colectadas en la bata y en el cuerpo de la v\u00edctima - El Regional","isPartOf":{"@id":"http:\/\/elregionalvm.com.ar\/noticias-villa-maria\/#website"},"primaryImageOfPage":{"@id":"https:\/\/elregionalvm.com.ar\/noticias-villa-maria\/caso-dalmasso-hallaron-huellas-geneticas-de-un-hombre-compatibles-con-las-pruebas-colectadas-en-la-bata-y-en-el-cuerpo-de-la-victima\/#primaryimage"},"image":{"@id":"https:\/\/elregionalvm.com.ar\/noticias-villa-maria\/caso-dalmasso-hallaron-huellas-geneticas-de-un-hombre-compatibles-con-las-pruebas-colectadas-en-la-bata-y-en-el-cuerpo-de-la-victima\/#primaryimage"},"thumbnailUrl":"https:\/\/i0.wp.com\/elregionalvm.com.ar\/noticias-villa-maria\/wp-content\/uploads\/2024\/12\/nora-dalmasso.webp?fit=1200%2C675&ssl=1","datePublished":"2024-12-23T13:04:45+00:00","dateModified":"2024-12-23T13:04:46+00:00","author":{"@id":"http:\/\/elregionalvm.com.ar\/noticias-villa-maria\/#\/schema\/person\/a0fb9c422317faca23d50163151bc354"},"breadcrumb":{"@id":"https:\/\/elregionalvm.com.ar\/noticias-villa-maria\/caso-dalmasso-hallaron-huellas-geneticas-de-un-hombre-compatibles-con-las-pruebas-colectadas-en-la-bata-y-en-el-cuerpo-de-la-victima\/#breadcrumb"},"inLanguage":"es","potentialAction":[{"@type":"ReadAction","target":["https:\/\/elregionalvm.com.ar\/noticias-villa-maria\/caso-dalmasso-hallaron-huellas-geneticas-de-un-hombre-compatibles-con-las-pruebas-colectadas-en-la-bata-y-en-el-cuerpo-de-la-victima\/"]}]},{"@type":"ImageObject","inLanguage":"es","@id":"https:\/\/elregionalvm.com.ar\/noticias-villa-maria\/caso-dalmasso-hallaron-huellas-geneticas-de-un-hombre-compatibles-con-las-pruebas-colectadas-en-la-bata-y-en-el-cuerpo-de-la-victima\/#primaryimage","url":"https:\/\/i0.wp.com\/elregionalvm.com.ar\/noticias-villa-maria\/wp-content\/uploads\/2024\/12\/nora-dalmasso.webp?fit=1200%2C675&ssl=1","contentUrl":"https:\/\/i0.wp.com\/elregionalvm.com.ar\/noticias-villa-maria\/wp-content\/uploads\/2024\/12\/nora-dalmasso.webp?fit=1200%2C675&ssl=1","width":1200,"height":675},{"@type":"BreadcrumbList","@id":"https:\/\/elregionalvm.com.ar\/noticias-villa-maria\/caso-dalmasso-hallaron-huellas-geneticas-de-un-hombre-compatibles-con-las-pruebas-colectadas-en-la-bata-y-en-el-cuerpo-de-la-victima\/#breadcrumb","itemListElement":[{"@type":"ListItem","position":1,"name":"Portada","item":"https:\/\/elregionalvm.com.ar\/noticias-villa-maria\/"},{"@type":"ListItem","position":2,"name":"Caso Dalmasso: Hallaron huellas gen\u00e9ticas de un hombre compatibles con las pruebas colectadas en la bata y en el cuerpo de la v\u00edctima"}]},{"@type":"WebSite","@id":"http:\/\/elregionalvm.com.ar\/noticias-villa-maria\/#website","url":"http:\/\/elregionalvm.com.ar\/noticias-villa-maria\/","name":"El Regional","description":"Mucho m\u00e1s que informaci\u00f3n","potentialAction":[{"@type":"SearchAction","target":{"@type":"EntryPoint","urlTemplate":"http:\/\/elregionalvm.com.ar\/noticias-villa-maria\/?s={search_term_string}"},"query-input":{"@type":"PropertyValueSpecification","valueRequired":true,"valueName":"search_term_string"}}],"inLanguage":"es"},{"@type":"Person","@id":"http:\/\/elregionalvm.com.ar\/noticias-villa-maria\/#\/schema\/person\/a0fb9c422317faca23d50163151bc354","name":"Contenidos El Regional","image":{"@type":"ImageObject","inLanguage":"es","@id":"http:\/\/elregionalvm.com.ar\/noticias-villa-maria\/#\/schema\/person\/image\/","url":"https:\/\/secure.gravatar.com\/avatar\/265b27cb2209af7bb3a1318f03305787d7981a5cc6e6cd08fe5a4ecdf99d4b48?s=96&d=mm&r=g","contentUrl":"https:\/\/secure.gravatar.com\/avatar\/265b27cb2209af7bb3a1318f03305787d7981a5cc6e6cd08fe5a4ecdf99d4b48?s=96&d=mm&r=g","caption":"Contenidos El Regional"},"url":"https:\/\/elregionalvm.com.ar\/noticias-villa-maria\/author\/contenido\/"}]}},"jetpack_featured_media_url":"https:\/\/i0.wp.com\/elregionalvm.com.ar\/noticias-villa-maria\/wp-content\/uploads\/2024\/12\/nora-dalmasso.webp?fit=1200%2C675&ssl=1","jetpack_sharing_enabled":true,"_links":{"self":[{"href":"https:\/\/elregionalvm.com.ar\/noticias-villa-maria\/wp-json\/wp\/v2\/posts\/101842","targetHints":{"allow":["GET"]}}],"collection":[{"href":"https:\/\/elregionalvm.com.ar\/noticias-villa-maria\/wp-json\/wp\/v2\/posts"}],"about":[{"href":"https:\/\/elregionalvm.com.ar\/noticias-villa-maria\/wp-json\/wp\/v2\/types\/post"}],"author":[{"embeddable":true,"href":"https:\/\/elregionalvm.com.ar\/noticias-villa-maria\/wp-json\/wp\/v2\/users\/4"}],"replies":[{"embeddable":true,"href":"https:\/\/elregionalvm.com.ar\/noticias-villa-maria\/wp-json\/wp\/v2\/comments?post=101842"}],"version-history":[{"count":1,"href":"https:\/\/elregionalvm.com.ar\/noticias-villa-maria\/wp-json\/wp\/v2\/posts\/101842\/revisions"}],"predecessor-version":[{"id":101843,"href":"https:\/\/elregionalvm.com.ar\/noticias-villa-maria\/wp-json\/wp\/v2\/posts\/101842\/revisions\/101843"}],"wp:featuredmedia":[{"embeddable":true,"href":"https:\/\/elregionalvm.com.ar\/noticias-villa-maria\/wp-json\/wp\/v2\/media\/101844"}],"wp:attachment":[{"href":"https:\/\/elregionalvm.com.ar\/noticias-villa-maria\/wp-json\/wp\/v2\/media?parent=101842"}],"wp:term":[{"taxonomy":"category","embeddable":true,"href":"https:\/\/elregionalvm.com.ar\/noticias-villa-maria\/wp-json\/wp\/v2\/categories?post=101842"},{"taxonomy":"post_tag","embeddable":true,"href":"https:\/\/elregionalvm.com.ar\/noticias-villa-maria\/wp-json\/wp\/v2\/tags?post=101842"}],"curies":[{"name":"wp","href":"https:\/\/api.w.org\/{rel}","templated":true}]}}