{"id":101868,"date":"2024-12-23T15:35:23","date_gmt":"2024-12-23T15:35:23","guid":{"rendered":"https:\/\/elregionalvm.com.ar\/noticias-villa-maria\/?p=101868"},"modified":"2024-12-23T15:35:24","modified_gmt":"2024-12-23T15:35:24","slug":"villa-maria-lanza-un-innovador-fondo-de-garantias-para-alquileres-destinado-a-emprendedores","status":"publish","type":"post","link":"https:\/\/elregionalvm.com.ar\/noticias-villa-maria\/villa-maria-lanza-un-innovador-fondo-de-garantias-para-alquileres-destinado-a-emprendedores\/","title":{"rendered":"Villa Mar\u00eda lanza un innovador Fondo de Garant\u00edas para Alquileres destinado a emprendedores"},"content":{"rendered":"\n<p>La Municipalidad de Villa Mar\u00eda, junto al Instituto Municipal de la Vivienda e Infraestructura, present\u00f3 el Fondo de Garant\u00edas de Alquileres (FO.GA.AL) para Emprendedores, una iniciativa pionera que busca facilitar el acceso a locales comerciales para el sector emprendedor de la ciudad.<\/p>\n\n\n\n<p>El acto de presentaci\u00f3n cont\u00f3 con la presencia del Intendente Municipal, Eduardo Accastello; el Presidente del Instituto Municipal de la Vivienda e Infraestructura, \u00c1ngel Quaglia; el Secretario de Econom\u00eda, Transformaci\u00f3n Digital y Desarrollo Productivo, Cr. Guillermo Pieckenstainer; y el Subsecretario de Desarrollo Productivo, Ing. Germ\u00e1n Tenedini.<\/p>\n\n\n\n<p><em><strong>\u201cEste Fondo de Garant\u00edas es una herramienta fundamental para impulsar el desarrollo emprendedor en Villa Mar\u00eda. Hemos dispuesto 30 millones de pesos, respaldados por el Banco Santander y el Banco de C\u00f3rdoba, para que aquellos emprendedores que tienen capacidad de pago pero no cuentan con garant\u00edas propias, puedan acceder a locales comerciales. Es una iniciativa similar a la que ya implementamos exitosamente para alquileres residenciales\u00bb<\/strong><\/em>, explic\u00f3 el intendente.<\/p>\n\n\n\n<p>El mandatario municipal destac\u00f3 que esta iniciativa no representa un gasto para el municipio sino una inversi\u00f3n estrat\u00e9gica en el desarrollo local, ya que el fondo act\u00faa exclusivamente como garant\u00eda para las operaciones.<\/p>\n\n\n\n<p><em><strong>\u201cAdem\u00e1s, hemos decidido otorgar una reducci\u00f3n del 30% en las tasas municipales para los locales que se incorporen a este programa. El fondo act\u00faa como garant\u00eda, protegiendo tanto a propietarios como a emprendedores, generando as\u00ed un c\u00edrculo virtuoso que beneficia a toda la comunidad\u201d<\/strong><\/em>, agreg\u00f3 Accastello.<\/p>\n\n\n\n<p>Por su parte, \u00c1ngel Quaglia, Presidente del Instituto Municipal de la Vivienda e Infraestructura, se\u00f1al\u00f3:&nbsp;<em>\u00abEl FOGAAL para emprendedores representa un paso crucial en la expansi\u00f3n de nuestro programa de garant\u00edas. Esta nueva etapa brinda una soluci\u00f3n concreta para que emprendedores y comerciantes puedan acceder a los locales que necesitan para desarrollar sus negocios\u00bb.<\/em><\/p>\n\n\n\n<p><em>\u201cEste programa complementa perfectamente el fuerte apoyo que venimos brindando al ecosistema emprendedor desde el inicio de 2024. A trav\u00e9s de la capacitaci\u00f3n y visibilizaci\u00f3n, hemos logrado formar a m\u00e1s de 4.000 personas, con m\u00e1s de 7 talleres espec\u00edficos, donde el 90% de los participantes son mujeres. Esta nueva herramienta de garant\u00edas fortalece nuestra pol\u00edtica integral de desarrollo econ\u00f3mico local\u201d<\/em>, destac\u00f3 el Subsecretario de Desarrollo Productivo, Ing. Germ\u00e1n Tenedini.<\/p>\n\n\n\n<p>Durante la presentaci\u00f3n, se proyect\u00f3 un video explicativo sobre el funcionamiento del programa. El FO.GA.AL se constituye como una soluci\u00f3n concreta para uno de los principales obst\u00e1culos que enfrentan los emprendedores al momento de expandir sus negocios: el acceso a garant\u00edas para alquileres comerciales.<\/p>\n\n\n\n<p>La iniciativa forma parte de una serie de pol\u00edticas p\u00fablicas implementadas por el municipio para fortalecer el ecosistema emprendedor y fomentar el desarrollo econ\u00f3mico local, articulando el trabajo entre el sector p\u00fablico, privado y los emprendedores de la ciudad.<\/p>\n\n\n\n<p><strong>Requisitos para acceder al FO.GA.AL<\/strong><\/p>\n\n\n\n<p>Para poder beneficiarse del Fondo de Garant\u00edas de Alquileres para Emprendedores, los interesados deben cumplir con una serie de requisitos. En primer lugar, deben ser mayores de edad, tener capacidad para contratar y poseer DNI.<\/p>\n\n\n\n<p>Adem\u00e1s, pueden ser tanto personas f\u00edsicas como jur\u00eddicas, siempre y cuando acrediten una residencia en la ciudad de Villa Mar\u00eda de al menos 3 a\u00f1os.<\/p>\n\n\n\n<p>Es importante destacar que los solicitantes no deben contar con antecedentes financieros desfavorables ni encontrarse registrados en el Registro de Deudores alimentarios.<\/p>\n\n\n\n<p>Asimismo, no podr\u00e1n haber accedido previamente a otros programas de vivienda del Instituto Municipal de la Vivienda (IMV) ni ser propietarios de otro inmueble disponible para uso residencial.<\/p>\n\n\n\n<p>Para demostrar su capacidad de pago, los interesados deber\u00e1n presentar recibos de sueldo, una declaraci\u00f3n jurada de ingresos certificada por autoridad competente y\/o recibos de jubilaci\u00f3n o pensi\u00f3n nacional o provincial.<\/p>\n\n\n\n<p>En cuanto al inmueble a alquilar, este deber\u00e1 estar destinado exclusivamente a uso comercial y ubicarse dentro del ejido municipal de Villa Mar\u00eda.<\/p>\n\n\n\n<p>La documentaci\u00f3n requerida para la inscripci\u00f3n al programa incluye: DNI del solicitante, recibos de sueldo y\/o declaraci\u00f3n jurada de ingresos certificada, servicio que acredite domicilio actual, certificado de discapacidad en caso de corresponder, pre contrato de locaci\u00f3n a firmar por el postulante para ser analizado, y en caso de presentar garant\u00eda, el DNI y recibo de sueldo del garante. Toda la documentaci\u00f3n debe ser presentada en formato digital.<\/p>\n\n\n\n<p>Los interesados en obtener m\u00e1s informaci\u00f3n pueden comunicarse telef\u00f3nicamente al 3534061806, seguir al Instituto Municipal de la Vivienda en Instagram (@imv .villamaria), enviar un correo electr\u00f3nico a fondodegarantias.imv@gmail.com o presencial en la dependencia municipal.<\/p>\n","protected":false},"excerpt":{"rendered":"<p>La Municipalidad de Villa Mar\u00eda, junto al Instituto Municipal de la Vivienda e Infraestructura, present\u00f3 el Fondo de Garant\u00edas de Alquileres (FO.GA.AL) para Emprendedores, una iniciativa pionera que busca facilitar el acceso a locales comerciales para el sector emprendedor de la ciudad. El acto de presentaci\u00f3n cont\u00f3 con la presencia del Intendente Municipal, Eduardo Accastello; [&hellip;]<\/p>\n","protected":false},"author":4,"featured_media":101869,"comment_status":"open","ping_status":"open","sticky":false,"template":"","format":"standard","meta":{"site-sidebar-layout":"default","site-content-layout":"","ast-site-content-layout":"default","site-content-style":"default","site-sidebar-style":"default","ast-global-header-display":"","ast-banner-title-visibility":"","ast-main-header-display":"","ast-hfb-above-header-display":"","ast-hfb-below-header-display":"","ast-hfb-mobile-header-display":"","site-post-title":"","ast-breadcrumbs-content":"","ast-featured-img":"","footer-sml-layout":"","ast-disable-related-posts":"","theme-transparent-header-meta":"","adv-header-id-meta":"","stick-header-meta":"","header-above-stick-meta":"","header-main-stick-meta":"","header-below-stick-meta":"","astra-migrate-meta-layouts":"set","ast-page-background-enabled":"default","ast-page-background-meta":{"desktop":{"background-color":"","background-image":"","background-repeat":"repeat","background-position":"center center","background-size":"auto","background-attachment":"scroll","background-type":"","background-media":"","overlay-type":"","overlay-color":"","overlay-opacity":"","overlay-gradient":""},"tablet":{"background-color":"","background-image":"","background-repeat":"repeat","background-position":"center center","background-size":"auto","background-attachment":"scroll","background-type":"","background-media":"","overlay-type":"","overlay-color":"","overlay-opacity":"","overlay-gradient":""},"mobile":{"background-color":"","background-image":"","background-repeat":"repeat","background-position":"center center","background-size":"auto","background-attachment":"scroll","background-type":"","background-media":"","overlay-type":"","overlay-color":"","overlay-opacity":"","overlay-gradient":""}},"ast-content-background-meta":{"desktop":{"background-color":"var(--ast-global-color-5)","background-image":"","background-repeat":"repeat","background-position":"center center","background-size":"auto","background-attachment":"scroll","background-type":"","background-media":"","overlay-type":"","overlay-color":"","overlay-opacity":"","overlay-gradient":""},"tablet":{"background-color":"var(--ast-global-color-5)","background-image":"","background-repeat":"repeat","background-position":"center center","background-size":"auto","background-attachment":"scroll","background-type":"","background-media":"","overlay-type":"","overlay-color":"","overlay-opacity":"","overlay-gradient":""},"mobile":{"background-color":"var(--ast-global-color-5)","background-image":"","background-repeat":"repeat","background-position":"center center","background-size":"auto","background-attachment":"scroll","background-type":"","background-media":"","overlay-type":"","overlay-color":"","overlay-opacity":"","overlay-gradient":""}},"_jetpack_memberships_contains_paid_content":false,"_joinchat":[],"footnotes":""},"categories":[15302,5,2],"tags":[],"class_list":["post-101868","post","type-post","status-publish","format-standard","has-post-thumbnail","hentry","category-destacado","category-sociedad","category-villa-maria"],"yoast_head":"<!-- This site is optimized with the Yoast SEO plugin v26.8 - https:\/\/yoast.com\/product\/yoast-seo-wordpress\/ -->\n<title>Villa Mar\u00eda lanza un innovador Fondo de Garant\u00edas para Alquileres destinado a emprendedores - El Regional<\/title>\n<meta name=\"robots\" content=\"index, follow, max-snippet:-1, max-image-preview:large, max-video-preview:-1\" \/>\n<link rel=\"canonical\" href=\"https:\/\/elregionalvm.com.ar\/noticias-villa-maria\/villa-maria-lanza-un-innovador-fondo-de-garantias-para-alquileres-destinado-a-emprendedores\/\" \/>\n<meta property=\"og:locale\" content=\"es_ES\" \/>\n<meta property=\"og:type\" content=\"article\" \/>\n<meta property=\"og:title\" content=\"Villa Mar\u00eda lanza un innovador Fondo de Garant\u00edas para Alquileres destinado a emprendedores - El Regional\" \/>\n<meta property=\"og:description\" content=\"La Municipalidad de Villa Mar\u00eda, junto al Instituto Municipal de la Vivienda e Infraestructura, present\u00f3 el Fondo de Garant\u00edas de Alquileres (FO.GA.AL) para Emprendedores, una iniciativa pionera que busca facilitar el acceso a locales comerciales para el sector emprendedor de la ciudad. El acto de presentaci\u00f3n cont\u00f3 con la presencia del Intendente Municipal, Eduardo Accastello; [&hellip;]\" \/>\n<meta property=\"og:url\" content=\"https:\/\/elregionalvm.com.ar\/noticias-villa-maria\/villa-maria-lanza-un-innovador-fondo-de-garantias-para-alquileres-destinado-a-emprendedores\/\" \/>\n<meta property=\"og:site_name\" content=\"El Regional\" \/>\n<meta property=\"article:publisher\" content=\"https:\/\/www.facebook.com\/elregionalvm\" \/>\n<meta property=\"article:published_time\" content=\"2024-12-23T15:35:23+00:00\" \/>\n<meta property=\"article:modified_time\" content=\"2024-12-23T15:35:24+00:00\" \/>\n<meta property=\"og:image\" content=\"https:\/\/elregionalvm.com.ar\/noticias-villa-maria\/wp-content\/uploads\/2024\/12\/8d4631b34ee446789ad733fa0309346d.jpeg\" \/>\n\t<meta property=\"og:image:width\" content=\"800\" \/>\n\t<meta property=\"og:image:height\" content=\"600\" \/>\n\t<meta property=\"og:image:type\" content=\"image\/jpeg\" \/>\n<meta name=\"author\" content=\"Contenidos El Regional\" \/>\n<meta name=\"twitter:card\" content=\"summary_large_image\" \/>\n<meta name=\"twitter:creator\" content=\"@elregionalvm1\" \/>\n<meta name=\"twitter:site\" content=\"@elregionalvm1\" \/>\n<meta name=\"twitter:label1\" content=\"Escrito por\" \/>\n\t<meta name=\"twitter:data1\" content=\"Contenidos El Regional\" \/>\n\t<meta name=\"twitter:label2\" content=\"Tiempo de lectura\" \/>\n\t<meta name=\"twitter:data2\" content=\"4 minutos\" \/>\n<script type=\"application\/ld+json\" class=\"yoast-schema-graph\">{\"@context\":\"https:\/\/schema.org\",\"@graph\":[{\"@type\":\"Article\",\"@id\":\"https:\/\/elregionalvm.com.ar\/noticias-villa-maria\/villa-maria-lanza-un-innovador-fondo-de-garantias-para-alquileres-destinado-a-emprendedores\/#article\",\"isPartOf\":{\"@id\":\"https:\/\/elregionalvm.com.ar\/noticias-villa-maria\/villa-maria-lanza-un-innovador-fondo-de-garantias-para-alquileres-destinado-a-emprendedores\/\"},\"author\":{\"name\":\"Contenidos El Regional\",\"@id\":\"http:\/\/elregionalvm.com.ar\/noticias-villa-maria\/#\/schema\/person\/a0fb9c422317faca23d50163151bc354\"},\"headline\":\"Villa Mar\u00eda lanza un innovador Fondo de Garant\u00edas para Alquileres destinado a emprendedores\",\"datePublished\":\"2024-12-23T15:35:23+00:00\",\"dateModified\":\"2024-12-23T15:35:24+00:00\",\"mainEntityOfPage\":{\"@id\":\"https:\/\/elregionalvm.com.ar\/noticias-villa-maria\/villa-maria-lanza-un-innovador-fondo-de-garantias-para-alquileres-destinado-a-emprendedores\/\"},\"wordCount\":794,\"commentCount\":0,\"image\":{\"@id\":\"https:\/\/elregionalvm.com.ar\/noticias-villa-maria\/villa-maria-lanza-un-innovador-fondo-de-garantias-para-alquileres-destinado-a-emprendedores\/#primaryimage\"},\"thumbnailUrl\":\"https:\/\/i0.wp.com\/elregionalvm.com.ar\/noticias-villa-maria\/wp-content\/uploads\/2024\/12\/8d4631b34ee446789ad733fa0309346d.jpeg?fit=800%2C600&ssl=1\",\"articleSection\":[\"destacado\",\"Sociedad\",\"Villa Mar\u00eda\"],\"inLanguage\":\"es\",\"potentialAction\":[{\"@type\":\"CommentAction\",\"name\":\"Comment\",\"target\":[\"https:\/\/elregionalvm.com.ar\/noticias-villa-maria\/villa-maria-lanza-un-innovador-fondo-de-garantias-para-alquileres-destinado-a-emprendedores\/#respond\"]}]},{\"@type\":\"WebPage\",\"@id\":\"https:\/\/elregionalvm.com.ar\/noticias-villa-maria\/villa-maria-lanza-un-innovador-fondo-de-garantias-para-alquileres-destinado-a-emprendedores\/\",\"url\":\"https:\/\/elregionalvm.com.ar\/noticias-villa-maria\/villa-maria-lanza-un-innovador-fondo-de-garantias-para-alquileres-destinado-a-emprendedores\/\",\"name\":\"Villa Mar\u00eda lanza un innovador Fondo de Garant\u00edas para Alquileres destinado a emprendedores - El Regional\",\"isPartOf\":{\"@id\":\"http:\/\/elregionalvm.com.ar\/noticias-villa-maria\/#website\"},\"primaryImageOfPage\":{\"@id\":\"https:\/\/elregionalvm.com.ar\/noticias-villa-maria\/villa-maria-lanza-un-innovador-fondo-de-garantias-para-alquileres-destinado-a-emprendedores\/#primaryimage\"},\"image\":{\"@id\":\"https:\/\/elregionalvm.com.ar\/noticias-villa-maria\/villa-maria-lanza-un-innovador-fondo-de-garantias-para-alquileres-destinado-a-emprendedores\/#primaryimage\"},\"thumbnailUrl\":\"https:\/\/i0.wp.com\/elregionalvm.com.ar\/noticias-villa-maria\/wp-content\/uploads\/2024\/12\/8d4631b34ee446789ad733fa0309346d.jpeg?fit=800%2C600&ssl=1\",\"datePublished\":\"2024-12-23T15:35:23+00:00\",\"dateModified\":\"2024-12-23T15:35:24+00:00\",\"author\":{\"@id\":\"http:\/\/elregionalvm.com.ar\/noticias-villa-maria\/#\/schema\/person\/a0fb9c422317faca23d50163151bc354\"},\"breadcrumb\":{\"@id\":\"https:\/\/elregionalvm.com.ar\/noticias-villa-maria\/villa-maria-lanza-un-innovador-fondo-de-garantias-para-alquileres-destinado-a-emprendedores\/#breadcrumb\"},\"inLanguage\":\"es\",\"potentialAction\":[{\"@type\":\"ReadAction\",\"target\":[\"https:\/\/elregionalvm.com.ar\/noticias-villa-maria\/villa-maria-lanza-un-innovador-fondo-de-garantias-para-alquileres-destinado-a-emprendedores\/\"]}]},{\"@type\":\"ImageObject\",\"inLanguage\":\"es\",\"@id\":\"https:\/\/elregionalvm.com.ar\/noticias-villa-maria\/villa-maria-lanza-un-innovador-fondo-de-garantias-para-alquileres-destinado-a-emprendedores\/#primaryimage\",\"url\":\"https:\/\/i0.wp.com\/elregionalvm.com.ar\/noticias-villa-maria\/wp-content\/uploads\/2024\/12\/8d4631b34ee446789ad733fa0309346d.jpeg?fit=800%2C600&ssl=1\",\"contentUrl\":\"https:\/\/i0.wp.com\/elregionalvm.com.ar\/noticias-villa-maria\/wp-content\/uploads\/2024\/12\/8d4631b34ee446789ad733fa0309346d.jpeg?fit=800%2C600&ssl=1\",\"width\":800,\"height\":600},{\"@type\":\"BreadcrumbList\",\"@id\":\"https:\/\/elregionalvm.com.ar\/noticias-villa-maria\/villa-maria-lanza-un-innovador-fondo-de-garantias-para-alquileres-destinado-a-emprendedores\/#breadcrumb\",\"itemListElement\":[{\"@type\":\"ListItem\",\"position\":1,\"name\":\"Portada\",\"item\":\"https:\/\/elregionalvm.com.ar\/noticias-villa-maria\/\"},{\"@type\":\"ListItem\",\"position\":2,\"name\":\"Villa Mar\u00eda lanza un innovador Fondo de Garant\u00edas para Alquileres destinado a emprendedores\"}]},{\"@type\":\"WebSite\",\"@id\":\"http:\/\/elregionalvm.com.ar\/noticias-villa-maria\/#website\",\"url\":\"http:\/\/elregionalvm.com.ar\/noticias-villa-maria\/\",\"name\":\"El Regional\",\"description\":\"Mucho m\u00e1s que informaci\u00f3n\",\"potentialAction\":[{\"@type\":\"SearchAction\",\"target\":{\"@type\":\"EntryPoint\",\"urlTemplate\":\"http:\/\/elregionalvm.com.ar\/noticias-villa-maria\/?s={search_term_string}\"},\"query-input\":{\"@type\":\"PropertyValueSpecification\",\"valueRequired\":true,\"valueName\":\"search_term_string\"}}],\"inLanguage\":\"es\"},{\"@type\":\"Person\",\"@id\":\"http:\/\/elregionalvm.com.ar\/noticias-villa-maria\/#\/schema\/person\/a0fb9c422317faca23d50163151bc354\",\"name\":\"Contenidos El Regional\",\"image\":{\"@type\":\"ImageObject\",\"inLanguage\":\"es\",\"@id\":\"http:\/\/elregionalvm.com.ar\/noticias-villa-maria\/#\/schema\/person\/image\/\",\"url\":\"https:\/\/secure.gravatar.com\/avatar\/265b27cb2209af7bb3a1318f03305787d7981a5cc6e6cd08fe5a4ecdf99d4b48?s=96&d=mm&r=g\",\"contentUrl\":\"https:\/\/secure.gravatar.com\/avatar\/265b27cb2209af7bb3a1318f03305787d7981a5cc6e6cd08fe5a4ecdf99d4b48?s=96&d=mm&r=g\",\"caption\":\"Contenidos El Regional\"},\"url\":\"https:\/\/elregionalvm.com.ar\/noticias-villa-maria\/author\/contenido\/\"}]}<\/script>\n<!-- \/ Yoast SEO plugin. -->","yoast_head_json":{"title":"Villa Mar\u00eda lanza un innovador Fondo de Garant\u00edas para Alquileres destinado a emprendedores - El Regional","robots":{"index":"index","follow":"follow","max-snippet":"max-snippet:-1","max-image-preview":"max-image-preview:large","max-video-preview":"max-video-preview:-1"},"canonical":"https:\/\/elregionalvm.com.ar\/noticias-villa-maria\/villa-maria-lanza-un-innovador-fondo-de-garantias-para-alquileres-destinado-a-emprendedores\/","og_locale":"es_ES","og_type":"article","og_title":"Villa Mar\u00eda lanza un innovador Fondo de Garant\u00edas para Alquileres destinado a emprendedores - El Regional","og_description":"La Municipalidad de Villa Mar\u00eda, junto al Instituto Municipal de la Vivienda e Infraestructura, present\u00f3 el Fondo de Garant\u00edas de Alquileres (FO.GA.AL) para Emprendedores, una iniciativa pionera que busca facilitar el acceso a locales comerciales para el sector emprendedor de la ciudad. El acto de presentaci\u00f3n cont\u00f3 con la presencia del Intendente Municipal, Eduardo Accastello; [&hellip;]","og_url":"https:\/\/elregionalvm.com.ar\/noticias-villa-maria\/villa-maria-lanza-un-innovador-fondo-de-garantias-para-alquileres-destinado-a-emprendedores\/","og_site_name":"El Regional","article_publisher":"https:\/\/www.facebook.com\/elregionalvm","article_published_time":"2024-12-23T15:35:23+00:00","article_modified_time":"2024-12-23T15:35:24+00:00","og_image":[{"width":800,"height":600,"url":"https:\/\/elregionalvm.com.ar\/noticias-villa-maria\/wp-content\/uploads\/2024\/12\/8d4631b34ee446789ad733fa0309346d.jpeg","type":"image\/jpeg"}],"author":"Contenidos El Regional","twitter_card":"summary_large_image","twitter_creator":"@elregionalvm1","twitter_site":"@elregionalvm1","twitter_misc":{"Escrito por":"Contenidos El Regional","Tiempo de lectura":"4 minutos"},"schema":{"@context":"https:\/\/schema.org","@graph":[{"@type":"Article","@id":"https:\/\/elregionalvm.com.ar\/noticias-villa-maria\/villa-maria-lanza-un-innovador-fondo-de-garantias-para-alquileres-destinado-a-emprendedores\/#article","isPartOf":{"@id":"https:\/\/elregionalvm.com.ar\/noticias-villa-maria\/villa-maria-lanza-un-innovador-fondo-de-garantias-para-alquileres-destinado-a-emprendedores\/"},"author":{"name":"Contenidos El Regional","@id":"http:\/\/elregionalvm.com.ar\/noticias-villa-maria\/#\/schema\/person\/a0fb9c422317faca23d50163151bc354"},"headline":"Villa Mar\u00eda lanza un innovador Fondo de Garant\u00edas para Alquileres destinado a emprendedores","datePublished":"2024-12-23T15:35:23+00:00","dateModified":"2024-12-23T15:35:24+00:00","mainEntityOfPage":{"@id":"https:\/\/elregionalvm.com.ar\/noticias-villa-maria\/villa-maria-lanza-un-innovador-fondo-de-garantias-para-alquileres-destinado-a-emprendedores\/"},"wordCount":794,"commentCount":0,"image":{"@id":"https:\/\/elregionalvm.com.ar\/noticias-villa-maria\/villa-maria-lanza-un-innovador-fondo-de-garantias-para-alquileres-destinado-a-emprendedores\/#primaryimage"},"thumbnailUrl":"https:\/\/i0.wp.com\/elregionalvm.com.ar\/noticias-villa-maria\/wp-content\/uploads\/2024\/12\/8d4631b34ee446789ad733fa0309346d.jpeg?fit=800%2C600&ssl=1","articleSection":["destacado","Sociedad","Villa Mar\u00eda"],"inLanguage":"es","potentialAction":[{"@type":"CommentAction","name":"Comment","target":["https:\/\/elregionalvm.com.ar\/noticias-villa-maria\/villa-maria-lanza-un-innovador-fondo-de-garantias-para-alquileres-destinado-a-emprendedores\/#respond"]}]},{"@type":"WebPage","@id":"https:\/\/elregionalvm.com.ar\/noticias-villa-maria\/villa-maria-lanza-un-innovador-fondo-de-garantias-para-alquileres-destinado-a-emprendedores\/","url":"https:\/\/elregionalvm.com.ar\/noticias-villa-maria\/villa-maria-lanza-un-innovador-fondo-de-garantias-para-alquileres-destinado-a-emprendedores\/","name":"Villa Mar\u00eda lanza un innovador Fondo de Garant\u00edas para Alquileres destinado a emprendedores - El Regional","isPartOf":{"@id":"http:\/\/elregionalvm.com.ar\/noticias-villa-maria\/#website"},"primaryImageOfPage":{"@id":"https:\/\/elregionalvm.com.ar\/noticias-villa-maria\/villa-maria-lanza-un-innovador-fondo-de-garantias-para-alquileres-destinado-a-emprendedores\/#primaryimage"},"image":{"@id":"https:\/\/elregionalvm.com.ar\/noticias-villa-maria\/villa-maria-lanza-un-innovador-fondo-de-garantias-para-alquileres-destinado-a-emprendedores\/#primaryimage"},"thumbnailUrl":"https:\/\/i0.wp.com\/elregionalvm.com.ar\/noticias-villa-maria\/wp-content\/uploads\/2024\/12\/8d4631b34ee446789ad733fa0309346d.jpeg?fit=800%2C600&ssl=1","datePublished":"2024-12-23T15:35:23+00:00","dateModified":"2024-12-23T15:35:24+00:00","author":{"@id":"http:\/\/elregionalvm.com.ar\/noticias-villa-maria\/#\/schema\/person\/a0fb9c422317faca23d50163151bc354"},"breadcrumb":{"@id":"https:\/\/elregionalvm.com.ar\/noticias-villa-maria\/villa-maria-lanza-un-innovador-fondo-de-garantias-para-alquileres-destinado-a-emprendedores\/#breadcrumb"},"inLanguage":"es","potentialAction":[{"@type":"ReadAction","target":["https:\/\/elregionalvm.com.ar\/noticias-villa-maria\/villa-maria-lanza-un-innovador-fondo-de-garantias-para-alquileres-destinado-a-emprendedores\/"]}]},{"@type":"ImageObject","inLanguage":"es","@id":"https:\/\/elregionalvm.com.ar\/noticias-villa-maria\/villa-maria-lanza-un-innovador-fondo-de-garantias-para-alquileres-destinado-a-emprendedores\/#primaryimage","url":"https:\/\/i0.wp.com\/elregionalvm.com.ar\/noticias-villa-maria\/wp-content\/uploads\/2024\/12\/8d4631b34ee446789ad733fa0309346d.jpeg?fit=800%2C600&ssl=1","contentUrl":"https:\/\/i0.wp.com\/elregionalvm.com.ar\/noticias-villa-maria\/wp-content\/uploads\/2024\/12\/8d4631b34ee446789ad733fa0309346d.jpeg?fit=800%2C600&ssl=1","width":800,"height":600},{"@type":"BreadcrumbList","@id":"https:\/\/elregionalvm.com.ar\/noticias-villa-maria\/villa-maria-lanza-un-innovador-fondo-de-garantias-para-alquileres-destinado-a-emprendedores\/#breadcrumb","itemListElement":[{"@type":"ListItem","position":1,"name":"Portada","item":"https:\/\/elregionalvm.com.ar\/noticias-villa-maria\/"},{"@type":"ListItem","position":2,"name":"Villa Mar\u00eda lanza un innovador Fondo de Garant\u00edas para Alquileres destinado a emprendedores"}]},{"@type":"WebSite","@id":"http:\/\/elregionalvm.com.ar\/noticias-villa-maria\/#website","url":"http:\/\/elregionalvm.com.ar\/noticias-villa-maria\/","name":"El Regional","description":"Mucho m\u00e1s que informaci\u00f3n","potentialAction":[{"@type":"SearchAction","target":{"@type":"EntryPoint","urlTemplate":"http:\/\/elregionalvm.com.ar\/noticias-villa-maria\/?s={search_term_string}"},"query-input":{"@type":"PropertyValueSpecification","valueRequired":true,"valueName":"search_term_string"}}],"inLanguage":"es"},{"@type":"Person","@id":"http:\/\/elregionalvm.com.ar\/noticias-villa-maria\/#\/schema\/person\/a0fb9c422317faca23d50163151bc354","name":"Contenidos El Regional","image":{"@type":"ImageObject","inLanguage":"es","@id":"http:\/\/elregionalvm.com.ar\/noticias-villa-maria\/#\/schema\/person\/image\/","url":"https:\/\/secure.gravatar.com\/avatar\/265b27cb2209af7bb3a1318f03305787d7981a5cc6e6cd08fe5a4ecdf99d4b48?s=96&d=mm&r=g","contentUrl":"https:\/\/secure.gravatar.com\/avatar\/265b27cb2209af7bb3a1318f03305787d7981a5cc6e6cd08fe5a4ecdf99d4b48?s=96&d=mm&r=g","caption":"Contenidos El Regional"},"url":"https:\/\/elregionalvm.com.ar\/noticias-villa-maria\/author\/contenido\/"}]}},"jetpack_featured_media_url":"https:\/\/i0.wp.com\/elregionalvm.com.ar\/noticias-villa-maria\/wp-content\/uploads\/2024\/12\/8d4631b34ee446789ad733fa0309346d.jpeg?fit=800%2C600&ssl=1","jetpack_sharing_enabled":true,"_links":{"self":[{"href":"https:\/\/elregionalvm.com.ar\/noticias-villa-maria\/wp-json\/wp\/v2\/posts\/101868","targetHints":{"allow":["GET"]}}],"collection":[{"href":"https:\/\/elregionalvm.com.ar\/noticias-villa-maria\/wp-json\/wp\/v2\/posts"}],"about":[{"href":"https:\/\/elregionalvm.com.ar\/noticias-villa-maria\/wp-json\/wp\/v2\/types\/post"}],"author":[{"embeddable":true,"href":"https:\/\/elregionalvm.com.ar\/noticias-villa-maria\/wp-json\/wp\/v2\/users\/4"}],"replies":[{"embeddable":true,"href":"https:\/\/elregionalvm.com.ar\/noticias-villa-maria\/wp-json\/wp\/v2\/comments?post=101868"}],"version-history":[{"count":1,"href":"https:\/\/elregionalvm.com.ar\/noticias-villa-maria\/wp-json\/wp\/v2\/posts\/101868\/revisions"}],"predecessor-version":[{"id":101870,"href":"https:\/\/elregionalvm.com.ar\/noticias-villa-maria\/wp-json\/wp\/v2\/posts\/101868\/revisions\/101870"}],"wp:featuredmedia":[{"embeddable":true,"href":"https:\/\/elregionalvm.com.ar\/noticias-villa-maria\/wp-json\/wp\/v2\/media\/101869"}],"wp:attachment":[{"href":"https:\/\/elregionalvm.com.ar\/noticias-villa-maria\/wp-json\/wp\/v2\/media?parent=101868"}],"wp:term":[{"taxonomy":"category","embeddable":true,"href":"https:\/\/elregionalvm.com.ar\/noticias-villa-maria\/wp-json\/wp\/v2\/categories?post=101868"},{"taxonomy":"post_tag","embeddable":true,"href":"https:\/\/elregionalvm.com.ar\/noticias-villa-maria\/wp-json\/wp\/v2\/tags?post=101868"}],"curies":[{"name":"wp","href":"https:\/\/api.w.org\/{rel}","templated":true}]}}