{"id":101871,"date":"2024-12-23T15:41:54","date_gmt":"2024-12-23T15:41:54","guid":{"rendered":"https:\/\/elregionalvm.com.ar\/noticias-villa-maria\/?p=101871"},"modified":"2024-12-29T16:59:08","modified_gmt":"2024-12-29T16:59:08","slug":"un-fuerte-accidente-transito-dejo-a-un-motociclista-de-40-anos-con-traumatismo-de-craneo-en-el-hospital-pasteur","status":"publish","type":"post","link":"https:\/\/elregionalvm.com.ar\/noticias-villa-maria\/un-fuerte-accidente-transito-dejo-a-un-motociclista-de-40-anos-con-traumatismo-de-craneo-en-el-hospital-pasteur\/","title":{"rendered":"Un fuerte accidente tr\u00e1nsito dej\u00f3 a un motociclista de 40 a\u00f1os con traumatismo de cr\u00e1neo en el Hospital Pasteur"},"content":{"rendered":"\n<p>Siendo aproximadamente las 03:35 horas de la v\u00edspera, personal de la Patrulla Preventiva se constituy\u00f3 en calle H. Irigoyen al 100 de esta ciudad de Villa Mar\u00eda, donde hubo un accidente de tr\u00e1nsito en el que por causas a establecer un motociclista de 40 a\u00f1os de edad perdi\u00f3 el control de su rodado, una motocicleta Honda Wave de 110 c.c., cayendo violentamente contra la carpeta asf\u00e1ltica.<\/p>\n\n\n\n<p>Como resultado del siniestro personal de Bomberos Voluntarios procedi\u00f3 al traslado del hombre hasta el Hospital Regional Pasteur, donde personal m\u00e9dico de turno posteriormente estableci\u00f3 el grado de lesiones; el mismo result\u00f3 con traumatismo de cr\u00e1neo moderado, sin embargo en raz\u00f3n de la delicadeza de la misma fue internado en \u00e1rea de UTI y posteriormente, en horas de la tarde, evolucion\u00f3 de manera desfavorable por lo que se debi\u00f3 intervenir con asistencia respiratoria mec\u00e1nica en horas de la tarde, resultando entonces con \u201cLesiones Graves\u201d con pron\u00f3stico reservado.<\/p>\n\n\n\n<p>Se labran actuaciones a disposici\u00f3n de la Fiscal\u00eda de Instrucci\u00f3n de Primer Turno a cargo de la Dra. Silvia Maldonado, Sec. Dra. Dalila Alcala.<\/p>\n","protected":false},"excerpt":{"rendered":"<p>Siendo aproximadamente las 03:35 horas de la v\u00edspera, personal de la Patrulla Preventiva se constituy\u00f3 en calle H. Irigoyen al 100 de esta ciudad de Villa Mar\u00eda, donde hubo un accidente de tr\u00e1nsito en el que por causas a establecer un motociclista de 40 a\u00f1os de edad perdi\u00f3 el control de su rodado, una motocicleta [&hellip;]<\/p>\n","protected":false},"author":4,"featured_media":38258,"comment_status":"open","ping_status":"open","sticky":false,"template":"","format":"standard","meta":{"site-sidebar-layout":"default","site-content-layout":"","ast-site-content-layout":"default","site-content-style":"default","site-sidebar-style":"default","ast-global-header-display":"","ast-banner-title-visibility":"","ast-main-header-display":"","ast-hfb-above-header-display":"","ast-hfb-below-header-display":"","ast-hfb-mobile-header-display":"","site-post-title":"","ast-breadcrumbs-content":"","ast-featured-img":"","footer-sml-layout":"","ast-disable-related-posts":"","theme-transparent-header-meta":"","adv-header-id-meta":"","stick-header-meta":"","header-above-stick-meta":"","header-main-stick-meta":"","header-below-stick-meta":"","astra-migrate-meta-layouts":"set","ast-page-background-enabled":"default","ast-page-background-meta":{"desktop":{"background-color":"","background-image":"","background-repeat":"repeat","background-position":"center center","background-size":"auto","background-attachment":"scroll","background-type":"","background-media":"","overlay-type":"","overlay-color":"","overlay-opacity":"","overlay-gradient":""},"tablet":{"background-color":"","background-image":"","background-repeat":"repeat","background-position":"center center","background-size":"auto","background-attachment":"scroll","background-type":"","background-media":"","overlay-type":"","overlay-color":"","overlay-opacity":"","overlay-gradient":""},"mobile":{"background-color":"","background-image":"","background-repeat":"repeat","background-position":"center center","background-size":"auto","background-attachment":"scroll","background-type":"","background-media":"","overlay-type":"","overlay-color":"","overlay-opacity":"","overlay-gradient":""}},"ast-content-background-meta":{"desktop":{"background-color":"var(--ast-global-color-5)","background-image":"","background-repeat":"repeat","background-position":"center center","background-size":"auto","background-attachment":"scroll","background-type":"","background-media":"","overlay-type":"","overlay-color":"","overlay-opacity":"","overlay-gradient":""},"tablet":{"background-color":"var(--ast-global-color-5)","background-image":"","background-repeat":"repeat","background-position":"center center","background-size":"auto","background-attachment":"scroll","background-type":"","background-media":"","overlay-type":"","overlay-color":"","overlay-opacity":"","overlay-gradient":""},"mobile":{"background-color":"var(--ast-global-color-5)","background-image":"","background-repeat":"repeat","background-position":"center center","background-size":"auto","background-attachment":"scroll","background-type":"","background-media":"","overlay-type":"","overlay-color":"","overlay-opacity":"","overlay-gradient":""}},"_jetpack_memberships_contains_paid_content":false,"_joinchat":[],"footnotes":""},"categories":[15302,2234,1],"tags":[],"class_list":["post-101871","post","type-post","status-publish","format-standard","has-post-thumbnail","hentry","category-destacado","category-policiales","category-sin-categoria"],"yoast_head":"<!-- This site is optimized with the Yoast SEO plugin v26.8 - https:\/\/yoast.com\/product\/yoast-seo-wordpress\/ -->\n<title>Un fuerte accidente tr\u00e1nsito dej\u00f3 a un motociclista de 40 a\u00f1os con traumatismo de cr\u00e1neo en el Hospital Pasteur - El Regional<\/title>\n<meta name=\"robots\" content=\"index, follow, max-snippet:-1, max-image-preview:large, max-video-preview:-1\" \/>\n<link rel=\"canonical\" href=\"https:\/\/elregionalvm.com.ar\/noticias-villa-maria\/un-fuerte-accidente-transito-dejo-a-un-motociclista-de-40-anos-con-traumatismo-de-craneo-en-el-hospital-pasteur\/\" \/>\n<meta property=\"og:locale\" content=\"es_ES\" \/>\n<meta property=\"og:type\" content=\"article\" \/>\n<meta property=\"og:title\" content=\"Un fuerte accidente tr\u00e1nsito dej\u00f3 a un motociclista de 40 a\u00f1os con traumatismo de cr\u00e1neo en el Hospital Pasteur - El Regional\" \/>\n<meta property=\"og:description\" content=\"Siendo aproximadamente las 03:35 horas de la v\u00edspera, personal de la Patrulla Preventiva se constituy\u00f3 en calle H. Irigoyen al 100 de esta ciudad de Villa Mar\u00eda, donde hubo un accidente de tr\u00e1nsito en el que por causas a establecer un motociclista de 40 a\u00f1os de edad perdi\u00f3 el control de su rodado, una motocicleta [&hellip;]\" \/>\n<meta property=\"og:url\" content=\"https:\/\/elregionalvm.com.ar\/noticias-villa-maria\/un-fuerte-accidente-transito-dejo-a-un-motociclista-de-40-anos-con-traumatismo-de-craneo-en-el-hospital-pasteur\/\" \/>\n<meta property=\"og:site_name\" content=\"El Regional\" \/>\n<meta property=\"article:publisher\" content=\"https:\/\/www.facebook.com\/elregionalvm\" \/>\n<meta property=\"article:published_time\" content=\"2024-12-23T15:41:54+00:00\" \/>\n<meta property=\"article:modified_time\" content=\"2024-12-29T16:59:08+00:00\" \/>\n<meta property=\"og:image\" content=\"https:\/\/elregionalvm.com.ar\/noticias-villa-maria\/wp-content\/uploads\/2021\/05\/Ambulancias-en-espera-Hospital-Pasteur.jpg\" \/>\n\t<meta property=\"og:image:width\" content=\"1032\" \/>\n\t<meta property=\"og:image:height\" content=\"623\" \/>\n\t<meta property=\"og:image:type\" content=\"image\/jpeg\" \/>\n<meta name=\"author\" content=\"Contenidos El Regional\" \/>\n<meta name=\"twitter:card\" content=\"summary_large_image\" \/>\n<meta name=\"twitter:creator\" content=\"@elregionalvm1\" \/>\n<meta name=\"twitter:site\" content=\"@elregionalvm1\" \/>\n<meta name=\"twitter:label1\" content=\"Escrito por\" \/>\n\t<meta name=\"twitter:data1\" content=\"Contenidos El Regional\" \/>\n\t<meta name=\"twitter:label2\" content=\"Tiempo de lectura\" \/>\n\t<meta name=\"twitter:data2\" content=\"1 minuto\" \/>\n<script type=\"application\/ld+json\" class=\"yoast-schema-graph\">{\"@context\":\"https:\/\/schema.org\",\"@graph\":[{\"@type\":\"Article\",\"@id\":\"https:\/\/elregionalvm.com.ar\/noticias-villa-maria\/un-fuerte-accidente-transito-dejo-a-un-motociclista-de-40-anos-con-traumatismo-de-craneo-en-el-hospital-pasteur\/#article\",\"isPartOf\":{\"@id\":\"https:\/\/elregionalvm.com.ar\/noticias-villa-maria\/un-fuerte-accidente-transito-dejo-a-un-motociclista-de-40-anos-con-traumatismo-de-craneo-en-el-hospital-pasteur\/\"},\"author\":{\"name\":\"Contenidos El Regional\",\"@id\":\"http:\/\/elregionalvm.com.ar\/noticias-villa-maria\/#\/schema\/person\/a0fb9c422317faca23d50163151bc354\"},\"headline\":\"Un fuerte accidente tr\u00e1nsito dej\u00f3 a un motociclista de 40 a\u00f1os con traumatismo de cr\u00e1neo en el Hospital Pasteur\",\"datePublished\":\"2024-12-23T15:41:54+00:00\",\"dateModified\":\"2024-12-29T16:59:08+00:00\",\"mainEntityOfPage\":{\"@id\":\"https:\/\/elregionalvm.com.ar\/noticias-villa-maria\/un-fuerte-accidente-transito-dejo-a-un-motociclista-de-40-anos-con-traumatismo-de-craneo-en-el-hospital-pasteur\/\"},\"wordCount\":208,\"commentCount\":0,\"image\":{\"@id\":\"https:\/\/elregionalvm.com.ar\/noticias-villa-maria\/un-fuerte-accidente-transito-dejo-a-un-motociclista-de-40-anos-con-traumatismo-de-craneo-en-el-hospital-pasteur\/#primaryimage\"},\"thumbnailUrl\":\"https:\/\/i0.wp.com\/elregionalvm.com.ar\/noticias-villa-maria\/wp-content\/uploads\/2021\/05\/Ambulancias-en-espera-Hospital-Pasteur.jpg?fit=1032%2C623&ssl=1\",\"articleSection\":[\"destacado\",\"Policiales\"],\"inLanguage\":\"es\",\"potentialAction\":[{\"@type\":\"CommentAction\",\"name\":\"Comment\",\"target\":[\"https:\/\/elregionalvm.com.ar\/noticias-villa-maria\/un-fuerte-accidente-transito-dejo-a-un-motociclista-de-40-anos-con-traumatismo-de-craneo-en-el-hospital-pasteur\/#respond\"]}]},{\"@type\":\"WebPage\",\"@id\":\"https:\/\/elregionalvm.com.ar\/noticias-villa-maria\/un-fuerte-accidente-transito-dejo-a-un-motociclista-de-40-anos-con-traumatismo-de-craneo-en-el-hospital-pasteur\/\",\"url\":\"https:\/\/elregionalvm.com.ar\/noticias-villa-maria\/un-fuerte-accidente-transito-dejo-a-un-motociclista-de-40-anos-con-traumatismo-de-craneo-en-el-hospital-pasteur\/\",\"name\":\"Un fuerte accidente tr\u00e1nsito dej\u00f3 a un motociclista de 40 a\u00f1os con traumatismo de cr\u00e1neo en el Hospital Pasteur - El Regional\",\"isPartOf\":{\"@id\":\"http:\/\/elregionalvm.com.ar\/noticias-villa-maria\/#website\"},\"primaryImageOfPage\":{\"@id\":\"https:\/\/elregionalvm.com.ar\/noticias-villa-maria\/un-fuerte-accidente-transito-dejo-a-un-motociclista-de-40-anos-con-traumatismo-de-craneo-en-el-hospital-pasteur\/#primaryimage\"},\"image\":{\"@id\":\"https:\/\/elregionalvm.com.ar\/noticias-villa-maria\/un-fuerte-accidente-transito-dejo-a-un-motociclista-de-40-anos-con-traumatismo-de-craneo-en-el-hospital-pasteur\/#primaryimage\"},\"thumbnailUrl\":\"https:\/\/i0.wp.com\/elregionalvm.com.ar\/noticias-villa-maria\/wp-content\/uploads\/2021\/05\/Ambulancias-en-espera-Hospital-Pasteur.jpg?fit=1032%2C623&ssl=1\",\"datePublished\":\"2024-12-23T15:41:54+00:00\",\"dateModified\":\"2024-12-29T16:59:08+00:00\",\"author\":{\"@id\":\"http:\/\/elregionalvm.com.ar\/noticias-villa-maria\/#\/schema\/person\/a0fb9c422317faca23d50163151bc354\"},\"breadcrumb\":{\"@id\":\"https:\/\/elregionalvm.com.ar\/noticias-villa-maria\/un-fuerte-accidente-transito-dejo-a-un-motociclista-de-40-anos-con-traumatismo-de-craneo-en-el-hospital-pasteur\/#breadcrumb\"},\"inLanguage\":\"es\",\"potentialAction\":[{\"@type\":\"ReadAction\",\"target\":[\"https:\/\/elregionalvm.com.ar\/noticias-villa-maria\/un-fuerte-accidente-transito-dejo-a-un-motociclista-de-40-anos-con-traumatismo-de-craneo-en-el-hospital-pasteur\/\"]}]},{\"@type\":\"ImageObject\",\"inLanguage\":\"es\",\"@id\":\"https:\/\/elregionalvm.com.ar\/noticias-villa-maria\/un-fuerte-accidente-transito-dejo-a-un-motociclista-de-40-anos-con-traumatismo-de-craneo-en-el-hospital-pasteur\/#primaryimage\",\"url\":\"https:\/\/i0.wp.com\/elregionalvm.com.ar\/noticias-villa-maria\/wp-content\/uploads\/2021\/05\/Ambulancias-en-espera-Hospital-Pasteur.jpg?fit=1032%2C623&ssl=1\",\"contentUrl\":\"https:\/\/i0.wp.com\/elregionalvm.com.ar\/noticias-villa-maria\/wp-content\/uploads\/2021\/05\/Ambulancias-en-espera-Hospital-Pasteur.jpg?fit=1032%2C623&ssl=1\",\"width\":1032,\"height\":623},{\"@type\":\"BreadcrumbList\",\"@id\":\"https:\/\/elregionalvm.com.ar\/noticias-villa-maria\/un-fuerte-accidente-transito-dejo-a-un-motociclista-de-40-anos-con-traumatismo-de-craneo-en-el-hospital-pasteur\/#breadcrumb\",\"itemListElement\":[{\"@type\":\"ListItem\",\"position\":1,\"name\":\"Portada\",\"item\":\"https:\/\/elregionalvm.com.ar\/noticias-villa-maria\/\"},{\"@type\":\"ListItem\",\"position\":2,\"name\":\"Un fuerte accidente tr\u00e1nsito dej\u00f3 a un motociclista de 40 a\u00f1os con traumatismo de cr\u00e1neo en el Hospital Pasteur\"}]},{\"@type\":\"WebSite\",\"@id\":\"http:\/\/elregionalvm.com.ar\/noticias-villa-maria\/#website\",\"url\":\"http:\/\/elregionalvm.com.ar\/noticias-villa-maria\/\",\"name\":\"El Regional\",\"description\":\"Mucho m\u00e1s que informaci\u00f3n\",\"potentialAction\":[{\"@type\":\"SearchAction\",\"target\":{\"@type\":\"EntryPoint\",\"urlTemplate\":\"http:\/\/elregionalvm.com.ar\/noticias-villa-maria\/?s={search_term_string}\"},\"query-input\":{\"@type\":\"PropertyValueSpecification\",\"valueRequired\":true,\"valueName\":\"search_term_string\"}}],\"inLanguage\":\"es\"},{\"@type\":\"Person\",\"@id\":\"http:\/\/elregionalvm.com.ar\/noticias-villa-maria\/#\/schema\/person\/a0fb9c422317faca23d50163151bc354\",\"name\":\"Contenidos El Regional\",\"image\":{\"@type\":\"ImageObject\",\"inLanguage\":\"es\",\"@id\":\"http:\/\/elregionalvm.com.ar\/noticias-villa-maria\/#\/schema\/person\/image\/\",\"url\":\"https:\/\/secure.gravatar.com\/avatar\/265b27cb2209af7bb3a1318f03305787d7981a5cc6e6cd08fe5a4ecdf99d4b48?s=96&d=mm&r=g\",\"contentUrl\":\"https:\/\/secure.gravatar.com\/avatar\/265b27cb2209af7bb3a1318f03305787d7981a5cc6e6cd08fe5a4ecdf99d4b48?s=96&d=mm&r=g\",\"caption\":\"Contenidos El Regional\"},\"url\":\"https:\/\/elregionalvm.com.ar\/noticias-villa-maria\/author\/contenido\/\"}]}<\/script>\n<!-- \/ Yoast SEO plugin. -->","yoast_head_json":{"title":"Un fuerte accidente tr\u00e1nsito dej\u00f3 a un motociclista de 40 a\u00f1os con traumatismo de cr\u00e1neo en el Hospital Pasteur - El Regional","robots":{"index":"index","follow":"follow","max-snippet":"max-snippet:-1","max-image-preview":"max-image-preview:large","max-video-preview":"max-video-preview:-1"},"canonical":"https:\/\/elregionalvm.com.ar\/noticias-villa-maria\/un-fuerte-accidente-transito-dejo-a-un-motociclista-de-40-anos-con-traumatismo-de-craneo-en-el-hospital-pasteur\/","og_locale":"es_ES","og_type":"article","og_title":"Un fuerte accidente tr\u00e1nsito dej\u00f3 a un motociclista de 40 a\u00f1os con traumatismo de cr\u00e1neo en el Hospital Pasteur - El Regional","og_description":"Siendo aproximadamente las 03:35 horas de la v\u00edspera, personal de la Patrulla Preventiva se constituy\u00f3 en calle H. Irigoyen al 100 de esta ciudad de Villa Mar\u00eda, donde hubo un accidente de tr\u00e1nsito en el que por causas a establecer un motociclista de 40 a\u00f1os de edad perdi\u00f3 el control de su rodado, una motocicleta [&hellip;]","og_url":"https:\/\/elregionalvm.com.ar\/noticias-villa-maria\/un-fuerte-accidente-transito-dejo-a-un-motociclista-de-40-anos-con-traumatismo-de-craneo-en-el-hospital-pasteur\/","og_site_name":"El Regional","article_publisher":"https:\/\/www.facebook.com\/elregionalvm","article_published_time":"2024-12-23T15:41:54+00:00","article_modified_time":"2024-12-29T16:59:08+00:00","og_image":[{"width":1032,"height":623,"url":"https:\/\/elregionalvm.com.ar\/noticias-villa-maria\/wp-content\/uploads\/2021\/05\/Ambulancias-en-espera-Hospital-Pasteur.jpg","type":"image\/jpeg"}],"author":"Contenidos El Regional","twitter_card":"summary_large_image","twitter_creator":"@elregionalvm1","twitter_site":"@elregionalvm1","twitter_misc":{"Escrito por":"Contenidos El Regional","Tiempo de lectura":"1 minuto"},"schema":{"@context":"https:\/\/schema.org","@graph":[{"@type":"Article","@id":"https:\/\/elregionalvm.com.ar\/noticias-villa-maria\/un-fuerte-accidente-transito-dejo-a-un-motociclista-de-40-anos-con-traumatismo-de-craneo-en-el-hospital-pasteur\/#article","isPartOf":{"@id":"https:\/\/elregionalvm.com.ar\/noticias-villa-maria\/un-fuerte-accidente-transito-dejo-a-un-motociclista-de-40-anos-con-traumatismo-de-craneo-en-el-hospital-pasteur\/"},"author":{"name":"Contenidos El Regional","@id":"http:\/\/elregionalvm.com.ar\/noticias-villa-maria\/#\/schema\/person\/a0fb9c422317faca23d50163151bc354"},"headline":"Un fuerte accidente tr\u00e1nsito dej\u00f3 a un motociclista de 40 a\u00f1os con traumatismo de cr\u00e1neo en el Hospital Pasteur","datePublished":"2024-12-23T15:41:54+00:00","dateModified":"2024-12-29T16:59:08+00:00","mainEntityOfPage":{"@id":"https:\/\/elregionalvm.com.ar\/noticias-villa-maria\/un-fuerte-accidente-transito-dejo-a-un-motociclista-de-40-anos-con-traumatismo-de-craneo-en-el-hospital-pasteur\/"},"wordCount":208,"commentCount":0,"image":{"@id":"https:\/\/elregionalvm.com.ar\/noticias-villa-maria\/un-fuerte-accidente-transito-dejo-a-un-motociclista-de-40-anos-con-traumatismo-de-craneo-en-el-hospital-pasteur\/#primaryimage"},"thumbnailUrl":"https:\/\/i0.wp.com\/elregionalvm.com.ar\/noticias-villa-maria\/wp-content\/uploads\/2021\/05\/Ambulancias-en-espera-Hospital-Pasteur.jpg?fit=1032%2C623&ssl=1","articleSection":["destacado","Policiales"],"inLanguage":"es","potentialAction":[{"@type":"CommentAction","name":"Comment","target":["https:\/\/elregionalvm.com.ar\/noticias-villa-maria\/un-fuerte-accidente-transito-dejo-a-un-motociclista-de-40-anos-con-traumatismo-de-craneo-en-el-hospital-pasteur\/#respond"]}]},{"@type":"WebPage","@id":"https:\/\/elregionalvm.com.ar\/noticias-villa-maria\/un-fuerte-accidente-transito-dejo-a-un-motociclista-de-40-anos-con-traumatismo-de-craneo-en-el-hospital-pasteur\/","url":"https:\/\/elregionalvm.com.ar\/noticias-villa-maria\/un-fuerte-accidente-transito-dejo-a-un-motociclista-de-40-anos-con-traumatismo-de-craneo-en-el-hospital-pasteur\/","name":"Un fuerte accidente tr\u00e1nsito dej\u00f3 a un motociclista de 40 a\u00f1os con traumatismo de cr\u00e1neo en el Hospital Pasteur - El Regional","isPartOf":{"@id":"http:\/\/elregionalvm.com.ar\/noticias-villa-maria\/#website"},"primaryImageOfPage":{"@id":"https:\/\/elregionalvm.com.ar\/noticias-villa-maria\/un-fuerte-accidente-transito-dejo-a-un-motociclista-de-40-anos-con-traumatismo-de-craneo-en-el-hospital-pasteur\/#primaryimage"},"image":{"@id":"https:\/\/elregionalvm.com.ar\/noticias-villa-maria\/un-fuerte-accidente-transito-dejo-a-un-motociclista-de-40-anos-con-traumatismo-de-craneo-en-el-hospital-pasteur\/#primaryimage"},"thumbnailUrl":"https:\/\/i0.wp.com\/elregionalvm.com.ar\/noticias-villa-maria\/wp-content\/uploads\/2021\/05\/Ambulancias-en-espera-Hospital-Pasteur.jpg?fit=1032%2C623&ssl=1","datePublished":"2024-12-23T15:41:54+00:00","dateModified":"2024-12-29T16:59:08+00:00","author":{"@id":"http:\/\/elregionalvm.com.ar\/noticias-villa-maria\/#\/schema\/person\/a0fb9c422317faca23d50163151bc354"},"breadcrumb":{"@id":"https:\/\/elregionalvm.com.ar\/noticias-villa-maria\/un-fuerte-accidente-transito-dejo-a-un-motociclista-de-40-anos-con-traumatismo-de-craneo-en-el-hospital-pasteur\/#breadcrumb"},"inLanguage":"es","potentialAction":[{"@type":"ReadAction","target":["https:\/\/elregionalvm.com.ar\/noticias-villa-maria\/un-fuerte-accidente-transito-dejo-a-un-motociclista-de-40-anos-con-traumatismo-de-craneo-en-el-hospital-pasteur\/"]}]},{"@type":"ImageObject","inLanguage":"es","@id":"https:\/\/elregionalvm.com.ar\/noticias-villa-maria\/un-fuerte-accidente-transito-dejo-a-un-motociclista-de-40-anos-con-traumatismo-de-craneo-en-el-hospital-pasteur\/#primaryimage","url":"https:\/\/i0.wp.com\/elregionalvm.com.ar\/noticias-villa-maria\/wp-content\/uploads\/2021\/05\/Ambulancias-en-espera-Hospital-Pasteur.jpg?fit=1032%2C623&ssl=1","contentUrl":"https:\/\/i0.wp.com\/elregionalvm.com.ar\/noticias-villa-maria\/wp-content\/uploads\/2021\/05\/Ambulancias-en-espera-Hospital-Pasteur.jpg?fit=1032%2C623&ssl=1","width":1032,"height":623},{"@type":"BreadcrumbList","@id":"https:\/\/elregionalvm.com.ar\/noticias-villa-maria\/un-fuerte-accidente-transito-dejo-a-un-motociclista-de-40-anos-con-traumatismo-de-craneo-en-el-hospital-pasteur\/#breadcrumb","itemListElement":[{"@type":"ListItem","position":1,"name":"Portada","item":"https:\/\/elregionalvm.com.ar\/noticias-villa-maria\/"},{"@type":"ListItem","position":2,"name":"Un fuerte accidente tr\u00e1nsito dej\u00f3 a un motociclista de 40 a\u00f1os con traumatismo de cr\u00e1neo en el Hospital Pasteur"}]},{"@type":"WebSite","@id":"http:\/\/elregionalvm.com.ar\/noticias-villa-maria\/#website","url":"http:\/\/elregionalvm.com.ar\/noticias-villa-maria\/","name":"El Regional","description":"Mucho m\u00e1s que informaci\u00f3n","potentialAction":[{"@type":"SearchAction","target":{"@type":"EntryPoint","urlTemplate":"http:\/\/elregionalvm.com.ar\/noticias-villa-maria\/?s={search_term_string}"},"query-input":{"@type":"PropertyValueSpecification","valueRequired":true,"valueName":"search_term_string"}}],"inLanguage":"es"},{"@type":"Person","@id":"http:\/\/elregionalvm.com.ar\/noticias-villa-maria\/#\/schema\/person\/a0fb9c422317faca23d50163151bc354","name":"Contenidos El Regional","image":{"@type":"ImageObject","inLanguage":"es","@id":"http:\/\/elregionalvm.com.ar\/noticias-villa-maria\/#\/schema\/person\/image\/","url":"https:\/\/secure.gravatar.com\/avatar\/265b27cb2209af7bb3a1318f03305787d7981a5cc6e6cd08fe5a4ecdf99d4b48?s=96&d=mm&r=g","contentUrl":"https:\/\/secure.gravatar.com\/avatar\/265b27cb2209af7bb3a1318f03305787d7981a5cc6e6cd08fe5a4ecdf99d4b48?s=96&d=mm&r=g","caption":"Contenidos El Regional"},"url":"https:\/\/elregionalvm.com.ar\/noticias-villa-maria\/author\/contenido\/"}]}},"jetpack_featured_media_url":"https:\/\/i0.wp.com\/elregionalvm.com.ar\/noticias-villa-maria\/wp-content\/uploads\/2021\/05\/Ambulancias-en-espera-Hospital-Pasteur.jpg?fit=1032%2C623&ssl=1","jetpack_sharing_enabled":true,"_links":{"self":[{"href":"https:\/\/elregionalvm.com.ar\/noticias-villa-maria\/wp-json\/wp\/v2\/posts\/101871","targetHints":{"allow":["GET"]}}],"collection":[{"href":"https:\/\/elregionalvm.com.ar\/noticias-villa-maria\/wp-json\/wp\/v2\/posts"}],"about":[{"href":"https:\/\/elregionalvm.com.ar\/noticias-villa-maria\/wp-json\/wp\/v2\/types\/post"}],"author":[{"embeddable":true,"href":"https:\/\/elregionalvm.com.ar\/noticias-villa-maria\/wp-json\/wp\/v2\/users\/4"}],"replies":[{"embeddable":true,"href":"https:\/\/elregionalvm.com.ar\/noticias-villa-maria\/wp-json\/wp\/v2\/comments?post=101871"}],"version-history":[{"count":1,"href":"https:\/\/elregionalvm.com.ar\/noticias-villa-maria\/wp-json\/wp\/v2\/posts\/101871\/revisions"}],"predecessor-version":[{"id":101872,"href":"https:\/\/elregionalvm.com.ar\/noticias-villa-maria\/wp-json\/wp\/v2\/posts\/101871\/revisions\/101872"}],"wp:featuredmedia":[{"embeddable":true,"href":"https:\/\/elregionalvm.com.ar\/noticias-villa-maria\/wp-json\/wp\/v2\/media\/38258"}],"wp:attachment":[{"href":"https:\/\/elregionalvm.com.ar\/noticias-villa-maria\/wp-json\/wp\/v2\/media?parent=101871"}],"wp:term":[{"taxonomy":"category","embeddable":true,"href":"https:\/\/elregionalvm.com.ar\/noticias-villa-maria\/wp-json\/wp\/v2\/categories?post=101871"},{"taxonomy":"post_tag","embeddable":true,"href":"https:\/\/elregionalvm.com.ar\/noticias-villa-maria\/wp-json\/wp\/v2\/tags?post=101871"}],"curies":[{"name":"wp","href":"https:\/\/api.w.org\/{rel}","templated":true}]}}