{"id":101877,"date":"2024-12-23T15:51:19","date_gmt":"2024-12-23T15:51:19","guid":{"rendered":"https:\/\/elregionalvm.com.ar\/noticias-villa-maria\/?p=101877"},"modified":"2024-12-23T15:51:20","modified_gmt":"2024-12-23T15:51:20","slug":"villa-nueva-presento-la-edicion-2025-de-los-carnavales-gigantes","status":"publish","type":"post","link":"https:\/\/elregionalvm.com.ar\/noticias-villa-maria\/villa-nueva-presento-la-edicion-2025-de-los-carnavales-gigantes\/","title":{"rendered":"Villa Nueva present\u00f3 la edici\u00f3n 2025 de los Carnavales Gigantes"},"content":{"rendered":"\n<p>Anoche, la Municipalidad de Villa Nueva present\u00f3 oficialmente la edici\u00f3n 2025 de los Carnavales Gigantes, que se llevar\u00e1n a cabo del 20 al 26 de enero en nuestra ciudad. El evento cont\u00f3 con la presencia de la Comisi\u00f3n Organizadora de los Carnavales, representantes de los barrios y destacados pasistas, quienes ofrecieron un adelanto de lo que ser\u00e1 esta gran celebraci\u00f3n y a su vez se revelo el tema que cada barrio mostrara en la fiesta. Mexico, Inmortal (Los Olmos), Avatar (Sarmiento), Atlantis y la reina del Mar (Malvinas), Intensamente (Residencial Am\u00e9rica), Ritmo Musicales (Florida)<\/p>\n\n\n\n<figure class=\"wp-block-image size-large\"><img data-recalc-dims=\"1\" fetchpriority=\"high\" decoding=\"async\" width=\"1024\" height=\"768\" src=\"https:\/\/i0.wp.com\/elregionalvm.com.ar\/noticias-villa-maria\/wp-content\/uploads\/2024\/12\/WhatsApp-Image-2024-12-23-at-12.12.09-PM.jpeg?resize=1024%2C768&#038;ssl=1\" alt=\"\" class=\"wp-image-101879\" srcset=\"https:\/\/i0.wp.com\/elregionalvm.com.ar\/noticias-villa-maria\/wp-content\/uploads\/2024\/12\/WhatsApp-Image-2024-12-23-at-12.12.09-PM-scaled.jpeg?resize=1024%2C768&amp;ssl=1 1024w, https:\/\/i0.wp.com\/elregionalvm.com.ar\/noticias-villa-maria\/wp-content\/uploads\/2024\/12\/WhatsApp-Image-2024-12-23-at-12.12.09-PM-scaled.jpeg?resize=300%2C225&amp;ssl=1 300w, https:\/\/i0.wp.com\/elregionalvm.com.ar\/noticias-villa-maria\/wp-content\/uploads\/2024\/12\/WhatsApp-Image-2024-12-23-at-12.12.09-PM-scaled.jpeg?resize=768%2C576&amp;ssl=1 768w, https:\/\/i0.wp.com\/elregionalvm.com.ar\/noticias-villa-maria\/wp-content\/uploads\/2024\/12\/WhatsApp-Image-2024-12-23-at-12.12.09-PM-scaled.jpeg?resize=1536%2C1152&amp;ssl=1 1536w, https:\/\/i0.wp.com\/elregionalvm.com.ar\/noticias-villa-maria\/wp-content\/uploads\/2024\/12\/WhatsApp-Image-2024-12-23-at-12.12.09-PM-scaled.jpeg?resize=2048%2C1536&amp;ssl=1 2048w\" sizes=\"(max-width: 1000px) 100vw, 1000px\" \/><\/figure>\n\n\n\n<p>El Intendente Ignacio Tagni particip\u00f3 de la presentaci\u00f3n, destacando la relevancia de los Carnavales como una de las fiestas m\u00e1s importantes del a\u00f1o en Argentina, y subray\u00f3 el compromiso de la comunidad en esta celebraci\u00f3n que reafirma la identidad de Villa Nueva y de toda la regi\u00f3n.<\/p>\n\n\n\n<p>Con 38 a\u00f1os de historia, esta celebraci\u00f3n ha sabido consolidarse como un s\u00edmbolo de la ciudad, con vecinos que han estado involucrados desde sus comienzos. Cada a\u00f1o, el compromiso crece: los barrios trabajan durante todo el a\u00f1o en la puesta en escena, la confecci\u00f3n de vestuarios, la organizaci\u00f3n musical de las comparsas, las coreograf\u00edas y cada detalle que hace a la magnitud de esta fiesta. Este 2025, adem\u00e1s, se sumaron tres nuevos barrios, un hecho que refleja c\u00f3mo los Carnavales contin\u00faan engrandeci\u00e9ndose y consolidando su relevancia.<\/p>\n\n\n\n<p>Con un importante marco de p\u00fablico que acompa\u00f1\u00f3 la noche, Villa Nueva dio inicio a la cuenta regresiva hacia una nueva edici\u00f3n de los Carnavales Gigantes. La ciudad se prepara para recibir a miles de personas que disfrutar\u00e1n de una semana llena de m\u00fasica, danza, color y alegr\u00eda.<\/p>\n\n\n\n<p>Los Carnavales Gigantes, una de las festividades m\u00e1s emblem\u00e1ticas de Villa Nueva, reafirman su lugar como un referente cultural y social, proyectando a la ciudad en el calendario nacional de grandes celebraciones.<\/p>\n","protected":false},"excerpt":{"rendered":"<p>Anoche, la Municipalidad de Villa Nueva present\u00f3 oficialmente la edici\u00f3n 2025 de los Carnavales Gigantes, que se llevar\u00e1n a cabo del 20 al 26 de enero en nuestra ciudad. El evento cont\u00f3 con la presencia de la Comisi\u00f3n Organizadora de los Carnavales, representantes de los barrios y destacados pasistas, quienes ofrecieron un adelanto de lo [&hellip;]<\/p>\n","protected":false},"author":4,"featured_media":101878,"comment_status":"open","ping_status":"open","sticky":false,"template":"","format":"standard","meta":{"site-sidebar-layout":"default","site-content-layout":"","ast-site-content-layout":"default","site-content-style":"default","site-sidebar-style":"default","ast-global-header-display":"","ast-banner-title-visibility":"","ast-main-header-display":"","ast-hfb-above-header-display":"","ast-hfb-below-header-display":"","ast-hfb-mobile-header-display":"","site-post-title":"","ast-breadcrumbs-content":"","ast-featured-img":"","footer-sml-layout":"","ast-disable-related-posts":"","theme-transparent-header-meta":"","adv-header-id-meta":"","stick-header-meta":"","header-above-stick-meta":"","header-main-stick-meta":"","header-below-stick-meta":"","astra-migrate-meta-layouts":"set","ast-page-background-enabled":"default","ast-page-background-meta":{"desktop":{"background-color":"","background-image":"","background-repeat":"repeat","background-position":"center center","background-size":"auto","background-attachment":"scroll","background-type":"","background-media":"","overlay-type":"","overlay-color":"","overlay-opacity":"","overlay-gradient":""},"tablet":{"background-color":"","background-image":"","background-repeat":"repeat","background-position":"center center","background-size":"auto","background-attachment":"scroll","background-type":"","background-media":"","overlay-type":"","overlay-color":"","overlay-opacity":"","overlay-gradient":""},"mobile":{"background-color":"","background-image":"","background-repeat":"repeat","background-position":"center center","background-size":"auto","background-attachment":"scroll","background-type":"","background-media":"","overlay-type":"","overlay-color":"","overlay-opacity":"","overlay-gradient":""}},"ast-content-background-meta":{"desktop":{"background-color":"var(--ast-global-color-5)","background-image":"","background-repeat":"repeat","background-position":"center center","background-size":"auto","background-attachment":"scroll","background-type":"","background-media":"","overlay-type":"","overlay-color":"","overlay-opacity":"","overlay-gradient":""},"tablet":{"background-color":"var(--ast-global-color-5)","background-image":"","background-repeat":"repeat","background-position":"center center","background-size":"auto","background-attachment":"scroll","background-type":"","background-media":"","overlay-type":"","overlay-color":"","overlay-opacity":"","overlay-gradient":""},"mobile":{"background-color":"var(--ast-global-color-5)","background-image":"","background-repeat":"repeat","background-position":"center center","background-size":"auto","background-attachment":"scroll","background-type":"","background-media":"","overlay-type":"","overlay-color":"","overlay-opacity":"","overlay-gradient":""}},"_jetpack_memberships_contains_paid_content":false,"_joinchat":[],"footnotes":""},"categories":[2068,15302,5,1408],"tags":[],"class_list":["post-101877","post","type-post","status-publish","format-standard","has-post-thumbnail","hentry","category-cultura-deporte","category-destacado","category-sociedad","category-villa-nueva"],"yoast_head":"<!-- This site is optimized with the Yoast SEO plugin v26.8 - https:\/\/yoast.com\/product\/yoast-seo-wordpress\/ -->\n<title>Villa Nueva present\u00f3 la edici\u00f3n 2025 de los Carnavales Gigantes - El Regional<\/title>\n<meta name=\"robots\" content=\"index, follow, max-snippet:-1, max-image-preview:large, max-video-preview:-1\" \/>\n<link rel=\"canonical\" href=\"https:\/\/elregionalvm.com.ar\/noticias-villa-maria\/villa-nueva-presento-la-edicion-2025-de-los-carnavales-gigantes\/\" \/>\n<meta property=\"og:locale\" content=\"es_ES\" \/>\n<meta property=\"og:type\" content=\"article\" \/>\n<meta property=\"og:title\" content=\"Villa Nueva present\u00f3 la edici\u00f3n 2025 de los Carnavales Gigantes - El Regional\" \/>\n<meta property=\"og:description\" content=\"Anoche, la Municipalidad de Villa Nueva present\u00f3 oficialmente la edici\u00f3n 2025 de los Carnavales Gigantes, que se llevar\u00e1n a cabo del 20 al 26 de enero en nuestra ciudad. El evento cont\u00f3 con la presencia de la Comisi\u00f3n Organizadora de los Carnavales, representantes de los barrios y destacados pasistas, quienes ofrecieron un adelanto de lo [&hellip;]\" \/>\n<meta property=\"og:url\" content=\"https:\/\/elregionalvm.com.ar\/noticias-villa-maria\/villa-nueva-presento-la-edicion-2025-de-los-carnavales-gigantes\/\" \/>\n<meta property=\"og:site_name\" content=\"El Regional\" \/>\n<meta property=\"article:publisher\" content=\"https:\/\/www.facebook.com\/elregionalvm\" \/>\n<meta property=\"article:published_time\" content=\"2024-12-23T15:51:19+00:00\" \/>\n<meta property=\"article:modified_time\" content=\"2024-12-23T15:51:20+00:00\" \/>\n<meta property=\"og:image\" content=\"https:\/\/elregionalvm.com.ar\/noticias-villa-maria\/wp-content\/uploads\/2024\/12\/WhatsApp-Image-2024-12-23-at-12.12.08-PM-scaled.jpeg\" \/>\n\t<meta property=\"og:image:width\" content=\"2560\" \/>\n\t<meta property=\"og:image:height\" content=\"1920\" \/>\n\t<meta property=\"og:image:type\" content=\"image\/jpeg\" \/>\n<meta name=\"author\" content=\"Contenidos El Regional\" \/>\n<meta name=\"twitter:card\" content=\"summary_large_image\" \/>\n<meta name=\"twitter:creator\" content=\"@elregionalvm1\" \/>\n<meta name=\"twitter:site\" content=\"@elregionalvm1\" \/>\n<meta name=\"twitter:label1\" content=\"Escrito por\" \/>\n\t<meta name=\"twitter:data1\" content=\"Contenidos El Regional\" \/>\n\t<meta name=\"twitter:label2\" content=\"Tiempo de lectura\" \/>\n\t<meta name=\"twitter:data2\" content=\"2 minutos\" \/>\n<script type=\"application\/ld+json\" class=\"yoast-schema-graph\">{\"@context\":\"https:\/\/schema.org\",\"@graph\":[{\"@type\":\"Article\",\"@id\":\"https:\/\/elregionalvm.com.ar\/noticias-villa-maria\/villa-nueva-presento-la-edicion-2025-de-los-carnavales-gigantes\/#article\",\"isPartOf\":{\"@id\":\"https:\/\/elregionalvm.com.ar\/noticias-villa-maria\/villa-nueva-presento-la-edicion-2025-de-los-carnavales-gigantes\/\"},\"author\":{\"name\":\"Contenidos El Regional\",\"@id\":\"http:\/\/elregionalvm.com.ar\/noticias-villa-maria\/#\/schema\/person\/a0fb9c422317faca23d50163151bc354\"},\"headline\":\"Villa Nueva present\u00f3 la edici\u00f3n 2025 de los Carnavales Gigantes\",\"datePublished\":\"2024-12-23T15:51:19+00:00\",\"dateModified\":\"2024-12-23T15:51:20+00:00\",\"mainEntityOfPage\":{\"@id\":\"https:\/\/elregionalvm.com.ar\/noticias-villa-maria\/villa-nueva-presento-la-edicion-2025-de-los-carnavales-gigantes\/\"},\"wordCount\":341,\"commentCount\":0,\"image\":{\"@id\":\"https:\/\/elregionalvm.com.ar\/noticias-villa-maria\/villa-nueva-presento-la-edicion-2025-de-los-carnavales-gigantes\/#primaryimage\"},\"thumbnailUrl\":\"https:\/\/i0.wp.com\/elregionalvm.com.ar\/noticias-villa-maria\/wp-content\/uploads\/2024\/12\/WhatsApp-Image-2024-12-23-at-12.12.08-PM-scaled.jpeg?fit=2560%2C1920&ssl=1\",\"articleSection\":[\"Cultura\",\"destacado\",\"Sociedad\",\"Villa Nueva\"],\"inLanguage\":\"es\",\"potentialAction\":[{\"@type\":\"CommentAction\",\"name\":\"Comment\",\"target\":[\"https:\/\/elregionalvm.com.ar\/noticias-villa-maria\/villa-nueva-presento-la-edicion-2025-de-los-carnavales-gigantes\/#respond\"]}]},{\"@type\":\"WebPage\",\"@id\":\"https:\/\/elregionalvm.com.ar\/noticias-villa-maria\/villa-nueva-presento-la-edicion-2025-de-los-carnavales-gigantes\/\",\"url\":\"https:\/\/elregionalvm.com.ar\/noticias-villa-maria\/villa-nueva-presento-la-edicion-2025-de-los-carnavales-gigantes\/\",\"name\":\"Villa Nueva present\u00f3 la edici\u00f3n 2025 de los Carnavales Gigantes - El Regional\",\"isPartOf\":{\"@id\":\"http:\/\/elregionalvm.com.ar\/noticias-villa-maria\/#website\"},\"primaryImageOfPage\":{\"@id\":\"https:\/\/elregionalvm.com.ar\/noticias-villa-maria\/villa-nueva-presento-la-edicion-2025-de-los-carnavales-gigantes\/#primaryimage\"},\"image\":{\"@id\":\"https:\/\/elregionalvm.com.ar\/noticias-villa-maria\/villa-nueva-presento-la-edicion-2025-de-los-carnavales-gigantes\/#primaryimage\"},\"thumbnailUrl\":\"https:\/\/i0.wp.com\/elregionalvm.com.ar\/noticias-villa-maria\/wp-content\/uploads\/2024\/12\/WhatsApp-Image-2024-12-23-at-12.12.08-PM-scaled.jpeg?fit=2560%2C1920&ssl=1\",\"datePublished\":\"2024-12-23T15:51:19+00:00\",\"dateModified\":\"2024-12-23T15:51:20+00:00\",\"author\":{\"@id\":\"http:\/\/elregionalvm.com.ar\/noticias-villa-maria\/#\/schema\/person\/a0fb9c422317faca23d50163151bc354\"},\"breadcrumb\":{\"@id\":\"https:\/\/elregionalvm.com.ar\/noticias-villa-maria\/villa-nueva-presento-la-edicion-2025-de-los-carnavales-gigantes\/#breadcrumb\"},\"inLanguage\":\"es\",\"potentialAction\":[{\"@type\":\"ReadAction\",\"target\":[\"https:\/\/elregionalvm.com.ar\/noticias-villa-maria\/villa-nueva-presento-la-edicion-2025-de-los-carnavales-gigantes\/\"]}]},{\"@type\":\"ImageObject\",\"inLanguage\":\"es\",\"@id\":\"https:\/\/elregionalvm.com.ar\/noticias-villa-maria\/villa-nueva-presento-la-edicion-2025-de-los-carnavales-gigantes\/#primaryimage\",\"url\":\"https:\/\/i0.wp.com\/elregionalvm.com.ar\/noticias-villa-maria\/wp-content\/uploads\/2024\/12\/WhatsApp-Image-2024-12-23-at-12.12.08-PM-scaled.jpeg?fit=2560%2C1920&ssl=1\",\"contentUrl\":\"https:\/\/i0.wp.com\/elregionalvm.com.ar\/noticias-villa-maria\/wp-content\/uploads\/2024\/12\/WhatsApp-Image-2024-12-23-at-12.12.08-PM-scaled.jpeg?fit=2560%2C1920&ssl=1\",\"width\":2560,\"height\":1920},{\"@type\":\"BreadcrumbList\",\"@id\":\"https:\/\/elregionalvm.com.ar\/noticias-villa-maria\/villa-nueva-presento-la-edicion-2025-de-los-carnavales-gigantes\/#breadcrumb\",\"itemListElement\":[{\"@type\":\"ListItem\",\"position\":1,\"name\":\"Portada\",\"item\":\"https:\/\/elregionalvm.com.ar\/noticias-villa-maria\/\"},{\"@type\":\"ListItem\",\"position\":2,\"name\":\"Villa Nueva present\u00f3 la edici\u00f3n 2025 de los Carnavales Gigantes\"}]},{\"@type\":\"WebSite\",\"@id\":\"http:\/\/elregionalvm.com.ar\/noticias-villa-maria\/#website\",\"url\":\"http:\/\/elregionalvm.com.ar\/noticias-villa-maria\/\",\"name\":\"El Regional\",\"description\":\"Mucho m\u00e1s que informaci\u00f3n\",\"potentialAction\":[{\"@type\":\"SearchAction\",\"target\":{\"@type\":\"EntryPoint\",\"urlTemplate\":\"http:\/\/elregionalvm.com.ar\/noticias-villa-maria\/?s={search_term_string}\"},\"query-input\":{\"@type\":\"PropertyValueSpecification\",\"valueRequired\":true,\"valueName\":\"search_term_string\"}}],\"inLanguage\":\"es\"},{\"@type\":\"Person\",\"@id\":\"http:\/\/elregionalvm.com.ar\/noticias-villa-maria\/#\/schema\/person\/a0fb9c422317faca23d50163151bc354\",\"name\":\"Contenidos El Regional\",\"image\":{\"@type\":\"ImageObject\",\"inLanguage\":\"es\",\"@id\":\"http:\/\/elregionalvm.com.ar\/noticias-villa-maria\/#\/schema\/person\/image\/\",\"url\":\"https:\/\/secure.gravatar.com\/avatar\/265b27cb2209af7bb3a1318f03305787d7981a5cc6e6cd08fe5a4ecdf99d4b48?s=96&d=mm&r=g\",\"contentUrl\":\"https:\/\/secure.gravatar.com\/avatar\/265b27cb2209af7bb3a1318f03305787d7981a5cc6e6cd08fe5a4ecdf99d4b48?s=96&d=mm&r=g\",\"caption\":\"Contenidos El Regional\"},\"url\":\"https:\/\/elregionalvm.com.ar\/noticias-villa-maria\/author\/contenido\/\"}]}<\/script>\n<!-- \/ Yoast SEO plugin. -->","yoast_head_json":{"title":"Villa Nueva present\u00f3 la edici\u00f3n 2025 de los Carnavales Gigantes - El Regional","robots":{"index":"index","follow":"follow","max-snippet":"max-snippet:-1","max-image-preview":"max-image-preview:large","max-video-preview":"max-video-preview:-1"},"canonical":"https:\/\/elregionalvm.com.ar\/noticias-villa-maria\/villa-nueva-presento-la-edicion-2025-de-los-carnavales-gigantes\/","og_locale":"es_ES","og_type":"article","og_title":"Villa Nueva present\u00f3 la edici\u00f3n 2025 de los Carnavales Gigantes - El Regional","og_description":"Anoche, la Municipalidad de Villa Nueva present\u00f3 oficialmente la edici\u00f3n 2025 de los Carnavales Gigantes, que se llevar\u00e1n a cabo del 20 al 26 de enero en nuestra ciudad. El evento cont\u00f3 con la presencia de la Comisi\u00f3n Organizadora de los Carnavales, representantes de los barrios y destacados pasistas, quienes ofrecieron un adelanto de lo [&hellip;]","og_url":"https:\/\/elregionalvm.com.ar\/noticias-villa-maria\/villa-nueva-presento-la-edicion-2025-de-los-carnavales-gigantes\/","og_site_name":"El Regional","article_publisher":"https:\/\/www.facebook.com\/elregionalvm","article_published_time":"2024-12-23T15:51:19+00:00","article_modified_time":"2024-12-23T15:51:20+00:00","og_image":[{"width":2560,"height":1920,"url":"https:\/\/elregionalvm.com.ar\/noticias-villa-maria\/wp-content\/uploads\/2024\/12\/WhatsApp-Image-2024-12-23-at-12.12.08-PM-scaled.jpeg","type":"image\/jpeg"}],"author":"Contenidos El Regional","twitter_card":"summary_large_image","twitter_creator":"@elregionalvm1","twitter_site":"@elregionalvm1","twitter_misc":{"Escrito por":"Contenidos El Regional","Tiempo de lectura":"2 minutos"},"schema":{"@context":"https:\/\/schema.org","@graph":[{"@type":"Article","@id":"https:\/\/elregionalvm.com.ar\/noticias-villa-maria\/villa-nueva-presento-la-edicion-2025-de-los-carnavales-gigantes\/#article","isPartOf":{"@id":"https:\/\/elregionalvm.com.ar\/noticias-villa-maria\/villa-nueva-presento-la-edicion-2025-de-los-carnavales-gigantes\/"},"author":{"name":"Contenidos El Regional","@id":"http:\/\/elregionalvm.com.ar\/noticias-villa-maria\/#\/schema\/person\/a0fb9c422317faca23d50163151bc354"},"headline":"Villa Nueva present\u00f3 la edici\u00f3n 2025 de los Carnavales Gigantes","datePublished":"2024-12-23T15:51:19+00:00","dateModified":"2024-12-23T15:51:20+00:00","mainEntityOfPage":{"@id":"https:\/\/elregionalvm.com.ar\/noticias-villa-maria\/villa-nueva-presento-la-edicion-2025-de-los-carnavales-gigantes\/"},"wordCount":341,"commentCount":0,"image":{"@id":"https:\/\/elregionalvm.com.ar\/noticias-villa-maria\/villa-nueva-presento-la-edicion-2025-de-los-carnavales-gigantes\/#primaryimage"},"thumbnailUrl":"https:\/\/i0.wp.com\/elregionalvm.com.ar\/noticias-villa-maria\/wp-content\/uploads\/2024\/12\/WhatsApp-Image-2024-12-23-at-12.12.08-PM-scaled.jpeg?fit=2560%2C1920&ssl=1","articleSection":["Cultura","destacado","Sociedad","Villa Nueva"],"inLanguage":"es","potentialAction":[{"@type":"CommentAction","name":"Comment","target":["https:\/\/elregionalvm.com.ar\/noticias-villa-maria\/villa-nueva-presento-la-edicion-2025-de-los-carnavales-gigantes\/#respond"]}]},{"@type":"WebPage","@id":"https:\/\/elregionalvm.com.ar\/noticias-villa-maria\/villa-nueva-presento-la-edicion-2025-de-los-carnavales-gigantes\/","url":"https:\/\/elregionalvm.com.ar\/noticias-villa-maria\/villa-nueva-presento-la-edicion-2025-de-los-carnavales-gigantes\/","name":"Villa Nueva present\u00f3 la edici\u00f3n 2025 de los Carnavales Gigantes - El Regional","isPartOf":{"@id":"http:\/\/elregionalvm.com.ar\/noticias-villa-maria\/#website"},"primaryImageOfPage":{"@id":"https:\/\/elregionalvm.com.ar\/noticias-villa-maria\/villa-nueva-presento-la-edicion-2025-de-los-carnavales-gigantes\/#primaryimage"},"image":{"@id":"https:\/\/elregionalvm.com.ar\/noticias-villa-maria\/villa-nueva-presento-la-edicion-2025-de-los-carnavales-gigantes\/#primaryimage"},"thumbnailUrl":"https:\/\/i0.wp.com\/elregionalvm.com.ar\/noticias-villa-maria\/wp-content\/uploads\/2024\/12\/WhatsApp-Image-2024-12-23-at-12.12.08-PM-scaled.jpeg?fit=2560%2C1920&ssl=1","datePublished":"2024-12-23T15:51:19+00:00","dateModified":"2024-12-23T15:51:20+00:00","author":{"@id":"http:\/\/elregionalvm.com.ar\/noticias-villa-maria\/#\/schema\/person\/a0fb9c422317faca23d50163151bc354"},"breadcrumb":{"@id":"https:\/\/elregionalvm.com.ar\/noticias-villa-maria\/villa-nueva-presento-la-edicion-2025-de-los-carnavales-gigantes\/#breadcrumb"},"inLanguage":"es","potentialAction":[{"@type":"ReadAction","target":["https:\/\/elregionalvm.com.ar\/noticias-villa-maria\/villa-nueva-presento-la-edicion-2025-de-los-carnavales-gigantes\/"]}]},{"@type":"ImageObject","inLanguage":"es","@id":"https:\/\/elregionalvm.com.ar\/noticias-villa-maria\/villa-nueva-presento-la-edicion-2025-de-los-carnavales-gigantes\/#primaryimage","url":"https:\/\/i0.wp.com\/elregionalvm.com.ar\/noticias-villa-maria\/wp-content\/uploads\/2024\/12\/WhatsApp-Image-2024-12-23-at-12.12.08-PM-scaled.jpeg?fit=2560%2C1920&ssl=1","contentUrl":"https:\/\/i0.wp.com\/elregionalvm.com.ar\/noticias-villa-maria\/wp-content\/uploads\/2024\/12\/WhatsApp-Image-2024-12-23-at-12.12.08-PM-scaled.jpeg?fit=2560%2C1920&ssl=1","width":2560,"height":1920},{"@type":"BreadcrumbList","@id":"https:\/\/elregionalvm.com.ar\/noticias-villa-maria\/villa-nueva-presento-la-edicion-2025-de-los-carnavales-gigantes\/#breadcrumb","itemListElement":[{"@type":"ListItem","position":1,"name":"Portada","item":"https:\/\/elregionalvm.com.ar\/noticias-villa-maria\/"},{"@type":"ListItem","position":2,"name":"Villa Nueva present\u00f3 la edici\u00f3n 2025 de los Carnavales Gigantes"}]},{"@type":"WebSite","@id":"http:\/\/elregionalvm.com.ar\/noticias-villa-maria\/#website","url":"http:\/\/elregionalvm.com.ar\/noticias-villa-maria\/","name":"El Regional","description":"Mucho m\u00e1s que informaci\u00f3n","potentialAction":[{"@type":"SearchAction","target":{"@type":"EntryPoint","urlTemplate":"http:\/\/elregionalvm.com.ar\/noticias-villa-maria\/?s={search_term_string}"},"query-input":{"@type":"PropertyValueSpecification","valueRequired":true,"valueName":"search_term_string"}}],"inLanguage":"es"},{"@type":"Person","@id":"http:\/\/elregionalvm.com.ar\/noticias-villa-maria\/#\/schema\/person\/a0fb9c422317faca23d50163151bc354","name":"Contenidos El Regional","image":{"@type":"ImageObject","inLanguage":"es","@id":"http:\/\/elregionalvm.com.ar\/noticias-villa-maria\/#\/schema\/person\/image\/","url":"https:\/\/secure.gravatar.com\/avatar\/265b27cb2209af7bb3a1318f03305787d7981a5cc6e6cd08fe5a4ecdf99d4b48?s=96&d=mm&r=g","contentUrl":"https:\/\/secure.gravatar.com\/avatar\/265b27cb2209af7bb3a1318f03305787d7981a5cc6e6cd08fe5a4ecdf99d4b48?s=96&d=mm&r=g","caption":"Contenidos El Regional"},"url":"https:\/\/elregionalvm.com.ar\/noticias-villa-maria\/author\/contenido\/"}]}},"jetpack_featured_media_url":"https:\/\/i0.wp.com\/elregionalvm.com.ar\/noticias-villa-maria\/wp-content\/uploads\/2024\/12\/WhatsApp-Image-2024-12-23-at-12.12.08-PM-scaled.jpeg?fit=2560%2C1920&ssl=1","jetpack_sharing_enabled":true,"_links":{"self":[{"href":"https:\/\/elregionalvm.com.ar\/noticias-villa-maria\/wp-json\/wp\/v2\/posts\/101877","targetHints":{"allow":["GET"]}}],"collection":[{"href":"https:\/\/elregionalvm.com.ar\/noticias-villa-maria\/wp-json\/wp\/v2\/posts"}],"about":[{"href":"https:\/\/elregionalvm.com.ar\/noticias-villa-maria\/wp-json\/wp\/v2\/types\/post"}],"author":[{"embeddable":true,"href":"https:\/\/elregionalvm.com.ar\/noticias-villa-maria\/wp-json\/wp\/v2\/users\/4"}],"replies":[{"embeddable":true,"href":"https:\/\/elregionalvm.com.ar\/noticias-villa-maria\/wp-json\/wp\/v2\/comments?post=101877"}],"version-history":[{"count":1,"href":"https:\/\/elregionalvm.com.ar\/noticias-villa-maria\/wp-json\/wp\/v2\/posts\/101877\/revisions"}],"predecessor-version":[{"id":101880,"href":"https:\/\/elregionalvm.com.ar\/noticias-villa-maria\/wp-json\/wp\/v2\/posts\/101877\/revisions\/101880"}],"wp:featuredmedia":[{"embeddable":true,"href":"https:\/\/elregionalvm.com.ar\/noticias-villa-maria\/wp-json\/wp\/v2\/media\/101878"}],"wp:attachment":[{"href":"https:\/\/elregionalvm.com.ar\/noticias-villa-maria\/wp-json\/wp\/v2\/media?parent=101877"}],"wp:term":[{"taxonomy":"category","embeddable":true,"href":"https:\/\/elregionalvm.com.ar\/noticias-villa-maria\/wp-json\/wp\/v2\/categories?post=101877"},{"taxonomy":"post_tag","embeddable":true,"href":"https:\/\/elregionalvm.com.ar\/noticias-villa-maria\/wp-json\/wp\/v2\/tags?post=101877"}],"curies":[{"name":"wp","href":"https:\/\/api.w.org\/{rel}","templated":true}]}}