{"id":101887,"date":"2024-12-23T16:00:24","date_gmt":"2024-12-23T16:00:24","guid":{"rendered":"https:\/\/elregionalvm.com.ar\/noticias-villa-maria\/?p=101887"},"modified":"2024-12-23T16:00:25","modified_gmt":"2024-12-23T16:00:25","slug":"el-municipio-puso-en-valor-la-parroquia-de-lourdes","status":"publish","type":"post","link":"https:\/\/elregionalvm.com.ar\/noticias-villa-maria\/el-municipio-puso-en-valor-la-parroquia-de-lourdes\/","title":{"rendered":"El municipio puso en valor la Parroquia de Lourdes"},"content":{"rendered":"\n<p>La Municipalidad de Villa Mar\u00eda, a trav\u00e9s del programa \u00abPuesta en Valor del Alma de la Ciudad\u00bb, coordinado por la Secretar\u00eda de Gobierno, Cultura y Relaciones Institucionales, informa a los vecinos que culminaron las tareas tendientes a mejorar la fachada de la Parroquia Nuestra Se\u00f1ora de Lourdes, ubicada sobre calle Intendente Pe\u00f1a al 475.<\/p>\n\n\n\n<p>En este sentido, en la parte exterior del templo se procedi\u00f3 a la colocaci\u00f3n de 40 luminarias ornamentales direccionales, con el objetivo de resaltar puntos de referencia arquitect\u00f3nica tales como campanario, torre central, cruz superior y acceso a la galer\u00eda, con iluminaci\u00f3n c\u00e1lida y fr\u00eda.<\/p>\n\n\n\n<p>Este programa, ejecutado conjuntamente con la Direcci\u00f3n de Electricidad y Alumbrado P\u00fablico, complement\u00f3 acciones con la Subsecretar\u00eda de Servicios P\u00fablicos para poner en valor la Gruta &nbsp;contigua a la Parroquia, donde se realizaron tareas de jardiner\u00eda y pintura. En este sentido, los trabajos se encuentran finalizados y pr\u00f3ximos a inaugurarse.<\/p>\n\n\n\n<p>Adem\u00e1s, cabe resaltar que en el marco del programa \u201cVilla Mar\u00eda 100% Led\u201c, ya se colocaron m\u00e1s de 1100 luces de \u00faltima generaci\u00f3n en puntos estrat\u00e9gicos de la ciudad, mejorando la seguridad de las personas y la sustentabilidad energ\u00e9tica.<\/p>\n\n\n\n<p><strong>Puesta en Valor de la Iglesia Catedral<\/strong><\/p>\n\n\n\n<p>Cabe recordar que el pasado 27 de septiembre, en ocasi\u00f3n de los 150 a\u00f1os de la fundaci\u00f3n de la Parroquia Inmaculada Concepci\u00f3n, el municipio realiz\u00f3 diversas tareas de mejoras lum\u00ednicas para que vecinos y turistas puedan disfrutar del patrimonio arquitect\u00f3nico mencionado.<\/p>\n","protected":false},"excerpt":{"rendered":"<p>La Municipalidad de Villa Mar\u00eda, a trav\u00e9s del programa \u00abPuesta en Valor del Alma de la Ciudad\u00bb, coordinado por la Secretar\u00eda de Gobierno, Cultura y Relaciones Institucionales, informa a los vecinos que culminaron las tareas tendientes a mejorar la fachada de la Parroquia Nuestra Se\u00f1ora de Lourdes, ubicada sobre calle Intendente Pe\u00f1a al 475. En [&hellip;]<\/p>\n","protected":false},"author":4,"featured_media":101888,"comment_status":"open","ping_status":"open","sticky":false,"template":"","format":"standard","meta":{"site-sidebar-layout":"default","site-content-layout":"","ast-site-content-layout":"default","site-content-style":"default","site-sidebar-style":"default","ast-global-header-display":"","ast-banner-title-visibility":"","ast-main-header-display":"","ast-hfb-above-header-display":"","ast-hfb-below-header-display":"","ast-hfb-mobile-header-display":"","site-post-title":"","ast-breadcrumbs-content":"","ast-featured-img":"","footer-sml-layout":"","ast-disable-related-posts":"","theme-transparent-header-meta":"","adv-header-id-meta":"","stick-header-meta":"","header-above-stick-meta":"","header-main-stick-meta":"","header-below-stick-meta":"","astra-migrate-meta-layouts":"set","ast-page-background-enabled":"default","ast-page-background-meta":{"desktop":{"background-color":"","background-image":"","background-repeat":"repeat","background-position":"center center","background-size":"auto","background-attachment":"scroll","background-type":"","background-media":"","overlay-type":"","overlay-color":"","overlay-opacity":"","overlay-gradient":""},"tablet":{"background-color":"","background-image":"","background-repeat":"repeat","background-position":"center center","background-size":"auto","background-attachment":"scroll","background-type":"","background-media":"","overlay-type":"","overlay-color":"","overlay-opacity":"","overlay-gradient":""},"mobile":{"background-color":"","background-image":"","background-repeat":"repeat","background-position":"center center","background-size":"auto","background-attachment":"scroll","background-type":"","background-media":"","overlay-type":"","overlay-color":"","overlay-opacity":"","overlay-gradient":""}},"ast-content-background-meta":{"desktop":{"background-color":"var(--ast-global-color-5)","background-image":"","background-repeat":"repeat","background-position":"center center","background-size":"auto","background-attachment":"scroll","background-type":"","background-media":"","overlay-type":"","overlay-color":"","overlay-opacity":"","overlay-gradient":""},"tablet":{"background-color":"var(--ast-global-color-5)","background-image":"","background-repeat":"repeat","background-position":"center center","background-size":"auto","background-attachment":"scroll","background-type":"","background-media":"","overlay-type":"","overlay-color":"","overlay-opacity":"","overlay-gradient":""},"mobile":{"background-color":"var(--ast-global-color-5)","background-image":"","background-repeat":"repeat","background-position":"center center","background-size":"auto","background-attachment":"scroll","background-type":"","background-media":"","overlay-type":"","overlay-color":"","overlay-opacity":"","overlay-gradient":""}},"_jetpack_memberships_contains_paid_content":false,"_joinchat":[],"footnotes":""},"categories":[5,2],"tags":[],"class_list":["post-101887","post","type-post","status-publish","format-standard","has-post-thumbnail","hentry","category-sociedad","category-villa-maria"],"yoast_head":"<!-- This site is optimized with the Yoast SEO plugin v26.8 - https:\/\/yoast.com\/product\/yoast-seo-wordpress\/ -->\n<title>El municipio puso en valor la Parroquia de Lourdes - El Regional<\/title>\n<meta name=\"robots\" content=\"index, follow, max-snippet:-1, max-image-preview:large, max-video-preview:-1\" \/>\n<link rel=\"canonical\" href=\"https:\/\/elregionalvm.com.ar\/noticias-villa-maria\/el-municipio-puso-en-valor-la-parroquia-de-lourdes\/\" \/>\n<meta property=\"og:locale\" content=\"es_ES\" \/>\n<meta property=\"og:type\" content=\"article\" \/>\n<meta property=\"og:title\" content=\"El municipio puso en valor la Parroquia de Lourdes - El Regional\" \/>\n<meta property=\"og:description\" content=\"La Municipalidad de Villa Mar\u00eda, a trav\u00e9s del programa \u00abPuesta en Valor del Alma de la Ciudad\u00bb, coordinado por la Secretar\u00eda de Gobierno, Cultura y Relaciones Institucionales, informa a los vecinos que culminaron las tareas tendientes a mejorar la fachada de la Parroquia Nuestra Se\u00f1ora de Lourdes, ubicada sobre calle Intendente Pe\u00f1a al 475. En [&hellip;]\" \/>\n<meta property=\"og:url\" content=\"https:\/\/elregionalvm.com.ar\/noticias-villa-maria\/el-municipio-puso-en-valor-la-parroquia-de-lourdes\/\" \/>\n<meta property=\"og:site_name\" content=\"El Regional\" \/>\n<meta property=\"article:publisher\" content=\"https:\/\/www.facebook.com\/elregionalvm\" \/>\n<meta property=\"article:published_time\" content=\"2024-12-23T16:00:24+00:00\" \/>\n<meta property=\"article:modified_time\" content=\"2024-12-23T16:00:25+00:00\" \/>\n<meta property=\"og:image\" content=\"https:\/\/elregionalvm.com.ar\/noticias-villa-maria\/wp-content\/uploads\/2024\/12\/c078fe78084e420fadb383c039949ae7.png\" \/>\n\t<meta property=\"og:image:width\" content=\"800\" \/>\n\t<meta property=\"og:image:height\" content=\"600\" \/>\n\t<meta property=\"og:image:type\" content=\"image\/png\" \/>\n<meta name=\"author\" content=\"Contenidos El Regional\" \/>\n<meta name=\"twitter:card\" content=\"summary_large_image\" \/>\n<meta name=\"twitter:creator\" content=\"@elregionalvm1\" \/>\n<meta name=\"twitter:site\" content=\"@elregionalvm1\" \/>\n<meta name=\"twitter:label1\" content=\"Escrito por\" \/>\n\t<meta name=\"twitter:data1\" content=\"Contenidos El Regional\" \/>\n\t<meta name=\"twitter:label2\" content=\"Tiempo de lectura\" \/>\n\t<meta name=\"twitter:data2\" content=\"2 minutos\" \/>\n<script type=\"application\/ld+json\" class=\"yoast-schema-graph\">{\"@context\":\"https:\/\/schema.org\",\"@graph\":[{\"@type\":\"Article\",\"@id\":\"https:\/\/elregionalvm.com.ar\/noticias-villa-maria\/el-municipio-puso-en-valor-la-parroquia-de-lourdes\/#article\",\"isPartOf\":{\"@id\":\"https:\/\/elregionalvm.com.ar\/noticias-villa-maria\/el-municipio-puso-en-valor-la-parroquia-de-lourdes\/\"},\"author\":{\"name\":\"Contenidos El Regional\",\"@id\":\"http:\/\/elregionalvm.com.ar\/noticias-villa-maria\/#\/schema\/person\/a0fb9c422317faca23d50163151bc354\"},\"headline\":\"El municipio puso en valor la Parroquia de Lourdes\",\"datePublished\":\"2024-12-23T16:00:24+00:00\",\"dateModified\":\"2024-12-23T16:00:25+00:00\",\"mainEntityOfPage\":{\"@id\":\"https:\/\/elregionalvm.com.ar\/noticias-villa-maria\/el-municipio-puso-en-valor-la-parroquia-de-lourdes\/\"},\"wordCount\":269,\"commentCount\":0,\"image\":{\"@id\":\"https:\/\/elregionalvm.com.ar\/noticias-villa-maria\/el-municipio-puso-en-valor-la-parroquia-de-lourdes\/#primaryimage\"},\"thumbnailUrl\":\"https:\/\/i0.wp.com\/elregionalvm.com.ar\/noticias-villa-maria\/wp-content\/uploads\/2024\/12\/c078fe78084e420fadb383c039949ae7.png?fit=800%2C600&ssl=1\",\"articleSection\":[\"Sociedad\",\"Villa Mar\u00eda\"],\"inLanguage\":\"es\",\"potentialAction\":[{\"@type\":\"CommentAction\",\"name\":\"Comment\",\"target\":[\"https:\/\/elregionalvm.com.ar\/noticias-villa-maria\/el-municipio-puso-en-valor-la-parroquia-de-lourdes\/#respond\"]}]},{\"@type\":\"WebPage\",\"@id\":\"https:\/\/elregionalvm.com.ar\/noticias-villa-maria\/el-municipio-puso-en-valor-la-parroquia-de-lourdes\/\",\"url\":\"https:\/\/elregionalvm.com.ar\/noticias-villa-maria\/el-municipio-puso-en-valor-la-parroquia-de-lourdes\/\",\"name\":\"El municipio puso en valor la Parroquia de Lourdes - El Regional\",\"isPartOf\":{\"@id\":\"http:\/\/elregionalvm.com.ar\/noticias-villa-maria\/#website\"},\"primaryImageOfPage\":{\"@id\":\"https:\/\/elregionalvm.com.ar\/noticias-villa-maria\/el-municipio-puso-en-valor-la-parroquia-de-lourdes\/#primaryimage\"},\"image\":{\"@id\":\"https:\/\/elregionalvm.com.ar\/noticias-villa-maria\/el-municipio-puso-en-valor-la-parroquia-de-lourdes\/#primaryimage\"},\"thumbnailUrl\":\"https:\/\/i0.wp.com\/elregionalvm.com.ar\/noticias-villa-maria\/wp-content\/uploads\/2024\/12\/c078fe78084e420fadb383c039949ae7.png?fit=800%2C600&ssl=1\",\"datePublished\":\"2024-12-23T16:00:24+00:00\",\"dateModified\":\"2024-12-23T16:00:25+00:00\",\"author\":{\"@id\":\"http:\/\/elregionalvm.com.ar\/noticias-villa-maria\/#\/schema\/person\/a0fb9c422317faca23d50163151bc354\"},\"breadcrumb\":{\"@id\":\"https:\/\/elregionalvm.com.ar\/noticias-villa-maria\/el-municipio-puso-en-valor-la-parroquia-de-lourdes\/#breadcrumb\"},\"inLanguage\":\"es\",\"potentialAction\":[{\"@type\":\"ReadAction\",\"target\":[\"https:\/\/elregionalvm.com.ar\/noticias-villa-maria\/el-municipio-puso-en-valor-la-parroquia-de-lourdes\/\"]}]},{\"@type\":\"ImageObject\",\"inLanguage\":\"es\",\"@id\":\"https:\/\/elregionalvm.com.ar\/noticias-villa-maria\/el-municipio-puso-en-valor-la-parroquia-de-lourdes\/#primaryimage\",\"url\":\"https:\/\/i0.wp.com\/elregionalvm.com.ar\/noticias-villa-maria\/wp-content\/uploads\/2024\/12\/c078fe78084e420fadb383c039949ae7.png?fit=800%2C600&ssl=1\",\"contentUrl\":\"https:\/\/i0.wp.com\/elregionalvm.com.ar\/noticias-villa-maria\/wp-content\/uploads\/2024\/12\/c078fe78084e420fadb383c039949ae7.png?fit=800%2C600&ssl=1\",\"width\":800,\"height\":600},{\"@type\":\"BreadcrumbList\",\"@id\":\"https:\/\/elregionalvm.com.ar\/noticias-villa-maria\/el-municipio-puso-en-valor-la-parroquia-de-lourdes\/#breadcrumb\",\"itemListElement\":[{\"@type\":\"ListItem\",\"position\":1,\"name\":\"Portada\",\"item\":\"https:\/\/elregionalvm.com.ar\/noticias-villa-maria\/\"},{\"@type\":\"ListItem\",\"position\":2,\"name\":\"El municipio puso en valor la Parroquia de Lourdes\"}]},{\"@type\":\"WebSite\",\"@id\":\"http:\/\/elregionalvm.com.ar\/noticias-villa-maria\/#website\",\"url\":\"http:\/\/elregionalvm.com.ar\/noticias-villa-maria\/\",\"name\":\"El Regional\",\"description\":\"Mucho m\u00e1s que informaci\u00f3n\",\"potentialAction\":[{\"@type\":\"SearchAction\",\"target\":{\"@type\":\"EntryPoint\",\"urlTemplate\":\"http:\/\/elregionalvm.com.ar\/noticias-villa-maria\/?s={search_term_string}\"},\"query-input\":{\"@type\":\"PropertyValueSpecification\",\"valueRequired\":true,\"valueName\":\"search_term_string\"}}],\"inLanguage\":\"es\"},{\"@type\":\"Person\",\"@id\":\"http:\/\/elregionalvm.com.ar\/noticias-villa-maria\/#\/schema\/person\/a0fb9c422317faca23d50163151bc354\",\"name\":\"Contenidos El Regional\",\"image\":{\"@type\":\"ImageObject\",\"inLanguage\":\"es\",\"@id\":\"http:\/\/elregionalvm.com.ar\/noticias-villa-maria\/#\/schema\/person\/image\/\",\"url\":\"https:\/\/secure.gravatar.com\/avatar\/265b27cb2209af7bb3a1318f03305787d7981a5cc6e6cd08fe5a4ecdf99d4b48?s=96&d=mm&r=g\",\"contentUrl\":\"https:\/\/secure.gravatar.com\/avatar\/265b27cb2209af7bb3a1318f03305787d7981a5cc6e6cd08fe5a4ecdf99d4b48?s=96&d=mm&r=g\",\"caption\":\"Contenidos El Regional\"},\"url\":\"https:\/\/elregionalvm.com.ar\/noticias-villa-maria\/author\/contenido\/\"}]}<\/script>\n<!-- \/ Yoast SEO plugin. -->","yoast_head_json":{"title":"El municipio puso en valor la Parroquia de Lourdes - El Regional","robots":{"index":"index","follow":"follow","max-snippet":"max-snippet:-1","max-image-preview":"max-image-preview:large","max-video-preview":"max-video-preview:-1"},"canonical":"https:\/\/elregionalvm.com.ar\/noticias-villa-maria\/el-municipio-puso-en-valor-la-parroquia-de-lourdes\/","og_locale":"es_ES","og_type":"article","og_title":"El municipio puso en valor la Parroquia de Lourdes - El Regional","og_description":"La Municipalidad de Villa Mar\u00eda, a trav\u00e9s del programa \u00abPuesta en Valor del Alma de la Ciudad\u00bb, coordinado por la Secretar\u00eda de Gobierno, Cultura y Relaciones Institucionales, informa a los vecinos que culminaron las tareas tendientes a mejorar la fachada de la Parroquia Nuestra Se\u00f1ora de Lourdes, ubicada sobre calle Intendente Pe\u00f1a al 475. En [&hellip;]","og_url":"https:\/\/elregionalvm.com.ar\/noticias-villa-maria\/el-municipio-puso-en-valor-la-parroquia-de-lourdes\/","og_site_name":"El Regional","article_publisher":"https:\/\/www.facebook.com\/elregionalvm","article_published_time":"2024-12-23T16:00:24+00:00","article_modified_time":"2024-12-23T16:00:25+00:00","og_image":[{"width":800,"height":600,"url":"https:\/\/elregionalvm.com.ar\/noticias-villa-maria\/wp-content\/uploads\/2024\/12\/c078fe78084e420fadb383c039949ae7.png","type":"image\/png"}],"author":"Contenidos El Regional","twitter_card":"summary_large_image","twitter_creator":"@elregionalvm1","twitter_site":"@elregionalvm1","twitter_misc":{"Escrito por":"Contenidos El Regional","Tiempo de lectura":"2 minutos"},"schema":{"@context":"https:\/\/schema.org","@graph":[{"@type":"Article","@id":"https:\/\/elregionalvm.com.ar\/noticias-villa-maria\/el-municipio-puso-en-valor-la-parroquia-de-lourdes\/#article","isPartOf":{"@id":"https:\/\/elregionalvm.com.ar\/noticias-villa-maria\/el-municipio-puso-en-valor-la-parroquia-de-lourdes\/"},"author":{"name":"Contenidos El Regional","@id":"http:\/\/elregionalvm.com.ar\/noticias-villa-maria\/#\/schema\/person\/a0fb9c422317faca23d50163151bc354"},"headline":"El municipio puso en valor la Parroquia de Lourdes","datePublished":"2024-12-23T16:00:24+00:00","dateModified":"2024-12-23T16:00:25+00:00","mainEntityOfPage":{"@id":"https:\/\/elregionalvm.com.ar\/noticias-villa-maria\/el-municipio-puso-en-valor-la-parroquia-de-lourdes\/"},"wordCount":269,"commentCount":0,"image":{"@id":"https:\/\/elregionalvm.com.ar\/noticias-villa-maria\/el-municipio-puso-en-valor-la-parroquia-de-lourdes\/#primaryimage"},"thumbnailUrl":"https:\/\/i0.wp.com\/elregionalvm.com.ar\/noticias-villa-maria\/wp-content\/uploads\/2024\/12\/c078fe78084e420fadb383c039949ae7.png?fit=800%2C600&ssl=1","articleSection":["Sociedad","Villa Mar\u00eda"],"inLanguage":"es","potentialAction":[{"@type":"CommentAction","name":"Comment","target":["https:\/\/elregionalvm.com.ar\/noticias-villa-maria\/el-municipio-puso-en-valor-la-parroquia-de-lourdes\/#respond"]}]},{"@type":"WebPage","@id":"https:\/\/elregionalvm.com.ar\/noticias-villa-maria\/el-municipio-puso-en-valor-la-parroquia-de-lourdes\/","url":"https:\/\/elregionalvm.com.ar\/noticias-villa-maria\/el-municipio-puso-en-valor-la-parroquia-de-lourdes\/","name":"El municipio puso en valor la Parroquia de Lourdes - El Regional","isPartOf":{"@id":"http:\/\/elregionalvm.com.ar\/noticias-villa-maria\/#website"},"primaryImageOfPage":{"@id":"https:\/\/elregionalvm.com.ar\/noticias-villa-maria\/el-municipio-puso-en-valor-la-parroquia-de-lourdes\/#primaryimage"},"image":{"@id":"https:\/\/elregionalvm.com.ar\/noticias-villa-maria\/el-municipio-puso-en-valor-la-parroquia-de-lourdes\/#primaryimage"},"thumbnailUrl":"https:\/\/i0.wp.com\/elregionalvm.com.ar\/noticias-villa-maria\/wp-content\/uploads\/2024\/12\/c078fe78084e420fadb383c039949ae7.png?fit=800%2C600&ssl=1","datePublished":"2024-12-23T16:00:24+00:00","dateModified":"2024-12-23T16:00:25+00:00","author":{"@id":"http:\/\/elregionalvm.com.ar\/noticias-villa-maria\/#\/schema\/person\/a0fb9c422317faca23d50163151bc354"},"breadcrumb":{"@id":"https:\/\/elregionalvm.com.ar\/noticias-villa-maria\/el-municipio-puso-en-valor-la-parroquia-de-lourdes\/#breadcrumb"},"inLanguage":"es","potentialAction":[{"@type":"ReadAction","target":["https:\/\/elregionalvm.com.ar\/noticias-villa-maria\/el-municipio-puso-en-valor-la-parroquia-de-lourdes\/"]}]},{"@type":"ImageObject","inLanguage":"es","@id":"https:\/\/elregionalvm.com.ar\/noticias-villa-maria\/el-municipio-puso-en-valor-la-parroquia-de-lourdes\/#primaryimage","url":"https:\/\/i0.wp.com\/elregionalvm.com.ar\/noticias-villa-maria\/wp-content\/uploads\/2024\/12\/c078fe78084e420fadb383c039949ae7.png?fit=800%2C600&ssl=1","contentUrl":"https:\/\/i0.wp.com\/elregionalvm.com.ar\/noticias-villa-maria\/wp-content\/uploads\/2024\/12\/c078fe78084e420fadb383c039949ae7.png?fit=800%2C600&ssl=1","width":800,"height":600},{"@type":"BreadcrumbList","@id":"https:\/\/elregionalvm.com.ar\/noticias-villa-maria\/el-municipio-puso-en-valor-la-parroquia-de-lourdes\/#breadcrumb","itemListElement":[{"@type":"ListItem","position":1,"name":"Portada","item":"https:\/\/elregionalvm.com.ar\/noticias-villa-maria\/"},{"@type":"ListItem","position":2,"name":"El municipio puso en valor la Parroquia de Lourdes"}]},{"@type":"WebSite","@id":"http:\/\/elregionalvm.com.ar\/noticias-villa-maria\/#website","url":"http:\/\/elregionalvm.com.ar\/noticias-villa-maria\/","name":"El Regional","description":"Mucho m\u00e1s que informaci\u00f3n","potentialAction":[{"@type":"SearchAction","target":{"@type":"EntryPoint","urlTemplate":"http:\/\/elregionalvm.com.ar\/noticias-villa-maria\/?s={search_term_string}"},"query-input":{"@type":"PropertyValueSpecification","valueRequired":true,"valueName":"search_term_string"}}],"inLanguage":"es"},{"@type":"Person","@id":"http:\/\/elregionalvm.com.ar\/noticias-villa-maria\/#\/schema\/person\/a0fb9c422317faca23d50163151bc354","name":"Contenidos El Regional","image":{"@type":"ImageObject","inLanguage":"es","@id":"http:\/\/elregionalvm.com.ar\/noticias-villa-maria\/#\/schema\/person\/image\/","url":"https:\/\/secure.gravatar.com\/avatar\/265b27cb2209af7bb3a1318f03305787d7981a5cc6e6cd08fe5a4ecdf99d4b48?s=96&d=mm&r=g","contentUrl":"https:\/\/secure.gravatar.com\/avatar\/265b27cb2209af7bb3a1318f03305787d7981a5cc6e6cd08fe5a4ecdf99d4b48?s=96&d=mm&r=g","caption":"Contenidos El Regional"},"url":"https:\/\/elregionalvm.com.ar\/noticias-villa-maria\/author\/contenido\/"}]}},"jetpack_featured_media_url":"https:\/\/i0.wp.com\/elregionalvm.com.ar\/noticias-villa-maria\/wp-content\/uploads\/2024\/12\/c078fe78084e420fadb383c039949ae7.png?fit=800%2C600&ssl=1","jetpack_sharing_enabled":true,"_links":{"self":[{"href":"https:\/\/elregionalvm.com.ar\/noticias-villa-maria\/wp-json\/wp\/v2\/posts\/101887","targetHints":{"allow":["GET"]}}],"collection":[{"href":"https:\/\/elregionalvm.com.ar\/noticias-villa-maria\/wp-json\/wp\/v2\/posts"}],"about":[{"href":"https:\/\/elregionalvm.com.ar\/noticias-villa-maria\/wp-json\/wp\/v2\/types\/post"}],"author":[{"embeddable":true,"href":"https:\/\/elregionalvm.com.ar\/noticias-villa-maria\/wp-json\/wp\/v2\/users\/4"}],"replies":[{"embeddable":true,"href":"https:\/\/elregionalvm.com.ar\/noticias-villa-maria\/wp-json\/wp\/v2\/comments?post=101887"}],"version-history":[{"count":1,"href":"https:\/\/elregionalvm.com.ar\/noticias-villa-maria\/wp-json\/wp\/v2\/posts\/101887\/revisions"}],"predecessor-version":[{"id":101889,"href":"https:\/\/elregionalvm.com.ar\/noticias-villa-maria\/wp-json\/wp\/v2\/posts\/101887\/revisions\/101889"}],"wp:featuredmedia":[{"embeddable":true,"href":"https:\/\/elregionalvm.com.ar\/noticias-villa-maria\/wp-json\/wp\/v2\/media\/101888"}],"wp:attachment":[{"href":"https:\/\/elregionalvm.com.ar\/noticias-villa-maria\/wp-json\/wp\/v2\/media?parent=101887"}],"wp:term":[{"taxonomy":"category","embeddable":true,"href":"https:\/\/elregionalvm.com.ar\/noticias-villa-maria\/wp-json\/wp\/v2\/categories?post=101887"},{"taxonomy":"post_tag","embeddable":true,"href":"https:\/\/elregionalvm.com.ar\/noticias-villa-maria\/wp-json\/wp\/v2\/tags?post=101887"}],"curies":[{"name":"wp","href":"https:\/\/api.w.org\/{rel}","templated":true}]}}