{"id":101970,"date":"2024-12-29T16:36:54","date_gmt":"2024-12-29T16:36:54","guid":{"rendered":"https:\/\/elregionalvm.com.ar\/noticias-villa-maria\/?p=101970"},"modified":"2024-12-31T04:38:39","modified_gmt":"2024-12-31T04:38:39","slug":"historias-navidad-y-fin-de-ano-celebracion-encuentro-sabores-y-anecdotas-en-familia","status":"publish","type":"post","link":"https:\/\/elregionalvm.com.ar\/noticias-villa-maria\/historias-navidad-y-fin-de-ano-celebracion-encuentro-sabores-y-anecdotas-en-familia\/","title":{"rendered":"[Historias] Navidad y fin de a\u00f1o: Celebraci\u00f3n, encuentro, sabores y an\u00e9cdotas en familia"},"content":{"rendered":"\n<h3 class=\"wp-block-heading\"><strong>La Navidad y el fin del a\u00f1o es un momento especial para fortalecer los lazos familiares. En cada hogar, la mesa se convierte en el centro de reuni\u00f3n, donde el amor y las tradiciones se sirven junto con los manjares t\u00edpicos de cada regi\u00f3n (asado, pionono salado, vitel ton\u00e9, ensalada de frutas y empanadas).<\/strong><\/h3>\n\n\n\n<p><\/p>\n\n\n\n<p><strong>Escribe: Mag. Hern\u00e1n Allasia<\/strong><\/p>\n\n\n\n<p><\/p>\n\n\n\n<p>La diversidad gastron\u00f3mica de Argentina y Latinoam\u00e9rica reflejan su riqueza cultural, as\u00ed como tambi\u00e9n la importancia de la uni\u00f3n familiar durante la Navidad. Cada plato, con sus sabores \u00fanicos, cuentan historias de amor, tradici\u00f3n y alegr\u00eda, haciendo de esta \u00e9poca del a\u00f1o un momento verdaderamente especial.<\/p>\n\n\n\n<p>La verdadera riqueza de la Navidad est\u00e1 en el acto de compartir, llevando una sonrisa y un plato de comida a quienes pasan dificultades.<\/p>\n\n\n\n<p>Fortalecer los lazos comunitarios y extender nuestras mesas a los m\u00e1s vulnerables enriquecen nuestras tradiciones y esp\u00edritu, record\u00e1ndonos que la esencia de estas fiestas es el amor y la solidaridad.<\/p>\n\n\n\n<p>En Argentina, las llamadas FIESTAS, se celebran en pleno verano, que se refleja en las comidas frescas que adornan nuestras mesas. Las familias o seres m\u00e1s queridos nos reunimos alrededor de un asado, acompa\u00f1ados de ensaladas, arrollados, empanadas y dulces como turrones y frutos secos, influencias de la inmigraci\u00f3n europea.<\/p>\n\n\n\n<p><\/p>\n\n\n\n<figure class=\"wp-block-image size-full\"><img data-recalc-dims=\"1\" fetchpriority=\"high\" decoding=\"async\" width=\"905\" height=\"510\" src=\"https:\/\/i0.wp.com\/elregionalvm.com.ar\/noticias-villa-maria\/wp-content\/uploads\/2021\/12\/Brindis-Navidad-2.jpg?resize=905%2C510&#038;ssl=1\" alt=\"\" class=\"wp-image-50111\" srcset=\"https:\/\/i0.wp.com\/elregionalvm.com.ar\/noticias-villa-maria\/wp-content\/uploads\/2021\/12\/Brindis-Navidad-2.jpg?w=905&amp;ssl=1 905w, https:\/\/i0.wp.com\/elregionalvm.com.ar\/noticias-villa-maria\/wp-content\/uploads\/2021\/12\/Brindis-Navidad-2.jpg?resize=300%2C169&amp;ssl=1 300w, https:\/\/i0.wp.com\/elregionalvm.com.ar\/noticias-villa-maria\/wp-content\/uploads\/2021\/12\/Brindis-Navidad-2.jpg?resize=768%2C433&amp;ssl=1 768w\" sizes=\"(max-width: 905px) 100vw, 905px\" \/><\/figure>\n\n\n\n<p><\/p>\n\n\n\n<p>En mi caso, an\u00e9cdotas miles: recuerdo esta leyenda\u2026<\/p>\n\n\n\n<p><strong>Las campanas de Navidad<\/strong><\/p>\n\n\n\n<p>Cuenta una leyenda que en la noche en la que naci\u00f3 el ni\u00f1o Jes\u00fas, los primeros en enterarse de la noticia fueron los pastores que trabajaban en los alrededores de Bel\u00e9n. Unos \u00e1ngeles llegaron hasta el monte en donde descansaban los pastores y les dieron la noticia: \u201c\u00a1Hoy ha nacido el hijo de Dios en Bel\u00e9n!\u201d.<\/p>\n\n\n\n<p>El pastor Gabriel, ciego de nacimiento, no pudo ver a los \u00e1ngeles, pero s\u00ed escuch\u00f3 sus voces y se llen\u00f3 al momento de felicidad e ilusi\u00f3n por conocer al beb\u00e9. \u00bfC\u00f3mo iba a llegar hasta el pesebre?<\/p>\n\n\n\n<p>De pronto, en medio del silencio de la monta\u00f1a, escuch\u00f3 el fuerte sonido de una campana, lleno de curiosidad lleg\u00f3 hasta el lugar de donde part\u00eda aquel sonido.<\/p>\n\n\n\n<p>Cuando lleg\u00f3 al pesebre, el ni\u00f1o Jes\u00fas lo mir\u00f3 y le sonri\u00f3 y, de pronto, el pastor Gabriel pudo ver por primera vez en toda su vida.<\/p>\n\n\n\n<p>Desde entonces, en Navidad, suenan las campanas muy fuertes, para indicar que ha nacido el ni\u00f1o Jes\u00fas.<\/p>\n\n\n\n<p>Recuerdo, a mis 5 a\u00f1os, \u00edbamos a San Antonio de Lit\u00edn, de mis abuelos maternos, nos reun\u00edamos con mis t\u00edos, primos y los abuelos paternos. Tambi\u00e9n estaba el suegro italiano de uno de mis t\u00edos, don Pepe, un tano, que hab\u00eda tomado un poco dem\u00e1s.<\/p>\n\n\n\n<p>Nos levantamos a brindar y all\u00e1 fue el gringo con la silla de espaldas al piso de tierra, y la cabeza entre los rabanitos. Seg\u00fan \u00e9l, lo hab\u00edan empujado. Y buehhh\u2026<\/p>\n\n\n\n<p>Qu\u00e9 lindo era que gritasen: \u201c\u00a1Vamos a apagar las luces, porque ya viene el Ni\u00f1o Dios!\u201d.<\/p>\n\n\n\n<p>Se hac\u00eda la luz y \u00bfa que no saben qu\u00e9&#8230;? Aparec\u00eda un cami\u00f3n volcador Chevrolet C60 modelo 1970, amarillo, con caja volcadora roja, junto con unos chocolatines \u201cJack\u201d de Fel-Fort, que lo fabricaban desde 1962.<\/p>\n","protected":false},"excerpt":{"rendered":"<p>La Navidad y el fin del a\u00f1o es un momento especial para fortalecer los lazos familiares. En cada hogar, la mesa se convierte en el centro de reuni\u00f3n, donde el amor y las tradiciones se sirven junto con los manjares t\u00edpicos de cada regi\u00f3n (asado, pionono salado, vitel ton\u00e9, ensalada de frutas y empanadas). Escribe: [&hellip;]<\/p>\n","protected":false},"author":6,"featured_media":47457,"comment_status":"open","ping_status":"open","sticky":false,"template":"","format":"standard","meta":{"site-sidebar-layout":"default","site-content-layout":"","ast-site-content-layout":"default","site-content-style":"default","site-sidebar-style":"default","ast-global-header-display":"","ast-banner-title-visibility":"","ast-main-header-display":"","ast-hfb-above-header-display":"","ast-hfb-below-header-display":"","ast-hfb-mobile-header-display":"","site-post-title":"","ast-breadcrumbs-content":"","ast-featured-img":"","footer-sml-layout":"","ast-disable-related-posts":"","theme-transparent-header-meta":"","adv-header-id-meta":"","stick-header-meta":"","header-above-stick-meta":"","header-main-stick-meta":"","header-below-stick-meta":"","astra-migrate-meta-layouts":"set","ast-page-background-enabled":"default","ast-page-background-meta":{"desktop":{"background-color":"","background-image":"","background-repeat":"repeat","background-position":"center center","background-size":"auto","background-attachment":"scroll","background-type":"","background-media":"","overlay-type":"","overlay-color":"","overlay-opacity":"","overlay-gradient":""},"tablet":{"background-color":"","background-image":"","background-repeat":"repeat","background-position":"center center","background-size":"auto","background-attachment":"scroll","background-type":"","background-media":"","overlay-type":"","overlay-color":"","overlay-opacity":"","overlay-gradient":""},"mobile":{"background-color":"","background-image":"","background-repeat":"repeat","background-position":"center center","background-size":"auto","background-attachment":"scroll","background-type":"","background-media":"","overlay-type":"","overlay-color":"","overlay-opacity":"","overlay-gradient":""}},"ast-content-background-meta":{"desktop":{"background-color":"var(--ast-global-color-5)","background-image":"","background-repeat":"repeat","background-position":"center center","background-size":"auto","background-attachment":"scroll","background-type":"","background-media":"","overlay-type":"","overlay-color":"","overlay-opacity":"","overlay-gradient":""},"tablet":{"background-color":"var(--ast-global-color-5)","background-image":"","background-repeat":"repeat","background-position":"center center","background-size":"auto","background-attachment":"scroll","background-type":"","background-media":"","overlay-type":"","overlay-color":"","overlay-opacity":"","overlay-gradient":""},"mobile":{"background-color":"var(--ast-global-color-5)","background-image":"","background-repeat":"repeat","background-position":"center center","background-size":"auto","background-attachment":"scroll","background-type":"","background-media":"","overlay-type":"","overlay-color":"","overlay-opacity":"","overlay-gradient":""}},"_jetpack_memberships_contains_paid_content":false,"_joinchat":[],"footnotes":""},"categories":[2098,3557],"tags":[10762,6171,24581,7519,9964,4728,1386,6041,24621,527],"class_list":["post-101970","post","type-post","status-publish","format-standard","has-post-thumbnail","hentry","category-historias","category-tercera","tag-anecdotas","tag-ano-nuevo","tag-brindis","tag-celebracion","tag-familia","tag-felicidad","tag-historias","tag-navidad","tag-nino-dios","tag-recuerdos"],"yoast_head":"<!-- This site is optimized with the Yoast SEO plugin v26.8 - https:\/\/yoast.com\/product\/yoast-seo-wordpress\/ -->\n<title>[Historias] Navidad y fin de a\u00f1o: Celebraci\u00f3n, encuentro, sabores y an\u00e9cdotas en familia - El Regional<\/title>\n<meta name=\"robots\" content=\"index, follow, max-snippet:-1, max-image-preview:large, max-video-preview:-1\" \/>\n<link rel=\"canonical\" href=\"https:\/\/elregionalvm.com.ar\/noticias-villa-maria\/historias-navidad-y-fin-de-ano-celebracion-encuentro-sabores-y-anecdotas-en-familia\/\" \/>\n<meta property=\"og:locale\" content=\"es_ES\" \/>\n<meta property=\"og:type\" content=\"article\" \/>\n<meta property=\"og:title\" content=\"[Historias] Navidad y fin de a\u00f1o: Celebraci\u00f3n, encuentro, sabores y an\u00e9cdotas en familia - El Regional\" \/>\n<meta property=\"og:description\" content=\"La Navidad y el fin del a\u00f1o es un momento especial para fortalecer los lazos familiares. En cada hogar, la mesa se convierte en el centro de reuni\u00f3n, donde el amor y las tradiciones se sirven junto con los manjares t\u00edpicos de cada regi\u00f3n (asado, pionono salado, vitel ton\u00e9, ensalada de frutas y empanadas). Escribe: [&hellip;]\" \/>\n<meta property=\"og:url\" content=\"https:\/\/elregionalvm.com.ar\/noticias-villa-maria\/historias-navidad-y-fin-de-ano-celebracion-encuentro-sabores-y-anecdotas-en-familia\/\" \/>\n<meta property=\"og:site_name\" content=\"El Regional\" \/>\n<meta property=\"article:publisher\" content=\"https:\/\/www.facebook.com\/elregionalvm\" \/>\n<meta property=\"article:published_time\" content=\"2024-12-29T16:36:54+00:00\" \/>\n<meta property=\"article:modified_time\" content=\"2024-12-31T04:38:39+00:00\" \/>\n<meta property=\"og:image\" content=\"https:\/\/elregionalvm.com.ar\/noticias-villa-maria\/wp-content\/uploads\/2021\/11\/Reunion-social-brindis.jpg\" \/>\n\t<meta property=\"og:image:width\" content=\"1200\" \/>\n\t<meta property=\"og:image:height\" content=\"673\" \/>\n\t<meta property=\"og:image:type\" content=\"image\/jpeg\" \/>\n<meta name=\"author\" content=\"Germ\u00e1n Giacchero\" \/>\n<meta name=\"twitter:card\" content=\"summary_large_image\" \/>\n<meta name=\"twitter:creator\" content=\"@elregionalvm1\" \/>\n<meta name=\"twitter:site\" content=\"@elregionalvm1\" \/>\n<meta name=\"twitter:label1\" content=\"Escrito por\" \/>\n\t<meta name=\"twitter:data1\" content=\"Germ\u00e1n Giacchero\" \/>\n\t<meta name=\"twitter:label2\" content=\"Tiempo de lectura\" \/>\n\t<meta name=\"twitter:data2\" content=\"3 minutos\" \/>\n<script type=\"application\/ld+json\" class=\"yoast-schema-graph\">{\"@context\":\"https:\/\/schema.org\",\"@graph\":[{\"@type\":\"Article\",\"@id\":\"https:\/\/elregionalvm.com.ar\/noticias-villa-maria\/historias-navidad-y-fin-de-ano-celebracion-encuentro-sabores-y-anecdotas-en-familia\/#article\",\"isPartOf\":{\"@id\":\"https:\/\/elregionalvm.com.ar\/noticias-villa-maria\/historias-navidad-y-fin-de-ano-celebracion-encuentro-sabores-y-anecdotas-en-familia\/\"},\"author\":{\"name\":\"Germ\u00e1n Giacchero\",\"@id\":\"http:\/\/elregionalvm.com.ar\/noticias-villa-maria\/#\/schema\/person\/d5e4b04966154131701e52c45d3efec9\"},\"headline\":\"[Historias] Navidad y fin de a\u00f1o: Celebraci\u00f3n, encuentro, sabores y an\u00e9cdotas en familia\",\"datePublished\":\"2024-12-29T16:36:54+00:00\",\"dateModified\":\"2024-12-31T04:38:39+00:00\",\"mainEntityOfPage\":{\"@id\":\"https:\/\/elregionalvm.com.ar\/noticias-villa-maria\/historias-navidad-y-fin-de-ano-celebracion-encuentro-sabores-y-anecdotas-en-familia\/\"},\"wordCount\":570,\"commentCount\":0,\"image\":{\"@id\":\"https:\/\/elregionalvm.com.ar\/noticias-villa-maria\/historias-navidad-y-fin-de-ano-celebracion-encuentro-sabores-y-anecdotas-en-familia\/#primaryimage\"},\"thumbnailUrl\":\"https:\/\/i0.wp.com\/elregionalvm.com.ar\/noticias-villa-maria\/wp-content\/uploads\/2021\/11\/Reunion-social-brindis.jpg?fit=1200%2C673&ssl=1\",\"keywords\":[\"An\u00e9cdotas\",\"A\u00f1o Nuevo\",\"brindis\",\"celebraci\u00f3n\",\"familia\",\"Felicidad\",\"historias\",\"Navidad\",\"Ni\u00f1o Dios\",\"Recuerdos\"],\"articleSection\":[\"Historias\",\"tercera\"],\"inLanguage\":\"es\",\"potentialAction\":[{\"@type\":\"CommentAction\",\"name\":\"Comment\",\"target\":[\"https:\/\/elregionalvm.com.ar\/noticias-villa-maria\/historias-navidad-y-fin-de-ano-celebracion-encuentro-sabores-y-anecdotas-en-familia\/#respond\"]}]},{\"@type\":\"WebPage\",\"@id\":\"https:\/\/elregionalvm.com.ar\/noticias-villa-maria\/historias-navidad-y-fin-de-ano-celebracion-encuentro-sabores-y-anecdotas-en-familia\/\",\"url\":\"https:\/\/elregionalvm.com.ar\/noticias-villa-maria\/historias-navidad-y-fin-de-ano-celebracion-encuentro-sabores-y-anecdotas-en-familia\/\",\"name\":\"[Historias] Navidad y fin de a\u00f1o: Celebraci\u00f3n, encuentro, sabores y an\u00e9cdotas en familia - El Regional\",\"isPartOf\":{\"@id\":\"http:\/\/elregionalvm.com.ar\/noticias-villa-maria\/#website\"},\"primaryImageOfPage\":{\"@id\":\"https:\/\/elregionalvm.com.ar\/noticias-villa-maria\/historias-navidad-y-fin-de-ano-celebracion-encuentro-sabores-y-anecdotas-en-familia\/#primaryimage\"},\"image\":{\"@id\":\"https:\/\/elregionalvm.com.ar\/noticias-villa-maria\/historias-navidad-y-fin-de-ano-celebracion-encuentro-sabores-y-anecdotas-en-familia\/#primaryimage\"},\"thumbnailUrl\":\"https:\/\/i0.wp.com\/elregionalvm.com.ar\/noticias-villa-maria\/wp-content\/uploads\/2021\/11\/Reunion-social-brindis.jpg?fit=1200%2C673&ssl=1\",\"datePublished\":\"2024-12-29T16:36:54+00:00\",\"dateModified\":\"2024-12-31T04:38:39+00:00\",\"author\":{\"@id\":\"http:\/\/elregionalvm.com.ar\/noticias-villa-maria\/#\/schema\/person\/d5e4b04966154131701e52c45d3efec9\"},\"breadcrumb\":{\"@id\":\"https:\/\/elregionalvm.com.ar\/noticias-villa-maria\/historias-navidad-y-fin-de-ano-celebracion-encuentro-sabores-y-anecdotas-en-familia\/#breadcrumb\"},\"inLanguage\":\"es\",\"potentialAction\":[{\"@type\":\"ReadAction\",\"target\":[\"https:\/\/elregionalvm.com.ar\/noticias-villa-maria\/historias-navidad-y-fin-de-ano-celebracion-encuentro-sabores-y-anecdotas-en-familia\/\"]}]},{\"@type\":\"ImageObject\",\"inLanguage\":\"es\",\"@id\":\"https:\/\/elregionalvm.com.ar\/noticias-villa-maria\/historias-navidad-y-fin-de-ano-celebracion-encuentro-sabores-y-anecdotas-en-familia\/#primaryimage\",\"url\":\"https:\/\/i0.wp.com\/elregionalvm.com.ar\/noticias-villa-maria\/wp-content\/uploads\/2021\/11\/Reunion-social-brindis.jpg?fit=1200%2C673&ssl=1\",\"contentUrl\":\"https:\/\/i0.wp.com\/elregionalvm.com.ar\/noticias-villa-maria\/wp-content\/uploads\/2021\/11\/Reunion-social-brindis.jpg?fit=1200%2C673&ssl=1\",\"width\":1200,\"height\":673},{\"@type\":\"BreadcrumbList\",\"@id\":\"https:\/\/elregionalvm.com.ar\/noticias-villa-maria\/historias-navidad-y-fin-de-ano-celebracion-encuentro-sabores-y-anecdotas-en-familia\/#breadcrumb\",\"itemListElement\":[{\"@type\":\"ListItem\",\"position\":1,\"name\":\"Portada\",\"item\":\"https:\/\/elregionalvm.com.ar\/noticias-villa-maria\/\"},{\"@type\":\"ListItem\",\"position\":2,\"name\":\"[Historias] Navidad y fin de a\u00f1o: Celebraci\u00f3n, encuentro, sabores y an\u00e9cdotas en familia\"}]},{\"@type\":\"WebSite\",\"@id\":\"http:\/\/elregionalvm.com.ar\/noticias-villa-maria\/#website\",\"url\":\"http:\/\/elregionalvm.com.ar\/noticias-villa-maria\/\",\"name\":\"El Regional\",\"description\":\"Mucho m\u00e1s que informaci\u00f3n\",\"potentialAction\":[{\"@type\":\"SearchAction\",\"target\":{\"@type\":\"EntryPoint\",\"urlTemplate\":\"http:\/\/elregionalvm.com.ar\/noticias-villa-maria\/?s={search_term_string}\"},\"query-input\":{\"@type\":\"PropertyValueSpecification\",\"valueRequired\":true,\"valueName\":\"search_term_string\"}}],\"inLanguage\":\"es\"},{\"@type\":\"Person\",\"@id\":\"http:\/\/elregionalvm.com.ar\/noticias-villa-maria\/#\/schema\/person\/d5e4b04966154131701e52c45d3efec9\",\"name\":\"Germ\u00e1n Giacchero\",\"image\":{\"@type\":\"ImageObject\",\"inLanguage\":\"es\",\"@id\":\"http:\/\/elregionalvm.com.ar\/noticias-villa-maria\/#\/schema\/person\/image\/\",\"url\":\"https:\/\/secure.gravatar.com\/avatar\/fda163ba5ef0307ee5be9846e10f83b6e83d0cfb260d3b2464830318894c6b04?s=96&d=mm&r=g\",\"contentUrl\":\"https:\/\/secure.gravatar.com\/avatar\/fda163ba5ef0307ee5be9846e10f83b6e83d0cfb260d3b2464830318894c6b04?s=96&d=mm&r=g\",\"caption\":\"Germ\u00e1n Giacchero\"},\"url\":\"https:\/\/elregionalvm.com.ar\/noticias-villa-maria\/author\/germangiacchero\/\"}]}<\/script>\n<!-- \/ Yoast SEO plugin. -->","yoast_head_json":{"title":"[Historias] Navidad y fin de a\u00f1o: Celebraci\u00f3n, encuentro, sabores y an\u00e9cdotas en familia - El Regional","robots":{"index":"index","follow":"follow","max-snippet":"max-snippet:-1","max-image-preview":"max-image-preview:large","max-video-preview":"max-video-preview:-1"},"canonical":"https:\/\/elregionalvm.com.ar\/noticias-villa-maria\/historias-navidad-y-fin-de-ano-celebracion-encuentro-sabores-y-anecdotas-en-familia\/","og_locale":"es_ES","og_type":"article","og_title":"[Historias] Navidad y fin de a\u00f1o: Celebraci\u00f3n, encuentro, sabores y an\u00e9cdotas en familia - El Regional","og_description":"La Navidad y el fin del a\u00f1o es un momento especial para fortalecer los lazos familiares. En cada hogar, la mesa se convierte en el centro de reuni\u00f3n, donde el amor y las tradiciones se sirven junto con los manjares t\u00edpicos de cada regi\u00f3n (asado, pionono salado, vitel ton\u00e9, ensalada de frutas y empanadas). Escribe: [&hellip;]","og_url":"https:\/\/elregionalvm.com.ar\/noticias-villa-maria\/historias-navidad-y-fin-de-ano-celebracion-encuentro-sabores-y-anecdotas-en-familia\/","og_site_name":"El Regional","article_publisher":"https:\/\/www.facebook.com\/elregionalvm","article_published_time":"2024-12-29T16:36:54+00:00","article_modified_time":"2024-12-31T04:38:39+00:00","og_image":[{"width":1200,"height":673,"url":"https:\/\/elregionalvm.com.ar\/noticias-villa-maria\/wp-content\/uploads\/2021\/11\/Reunion-social-brindis.jpg","type":"image\/jpeg"}],"author":"Germ\u00e1n Giacchero","twitter_card":"summary_large_image","twitter_creator":"@elregionalvm1","twitter_site":"@elregionalvm1","twitter_misc":{"Escrito por":"Germ\u00e1n Giacchero","Tiempo de lectura":"3 minutos"},"schema":{"@context":"https:\/\/schema.org","@graph":[{"@type":"Article","@id":"https:\/\/elregionalvm.com.ar\/noticias-villa-maria\/historias-navidad-y-fin-de-ano-celebracion-encuentro-sabores-y-anecdotas-en-familia\/#article","isPartOf":{"@id":"https:\/\/elregionalvm.com.ar\/noticias-villa-maria\/historias-navidad-y-fin-de-ano-celebracion-encuentro-sabores-y-anecdotas-en-familia\/"},"author":{"name":"Germ\u00e1n Giacchero","@id":"http:\/\/elregionalvm.com.ar\/noticias-villa-maria\/#\/schema\/person\/d5e4b04966154131701e52c45d3efec9"},"headline":"[Historias] Navidad y fin de a\u00f1o: Celebraci\u00f3n, encuentro, sabores y an\u00e9cdotas en familia","datePublished":"2024-12-29T16:36:54+00:00","dateModified":"2024-12-31T04:38:39+00:00","mainEntityOfPage":{"@id":"https:\/\/elregionalvm.com.ar\/noticias-villa-maria\/historias-navidad-y-fin-de-ano-celebracion-encuentro-sabores-y-anecdotas-en-familia\/"},"wordCount":570,"commentCount":0,"image":{"@id":"https:\/\/elregionalvm.com.ar\/noticias-villa-maria\/historias-navidad-y-fin-de-ano-celebracion-encuentro-sabores-y-anecdotas-en-familia\/#primaryimage"},"thumbnailUrl":"https:\/\/i0.wp.com\/elregionalvm.com.ar\/noticias-villa-maria\/wp-content\/uploads\/2021\/11\/Reunion-social-brindis.jpg?fit=1200%2C673&ssl=1","keywords":["An\u00e9cdotas","A\u00f1o Nuevo","brindis","celebraci\u00f3n","familia","Felicidad","historias","Navidad","Ni\u00f1o Dios","Recuerdos"],"articleSection":["Historias","tercera"],"inLanguage":"es","potentialAction":[{"@type":"CommentAction","name":"Comment","target":["https:\/\/elregionalvm.com.ar\/noticias-villa-maria\/historias-navidad-y-fin-de-ano-celebracion-encuentro-sabores-y-anecdotas-en-familia\/#respond"]}]},{"@type":"WebPage","@id":"https:\/\/elregionalvm.com.ar\/noticias-villa-maria\/historias-navidad-y-fin-de-ano-celebracion-encuentro-sabores-y-anecdotas-en-familia\/","url":"https:\/\/elregionalvm.com.ar\/noticias-villa-maria\/historias-navidad-y-fin-de-ano-celebracion-encuentro-sabores-y-anecdotas-en-familia\/","name":"[Historias] Navidad y fin de a\u00f1o: Celebraci\u00f3n, encuentro, sabores y an\u00e9cdotas en familia - El Regional","isPartOf":{"@id":"http:\/\/elregionalvm.com.ar\/noticias-villa-maria\/#website"},"primaryImageOfPage":{"@id":"https:\/\/elregionalvm.com.ar\/noticias-villa-maria\/historias-navidad-y-fin-de-ano-celebracion-encuentro-sabores-y-anecdotas-en-familia\/#primaryimage"},"image":{"@id":"https:\/\/elregionalvm.com.ar\/noticias-villa-maria\/historias-navidad-y-fin-de-ano-celebracion-encuentro-sabores-y-anecdotas-en-familia\/#primaryimage"},"thumbnailUrl":"https:\/\/i0.wp.com\/elregionalvm.com.ar\/noticias-villa-maria\/wp-content\/uploads\/2021\/11\/Reunion-social-brindis.jpg?fit=1200%2C673&ssl=1","datePublished":"2024-12-29T16:36:54+00:00","dateModified":"2024-12-31T04:38:39+00:00","author":{"@id":"http:\/\/elregionalvm.com.ar\/noticias-villa-maria\/#\/schema\/person\/d5e4b04966154131701e52c45d3efec9"},"breadcrumb":{"@id":"https:\/\/elregionalvm.com.ar\/noticias-villa-maria\/historias-navidad-y-fin-de-ano-celebracion-encuentro-sabores-y-anecdotas-en-familia\/#breadcrumb"},"inLanguage":"es","potentialAction":[{"@type":"ReadAction","target":["https:\/\/elregionalvm.com.ar\/noticias-villa-maria\/historias-navidad-y-fin-de-ano-celebracion-encuentro-sabores-y-anecdotas-en-familia\/"]}]},{"@type":"ImageObject","inLanguage":"es","@id":"https:\/\/elregionalvm.com.ar\/noticias-villa-maria\/historias-navidad-y-fin-de-ano-celebracion-encuentro-sabores-y-anecdotas-en-familia\/#primaryimage","url":"https:\/\/i0.wp.com\/elregionalvm.com.ar\/noticias-villa-maria\/wp-content\/uploads\/2021\/11\/Reunion-social-brindis.jpg?fit=1200%2C673&ssl=1","contentUrl":"https:\/\/i0.wp.com\/elregionalvm.com.ar\/noticias-villa-maria\/wp-content\/uploads\/2021\/11\/Reunion-social-brindis.jpg?fit=1200%2C673&ssl=1","width":1200,"height":673},{"@type":"BreadcrumbList","@id":"https:\/\/elregionalvm.com.ar\/noticias-villa-maria\/historias-navidad-y-fin-de-ano-celebracion-encuentro-sabores-y-anecdotas-en-familia\/#breadcrumb","itemListElement":[{"@type":"ListItem","position":1,"name":"Portada","item":"https:\/\/elregionalvm.com.ar\/noticias-villa-maria\/"},{"@type":"ListItem","position":2,"name":"[Historias] Navidad y fin de a\u00f1o: Celebraci\u00f3n, encuentro, sabores y an\u00e9cdotas en familia"}]},{"@type":"WebSite","@id":"http:\/\/elregionalvm.com.ar\/noticias-villa-maria\/#website","url":"http:\/\/elregionalvm.com.ar\/noticias-villa-maria\/","name":"El Regional","description":"Mucho m\u00e1s que informaci\u00f3n","potentialAction":[{"@type":"SearchAction","target":{"@type":"EntryPoint","urlTemplate":"http:\/\/elregionalvm.com.ar\/noticias-villa-maria\/?s={search_term_string}"},"query-input":{"@type":"PropertyValueSpecification","valueRequired":true,"valueName":"search_term_string"}}],"inLanguage":"es"},{"@type":"Person","@id":"http:\/\/elregionalvm.com.ar\/noticias-villa-maria\/#\/schema\/person\/d5e4b04966154131701e52c45d3efec9","name":"Germ\u00e1n Giacchero","image":{"@type":"ImageObject","inLanguage":"es","@id":"http:\/\/elregionalvm.com.ar\/noticias-villa-maria\/#\/schema\/person\/image\/","url":"https:\/\/secure.gravatar.com\/avatar\/fda163ba5ef0307ee5be9846e10f83b6e83d0cfb260d3b2464830318894c6b04?s=96&d=mm&r=g","contentUrl":"https:\/\/secure.gravatar.com\/avatar\/fda163ba5ef0307ee5be9846e10f83b6e83d0cfb260d3b2464830318894c6b04?s=96&d=mm&r=g","caption":"Germ\u00e1n Giacchero"},"url":"https:\/\/elregionalvm.com.ar\/noticias-villa-maria\/author\/germangiacchero\/"}]}},"jetpack_featured_media_url":"https:\/\/i0.wp.com\/elregionalvm.com.ar\/noticias-villa-maria\/wp-content\/uploads\/2021\/11\/Reunion-social-brindis.jpg?fit=1200%2C673&ssl=1","jetpack_sharing_enabled":true,"_links":{"self":[{"href":"https:\/\/elregionalvm.com.ar\/noticias-villa-maria\/wp-json\/wp\/v2\/posts\/101970","targetHints":{"allow":["GET"]}}],"collection":[{"href":"https:\/\/elregionalvm.com.ar\/noticias-villa-maria\/wp-json\/wp\/v2\/posts"}],"about":[{"href":"https:\/\/elregionalvm.com.ar\/noticias-villa-maria\/wp-json\/wp\/v2\/types\/post"}],"author":[{"embeddable":true,"href":"https:\/\/elregionalvm.com.ar\/noticias-villa-maria\/wp-json\/wp\/v2\/users\/6"}],"replies":[{"embeddable":true,"href":"https:\/\/elregionalvm.com.ar\/noticias-villa-maria\/wp-json\/wp\/v2\/comments?post=101970"}],"version-history":[{"count":2,"href":"https:\/\/elregionalvm.com.ar\/noticias-villa-maria\/wp-json\/wp\/v2\/posts\/101970\/revisions"}],"predecessor-version":[{"id":101972,"href":"https:\/\/elregionalvm.com.ar\/noticias-villa-maria\/wp-json\/wp\/v2\/posts\/101970\/revisions\/101972"}],"wp:featuredmedia":[{"embeddable":true,"href":"https:\/\/elregionalvm.com.ar\/noticias-villa-maria\/wp-json\/wp\/v2\/media\/47457"}],"wp:attachment":[{"href":"https:\/\/elregionalvm.com.ar\/noticias-villa-maria\/wp-json\/wp\/v2\/media?parent=101970"}],"wp:term":[{"taxonomy":"category","embeddable":true,"href":"https:\/\/elregionalvm.com.ar\/noticias-villa-maria\/wp-json\/wp\/v2\/categories?post=101970"},{"taxonomy":"post_tag","embeddable":true,"href":"https:\/\/elregionalvm.com.ar\/noticias-villa-maria\/wp-json\/wp\/v2\/tags?post=101970"}],"curies":[{"name":"wp","href":"https:\/\/api.w.org\/{rel}","templated":true}]}}