{"id":102209,"date":"2025-01-06T22:28:21","date_gmt":"2025-01-06T22:28:21","guid":{"rendered":"https:\/\/elregionalvm.com.ar\/noticias-villa-maria\/?p=102209"},"modified":"2025-01-14T04:36:16","modified_gmt":"2025-01-14T04:36:16","slug":"tiempo-loco-astronomicamente-el-inicio-de-2025-sera-distinto-a-otros-anos-que-pasara-en-el-cielo-nocturno","status":"publish","type":"post","link":"https:\/\/elregionalvm.com.ar\/noticias-villa-maria\/tiempo-loco-astronomicamente-el-inicio-de-2025-sera-distinto-a-otros-anos-que-pasara-en-el-cielo-nocturno\/","title":{"rendered":"[Tiempo Loco] \u00a1Astron\u00f3micamente el inicio de 2025 ser\u00e1 distinto a otros a\u00f1os! \u00bfQu\u00e9 pasar\u00e1 en el cielo nocturno?"},"content":{"rendered":"\n<p><strong>Escribe: Mag. Hern\u00e1n Allasia<\/strong><\/p>\n\n\n\n<h2 class=\"wp-block-heading\">Un fen\u00f3meno astron\u00f3mico excepcional. Media docena de planetas parecer\u00e1n formar una l\u00ednea en el cielo nocturno durante el mes de enero. <\/h2>\n\n\n\n<p>Cada uno de estos gigantescos cuerpos celestes sigue su propia \u00f3rbita el\u00edptica alrededor del Sol, creando una ilusi\u00f3n \u00f3ptica que permite verlos alineados desde nuestra perspectiva terrestre. Astr\u00f3nomos profesionales se\u00f1alan el 18 de enero como la fecha clave, cuando<strong> Mercurio, Marte, J\u00fapiter, Saturno, Urano y Neptuno crear\u00e1n una formaci\u00f3n aparentemente perfecta visible desde diversos puntos de nuestro planeta.<\/strong><\/p>\n\n\n\n<p>Cada uno de estos gigantescos cuerpos celestes sigue su propia \u00f3rbita el\u00edptica alrededor del Sol, creando una ilusi\u00f3n \u00f3ptica que permite verlos alineados desde nuestra perspectiva terrestre. Por tercera vez en menos de un a\u00f1o, estos seis planetas se ubicar\u00e1n de tal manera que parecer\u00e1n formar una l\u00ednea recta en el espacio, aunque en realidad mantienen enormes distancias entre s\u00ed.<\/p>\n\n\n\n<figure class=\"wp-block-image size-full\"><img data-recalc-dims=\"1\" fetchpriority=\"high\" decoding=\"async\" width=\"650\" height=\"349\" src=\"https:\/\/i0.wp.com\/elregionalvm.com.ar\/noticias-villa-maria\/wp-content\/uploads\/2025\/01\/planetas03.jpg?resize=650%2C349&#038;ssl=1\" alt=\"\" class=\"wp-image-102213\" srcset=\"https:\/\/i0.wp.com\/elregionalvm.com.ar\/noticias-villa-maria\/wp-content\/uploads\/2025\/01\/planetas03.jpg?w=650&amp;ssl=1 650w, https:\/\/i0.wp.com\/elregionalvm.com.ar\/noticias-villa-maria\/wp-content\/uploads\/2025\/01\/planetas03.jpg?resize=300%2C161&amp;ssl=1 300w\" sizes=\"(max-width: 650px) 100vw, 650px\" \/><\/figure>\n\n\n\n<p><\/p>\n\n\n\n<p><strong>Los observadores tendr\u00e1n la mejor vista del evento entre 30 y 60 minutos antes del amanecer, <\/strong>especialmente si pueden ubicarse en zonas elevadas con poca contaminaci\u00f3n lum\u00ednica.<\/p>\n\n\n\n<p>Saturno y Marte resultar\u00e1n m\u00e1s sencillos de identificar sin ayuda, mientras que Mercurio y J\u00fapiter podr\u00edan distinguirse cerca del horizonte en condiciones ideales.<\/p>\n\n\n\n<p>Los entusiastas de la astronom\u00eda necesitar\u00e1n equipamiento especial para completar la observaci\u00f3n, ya que Urano y Neptuno solo ser\u00e1n visibles mediante telescopios o binoculares potentes.<\/p>\n\n\n\n<figure class=\"wp-block-image size-full\"><img data-recalc-dims=\"1\" decoding=\"async\" width=\"650\" height=\"434\" src=\"https:\/\/i0.wp.com\/elregionalvm.com.ar\/noticias-villa-maria\/wp-content\/uploads\/2025\/01\/planetas02.jpg?resize=650%2C434&#038;ssl=1\" alt=\"\" class=\"wp-image-102214\" srcset=\"https:\/\/i0.wp.com\/elregionalvm.com.ar\/noticias-villa-maria\/wp-content\/uploads\/2025\/01\/planetas02.jpg?w=650&amp;ssl=1 650w, https:\/\/i0.wp.com\/elregionalvm.com.ar\/noticias-villa-maria\/wp-content\/uploads\/2025\/01\/planetas02.jpg?resize=300%2C200&amp;ssl=1 300w\" sizes=\"(max-width: 650px) 100vw, 650px\" \/><\/figure>\n\n\n\n<p><\/p>\n\n\n\n<p><strong>C\u00e1lculos astron\u00f3micos indican que semejante evento necesitar\u00eda m\u00e1s de 300 mil millones de a\u00f1os para producirse naturalmente<\/strong>.<\/p>\n\n\n\n<p><em>Fuente y fotograf\u00edas:<br>https:\/\/www.diariouno.com.ar\/sociedad\/un-fenomeno-astronomico-marcara-el-inicio-2025-que-pasara-el-cielo-nocturno-n1387471<\/em><\/p>\n","protected":false},"excerpt":{"rendered":"<p>Escribe: Mag. Hern\u00e1n Allasia Un fen\u00f3meno astron\u00f3mico excepcional. Media docena de planetas parecer\u00e1n formar una l\u00ednea en el cielo nocturno durante el mes de enero. Cada uno de estos gigantescos cuerpos celestes sigue su propia \u00f3rbita el\u00edptica alrededor del Sol, creando una ilusi\u00f3n \u00f3ptica que permite verlos alineados desde nuestra perspectiva terrestre. Astr\u00f3nomos profesionales se\u00f1alan [&hellip;]<\/p>\n","protected":false},"author":4,"featured_media":102212,"comment_status":"open","ping_status":"open","sticky":false,"template":"","format":"standard","meta":{"site-sidebar-layout":"default","site-content-layout":"","ast-site-content-layout":"default","site-content-style":"default","site-sidebar-style":"default","ast-global-header-display":"","ast-banner-title-visibility":"","ast-main-header-display":"","ast-hfb-above-header-display":"","ast-hfb-below-header-display":"","ast-hfb-mobile-header-display":"","site-post-title":"","ast-breadcrumbs-content":"","ast-featured-img":"","footer-sml-layout":"","ast-disable-related-posts":"","theme-transparent-header-meta":"","adv-header-id-meta":"","stick-header-meta":"","header-above-stick-meta":"","header-main-stick-meta":"","header-below-stick-meta":"","astra-migrate-meta-layouts":"set","ast-page-background-enabled":"default","ast-page-background-meta":{"desktop":{"background-color":"","background-image":"","background-repeat":"repeat","background-position":"center center","background-size":"auto","background-attachment":"scroll","background-type":"","background-media":"","overlay-type":"","overlay-color":"","overlay-opacity":"","overlay-gradient":""},"tablet":{"background-color":"","background-image":"","background-repeat":"repeat","background-position":"center center","background-size":"auto","background-attachment":"scroll","background-type":"","background-media":"","overlay-type":"","overlay-color":"","overlay-opacity":"","overlay-gradient":""},"mobile":{"background-color":"","background-image":"","background-repeat":"repeat","background-position":"center center","background-size":"auto","background-attachment":"scroll","background-type":"","background-media":"","overlay-type":"","overlay-color":"","overlay-opacity":"","overlay-gradient":""}},"ast-content-background-meta":{"desktop":{"background-color":"var(--ast-global-color-5)","background-image":"","background-repeat":"repeat","background-position":"center center","background-size":"auto","background-attachment":"scroll","background-type":"","background-media":"","overlay-type":"","overlay-color":"","overlay-opacity":"","overlay-gradient":""},"tablet":{"background-color":"var(--ast-global-color-5)","background-image":"","background-repeat":"repeat","background-position":"center center","background-size":"auto","background-attachment":"scroll","background-type":"","background-media":"","overlay-type":"","overlay-color":"","overlay-opacity":"","overlay-gradient":""},"mobile":{"background-color":"var(--ast-global-color-5)","background-image":"","background-repeat":"repeat","background-position":"center center","background-size":"auto","background-attachment":"scroll","background-type":"","background-media":"","overlay-type":"","overlay-color":"","overlay-opacity":"","overlay-gradient":""}},"_jetpack_memberships_contains_paid_content":false,"_joinchat":[],"footnotes":""},"categories":[1,3557],"tags":[],"class_list":["post-102209","post","type-post","status-publish","format-standard","has-post-thumbnail","hentry","category-sin-categoria","category-tercera"],"yoast_head":"<!-- This site is optimized with the Yoast SEO plugin v26.8 - https:\/\/yoast.com\/product\/yoast-seo-wordpress\/ -->\n<title>[Tiempo Loco] \u00a1Astron\u00f3micamente el inicio de 2025 ser\u00e1 distinto a otros a\u00f1os! \u00bfQu\u00e9 pasar\u00e1 en el cielo nocturno? - El Regional<\/title>\n<meta name=\"robots\" content=\"index, follow, max-snippet:-1, max-image-preview:large, max-video-preview:-1\" \/>\n<link rel=\"canonical\" href=\"https:\/\/elregionalvm.com.ar\/noticias-villa-maria\/tiempo-loco-astronomicamente-el-inicio-de-2025-sera-distinto-a-otros-anos-que-pasara-en-el-cielo-nocturno\/\" \/>\n<meta property=\"og:locale\" content=\"es_ES\" \/>\n<meta property=\"og:type\" content=\"article\" \/>\n<meta property=\"og:title\" content=\"[Tiempo Loco] \u00a1Astron\u00f3micamente el inicio de 2025 ser\u00e1 distinto a otros a\u00f1os! \u00bfQu\u00e9 pasar\u00e1 en el cielo nocturno? - El Regional\" \/>\n<meta property=\"og:description\" content=\"Escribe: Mag. Hern\u00e1n Allasia Un fen\u00f3meno astron\u00f3mico excepcional. Media docena de planetas parecer\u00e1n formar una l\u00ednea en el cielo nocturno durante el mes de enero. Cada uno de estos gigantescos cuerpos celestes sigue su propia \u00f3rbita el\u00edptica alrededor del Sol, creando una ilusi\u00f3n \u00f3ptica que permite verlos alineados desde nuestra perspectiva terrestre. Astr\u00f3nomos profesionales se\u00f1alan [&hellip;]\" \/>\n<meta property=\"og:url\" content=\"https:\/\/elregionalvm.com.ar\/noticias-villa-maria\/tiempo-loco-astronomicamente-el-inicio-de-2025-sera-distinto-a-otros-anos-que-pasara-en-el-cielo-nocturno\/\" \/>\n<meta property=\"og:site_name\" content=\"El Regional\" \/>\n<meta property=\"article:publisher\" content=\"https:\/\/www.facebook.com\/elregionalvm\" \/>\n<meta property=\"article:published_time\" content=\"2025-01-06T22:28:21+00:00\" \/>\n<meta property=\"article:modified_time\" content=\"2025-01-14T04:36:16+00:00\" \/>\n<meta property=\"og:image\" content=\"https:\/\/elregionalvm.com.ar\/noticias-villa-maria\/wp-content\/uploads\/2025\/01\/planetas.jpg\" \/>\n\t<meta property=\"og:image:width\" content=\"920\" \/>\n\t<meta property=\"og:image:height\" content=\"518\" \/>\n\t<meta property=\"og:image:type\" content=\"image\/jpeg\" \/>\n<meta name=\"author\" content=\"Contenidos El Regional\" \/>\n<meta name=\"twitter:card\" content=\"summary_large_image\" \/>\n<meta name=\"twitter:creator\" content=\"@elregionalvm1\" \/>\n<meta name=\"twitter:site\" content=\"@elregionalvm1\" \/>\n<meta name=\"twitter:label1\" content=\"Escrito por\" \/>\n\t<meta name=\"twitter:data1\" content=\"Contenidos El Regional\" \/>\n\t<meta name=\"twitter:label2\" content=\"Tiempo de lectura\" \/>\n\t<meta name=\"twitter:data2\" content=\"2 minutos\" \/>\n<script type=\"application\/ld+json\" class=\"yoast-schema-graph\">{\"@context\":\"https:\/\/schema.org\",\"@graph\":[{\"@type\":\"Article\",\"@id\":\"https:\/\/elregionalvm.com.ar\/noticias-villa-maria\/tiempo-loco-astronomicamente-el-inicio-de-2025-sera-distinto-a-otros-anos-que-pasara-en-el-cielo-nocturno\/#article\",\"isPartOf\":{\"@id\":\"https:\/\/elregionalvm.com.ar\/noticias-villa-maria\/tiempo-loco-astronomicamente-el-inicio-de-2025-sera-distinto-a-otros-anos-que-pasara-en-el-cielo-nocturno\/\"},\"author\":{\"name\":\"Contenidos El Regional\",\"@id\":\"http:\/\/elregionalvm.com.ar\/noticias-villa-maria\/#\/schema\/person\/a0fb9c422317faca23d50163151bc354\"},\"headline\":\"[Tiempo Loco] \u00a1Astron\u00f3micamente el inicio de 2025 ser\u00e1 distinto a otros a\u00f1os! \u00bfQu\u00e9 pasar\u00e1 en el cielo nocturno?\",\"datePublished\":\"2025-01-06T22:28:21+00:00\",\"dateModified\":\"2025-01-14T04:36:16+00:00\",\"mainEntityOfPage\":{\"@id\":\"https:\/\/elregionalvm.com.ar\/noticias-villa-maria\/tiempo-loco-astronomicamente-el-inicio-de-2025-sera-distinto-a-otros-anos-que-pasara-en-el-cielo-nocturno\/\"},\"wordCount\":296,\"commentCount\":0,\"image\":{\"@id\":\"https:\/\/elregionalvm.com.ar\/noticias-villa-maria\/tiempo-loco-astronomicamente-el-inicio-de-2025-sera-distinto-a-otros-anos-que-pasara-en-el-cielo-nocturno\/#primaryimage\"},\"thumbnailUrl\":\"https:\/\/i0.wp.com\/elregionalvm.com.ar\/noticias-villa-maria\/wp-content\/uploads\/2025\/01\/planetas.jpg?fit=920%2C518&ssl=1\",\"articleSection\":{\"1\":\"tercera\"},\"inLanguage\":\"es\",\"potentialAction\":[{\"@type\":\"CommentAction\",\"name\":\"Comment\",\"target\":[\"https:\/\/elregionalvm.com.ar\/noticias-villa-maria\/tiempo-loco-astronomicamente-el-inicio-de-2025-sera-distinto-a-otros-anos-que-pasara-en-el-cielo-nocturno\/#respond\"]}]},{\"@type\":\"WebPage\",\"@id\":\"https:\/\/elregionalvm.com.ar\/noticias-villa-maria\/tiempo-loco-astronomicamente-el-inicio-de-2025-sera-distinto-a-otros-anos-que-pasara-en-el-cielo-nocturno\/\",\"url\":\"https:\/\/elregionalvm.com.ar\/noticias-villa-maria\/tiempo-loco-astronomicamente-el-inicio-de-2025-sera-distinto-a-otros-anos-que-pasara-en-el-cielo-nocturno\/\",\"name\":\"[Tiempo Loco] \u00a1Astron\u00f3micamente el inicio de 2025 ser\u00e1 distinto a otros a\u00f1os! \u00bfQu\u00e9 pasar\u00e1 en el cielo nocturno? - El Regional\",\"isPartOf\":{\"@id\":\"http:\/\/elregionalvm.com.ar\/noticias-villa-maria\/#website\"},\"primaryImageOfPage\":{\"@id\":\"https:\/\/elregionalvm.com.ar\/noticias-villa-maria\/tiempo-loco-astronomicamente-el-inicio-de-2025-sera-distinto-a-otros-anos-que-pasara-en-el-cielo-nocturno\/#primaryimage\"},\"image\":{\"@id\":\"https:\/\/elregionalvm.com.ar\/noticias-villa-maria\/tiempo-loco-astronomicamente-el-inicio-de-2025-sera-distinto-a-otros-anos-que-pasara-en-el-cielo-nocturno\/#primaryimage\"},\"thumbnailUrl\":\"https:\/\/i0.wp.com\/elregionalvm.com.ar\/noticias-villa-maria\/wp-content\/uploads\/2025\/01\/planetas.jpg?fit=920%2C518&ssl=1\",\"datePublished\":\"2025-01-06T22:28:21+00:00\",\"dateModified\":\"2025-01-14T04:36:16+00:00\",\"author\":{\"@id\":\"http:\/\/elregionalvm.com.ar\/noticias-villa-maria\/#\/schema\/person\/a0fb9c422317faca23d50163151bc354\"},\"breadcrumb\":{\"@id\":\"https:\/\/elregionalvm.com.ar\/noticias-villa-maria\/tiempo-loco-astronomicamente-el-inicio-de-2025-sera-distinto-a-otros-anos-que-pasara-en-el-cielo-nocturno\/#breadcrumb\"},\"inLanguage\":\"es\",\"potentialAction\":[{\"@type\":\"ReadAction\",\"target\":[\"https:\/\/elregionalvm.com.ar\/noticias-villa-maria\/tiempo-loco-astronomicamente-el-inicio-de-2025-sera-distinto-a-otros-anos-que-pasara-en-el-cielo-nocturno\/\"]}]},{\"@type\":\"ImageObject\",\"inLanguage\":\"es\",\"@id\":\"https:\/\/elregionalvm.com.ar\/noticias-villa-maria\/tiempo-loco-astronomicamente-el-inicio-de-2025-sera-distinto-a-otros-anos-que-pasara-en-el-cielo-nocturno\/#primaryimage\",\"url\":\"https:\/\/i0.wp.com\/elregionalvm.com.ar\/noticias-villa-maria\/wp-content\/uploads\/2025\/01\/planetas.jpg?fit=920%2C518&ssl=1\",\"contentUrl\":\"https:\/\/i0.wp.com\/elregionalvm.com.ar\/noticias-villa-maria\/wp-content\/uploads\/2025\/01\/planetas.jpg?fit=920%2C518&ssl=1\",\"width\":920,\"height\":518},{\"@type\":\"BreadcrumbList\",\"@id\":\"https:\/\/elregionalvm.com.ar\/noticias-villa-maria\/tiempo-loco-astronomicamente-el-inicio-de-2025-sera-distinto-a-otros-anos-que-pasara-en-el-cielo-nocturno\/#breadcrumb\",\"itemListElement\":[{\"@type\":\"ListItem\",\"position\":1,\"name\":\"Portada\",\"item\":\"https:\/\/elregionalvm.com.ar\/noticias-villa-maria\/\"},{\"@type\":\"ListItem\",\"position\":2,\"name\":\"[Tiempo Loco] \u00a1Astron\u00f3micamente el inicio de 2025 ser\u00e1 distinto a otros a\u00f1os! \u00bfQu\u00e9 pasar\u00e1 en el cielo nocturno?\"}]},{\"@type\":\"WebSite\",\"@id\":\"http:\/\/elregionalvm.com.ar\/noticias-villa-maria\/#website\",\"url\":\"http:\/\/elregionalvm.com.ar\/noticias-villa-maria\/\",\"name\":\"El Regional\",\"description\":\"Mucho m\u00e1s que informaci\u00f3n\",\"potentialAction\":[{\"@type\":\"SearchAction\",\"target\":{\"@type\":\"EntryPoint\",\"urlTemplate\":\"http:\/\/elregionalvm.com.ar\/noticias-villa-maria\/?s={search_term_string}\"},\"query-input\":{\"@type\":\"PropertyValueSpecification\",\"valueRequired\":true,\"valueName\":\"search_term_string\"}}],\"inLanguage\":\"es\"},{\"@type\":\"Person\",\"@id\":\"http:\/\/elregionalvm.com.ar\/noticias-villa-maria\/#\/schema\/person\/a0fb9c422317faca23d50163151bc354\",\"name\":\"Contenidos El Regional\",\"image\":{\"@type\":\"ImageObject\",\"inLanguage\":\"es\",\"@id\":\"http:\/\/elregionalvm.com.ar\/noticias-villa-maria\/#\/schema\/person\/image\/\",\"url\":\"https:\/\/secure.gravatar.com\/avatar\/265b27cb2209af7bb3a1318f03305787d7981a5cc6e6cd08fe5a4ecdf99d4b48?s=96&d=mm&r=g\",\"contentUrl\":\"https:\/\/secure.gravatar.com\/avatar\/265b27cb2209af7bb3a1318f03305787d7981a5cc6e6cd08fe5a4ecdf99d4b48?s=96&d=mm&r=g\",\"caption\":\"Contenidos El Regional\"},\"url\":\"https:\/\/elregionalvm.com.ar\/noticias-villa-maria\/author\/contenido\/\"}]}<\/script>\n<!-- \/ Yoast SEO plugin. -->","yoast_head_json":{"title":"[Tiempo Loco] \u00a1Astron\u00f3micamente el inicio de 2025 ser\u00e1 distinto a otros a\u00f1os! \u00bfQu\u00e9 pasar\u00e1 en el cielo nocturno? - El Regional","robots":{"index":"index","follow":"follow","max-snippet":"max-snippet:-1","max-image-preview":"max-image-preview:large","max-video-preview":"max-video-preview:-1"},"canonical":"https:\/\/elregionalvm.com.ar\/noticias-villa-maria\/tiempo-loco-astronomicamente-el-inicio-de-2025-sera-distinto-a-otros-anos-que-pasara-en-el-cielo-nocturno\/","og_locale":"es_ES","og_type":"article","og_title":"[Tiempo Loco] \u00a1Astron\u00f3micamente el inicio de 2025 ser\u00e1 distinto a otros a\u00f1os! \u00bfQu\u00e9 pasar\u00e1 en el cielo nocturno? - El Regional","og_description":"Escribe: Mag. Hern\u00e1n Allasia Un fen\u00f3meno astron\u00f3mico excepcional. Media docena de planetas parecer\u00e1n formar una l\u00ednea en el cielo nocturno durante el mes de enero. Cada uno de estos gigantescos cuerpos celestes sigue su propia \u00f3rbita el\u00edptica alrededor del Sol, creando una ilusi\u00f3n \u00f3ptica que permite verlos alineados desde nuestra perspectiva terrestre. Astr\u00f3nomos profesionales se\u00f1alan [&hellip;]","og_url":"https:\/\/elregionalvm.com.ar\/noticias-villa-maria\/tiempo-loco-astronomicamente-el-inicio-de-2025-sera-distinto-a-otros-anos-que-pasara-en-el-cielo-nocturno\/","og_site_name":"El Regional","article_publisher":"https:\/\/www.facebook.com\/elregionalvm","article_published_time":"2025-01-06T22:28:21+00:00","article_modified_time":"2025-01-14T04:36:16+00:00","og_image":[{"width":920,"height":518,"url":"https:\/\/elregionalvm.com.ar\/noticias-villa-maria\/wp-content\/uploads\/2025\/01\/planetas.jpg","type":"image\/jpeg"}],"author":"Contenidos El Regional","twitter_card":"summary_large_image","twitter_creator":"@elregionalvm1","twitter_site":"@elregionalvm1","twitter_misc":{"Escrito por":"Contenidos El Regional","Tiempo de lectura":"2 minutos"},"schema":{"@context":"https:\/\/schema.org","@graph":[{"@type":"Article","@id":"https:\/\/elregionalvm.com.ar\/noticias-villa-maria\/tiempo-loco-astronomicamente-el-inicio-de-2025-sera-distinto-a-otros-anos-que-pasara-en-el-cielo-nocturno\/#article","isPartOf":{"@id":"https:\/\/elregionalvm.com.ar\/noticias-villa-maria\/tiempo-loco-astronomicamente-el-inicio-de-2025-sera-distinto-a-otros-anos-que-pasara-en-el-cielo-nocturno\/"},"author":{"name":"Contenidos El Regional","@id":"http:\/\/elregionalvm.com.ar\/noticias-villa-maria\/#\/schema\/person\/a0fb9c422317faca23d50163151bc354"},"headline":"[Tiempo Loco] \u00a1Astron\u00f3micamente el inicio de 2025 ser\u00e1 distinto a otros a\u00f1os! \u00bfQu\u00e9 pasar\u00e1 en el cielo nocturno?","datePublished":"2025-01-06T22:28:21+00:00","dateModified":"2025-01-14T04:36:16+00:00","mainEntityOfPage":{"@id":"https:\/\/elregionalvm.com.ar\/noticias-villa-maria\/tiempo-loco-astronomicamente-el-inicio-de-2025-sera-distinto-a-otros-anos-que-pasara-en-el-cielo-nocturno\/"},"wordCount":296,"commentCount":0,"image":{"@id":"https:\/\/elregionalvm.com.ar\/noticias-villa-maria\/tiempo-loco-astronomicamente-el-inicio-de-2025-sera-distinto-a-otros-anos-que-pasara-en-el-cielo-nocturno\/#primaryimage"},"thumbnailUrl":"https:\/\/i0.wp.com\/elregionalvm.com.ar\/noticias-villa-maria\/wp-content\/uploads\/2025\/01\/planetas.jpg?fit=920%2C518&ssl=1","articleSection":{"1":"tercera"},"inLanguage":"es","potentialAction":[{"@type":"CommentAction","name":"Comment","target":["https:\/\/elregionalvm.com.ar\/noticias-villa-maria\/tiempo-loco-astronomicamente-el-inicio-de-2025-sera-distinto-a-otros-anos-que-pasara-en-el-cielo-nocturno\/#respond"]}]},{"@type":"WebPage","@id":"https:\/\/elregionalvm.com.ar\/noticias-villa-maria\/tiempo-loco-astronomicamente-el-inicio-de-2025-sera-distinto-a-otros-anos-que-pasara-en-el-cielo-nocturno\/","url":"https:\/\/elregionalvm.com.ar\/noticias-villa-maria\/tiempo-loco-astronomicamente-el-inicio-de-2025-sera-distinto-a-otros-anos-que-pasara-en-el-cielo-nocturno\/","name":"[Tiempo Loco] \u00a1Astron\u00f3micamente el inicio de 2025 ser\u00e1 distinto a otros a\u00f1os! \u00bfQu\u00e9 pasar\u00e1 en el cielo nocturno? - El Regional","isPartOf":{"@id":"http:\/\/elregionalvm.com.ar\/noticias-villa-maria\/#website"},"primaryImageOfPage":{"@id":"https:\/\/elregionalvm.com.ar\/noticias-villa-maria\/tiempo-loco-astronomicamente-el-inicio-de-2025-sera-distinto-a-otros-anos-que-pasara-en-el-cielo-nocturno\/#primaryimage"},"image":{"@id":"https:\/\/elregionalvm.com.ar\/noticias-villa-maria\/tiempo-loco-astronomicamente-el-inicio-de-2025-sera-distinto-a-otros-anos-que-pasara-en-el-cielo-nocturno\/#primaryimage"},"thumbnailUrl":"https:\/\/i0.wp.com\/elregionalvm.com.ar\/noticias-villa-maria\/wp-content\/uploads\/2025\/01\/planetas.jpg?fit=920%2C518&ssl=1","datePublished":"2025-01-06T22:28:21+00:00","dateModified":"2025-01-14T04:36:16+00:00","author":{"@id":"http:\/\/elregionalvm.com.ar\/noticias-villa-maria\/#\/schema\/person\/a0fb9c422317faca23d50163151bc354"},"breadcrumb":{"@id":"https:\/\/elregionalvm.com.ar\/noticias-villa-maria\/tiempo-loco-astronomicamente-el-inicio-de-2025-sera-distinto-a-otros-anos-que-pasara-en-el-cielo-nocturno\/#breadcrumb"},"inLanguage":"es","potentialAction":[{"@type":"ReadAction","target":["https:\/\/elregionalvm.com.ar\/noticias-villa-maria\/tiempo-loco-astronomicamente-el-inicio-de-2025-sera-distinto-a-otros-anos-que-pasara-en-el-cielo-nocturno\/"]}]},{"@type":"ImageObject","inLanguage":"es","@id":"https:\/\/elregionalvm.com.ar\/noticias-villa-maria\/tiempo-loco-astronomicamente-el-inicio-de-2025-sera-distinto-a-otros-anos-que-pasara-en-el-cielo-nocturno\/#primaryimage","url":"https:\/\/i0.wp.com\/elregionalvm.com.ar\/noticias-villa-maria\/wp-content\/uploads\/2025\/01\/planetas.jpg?fit=920%2C518&ssl=1","contentUrl":"https:\/\/i0.wp.com\/elregionalvm.com.ar\/noticias-villa-maria\/wp-content\/uploads\/2025\/01\/planetas.jpg?fit=920%2C518&ssl=1","width":920,"height":518},{"@type":"BreadcrumbList","@id":"https:\/\/elregionalvm.com.ar\/noticias-villa-maria\/tiempo-loco-astronomicamente-el-inicio-de-2025-sera-distinto-a-otros-anos-que-pasara-en-el-cielo-nocturno\/#breadcrumb","itemListElement":[{"@type":"ListItem","position":1,"name":"Portada","item":"https:\/\/elregionalvm.com.ar\/noticias-villa-maria\/"},{"@type":"ListItem","position":2,"name":"[Tiempo Loco] \u00a1Astron\u00f3micamente el inicio de 2025 ser\u00e1 distinto a otros a\u00f1os! \u00bfQu\u00e9 pasar\u00e1 en el cielo nocturno?"}]},{"@type":"WebSite","@id":"http:\/\/elregionalvm.com.ar\/noticias-villa-maria\/#website","url":"http:\/\/elregionalvm.com.ar\/noticias-villa-maria\/","name":"El Regional","description":"Mucho m\u00e1s que informaci\u00f3n","potentialAction":[{"@type":"SearchAction","target":{"@type":"EntryPoint","urlTemplate":"http:\/\/elregionalvm.com.ar\/noticias-villa-maria\/?s={search_term_string}"},"query-input":{"@type":"PropertyValueSpecification","valueRequired":true,"valueName":"search_term_string"}}],"inLanguage":"es"},{"@type":"Person","@id":"http:\/\/elregionalvm.com.ar\/noticias-villa-maria\/#\/schema\/person\/a0fb9c422317faca23d50163151bc354","name":"Contenidos El Regional","image":{"@type":"ImageObject","inLanguage":"es","@id":"http:\/\/elregionalvm.com.ar\/noticias-villa-maria\/#\/schema\/person\/image\/","url":"https:\/\/secure.gravatar.com\/avatar\/265b27cb2209af7bb3a1318f03305787d7981a5cc6e6cd08fe5a4ecdf99d4b48?s=96&d=mm&r=g","contentUrl":"https:\/\/secure.gravatar.com\/avatar\/265b27cb2209af7bb3a1318f03305787d7981a5cc6e6cd08fe5a4ecdf99d4b48?s=96&d=mm&r=g","caption":"Contenidos El Regional"},"url":"https:\/\/elregionalvm.com.ar\/noticias-villa-maria\/author\/contenido\/"}]}},"jetpack_featured_media_url":"https:\/\/i0.wp.com\/elregionalvm.com.ar\/noticias-villa-maria\/wp-content\/uploads\/2025\/01\/planetas.jpg?fit=920%2C518&ssl=1","jetpack_sharing_enabled":true,"_links":{"self":[{"href":"https:\/\/elregionalvm.com.ar\/noticias-villa-maria\/wp-json\/wp\/v2\/posts\/102209","targetHints":{"allow":["GET"]}}],"collection":[{"href":"https:\/\/elregionalvm.com.ar\/noticias-villa-maria\/wp-json\/wp\/v2\/posts"}],"about":[{"href":"https:\/\/elregionalvm.com.ar\/noticias-villa-maria\/wp-json\/wp\/v2\/types\/post"}],"author":[{"embeddable":true,"href":"https:\/\/elregionalvm.com.ar\/noticias-villa-maria\/wp-json\/wp\/v2\/users\/4"}],"replies":[{"embeddable":true,"href":"https:\/\/elregionalvm.com.ar\/noticias-villa-maria\/wp-json\/wp\/v2\/comments?post=102209"}],"version-history":[{"count":4,"href":"https:\/\/elregionalvm.com.ar\/noticias-villa-maria\/wp-json\/wp\/v2\/posts\/102209\/revisions"}],"predecessor-version":[{"id":102216,"href":"https:\/\/elregionalvm.com.ar\/noticias-villa-maria\/wp-json\/wp\/v2\/posts\/102209\/revisions\/102216"}],"wp:featuredmedia":[{"embeddable":true,"href":"https:\/\/elregionalvm.com.ar\/noticias-villa-maria\/wp-json\/wp\/v2\/media\/102212"}],"wp:attachment":[{"href":"https:\/\/elregionalvm.com.ar\/noticias-villa-maria\/wp-json\/wp\/v2\/media?parent=102209"}],"wp:term":[{"taxonomy":"category","embeddable":true,"href":"https:\/\/elregionalvm.com.ar\/noticias-villa-maria\/wp-json\/wp\/v2\/categories?post=102209"},{"taxonomy":"post_tag","embeddable":true,"href":"https:\/\/elregionalvm.com.ar\/noticias-villa-maria\/wp-json\/wp\/v2\/tags?post=102209"}],"curies":[{"name":"wp","href":"https:\/\/api.w.org\/{rel}","templated":true}]}}