{"id":102217,"date":"2025-01-07T15:18:46","date_gmt":"2025-01-07T15:18:46","guid":{"rendered":"https:\/\/elregionalvm.com.ar\/noticias-villa-maria\/?p=102217"},"modified":"2025-01-07T15:18:47","modified_gmt":"2025-01-07T15:18:47","slug":"un-hombre-fue-detenido-por-amenazar-a-una-vecina-y-portar-un-revolver-en-barrio-san-martin","status":"publish","type":"post","link":"https:\/\/elregionalvm.com.ar\/noticias-villa-maria\/un-hombre-fue-detenido-por-amenazar-a-una-vecina-y-portar-un-revolver-en-barrio-san-martin\/","title":{"rendered":"Un hombre fue detenido por amenazar a una vecina y portar un revolver en barrio San Mart\u00edn"},"content":{"rendered":"\n<p>Siendo aproximadamente las 21:00 horas de la v\u00edspera, personal de la Divisi\u00f3n Investigaciones de esta Unidad Departamental en calle Gorriti al 200 procedi\u00f3 a materializar la detenci\u00f3n de un hombre de 30 a\u00f1os de edad por supuesto autor de los delitos de \u201cLesiones Leves\u201d y \u201cAmenazas\u201d, de acuerdo a lo solicitado por la Fiscal\u00eda de Instrucci\u00f3n en Feria, Sec. Dra. Dalila Alcala; en el marco de una causa judicial que se iniciara por denuncia formulada por una vecina de este sujeto, a quien habr\u00eda agredido y amenazado en circunstancias que se investigan.<\/p>\n\n\n\n<p>En el procedimiento en el que intervinieron los pesquisas para concretar la detenci\u00f3n, una vez individualizado el mismo se inici\u00f3 una breve persecuci\u00f3n de infante tras lo cual se pudo concretar la detenci\u00f3n y proceder al secuestro de una ri\u00f1onera que el mismo manten\u00eda en su poder y de cuyo interior se secuestr\u00f3 un arma de fuego de pu\u00f1o, tipo rev\u00f3lver, cal. 22 m.m., sin cartuchos.<\/p>\n\n\n\n<p>Se labran actuaciones a disposici\u00f3n de la Fiscal\u00eda de Instrucci\u00f3n de Turno en Feria.<\/p>\n","protected":false},"excerpt":{"rendered":"<p>Siendo aproximadamente las 21:00 horas de la v\u00edspera, personal de la Divisi\u00f3n Investigaciones de esta Unidad Departamental en calle Gorriti al 200 procedi\u00f3 a materializar la detenci\u00f3n de un hombre de 30 a\u00f1os de edad por supuesto autor de los delitos de \u201cLesiones Leves\u201d y \u201cAmenazas\u201d, de acuerdo a lo solicitado por la Fiscal\u00eda de [&hellip;]<\/p>\n","protected":false},"author":4,"featured_media":102218,"comment_status":"open","ping_status":"open","sticky":false,"template":"","format":"standard","meta":{"site-sidebar-layout":"default","site-content-layout":"","ast-site-content-layout":"default","site-content-style":"default","site-sidebar-style":"default","ast-global-header-display":"","ast-banner-title-visibility":"","ast-main-header-display":"","ast-hfb-above-header-display":"","ast-hfb-below-header-display":"","ast-hfb-mobile-header-display":"","site-post-title":"","ast-breadcrumbs-content":"","ast-featured-img":"","footer-sml-layout":"","ast-disable-related-posts":"","theme-transparent-header-meta":"","adv-header-id-meta":"","stick-header-meta":"","header-above-stick-meta":"","header-main-stick-meta":"","header-below-stick-meta":"","astra-migrate-meta-layouts":"set","ast-page-background-enabled":"default","ast-page-background-meta":{"desktop":{"background-color":"","background-image":"","background-repeat":"repeat","background-position":"center center","background-size":"auto","background-attachment":"scroll","background-type":"","background-media":"","overlay-type":"","overlay-color":"","overlay-opacity":"","overlay-gradient":""},"tablet":{"background-color":"","background-image":"","background-repeat":"repeat","background-position":"center center","background-size":"auto","background-attachment":"scroll","background-type":"","background-media":"","overlay-type":"","overlay-color":"","overlay-opacity":"","overlay-gradient":""},"mobile":{"background-color":"","background-image":"","background-repeat":"repeat","background-position":"center center","background-size":"auto","background-attachment":"scroll","background-type":"","background-media":"","overlay-type":"","overlay-color":"","overlay-opacity":"","overlay-gradient":""}},"ast-content-background-meta":{"desktop":{"background-color":"var(--ast-global-color-5)","background-image":"","background-repeat":"repeat","background-position":"center center","background-size":"auto","background-attachment":"scroll","background-type":"","background-media":"","overlay-type":"","overlay-color":"","overlay-opacity":"","overlay-gradient":""},"tablet":{"background-color":"var(--ast-global-color-5)","background-image":"","background-repeat":"repeat","background-position":"center center","background-size":"auto","background-attachment":"scroll","background-type":"","background-media":"","overlay-type":"","overlay-color":"","overlay-opacity":"","overlay-gradient":""},"mobile":{"background-color":"var(--ast-global-color-5)","background-image":"","background-repeat":"repeat","background-position":"center center","background-size":"auto","background-attachment":"scroll","background-type":"","background-media":"","overlay-type":"","overlay-color":"","overlay-opacity":"","overlay-gradient":""}},"_jetpack_memberships_contains_paid_content":false,"_joinchat":[],"footnotes":""},"categories":[15302,2234,5,2],"tags":[],"class_list":["post-102217","post","type-post","status-publish","format-standard","has-post-thumbnail","hentry","category-destacado","category-policiales","category-sociedad","category-villa-maria"],"yoast_head":"<!-- This site is optimized with the Yoast SEO plugin v26.8 - https:\/\/yoast.com\/product\/yoast-seo-wordpress\/ -->\n<title>Un hombre fue detenido por amenazar a una vecina y portar un revolver en barrio San Mart\u00edn - El Regional<\/title>\n<meta name=\"robots\" content=\"index, follow, max-snippet:-1, max-image-preview:large, max-video-preview:-1\" \/>\n<link rel=\"canonical\" href=\"https:\/\/elregionalvm.com.ar\/noticias-villa-maria\/un-hombre-fue-detenido-por-amenazar-a-una-vecina-y-portar-un-revolver-en-barrio-san-martin\/\" \/>\n<meta property=\"og:locale\" content=\"es_ES\" \/>\n<meta property=\"og:type\" content=\"article\" \/>\n<meta property=\"og:title\" content=\"Un hombre fue detenido por amenazar a una vecina y portar un revolver en barrio San Mart\u00edn - El Regional\" \/>\n<meta property=\"og:description\" content=\"Siendo aproximadamente las 21:00 horas de la v\u00edspera, personal de la Divisi\u00f3n Investigaciones de esta Unidad Departamental en calle Gorriti al 200 procedi\u00f3 a materializar la detenci\u00f3n de un hombre de 30 a\u00f1os de edad por supuesto autor de los delitos de \u201cLesiones Leves\u201d y \u201cAmenazas\u201d, de acuerdo a lo solicitado por la Fiscal\u00eda de [&hellip;]\" \/>\n<meta property=\"og:url\" content=\"https:\/\/elregionalvm.com.ar\/noticias-villa-maria\/un-hombre-fue-detenido-por-amenazar-a-una-vecina-y-portar-un-revolver-en-barrio-san-martin\/\" \/>\n<meta property=\"og:site_name\" content=\"El Regional\" \/>\n<meta property=\"article:publisher\" content=\"https:\/\/www.facebook.com\/elregionalvm\" \/>\n<meta property=\"article:published_time\" content=\"2025-01-07T15:18:46+00:00\" \/>\n<meta property=\"article:modified_time\" content=\"2025-01-07T15:18:47+00:00\" \/>\n<meta property=\"og:image\" content=\"https:\/\/elregionalvm.com.ar\/noticias-villa-maria\/wp-content\/uploads\/2025\/01\/WhatsApp-Image-2025-01-07-at-11.25.33-AM.jpeg\" \/>\n\t<meta property=\"og:image:width\" content=\"1584\" \/>\n\t<meta property=\"og:image:height\" content=\"900\" \/>\n\t<meta property=\"og:image:type\" content=\"image\/jpeg\" \/>\n<meta name=\"author\" content=\"Contenidos El Regional\" \/>\n<meta name=\"twitter:card\" content=\"summary_large_image\" \/>\n<meta name=\"twitter:creator\" content=\"@elregionalvm1\" \/>\n<meta name=\"twitter:site\" content=\"@elregionalvm1\" \/>\n<meta name=\"twitter:label1\" content=\"Escrito por\" \/>\n\t<meta name=\"twitter:data1\" content=\"Contenidos El Regional\" \/>\n\t<meta name=\"twitter:label2\" content=\"Tiempo de lectura\" \/>\n\t<meta name=\"twitter:data2\" content=\"1 minuto\" \/>\n<script type=\"application\/ld+json\" class=\"yoast-schema-graph\">{\"@context\":\"https:\/\/schema.org\",\"@graph\":[{\"@type\":\"Article\",\"@id\":\"https:\/\/elregionalvm.com.ar\/noticias-villa-maria\/un-hombre-fue-detenido-por-amenazar-a-una-vecina-y-portar-un-revolver-en-barrio-san-martin\/#article\",\"isPartOf\":{\"@id\":\"https:\/\/elregionalvm.com.ar\/noticias-villa-maria\/un-hombre-fue-detenido-por-amenazar-a-una-vecina-y-portar-un-revolver-en-barrio-san-martin\/\"},\"author\":{\"name\":\"Contenidos El Regional\",\"@id\":\"http:\/\/elregionalvm.com.ar\/noticias-villa-maria\/#\/schema\/person\/a0fb9c422317faca23d50163151bc354\"},\"headline\":\"Un hombre fue detenido por amenazar a una vecina y portar un revolver en barrio San Mart\u00edn\",\"datePublished\":\"2025-01-07T15:18:46+00:00\",\"dateModified\":\"2025-01-07T15:18:47+00:00\",\"mainEntityOfPage\":{\"@id\":\"https:\/\/elregionalvm.com.ar\/noticias-villa-maria\/un-hombre-fue-detenido-por-amenazar-a-una-vecina-y-portar-un-revolver-en-barrio-san-martin\/\"},\"wordCount\":204,\"commentCount\":0,\"image\":{\"@id\":\"https:\/\/elregionalvm.com.ar\/noticias-villa-maria\/un-hombre-fue-detenido-por-amenazar-a-una-vecina-y-portar-un-revolver-en-barrio-san-martin\/#primaryimage\"},\"thumbnailUrl\":\"https:\/\/i0.wp.com\/elregionalvm.com.ar\/noticias-villa-maria\/wp-content\/uploads\/2025\/01\/WhatsApp-Image-2025-01-07-at-11.25.33-AM.jpeg?fit=1584%2C900&ssl=1\",\"articleSection\":[\"destacado\",\"Policiales\",\"Sociedad\",\"Villa Mar\u00eda\"],\"inLanguage\":\"es\",\"potentialAction\":[{\"@type\":\"CommentAction\",\"name\":\"Comment\",\"target\":[\"https:\/\/elregionalvm.com.ar\/noticias-villa-maria\/un-hombre-fue-detenido-por-amenazar-a-una-vecina-y-portar-un-revolver-en-barrio-san-martin\/#respond\"]}]},{\"@type\":\"WebPage\",\"@id\":\"https:\/\/elregionalvm.com.ar\/noticias-villa-maria\/un-hombre-fue-detenido-por-amenazar-a-una-vecina-y-portar-un-revolver-en-barrio-san-martin\/\",\"url\":\"https:\/\/elregionalvm.com.ar\/noticias-villa-maria\/un-hombre-fue-detenido-por-amenazar-a-una-vecina-y-portar-un-revolver-en-barrio-san-martin\/\",\"name\":\"Un hombre fue detenido por amenazar a una vecina y portar un revolver en barrio San Mart\u00edn - El Regional\",\"isPartOf\":{\"@id\":\"http:\/\/elregionalvm.com.ar\/noticias-villa-maria\/#website\"},\"primaryImageOfPage\":{\"@id\":\"https:\/\/elregionalvm.com.ar\/noticias-villa-maria\/un-hombre-fue-detenido-por-amenazar-a-una-vecina-y-portar-un-revolver-en-barrio-san-martin\/#primaryimage\"},\"image\":{\"@id\":\"https:\/\/elregionalvm.com.ar\/noticias-villa-maria\/un-hombre-fue-detenido-por-amenazar-a-una-vecina-y-portar-un-revolver-en-barrio-san-martin\/#primaryimage\"},\"thumbnailUrl\":\"https:\/\/i0.wp.com\/elregionalvm.com.ar\/noticias-villa-maria\/wp-content\/uploads\/2025\/01\/WhatsApp-Image-2025-01-07-at-11.25.33-AM.jpeg?fit=1584%2C900&ssl=1\",\"datePublished\":\"2025-01-07T15:18:46+00:00\",\"dateModified\":\"2025-01-07T15:18:47+00:00\",\"author\":{\"@id\":\"http:\/\/elregionalvm.com.ar\/noticias-villa-maria\/#\/schema\/person\/a0fb9c422317faca23d50163151bc354\"},\"breadcrumb\":{\"@id\":\"https:\/\/elregionalvm.com.ar\/noticias-villa-maria\/un-hombre-fue-detenido-por-amenazar-a-una-vecina-y-portar-un-revolver-en-barrio-san-martin\/#breadcrumb\"},\"inLanguage\":\"es\",\"potentialAction\":[{\"@type\":\"ReadAction\",\"target\":[\"https:\/\/elregionalvm.com.ar\/noticias-villa-maria\/un-hombre-fue-detenido-por-amenazar-a-una-vecina-y-portar-un-revolver-en-barrio-san-martin\/\"]}]},{\"@type\":\"ImageObject\",\"inLanguage\":\"es\",\"@id\":\"https:\/\/elregionalvm.com.ar\/noticias-villa-maria\/un-hombre-fue-detenido-por-amenazar-a-una-vecina-y-portar-un-revolver-en-barrio-san-martin\/#primaryimage\",\"url\":\"https:\/\/i0.wp.com\/elregionalvm.com.ar\/noticias-villa-maria\/wp-content\/uploads\/2025\/01\/WhatsApp-Image-2025-01-07-at-11.25.33-AM.jpeg?fit=1584%2C900&ssl=1\",\"contentUrl\":\"https:\/\/i0.wp.com\/elregionalvm.com.ar\/noticias-villa-maria\/wp-content\/uploads\/2025\/01\/WhatsApp-Image-2025-01-07-at-11.25.33-AM.jpeg?fit=1584%2C900&ssl=1\",\"width\":1584,\"height\":900},{\"@type\":\"BreadcrumbList\",\"@id\":\"https:\/\/elregionalvm.com.ar\/noticias-villa-maria\/un-hombre-fue-detenido-por-amenazar-a-una-vecina-y-portar-un-revolver-en-barrio-san-martin\/#breadcrumb\",\"itemListElement\":[{\"@type\":\"ListItem\",\"position\":1,\"name\":\"Portada\",\"item\":\"https:\/\/elregionalvm.com.ar\/noticias-villa-maria\/\"},{\"@type\":\"ListItem\",\"position\":2,\"name\":\"Un hombre fue detenido por amenazar a una vecina y portar un revolver en barrio San Mart\u00edn\"}]},{\"@type\":\"WebSite\",\"@id\":\"http:\/\/elregionalvm.com.ar\/noticias-villa-maria\/#website\",\"url\":\"http:\/\/elregionalvm.com.ar\/noticias-villa-maria\/\",\"name\":\"El Regional\",\"description\":\"Mucho m\u00e1s que informaci\u00f3n\",\"potentialAction\":[{\"@type\":\"SearchAction\",\"target\":{\"@type\":\"EntryPoint\",\"urlTemplate\":\"http:\/\/elregionalvm.com.ar\/noticias-villa-maria\/?s={search_term_string}\"},\"query-input\":{\"@type\":\"PropertyValueSpecification\",\"valueRequired\":true,\"valueName\":\"search_term_string\"}}],\"inLanguage\":\"es\"},{\"@type\":\"Person\",\"@id\":\"http:\/\/elregionalvm.com.ar\/noticias-villa-maria\/#\/schema\/person\/a0fb9c422317faca23d50163151bc354\",\"name\":\"Contenidos El Regional\",\"image\":{\"@type\":\"ImageObject\",\"inLanguage\":\"es\",\"@id\":\"http:\/\/elregionalvm.com.ar\/noticias-villa-maria\/#\/schema\/person\/image\/\",\"url\":\"https:\/\/secure.gravatar.com\/avatar\/265b27cb2209af7bb3a1318f03305787d7981a5cc6e6cd08fe5a4ecdf99d4b48?s=96&d=mm&r=g\",\"contentUrl\":\"https:\/\/secure.gravatar.com\/avatar\/265b27cb2209af7bb3a1318f03305787d7981a5cc6e6cd08fe5a4ecdf99d4b48?s=96&d=mm&r=g\",\"caption\":\"Contenidos El Regional\"},\"url\":\"https:\/\/elregionalvm.com.ar\/noticias-villa-maria\/author\/contenido\/\"}]}<\/script>\n<!-- \/ Yoast SEO plugin. -->","yoast_head_json":{"title":"Un hombre fue detenido por amenazar a una vecina y portar un revolver en barrio San Mart\u00edn - El Regional","robots":{"index":"index","follow":"follow","max-snippet":"max-snippet:-1","max-image-preview":"max-image-preview:large","max-video-preview":"max-video-preview:-1"},"canonical":"https:\/\/elregionalvm.com.ar\/noticias-villa-maria\/un-hombre-fue-detenido-por-amenazar-a-una-vecina-y-portar-un-revolver-en-barrio-san-martin\/","og_locale":"es_ES","og_type":"article","og_title":"Un hombre fue detenido por amenazar a una vecina y portar un revolver en barrio San Mart\u00edn - El Regional","og_description":"Siendo aproximadamente las 21:00 horas de la v\u00edspera, personal de la Divisi\u00f3n Investigaciones de esta Unidad Departamental en calle Gorriti al 200 procedi\u00f3 a materializar la detenci\u00f3n de un hombre de 30 a\u00f1os de edad por supuesto autor de los delitos de \u201cLesiones Leves\u201d y \u201cAmenazas\u201d, de acuerdo a lo solicitado por la Fiscal\u00eda de [&hellip;]","og_url":"https:\/\/elregionalvm.com.ar\/noticias-villa-maria\/un-hombre-fue-detenido-por-amenazar-a-una-vecina-y-portar-un-revolver-en-barrio-san-martin\/","og_site_name":"El Regional","article_publisher":"https:\/\/www.facebook.com\/elregionalvm","article_published_time":"2025-01-07T15:18:46+00:00","article_modified_time":"2025-01-07T15:18:47+00:00","og_image":[{"width":1584,"height":900,"url":"https:\/\/elregionalvm.com.ar\/noticias-villa-maria\/wp-content\/uploads\/2025\/01\/WhatsApp-Image-2025-01-07-at-11.25.33-AM.jpeg","type":"image\/jpeg"}],"author":"Contenidos El Regional","twitter_card":"summary_large_image","twitter_creator":"@elregionalvm1","twitter_site":"@elregionalvm1","twitter_misc":{"Escrito por":"Contenidos El Regional","Tiempo de lectura":"1 minuto"},"schema":{"@context":"https:\/\/schema.org","@graph":[{"@type":"Article","@id":"https:\/\/elregionalvm.com.ar\/noticias-villa-maria\/un-hombre-fue-detenido-por-amenazar-a-una-vecina-y-portar-un-revolver-en-barrio-san-martin\/#article","isPartOf":{"@id":"https:\/\/elregionalvm.com.ar\/noticias-villa-maria\/un-hombre-fue-detenido-por-amenazar-a-una-vecina-y-portar-un-revolver-en-barrio-san-martin\/"},"author":{"name":"Contenidos El Regional","@id":"http:\/\/elregionalvm.com.ar\/noticias-villa-maria\/#\/schema\/person\/a0fb9c422317faca23d50163151bc354"},"headline":"Un hombre fue detenido por amenazar a una vecina y portar un revolver en barrio San Mart\u00edn","datePublished":"2025-01-07T15:18:46+00:00","dateModified":"2025-01-07T15:18:47+00:00","mainEntityOfPage":{"@id":"https:\/\/elregionalvm.com.ar\/noticias-villa-maria\/un-hombre-fue-detenido-por-amenazar-a-una-vecina-y-portar-un-revolver-en-barrio-san-martin\/"},"wordCount":204,"commentCount":0,"image":{"@id":"https:\/\/elregionalvm.com.ar\/noticias-villa-maria\/un-hombre-fue-detenido-por-amenazar-a-una-vecina-y-portar-un-revolver-en-barrio-san-martin\/#primaryimage"},"thumbnailUrl":"https:\/\/i0.wp.com\/elregionalvm.com.ar\/noticias-villa-maria\/wp-content\/uploads\/2025\/01\/WhatsApp-Image-2025-01-07-at-11.25.33-AM.jpeg?fit=1584%2C900&ssl=1","articleSection":["destacado","Policiales","Sociedad","Villa Mar\u00eda"],"inLanguage":"es","potentialAction":[{"@type":"CommentAction","name":"Comment","target":["https:\/\/elregionalvm.com.ar\/noticias-villa-maria\/un-hombre-fue-detenido-por-amenazar-a-una-vecina-y-portar-un-revolver-en-barrio-san-martin\/#respond"]}]},{"@type":"WebPage","@id":"https:\/\/elregionalvm.com.ar\/noticias-villa-maria\/un-hombre-fue-detenido-por-amenazar-a-una-vecina-y-portar-un-revolver-en-barrio-san-martin\/","url":"https:\/\/elregionalvm.com.ar\/noticias-villa-maria\/un-hombre-fue-detenido-por-amenazar-a-una-vecina-y-portar-un-revolver-en-barrio-san-martin\/","name":"Un hombre fue detenido por amenazar a una vecina y portar un revolver en barrio San Mart\u00edn - El Regional","isPartOf":{"@id":"http:\/\/elregionalvm.com.ar\/noticias-villa-maria\/#website"},"primaryImageOfPage":{"@id":"https:\/\/elregionalvm.com.ar\/noticias-villa-maria\/un-hombre-fue-detenido-por-amenazar-a-una-vecina-y-portar-un-revolver-en-barrio-san-martin\/#primaryimage"},"image":{"@id":"https:\/\/elregionalvm.com.ar\/noticias-villa-maria\/un-hombre-fue-detenido-por-amenazar-a-una-vecina-y-portar-un-revolver-en-barrio-san-martin\/#primaryimage"},"thumbnailUrl":"https:\/\/i0.wp.com\/elregionalvm.com.ar\/noticias-villa-maria\/wp-content\/uploads\/2025\/01\/WhatsApp-Image-2025-01-07-at-11.25.33-AM.jpeg?fit=1584%2C900&ssl=1","datePublished":"2025-01-07T15:18:46+00:00","dateModified":"2025-01-07T15:18:47+00:00","author":{"@id":"http:\/\/elregionalvm.com.ar\/noticias-villa-maria\/#\/schema\/person\/a0fb9c422317faca23d50163151bc354"},"breadcrumb":{"@id":"https:\/\/elregionalvm.com.ar\/noticias-villa-maria\/un-hombre-fue-detenido-por-amenazar-a-una-vecina-y-portar-un-revolver-en-barrio-san-martin\/#breadcrumb"},"inLanguage":"es","potentialAction":[{"@type":"ReadAction","target":["https:\/\/elregionalvm.com.ar\/noticias-villa-maria\/un-hombre-fue-detenido-por-amenazar-a-una-vecina-y-portar-un-revolver-en-barrio-san-martin\/"]}]},{"@type":"ImageObject","inLanguage":"es","@id":"https:\/\/elregionalvm.com.ar\/noticias-villa-maria\/un-hombre-fue-detenido-por-amenazar-a-una-vecina-y-portar-un-revolver-en-barrio-san-martin\/#primaryimage","url":"https:\/\/i0.wp.com\/elregionalvm.com.ar\/noticias-villa-maria\/wp-content\/uploads\/2025\/01\/WhatsApp-Image-2025-01-07-at-11.25.33-AM.jpeg?fit=1584%2C900&ssl=1","contentUrl":"https:\/\/i0.wp.com\/elregionalvm.com.ar\/noticias-villa-maria\/wp-content\/uploads\/2025\/01\/WhatsApp-Image-2025-01-07-at-11.25.33-AM.jpeg?fit=1584%2C900&ssl=1","width":1584,"height":900},{"@type":"BreadcrumbList","@id":"https:\/\/elregionalvm.com.ar\/noticias-villa-maria\/un-hombre-fue-detenido-por-amenazar-a-una-vecina-y-portar-un-revolver-en-barrio-san-martin\/#breadcrumb","itemListElement":[{"@type":"ListItem","position":1,"name":"Portada","item":"https:\/\/elregionalvm.com.ar\/noticias-villa-maria\/"},{"@type":"ListItem","position":2,"name":"Un hombre fue detenido por amenazar a una vecina y portar un revolver en barrio San Mart\u00edn"}]},{"@type":"WebSite","@id":"http:\/\/elregionalvm.com.ar\/noticias-villa-maria\/#website","url":"http:\/\/elregionalvm.com.ar\/noticias-villa-maria\/","name":"El Regional","description":"Mucho m\u00e1s que informaci\u00f3n","potentialAction":[{"@type":"SearchAction","target":{"@type":"EntryPoint","urlTemplate":"http:\/\/elregionalvm.com.ar\/noticias-villa-maria\/?s={search_term_string}"},"query-input":{"@type":"PropertyValueSpecification","valueRequired":true,"valueName":"search_term_string"}}],"inLanguage":"es"},{"@type":"Person","@id":"http:\/\/elregionalvm.com.ar\/noticias-villa-maria\/#\/schema\/person\/a0fb9c422317faca23d50163151bc354","name":"Contenidos El Regional","image":{"@type":"ImageObject","inLanguage":"es","@id":"http:\/\/elregionalvm.com.ar\/noticias-villa-maria\/#\/schema\/person\/image\/","url":"https:\/\/secure.gravatar.com\/avatar\/265b27cb2209af7bb3a1318f03305787d7981a5cc6e6cd08fe5a4ecdf99d4b48?s=96&d=mm&r=g","contentUrl":"https:\/\/secure.gravatar.com\/avatar\/265b27cb2209af7bb3a1318f03305787d7981a5cc6e6cd08fe5a4ecdf99d4b48?s=96&d=mm&r=g","caption":"Contenidos El Regional"},"url":"https:\/\/elregionalvm.com.ar\/noticias-villa-maria\/author\/contenido\/"}]}},"jetpack_featured_media_url":"https:\/\/i0.wp.com\/elregionalvm.com.ar\/noticias-villa-maria\/wp-content\/uploads\/2025\/01\/WhatsApp-Image-2025-01-07-at-11.25.33-AM.jpeg?fit=1584%2C900&ssl=1","jetpack_sharing_enabled":true,"_links":{"self":[{"href":"https:\/\/elregionalvm.com.ar\/noticias-villa-maria\/wp-json\/wp\/v2\/posts\/102217","targetHints":{"allow":["GET"]}}],"collection":[{"href":"https:\/\/elregionalvm.com.ar\/noticias-villa-maria\/wp-json\/wp\/v2\/posts"}],"about":[{"href":"https:\/\/elregionalvm.com.ar\/noticias-villa-maria\/wp-json\/wp\/v2\/types\/post"}],"author":[{"embeddable":true,"href":"https:\/\/elregionalvm.com.ar\/noticias-villa-maria\/wp-json\/wp\/v2\/users\/4"}],"replies":[{"embeddable":true,"href":"https:\/\/elregionalvm.com.ar\/noticias-villa-maria\/wp-json\/wp\/v2\/comments?post=102217"}],"version-history":[{"count":1,"href":"https:\/\/elregionalvm.com.ar\/noticias-villa-maria\/wp-json\/wp\/v2\/posts\/102217\/revisions"}],"predecessor-version":[{"id":102219,"href":"https:\/\/elregionalvm.com.ar\/noticias-villa-maria\/wp-json\/wp\/v2\/posts\/102217\/revisions\/102219"}],"wp:featuredmedia":[{"embeddable":true,"href":"https:\/\/elregionalvm.com.ar\/noticias-villa-maria\/wp-json\/wp\/v2\/media\/102218"}],"wp:attachment":[{"href":"https:\/\/elregionalvm.com.ar\/noticias-villa-maria\/wp-json\/wp\/v2\/media?parent=102217"}],"wp:term":[{"taxonomy":"category","embeddable":true,"href":"https:\/\/elregionalvm.com.ar\/noticias-villa-maria\/wp-json\/wp\/v2\/categories?post=102217"},{"taxonomy":"post_tag","embeddable":true,"href":"https:\/\/elregionalvm.com.ar\/noticias-villa-maria\/wp-json\/wp\/v2\/tags?post=102217"}],"curies":[{"name":"wp","href":"https:\/\/api.w.org\/{rel}","templated":true}]}}