{"id":102225,"date":"2025-01-07T15:32:56","date_gmt":"2025-01-07T15:32:56","guid":{"rendered":"https:\/\/elregionalvm.com.ar\/noticias-villa-maria\/?p=102225"},"modified":"2025-01-07T15:32:57","modified_gmt":"2025-01-07T15:32:57","slug":"villa-maria-ilumina-su-patrimonio-historico-con-nueva-obra-en-parroquia-nuestra-senora-de-lourdes","status":"publish","type":"post","link":"https:\/\/elregionalvm.com.ar\/noticias-villa-maria\/villa-maria-ilumina-su-patrimonio-historico-con-nueva-obra-en-parroquia-nuestra-senora-de-lourdes\/","title":{"rendered":"Villa Mar\u00eda ilumina su patrimonio hist\u00f3rico con nueva obra en Parroquia Nuestra Se\u00f1ora de Lourdes"},"content":{"rendered":"\n<p>Fueron colocadas 40 luminarias led ornamentales en el exterior del templo para resaltar su arquitectura, junto con trabajos complementarios de jardiner\u00eda y pintura en la Gruta contigua. La obra, ejecutada por la Municipalidad de Villa Mar\u00eda, se suma a otras acciones para proteger y realzar el patrimonio hist\u00f3rico de la ciudad<\/p>\n\n\n\n<p>La Municipalidad de Villa Mar\u00eda informa que se realiz\u00f3 la inauguraci\u00f3n de la nueva iluminaci\u00f3n externa de la emblem\u00e1tica Parroquia Nuestra Se\u00f1ora de Lourdes en barrio Ameghino, en el marco del programa \u201cPuesta en Valor del Alma de la Ciudad\u201d.<\/p>\n\n\n\n<p>La ceremonia de inauguraci\u00f3n cont\u00f3 con la presencia del intendente Eduardo Accastello junto al secretario de Gobierno, Cultura y Relaciones Institucionales, Marcos Bovo; la Subsecretaria, Virginia Reyneri; la directora de Museos y Patrimonio, \u00c1ngeles Basualdo; la coordinadora del Instituto Municipal de las Artes, \u00c1ngela Parodi y el legislador Alfredo Nigro.<\/p>\n\n\n\n<p>La importante obra, ejecutada por el gobierno municipal a trav\u00e9s de la Secretar\u00eda de Gobierno, Cultura y Relaciones Institucionales, consisti\u00f3 en la colocaci\u00f3n de 40 luminarias led ornamentales direccionales en el exterior del templo.<\/p>\n\n\n\n<p>Los trabajos, realizados en conjunto con la Secretar\u00eda de Infraestructura, Desarrollo Urbano y Ambiente, se enfocaron en resaltar puntos de referencia arquitect\u00f3nica como el campanario, la torre central, la cruz superior y el acceso a la galer\u00eda, utilizando una iluminaci\u00f3n en tonos c\u00e1lidos y fr\u00edos.<\/p>\n\n\n\n<p><em><strong>\u201cVilla Mar\u00eda es una ciudad que est\u00e1 siempre linda, pero adem\u00e1s queremos vivir ac\u00e1 porque es una ciudad de paz. En momentos dif\u00edciles hay que extender la mano y abrazar al otro. Estamos comenzando un nuevo a\u00f1o y lo hacemos a partir de la fe, la esperanza y la actitud para vivir mejor\u201d<\/strong><\/em>, expres\u00f3 el intendente Eduardo Accastello durante la inauguraci\u00f3n.<\/p>\n\n\n\n<p><em><strong>\u201cLa luz de la capilla se ve desde la autopista y es una se\u00f1al de que la fe en esta ciudad permanece, que Jes\u00fas nos acompa\u00f1a\u201d<\/strong><\/em>, agreg\u00f3.<\/p>\n\n\n\n<p>El cura p\u00e1rroco Fernando Malpiedi destac\u00f3 el significado espiritual de la obra: \u201cEste embellecimiento del templo es una invitaci\u00f3n a embellecer la vida de cada uno y la familia. Estos trabajos nos invitan tambi\u00e9n al trabajo interior del coraz\u00f3n, la propuesta es encontrar a Dios en las cosas, en la vida, la familia, amigos y lo profundo de nuestro coraz\u00f3n\u201d.<\/p>\n\n\n\n<p>La ceremonia cont\u00f3 adem\u00e1s con un momento especial cuando la reconocida cantante local Ro Heredia brind\u00f3 un emotivo repertorio musical que engalan\u00f3 la velada, sumando su arte a esta significativa celebraci\u00f3n para el patrimonio cultural y religioso de Villa Mar\u00eda.<\/p>\n\n\n\n<p>Como parte integral del proyecto, la Subsecretar\u00eda de Servicios P\u00fablicos realiz\u00f3 trabajos complementarios de puesta en valor en la Gruta contigua a la Parroquia, que incluyeron labores de jardiner\u00eda y pintura, mejoras que ya est\u00e1n finalizadas y disponibles para el disfrute de los vecinos.<\/p>\n\n\n\n<p>Este proyecto se enmarca en el programa \u201cVilla Mar\u00eda 100% Led\u201d, que ya ha instalado m\u00e1s de 1.100 luces de \u00faltima generaci\u00f3n en puntos estrat\u00e9gicos de la ciudad, mejorando la seguridad y la sustentabilidad energ\u00e9tica. La iniciativa se suma a otras acciones de puesta en valor de templos hist\u00f3ricos, como la realizada el pasado 27 de septiembre en la Iglesia Catedral Inmaculada Concepci\u00f3n, con motivo de sus 150 a\u00f1os.<\/p>\n\n\n\n<p>La Municipalidad invita a todos los vecinos a apreciar el renovado aspecto de la Parroquia Nuestra Se\u00f1ora de Lourdes, que luce en todo su esplendor gracias a estas mejoras, como s\u00edmbolo del trabajo constante para resaltar la identidad de la ciudad.<\/p>\n","protected":false},"excerpt":{"rendered":"<p>Fueron colocadas 40 luminarias led ornamentales en el exterior del templo para resaltar su arquitectura, junto con trabajos complementarios de jardiner\u00eda y pintura en la Gruta contigua. La obra, ejecutada por la Municipalidad de Villa Mar\u00eda, se suma a otras acciones para proteger y realzar el patrimonio hist\u00f3rico de la ciudad La Municipalidad de Villa [&hellip;]<\/p>\n","protected":false},"author":4,"featured_media":102226,"comment_status":"open","ping_status":"open","sticky":false,"template":"","format":"standard","meta":{"site-sidebar-layout":"default","site-content-layout":"","ast-site-content-layout":"default","site-content-style":"default","site-sidebar-style":"default","ast-global-header-display":"","ast-banner-title-visibility":"","ast-main-header-display":"","ast-hfb-above-header-display":"","ast-hfb-below-header-display":"","ast-hfb-mobile-header-display":"","site-post-title":"","ast-breadcrumbs-content":"","ast-featured-img":"","footer-sml-layout":"","ast-disable-related-posts":"","theme-transparent-header-meta":"","adv-header-id-meta":"","stick-header-meta":"","header-above-stick-meta":"","header-main-stick-meta":"","header-below-stick-meta":"","astra-migrate-meta-layouts":"set","ast-page-background-enabled":"default","ast-page-background-meta":{"desktop":{"background-color":"","background-image":"","background-repeat":"repeat","background-position":"center center","background-size":"auto","background-attachment":"scroll","background-type":"","background-media":"","overlay-type":"","overlay-color":"","overlay-opacity":"","overlay-gradient":""},"tablet":{"background-color":"","background-image":"","background-repeat":"repeat","background-position":"center center","background-size":"auto","background-attachment":"scroll","background-type":"","background-media":"","overlay-type":"","overlay-color":"","overlay-opacity":"","overlay-gradient":""},"mobile":{"background-color":"","background-image":"","background-repeat":"repeat","background-position":"center center","background-size":"auto","background-attachment":"scroll","background-type":"","background-media":"","overlay-type":"","overlay-color":"","overlay-opacity":"","overlay-gradient":""}},"ast-content-background-meta":{"desktop":{"background-color":"var(--ast-global-color-5)","background-image":"","background-repeat":"repeat","background-position":"center center","background-size":"auto","background-attachment":"scroll","background-type":"","background-media":"","overlay-type":"","overlay-color":"","overlay-opacity":"","overlay-gradient":""},"tablet":{"background-color":"var(--ast-global-color-5)","background-image":"","background-repeat":"repeat","background-position":"center center","background-size":"auto","background-attachment":"scroll","background-type":"","background-media":"","overlay-type":"","overlay-color":"","overlay-opacity":"","overlay-gradient":""},"mobile":{"background-color":"var(--ast-global-color-5)","background-image":"","background-repeat":"repeat","background-position":"center center","background-size":"auto","background-attachment":"scroll","background-type":"","background-media":"","overlay-type":"","overlay-color":"","overlay-opacity":"","overlay-gradient":""}},"_jetpack_memberships_contains_paid_content":false,"_joinchat":[],"footnotes":""},"categories":[15302,5,2],"tags":[],"class_list":["post-102225","post","type-post","status-publish","format-standard","has-post-thumbnail","hentry","category-destacado","category-sociedad","category-villa-maria"],"yoast_head":"<!-- This site is optimized with the Yoast SEO plugin v26.8 - https:\/\/yoast.com\/product\/yoast-seo-wordpress\/ -->\n<title>Villa Mar\u00eda ilumina su patrimonio hist\u00f3rico con nueva obra en Parroquia Nuestra Se\u00f1ora de Lourdes - El Regional<\/title>\n<meta name=\"robots\" content=\"index, follow, max-snippet:-1, max-image-preview:large, max-video-preview:-1\" \/>\n<link rel=\"canonical\" href=\"https:\/\/elregionalvm.com.ar\/noticias-villa-maria\/villa-maria-ilumina-su-patrimonio-historico-con-nueva-obra-en-parroquia-nuestra-senora-de-lourdes\/\" \/>\n<meta property=\"og:locale\" content=\"es_ES\" \/>\n<meta property=\"og:type\" content=\"article\" \/>\n<meta property=\"og:title\" content=\"Villa Mar\u00eda ilumina su patrimonio hist\u00f3rico con nueva obra en Parroquia Nuestra Se\u00f1ora de Lourdes - El Regional\" \/>\n<meta property=\"og:description\" content=\"Fueron colocadas 40 luminarias led ornamentales en el exterior del templo para resaltar su arquitectura, junto con trabajos complementarios de jardiner\u00eda y pintura en la Gruta contigua. La obra, ejecutada por la Municipalidad de Villa Mar\u00eda, se suma a otras acciones para proteger y realzar el patrimonio hist\u00f3rico de la ciudad La Municipalidad de Villa [&hellip;]\" \/>\n<meta property=\"og:url\" content=\"https:\/\/elregionalvm.com.ar\/noticias-villa-maria\/villa-maria-ilumina-su-patrimonio-historico-con-nueva-obra-en-parroquia-nuestra-senora-de-lourdes\/\" \/>\n<meta property=\"og:site_name\" content=\"El Regional\" \/>\n<meta property=\"article:publisher\" content=\"https:\/\/www.facebook.com\/elregionalvm\" \/>\n<meta property=\"article:published_time\" content=\"2025-01-07T15:32:56+00:00\" \/>\n<meta property=\"article:modified_time\" content=\"2025-01-07T15:32:57+00:00\" \/>\n<meta property=\"og:image\" content=\"https:\/\/elregionalvm.com.ar\/noticias-villa-maria\/wp-content\/uploads\/2025\/01\/13bc3483da0d4d7d851169120fee2634.jpeg\" \/>\n\t<meta property=\"og:image:width\" content=\"800\" \/>\n\t<meta property=\"og:image:height\" content=\"600\" \/>\n\t<meta property=\"og:image:type\" content=\"image\/jpeg\" \/>\n<meta name=\"author\" content=\"Contenidos El Regional\" \/>\n<meta name=\"twitter:card\" content=\"summary_large_image\" \/>\n<meta name=\"twitter:creator\" content=\"@elregionalvm1\" \/>\n<meta name=\"twitter:site\" content=\"@elregionalvm1\" \/>\n<meta name=\"twitter:label1\" content=\"Escrito por\" \/>\n\t<meta name=\"twitter:data1\" content=\"Contenidos El Regional\" \/>\n\t<meta name=\"twitter:label2\" content=\"Tiempo de lectura\" \/>\n\t<meta name=\"twitter:data2\" content=\"3 minutos\" \/>\n<script type=\"application\/ld+json\" class=\"yoast-schema-graph\">{\"@context\":\"https:\/\/schema.org\",\"@graph\":[{\"@type\":\"Article\",\"@id\":\"https:\/\/elregionalvm.com.ar\/noticias-villa-maria\/villa-maria-ilumina-su-patrimonio-historico-con-nueva-obra-en-parroquia-nuestra-senora-de-lourdes\/#article\",\"isPartOf\":{\"@id\":\"https:\/\/elregionalvm.com.ar\/noticias-villa-maria\/villa-maria-ilumina-su-patrimonio-historico-con-nueva-obra-en-parroquia-nuestra-senora-de-lourdes\/\"},\"author\":{\"name\":\"Contenidos El Regional\",\"@id\":\"http:\/\/elregionalvm.com.ar\/noticias-villa-maria\/#\/schema\/person\/a0fb9c422317faca23d50163151bc354\"},\"headline\":\"Villa Mar\u00eda ilumina su patrimonio hist\u00f3rico con nueva obra en Parroquia Nuestra Se\u00f1ora de Lourdes\",\"datePublished\":\"2025-01-07T15:32:56+00:00\",\"dateModified\":\"2025-01-07T15:32:57+00:00\",\"mainEntityOfPage\":{\"@id\":\"https:\/\/elregionalvm.com.ar\/noticias-villa-maria\/villa-maria-ilumina-su-patrimonio-historico-con-nueva-obra-en-parroquia-nuestra-senora-de-lourdes\/\"},\"wordCount\":622,\"commentCount\":0,\"image\":{\"@id\":\"https:\/\/elregionalvm.com.ar\/noticias-villa-maria\/villa-maria-ilumina-su-patrimonio-historico-con-nueva-obra-en-parroquia-nuestra-senora-de-lourdes\/#primaryimage\"},\"thumbnailUrl\":\"https:\/\/i0.wp.com\/elregionalvm.com.ar\/noticias-villa-maria\/wp-content\/uploads\/2025\/01\/13bc3483da0d4d7d851169120fee2634.jpeg?fit=800%2C600&ssl=1\",\"articleSection\":[\"destacado\",\"Sociedad\",\"Villa Mar\u00eda\"],\"inLanguage\":\"es\",\"potentialAction\":[{\"@type\":\"CommentAction\",\"name\":\"Comment\",\"target\":[\"https:\/\/elregionalvm.com.ar\/noticias-villa-maria\/villa-maria-ilumina-su-patrimonio-historico-con-nueva-obra-en-parroquia-nuestra-senora-de-lourdes\/#respond\"]}]},{\"@type\":\"WebPage\",\"@id\":\"https:\/\/elregionalvm.com.ar\/noticias-villa-maria\/villa-maria-ilumina-su-patrimonio-historico-con-nueva-obra-en-parroquia-nuestra-senora-de-lourdes\/\",\"url\":\"https:\/\/elregionalvm.com.ar\/noticias-villa-maria\/villa-maria-ilumina-su-patrimonio-historico-con-nueva-obra-en-parroquia-nuestra-senora-de-lourdes\/\",\"name\":\"Villa Mar\u00eda ilumina su patrimonio hist\u00f3rico con nueva obra en Parroquia Nuestra Se\u00f1ora de Lourdes - El Regional\",\"isPartOf\":{\"@id\":\"http:\/\/elregionalvm.com.ar\/noticias-villa-maria\/#website\"},\"primaryImageOfPage\":{\"@id\":\"https:\/\/elregionalvm.com.ar\/noticias-villa-maria\/villa-maria-ilumina-su-patrimonio-historico-con-nueva-obra-en-parroquia-nuestra-senora-de-lourdes\/#primaryimage\"},\"image\":{\"@id\":\"https:\/\/elregionalvm.com.ar\/noticias-villa-maria\/villa-maria-ilumina-su-patrimonio-historico-con-nueva-obra-en-parroquia-nuestra-senora-de-lourdes\/#primaryimage\"},\"thumbnailUrl\":\"https:\/\/i0.wp.com\/elregionalvm.com.ar\/noticias-villa-maria\/wp-content\/uploads\/2025\/01\/13bc3483da0d4d7d851169120fee2634.jpeg?fit=800%2C600&ssl=1\",\"datePublished\":\"2025-01-07T15:32:56+00:00\",\"dateModified\":\"2025-01-07T15:32:57+00:00\",\"author\":{\"@id\":\"http:\/\/elregionalvm.com.ar\/noticias-villa-maria\/#\/schema\/person\/a0fb9c422317faca23d50163151bc354\"},\"breadcrumb\":{\"@id\":\"https:\/\/elregionalvm.com.ar\/noticias-villa-maria\/villa-maria-ilumina-su-patrimonio-historico-con-nueva-obra-en-parroquia-nuestra-senora-de-lourdes\/#breadcrumb\"},\"inLanguage\":\"es\",\"potentialAction\":[{\"@type\":\"ReadAction\",\"target\":[\"https:\/\/elregionalvm.com.ar\/noticias-villa-maria\/villa-maria-ilumina-su-patrimonio-historico-con-nueva-obra-en-parroquia-nuestra-senora-de-lourdes\/\"]}]},{\"@type\":\"ImageObject\",\"inLanguage\":\"es\",\"@id\":\"https:\/\/elregionalvm.com.ar\/noticias-villa-maria\/villa-maria-ilumina-su-patrimonio-historico-con-nueva-obra-en-parroquia-nuestra-senora-de-lourdes\/#primaryimage\",\"url\":\"https:\/\/i0.wp.com\/elregionalvm.com.ar\/noticias-villa-maria\/wp-content\/uploads\/2025\/01\/13bc3483da0d4d7d851169120fee2634.jpeg?fit=800%2C600&ssl=1\",\"contentUrl\":\"https:\/\/i0.wp.com\/elregionalvm.com.ar\/noticias-villa-maria\/wp-content\/uploads\/2025\/01\/13bc3483da0d4d7d851169120fee2634.jpeg?fit=800%2C600&ssl=1\",\"width\":800,\"height\":600},{\"@type\":\"BreadcrumbList\",\"@id\":\"https:\/\/elregionalvm.com.ar\/noticias-villa-maria\/villa-maria-ilumina-su-patrimonio-historico-con-nueva-obra-en-parroquia-nuestra-senora-de-lourdes\/#breadcrumb\",\"itemListElement\":[{\"@type\":\"ListItem\",\"position\":1,\"name\":\"Portada\",\"item\":\"https:\/\/elregionalvm.com.ar\/noticias-villa-maria\/\"},{\"@type\":\"ListItem\",\"position\":2,\"name\":\"Villa Mar\u00eda ilumina su patrimonio hist\u00f3rico con nueva obra en Parroquia Nuestra Se\u00f1ora de Lourdes\"}]},{\"@type\":\"WebSite\",\"@id\":\"http:\/\/elregionalvm.com.ar\/noticias-villa-maria\/#website\",\"url\":\"http:\/\/elregionalvm.com.ar\/noticias-villa-maria\/\",\"name\":\"El Regional\",\"description\":\"Mucho m\u00e1s que informaci\u00f3n\",\"potentialAction\":[{\"@type\":\"SearchAction\",\"target\":{\"@type\":\"EntryPoint\",\"urlTemplate\":\"http:\/\/elregionalvm.com.ar\/noticias-villa-maria\/?s={search_term_string}\"},\"query-input\":{\"@type\":\"PropertyValueSpecification\",\"valueRequired\":true,\"valueName\":\"search_term_string\"}}],\"inLanguage\":\"es\"},{\"@type\":\"Person\",\"@id\":\"http:\/\/elregionalvm.com.ar\/noticias-villa-maria\/#\/schema\/person\/a0fb9c422317faca23d50163151bc354\",\"name\":\"Contenidos El Regional\",\"image\":{\"@type\":\"ImageObject\",\"inLanguage\":\"es\",\"@id\":\"http:\/\/elregionalvm.com.ar\/noticias-villa-maria\/#\/schema\/person\/image\/\",\"url\":\"https:\/\/secure.gravatar.com\/avatar\/265b27cb2209af7bb3a1318f03305787d7981a5cc6e6cd08fe5a4ecdf99d4b48?s=96&d=mm&r=g\",\"contentUrl\":\"https:\/\/secure.gravatar.com\/avatar\/265b27cb2209af7bb3a1318f03305787d7981a5cc6e6cd08fe5a4ecdf99d4b48?s=96&d=mm&r=g\",\"caption\":\"Contenidos El Regional\"},\"url\":\"https:\/\/elregionalvm.com.ar\/noticias-villa-maria\/author\/contenido\/\"}]}<\/script>\n<!-- \/ Yoast SEO plugin. -->","yoast_head_json":{"title":"Villa Mar\u00eda ilumina su patrimonio hist\u00f3rico con nueva obra en Parroquia Nuestra Se\u00f1ora de Lourdes - El Regional","robots":{"index":"index","follow":"follow","max-snippet":"max-snippet:-1","max-image-preview":"max-image-preview:large","max-video-preview":"max-video-preview:-1"},"canonical":"https:\/\/elregionalvm.com.ar\/noticias-villa-maria\/villa-maria-ilumina-su-patrimonio-historico-con-nueva-obra-en-parroquia-nuestra-senora-de-lourdes\/","og_locale":"es_ES","og_type":"article","og_title":"Villa Mar\u00eda ilumina su patrimonio hist\u00f3rico con nueva obra en Parroquia Nuestra Se\u00f1ora de Lourdes - El Regional","og_description":"Fueron colocadas 40 luminarias led ornamentales en el exterior del templo para resaltar su arquitectura, junto con trabajos complementarios de jardiner\u00eda y pintura en la Gruta contigua. La obra, ejecutada por la Municipalidad de Villa Mar\u00eda, se suma a otras acciones para proteger y realzar el patrimonio hist\u00f3rico de la ciudad La Municipalidad de Villa [&hellip;]","og_url":"https:\/\/elregionalvm.com.ar\/noticias-villa-maria\/villa-maria-ilumina-su-patrimonio-historico-con-nueva-obra-en-parroquia-nuestra-senora-de-lourdes\/","og_site_name":"El Regional","article_publisher":"https:\/\/www.facebook.com\/elregionalvm","article_published_time":"2025-01-07T15:32:56+00:00","article_modified_time":"2025-01-07T15:32:57+00:00","og_image":[{"width":800,"height":600,"url":"https:\/\/elregionalvm.com.ar\/noticias-villa-maria\/wp-content\/uploads\/2025\/01\/13bc3483da0d4d7d851169120fee2634.jpeg","type":"image\/jpeg"}],"author":"Contenidos El Regional","twitter_card":"summary_large_image","twitter_creator":"@elregionalvm1","twitter_site":"@elregionalvm1","twitter_misc":{"Escrito por":"Contenidos El Regional","Tiempo de lectura":"3 minutos"},"schema":{"@context":"https:\/\/schema.org","@graph":[{"@type":"Article","@id":"https:\/\/elregionalvm.com.ar\/noticias-villa-maria\/villa-maria-ilumina-su-patrimonio-historico-con-nueva-obra-en-parroquia-nuestra-senora-de-lourdes\/#article","isPartOf":{"@id":"https:\/\/elregionalvm.com.ar\/noticias-villa-maria\/villa-maria-ilumina-su-patrimonio-historico-con-nueva-obra-en-parroquia-nuestra-senora-de-lourdes\/"},"author":{"name":"Contenidos El Regional","@id":"http:\/\/elregionalvm.com.ar\/noticias-villa-maria\/#\/schema\/person\/a0fb9c422317faca23d50163151bc354"},"headline":"Villa Mar\u00eda ilumina su patrimonio hist\u00f3rico con nueva obra en Parroquia Nuestra Se\u00f1ora de Lourdes","datePublished":"2025-01-07T15:32:56+00:00","dateModified":"2025-01-07T15:32:57+00:00","mainEntityOfPage":{"@id":"https:\/\/elregionalvm.com.ar\/noticias-villa-maria\/villa-maria-ilumina-su-patrimonio-historico-con-nueva-obra-en-parroquia-nuestra-senora-de-lourdes\/"},"wordCount":622,"commentCount":0,"image":{"@id":"https:\/\/elregionalvm.com.ar\/noticias-villa-maria\/villa-maria-ilumina-su-patrimonio-historico-con-nueva-obra-en-parroquia-nuestra-senora-de-lourdes\/#primaryimage"},"thumbnailUrl":"https:\/\/i0.wp.com\/elregionalvm.com.ar\/noticias-villa-maria\/wp-content\/uploads\/2025\/01\/13bc3483da0d4d7d851169120fee2634.jpeg?fit=800%2C600&ssl=1","articleSection":["destacado","Sociedad","Villa Mar\u00eda"],"inLanguage":"es","potentialAction":[{"@type":"CommentAction","name":"Comment","target":["https:\/\/elregionalvm.com.ar\/noticias-villa-maria\/villa-maria-ilumina-su-patrimonio-historico-con-nueva-obra-en-parroquia-nuestra-senora-de-lourdes\/#respond"]}]},{"@type":"WebPage","@id":"https:\/\/elregionalvm.com.ar\/noticias-villa-maria\/villa-maria-ilumina-su-patrimonio-historico-con-nueva-obra-en-parroquia-nuestra-senora-de-lourdes\/","url":"https:\/\/elregionalvm.com.ar\/noticias-villa-maria\/villa-maria-ilumina-su-patrimonio-historico-con-nueva-obra-en-parroquia-nuestra-senora-de-lourdes\/","name":"Villa Mar\u00eda ilumina su patrimonio hist\u00f3rico con nueva obra en Parroquia Nuestra Se\u00f1ora de Lourdes - El Regional","isPartOf":{"@id":"http:\/\/elregionalvm.com.ar\/noticias-villa-maria\/#website"},"primaryImageOfPage":{"@id":"https:\/\/elregionalvm.com.ar\/noticias-villa-maria\/villa-maria-ilumina-su-patrimonio-historico-con-nueva-obra-en-parroquia-nuestra-senora-de-lourdes\/#primaryimage"},"image":{"@id":"https:\/\/elregionalvm.com.ar\/noticias-villa-maria\/villa-maria-ilumina-su-patrimonio-historico-con-nueva-obra-en-parroquia-nuestra-senora-de-lourdes\/#primaryimage"},"thumbnailUrl":"https:\/\/i0.wp.com\/elregionalvm.com.ar\/noticias-villa-maria\/wp-content\/uploads\/2025\/01\/13bc3483da0d4d7d851169120fee2634.jpeg?fit=800%2C600&ssl=1","datePublished":"2025-01-07T15:32:56+00:00","dateModified":"2025-01-07T15:32:57+00:00","author":{"@id":"http:\/\/elregionalvm.com.ar\/noticias-villa-maria\/#\/schema\/person\/a0fb9c422317faca23d50163151bc354"},"breadcrumb":{"@id":"https:\/\/elregionalvm.com.ar\/noticias-villa-maria\/villa-maria-ilumina-su-patrimonio-historico-con-nueva-obra-en-parroquia-nuestra-senora-de-lourdes\/#breadcrumb"},"inLanguage":"es","potentialAction":[{"@type":"ReadAction","target":["https:\/\/elregionalvm.com.ar\/noticias-villa-maria\/villa-maria-ilumina-su-patrimonio-historico-con-nueva-obra-en-parroquia-nuestra-senora-de-lourdes\/"]}]},{"@type":"ImageObject","inLanguage":"es","@id":"https:\/\/elregionalvm.com.ar\/noticias-villa-maria\/villa-maria-ilumina-su-patrimonio-historico-con-nueva-obra-en-parroquia-nuestra-senora-de-lourdes\/#primaryimage","url":"https:\/\/i0.wp.com\/elregionalvm.com.ar\/noticias-villa-maria\/wp-content\/uploads\/2025\/01\/13bc3483da0d4d7d851169120fee2634.jpeg?fit=800%2C600&ssl=1","contentUrl":"https:\/\/i0.wp.com\/elregionalvm.com.ar\/noticias-villa-maria\/wp-content\/uploads\/2025\/01\/13bc3483da0d4d7d851169120fee2634.jpeg?fit=800%2C600&ssl=1","width":800,"height":600},{"@type":"BreadcrumbList","@id":"https:\/\/elregionalvm.com.ar\/noticias-villa-maria\/villa-maria-ilumina-su-patrimonio-historico-con-nueva-obra-en-parroquia-nuestra-senora-de-lourdes\/#breadcrumb","itemListElement":[{"@type":"ListItem","position":1,"name":"Portada","item":"https:\/\/elregionalvm.com.ar\/noticias-villa-maria\/"},{"@type":"ListItem","position":2,"name":"Villa Mar\u00eda ilumina su patrimonio hist\u00f3rico con nueva obra en Parroquia Nuestra Se\u00f1ora de Lourdes"}]},{"@type":"WebSite","@id":"http:\/\/elregionalvm.com.ar\/noticias-villa-maria\/#website","url":"http:\/\/elregionalvm.com.ar\/noticias-villa-maria\/","name":"El Regional","description":"Mucho m\u00e1s que informaci\u00f3n","potentialAction":[{"@type":"SearchAction","target":{"@type":"EntryPoint","urlTemplate":"http:\/\/elregionalvm.com.ar\/noticias-villa-maria\/?s={search_term_string}"},"query-input":{"@type":"PropertyValueSpecification","valueRequired":true,"valueName":"search_term_string"}}],"inLanguage":"es"},{"@type":"Person","@id":"http:\/\/elregionalvm.com.ar\/noticias-villa-maria\/#\/schema\/person\/a0fb9c422317faca23d50163151bc354","name":"Contenidos El Regional","image":{"@type":"ImageObject","inLanguage":"es","@id":"http:\/\/elregionalvm.com.ar\/noticias-villa-maria\/#\/schema\/person\/image\/","url":"https:\/\/secure.gravatar.com\/avatar\/265b27cb2209af7bb3a1318f03305787d7981a5cc6e6cd08fe5a4ecdf99d4b48?s=96&d=mm&r=g","contentUrl":"https:\/\/secure.gravatar.com\/avatar\/265b27cb2209af7bb3a1318f03305787d7981a5cc6e6cd08fe5a4ecdf99d4b48?s=96&d=mm&r=g","caption":"Contenidos El Regional"},"url":"https:\/\/elregionalvm.com.ar\/noticias-villa-maria\/author\/contenido\/"}]}},"jetpack_featured_media_url":"https:\/\/i0.wp.com\/elregionalvm.com.ar\/noticias-villa-maria\/wp-content\/uploads\/2025\/01\/13bc3483da0d4d7d851169120fee2634.jpeg?fit=800%2C600&ssl=1","jetpack_sharing_enabled":true,"_links":{"self":[{"href":"https:\/\/elregionalvm.com.ar\/noticias-villa-maria\/wp-json\/wp\/v2\/posts\/102225","targetHints":{"allow":["GET"]}}],"collection":[{"href":"https:\/\/elregionalvm.com.ar\/noticias-villa-maria\/wp-json\/wp\/v2\/posts"}],"about":[{"href":"https:\/\/elregionalvm.com.ar\/noticias-villa-maria\/wp-json\/wp\/v2\/types\/post"}],"author":[{"embeddable":true,"href":"https:\/\/elregionalvm.com.ar\/noticias-villa-maria\/wp-json\/wp\/v2\/users\/4"}],"replies":[{"embeddable":true,"href":"https:\/\/elregionalvm.com.ar\/noticias-villa-maria\/wp-json\/wp\/v2\/comments?post=102225"}],"version-history":[{"count":1,"href":"https:\/\/elregionalvm.com.ar\/noticias-villa-maria\/wp-json\/wp\/v2\/posts\/102225\/revisions"}],"predecessor-version":[{"id":102227,"href":"https:\/\/elregionalvm.com.ar\/noticias-villa-maria\/wp-json\/wp\/v2\/posts\/102225\/revisions\/102227"}],"wp:featuredmedia":[{"embeddable":true,"href":"https:\/\/elregionalvm.com.ar\/noticias-villa-maria\/wp-json\/wp\/v2\/media\/102226"}],"wp:attachment":[{"href":"https:\/\/elregionalvm.com.ar\/noticias-villa-maria\/wp-json\/wp\/v2\/media?parent=102225"}],"wp:term":[{"taxonomy":"category","embeddable":true,"href":"https:\/\/elregionalvm.com.ar\/noticias-villa-maria\/wp-json\/wp\/v2\/categories?post=102225"},{"taxonomy":"post_tag","embeddable":true,"href":"https:\/\/elregionalvm.com.ar\/noticias-villa-maria\/wp-json\/wp\/v2\/tags?post=102225"}],"curies":[{"name":"wp","href":"https:\/\/api.w.org\/{rel}","templated":true}]}}