{"id":102273,"date":"2025-01-10T00:42:07","date_gmt":"2025-01-10T00:42:07","guid":{"rendered":"https:\/\/elregionalvm.com.ar\/noticias-villa-maria\/?p=102273"},"modified":"2025-01-10T00:42:09","modified_gmt":"2025-01-10T00:42:09","slug":"registro-civil-los-nombres-mas-elegidos-durante-el-2024-fueron-olivia-felipe-y-amadeo","status":"publish","type":"post","link":"https:\/\/elregionalvm.com.ar\/noticias-villa-maria\/registro-civil-los-nombres-mas-elegidos-durante-el-2024-fueron-olivia-felipe-y-amadeo\/","title":{"rendered":"Registro Civil: los nombres m\u00e1s elegidos durante el 2024 fueron Olivia, Felipe y Amadeo"},"content":{"rendered":"\n<p>La Municipalidad de Villa Mar\u00eda informa que, durante el a\u00f1o anterior, Olivia, Felipe y Amadeo fueron los nombres m\u00e1s elegidos para los reci\u00e9n nacidos en nuestra ciudad. En tal sentido, desde el Registro Civil, dependiente de la secretar\u00eda de Unidad de Intendencia, se registraron 961 nacimientos durante el 2024.<\/p>\n\n\n\n<p>Durante 2024, Olivia fue elegido 62 veces y Catalina 55 veces, liderando las preferencias para las ni\u00f1as. En tanto, Felipe y Amadeo empataron con 58 elecciones cada uno como los nombres m\u00e1s populares para los varones.<\/p>\n\n\n\n<p>Por otro lado, la ciudad registr\u00f3 464 matrimonios durante 2024 y en el mismo per\u00edodo se produjeron 1.854 defunciones.<\/p>\n\n\n\n<p>Cabe se\u00f1alar que continuar\u00e1n a partir de marzo los programas \u00abLa Valija M\u00f3vil va a la Escuela\u00bb y \u201cLa Valija M\u00f3vil en los Barrios\u201d, con el objetivo de que estudiantes, vecinos y vecinas logren acceder a sus Documentos Nacionales de Identidad, y otros tr\u00e1mites que, generalmente, se brindan en el Palacio Municipal.<\/p>\n","protected":false},"excerpt":{"rendered":"<p>La Municipalidad de Villa Mar\u00eda informa que, durante el a\u00f1o anterior, Olivia, Felipe y Amadeo fueron los nombres m\u00e1s elegidos para los reci\u00e9n nacidos en nuestra ciudad. En tal sentido, desde el Registro Civil, dependiente de la secretar\u00eda de Unidad de Intendencia, se registraron 961 nacimientos durante el 2024. Durante 2024, Olivia fue elegido 62 [&hellip;]<\/p>\n","protected":false},"author":4,"featured_media":102274,"comment_status":"open","ping_status":"open","sticky":false,"template":"","format":"standard","meta":{"site-sidebar-layout":"default","site-content-layout":"","ast-site-content-layout":"default","site-content-style":"default","site-sidebar-style":"default","ast-global-header-display":"","ast-banner-title-visibility":"","ast-main-header-display":"","ast-hfb-above-header-display":"","ast-hfb-below-header-display":"","ast-hfb-mobile-header-display":"","site-post-title":"","ast-breadcrumbs-content":"","ast-featured-img":"","footer-sml-layout":"","ast-disable-related-posts":"","theme-transparent-header-meta":"","adv-header-id-meta":"","stick-header-meta":"","header-above-stick-meta":"","header-main-stick-meta":"","header-below-stick-meta":"","astra-migrate-meta-layouts":"set","ast-page-background-enabled":"default","ast-page-background-meta":{"desktop":{"background-color":"","background-image":"","background-repeat":"repeat","background-position":"center center","background-size":"auto","background-attachment":"scroll","background-type":"","background-media":"","overlay-type":"","overlay-color":"","overlay-opacity":"","overlay-gradient":""},"tablet":{"background-color":"","background-image":"","background-repeat":"repeat","background-position":"center center","background-size":"auto","background-attachment":"scroll","background-type":"","background-media":"","overlay-type":"","overlay-color":"","overlay-opacity":"","overlay-gradient":""},"mobile":{"background-color":"","background-image":"","background-repeat":"repeat","background-position":"center center","background-size":"auto","background-attachment":"scroll","background-type":"","background-media":"","overlay-type":"","overlay-color":"","overlay-opacity":"","overlay-gradient":""}},"ast-content-background-meta":{"desktop":{"background-color":"var(--ast-global-color-5)","background-image":"","background-repeat":"repeat","background-position":"center center","background-size":"auto","background-attachment":"scroll","background-type":"","background-media":"","overlay-type":"","overlay-color":"","overlay-opacity":"","overlay-gradient":""},"tablet":{"background-color":"var(--ast-global-color-5)","background-image":"","background-repeat":"repeat","background-position":"center center","background-size":"auto","background-attachment":"scroll","background-type":"","background-media":"","overlay-type":"","overlay-color":"","overlay-opacity":"","overlay-gradient":""},"mobile":{"background-color":"var(--ast-global-color-5)","background-image":"","background-repeat":"repeat","background-position":"center center","background-size":"auto","background-attachment":"scroll","background-type":"","background-media":"","overlay-type":"","overlay-color":"","overlay-opacity":"","overlay-gradient":""}},"_jetpack_memberships_contains_paid_content":false,"_joinchat":[],"footnotes":""},"categories":[15302,5,2],"tags":[],"class_list":["post-102273","post","type-post","status-publish","format-standard","has-post-thumbnail","hentry","category-destacado","category-sociedad","category-villa-maria"],"yoast_head":"<!-- This site is optimized with the Yoast SEO plugin v26.8 - https:\/\/yoast.com\/product\/yoast-seo-wordpress\/ -->\n<title>Registro Civil: los nombres m\u00e1s elegidos durante el 2024 fueron Olivia, Felipe y Amadeo - El Regional<\/title>\n<meta name=\"robots\" content=\"index, follow, max-snippet:-1, max-image-preview:large, max-video-preview:-1\" \/>\n<link rel=\"canonical\" href=\"https:\/\/elregionalvm.com.ar\/noticias-villa-maria\/registro-civil-los-nombres-mas-elegidos-durante-el-2024-fueron-olivia-felipe-y-amadeo\/\" \/>\n<meta property=\"og:locale\" content=\"es_ES\" \/>\n<meta property=\"og:type\" content=\"article\" \/>\n<meta property=\"og:title\" content=\"Registro Civil: los nombres m\u00e1s elegidos durante el 2024 fueron Olivia, Felipe y Amadeo - El Regional\" \/>\n<meta property=\"og:description\" content=\"La Municipalidad de Villa Mar\u00eda informa que, durante el a\u00f1o anterior, Olivia, Felipe y Amadeo fueron los nombres m\u00e1s elegidos para los reci\u00e9n nacidos en nuestra ciudad. En tal sentido, desde el Registro Civil, dependiente de la secretar\u00eda de Unidad de Intendencia, se registraron 961 nacimientos durante el 2024. Durante 2024, Olivia fue elegido 62 [&hellip;]\" \/>\n<meta property=\"og:url\" content=\"https:\/\/elregionalvm.com.ar\/noticias-villa-maria\/registro-civil-los-nombres-mas-elegidos-durante-el-2024-fueron-olivia-felipe-y-amadeo\/\" \/>\n<meta property=\"og:site_name\" content=\"El Regional\" \/>\n<meta property=\"article:publisher\" content=\"https:\/\/www.facebook.com\/elregionalvm\" \/>\n<meta property=\"article:published_time\" content=\"2025-01-10T00:42:07+00:00\" \/>\n<meta property=\"article:modified_time\" content=\"2025-01-10T00:42:09+00:00\" \/>\n<meta property=\"og:image\" content=\"https:\/\/elregionalvm.com.ar\/noticias-villa-maria\/wp-content\/uploads\/2025\/01\/cc87543672c248eb93db52cb5f4f9545.jpeg\" \/>\n\t<meta property=\"og:image:width\" content=\"800\" \/>\n\t<meta property=\"og:image:height\" content=\"600\" \/>\n\t<meta property=\"og:image:type\" content=\"image\/jpeg\" \/>\n<meta name=\"author\" content=\"Contenidos El Regional\" \/>\n<meta name=\"twitter:card\" content=\"summary_large_image\" \/>\n<meta name=\"twitter:creator\" content=\"@elregionalvm1\" \/>\n<meta name=\"twitter:site\" content=\"@elregionalvm1\" \/>\n<meta name=\"twitter:label1\" content=\"Escrito por\" \/>\n\t<meta name=\"twitter:data1\" content=\"Contenidos El Regional\" \/>\n\t<meta name=\"twitter:label2\" content=\"Tiempo de lectura\" \/>\n\t<meta name=\"twitter:data2\" content=\"1 minuto\" \/>\n<script type=\"application\/ld+json\" class=\"yoast-schema-graph\">{\"@context\":\"https:\/\/schema.org\",\"@graph\":[{\"@type\":\"Article\",\"@id\":\"https:\/\/elregionalvm.com.ar\/noticias-villa-maria\/registro-civil-los-nombres-mas-elegidos-durante-el-2024-fueron-olivia-felipe-y-amadeo\/#article\",\"isPartOf\":{\"@id\":\"https:\/\/elregionalvm.com.ar\/noticias-villa-maria\/registro-civil-los-nombres-mas-elegidos-durante-el-2024-fueron-olivia-felipe-y-amadeo\/\"},\"author\":{\"name\":\"Contenidos El Regional\",\"@id\":\"http:\/\/elregionalvm.com.ar\/noticias-villa-maria\/#\/schema\/person\/a0fb9c422317faca23d50163151bc354\"},\"headline\":\"Registro Civil: los nombres m\u00e1s elegidos durante el 2024 fueron Olivia, Felipe y Amadeo\",\"datePublished\":\"2025-01-10T00:42:07+00:00\",\"dateModified\":\"2025-01-10T00:42:09+00:00\",\"mainEntityOfPage\":{\"@id\":\"https:\/\/elregionalvm.com.ar\/noticias-villa-maria\/registro-civil-los-nombres-mas-elegidos-durante-el-2024-fueron-olivia-felipe-y-amadeo\/\"},\"wordCount\":174,\"commentCount\":0,\"image\":{\"@id\":\"https:\/\/elregionalvm.com.ar\/noticias-villa-maria\/registro-civil-los-nombres-mas-elegidos-durante-el-2024-fueron-olivia-felipe-y-amadeo\/#primaryimage\"},\"thumbnailUrl\":\"https:\/\/i0.wp.com\/elregionalvm.com.ar\/noticias-villa-maria\/wp-content\/uploads\/2025\/01\/cc87543672c248eb93db52cb5f4f9545.jpeg?fit=800%2C600&ssl=1\",\"articleSection\":[\"destacado\",\"Sociedad\",\"Villa Mar\u00eda\"],\"inLanguage\":\"es\",\"potentialAction\":[{\"@type\":\"CommentAction\",\"name\":\"Comment\",\"target\":[\"https:\/\/elregionalvm.com.ar\/noticias-villa-maria\/registro-civil-los-nombres-mas-elegidos-durante-el-2024-fueron-olivia-felipe-y-amadeo\/#respond\"]}]},{\"@type\":\"WebPage\",\"@id\":\"https:\/\/elregionalvm.com.ar\/noticias-villa-maria\/registro-civil-los-nombres-mas-elegidos-durante-el-2024-fueron-olivia-felipe-y-amadeo\/\",\"url\":\"https:\/\/elregionalvm.com.ar\/noticias-villa-maria\/registro-civil-los-nombres-mas-elegidos-durante-el-2024-fueron-olivia-felipe-y-amadeo\/\",\"name\":\"Registro Civil: los nombres m\u00e1s elegidos durante el 2024 fueron Olivia, Felipe y Amadeo - El Regional\",\"isPartOf\":{\"@id\":\"http:\/\/elregionalvm.com.ar\/noticias-villa-maria\/#website\"},\"primaryImageOfPage\":{\"@id\":\"https:\/\/elregionalvm.com.ar\/noticias-villa-maria\/registro-civil-los-nombres-mas-elegidos-durante-el-2024-fueron-olivia-felipe-y-amadeo\/#primaryimage\"},\"image\":{\"@id\":\"https:\/\/elregionalvm.com.ar\/noticias-villa-maria\/registro-civil-los-nombres-mas-elegidos-durante-el-2024-fueron-olivia-felipe-y-amadeo\/#primaryimage\"},\"thumbnailUrl\":\"https:\/\/i0.wp.com\/elregionalvm.com.ar\/noticias-villa-maria\/wp-content\/uploads\/2025\/01\/cc87543672c248eb93db52cb5f4f9545.jpeg?fit=800%2C600&ssl=1\",\"datePublished\":\"2025-01-10T00:42:07+00:00\",\"dateModified\":\"2025-01-10T00:42:09+00:00\",\"author\":{\"@id\":\"http:\/\/elregionalvm.com.ar\/noticias-villa-maria\/#\/schema\/person\/a0fb9c422317faca23d50163151bc354\"},\"breadcrumb\":{\"@id\":\"https:\/\/elregionalvm.com.ar\/noticias-villa-maria\/registro-civil-los-nombres-mas-elegidos-durante-el-2024-fueron-olivia-felipe-y-amadeo\/#breadcrumb\"},\"inLanguage\":\"es\",\"potentialAction\":[{\"@type\":\"ReadAction\",\"target\":[\"https:\/\/elregionalvm.com.ar\/noticias-villa-maria\/registro-civil-los-nombres-mas-elegidos-durante-el-2024-fueron-olivia-felipe-y-amadeo\/\"]}]},{\"@type\":\"ImageObject\",\"inLanguage\":\"es\",\"@id\":\"https:\/\/elregionalvm.com.ar\/noticias-villa-maria\/registro-civil-los-nombres-mas-elegidos-durante-el-2024-fueron-olivia-felipe-y-amadeo\/#primaryimage\",\"url\":\"https:\/\/i0.wp.com\/elregionalvm.com.ar\/noticias-villa-maria\/wp-content\/uploads\/2025\/01\/cc87543672c248eb93db52cb5f4f9545.jpeg?fit=800%2C600&ssl=1\",\"contentUrl\":\"https:\/\/i0.wp.com\/elregionalvm.com.ar\/noticias-villa-maria\/wp-content\/uploads\/2025\/01\/cc87543672c248eb93db52cb5f4f9545.jpeg?fit=800%2C600&ssl=1\",\"width\":800,\"height\":600},{\"@type\":\"BreadcrumbList\",\"@id\":\"https:\/\/elregionalvm.com.ar\/noticias-villa-maria\/registro-civil-los-nombres-mas-elegidos-durante-el-2024-fueron-olivia-felipe-y-amadeo\/#breadcrumb\",\"itemListElement\":[{\"@type\":\"ListItem\",\"position\":1,\"name\":\"Portada\",\"item\":\"https:\/\/elregionalvm.com.ar\/noticias-villa-maria\/\"},{\"@type\":\"ListItem\",\"position\":2,\"name\":\"Registro Civil: los nombres m\u00e1s elegidos durante el 2024 fueron Olivia, Felipe y Amadeo\"}]},{\"@type\":\"WebSite\",\"@id\":\"http:\/\/elregionalvm.com.ar\/noticias-villa-maria\/#website\",\"url\":\"http:\/\/elregionalvm.com.ar\/noticias-villa-maria\/\",\"name\":\"El Regional\",\"description\":\"Mucho m\u00e1s que informaci\u00f3n\",\"potentialAction\":[{\"@type\":\"SearchAction\",\"target\":{\"@type\":\"EntryPoint\",\"urlTemplate\":\"http:\/\/elregionalvm.com.ar\/noticias-villa-maria\/?s={search_term_string}\"},\"query-input\":{\"@type\":\"PropertyValueSpecification\",\"valueRequired\":true,\"valueName\":\"search_term_string\"}}],\"inLanguage\":\"es\"},{\"@type\":\"Person\",\"@id\":\"http:\/\/elregionalvm.com.ar\/noticias-villa-maria\/#\/schema\/person\/a0fb9c422317faca23d50163151bc354\",\"name\":\"Contenidos El Regional\",\"image\":{\"@type\":\"ImageObject\",\"inLanguage\":\"es\",\"@id\":\"http:\/\/elregionalvm.com.ar\/noticias-villa-maria\/#\/schema\/person\/image\/\",\"url\":\"https:\/\/secure.gravatar.com\/avatar\/265b27cb2209af7bb3a1318f03305787d7981a5cc6e6cd08fe5a4ecdf99d4b48?s=96&d=mm&r=g\",\"contentUrl\":\"https:\/\/secure.gravatar.com\/avatar\/265b27cb2209af7bb3a1318f03305787d7981a5cc6e6cd08fe5a4ecdf99d4b48?s=96&d=mm&r=g\",\"caption\":\"Contenidos El Regional\"},\"url\":\"https:\/\/elregionalvm.com.ar\/noticias-villa-maria\/author\/contenido\/\"}]}<\/script>\n<!-- \/ Yoast SEO plugin. -->","yoast_head_json":{"title":"Registro Civil: los nombres m\u00e1s elegidos durante el 2024 fueron Olivia, Felipe y Amadeo - El Regional","robots":{"index":"index","follow":"follow","max-snippet":"max-snippet:-1","max-image-preview":"max-image-preview:large","max-video-preview":"max-video-preview:-1"},"canonical":"https:\/\/elregionalvm.com.ar\/noticias-villa-maria\/registro-civil-los-nombres-mas-elegidos-durante-el-2024-fueron-olivia-felipe-y-amadeo\/","og_locale":"es_ES","og_type":"article","og_title":"Registro Civil: los nombres m\u00e1s elegidos durante el 2024 fueron Olivia, Felipe y Amadeo - El Regional","og_description":"La Municipalidad de Villa Mar\u00eda informa que, durante el a\u00f1o anterior, Olivia, Felipe y Amadeo fueron los nombres m\u00e1s elegidos para los reci\u00e9n nacidos en nuestra ciudad. En tal sentido, desde el Registro Civil, dependiente de la secretar\u00eda de Unidad de Intendencia, se registraron 961 nacimientos durante el 2024. Durante 2024, Olivia fue elegido 62 [&hellip;]","og_url":"https:\/\/elregionalvm.com.ar\/noticias-villa-maria\/registro-civil-los-nombres-mas-elegidos-durante-el-2024-fueron-olivia-felipe-y-amadeo\/","og_site_name":"El Regional","article_publisher":"https:\/\/www.facebook.com\/elregionalvm","article_published_time":"2025-01-10T00:42:07+00:00","article_modified_time":"2025-01-10T00:42:09+00:00","og_image":[{"width":800,"height":600,"url":"https:\/\/elregionalvm.com.ar\/noticias-villa-maria\/wp-content\/uploads\/2025\/01\/cc87543672c248eb93db52cb5f4f9545.jpeg","type":"image\/jpeg"}],"author":"Contenidos El Regional","twitter_card":"summary_large_image","twitter_creator":"@elregionalvm1","twitter_site":"@elregionalvm1","twitter_misc":{"Escrito por":"Contenidos El Regional","Tiempo de lectura":"1 minuto"},"schema":{"@context":"https:\/\/schema.org","@graph":[{"@type":"Article","@id":"https:\/\/elregionalvm.com.ar\/noticias-villa-maria\/registro-civil-los-nombres-mas-elegidos-durante-el-2024-fueron-olivia-felipe-y-amadeo\/#article","isPartOf":{"@id":"https:\/\/elregionalvm.com.ar\/noticias-villa-maria\/registro-civil-los-nombres-mas-elegidos-durante-el-2024-fueron-olivia-felipe-y-amadeo\/"},"author":{"name":"Contenidos El Regional","@id":"http:\/\/elregionalvm.com.ar\/noticias-villa-maria\/#\/schema\/person\/a0fb9c422317faca23d50163151bc354"},"headline":"Registro Civil: los nombres m\u00e1s elegidos durante el 2024 fueron Olivia, Felipe y Amadeo","datePublished":"2025-01-10T00:42:07+00:00","dateModified":"2025-01-10T00:42:09+00:00","mainEntityOfPage":{"@id":"https:\/\/elregionalvm.com.ar\/noticias-villa-maria\/registro-civil-los-nombres-mas-elegidos-durante-el-2024-fueron-olivia-felipe-y-amadeo\/"},"wordCount":174,"commentCount":0,"image":{"@id":"https:\/\/elregionalvm.com.ar\/noticias-villa-maria\/registro-civil-los-nombres-mas-elegidos-durante-el-2024-fueron-olivia-felipe-y-amadeo\/#primaryimage"},"thumbnailUrl":"https:\/\/i0.wp.com\/elregionalvm.com.ar\/noticias-villa-maria\/wp-content\/uploads\/2025\/01\/cc87543672c248eb93db52cb5f4f9545.jpeg?fit=800%2C600&ssl=1","articleSection":["destacado","Sociedad","Villa Mar\u00eda"],"inLanguage":"es","potentialAction":[{"@type":"CommentAction","name":"Comment","target":["https:\/\/elregionalvm.com.ar\/noticias-villa-maria\/registro-civil-los-nombres-mas-elegidos-durante-el-2024-fueron-olivia-felipe-y-amadeo\/#respond"]}]},{"@type":"WebPage","@id":"https:\/\/elregionalvm.com.ar\/noticias-villa-maria\/registro-civil-los-nombres-mas-elegidos-durante-el-2024-fueron-olivia-felipe-y-amadeo\/","url":"https:\/\/elregionalvm.com.ar\/noticias-villa-maria\/registro-civil-los-nombres-mas-elegidos-durante-el-2024-fueron-olivia-felipe-y-amadeo\/","name":"Registro Civil: los nombres m\u00e1s elegidos durante el 2024 fueron Olivia, Felipe y Amadeo - El Regional","isPartOf":{"@id":"http:\/\/elregionalvm.com.ar\/noticias-villa-maria\/#website"},"primaryImageOfPage":{"@id":"https:\/\/elregionalvm.com.ar\/noticias-villa-maria\/registro-civil-los-nombres-mas-elegidos-durante-el-2024-fueron-olivia-felipe-y-amadeo\/#primaryimage"},"image":{"@id":"https:\/\/elregionalvm.com.ar\/noticias-villa-maria\/registro-civil-los-nombres-mas-elegidos-durante-el-2024-fueron-olivia-felipe-y-amadeo\/#primaryimage"},"thumbnailUrl":"https:\/\/i0.wp.com\/elregionalvm.com.ar\/noticias-villa-maria\/wp-content\/uploads\/2025\/01\/cc87543672c248eb93db52cb5f4f9545.jpeg?fit=800%2C600&ssl=1","datePublished":"2025-01-10T00:42:07+00:00","dateModified":"2025-01-10T00:42:09+00:00","author":{"@id":"http:\/\/elregionalvm.com.ar\/noticias-villa-maria\/#\/schema\/person\/a0fb9c422317faca23d50163151bc354"},"breadcrumb":{"@id":"https:\/\/elregionalvm.com.ar\/noticias-villa-maria\/registro-civil-los-nombres-mas-elegidos-durante-el-2024-fueron-olivia-felipe-y-amadeo\/#breadcrumb"},"inLanguage":"es","potentialAction":[{"@type":"ReadAction","target":["https:\/\/elregionalvm.com.ar\/noticias-villa-maria\/registro-civil-los-nombres-mas-elegidos-durante-el-2024-fueron-olivia-felipe-y-amadeo\/"]}]},{"@type":"ImageObject","inLanguage":"es","@id":"https:\/\/elregionalvm.com.ar\/noticias-villa-maria\/registro-civil-los-nombres-mas-elegidos-durante-el-2024-fueron-olivia-felipe-y-amadeo\/#primaryimage","url":"https:\/\/i0.wp.com\/elregionalvm.com.ar\/noticias-villa-maria\/wp-content\/uploads\/2025\/01\/cc87543672c248eb93db52cb5f4f9545.jpeg?fit=800%2C600&ssl=1","contentUrl":"https:\/\/i0.wp.com\/elregionalvm.com.ar\/noticias-villa-maria\/wp-content\/uploads\/2025\/01\/cc87543672c248eb93db52cb5f4f9545.jpeg?fit=800%2C600&ssl=1","width":800,"height":600},{"@type":"BreadcrumbList","@id":"https:\/\/elregionalvm.com.ar\/noticias-villa-maria\/registro-civil-los-nombres-mas-elegidos-durante-el-2024-fueron-olivia-felipe-y-amadeo\/#breadcrumb","itemListElement":[{"@type":"ListItem","position":1,"name":"Portada","item":"https:\/\/elregionalvm.com.ar\/noticias-villa-maria\/"},{"@type":"ListItem","position":2,"name":"Registro Civil: los nombres m\u00e1s elegidos durante el 2024 fueron Olivia, Felipe y Amadeo"}]},{"@type":"WebSite","@id":"http:\/\/elregionalvm.com.ar\/noticias-villa-maria\/#website","url":"http:\/\/elregionalvm.com.ar\/noticias-villa-maria\/","name":"El Regional","description":"Mucho m\u00e1s que informaci\u00f3n","potentialAction":[{"@type":"SearchAction","target":{"@type":"EntryPoint","urlTemplate":"http:\/\/elregionalvm.com.ar\/noticias-villa-maria\/?s={search_term_string}"},"query-input":{"@type":"PropertyValueSpecification","valueRequired":true,"valueName":"search_term_string"}}],"inLanguage":"es"},{"@type":"Person","@id":"http:\/\/elregionalvm.com.ar\/noticias-villa-maria\/#\/schema\/person\/a0fb9c422317faca23d50163151bc354","name":"Contenidos El Regional","image":{"@type":"ImageObject","inLanguage":"es","@id":"http:\/\/elregionalvm.com.ar\/noticias-villa-maria\/#\/schema\/person\/image\/","url":"https:\/\/secure.gravatar.com\/avatar\/265b27cb2209af7bb3a1318f03305787d7981a5cc6e6cd08fe5a4ecdf99d4b48?s=96&d=mm&r=g","contentUrl":"https:\/\/secure.gravatar.com\/avatar\/265b27cb2209af7bb3a1318f03305787d7981a5cc6e6cd08fe5a4ecdf99d4b48?s=96&d=mm&r=g","caption":"Contenidos El Regional"},"url":"https:\/\/elregionalvm.com.ar\/noticias-villa-maria\/author\/contenido\/"}]}},"jetpack_featured_media_url":"https:\/\/i0.wp.com\/elregionalvm.com.ar\/noticias-villa-maria\/wp-content\/uploads\/2025\/01\/cc87543672c248eb93db52cb5f4f9545.jpeg?fit=800%2C600&ssl=1","jetpack_sharing_enabled":true,"_links":{"self":[{"href":"https:\/\/elregionalvm.com.ar\/noticias-villa-maria\/wp-json\/wp\/v2\/posts\/102273","targetHints":{"allow":["GET"]}}],"collection":[{"href":"https:\/\/elregionalvm.com.ar\/noticias-villa-maria\/wp-json\/wp\/v2\/posts"}],"about":[{"href":"https:\/\/elregionalvm.com.ar\/noticias-villa-maria\/wp-json\/wp\/v2\/types\/post"}],"author":[{"embeddable":true,"href":"https:\/\/elregionalvm.com.ar\/noticias-villa-maria\/wp-json\/wp\/v2\/users\/4"}],"replies":[{"embeddable":true,"href":"https:\/\/elregionalvm.com.ar\/noticias-villa-maria\/wp-json\/wp\/v2\/comments?post=102273"}],"version-history":[{"count":1,"href":"https:\/\/elregionalvm.com.ar\/noticias-villa-maria\/wp-json\/wp\/v2\/posts\/102273\/revisions"}],"predecessor-version":[{"id":102275,"href":"https:\/\/elregionalvm.com.ar\/noticias-villa-maria\/wp-json\/wp\/v2\/posts\/102273\/revisions\/102275"}],"wp:featuredmedia":[{"embeddable":true,"href":"https:\/\/elregionalvm.com.ar\/noticias-villa-maria\/wp-json\/wp\/v2\/media\/102274"}],"wp:attachment":[{"href":"https:\/\/elregionalvm.com.ar\/noticias-villa-maria\/wp-json\/wp\/v2\/media?parent=102273"}],"wp:term":[{"taxonomy":"category","embeddable":true,"href":"https:\/\/elregionalvm.com.ar\/noticias-villa-maria\/wp-json\/wp\/v2\/categories?post=102273"},{"taxonomy":"post_tag","embeddable":true,"href":"https:\/\/elregionalvm.com.ar\/noticias-villa-maria\/wp-json\/wp\/v2\/tags?post=102273"}],"curies":[{"name":"wp","href":"https:\/\/api.w.org\/{rel}","templated":true}]}}