{"id":102276,"date":"2025-01-10T00:58:55","date_gmt":"2025-01-10T00:58:55","guid":{"rendered":"https:\/\/elregionalvm.com.ar\/noticias-villa-maria\/?p=102276"},"modified":"2025-01-10T00:58:56","modified_gmt":"2025-01-10T00:58:56","slug":"el-indio-lucio-rojas-actuara-por-primera-en-el-festival-internacional-de-penas","status":"publish","type":"post","link":"https:\/\/elregionalvm.com.ar\/noticias-villa-maria\/el-indio-lucio-rojas-actuara-por-primera-en-el-festival-internacional-de-penas\/","title":{"rendered":"El Indio Lucio Rojas actuar\u00e1 por primera en el Festival Internacional de Pe\u00f1as"},"content":{"rendered":"\n<p>Villa Mar\u00eda Deporte y Turismo SEM informa que el Indio Lucio Rojas se presentar\u00e1 en el \u201cFestival de Festivales\u201d el viernes 7 de febrero.<\/p>\n\n\n\n<p>El cantautor que participar\u00e1 por primera vez del Festival, compartir\u00e1 escenario junto a Los Manseros Santiague\u00f1os, Sergio Galleguillo, Chaque\u00f1o Palavecino y Los Tekis, en la noche de \u201cLos 5 grandes del Folklore\u201d.<\/p>\n\n\n\n<p>Cabe se\u00f1alar que el artista nacido en Neuqu\u00e9n despliega sobre el escenario un repertorio musical con una profunda ra\u00edz folkl\u00f3rica, destac\u00e1ndose por su experiencia de haber acompa\u00f1ado por m\u00e1s de 10 a\u00f1os a su hermano Jorge y por haber sido vocalista del tradicional grupo \u201cLos Carabajal\u201d por m\u00e1s de 5 a\u00f1os.<\/p>\n\n\n\n<p>Es importante resaltar que el Indio Lucio Rojas ha recibido importantes distinciones en los festivales folkl\u00f3ricos m\u00e1s importantes del pa\u00eds como Cosqu\u00edn, Jes\u00fas Mar\u00eda y Baradero, entre Otros.<\/p>\n","protected":false},"excerpt":{"rendered":"<p>Villa Mar\u00eda Deporte y Turismo SEM informa que el Indio Lucio Rojas se presentar\u00e1 en el \u201cFestival de Festivales\u201d el viernes 7 de febrero. El cantautor que participar\u00e1 por primera vez del Festival, compartir\u00e1 escenario junto a Los Manseros Santiague\u00f1os, Sergio Galleguillo, Chaque\u00f1o Palavecino y Los Tekis, en la noche de \u201cLos 5 grandes del [&hellip;]<\/p>\n","protected":false},"author":4,"featured_media":102277,"comment_status":"open","ping_status":"open","sticky":false,"template":"","format":"standard","meta":{"site-sidebar-layout":"default","site-content-layout":"","ast-site-content-layout":"default","site-content-style":"default","site-sidebar-style":"default","ast-global-header-display":"","ast-banner-title-visibility":"","ast-main-header-display":"","ast-hfb-above-header-display":"","ast-hfb-below-header-display":"","ast-hfb-mobile-header-display":"","site-post-title":"","ast-breadcrumbs-content":"","ast-featured-img":"","footer-sml-layout":"","ast-disable-related-posts":"","theme-transparent-header-meta":"","adv-header-id-meta":"","stick-header-meta":"","header-above-stick-meta":"","header-main-stick-meta":"","header-below-stick-meta":"","astra-migrate-meta-layouts":"set","ast-page-background-enabled":"default","ast-page-background-meta":{"desktop":{"background-color":"","background-image":"","background-repeat":"repeat","background-position":"center center","background-size":"auto","background-attachment":"scroll","background-type":"","background-media":"","overlay-type":"","overlay-color":"","overlay-opacity":"","overlay-gradient":""},"tablet":{"background-color":"","background-image":"","background-repeat":"repeat","background-position":"center center","background-size":"auto","background-attachment":"scroll","background-type":"","background-media":"","overlay-type":"","overlay-color":"","overlay-opacity":"","overlay-gradient":""},"mobile":{"background-color":"","background-image":"","background-repeat":"repeat","background-position":"center center","background-size":"auto","background-attachment":"scroll","background-type":"","background-media":"","overlay-type":"","overlay-color":"","overlay-opacity":"","overlay-gradient":""}},"ast-content-background-meta":{"desktop":{"background-color":"var(--ast-global-color-5)","background-image":"","background-repeat":"repeat","background-position":"center center","background-size":"auto","background-attachment":"scroll","background-type":"","background-media":"","overlay-type":"","overlay-color":"","overlay-opacity":"","overlay-gradient":""},"tablet":{"background-color":"var(--ast-global-color-5)","background-image":"","background-repeat":"repeat","background-position":"center center","background-size":"auto","background-attachment":"scroll","background-type":"","background-media":"","overlay-type":"","overlay-color":"","overlay-opacity":"","overlay-gradient":""},"mobile":{"background-color":"var(--ast-global-color-5)","background-image":"","background-repeat":"repeat","background-position":"center center","background-size":"auto","background-attachment":"scroll","background-type":"","background-media":"","overlay-type":"","overlay-color":"","overlay-opacity":"","overlay-gradient":""}},"_jetpack_memberships_contains_paid_content":false,"_joinchat":[],"footnotes":""},"categories":[2068,15302,5,2],"tags":[],"class_list":["post-102276","post","type-post","status-publish","format-standard","has-post-thumbnail","hentry","category-cultura-deporte","category-destacado","category-sociedad","category-villa-maria"],"yoast_head":"<!-- This site is optimized with the Yoast SEO plugin v26.8 - https:\/\/yoast.com\/product\/yoast-seo-wordpress\/ -->\n<title>El Indio Lucio Rojas actuar\u00e1 por primera en el Festival Internacional de Pe\u00f1as - El Regional<\/title>\n<meta name=\"robots\" content=\"index, follow, max-snippet:-1, max-image-preview:large, max-video-preview:-1\" \/>\n<link rel=\"canonical\" href=\"https:\/\/elregionalvm.com.ar\/noticias-villa-maria\/el-indio-lucio-rojas-actuara-por-primera-en-el-festival-internacional-de-penas\/\" \/>\n<meta property=\"og:locale\" content=\"es_ES\" \/>\n<meta property=\"og:type\" content=\"article\" \/>\n<meta property=\"og:title\" content=\"El Indio Lucio Rojas actuar\u00e1 por primera en el Festival Internacional de Pe\u00f1as - El Regional\" \/>\n<meta property=\"og:description\" content=\"Villa Mar\u00eda Deporte y Turismo SEM informa que el Indio Lucio Rojas se presentar\u00e1 en el \u201cFestival de Festivales\u201d el viernes 7 de febrero. El cantautor que participar\u00e1 por primera vez del Festival, compartir\u00e1 escenario junto a Los Manseros Santiague\u00f1os, Sergio Galleguillo, Chaque\u00f1o Palavecino y Los Tekis, en la noche de \u201cLos 5 grandes del [&hellip;]\" \/>\n<meta property=\"og:url\" content=\"https:\/\/elregionalvm.com.ar\/noticias-villa-maria\/el-indio-lucio-rojas-actuara-por-primera-en-el-festival-internacional-de-penas\/\" \/>\n<meta property=\"og:site_name\" content=\"El Regional\" \/>\n<meta property=\"article:publisher\" content=\"https:\/\/www.facebook.com\/elregionalvm\" \/>\n<meta property=\"article:published_time\" content=\"2025-01-10T00:58:55+00:00\" \/>\n<meta property=\"article:modified_time\" content=\"2025-01-10T00:58:56+00:00\" \/>\n<meta property=\"og:image\" content=\"https:\/\/elregionalvm.com.ar\/noticias-villa-maria\/wp-content\/uploads\/2025\/01\/59346741-7604-4fe2-bf31-26437992a953.jpg\" \/>\n\t<meta property=\"og:image:width\" content=\"1597\" \/>\n\t<meta property=\"og:image:height\" content=\"1600\" \/>\n\t<meta property=\"og:image:type\" content=\"image\/jpeg\" \/>\n<meta name=\"author\" content=\"Contenidos El Regional\" \/>\n<meta name=\"twitter:card\" content=\"summary_large_image\" \/>\n<meta name=\"twitter:creator\" content=\"@elregionalvm1\" \/>\n<meta name=\"twitter:site\" content=\"@elregionalvm1\" \/>\n<meta name=\"twitter:label1\" content=\"Escrito por\" \/>\n\t<meta name=\"twitter:data1\" content=\"Contenidos El Regional\" \/>\n\t<meta name=\"twitter:label2\" content=\"Tiempo de lectura\" \/>\n\t<meta name=\"twitter:data2\" content=\"1 minuto\" \/>\n<script type=\"application\/ld+json\" class=\"yoast-schema-graph\">{\"@context\":\"https:\/\/schema.org\",\"@graph\":[{\"@type\":\"Article\",\"@id\":\"https:\/\/elregionalvm.com.ar\/noticias-villa-maria\/el-indio-lucio-rojas-actuara-por-primera-en-el-festival-internacional-de-penas\/#article\",\"isPartOf\":{\"@id\":\"https:\/\/elregionalvm.com.ar\/noticias-villa-maria\/el-indio-lucio-rojas-actuara-por-primera-en-el-festival-internacional-de-penas\/\"},\"author\":{\"name\":\"Contenidos El Regional\",\"@id\":\"http:\/\/elregionalvm.com.ar\/noticias-villa-maria\/#\/schema\/person\/a0fb9c422317faca23d50163151bc354\"},\"headline\":\"El Indio Lucio Rojas actuar\u00e1 por primera en el Festival Internacional de Pe\u00f1as\",\"datePublished\":\"2025-01-10T00:58:55+00:00\",\"dateModified\":\"2025-01-10T00:58:56+00:00\",\"mainEntityOfPage\":{\"@id\":\"https:\/\/elregionalvm.com.ar\/noticias-villa-maria\/el-indio-lucio-rojas-actuara-por-primera-en-el-festival-internacional-de-penas\/\"},\"wordCount\":164,\"commentCount\":0,\"image\":{\"@id\":\"https:\/\/elregionalvm.com.ar\/noticias-villa-maria\/el-indio-lucio-rojas-actuara-por-primera-en-el-festival-internacional-de-penas\/#primaryimage\"},\"thumbnailUrl\":\"https:\/\/i0.wp.com\/elregionalvm.com.ar\/noticias-villa-maria\/wp-content\/uploads\/2025\/01\/59346741-7604-4fe2-bf31-26437992a953.jpg?fit=1597%2C1600&ssl=1\",\"articleSection\":[\"Cultura\",\"destacado\",\"Sociedad\",\"Villa Mar\u00eda\"],\"inLanguage\":\"es\",\"potentialAction\":[{\"@type\":\"CommentAction\",\"name\":\"Comment\",\"target\":[\"https:\/\/elregionalvm.com.ar\/noticias-villa-maria\/el-indio-lucio-rojas-actuara-por-primera-en-el-festival-internacional-de-penas\/#respond\"]}]},{\"@type\":\"WebPage\",\"@id\":\"https:\/\/elregionalvm.com.ar\/noticias-villa-maria\/el-indio-lucio-rojas-actuara-por-primera-en-el-festival-internacional-de-penas\/\",\"url\":\"https:\/\/elregionalvm.com.ar\/noticias-villa-maria\/el-indio-lucio-rojas-actuara-por-primera-en-el-festival-internacional-de-penas\/\",\"name\":\"El Indio Lucio Rojas actuar\u00e1 por primera en el Festival Internacional de Pe\u00f1as - El Regional\",\"isPartOf\":{\"@id\":\"http:\/\/elregionalvm.com.ar\/noticias-villa-maria\/#website\"},\"primaryImageOfPage\":{\"@id\":\"https:\/\/elregionalvm.com.ar\/noticias-villa-maria\/el-indio-lucio-rojas-actuara-por-primera-en-el-festival-internacional-de-penas\/#primaryimage\"},\"image\":{\"@id\":\"https:\/\/elregionalvm.com.ar\/noticias-villa-maria\/el-indio-lucio-rojas-actuara-por-primera-en-el-festival-internacional-de-penas\/#primaryimage\"},\"thumbnailUrl\":\"https:\/\/i0.wp.com\/elregionalvm.com.ar\/noticias-villa-maria\/wp-content\/uploads\/2025\/01\/59346741-7604-4fe2-bf31-26437992a953.jpg?fit=1597%2C1600&ssl=1\",\"datePublished\":\"2025-01-10T00:58:55+00:00\",\"dateModified\":\"2025-01-10T00:58:56+00:00\",\"author\":{\"@id\":\"http:\/\/elregionalvm.com.ar\/noticias-villa-maria\/#\/schema\/person\/a0fb9c422317faca23d50163151bc354\"},\"breadcrumb\":{\"@id\":\"https:\/\/elregionalvm.com.ar\/noticias-villa-maria\/el-indio-lucio-rojas-actuara-por-primera-en-el-festival-internacional-de-penas\/#breadcrumb\"},\"inLanguage\":\"es\",\"potentialAction\":[{\"@type\":\"ReadAction\",\"target\":[\"https:\/\/elregionalvm.com.ar\/noticias-villa-maria\/el-indio-lucio-rojas-actuara-por-primera-en-el-festival-internacional-de-penas\/\"]}]},{\"@type\":\"ImageObject\",\"inLanguage\":\"es\",\"@id\":\"https:\/\/elregionalvm.com.ar\/noticias-villa-maria\/el-indio-lucio-rojas-actuara-por-primera-en-el-festival-internacional-de-penas\/#primaryimage\",\"url\":\"https:\/\/i0.wp.com\/elregionalvm.com.ar\/noticias-villa-maria\/wp-content\/uploads\/2025\/01\/59346741-7604-4fe2-bf31-26437992a953.jpg?fit=1597%2C1600&ssl=1\",\"contentUrl\":\"https:\/\/i0.wp.com\/elregionalvm.com.ar\/noticias-villa-maria\/wp-content\/uploads\/2025\/01\/59346741-7604-4fe2-bf31-26437992a953.jpg?fit=1597%2C1600&ssl=1\",\"width\":1597,\"height\":1600},{\"@type\":\"BreadcrumbList\",\"@id\":\"https:\/\/elregionalvm.com.ar\/noticias-villa-maria\/el-indio-lucio-rojas-actuara-por-primera-en-el-festival-internacional-de-penas\/#breadcrumb\",\"itemListElement\":[{\"@type\":\"ListItem\",\"position\":1,\"name\":\"Portada\",\"item\":\"https:\/\/elregionalvm.com.ar\/noticias-villa-maria\/\"},{\"@type\":\"ListItem\",\"position\":2,\"name\":\"El Indio Lucio Rojas actuar\u00e1 por primera en el Festival Internacional de Pe\u00f1as\"}]},{\"@type\":\"WebSite\",\"@id\":\"http:\/\/elregionalvm.com.ar\/noticias-villa-maria\/#website\",\"url\":\"http:\/\/elregionalvm.com.ar\/noticias-villa-maria\/\",\"name\":\"El Regional\",\"description\":\"Mucho m\u00e1s que informaci\u00f3n\",\"potentialAction\":[{\"@type\":\"SearchAction\",\"target\":{\"@type\":\"EntryPoint\",\"urlTemplate\":\"http:\/\/elregionalvm.com.ar\/noticias-villa-maria\/?s={search_term_string}\"},\"query-input\":{\"@type\":\"PropertyValueSpecification\",\"valueRequired\":true,\"valueName\":\"search_term_string\"}}],\"inLanguage\":\"es\"},{\"@type\":\"Person\",\"@id\":\"http:\/\/elregionalvm.com.ar\/noticias-villa-maria\/#\/schema\/person\/a0fb9c422317faca23d50163151bc354\",\"name\":\"Contenidos El Regional\",\"image\":{\"@type\":\"ImageObject\",\"inLanguage\":\"es\",\"@id\":\"http:\/\/elregionalvm.com.ar\/noticias-villa-maria\/#\/schema\/person\/image\/\",\"url\":\"https:\/\/secure.gravatar.com\/avatar\/265b27cb2209af7bb3a1318f03305787d7981a5cc6e6cd08fe5a4ecdf99d4b48?s=96&d=mm&r=g\",\"contentUrl\":\"https:\/\/secure.gravatar.com\/avatar\/265b27cb2209af7bb3a1318f03305787d7981a5cc6e6cd08fe5a4ecdf99d4b48?s=96&d=mm&r=g\",\"caption\":\"Contenidos El Regional\"},\"url\":\"https:\/\/elregionalvm.com.ar\/noticias-villa-maria\/author\/contenido\/\"}]}<\/script>\n<!-- \/ Yoast SEO plugin. -->","yoast_head_json":{"title":"El Indio Lucio Rojas actuar\u00e1 por primera en el Festival Internacional de Pe\u00f1as - El Regional","robots":{"index":"index","follow":"follow","max-snippet":"max-snippet:-1","max-image-preview":"max-image-preview:large","max-video-preview":"max-video-preview:-1"},"canonical":"https:\/\/elregionalvm.com.ar\/noticias-villa-maria\/el-indio-lucio-rojas-actuara-por-primera-en-el-festival-internacional-de-penas\/","og_locale":"es_ES","og_type":"article","og_title":"El Indio Lucio Rojas actuar\u00e1 por primera en el Festival Internacional de Pe\u00f1as - El Regional","og_description":"Villa Mar\u00eda Deporte y Turismo SEM informa que el Indio Lucio Rojas se presentar\u00e1 en el \u201cFestival de Festivales\u201d el viernes 7 de febrero. El cantautor que participar\u00e1 por primera vez del Festival, compartir\u00e1 escenario junto a Los Manseros Santiague\u00f1os, Sergio Galleguillo, Chaque\u00f1o Palavecino y Los Tekis, en la noche de \u201cLos 5 grandes del [&hellip;]","og_url":"https:\/\/elregionalvm.com.ar\/noticias-villa-maria\/el-indio-lucio-rojas-actuara-por-primera-en-el-festival-internacional-de-penas\/","og_site_name":"El Regional","article_publisher":"https:\/\/www.facebook.com\/elregionalvm","article_published_time":"2025-01-10T00:58:55+00:00","article_modified_time":"2025-01-10T00:58:56+00:00","og_image":[{"width":1597,"height":1600,"url":"https:\/\/elregionalvm.com.ar\/noticias-villa-maria\/wp-content\/uploads\/2025\/01\/59346741-7604-4fe2-bf31-26437992a953.jpg","type":"image\/jpeg"}],"author":"Contenidos El Regional","twitter_card":"summary_large_image","twitter_creator":"@elregionalvm1","twitter_site":"@elregionalvm1","twitter_misc":{"Escrito por":"Contenidos El Regional","Tiempo de lectura":"1 minuto"},"schema":{"@context":"https:\/\/schema.org","@graph":[{"@type":"Article","@id":"https:\/\/elregionalvm.com.ar\/noticias-villa-maria\/el-indio-lucio-rojas-actuara-por-primera-en-el-festival-internacional-de-penas\/#article","isPartOf":{"@id":"https:\/\/elregionalvm.com.ar\/noticias-villa-maria\/el-indio-lucio-rojas-actuara-por-primera-en-el-festival-internacional-de-penas\/"},"author":{"name":"Contenidos El Regional","@id":"http:\/\/elregionalvm.com.ar\/noticias-villa-maria\/#\/schema\/person\/a0fb9c422317faca23d50163151bc354"},"headline":"El Indio Lucio Rojas actuar\u00e1 por primera en el Festival Internacional de Pe\u00f1as","datePublished":"2025-01-10T00:58:55+00:00","dateModified":"2025-01-10T00:58:56+00:00","mainEntityOfPage":{"@id":"https:\/\/elregionalvm.com.ar\/noticias-villa-maria\/el-indio-lucio-rojas-actuara-por-primera-en-el-festival-internacional-de-penas\/"},"wordCount":164,"commentCount":0,"image":{"@id":"https:\/\/elregionalvm.com.ar\/noticias-villa-maria\/el-indio-lucio-rojas-actuara-por-primera-en-el-festival-internacional-de-penas\/#primaryimage"},"thumbnailUrl":"https:\/\/i0.wp.com\/elregionalvm.com.ar\/noticias-villa-maria\/wp-content\/uploads\/2025\/01\/59346741-7604-4fe2-bf31-26437992a953.jpg?fit=1597%2C1600&ssl=1","articleSection":["Cultura","destacado","Sociedad","Villa Mar\u00eda"],"inLanguage":"es","potentialAction":[{"@type":"CommentAction","name":"Comment","target":["https:\/\/elregionalvm.com.ar\/noticias-villa-maria\/el-indio-lucio-rojas-actuara-por-primera-en-el-festival-internacional-de-penas\/#respond"]}]},{"@type":"WebPage","@id":"https:\/\/elregionalvm.com.ar\/noticias-villa-maria\/el-indio-lucio-rojas-actuara-por-primera-en-el-festival-internacional-de-penas\/","url":"https:\/\/elregionalvm.com.ar\/noticias-villa-maria\/el-indio-lucio-rojas-actuara-por-primera-en-el-festival-internacional-de-penas\/","name":"El Indio Lucio Rojas actuar\u00e1 por primera en el Festival Internacional de Pe\u00f1as - El Regional","isPartOf":{"@id":"http:\/\/elregionalvm.com.ar\/noticias-villa-maria\/#website"},"primaryImageOfPage":{"@id":"https:\/\/elregionalvm.com.ar\/noticias-villa-maria\/el-indio-lucio-rojas-actuara-por-primera-en-el-festival-internacional-de-penas\/#primaryimage"},"image":{"@id":"https:\/\/elregionalvm.com.ar\/noticias-villa-maria\/el-indio-lucio-rojas-actuara-por-primera-en-el-festival-internacional-de-penas\/#primaryimage"},"thumbnailUrl":"https:\/\/i0.wp.com\/elregionalvm.com.ar\/noticias-villa-maria\/wp-content\/uploads\/2025\/01\/59346741-7604-4fe2-bf31-26437992a953.jpg?fit=1597%2C1600&ssl=1","datePublished":"2025-01-10T00:58:55+00:00","dateModified":"2025-01-10T00:58:56+00:00","author":{"@id":"http:\/\/elregionalvm.com.ar\/noticias-villa-maria\/#\/schema\/person\/a0fb9c422317faca23d50163151bc354"},"breadcrumb":{"@id":"https:\/\/elregionalvm.com.ar\/noticias-villa-maria\/el-indio-lucio-rojas-actuara-por-primera-en-el-festival-internacional-de-penas\/#breadcrumb"},"inLanguage":"es","potentialAction":[{"@type":"ReadAction","target":["https:\/\/elregionalvm.com.ar\/noticias-villa-maria\/el-indio-lucio-rojas-actuara-por-primera-en-el-festival-internacional-de-penas\/"]}]},{"@type":"ImageObject","inLanguage":"es","@id":"https:\/\/elregionalvm.com.ar\/noticias-villa-maria\/el-indio-lucio-rojas-actuara-por-primera-en-el-festival-internacional-de-penas\/#primaryimage","url":"https:\/\/i0.wp.com\/elregionalvm.com.ar\/noticias-villa-maria\/wp-content\/uploads\/2025\/01\/59346741-7604-4fe2-bf31-26437992a953.jpg?fit=1597%2C1600&ssl=1","contentUrl":"https:\/\/i0.wp.com\/elregionalvm.com.ar\/noticias-villa-maria\/wp-content\/uploads\/2025\/01\/59346741-7604-4fe2-bf31-26437992a953.jpg?fit=1597%2C1600&ssl=1","width":1597,"height":1600},{"@type":"BreadcrumbList","@id":"https:\/\/elregionalvm.com.ar\/noticias-villa-maria\/el-indio-lucio-rojas-actuara-por-primera-en-el-festival-internacional-de-penas\/#breadcrumb","itemListElement":[{"@type":"ListItem","position":1,"name":"Portada","item":"https:\/\/elregionalvm.com.ar\/noticias-villa-maria\/"},{"@type":"ListItem","position":2,"name":"El Indio Lucio Rojas actuar\u00e1 por primera en el Festival Internacional de Pe\u00f1as"}]},{"@type":"WebSite","@id":"http:\/\/elregionalvm.com.ar\/noticias-villa-maria\/#website","url":"http:\/\/elregionalvm.com.ar\/noticias-villa-maria\/","name":"El Regional","description":"Mucho m\u00e1s que informaci\u00f3n","potentialAction":[{"@type":"SearchAction","target":{"@type":"EntryPoint","urlTemplate":"http:\/\/elregionalvm.com.ar\/noticias-villa-maria\/?s={search_term_string}"},"query-input":{"@type":"PropertyValueSpecification","valueRequired":true,"valueName":"search_term_string"}}],"inLanguage":"es"},{"@type":"Person","@id":"http:\/\/elregionalvm.com.ar\/noticias-villa-maria\/#\/schema\/person\/a0fb9c422317faca23d50163151bc354","name":"Contenidos El Regional","image":{"@type":"ImageObject","inLanguage":"es","@id":"http:\/\/elregionalvm.com.ar\/noticias-villa-maria\/#\/schema\/person\/image\/","url":"https:\/\/secure.gravatar.com\/avatar\/265b27cb2209af7bb3a1318f03305787d7981a5cc6e6cd08fe5a4ecdf99d4b48?s=96&d=mm&r=g","contentUrl":"https:\/\/secure.gravatar.com\/avatar\/265b27cb2209af7bb3a1318f03305787d7981a5cc6e6cd08fe5a4ecdf99d4b48?s=96&d=mm&r=g","caption":"Contenidos El Regional"},"url":"https:\/\/elregionalvm.com.ar\/noticias-villa-maria\/author\/contenido\/"}]}},"jetpack_featured_media_url":"https:\/\/i0.wp.com\/elregionalvm.com.ar\/noticias-villa-maria\/wp-content\/uploads\/2025\/01\/59346741-7604-4fe2-bf31-26437992a953.jpg?fit=1597%2C1600&ssl=1","jetpack_sharing_enabled":true,"_links":{"self":[{"href":"https:\/\/elregionalvm.com.ar\/noticias-villa-maria\/wp-json\/wp\/v2\/posts\/102276","targetHints":{"allow":["GET"]}}],"collection":[{"href":"https:\/\/elregionalvm.com.ar\/noticias-villa-maria\/wp-json\/wp\/v2\/posts"}],"about":[{"href":"https:\/\/elregionalvm.com.ar\/noticias-villa-maria\/wp-json\/wp\/v2\/types\/post"}],"author":[{"embeddable":true,"href":"https:\/\/elregionalvm.com.ar\/noticias-villa-maria\/wp-json\/wp\/v2\/users\/4"}],"replies":[{"embeddable":true,"href":"https:\/\/elregionalvm.com.ar\/noticias-villa-maria\/wp-json\/wp\/v2\/comments?post=102276"}],"version-history":[{"count":1,"href":"https:\/\/elregionalvm.com.ar\/noticias-villa-maria\/wp-json\/wp\/v2\/posts\/102276\/revisions"}],"predecessor-version":[{"id":102278,"href":"https:\/\/elregionalvm.com.ar\/noticias-villa-maria\/wp-json\/wp\/v2\/posts\/102276\/revisions\/102278"}],"wp:featuredmedia":[{"embeddable":true,"href":"https:\/\/elregionalvm.com.ar\/noticias-villa-maria\/wp-json\/wp\/v2\/media\/102277"}],"wp:attachment":[{"href":"https:\/\/elregionalvm.com.ar\/noticias-villa-maria\/wp-json\/wp\/v2\/media?parent=102276"}],"wp:term":[{"taxonomy":"category","embeddable":true,"href":"https:\/\/elregionalvm.com.ar\/noticias-villa-maria\/wp-json\/wp\/v2\/categories?post=102276"},{"taxonomy":"post_tag","embeddable":true,"href":"https:\/\/elregionalvm.com.ar\/noticias-villa-maria\/wp-json\/wp\/v2\/tags?post=102276"}],"curies":[{"name":"wp","href":"https:\/\/api.w.org\/{rel}","templated":true}]}}