{"id":102282,"date":"2025-01-10T01:04:10","date_gmt":"2025-01-10T01:04:10","guid":{"rendered":"https:\/\/elregionalvm.com.ar\/noticias-villa-maria\/?p=102282"},"modified":"2025-01-10T01:04:12","modified_gmt":"2025-01-10T01:04:12","slug":"un-padre-en-el-auto-con-sus-hijos-despistaron-en-ana-zumaran-y-tuvieron-un-accidente-el-hombre-de-50-anos-esta-internado-en-terapia-intensiva","status":"publish","type":"post","link":"https:\/\/elregionalvm.com.ar\/noticias-villa-maria\/un-padre-en-el-auto-con-sus-hijos-despistaron-en-ana-zumaran-y-tuvieron-un-accidente-el-hombre-de-50-anos-esta-internado-en-terapia-intensiva\/","title":{"rendered":"Un padre en el auto con sus hijos, despistaron en Ana Zumaran y tuvieron un accidente: el hombre de 50 a\u00f1os esta internado en terapia intensiva"},"content":{"rendered":"\n<p>Siendo aproximadamente las 22:20 horas de la fecha, personal de la Patrulla Preventiva se constituy\u00f3 en el trazado de Ruta Prov. N\u00ba 2 Km-23 en cercan\u00edas de Ana Zumaran, donde hab\u00eda ocurrido un accidente de tr\u00e1nsito en el que por causas a establecer el conductor de un autom\u00f3vil Fiat Siena, un hombre de 50 a\u00f1os de edad que era acompa\u00f1ado por otras dos personas que resultan sus hijos, un hombre de 23 a\u00f1os y una joven de 19 a\u00f1os de edad, perdi\u00f3 el control del rodado y despist\u00f3 finalizando su trayectoria en la banquina profunda.<\/p>\n\n\n\n<p>Como resultado del siniestro personal de Bomberos Voluntarios procedi\u00f3 al traslado de los ocupantes hasta el Hospital Regional Pasteur de esta ciudad de Villa Mar\u00eda, donde personal m\u00e9dico de turno estableci\u00f3 en grado de las lesiones; mientras que los j\u00f3venes resultaron con \u201clesiones leves\u201d, el conductor de 50 a\u00f1os result\u00f3 con \u201dlesiones graves\u201d por m\u00faltiples fracturas, en maxilofacial, fracturas en v\u00e9rtebras de la columna y esc\u00e1pula con contusi\u00f3n pulmonar bilateral, fractura de clav\u00edcula y de arcos costales inferiores, entre otras lesiones; quedando alojado en UTI con pron\u00f3stico reservado y riesgo de vida.<\/p>\n\n\n\n<p>Se labran actuaciones a disposici\u00f3n de la Fiscal\u00eda de Instrucci\u00f3n en Feria.<\/p>\n","protected":false},"excerpt":{"rendered":"<p>Siendo aproximadamente las 22:20 horas de la fecha, personal de la Patrulla Preventiva se constituy\u00f3 en el trazado de Ruta Prov. N\u00ba 2 Km-23 en cercan\u00edas de Ana Zumaran, donde hab\u00eda ocurrido un accidente de tr\u00e1nsito en el que por causas a establecer el conductor de un autom\u00f3vil Fiat Siena, un hombre de 50 a\u00f1os [&hellip;]<\/p>\n","protected":false},"author":4,"featured_media":102283,"comment_status":"open","ping_status":"open","sticky":false,"template":"","format":"standard","meta":{"site-sidebar-layout":"default","site-content-layout":"","ast-site-content-layout":"default","site-content-style":"default","site-sidebar-style":"default","ast-global-header-display":"","ast-banner-title-visibility":"","ast-main-header-display":"","ast-hfb-above-header-display":"","ast-hfb-below-header-display":"","ast-hfb-mobile-header-display":"","site-post-title":"","ast-breadcrumbs-content":"","ast-featured-img":"","footer-sml-layout":"","ast-disable-related-posts":"","theme-transparent-header-meta":"","adv-header-id-meta":"","stick-header-meta":"","header-above-stick-meta":"","header-main-stick-meta":"","header-below-stick-meta":"","astra-migrate-meta-layouts":"set","ast-page-background-enabled":"default","ast-page-background-meta":{"desktop":{"background-color":"","background-image":"","background-repeat":"repeat","background-position":"center center","background-size":"auto","background-attachment":"scroll","background-type":"","background-media":"","overlay-type":"","overlay-color":"","overlay-opacity":"","overlay-gradient":""},"tablet":{"background-color":"","background-image":"","background-repeat":"repeat","background-position":"center center","background-size":"auto","background-attachment":"scroll","background-type":"","background-media":"","overlay-type":"","overlay-color":"","overlay-opacity":"","overlay-gradient":""},"mobile":{"background-color":"","background-image":"","background-repeat":"repeat","background-position":"center center","background-size":"auto","background-attachment":"scroll","background-type":"","background-media":"","overlay-type":"","overlay-color":"","overlay-opacity":"","overlay-gradient":""}},"ast-content-background-meta":{"desktop":{"background-color":"var(--ast-global-color-5)","background-image":"","background-repeat":"repeat","background-position":"center center","background-size":"auto","background-attachment":"scroll","background-type":"","background-media":"","overlay-type":"","overlay-color":"","overlay-opacity":"","overlay-gradient":""},"tablet":{"background-color":"var(--ast-global-color-5)","background-image":"","background-repeat":"repeat","background-position":"center center","background-size":"auto","background-attachment":"scroll","background-type":"","background-media":"","overlay-type":"","overlay-color":"","overlay-opacity":"","overlay-gradient":""},"mobile":{"background-color":"var(--ast-global-color-5)","background-image":"","background-repeat":"repeat","background-position":"center center","background-size":"auto","background-attachment":"scroll","background-type":"","background-media":"","overlay-type":"","overlay-color":"","overlay-opacity":"","overlay-gradient":""}},"_jetpack_memberships_contains_paid_content":false,"_joinchat":[],"footnotes":""},"categories":[15302,2234,2091,5],"tags":[],"class_list":["post-102282","post","type-post","status-publish","format-standard","has-post-thumbnail","hentry","category-destacado","category-policiales","category-region","category-sociedad"],"yoast_head":"<!-- This site is optimized with the Yoast SEO plugin v26.8 - https:\/\/yoast.com\/product\/yoast-seo-wordpress\/ -->\n<title>Un padre en el auto con sus hijos, despistaron en Ana Zumaran y tuvieron un accidente: el hombre de 50 a\u00f1os esta internado en terapia intensiva - El Regional<\/title>\n<meta name=\"robots\" content=\"index, follow, max-snippet:-1, max-image-preview:large, max-video-preview:-1\" \/>\n<link rel=\"canonical\" href=\"https:\/\/elregionalvm.com.ar\/noticias-villa-maria\/un-padre-en-el-auto-con-sus-hijos-despistaron-en-ana-zumaran-y-tuvieron-un-accidente-el-hombre-de-50-anos-esta-internado-en-terapia-intensiva\/\" \/>\n<meta property=\"og:locale\" content=\"es_ES\" \/>\n<meta property=\"og:type\" content=\"article\" \/>\n<meta property=\"og:title\" content=\"Un padre en el auto con sus hijos, despistaron en Ana Zumaran y tuvieron un accidente: el hombre de 50 a\u00f1os esta internado en terapia intensiva - El Regional\" \/>\n<meta property=\"og:description\" content=\"Siendo aproximadamente las 22:20 horas de la fecha, personal de la Patrulla Preventiva se constituy\u00f3 en el trazado de Ruta Prov. N\u00ba 2 Km-23 en cercan\u00edas de Ana Zumaran, donde hab\u00eda ocurrido un accidente de tr\u00e1nsito en el que por causas a establecer el conductor de un autom\u00f3vil Fiat Siena, un hombre de 50 a\u00f1os [&hellip;]\" \/>\n<meta property=\"og:url\" content=\"https:\/\/elregionalvm.com.ar\/noticias-villa-maria\/un-padre-en-el-auto-con-sus-hijos-despistaron-en-ana-zumaran-y-tuvieron-un-accidente-el-hombre-de-50-anos-esta-internado-en-terapia-intensiva\/\" \/>\n<meta property=\"og:site_name\" content=\"El Regional\" \/>\n<meta property=\"article:publisher\" content=\"https:\/\/www.facebook.com\/elregionalvm\" \/>\n<meta property=\"article:published_time\" content=\"2025-01-10T01:04:10+00:00\" \/>\n<meta property=\"article:modified_time\" content=\"2025-01-10T01:04:12+00:00\" \/>\n<meta property=\"og:image\" content=\"https:\/\/elregionalvm.com.ar\/noticias-villa-maria\/wp-content\/uploads\/2025\/01\/accidente.jpg\" \/>\n\t<meta property=\"og:image:width\" content=\"1280\" \/>\n\t<meta property=\"og:image:height\" content=\"720\" \/>\n\t<meta property=\"og:image:type\" content=\"image\/jpeg\" \/>\n<meta name=\"author\" content=\"Contenidos El Regional\" \/>\n<meta name=\"twitter:card\" content=\"summary_large_image\" \/>\n<meta name=\"twitter:creator\" content=\"@elregionalvm1\" \/>\n<meta name=\"twitter:site\" content=\"@elregionalvm1\" \/>\n<meta name=\"twitter:label1\" content=\"Escrito por\" \/>\n\t<meta name=\"twitter:data1\" content=\"Contenidos El Regional\" \/>\n\t<meta name=\"twitter:label2\" content=\"Tiempo de lectura\" \/>\n\t<meta name=\"twitter:data2\" content=\"2 minutos\" \/>\n<script type=\"application\/ld+json\" class=\"yoast-schema-graph\">{\"@context\":\"https:\/\/schema.org\",\"@graph\":[{\"@type\":\"Article\",\"@id\":\"https:\/\/elregionalvm.com.ar\/noticias-villa-maria\/un-padre-en-el-auto-con-sus-hijos-despistaron-en-ana-zumaran-y-tuvieron-un-accidente-el-hombre-de-50-anos-esta-internado-en-terapia-intensiva\/#article\",\"isPartOf\":{\"@id\":\"https:\/\/elregionalvm.com.ar\/noticias-villa-maria\/un-padre-en-el-auto-con-sus-hijos-despistaron-en-ana-zumaran-y-tuvieron-un-accidente-el-hombre-de-50-anos-esta-internado-en-terapia-intensiva\/\"},\"author\":{\"name\":\"Contenidos El Regional\",\"@id\":\"http:\/\/elregionalvm.com.ar\/noticias-villa-maria\/#\/schema\/person\/a0fb9c422317faca23d50163151bc354\"},\"headline\":\"Un padre en el auto con sus hijos, despistaron en Ana Zumaran y tuvieron un accidente: el hombre de 50 a\u00f1os esta internado en terapia intensiva\",\"datePublished\":\"2025-01-10T01:04:10+00:00\",\"dateModified\":\"2025-01-10T01:04:12+00:00\",\"mainEntityOfPage\":{\"@id\":\"https:\/\/elregionalvm.com.ar\/noticias-villa-maria\/un-padre-en-el-auto-con-sus-hijos-despistaron-en-ana-zumaran-y-tuvieron-un-accidente-el-hombre-de-50-anos-esta-internado-en-terapia-intensiva\/\"},\"wordCount\":240,\"commentCount\":0,\"image\":{\"@id\":\"https:\/\/elregionalvm.com.ar\/noticias-villa-maria\/un-padre-en-el-auto-con-sus-hijos-despistaron-en-ana-zumaran-y-tuvieron-un-accidente-el-hombre-de-50-anos-esta-internado-en-terapia-intensiva\/#primaryimage\"},\"thumbnailUrl\":\"https:\/\/i0.wp.com\/elregionalvm.com.ar\/noticias-villa-maria\/wp-content\/uploads\/2025\/01\/accidente.jpg?fit=1280%2C720&ssl=1\",\"articleSection\":[\"destacado\",\"Policiales\",\"Regi\u00f3n\",\"Sociedad\"],\"inLanguage\":\"es\",\"potentialAction\":[{\"@type\":\"CommentAction\",\"name\":\"Comment\",\"target\":[\"https:\/\/elregionalvm.com.ar\/noticias-villa-maria\/un-padre-en-el-auto-con-sus-hijos-despistaron-en-ana-zumaran-y-tuvieron-un-accidente-el-hombre-de-50-anos-esta-internado-en-terapia-intensiva\/#respond\"]}]},{\"@type\":\"WebPage\",\"@id\":\"https:\/\/elregionalvm.com.ar\/noticias-villa-maria\/un-padre-en-el-auto-con-sus-hijos-despistaron-en-ana-zumaran-y-tuvieron-un-accidente-el-hombre-de-50-anos-esta-internado-en-terapia-intensiva\/\",\"url\":\"https:\/\/elregionalvm.com.ar\/noticias-villa-maria\/un-padre-en-el-auto-con-sus-hijos-despistaron-en-ana-zumaran-y-tuvieron-un-accidente-el-hombre-de-50-anos-esta-internado-en-terapia-intensiva\/\",\"name\":\"Un padre en el auto con sus hijos, despistaron en Ana Zumaran y tuvieron un accidente: el hombre de 50 a\u00f1os esta internado en terapia intensiva - El Regional\",\"isPartOf\":{\"@id\":\"http:\/\/elregionalvm.com.ar\/noticias-villa-maria\/#website\"},\"primaryImageOfPage\":{\"@id\":\"https:\/\/elregionalvm.com.ar\/noticias-villa-maria\/un-padre-en-el-auto-con-sus-hijos-despistaron-en-ana-zumaran-y-tuvieron-un-accidente-el-hombre-de-50-anos-esta-internado-en-terapia-intensiva\/#primaryimage\"},\"image\":{\"@id\":\"https:\/\/elregionalvm.com.ar\/noticias-villa-maria\/un-padre-en-el-auto-con-sus-hijos-despistaron-en-ana-zumaran-y-tuvieron-un-accidente-el-hombre-de-50-anos-esta-internado-en-terapia-intensiva\/#primaryimage\"},\"thumbnailUrl\":\"https:\/\/i0.wp.com\/elregionalvm.com.ar\/noticias-villa-maria\/wp-content\/uploads\/2025\/01\/accidente.jpg?fit=1280%2C720&ssl=1\",\"datePublished\":\"2025-01-10T01:04:10+00:00\",\"dateModified\":\"2025-01-10T01:04:12+00:00\",\"author\":{\"@id\":\"http:\/\/elregionalvm.com.ar\/noticias-villa-maria\/#\/schema\/person\/a0fb9c422317faca23d50163151bc354\"},\"breadcrumb\":{\"@id\":\"https:\/\/elregionalvm.com.ar\/noticias-villa-maria\/un-padre-en-el-auto-con-sus-hijos-despistaron-en-ana-zumaran-y-tuvieron-un-accidente-el-hombre-de-50-anos-esta-internado-en-terapia-intensiva\/#breadcrumb\"},\"inLanguage\":\"es\",\"potentialAction\":[{\"@type\":\"ReadAction\",\"target\":[\"https:\/\/elregionalvm.com.ar\/noticias-villa-maria\/un-padre-en-el-auto-con-sus-hijos-despistaron-en-ana-zumaran-y-tuvieron-un-accidente-el-hombre-de-50-anos-esta-internado-en-terapia-intensiva\/\"]}]},{\"@type\":\"ImageObject\",\"inLanguage\":\"es\",\"@id\":\"https:\/\/elregionalvm.com.ar\/noticias-villa-maria\/un-padre-en-el-auto-con-sus-hijos-despistaron-en-ana-zumaran-y-tuvieron-un-accidente-el-hombre-de-50-anos-esta-internado-en-terapia-intensiva\/#primaryimage\",\"url\":\"https:\/\/i0.wp.com\/elregionalvm.com.ar\/noticias-villa-maria\/wp-content\/uploads\/2025\/01\/accidente.jpg?fit=1280%2C720&ssl=1\",\"contentUrl\":\"https:\/\/i0.wp.com\/elregionalvm.com.ar\/noticias-villa-maria\/wp-content\/uploads\/2025\/01\/accidente.jpg?fit=1280%2C720&ssl=1\",\"width\":1280,\"height\":720},{\"@type\":\"BreadcrumbList\",\"@id\":\"https:\/\/elregionalvm.com.ar\/noticias-villa-maria\/un-padre-en-el-auto-con-sus-hijos-despistaron-en-ana-zumaran-y-tuvieron-un-accidente-el-hombre-de-50-anos-esta-internado-en-terapia-intensiva\/#breadcrumb\",\"itemListElement\":[{\"@type\":\"ListItem\",\"position\":1,\"name\":\"Portada\",\"item\":\"https:\/\/elregionalvm.com.ar\/noticias-villa-maria\/\"},{\"@type\":\"ListItem\",\"position\":2,\"name\":\"Un padre en el auto con sus hijos, despistaron en Ana Zumaran y tuvieron un accidente: el hombre de 50 a\u00f1os esta internado en terapia intensiva\"}]},{\"@type\":\"WebSite\",\"@id\":\"http:\/\/elregionalvm.com.ar\/noticias-villa-maria\/#website\",\"url\":\"http:\/\/elregionalvm.com.ar\/noticias-villa-maria\/\",\"name\":\"El Regional\",\"description\":\"Mucho m\u00e1s que informaci\u00f3n\",\"potentialAction\":[{\"@type\":\"SearchAction\",\"target\":{\"@type\":\"EntryPoint\",\"urlTemplate\":\"http:\/\/elregionalvm.com.ar\/noticias-villa-maria\/?s={search_term_string}\"},\"query-input\":{\"@type\":\"PropertyValueSpecification\",\"valueRequired\":true,\"valueName\":\"search_term_string\"}}],\"inLanguage\":\"es\"},{\"@type\":\"Person\",\"@id\":\"http:\/\/elregionalvm.com.ar\/noticias-villa-maria\/#\/schema\/person\/a0fb9c422317faca23d50163151bc354\",\"name\":\"Contenidos El Regional\",\"image\":{\"@type\":\"ImageObject\",\"inLanguage\":\"es\",\"@id\":\"http:\/\/elregionalvm.com.ar\/noticias-villa-maria\/#\/schema\/person\/image\/\",\"url\":\"https:\/\/secure.gravatar.com\/avatar\/265b27cb2209af7bb3a1318f03305787d7981a5cc6e6cd08fe5a4ecdf99d4b48?s=96&d=mm&r=g\",\"contentUrl\":\"https:\/\/secure.gravatar.com\/avatar\/265b27cb2209af7bb3a1318f03305787d7981a5cc6e6cd08fe5a4ecdf99d4b48?s=96&d=mm&r=g\",\"caption\":\"Contenidos El Regional\"},\"url\":\"https:\/\/elregionalvm.com.ar\/noticias-villa-maria\/author\/contenido\/\"}]}<\/script>\n<!-- \/ Yoast SEO plugin. -->","yoast_head_json":{"title":"Un padre en el auto con sus hijos, despistaron en Ana Zumaran y tuvieron un accidente: el hombre de 50 a\u00f1os esta internado en terapia intensiva - El Regional","robots":{"index":"index","follow":"follow","max-snippet":"max-snippet:-1","max-image-preview":"max-image-preview:large","max-video-preview":"max-video-preview:-1"},"canonical":"https:\/\/elregionalvm.com.ar\/noticias-villa-maria\/un-padre-en-el-auto-con-sus-hijos-despistaron-en-ana-zumaran-y-tuvieron-un-accidente-el-hombre-de-50-anos-esta-internado-en-terapia-intensiva\/","og_locale":"es_ES","og_type":"article","og_title":"Un padre en el auto con sus hijos, despistaron en Ana Zumaran y tuvieron un accidente: el hombre de 50 a\u00f1os esta internado en terapia intensiva - El Regional","og_description":"Siendo aproximadamente las 22:20 horas de la fecha, personal de la Patrulla Preventiva se constituy\u00f3 en el trazado de Ruta Prov. N\u00ba 2 Km-23 en cercan\u00edas de Ana Zumaran, donde hab\u00eda ocurrido un accidente de tr\u00e1nsito en el que por causas a establecer el conductor de un autom\u00f3vil Fiat Siena, un hombre de 50 a\u00f1os [&hellip;]","og_url":"https:\/\/elregionalvm.com.ar\/noticias-villa-maria\/un-padre-en-el-auto-con-sus-hijos-despistaron-en-ana-zumaran-y-tuvieron-un-accidente-el-hombre-de-50-anos-esta-internado-en-terapia-intensiva\/","og_site_name":"El Regional","article_publisher":"https:\/\/www.facebook.com\/elregionalvm","article_published_time":"2025-01-10T01:04:10+00:00","article_modified_time":"2025-01-10T01:04:12+00:00","og_image":[{"width":1280,"height":720,"url":"https:\/\/elregionalvm.com.ar\/noticias-villa-maria\/wp-content\/uploads\/2025\/01\/accidente.jpg","type":"image\/jpeg"}],"author":"Contenidos El Regional","twitter_card":"summary_large_image","twitter_creator":"@elregionalvm1","twitter_site":"@elregionalvm1","twitter_misc":{"Escrito por":"Contenidos El Regional","Tiempo de lectura":"2 minutos"},"schema":{"@context":"https:\/\/schema.org","@graph":[{"@type":"Article","@id":"https:\/\/elregionalvm.com.ar\/noticias-villa-maria\/un-padre-en-el-auto-con-sus-hijos-despistaron-en-ana-zumaran-y-tuvieron-un-accidente-el-hombre-de-50-anos-esta-internado-en-terapia-intensiva\/#article","isPartOf":{"@id":"https:\/\/elregionalvm.com.ar\/noticias-villa-maria\/un-padre-en-el-auto-con-sus-hijos-despistaron-en-ana-zumaran-y-tuvieron-un-accidente-el-hombre-de-50-anos-esta-internado-en-terapia-intensiva\/"},"author":{"name":"Contenidos El Regional","@id":"http:\/\/elregionalvm.com.ar\/noticias-villa-maria\/#\/schema\/person\/a0fb9c422317faca23d50163151bc354"},"headline":"Un padre en el auto con sus hijos, despistaron en Ana Zumaran y tuvieron un accidente: el hombre de 50 a\u00f1os esta internado en terapia intensiva","datePublished":"2025-01-10T01:04:10+00:00","dateModified":"2025-01-10T01:04:12+00:00","mainEntityOfPage":{"@id":"https:\/\/elregionalvm.com.ar\/noticias-villa-maria\/un-padre-en-el-auto-con-sus-hijos-despistaron-en-ana-zumaran-y-tuvieron-un-accidente-el-hombre-de-50-anos-esta-internado-en-terapia-intensiva\/"},"wordCount":240,"commentCount":0,"image":{"@id":"https:\/\/elregionalvm.com.ar\/noticias-villa-maria\/un-padre-en-el-auto-con-sus-hijos-despistaron-en-ana-zumaran-y-tuvieron-un-accidente-el-hombre-de-50-anos-esta-internado-en-terapia-intensiva\/#primaryimage"},"thumbnailUrl":"https:\/\/i0.wp.com\/elregionalvm.com.ar\/noticias-villa-maria\/wp-content\/uploads\/2025\/01\/accidente.jpg?fit=1280%2C720&ssl=1","articleSection":["destacado","Policiales","Regi\u00f3n","Sociedad"],"inLanguage":"es","potentialAction":[{"@type":"CommentAction","name":"Comment","target":["https:\/\/elregionalvm.com.ar\/noticias-villa-maria\/un-padre-en-el-auto-con-sus-hijos-despistaron-en-ana-zumaran-y-tuvieron-un-accidente-el-hombre-de-50-anos-esta-internado-en-terapia-intensiva\/#respond"]}]},{"@type":"WebPage","@id":"https:\/\/elregionalvm.com.ar\/noticias-villa-maria\/un-padre-en-el-auto-con-sus-hijos-despistaron-en-ana-zumaran-y-tuvieron-un-accidente-el-hombre-de-50-anos-esta-internado-en-terapia-intensiva\/","url":"https:\/\/elregionalvm.com.ar\/noticias-villa-maria\/un-padre-en-el-auto-con-sus-hijos-despistaron-en-ana-zumaran-y-tuvieron-un-accidente-el-hombre-de-50-anos-esta-internado-en-terapia-intensiva\/","name":"Un padre en el auto con sus hijos, despistaron en Ana Zumaran y tuvieron un accidente: el hombre de 50 a\u00f1os esta internado en terapia intensiva - El Regional","isPartOf":{"@id":"http:\/\/elregionalvm.com.ar\/noticias-villa-maria\/#website"},"primaryImageOfPage":{"@id":"https:\/\/elregionalvm.com.ar\/noticias-villa-maria\/un-padre-en-el-auto-con-sus-hijos-despistaron-en-ana-zumaran-y-tuvieron-un-accidente-el-hombre-de-50-anos-esta-internado-en-terapia-intensiva\/#primaryimage"},"image":{"@id":"https:\/\/elregionalvm.com.ar\/noticias-villa-maria\/un-padre-en-el-auto-con-sus-hijos-despistaron-en-ana-zumaran-y-tuvieron-un-accidente-el-hombre-de-50-anos-esta-internado-en-terapia-intensiva\/#primaryimage"},"thumbnailUrl":"https:\/\/i0.wp.com\/elregionalvm.com.ar\/noticias-villa-maria\/wp-content\/uploads\/2025\/01\/accidente.jpg?fit=1280%2C720&ssl=1","datePublished":"2025-01-10T01:04:10+00:00","dateModified":"2025-01-10T01:04:12+00:00","author":{"@id":"http:\/\/elregionalvm.com.ar\/noticias-villa-maria\/#\/schema\/person\/a0fb9c422317faca23d50163151bc354"},"breadcrumb":{"@id":"https:\/\/elregionalvm.com.ar\/noticias-villa-maria\/un-padre-en-el-auto-con-sus-hijos-despistaron-en-ana-zumaran-y-tuvieron-un-accidente-el-hombre-de-50-anos-esta-internado-en-terapia-intensiva\/#breadcrumb"},"inLanguage":"es","potentialAction":[{"@type":"ReadAction","target":["https:\/\/elregionalvm.com.ar\/noticias-villa-maria\/un-padre-en-el-auto-con-sus-hijos-despistaron-en-ana-zumaran-y-tuvieron-un-accidente-el-hombre-de-50-anos-esta-internado-en-terapia-intensiva\/"]}]},{"@type":"ImageObject","inLanguage":"es","@id":"https:\/\/elregionalvm.com.ar\/noticias-villa-maria\/un-padre-en-el-auto-con-sus-hijos-despistaron-en-ana-zumaran-y-tuvieron-un-accidente-el-hombre-de-50-anos-esta-internado-en-terapia-intensiva\/#primaryimage","url":"https:\/\/i0.wp.com\/elregionalvm.com.ar\/noticias-villa-maria\/wp-content\/uploads\/2025\/01\/accidente.jpg?fit=1280%2C720&ssl=1","contentUrl":"https:\/\/i0.wp.com\/elregionalvm.com.ar\/noticias-villa-maria\/wp-content\/uploads\/2025\/01\/accidente.jpg?fit=1280%2C720&ssl=1","width":1280,"height":720},{"@type":"BreadcrumbList","@id":"https:\/\/elregionalvm.com.ar\/noticias-villa-maria\/un-padre-en-el-auto-con-sus-hijos-despistaron-en-ana-zumaran-y-tuvieron-un-accidente-el-hombre-de-50-anos-esta-internado-en-terapia-intensiva\/#breadcrumb","itemListElement":[{"@type":"ListItem","position":1,"name":"Portada","item":"https:\/\/elregionalvm.com.ar\/noticias-villa-maria\/"},{"@type":"ListItem","position":2,"name":"Un padre en el auto con sus hijos, despistaron en Ana Zumaran y tuvieron un accidente: el hombre de 50 a\u00f1os esta internado en terapia intensiva"}]},{"@type":"WebSite","@id":"http:\/\/elregionalvm.com.ar\/noticias-villa-maria\/#website","url":"http:\/\/elregionalvm.com.ar\/noticias-villa-maria\/","name":"El Regional","description":"Mucho m\u00e1s que informaci\u00f3n","potentialAction":[{"@type":"SearchAction","target":{"@type":"EntryPoint","urlTemplate":"http:\/\/elregionalvm.com.ar\/noticias-villa-maria\/?s={search_term_string}"},"query-input":{"@type":"PropertyValueSpecification","valueRequired":true,"valueName":"search_term_string"}}],"inLanguage":"es"},{"@type":"Person","@id":"http:\/\/elregionalvm.com.ar\/noticias-villa-maria\/#\/schema\/person\/a0fb9c422317faca23d50163151bc354","name":"Contenidos El Regional","image":{"@type":"ImageObject","inLanguage":"es","@id":"http:\/\/elregionalvm.com.ar\/noticias-villa-maria\/#\/schema\/person\/image\/","url":"https:\/\/secure.gravatar.com\/avatar\/265b27cb2209af7bb3a1318f03305787d7981a5cc6e6cd08fe5a4ecdf99d4b48?s=96&d=mm&r=g","contentUrl":"https:\/\/secure.gravatar.com\/avatar\/265b27cb2209af7bb3a1318f03305787d7981a5cc6e6cd08fe5a4ecdf99d4b48?s=96&d=mm&r=g","caption":"Contenidos El Regional"},"url":"https:\/\/elregionalvm.com.ar\/noticias-villa-maria\/author\/contenido\/"}]}},"jetpack_featured_media_url":"https:\/\/i0.wp.com\/elregionalvm.com.ar\/noticias-villa-maria\/wp-content\/uploads\/2025\/01\/accidente.jpg?fit=1280%2C720&ssl=1","jetpack_sharing_enabled":true,"_links":{"self":[{"href":"https:\/\/elregionalvm.com.ar\/noticias-villa-maria\/wp-json\/wp\/v2\/posts\/102282","targetHints":{"allow":["GET"]}}],"collection":[{"href":"https:\/\/elregionalvm.com.ar\/noticias-villa-maria\/wp-json\/wp\/v2\/posts"}],"about":[{"href":"https:\/\/elregionalvm.com.ar\/noticias-villa-maria\/wp-json\/wp\/v2\/types\/post"}],"author":[{"embeddable":true,"href":"https:\/\/elregionalvm.com.ar\/noticias-villa-maria\/wp-json\/wp\/v2\/users\/4"}],"replies":[{"embeddable":true,"href":"https:\/\/elregionalvm.com.ar\/noticias-villa-maria\/wp-json\/wp\/v2\/comments?post=102282"}],"version-history":[{"count":1,"href":"https:\/\/elregionalvm.com.ar\/noticias-villa-maria\/wp-json\/wp\/v2\/posts\/102282\/revisions"}],"predecessor-version":[{"id":102284,"href":"https:\/\/elregionalvm.com.ar\/noticias-villa-maria\/wp-json\/wp\/v2\/posts\/102282\/revisions\/102284"}],"wp:featuredmedia":[{"embeddable":true,"href":"https:\/\/elregionalvm.com.ar\/noticias-villa-maria\/wp-json\/wp\/v2\/media\/102283"}],"wp:attachment":[{"href":"https:\/\/elregionalvm.com.ar\/noticias-villa-maria\/wp-json\/wp\/v2\/media?parent=102282"}],"wp:term":[{"taxonomy":"category","embeddable":true,"href":"https:\/\/elregionalvm.com.ar\/noticias-villa-maria\/wp-json\/wp\/v2\/categories?post=102282"},{"taxonomy":"post_tag","embeddable":true,"href":"https:\/\/elregionalvm.com.ar\/noticias-villa-maria\/wp-json\/wp\/v2\/tags?post=102282"}],"curies":[{"name":"wp","href":"https:\/\/api.w.org\/{rel}","templated":true}]}}