{"id":102294,"date":"2025-01-10T15:29:44","date_gmt":"2025-01-10T15:29:44","guid":{"rendered":"https:\/\/elregionalvm.com.ar\/noticias-villa-maria\/?p=102294"},"modified":"2025-01-10T15:29:46","modified_gmt":"2025-01-10T15:29:46","slug":"nueve-empresas-avanzan-con-proyectos-constructivos-en-el-pilt","status":"publish","type":"post","link":"https:\/\/elregionalvm.com.ar\/noticias-villa-maria\/nueve-empresas-avanzan-con-proyectos-constructivos-en-el-pilt\/","title":{"rendered":"Nueve empresas avanzan con proyectos constructivos en el PILT"},"content":{"rendered":"\n<p>A pesar de la compleja situaci\u00f3n econ\u00f3mica, el Parque Industrial, Log\u00edstico y Tecnol\u00f3gico Villa Mar\u00eda (PILT) sigue mostrando un fuerte dinamismo con diversas obras en marcha, abarcando diferentes rubros y sectores.<\/p>\n\n\n\n<p>El Parque Industrial, Log\u00edstico y Tecnol\u00f3gico Villa Mar\u00eda (PILT) en la actualidad cuenta con nueve empresas llevando adelante proyectos constructivos en diversas etapas de avance. A pesar de los desaf\u00edos que present\u00f3 la econom\u00eda en 2024, las empresas han mantenido sus planes de expansi\u00f3n e inversi\u00f3n en el predio, consolidando la importancia estrat\u00e9gica del PILT en la regi\u00f3n.<\/p>\n\n\n\n<p>Qu\u00edmica Gamma, firma especializada en la elaboraci\u00f3n y comercializaci\u00f3n de productos de limpieza al por mayor, est\u00e1 llevando a cabo una obra de 1.000 metros cuadrados. Esta construcci\u00f3n contar\u00e1 con oficinas en planta baja y primer piso, ba\u00f1os, vestuarios para el personal, comedor, \u00e1rea de dep\u00f3sito y espacio para almacenamiento de materiales. La obra se ubica en dos lotes de 1.250 metros cuadrados cada uno, en el sector de Industrias Varias del PILT.<\/p>\n\n\n\n<p>Por su parte, Lubeal, empresa dedicada a la distribuci\u00f3n de materiales el\u00e9ctricos, ejecuta un proyecto que combinar\u00e1 almacenamiento de productos con el ensamblaje de termotanques el\u00e9ctricos. La construcci\u00f3n de un galp\u00f3n con entrepisos se extender\u00e1 sobre un total de 1.200 metros cuadrados.<\/p>\n\n\n\n<p>Transporte Don Andr\u00e9s, que se especializa en el transporte general de mercader\u00edas y posee un puesto en el Mercado de Abasto, est\u00e1 edificando una nave para reubicar sus oficinas y realizar el mantenimiento de sus unidades. Adem\u00e1s, la empresa proyecta, a mediano plazo, la instalaci\u00f3n de una f\u00e1brica de carrozados para camiones.<\/p>\n\n\n\n<p>Asimismo, Borla Hnos. SA est\u00e1 desarrollando una planta destinada a la elaboraci\u00f3n y distribuci\u00f3n de productos alimenticios en terrenos que suman un total de 8.100 metros cuadrados (3 terrenos de 2.700 m2 cada uno). En paralelo, C\u00e9sar Bonetto construye una nave destinada a un laboratorio para vacunas de uso animal en un terreno de 2.700 metros cuadrados.<\/p>\n\n\n\n<p>Por otro lado, Felipe Hnos. SA est\u00e1 levantando un galp\u00f3n para dep\u00f3sito, mientras que otras empresas como Indutam SRL, Colinas \u2013 Fowler y Marcos Sgubini tambi\u00e9n avanzan con proyectos edilicios dentro del parque.<\/p>\n","protected":false},"excerpt":{"rendered":"<p>A pesar de la compleja situaci\u00f3n econ\u00f3mica, el Parque Industrial, Log\u00edstico y Tecnol\u00f3gico Villa Mar\u00eda (PILT) sigue mostrando un fuerte dinamismo con diversas obras en marcha, abarcando diferentes rubros y sectores. El Parque Industrial, Log\u00edstico y Tecnol\u00f3gico Villa Mar\u00eda (PILT) en la actualidad cuenta con nueve empresas llevando adelante proyectos constructivos en diversas etapas de [&hellip;]<\/p>\n","protected":false},"author":4,"featured_media":102295,"comment_status":"open","ping_status":"open","sticky":false,"template":"","format":"standard","meta":{"site-sidebar-layout":"default","site-content-layout":"","ast-site-content-layout":"default","site-content-style":"default","site-sidebar-style":"default","ast-global-header-display":"","ast-banner-title-visibility":"","ast-main-header-display":"","ast-hfb-above-header-display":"","ast-hfb-below-header-display":"","ast-hfb-mobile-header-display":"","site-post-title":"","ast-breadcrumbs-content":"","ast-featured-img":"","footer-sml-layout":"","ast-disable-related-posts":"","theme-transparent-header-meta":"","adv-header-id-meta":"","stick-header-meta":"","header-above-stick-meta":"","header-main-stick-meta":"","header-below-stick-meta":"","astra-migrate-meta-layouts":"set","ast-page-background-enabled":"default","ast-page-background-meta":{"desktop":{"background-color":"","background-image":"","background-repeat":"repeat","background-position":"center center","background-size":"auto","background-attachment":"scroll","background-type":"","background-media":"","overlay-type":"","overlay-color":"","overlay-opacity":"","overlay-gradient":""},"tablet":{"background-color":"","background-image":"","background-repeat":"repeat","background-position":"center center","background-size":"auto","background-attachment":"scroll","background-type":"","background-media":"","overlay-type":"","overlay-color":"","overlay-opacity":"","overlay-gradient":""},"mobile":{"background-color":"","background-image":"","background-repeat":"repeat","background-position":"center center","background-size":"auto","background-attachment":"scroll","background-type":"","background-media":"","overlay-type":"","overlay-color":"","overlay-opacity":"","overlay-gradient":""}},"ast-content-background-meta":{"desktop":{"background-color":"var(--ast-global-color-5)","background-image":"","background-repeat":"repeat","background-position":"center center","background-size":"auto","background-attachment":"scroll","background-type":"","background-media":"","overlay-type":"","overlay-color":"","overlay-opacity":"","overlay-gradient":""},"tablet":{"background-color":"var(--ast-global-color-5)","background-image":"","background-repeat":"repeat","background-position":"center center","background-size":"auto","background-attachment":"scroll","background-type":"","background-media":"","overlay-type":"","overlay-color":"","overlay-opacity":"","overlay-gradient":""},"mobile":{"background-color":"var(--ast-global-color-5)","background-image":"","background-repeat":"repeat","background-position":"center center","background-size":"auto","background-attachment":"scroll","background-type":"","background-media":"","overlay-type":"","overlay-color":"","overlay-opacity":"","overlay-gradient":""}},"_jetpack_memberships_contains_paid_content":false,"_joinchat":[],"footnotes":""},"categories":[15302,5,2],"tags":[],"class_list":["post-102294","post","type-post","status-publish","format-standard","has-post-thumbnail","hentry","category-destacado","category-sociedad","category-villa-maria"],"yoast_head":"<!-- This site is optimized with the Yoast SEO plugin v26.8 - https:\/\/yoast.com\/product\/yoast-seo-wordpress\/ -->\n<title>Nueve empresas avanzan con proyectos constructivos en el PILT - El Regional<\/title>\n<meta name=\"robots\" content=\"index, follow, max-snippet:-1, max-image-preview:large, max-video-preview:-1\" \/>\n<link rel=\"canonical\" href=\"https:\/\/elregionalvm.com.ar\/noticias-villa-maria\/nueve-empresas-avanzan-con-proyectos-constructivos-en-el-pilt\/\" \/>\n<meta property=\"og:locale\" content=\"es_ES\" \/>\n<meta property=\"og:type\" content=\"article\" \/>\n<meta property=\"og:title\" content=\"Nueve empresas avanzan con proyectos constructivos en el PILT - El Regional\" \/>\n<meta property=\"og:description\" content=\"A pesar de la compleja situaci\u00f3n econ\u00f3mica, el Parque Industrial, Log\u00edstico y Tecnol\u00f3gico Villa Mar\u00eda (PILT) sigue mostrando un fuerte dinamismo con diversas obras en marcha, abarcando diferentes rubros y sectores. El Parque Industrial, Log\u00edstico y Tecnol\u00f3gico Villa Mar\u00eda (PILT) en la actualidad cuenta con nueve empresas llevando adelante proyectos constructivos en diversas etapas de [&hellip;]\" \/>\n<meta property=\"og:url\" content=\"https:\/\/elregionalvm.com.ar\/noticias-villa-maria\/nueve-empresas-avanzan-con-proyectos-constructivos-en-el-pilt\/\" \/>\n<meta property=\"og:site_name\" content=\"El Regional\" \/>\n<meta property=\"article:publisher\" content=\"https:\/\/www.facebook.com\/elregionalvm\" \/>\n<meta property=\"article:published_time\" content=\"2025-01-10T15:29:44+00:00\" \/>\n<meta property=\"article:modified_time\" content=\"2025-01-10T15:29:46+00:00\" \/>\n<meta property=\"og:image\" content=\"https:\/\/elregionalvm.com.ar\/noticias-villa-maria\/wp-content\/uploads\/2025\/01\/WhatsApp-Image-2025-01-10-at-11.40.44-AM.jpeg\" \/>\n\t<meta property=\"og:image:width\" content=\"1600\" \/>\n\t<meta property=\"og:image:height\" content=\"1200\" \/>\n\t<meta property=\"og:image:type\" content=\"image\/jpeg\" \/>\n<meta name=\"author\" content=\"Contenidos El Regional\" \/>\n<meta name=\"twitter:card\" content=\"summary_large_image\" \/>\n<meta name=\"twitter:creator\" content=\"@elregionalvm1\" \/>\n<meta name=\"twitter:site\" content=\"@elregionalvm1\" \/>\n<meta name=\"twitter:label1\" content=\"Escrito por\" \/>\n\t<meta name=\"twitter:data1\" content=\"Contenidos El Regional\" \/>\n\t<meta name=\"twitter:label2\" content=\"Tiempo de lectura\" \/>\n\t<meta name=\"twitter:data2\" content=\"2 minutos\" \/>\n<script type=\"application\/ld+json\" class=\"yoast-schema-graph\">{\"@context\":\"https:\/\/schema.org\",\"@graph\":[{\"@type\":\"Article\",\"@id\":\"https:\/\/elregionalvm.com.ar\/noticias-villa-maria\/nueve-empresas-avanzan-con-proyectos-constructivos-en-el-pilt\/#article\",\"isPartOf\":{\"@id\":\"https:\/\/elregionalvm.com.ar\/noticias-villa-maria\/nueve-empresas-avanzan-con-proyectos-constructivos-en-el-pilt\/\"},\"author\":{\"name\":\"Contenidos El Regional\",\"@id\":\"http:\/\/elregionalvm.com.ar\/noticias-villa-maria\/#\/schema\/person\/a0fb9c422317faca23d50163151bc354\"},\"headline\":\"Nueve empresas avanzan con proyectos constructivos en el PILT\",\"datePublished\":\"2025-01-10T15:29:44+00:00\",\"dateModified\":\"2025-01-10T15:29:46+00:00\",\"mainEntityOfPage\":{\"@id\":\"https:\/\/elregionalvm.com.ar\/noticias-villa-maria\/nueve-empresas-avanzan-con-proyectos-constructivos-en-el-pilt\/\"},\"wordCount\":382,\"commentCount\":0,\"image\":{\"@id\":\"https:\/\/elregionalvm.com.ar\/noticias-villa-maria\/nueve-empresas-avanzan-con-proyectos-constructivos-en-el-pilt\/#primaryimage\"},\"thumbnailUrl\":\"https:\/\/i0.wp.com\/elregionalvm.com.ar\/noticias-villa-maria\/wp-content\/uploads\/2025\/01\/WhatsApp-Image-2025-01-10-at-11.40.44-AM.jpeg?fit=1600%2C1200&ssl=1\",\"articleSection\":[\"destacado\",\"Sociedad\",\"Villa Mar\u00eda\"],\"inLanguage\":\"es\",\"potentialAction\":[{\"@type\":\"CommentAction\",\"name\":\"Comment\",\"target\":[\"https:\/\/elregionalvm.com.ar\/noticias-villa-maria\/nueve-empresas-avanzan-con-proyectos-constructivos-en-el-pilt\/#respond\"]}]},{\"@type\":\"WebPage\",\"@id\":\"https:\/\/elregionalvm.com.ar\/noticias-villa-maria\/nueve-empresas-avanzan-con-proyectos-constructivos-en-el-pilt\/\",\"url\":\"https:\/\/elregionalvm.com.ar\/noticias-villa-maria\/nueve-empresas-avanzan-con-proyectos-constructivos-en-el-pilt\/\",\"name\":\"Nueve empresas avanzan con proyectos constructivos en el PILT - El Regional\",\"isPartOf\":{\"@id\":\"http:\/\/elregionalvm.com.ar\/noticias-villa-maria\/#website\"},\"primaryImageOfPage\":{\"@id\":\"https:\/\/elregionalvm.com.ar\/noticias-villa-maria\/nueve-empresas-avanzan-con-proyectos-constructivos-en-el-pilt\/#primaryimage\"},\"image\":{\"@id\":\"https:\/\/elregionalvm.com.ar\/noticias-villa-maria\/nueve-empresas-avanzan-con-proyectos-constructivos-en-el-pilt\/#primaryimage\"},\"thumbnailUrl\":\"https:\/\/i0.wp.com\/elregionalvm.com.ar\/noticias-villa-maria\/wp-content\/uploads\/2025\/01\/WhatsApp-Image-2025-01-10-at-11.40.44-AM.jpeg?fit=1600%2C1200&ssl=1\",\"datePublished\":\"2025-01-10T15:29:44+00:00\",\"dateModified\":\"2025-01-10T15:29:46+00:00\",\"author\":{\"@id\":\"http:\/\/elregionalvm.com.ar\/noticias-villa-maria\/#\/schema\/person\/a0fb9c422317faca23d50163151bc354\"},\"breadcrumb\":{\"@id\":\"https:\/\/elregionalvm.com.ar\/noticias-villa-maria\/nueve-empresas-avanzan-con-proyectos-constructivos-en-el-pilt\/#breadcrumb\"},\"inLanguage\":\"es\",\"potentialAction\":[{\"@type\":\"ReadAction\",\"target\":[\"https:\/\/elregionalvm.com.ar\/noticias-villa-maria\/nueve-empresas-avanzan-con-proyectos-constructivos-en-el-pilt\/\"]}]},{\"@type\":\"ImageObject\",\"inLanguage\":\"es\",\"@id\":\"https:\/\/elregionalvm.com.ar\/noticias-villa-maria\/nueve-empresas-avanzan-con-proyectos-constructivos-en-el-pilt\/#primaryimage\",\"url\":\"https:\/\/i0.wp.com\/elregionalvm.com.ar\/noticias-villa-maria\/wp-content\/uploads\/2025\/01\/WhatsApp-Image-2025-01-10-at-11.40.44-AM.jpeg?fit=1600%2C1200&ssl=1\",\"contentUrl\":\"https:\/\/i0.wp.com\/elregionalvm.com.ar\/noticias-villa-maria\/wp-content\/uploads\/2025\/01\/WhatsApp-Image-2025-01-10-at-11.40.44-AM.jpeg?fit=1600%2C1200&ssl=1\",\"width\":1600,\"height\":1200},{\"@type\":\"BreadcrumbList\",\"@id\":\"https:\/\/elregionalvm.com.ar\/noticias-villa-maria\/nueve-empresas-avanzan-con-proyectos-constructivos-en-el-pilt\/#breadcrumb\",\"itemListElement\":[{\"@type\":\"ListItem\",\"position\":1,\"name\":\"Portada\",\"item\":\"https:\/\/elregionalvm.com.ar\/noticias-villa-maria\/\"},{\"@type\":\"ListItem\",\"position\":2,\"name\":\"Nueve empresas avanzan con proyectos constructivos en el PILT\"}]},{\"@type\":\"WebSite\",\"@id\":\"http:\/\/elregionalvm.com.ar\/noticias-villa-maria\/#website\",\"url\":\"http:\/\/elregionalvm.com.ar\/noticias-villa-maria\/\",\"name\":\"El Regional\",\"description\":\"Mucho m\u00e1s que informaci\u00f3n\",\"potentialAction\":[{\"@type\":\"SearchAction\",\"target\":{\"@type\":\"EntryPoint\",\"urlTemplate\":\"http:\/\/elregionalvm.com.ar\/noticias-villa-maria\/?s={search_term_string}\"},\"query-input\":{\"@type\":\"PropertyValueSpecification\",\"valueRequired\":true,\"valueName\":\"search_term_string\"}}],\"inLanguage\":\"es\"},{\"@type\":\"Person\",\"@id\":\"http:\/\/elregionalvm.com.ar\/noticias-villa-maria\/#\/schema\/person\/a0fb9c422317faca23d50163151bc354\",\"name\":\"Contenidos El Regional\",\"image\":{\"@type\":\"ImageObject\",\"inLanguage\":\"es\",\"@id\":\"http:\/\/elregionalvm.com.ar\/noticias-villa-maria\/#\/schema\/person\/image\/\",\"url\":\"https:\/\/secure.gravatar.com\/avatar\/265b27cb2209af7bb3a1318f03305787d7981a5cc6e6cd08fe5a4ecdf99d4b48?s=96&d=mm&r=g\",\"contentUrl\":\"https:\/\/secure.gravatar.com\/avatar\/265b27cb2209af7bb3a1318f03305787d7981a5cc6e6cd08fe5a4ecdf99d4b48?s=96&d=mm&r=g\",\"caption\":\"Contenidos El Regional\"},\"url\":\"https:\/\/elregionalvm.com.ar\/noticias-villa-maria\/author\/contenido\/\"}]}<\/script>\n<!-- \/ Yoast SEO plugin. -->","yoast_head_json":{"title":"Nueve empresas avanzan con proyectos constructivos en el PILT - El Regional","robots":{"index":"index","follow":"follow","max-snippet":"max-snippet:-1","max-image-preview":"max-image-preview:large","max-video-preview":"max-video-preview:-1"},"canonical":"https:\/\/elregionalvm.com.ar\/noticias-villa-maria\/nueve-empresas-avanzan-con-proyectos-constructivos-en-el-pilt\/","og_locale":"es_ES","og_type":"article","og_title":"Nueve empresas avanzan con proyectos constructivos en el PILT - El Regional","og_description":"A pesar de la compleja situaci\u00f3n econ\u00f3mica, el Parque Industrial, Log\u00edstico y Tecnol\u00f3gico Villa Mar\u00eda (PILT) sigue mostrando un fuerte dinamismo con diversas obras en marcha, abarcando diferentes rubros y sectores. El Parque Industrial, Log\u00edstico y Tecnol\u00f3gico Villa Mar\u00eda (PILT) en la actualidad cuenta con nueve empresas llevando adelante proyectos constructivos en diversas etapas de [&hellip;]","og_url":"https:\/\/elregionalvm.com.ar\/noticias-villa-maria\/nueve-empresas-avanzan-con-proyectos-constructivos-en-el-pilt\/","og_site_name":"El Regional","article_publisher":"https:\/\/www.facebook.com\/elregionalvm","article_published_time":"2025-01-10T15:29:44+00:00","article_modified_time":"2025-01-10T15:29:46+00:00","og_image":[{"width":1600,"height":1200,"url":"https:\/\/elregionalvm.com.ar\/noticias-villa-maria\/wp-content\/uploads\/2025\/01\/WhatsApp-Image-2025-01-10-at-11.40.44-AM.jpeg","type":"image\/jpeg"}],"author":"Contenidos El Regional","twitter_card":"summary_large_image","twitter_creator":"@elregionalvm1","twitter_site":"@elregionalvm1","twitter_misc":{"Escrito por":"Contenidos El Regional","Tiempo de lectura":"2 minutos"},"schema":{"@context":"https:\/\/schema.org","@graph":[{"@type":"Article","@id":"https:\/\/elregionalvm.com.ar\/noticias-villa-maria\/nueve-empresas-avanzan-con-proyectos-constructivos-en-el-pilt\/#article","isPartOf":{"@id":"https:\/\/elregionalvm.com.ar\/noticias-villa-maria\/nueve-empresas-avanzan-con-proyectos-constructivos-en-el-pilt\/"},"author":{"name":"Contenidos El Regional","@id":"http:\/\/elregionalvm.com.ar\/noticias-villa-maria\/#\/schema\/person\/a0fb9c422317faca23d50163151bc354"},"headline":"Nueve empresas avanzan con proyectos constructivos en el PILT","datePublished":"2025-01-10T15:29:44+00:00","dateModified":"2025-01-10T15:29:46+00:00","mainEntityOfPage":{"@id":"https:\/\/elregionalvm.com.ar\/noticias-villa-maria\/nueve-empresas-avanzan-con-proyectos-constructivos-en-el-pilt\/"},"wordCount":382,"commentCount":0,"image":{"@id":"https:\/\/elregionalvm.com.ar\/noticias-villa-maria\/nueve-empresas-avanzan-con-proyectos-constructivos-en-el-pilt\/#primaryimage"},"thumbnailUrl":"https:\/\/i0.wp.com\/elregionalvm.com.ar\/noticias-villa-maria\/wp-content\/uploads\/2025\/01\/WhatsApp-Image-2025-01-10-at-11.40.44-AM.jpeg?fit=1600%2C1200&ssl=1","articleSection":["destacado","Sociedad","Villa Mar\u00eda"],"inLanguage":"es","potentialAction":[{"@type":"CommentAction","name":"Comment","target":["https:\/\/elregionalvm.com.ar\/noticias-villa-maria\/nueve-empresas-avanzan-con-proyectos-constructivos-en-el-pilt\/#respond"]}]},{"@type":"WebPage","@id":"https:\/\/elregionalvm.com.ar\/noticias-villa-maria\/nueve-empresas-avanzan-con-proyectos-constructivos-en-el-pilt\/","url":"https:\/\/elregionalvm.com.ar\/noticias-villa-maria\/nueve-empresas-avanzan-con-proyectos-constructivos-en-el-pilt\/","name":"Nueve empresas avanzan con proyectos constructivos en el PILT - El Regional","isPartOf":{"@id":"http:\/\/elregionalvm.com.ar\/noticias-villa-maria\/#website"},"primaryImageOfPage":{"@id":"https:\/\/elregionalvm.com.ar\/noticias-villa-maria\/nueve-empresas-avanzan-con-proyectos-constructivos-en-el-pilt\/#primaryimage"},"image":{"@id":"https:\/\/elregionalvm.com.ar\/noticias-villa-maria\/nueve-empresas-avanzan-con-proyectos-constructivos-en-el-pilt\/#primaryimage"},"thumbnailUrl":"https:\/\/i0.wp.com\/elregionalvm.com.ar\/noticias-villa-maria\/wp-content\/uploads\/2025\/01\/WhatsApp-Image-2025-01-10-at-11.40.44-AM.jpeg?fit=1600%2C1200&ssl=1","datePublished":"2025-01-10T15:29:44+00:00","dateModified":"2025-01-10T15:29:46+00:00","author":{"@id":"http:\/\/elregionalvm.com.ar\/noticias-villa-maria\/#\/schema\/person\/a0fb9c422317faca23d50163151bc354"},"breadcrumb":{"@id":"https:\/\/elregionalvm.com.ar\/noticias-villa-maria\/nueve-empresas-avanzan-con-proyectos-constructivos-en-el-pilt\/#breadcrumb"},"inLanguage":"es","potentialAction":[{"@type":"ReadAction","target":["https:\/\/elregionalvm.com.ar\/noticias-villa-maria\/nueve-empresas-avanzan-con-proyectos-constructivos-en-el-pilt\/"]}]},{"@type":"ImageObject","inLanguage":"es","@id":"https:\/\/elregionalvm.com.ar\/noticias-villa-maria\/nueve-empresas-avanzan-con-proyectos-constructivos-en-el-pilt\/#primaryimage","url":"https:\/\/i0.wp.com\/elregionalvm.com.ar\/noticias-villa-maria\/wp-content\/uploads\/2025\/01\/WhatsApp-Image-2025-01-10-at-11.40.44-AM.jpeg?fit=1600%2C1200&ssl=1","contentUrl":"https:\/\/i0.wp.com\/elregionalvm.com.ar\/noticias-villa-maria\/wp-content\/uploads\/2025\/01\/WhatsApp-Image-2025-01-10-at-11.40.44-AM.jpeg?fit=1600%2C1200&ssl=1","width":1600,"height":1200},{"@type":"BreadcrumbList","@id":"https:\/\/elregionalvm.com.ar\/noticias-villa-maria\/nueve-empresas-avanzan-con-proyectos-constructivos-en-el-pilt\/#breadcrumb","itemListElement":[{"@type":"ListItem","position":1,"name":"Portada","item":"https:\/\/elregionalvm.com.ar\/noticias-villa-maria\/"},{"@type":"ListItem","position":2,"name":"Nueve empresas avanzan con proyectos constructivos en el PILT"}]},{"@type":"WebSite","@id":"http:\/\/elregionalvm.com.ar\/noticias-villa-maria\/#website","url":"http:\/\/elregionalvm.com.ar\/noticias-villa-maria\/","name":"El Regional","description":"Mucho m\u00e1s que informaci\u00f3n","potentialAction":[{"@type":"SearchAction","target":{"@type":"EntryPoint","urlTemplate":"http:\/\/elregionalvm.com.ar\/noticias-villa-maria\/?s={search_term_string}"},"query-input":{"@type":"PropertyValueSpecification","valueRequired":true,"valueName":"search_term_string"}}],"inLanguage":"es"},{"@type":"Person","@id":"http:\/\/elregionalvm.com.ar\/noticias-villa-maria\/#\/schema\/person\/a0fb9c422317faca23d50163151bc354","name":"Contenidos El Regional","image":{"@type":"ImageObject","inLanguage":"es","@id":"http:\/\/elregionalvm.com.ar\/noticias-villa-maria\/#\/schema\/person\/image\/","url":"https:\/\/secure.gravatar.com\/avatar\/265b27cb2209af7bb3a1318f03305787d7981a5cc6e6cd08fe5a4ecdf99d4b48?s=96&d=mm&r=g","contentUrl":"https:\/\/secure.gravatar.com\/avatar\/265b27cb2209af7bb3a1318f03305787d7981a5cc6e6cd08fe5a4ecdf99d4b48?s=96&d=mm&r=g","caption":"Contenidos El Regional"},"url":"https:\/\/elregionalvm.com.ar\/noticias-villa-maria\/author\/contenido\/"}]}},"jetpack_featured_media_url":"https:\/\/i0.wp.com\/elregionalvm.com.ar\/noticias-villa-maria\/wp-content\/uploads\/2025\/01\/WhatsApp-Image-2025-01-10-at-11.40.44-AM.jpeg?fit=1600%2C1200&ssl=1","jetpack_sharing_enabled":true,"_links":{"self":[{"href":"https:\/\/elregionalvm.com.ar\/noticias-villa-maria\/wp-json\/wp\/v2\/posts\/102294","targetHints":{"allow":["GET"]}}],"collection":[{"href":"https:\/\/elregionalvm.com.ar\/noticias-villa-maria\/wp-json\/wp\/v2\/posts"}],"about":[{"href":"https:\/\/elregionalvm.com.ar\/noticias-villa-maria\/wp-json\/wp\/v2\/types\/post"}],"author":[{"embeddable":true,"href":"https:\/\/elregionalvm.com.ar\/noticias-villa-maria\/wp-json\/wp\/v2\/users\/4"}],"replies":[{"embeddable":true,"href":"https:\/\/elregionalvm.com.ar\/noticias-villa-maria\/wp-json\/wp\/v2\/comments?post=102294"}],"version-history":[{"count":1,"href":"https:\/\/elregionalvm.com.ar\/noticias-villa-maria\/wp-json\/wp\/v2\/posts\/102294\/revisions"}],"predecessor-version":[{"id":102296,"href":"https:\/\/elregionalvm.com.ar\/noticias-villa-maria\/wp-json\/wp\/v2\/posts\/102294\/revisions\/102296"}],"wp:featuredmedia":[{"embeddable":true,"href":"https:\/\/elregionalvm.com.ar\/noticias-villa-maria\/wp-json\/wp\/v2\/media\/102295"}],"wp:attachment":[{"href":"https:\/\/elregionalvm.com.ar\/noticias-villa-maria\/wp-json\/wp\/v2\/media?parent=102294"}],"wp:term":[{"taxonomy":"category","embeddable":true,"href":"https:\/\/elregionalvm.com.ar\/noticias-villa-maria\/wp-json\/wp\/v2\/categories?post=102294"},{"taxonomy":"post_tag","embeddable":true,"href":"https:\/\/elregionalvm.com.ar\/noticias-villa-maria\/wp-json\/wp\/v2\/tags?post=102294"}],"curies":[{"name":"wp","href":"https:\/\/api.w.org\/{rel}","templated":true}]}}