{"id":102306,"date":"2025-01-10T15:42:03","date_gmt":"2025-01-10T15:42:03","guid":{"rendered":"https:\/\/elregionalvm.com.ar\/noticias-villa-maria\/?p=102306"},"modified":"2025-01-10T15:42:05","modified_gmt":"2025-01-10T15:42:05","slug":"llaryora-superviso-la-obra-de-duplicacion-de-calzada-de-la-ruta-9-norte-y-un-nuevo-puente-de-106-metros","status":"publish","type":"post","link":"https:\/\/elregionalvm.com.ar\/noticias-villa-maria\/llaryora-superviso-la-obra-de-duplicacion-de-calzada-de-la-ruta-9-norte-y-un-nuevo-puente-de-106-metros\/","title":{"rendered":"Llaryora supervis\u00f3 la obra de duplicaci\u00f3n de calzada de la Ruta 9 Norte y un nuevo puente de 106 metros"},"content":{"rendered":"\n<p>El gobernador Mart\u00edn Llaryora supervis\u00f3 el avance en los trabajos de construcci\u00f3n de la duplicaci\u00f3n de calzada de la Ruta 9 Norte y el nuevo puente sobre el r\u00edo Carnero.<\/p>\n\n\n\n<p>La nueva infraestructura vial representar\u00e1 un gran beneficio para m\u00e1s de 80 mil habitantes de Ju\u00e1rez Celman, General Paz, Jes\u00fas Mar\u00eda y Colonia Caroya, en el departamento Col\u00f3n y para los casi 5.3 millones de veh\u00edculos que circulan por la ruta cada a\u00f1o.<\/p>\n\n\n\n<figure class=\"wp-block-gallery has-nested-images columns-default is-cropped wp-block-gallery-1 is-layout-flex wp-block-gallery-is-layout-flex\">\n<figure class=\"wp-block-image size-large\"><img data-recalc-dims=\"1\" fetchpriority=\"high\" decoding=\"async\" width=\"300\" height=\"199\" data-id=\"102309\" src=\"https:\/\/i0.wp.com\/elregionalvm.com.ar\/noticias-villa-maria\/wp-content\/uploads\/2025\/01\/IMG_8684-300x199-2.jpg?resize=300%2C199&#038;ssl=1\" alt=\"\" class=\"wp-image-102309\" \/><\/figure>\n<\/figure>\n\n\n\n<p>La obra, que tiene actualmente un avance del 24 por ciento y es ejecutada con una inversi\u00f3n del Gobierno de C\u00f3rdoba a trav\u00e9s de la empresa Caminos de las Sierras de 4.656 millones de pesos.<\/p>\n\n\n\n<p>Llaryora resalt\u00f3 la trascendencia de la obra&nbsp;<em>\u201cen un momento tan dif\u00edcil del pa\u00eds, cumpliendo el compromiso que hab\u00edamos asumido con toda la regi\u00f3n\u201d.<\/em><\/p>\n\n\n\n<p><em>\u00abEl departamento Col\u00f3n est\u00e1 viviendo la etapa de mayor obra p\u00fablica en su historia\u00bb<\/em>, sostuvo Llaryora y describi\u00f3 la obra como&nbsp;<em>\u00abmonumental y necesaria, una obra que va a permitir salvar muchas vidas pero tambi\u00e9n va a permitir ahorrar mucho tiempo cuando uno hace el trayecto de aqu\u00ed hacia C\u00f3rdoba, acercando los tiempos. Y cuando se acercan los tiempos, crece la econom\u00eda\u201d,<\/em>&nbsp;agreg\u00f3 el gobernador.<\/p>\n\n\n\n<p>Seguidamente, el mandatario asegur\u00f3 que&nbsp;<em>\u201cla Provincia est\u00e1 efectuando una inversi\u00f3n hist\u00f3rica en la regi\u00f3n: rutas, cloacas, electricidad, agua potable, entre otras; y bien merecido lo tiene esta regi\u00f3n tan productiva de nuestra provincia\u201d.<\/em><\/p>\n\n\n\n<p>La obra emplea a 100 operarios entre puestos directos e indirectos, y posibilitar\u00e1 ordenar el tr\u00e1nsito desde y hacia los establecimientos comerciales e industriales del departamento Col\u00f3n.<\/p>\n\n\n\n<p>La duplicaci\u00f3n de calzada se desarrolla entre los kil\u00f3metros 746 y 749,6 de la Ruta 9 Norte, dando continuidad a las dos calzadas con dos carriles por sentido de circulaci\u00f3n tanto sobre la ruta como por las traves\u00edas urbanas de los ejidos de Jes\u00fas Mar\u00eda y Colonia Caroya.<\/p>\n\n\n\n<p>A su vez, se construye un nuevo puente carretero de 106 metros sobre el r\u00edo Carnero, paralelo al actual, con un ancho total de 12,1 metros, incluyendo ambas calzadas, defensas de hormig\u00f3n laterales tipo New Jersey y una vereda peatonal.<\/p>\n\n\n\n<p>Hasta el momento se construyeron los 28 pilotes de fundaci\u00f3n previstos, as\u00ed como las columnas de las pilas centrales, las vigas dintel y se est\u00e1n terminando de ejecutar los estribos de apoyo en los extremos del nuevo puente.<\/p>\n\n\n\n<p>A lo largo de todo el tramo que se est\u00e1 interviniendo se ejecutar\u00e1n obras de seguridad tales como demarcaci\u00f3n horizontal, se\u00f1alizaci\u00f3n vertical, colocaci\u00f3n de defensas y la readecuaci\u00f3n de la iluminaci\u00f3n.<\/p>\n\n\n\n<p>Estuvieron presentes, adem\u00e1s, los intendentes de Colonia Caroya y Jes\u00fas Mar\u00eda, Paola Nanini y Federico Z\u00e1rate; el ministro de Cooperativas y Mutuales, Gustavo Brand\u00e1n; y el presidente de Caminos de las Sierras, Julio Ba\u00f1uelos.<\/p>\n","protected":false},"excerpt":{"rendered":"<p>El gobernador Mart\u00edn Llaryora supervis\u00f3 el avance en los trabajos de construcci\u00f3n de la duplicaci\u00f3n de calzada de la Ruta 9 Norte y el nuevo puente sobre el r\u00edo Carnero. La nueva infraestructura vial representar\u00e1 un gran beneficio para m\u00e1s de 80 mil habitantes de Ju\u00e1rez Celman, General Paz, Jes\u00fas Mar\u00eda y Colonia Caroya, en [&hellip;]<\/p>\n","protected":false},"author":4,"featured_media":102307,"comment_status":"open","ping_status":"open","sticky":false,"template":"","format":"standard","meta":{"site-sidebar-layout":"default","site-content-layout":"","ast-site-content-layout":"default","site-content-style":"default","site-sidebar-style":"default","ast-global-header-display":"","ast-banner-title-visibility":"","ast-main-header-display":"","ast-hfb-above-header-display":"","ast-hfb-below-header-display":"","ast-hfb-mobile-header-display":"","site-post-title":"","ast-breadcrumbs-content":"","ast-featured-img":"","footer-sml-layout":"","ast-disable-related-posts":"","theme-transparent-header-meta":"","adv-header-id-meta":"","stick-header-meta":"","header-above-stick-meta":"","header-main-stick-meta":"","header-below-stick-meta":"","astra-migrate-meta-layouts":"set","ast-page-background-enabled":"default","ast-page-background-meta":{"desktop":{"background-color":"","background-image":"","background-repeat":"repeat","background-position":"center center","background-size":"auto","background-attachment":"scroll","background-type":"","background-media":"","overlay-type":"","overlay-color":"","overlay-opacity":"","overlay-gradient":""},"tablet":{"background-color":"","background-image":"","background-repeat":"repeat","background-position":"center center","background-size":"auto","background-attachment":"scroll","background-type":"","background-media":"","overlay-type":"","overlay-color":"","overlay-opacity":"","overlay-gradient":""},"mobile":{"background-color":"","background-image":"","background-repeat":"repeat","background-position":"center center","background-size":"auto","background-attachment":"scroll","background-type":"","background-media":"","overlay-type":"","overlay-color":"","overlay-opacity":"","overlay-gradient":""}},"ast-content-background-meta":{"desktop":{"background-color":"var(--ast-global-color-5)","background-image":"","background-repeat":"repeat","background-position":"center center","background-size":"auto","background-attachment":"scroll","background-type":"","background-media":"","overlay-type":"","overlay-color":"","overlay-opacity":"","overlay-gradient":""},"tablet":{"background-color":"var(--ast-global-color-5)","background-image":"","background-repeat":"repeat","background-position":"center center","background-size":"auto","background-attachment":"scroll","background-type":"","background-media":"","overlay-type":"","overlay-color":"","overlay-opacity":"","overlay-gradient":""},"mobile":{"background-color":"var(--ast-global-color-5)","background-image":"","background-repeat":"repeat","background-position":"center center","background-size":"auto","background-attachment":"scroll","background-type":"","background-media":"","overlay-type":"","overlay-color":"","overlay-opacity":"","overlay-gradient":""}},"_jetpack_memberships_contains_paid_content":false,"_joinchat":[],"footnotes":""},"categories":[15302,16095,5],"tags":[],"class_list":["post-102306","post","type-post","status-publish","format-standard","has-post-thumbnail","hentry","category-destacado","category-provinciales","category-sociedad"],"yoast_head":"<!-- This site is optimized with the Yoast SEO plugin v26.8 - https:\/\/yoast.com\/product\/yoast-seo-wordpress\/ -->\n<title>Llaryora supervis\u00f3 la obra de duplicaci\u00f3n de calzada de la Ruta 9 Norte y un nuevo puente de 106 metros - El Regional<\/title>\n<meta name=\"robots\" content=\"index, follow, max-snippet:-1, max-image-preview:large, max-video-preview:-1\" \/>\n<link rel=\"canonical\" href=\"https:\/\/elregionalvm.com.ar\/noticias-villa-maria\/llaryora-superviso-la-obra-de-duplicacion-de-calzada-de-la-ruta-9-norte-y-un-nuevo-puente-de-106-metros\/\" \/>\n<meta property=\"og:locale\" content=\"es_ES\" \/>\n<meta property=\"og:type\" content=\"article\" \/>\n<meta property=\"og:title\" content=\"Llaryora supervis\u00f3 la obra de duplicaci\u00f3n de calzada de la Ruta 9 Norte y un nuevo puente de 106 metros - El Regional\" \/>\n<meta property=\"og:description\" content=\"El gobernador Mart\u00edn Llaryora supervis\u00f3 el avance en los trabajos de construcci\u00f3n de la duplicaci\u00f3n de calzada de la Ruta 9 Norte y el nuevo puente sobre el r\u00edo Carnero. La nueva infraestructura vial representar\u00e1 un gran beneficio para m\u00e1s de 80 mil habitantes de Ju\u00e1rez Celman, General Paz, Jes\u00fas Mar\u00eda y Colonia Caroya, en [&hellip;]\" \/>\n<meta property=\"og:url\" content=\"https:\/\/elregionalvm.com.ar\/noticias-villa-maria\/llaryora-superviso-la-obra-de-duplicacion-de-calzada-de-la-ruta-9-norte-y-un-nuevo-puente-de-106-metros\/\" \/>\n<meta property=\"og:site_name\" content=\"El Regional\" \/>\n<meta property=\"article:publisher\" content=\"https:\/\/www.facebook.com\/elregionalvm\" \/>\n<meta property=\"article:published_time\" content=\"2025-01-10T15:42:03+00:00\" \/>\n<meta property=\"article:modified_time\" content=\"2025-01-10T15:42:05+00:00\" \/>\n<meta property=\"og:image\" content=\"https:\/\/elregionalvm.com.ar\/noticias-villa-maria\/wp-content\/uploads\/2025\/01\/IMG_8654-1024x683-1.jpg\" \/>\n\t<meta property=\"og:image:width\" content=\"1024\" \/>\n\t<meta property=\"og:image:height\" content=\"683\" \/>\n\t<meta property=\"og:image:type\" content=\"image\/jpeg\" \/>\n<meta name=\"author\" content=\"Contenidos El Regional\" \/>\n<meta name=\"twitter:card\" content=\"summary_large_image\" \/>\n<meta name=\"twitter:creator\" content=\"@elregionalvm1\" \/>\n<meta name=\"twitter:site\" content=\"@elregionalvm1\" \/>\n<meta name=\"twitter:label1\" content=\"Escrito por\" \/>\n\t<meta name=\"twitter:data1\" content=\"Contenidos El Regional\" \/>\n\t<meta name=\"twitter:label2\" content=\"Tiempo de lectura\" \/>\n\t<meta name=\"twitter:data2\" content=\"3 minutos\" \/>\n<script type=\"application\/ld+json\" class=\"yoast-schema-graph\">{\"@context\":\"https:\/\/schema.org\",\"@graph\":[{\"@type\":\"Article\",\"@id\":\"https:\/\/elregionalvm.com.ar\/noticias-villa-maria\/llaryora-superviso-la-obra-de-duplicacion-de-calzada-de-la-ruta-9-norte-y-un-nuevo-puente-de-106-metros\/#article\",\"isPartOf\":{\"@id\":\"https:\/\/elregionalvm.com.ar\/noticias-villa-maria\/llaryora-superviso-la-obra-de-duplicacion-de-calzada-de-la-ruta-9-norte-y-un-nuevo-puente-de-106-metros\/\"},\"author\":{\"name\":\"Contenidos El Regional\",\"@id\":\"http:\/\/elregionalvm.com.ar\/noticias-villa-maria\/#\/schema\/person\/a0fb9c422317faca23d50163151bc354\"},\"headline\":\"Llaryora supervis\u00f3 la obra de duplicaci\u00f3n de calzada de la Ruta 9 Norte y un nuevo puente de 106 metros\",\"datePublished\":\"2025-01-10T15:42:03+00:00\",\"dateModified\":\"2025-01-10T15:42:05+00:00\",\"mainEntityOfPage\":{\"@id\":\"https:\/\/elregionalvm.com.ar\/noticias-villa-maria\/llaryora-superviso-la-obra-de-duplicacion-de-calzada-de-la-ruta-9-norte-y-un-nuevo-puente-de-106-metros\/\"},\"wordCount\":512,\"commentCount\":0,\"image\":{\"@id\":\"https:\/\/elregionalvm.com.ar\/noticias-villa-maria\/llaryora-superviso-la-obra-de-duplicacion-de-calzada-de-la-ruta-9-norte-y-un-nuevo-puente-de-106-metros\/#primaryimage\"},\"thumbnailUrl\":\"https:\/\/i0.wp.com\/elregionalvm.com.ar\/noticias-villa-maria\/wp-content\/uploads\/2025\/01\/IMG_8654-1024x683-1.jpg?fit=1024%2C683&ssl=1\",\"articleSection\":[\"destacado\",\"Provinciales\",\"Sociedad\"],\"inLanguage\":\"es\",\"potentialAction\":[{\"@type\":\"CommentAction\",\"name\":\"Comment\",\"target\":[\"https:\/\/elregionalvm.com.ar\/noticias-villa-maria\/llaryora-superviso-la-obra-de-duplicacion-de-calzada-de-la-ruta-9-norte-y-un-nuevo-puente-de-106-metros\/#respond\"]}]},{\"@type\":\"WebPage\",\"@id\":\"https:\/\/elregionalvm.com.ar\/noticias-villa-maria\/llaryora-superviso-la-obra-de-duplicacion-de-calzada-de-la-ruta-9-norte-y-un-nuevo-puente-de-106-metros\/\",\"url\":\"https:\/\/elregionalvm.com.ar\/noticias-villa-maria\/llaryora-superviso-la-obra-de-duplicacion-de-calzada-de-la-ruta-9-norte-y-un-nuevo-puente-de-106-metros\/\",\"name\":\"Llaryora supervis\u00f3 la obra de duplicaci\u00f3n de calzada de la Ruta 9 Norte y un nuevo puente de 106 metros - El Regional\",\"isPartOf\":{\"@id\":\"http:\/\/elregionalvm.com.ar\/noticias-villa-maria\/#website\"},\"primaryImageOfPage\":{\"@id\":\"https:\/\/elregionalvm.com.ar\/noticias-villa-maria\/llaryora-superviso-la-obra-de-duplicacion-de-calzada-de-la-ruta-9-norte-y-un-nuevo-puente-de-106-metros\/#primaryimage\"},\"image\":{\"@id\":\"https:\/\/elregionalvm.com.ar\/noticias-villa-maria\/llaryora-superviso-la-obra-de-duplicacion-de-calzada-de-la-ruta-9-norte-y-un-nuevo-puente-de-106-metros\/#primaryimage\"},\"thumbnailUrl\":\"https:\/\/i0.wp.com\/elregionalvm.com.ar\/noticias-villa-maria\/wp-content\/uploads\/2025\/01\/IMG_8654-1024x683-1.jpg?fit=1024%2C683&ssl=1\",\"datePublished\":\"2025-01-10T15:42:03+00:00\",\"dateModified\":\"2025-01-10T15:42:05+00:00\",\"author\":{\"@id\":\"http:\/\/elregionalvm.com.ar\/noticias-villa-maria\/#\/schema\/person\/a0fb9c422317faca23d50163151bc354\"},\"breadcrumb\":{\"@id\":\"https:\/\/elregionalvm.com.ar\/noticias-villa-maria\/llaryora-superviso-la-obra-de-duplicacion-de-calzada-de-la-ruta-9-norte-y-un-nuevo-puente-de-106-metros\/#breadcrumb\"},\"inLanguage\":\"es\",\"potentialAction\":[{\"@type\":\"ReadAction\",\"target\":[\"https:\/\/elregionalvm.com.ar\/noticias-villa-maria\/llaryora-superviso-la-obra-de-duplicacion-de-calzada-de-la-ruta-9-norte-y-un-nuevo-puente-de-106-metros\/\"]}]},{\"@type\":\"ImageObject\",\"inLanguage\":\"es\",\"@id\":\"https:\/\/elregionalvm.com.ar\/noticias-villa-maria\/llaryora-superviso-la-obra-de-duplicacion-de-calzada-de-la-ruta-9-norte-y-un-nuevo-puente-de-106-metros\/#primaryimage\",\"url\":\"https:\/\/i0.wp.com\/elregionalvm.com.ar\/noticias-villa-maria\/wp-content\/uploads\/2025\/01\/IMG_8654-1024x683-1.jpg?fit=1024%2C683&ssl=1\",\"contentUrl\":\"https:\/\/i0.wp.com\/elregionalvm.com.ar\/noticias-villa-maria\/wp-content\/uploads\/2025\/01\/IMG_8654-1024x683-1.jpg?fit=1024%2C683&ssl=1\",\"width\":1024,\"height\":683,\"caption\":\"default\"},{\"@type\":\"BreadcrumbList\",\"@id\":\"https:\/\/elregionalvm.com.ar\/noticias-villa-maria\/llaryora-superviso-la-obra-de-duplicacion-de-calzada-de-la-ruta-9-norte-y-un-nuevo-puente-de-106-metros\/#breadcrumb\",\"itemListElement\":[{\"@type\":\"ListItem\",\"position\":1,\"name\":\"Portada\",\"item\":\"https:\/\/elregionalvm.com.ar\/noticias-villa-maria\/\"},{\"@type\":\"ListItem\",\"position\":2,\"name\":\"Llaryora supervis\u00f3 la obra de duplicaci\u00f3n de calzada de la Ruta 9 Norte y un nuevo puente de 106 metros\"}]},{\"@type\":\"WebSite\",\"@id\":\"http:\/\/elregionalvm.com.ar\/noticias-villa-maria\/#website\",\"url\":\"http:\/\/elregionalvm.com.ar\/noticias-villa-maria\/\",\"name\":\"El Regional\",\"description\":\"Mucho m\u00e1s que informaci\u00f3n\",\"potentialAction\":[{\"@type\":\"SearchAction\",\"target\":{\"@type\":\"EntryPoint\",\"urlTemplate\":\"http:\/\/elregionalvm.com.ar\/noticias-villa-maria\/?s={search_term_string}\"},\"query-input\":{\"@type\":\"PropertyValueSpecification\",\"valueRequired\":true,\"valueName\":\"search_term_string\"}}],\"inLanguage\":\"es\"},{\"@type\":\"Person\",\"@id\":\"http:\/\/elregionalvm.com.ar\/noticias-villa-maria\/#\/schema\/person\/a0fb9c422317faca23d50163151bc354\",\"name\":\"Contenidos El Regional\",\"image\":{\"@type\":\"ImageObject\",\"inLanguage\":\"es\",\"@id\":\"http:\/\/elregionalvm.com.ar\/noticias-villa-maria\/#\/schema\/person\/image\/\",\"url\":\"https:\/\/secure.gravatar.com\/avatar\/265b27cb2209af7bb3a1318f03305787d7981a5cc6e6cd08fe5a4ecdf99d4b48?s=96&d=mm&r=g\",\"contentUrl\":\"https:\/\/secure.gravatar.com\/avatar\/265b27cb2209af7bb3a1318f03305787d7981a5cc6e6cd08fe5a4ecdf99d4b48?s=96&d=mm&r=g\",\"caption\":\"Contenidos El Regional\"},\"url\":\"https:\/\/elregionalvm.com.ar\/noticias-villa-maria\/author\/contenido\/\"}]}<\/script>\n<!-- \/ Yoast SEO plugin. -->","yoast_head_json":{"title":"Llaryora supervis\u00f3 la obra de duplicaci\u00f3n de calzada de la Ruta 9 Norte y un nuevo puente de 106 metros - El Regional","robots":{"index":"index","follow":"follow","max-snippet":"max-snippet:-1","max-image-preview":"max-image-preview:large","max-video-preview":"max-video-preview:-1"},"canonical":"https:\/\/elregionalvm.com.ar\/noticias-villa-maria\/llaryora-superviso-la-obra-de-duplicacion-de-calzada-de-la-ruta-9-norte-y-un-nuevo-puente-de-106-metros\/","og_locale":"es_ES","og_type":"article","og_title":"Llaryora supervis\u00f3 la obra de duplicaci\u00f3n de calzada de la Ruta 9 Norte y un nuevo puente de 106 metros - El Regional","og_description":"El gobernador Mart\u00edn Llaryora supervis\u00f3 el avance en los trabajos de construcci\u00f3n de la duplicaci\u00f3n de calzada de la Ruta 9 Norte y el nuevo puente sobre el r\u00edo Carnero. La nueva infraestructura vial representar\u00e1 un gran beneficio para m\u00e1s de 80 mil habitantes de Ju\u00e1rez Celman, General Paz, Jes\u00fas Mar\u00eda y Colonia Caroya, en [&hellip;]","og_url":"https:\/\/elregionalvm.com.ar\/noticias-villa-maria\/llaryora-superviso-la-obra-de-duplicacion-de-calzada-de-la-ruta-9-norte-y-un-nuevo-puente-de-106-metros\/","og_site_name":"El Regional","article_publisher":"https:\/\/www.facebook.com\/elregionalvm","article_published_time":"2025-01-10T15:42:03+00:00","article_modified_time":"2025-01-10T15:42:05+00:00","og_image":[{"width":1024,"height":683,"url":"https:\/\/elregionalvm.com.ar\/noticias-villa-maria\/wp-content\/uploads\/2025\/01\/IMG_8654-1024x683-1.jpg","type":"image\/jpeg"}],"author":"Contenidos El Regional","twitter_card":"summary_large_image","twitter_creator":"@elregionalvm1","twitter_site":"@elregionalvm1","twitter_misc":{"Escrito por":"Contenidos El Regional","Tiempo de lectura":"3 minutos"},"schema":{"@context":"https:\/\/schema.org","@graph":[{"@type":"Article","@id":"https:\/\/elregionalvm.com.ar\/noticias-villa-maria\/llaryora-superviso-la-obra-de-duplicacion-de-calzada-de-la-ruta-9-norte-y-un-nuevo-puente-de-106-metros\/#article","isPartOf":{"@id":"https:\/\/elregionalvm.com.ar\/noticias-villa-maria\/llaryora-superviso-la-obra-de-duplicacion-de-calzada-de-la-ruta-9-norte-y-un-nuevo-puente-de-106-metros\/"},"author":{"name":"Contenidos El Regional","@id":"http:\/\/elregionalvm.com.ar\/noticias-villa-maria\/#\/schema\/person\/a0fb9c422317faca23d50163151bc354"},"headline":"Llaryora supervis\u00f3 la obra de duplicaci\u00f3n de calzada de la Ruta 9 Norte y un nuevo puente de 106 metros","datePublished":"2025-01-10T15:42:03+00:00","dateModified":"2025-01-10T15:42:05+00:00","mainEntityOfPage":{"@id":"https:\/\/elregionalvm.com.ar\/noticias-villa-maria\/llaryora-superviso-la-obra-de-duplicacion-de-calzada-de-la-ruta-9-norte-y-un-nuevo-puente-de-106-metros\/"},"wordCount":512,"commentCount":0,"image":{"@id":"https:\/\/elregionalvm.com.ar\/noticias-villa-maria\/llaryora-superviso-la-obra-de-duplicacion-de-calzada-de-la-ruta-9-norte-y-un-nuevo-puente-de-106-metros\/#primaryimage"},"thumbnailUrl":"https:\/\/i0.wp.com\/elregionalvm.com.ar\/noticias-villa-maria\/wp-content\/uploads\/2025\/01\/IMG_8654-1024x683-1.jpg?fit=1024%2C683&ssl=1","articleSection":["destacado","Provinciales","Sociedad"],"inLanguage":"es","potentialAction":[{"@type":"CommentAction","name":"Comment","target":["https:\/\/elregionalvm.com.ar\/noticias-villa-maria\/llaryora-superviso-la-obra-de-duplicacion-de-calzada-de-la-ruta-9-norte-y-un-nuevo-puente-de-106-metros\/#respond"]}]},{"@type":"WebPage","@id":"https:\/\/elregionalvm.com.ar\/noticias-villa-maria\/llaryora-superviso-la-obra-de-duplicacion-de-calzada-de-la-ruta-9-norte-y-un-nuevo-puente-de-106-metros\/","url":"https:\/\/elregionalvm.com.ar\/noticias-villa-maria\/llaryora-superviso-la-obra-de-duplicacion-de-calzada-de-la-ruta-9-norte-y-un-nuevo-puente-de-106-metros\/","name":"Llaryora supervis\u00f3 la obra de duplicaci\u00f3n de calzada de la Ruta 9 Norte y un nuevo puente de 106 metros - El Regional","isPartOf":{"@id":"http:\/\/elregionalvm.com.ar\/noticias-villa-maria\/#website"},"primaryImageOfPage":{"@id":"https:\/\/elregionalvm.com.ar\/noticias-villa-maria\/llaryora-superviso-la-obra-de-duplicacion-de-calzada-de-la-ruta-9-norte-y-un-nuevo-puente-de-106-metros\/#primaryimage"},"image":{"@id":"https:\/\/elregionalvm.com.ar\/noticias-villa-maria\/llaryora-superviso-la-obra-de-duplicacion-de-calzada-de-la-ruta-9-norte-y-un-nuevo-puente-de-106-metros\/#primaryimage"},"thumbnailUrl":"https:\/\/i0.wp.com\/elregionalvm.com.ar\/noticias-villa-maria\/wp-content\/uploads\/2025\/01\/IMG_8654-1024x683-1.jpg?fit=1024%2C683&ssl=1","datePublished":"2025-01-10T15:42:03+00:00","dateModified":"2025-01-10T15:42:05+00:00","author":{"@id":"http:\/\/elregionalvm.com.ar\/noticias-villa-maria\/#\/schema\/person\/a0fb9c422317faca23d50163151bc354"},"breadcrumb":{"@id":"https:\/\/elregionalvm.com.ar\/noticias-villa-maria\/llaryora-superviso-la-obra-de-duplicacion-de-calzada-de-la-ruta-9-norte-y-un-nuevo-puente-de-106-metros\/#breadcrumb"},"inLanguage":"es","potentialAction":[{"@type":"ReadAction","target":["https:\/\/elregionalvm.com.ar\/noticias-villa-maria\/llaryora-superviso-la-obra-de-duplicacion-de-calzada-de-la-ruta-9-norte-y-un-nuevo-puente-de-106-metros\/"]}]},{"@type":"ImageObject","inLanguage":"es","@id":"https:\/\/elregionalvm.com.ar\/noticias-villa-maria\/llaryora-superviso-la-obra-de-duplicacion-de-calzada-de-la-ruta-9-norte-y-un-nuevo-puente-de-106-metros\/#primaryimage","url":"https:\/\/i0.wp.com\/elregionalvm.com.ar\/noticias-villa-maria\/wp-content\/uploads\/2025\/01\/IMG_8654-1024x683-1.jpg?fit=1024%2C683&ssl=1","contentUrl":"https:\/\/i0.wp.com\/elregionalvm.com.ar\/noticias-villa-maria\/wp-content\/uploads\/2025\/01\/IMG_8654-1024x683-1.jpg?fit=1024%2C683&ssl=1","width":1024,"height":683,"caption":"default"},{"@type":"BreadcrumbList","@id":"https:\/\/elregionalvm.com.ar\/noticias-villa-maria\/llaryora-superviso-la-obra-de-duplicacion-de-calzada-de-la-ruta-9-norte-y-un-nuevo-puente-de-106-metros\/#breadcrumb","itemListElement":[{"@type":"ListItem","position":1,"name":"Portada","item":"https:\/\/elregionalvm.com.ar\/noticias-villa-maria\/"},{"@type":"ListItem","position":2,"name":"Llaryora supervis\u00f3 la obra de duplicaci\u00f3n de calzada de la Ruta 9 Norte y un nuevo puente de 106 metros"}]},{"@type":"WebSite","@id":"http:\/\/elregionalvm.com.ar\/noticias-villa-maria\/#website","url":"http:\/\/elregionalvm.com.ar\/noticias-villa-maria\/","name":"El Regional","description":"Mucho m\u00e1s que informaci\u00f3n","potentialAction":[{"@type":"SearchAction","target":{"@type":"EntryPoint","urlTemplate":"http:\/\/elregionalvm.com.ar\/noticias-villa-maria\/?s={search_term_string}"},"query-input":{"@type":"PropertyValueSpecification","valueRequired":true,"valueName":"search_term_string"}}],"inLanguage":"es"},{"@type":"Person","@id":"http:\/\/elregionalvm.com.ar\/noticias-villa-maria\/#\/schema\/person\/a0fb9c422317faca23d50163151bc354","name":"Contenidos El Regional","image":{"@type":"ImageObject","inLanguage":"es","@id":"http:\/\/elregionalvm.com.ar\/noticias-villa-maria\/#\/schema\/person\/image\/","url":"https:\/\/secure.gravatar.com\/avatar\/265b27cb2209af7bb3a1318f03305787d7981a5cc6e6cd08fe5a4ecdf99d4b48?s=96&d=mm&r=g","contentUrl":"https:\/\/secure.gravatar.com\/avatar\/265b27cb2209af7bb3a1318f03305787d7981a5cc6e6cd08fe5a4ecdf99d4b48?s=96&d=mm&r=g","caption":"Contenidos El Regional"},"url":"https:\/\/elregionalvm.com.ar\/noticias-villa-maria\/author\/contenido\/"}]}},"jetpack_featured_media_url":"https:\/\/i0.wp.com\/elregionalvm.com.ar\/noticias-villa-maria\/wp-content\/uploads\/2025\/01\/IMG_8654-1024x683-1.jpg?fit=1024%2C683&ssl=1","jetpack_sharing_enabled":true,"_links":{"self":[{"href":"https:\/\/elregionalvm.com.ar\/noticias-villa-maria\/wp-json\/wp\/v2\/posts\/102306","targetHints":{"allow":["GET"]}}],"collection":[{"href":"https:\/\/elregionalvm.com.ar\/noticias-villa-maria\/wp-json\/wp\/v2\/posts"}],"about":[{"href":"https:\/\/elregionalvm.com.ar\/noticias-villa-maria\/wp-json\/wp\/v2\/types\/post"}],"author":[{"embeddable":true,"href":"https:\/\/elregionalvm.com.ar\/noticias-villa-maria\/wp-json\/wp\/v2\/users\/4"}],"replies":[{"embeddable":true,"href":"https:\/\/elregionalvm.com.ar\/noticias-villa-maria\/wp-json\/wp\/v2\/comments?post=102306"}],"version-history":[{"count":1,"href":"https:\/\/elregionalvm.com.ar\/noticias-villa-maria\/wp-json\/wp\/v2\/posts\/102306\/revisions"}],"predecessor-version":[{"id":102310,"href":"https:\/\/elregionalvm.com.ar\/noticias-villa-maria\/wp-json\/wp\/v2\/posts\/102306\/revisions\/102310"}],"wp:featuredmedia":[{"embeddable":true,"href":"https:\/\/elregionalvm.com.ar\/noticias-villa-maria\/wp-json\/wp\/v2\/media\/102307"}],"wp:attachment":[{"href":"https:\/\/elregionalvm.com.ar\/noticias-villa-maria\/wp-json\/wp\/v2\/media?parent=102306"}],"wp:term":[{"taxonomy":"category","embeddable":true,"href":"https:\/\/elregionalvm.com.ar\/noticias-villa-maria\/wp-json\/wp\/v2\/categories?post=102306"},{"taxonomy":"post_tag","embeddable":true,"href":"https:\/\/elregionalvm.com.ar\/noticias-villa-maria\/wp-json\/wp\/v2\/tags?post=102306"}],"curies":[{"name":"wp","href":"https:\/\/api.w.org\/{rel}","templated":true}]}}