{"id":102317,"date":"2025-01-10T15:55:01","date_gmt":"2025-01-10T15:55:01","guid":{"rendered":"https:\/\/elregionalvm.com.ar\/noticias-villa-maria\/?p=102317"},"modified":"2025-01-10T15:55:02","modified_gmt":"2025-01-10T15:55:02","slug":"cierran-las-inscripciones-del-programa-primer-paso","status":"publish","type":"post","link":"https:\/\/elregionalvm.com.ar\/noticias-villa-maria\/cierran-las-inscripciones-del-programa-primer-paso\/","title":{"rendered":"Cierran las inscripciones del Programa Primer Paso"},"content":{"rendered":"\n<p>Este viernes 10 de enero cierran las inscripciones para ser parte de la nueva edici\u00f3n del Programa Primer Paso (PPP), en la modalidad pr\u00e1ctica laboral.<\/p>\n\n\n\n<p>De esta forma, j\u00f3venes entre 16 y 25 a\u00f1os que se encuentren desempleados, que no cuenten con experiencia laboral relevante y que vivan en la provincia de C\u00f3rdoba, tienen las \u00faltimas horas para contactarse con la empresa en la que realizar\u00edan el entrenamiento, acordar la vinculaci\u00f3n, registrarse y ser aceptados en el sistema.<\/p>\n\n\n\n<p>Cabe destacar que, la pr\u00e1ctica y capacitaci\u00f3n inician el 3 de febrero.<\/p>\n\n\n\n<p>El PPP brindar\u00e1 15.000 oportunidades laborales para que cordobeses accedan a su primera experiencia laboral y eleven su potencial mediante formaci\u00f3n y entrenamientos en ambientes de trabajo, promoviendo as\u00ed su integraci\u00f3n en el mercado profesional, su desarrollo personal y tambi\u00e9n el crecimiento econ\u00f3mico de la provincia.<\/p>\n\n\n\n<h3 class=\"wp-block-heading\">C\u00f3mo acceder al PPP<\/h3>\n\n\n\n<p>Las inscripciones est\u00e1n abiertas a trav\u00e9s de la web&nbsp;<a href=\"https:\/\/desarrolloyempleo.cba.gov.ar\/\">https:\/\/desarrolloyempleo.cba.gov.ar\/<\/a><\/p>\n\n\n\n<p>El programa tiene dos modalidades: pr\u00e1ctica laboral y relaci\u00f3n de dependencia.<\/p>\n\n\n\n<h4 class=\"wp-block-heading\"><strong>Pr\u00e1ctica Laboral<\/strong><\/h4>\n\n\n\n<ul class=\"wp-block-list\">\n<li>Cupo: 7.500 trabajadores que ingresar\u00e1n por sorteo a trav\u00e9s de la Loter\u00eda de C\u00f3rdoba.\u00a0<\/li>\n<\/ul>\n\n\n\n<p>El 25% del cupo estar\u00e1 garantizado para personas que residan en Norte y Oeste cordob\u00e9s, Roque S\u00e1enz Pe\u00f1a y General Roca; personas con discapacidad y trasplantados; y personas en situaci\u00f3n de alta vulnerabilidad.<\/p>\n\n\n\n<ul class=\"wp-block-list\">\n<li>Pr\u00e1ctica laboral: 20 horas semanales, por 6 meses, con capacitaciones. Tendr\u00e1n la posibilidad de seguir en el programa por otro semestre, incorpor\u00e1ndose en la empresa a trav\u00e9s de la modalidad Relaci\u00f3n de Dependencia.<\/li>\n\n\n\n<li>Capacitaciones: Ser\u00e1n certificadas y estar\u00e1n dispuestas por la empresa de acuerdo a las exigencias que demanda el rubro y el puesto a desempe\u00f1ar. Tambi\u00e9n tendr\u00e1 la posibilidad de realizar capacitaciones complementarias a trav\u00e9s del Campus C\u00f3rdoba que potencien sus habilidades y aumenten sus competencias.<\/li>\n\n\n\n<li>Asignaci\u00f3n est\u00edmulo: Un salario m\u00ednimo, vital y m\u00f3vil (SMVM) cofinanciado con el sector privado.\u00a0<\/li>\n<\/ul>\n\n\n\n<p>A su vez contar\u00e1n con acceso al Boleto Obrero Social (BOS).<\/p>\n\n\n\n<ul class=\"wp-block-list\">\n<li>Aporte estatal a empresas: Entre 30 y 50 por ciento de acuerdo a la cantidad de empleados, por 6 meses. Para beneficiarios del Norte y Oeste cordob\u00e9s, Roque S\u00e1enz Pe\u00f1a y General Roca, el aporte se incrementa.<\/li>\n<\/ul>\n\n\n\n<p><strong>\u00bfC\u00f3mo postularse?<\/strong><\/p>\n\n\n\n<p>1. Buscar y contactarse con una empresa.<\/p>\n\n\n\n<p>2. En CiDi completar el Formulario \u00danico de Postulantes, cargar los datos requeridos y tambi\u00e9n el cuit brindado por la empresa.<\/p>\n\n\n\n<p>3. Y por \u00faltimo gestionar la aceptaci\u00f3n de la empresa en el sistema. Este paso es muy importante para que la postulaci\u00f3n al PPP quede registrada con \u00e9xito.<\/p>\n\n\n\n<h4 class=\"wp-block-heading\">Relaci\u00f3n de dependencia (CTI)<\/h4>\n\n\n\n<ul class=\"wp-block-list\">\n<li>Cupo: 7.500 trabajadores que ingresar\u00e1n directamente hasta agotar cupo.<\/li>\n\n\n\n<li>Remuneraci\u00f3n: ser\u00e1 de acuerdo al convenio colectivo del rubro en el que se desempe\u00f1ar\u00e1 el trabajador.<\/li>\n\n\n\n<li>Aporte estatal: ser\u00e1 de 1 salario m\u00ednimo vital y m\u00f3vil por 12 meses, mientras que, para los departamentos del Norte y Oeste cordob\u00e9s, Roque S\u00e1enz Pe\u00f1a y General Roca, alcanzar\u00e1 el 1.5 SMVM. A su vez, si el trabajador re\u00fane los requisitos podr\u00e1 acceder al Boleto Obrero Social (BOS).<\/li>\n\n\n\n<li>Inscripci\u00f3n de postulantes: La postulaci\u00f3n est\u00e1 a cargo del responsable legal de la empresa.<\/li>\n<\/ul>\n\n\n\n<p><strong>\u00bfC\u00f3mo postularse?<\/strong><\/p>\n\n\n\n<p>En este caso, la inscripci\u00f3n est\u00e1 a cargo de la empresa.<\/p>\n\n\n\n<p>1. Debe realizar la representaci\u00f3n legal en CiDi y adherirse al servicio \u00abProgramas de Empleo\u00bb<\/p>\n\n\n\n<p>2. Tambi\u00e9n tendr\u00e1 que completar el formulario en programasempleo.cba.gov.ar con los datos de la empresa.<\/p>\n\n\n\n<p>3. Y luego inscribir al trabajador cargando sus datos y dar el alta temprana.<\/p>\n","protected":false},"excerpt":{"rendered":"<p>Este viernes 10 de enero cierran las inscripciones para ser parte de la nueva edici\u00f3n del Programa Primer Paso (PPP), en la modalidad pr\u00e1ctica laboral. De esta forma, j\u00f3venes entre 16 y 25 a\u00f1os que se encuentren desempleados, que no cuenten con experiencia laboral relevante y que vivan en la provincia de C\u00f3rdoba, tienen las [&hellip;]<\/p>\n","protected":false},"author":4,"featured_media":102318,"comment_status":"open","ping_status":"open","sticky":false,"template":"","format":"standard","meta":{"site-sidebar-layout":"default","site-content-layout":"","ast-site-content-layout":"default","site-content-style":"default","site-sidebar-style":"default","ast-global-header-display":"","ast-banner-title-visibility":"","ast-main-header-display":"","ast-hfb-above-header-display":"","ast-hfb-below-header-display":"","ast-hfb-mobile-header-display":"","site-post-title":"","ast-breadcrumbs-content":"","ast-featured-img":"","footer-sml-layout":"","ast-disable-related-posts":"","theme-transparent-header-meta":"","adv-header-id-meta":"","stick-header-meta":"","header-above-stick-meta":"","header-main-stick-meta":"","header-below-stick-meta":"","astra-migrate-meta-layouts":"set","ast-page-background-enabled":"default","ast-page-background-meta":{"desktop":{"background-color":"","background-image":"","background-repeat":"repeat","background-position":"center center","background-size":"auto","background-attachment":"scroll","background-type":"","background-media":"","overlay-type":"","overlay-color":"","overlay-opacity":"","overlay-gradient":""},"tablet":{"background-color":"","background-image":"","background-repeat":"repeat","background-position":"center center","background-size":"auto","background-attachment":"scroll","background-type":"","background-media":"","overlay-type":"","overlay-color":"","overlay-opacity":"","overlay-gradient":""},"mobile":{"background-color":"","background-image":"","background-repeat":"repeat","background-position":"center center","background-size":"auto","background-attachment":"scroll","background-type":"","background-media":"","overlay-type":"","overlay-color":"","overlay-opacity":"","overlay-gradient":""}},"ast-content-background-meta":{"desktop":{"background-color":"var(--ast-global-color-5)","background-image":"","background-repeat":"repeat","background-position":"center center","background-size":"auto","background-attachment":"scroll","background-type":"","background-media":"","overlay-type":"","overlay-color":"","overlay-opacity":"","overlay-gradient":""},"tablet":{"background-color":"var(--ast-global-color-5)","background-image":"","background-repeat":"repeat","background-position":"center center","background-size":"auto","background-attachment":"scroll","background-type":"","background-media":"","overlay-type":"","overlay-color":"","overlay-opacity":"","overlay-gradient":""},"mobile":{"background-color":"var(--ast-global-color-5)","background-image":"","background-repeat":"repeat","background-position":"center center","background-size":"auto","background-attachment":"scroll","background-type":"","background-media":"","overlay-type":"","overlay-color":"","overlay-opacity":"","overlay-gradient":""}},"_jetpack_memberships_contains_paid_content":false,"_joinchat":[],"footnotes":""},"categories":[15302,16095,5],"tags":[],"class_list":["post-102317","post","type-post","status-publish","format-standard","has-post-thumbnail","hentry","category-destacado","category-provinciales","category-sociedad"],"yoast_head":"<!-- This site is optimized with the Yoast SEO plugin v26.8 - https:\/\/yoast.com\/product\/yoast-seo-wordpress\/ -->\n<title>Cierran las inscripciones del Programa Primer Paso - El Regional<\/title>\n<meta name=\"robots\" content=\"index, follow, max-snippet:-1, max-image-preview:large, max-video-preview:-1\" \/>\n<link rel=\"canonical\" href=\"https:\/\/elregionalvm.com.ar\/noticias-villa-maria\/cierran-las-inscripciones-del-programa-primer-paso\/\" \/>\n<meta property=\"og:locale\" content=\"es_ES\" \/>\n<meta property=\"og:type\" content=\"article\" \/>\n<meta property=\"og:title\" content=\"Cierran las inscripciones del Programa Primer Paso - El Regional\" \/>\n<meta property=\"og:description\" content=\"Este viernes 10 de enero cierran las inscripciones para ser parte de la nueva edici\u00f3n del Programa Primer Paso (PPP), en la modalidad pr\u00e1ctica laboral. De esta forma, j\u00f3venes entre 16 y 25 a\u00f1os que se encuentren desempleados, que no cuenten con experiencia laboral relevante y que vivan en la provincia de C\u00f3rdoba, tienen las [&hellip;]\" \/>\n<meta property=\"og:url\" content=\"https:\/\/elregionalvm.com.ar\/noticias-villa-maria\/cierran-las-inscripciones-del-programa-primer-paso\/\" \/>\n<meta property=\"og:site_name\" content=\"El Regional\" \/>\n<meta property=\"article:publisher\" content=\"https:\/\/www.facebook.com\/elregionalvm\" \/>\n<meta property=\"article:published_time\" content=\"2025-01-10T15:55:01+00:00\" \/>\n<meta property=\"article:modified_time\" content=\"2025-01-10T15:55:02+00:00\" \/>\n<meta property=\"og:image\" content=\"https:\/\/elregionalvm.com.ar\/noticias-villa-maria\/wp-content\/uploads\/2025\/01\/ppp-3.jpeg\" \/>\n\t<meta property=\"og:image:width\" content=\"900\" \/>\n\t<meta property=\"og:image:height\" content=\"600\" \/>\n\t<meta property=\"og:image:type\" content=\"image\/jpeg\" \/>\n<meta name=\"author\" content=\"Contenidos El Regional\" \/>\n<meta name=\"twitter:card\" content=\"summary_large_image\" \/>\n<meta name=\"twitter:creator\" content=\"@elregionalvm1\" \/>\n<meta name=\"twitter:site\" content=\"@elregionalvm1\" \/>\n<meta name=\"twitter:label1\" content=\"Escrito por\" \/>\n\t<meta name=\"twitter:data1\" content=\"Contenidos El Regional\" \/>\n\t<meta name=\"twitter:label2\" content=\"Tiempo de lectura\" \/>\n\t<meta name=\"twitter:data2\" content=\"3 minutos\" \/>\n<script type=\"application\/ld+json\" class=\"yoast-schema-graph\">{\"@context\":\"https:\/\/schema.org\",\"@graph\":[{\"@type\":\"Article\",\"@id\":\"https:\/\/elregionalvm.com.ar\/noticias-villa-maria\/cierran-las-inscripciones-del-programa-primer-paso\/#article\",\"isPartOf\":{\"@id\":\"https:\/\/elregionalvm.com.ar\/noticias-villa-maria\/cierran-las-inscripciones-del-programa-primer-paso\/\"},\"author\":{\"name\":\"Contenidos El Regional\",\"@id\":\"http:\/\/elregionalvm.com.ar\/noticias-villa-maria\/#\/schema\/person\/a0fb9c422317faca23d50163151bc354\"},\"headline\":\"Cierran las inscripciones del Programa Primer Paso\",\"datePublished\":\"2025-01-10T15:55:01+00:00\",\"dateModified\":\"2025-01-10T15:55:02+00:00\",\"mainEntityOfPage\":{\"@id\":\"https:\/\/elregionalvm.com.ar\/noticias-villa-maria\/cierran-las-inscripciones-del-programa-primer-paso\/\"},\"wordCount\":615,\"commentCount\":0,\"image\":{\"@id\":\"https:\/\/elregionalvm.com.ar\/noticias-villa-maria\/cierran-las-inscripciones-del-programa-primer-paso\/#primaryimage\"},\"thumbnailUrl\":\"https:\/\/i0.wp.com\/elregionalvm.com.ar\/noticias-villa-maria\/wp-content\/uploads\/2025\/01\/ppp-3.jpeg?fit=900%2C600&ssl=1\",\"articleSection\":[\"destacado\",\"Provinciales\",\"Sociedad\"],\"inLanguage\":\"es\",\"potentialAction\":[{\"@type\":\"CommentAction\",\"name\":\"Comment\",\"target\":[\"https:\/\/elregionalvm.com.ar\/noticias-villa-maria\/cierran-las-inscripciones-del-programa-primer-paso\/#respond\"]}]},{\"@type\":\"WebPage\",\"@id\":\"https:\/\/elregionalvm.com.ar\/noticias-villa-maria\/cierran-las-inscripciones-del-programa-primer-paso\/\",\"url\":\"https:\/\/elregionalvm.com.ar\/noticias-villa-maria\/cierran-las-inscripciones-del-programa-primer-paso\/\",\"name\":\"Cierran las inscripciones del Programa Primer Paso - El Regional\",\"isPartOf\":{\"@id\":\"http:\/\/elregionalvm.com.ar\/noticias-villa-maria\/#website\"},\"primaryImageOfPage\":{\"@id\":\"https:\/\/elregionalvm.com.ar\/noticias-villa-maria\/cierran-las-inscripciones-del-programa-primer-paso\/#primaryimage\"},\"image\":{\"@id\":\"https:\/\/elregionalvm.com.ar\/noticias-villa-maria\/cierran-las-inscripciones-del-programa-primer-paso\/#primaryimage\"},\"thumbnailUrl\":\"https:\/\/i0.wp.com\/elregionalvm.com.ar\/noticias-villa-maria\/wp-content\/uploads\/2025\/01\/ppp-3.jpeg?fit=900%2C600&ssl=1\",\"datePublished\":\"2025-01-10T15:55:01+00:00\",\"dateModified\":\"2025-01-10T15:55:02+00:00\",\"author\":{\"@id\":\"http:\/\/elregionalvm.com.ar\/noticias-villa-maria\/#\/schema\/person\/a0fb9c422317faca23d50163151bc354\"},\"breadcrumb\":{\"@id\":\"https:\/\/elregionalvm.com.ar\/noticias-villa-maria\/cierran-las-inscripciones-del-programa-primer-paso\/#breadcrumb\"},\"inLanguage\":\"es\",\"potentialAction\":[{\"@type\":\"ReadAction\",\"target\":[\"https:\/\/elregionalvm.com.ar\/noticias-villa-maria\/cierran-las-inscripciones-del-programa-primer-paso\/\"]}]},{\"@type\":\"ImageObject\",\"inLanguage\":\"es\",\"@id\":\"https:\/\/elregionalvm.com.ar\/noticias-villa-maria\/cierran-las-inscripciones-del-programa-primer-paso\/#primaryimage\",\"url\":\"https:\/\/i0.wp.com\/elregionalvm.com.ar\/noticias-villa-maria\/wp-content\/uploads\/2025\/01\/ppp-3.jpeg?fit=900%2C600&ssl=1\",\"contentUrl\":\"https:\/\/i0.wp.com\/elregionalvm.com.ar\/noticias-villa-maria\/wp-content\/uploads\/2025\/01\/ppp-3.jpeg?fit=900%2C600&ssl=1\",\"width\":900,\"height\":600},{\"@type\":\"BreadcrumbList\",\"@id\":\"https:\/\/elregionalvm.com.ar\/noticias-villa-maria\/cierran-las-inscripciones-del-programa-primer-paso\/#breadcrumb\",\"itemListElement\":[{\"@type\":\"ListItem\",\"position\":1,\"name\":\"Portada\",\"item\":\"https:\/\/elregionalvm.com.ar\/noticias-villa-maria\/\"},{\"@type\":\"ListItem\",\"position\":2,\"name\":\"Cierran las inscripciones del Programa Primer Paso\"}]},{\"@type\":\"WebSite\",\"@id\":\"http:\/\/elregionalvm.com.ar\/noticias-villa-maria\/#website\",\"url\":\"http:\/\/elregionalvm.com.ar\/noticias-villa-maria\/\",\"name\":\"El Regional\",\"description\":\"Mucho m\u00e1s que informaci\u00f3n\",\"potentialAction\":[{\"@type\":\"SearchAction\",\"target\":{\"@type\":\"EntryPoint\",\"urlTemplate\":\"http:\/\/elregionalvm.com.ar\/noticias-villa-maria\/?s={search_term_string}\"},\"query-input\":{\"@type\":\"PropertyValueSpecification\",\"valueRequired\":true,\"valueName\":\"search_term_string\"}}],\"inLanguage\":\"es\"},{\"@type\":\"Person\",\"@id\":\"http:\/\/elregionalvm.com.ar\/noticias-villa-maria\/#\/schema\/person\/a0fb9c422317faca23d50163151bc354\",\"name\":\"Contenidos El Regional\",\"image\":{\"@type\":\"ImageObject\",\"inLanguage\":\"es\",\"@id\":\"http:\/\/elregionalvm.com.ar\/noticias-villa-maria\/#\/schema\/person\/image\/\",\"url\":\"https:\/\/secure.gravatar.com\/avatar\/265b27cb2209af7bb3a1318f03305787d7981a5cc6e6cd08fe5a4ecdf99d4b48?s=96&d=mm&r=g\",\"contentUrl\":\"https:\/\/secure.gravatar.com\/avatar\/265b27cb2209af7bb3a1318f03305787d7981a5cc6e6cd08fe5a4ecdf99d4b48?s=96&d=mm&r=g\",\"caption\":\"Contenidos El Regional\"},\"url\":\"https:\/\/elregionalvm.com.ar\/noticias-villa-maria\/author\/contenido\/\"}]}<\/script>\n<!-- \/ Yoast SEO plugin. -->","yoast_head_json":{"title":"Cierran las inscripciones del Programa Primer Paso - El Regional","robots":{"index":"index","follow":"follow","max-snippet":"max-snippet:-1","max-image-preview":"max-image-preview:large","max-video-preview":"max-video-preview:-1"},"canonical":"https:\/\/elregionalvm.com.ar\/noticias-villa-maria\/cierran-las-inscripciones-del-programa-primer-paso\/","og_locale":"es_ES","og_type":"article","og_title":"Cierran las inscripciones del Programa Primer Paso - El Regional","og_description":"Este viernes 10 de enero cierran las inscripciones para ser parte de la nueva edici\u00f3n del Programa Primer Paso (PPP), en la modalidad pr\u00e1ctica laboral. De esta forma, j\u00f3venes entre 16 y 25 a\u00f1os que se encuentren desempleados, que no cuenten con experiencia laboral relevante y que vivan en la provincia de C\u00f3rdoba, tienen las [&hellip;]","og_url":"https:\/\/elregionalvm.com.ar\/noticias-villa-maria\/cierran-las-inscripciones-del-programa-primer-paso\/","og_site_name":"El Regional","article_publisher":"https:\/\/www.facebook.com\/elregionalvm","article_published_time":"2025-01-10T15:55:01+00:00","article_modified_time":"2025-01-10T15:55:02+00:00","og_image":[{"width":900,"height":600,"url":"https:\/\/elregionalvm.com.ar\/noticias-villa-maria\/wp-content\/uploads\/2025\/01\/ppp-3.jpeg","type":"image\/jpeg"}],"author":"Contenidos El Regional","twitter_card":"summary_large_image","twitter_creator":"@elregionalvm1","twitter_site":"@elregionalvm1","twitter_misc":{"Escrito por":"Contenidos El Regional","Tiempo de lectura":"3 minutos"},"schema":{"@context":"https:\/\/schema.org","@graph":[{"@type":"Article","@id":"https:\/\/elregionalvm.com.ar\/noticias-villa-maria\/cierran-las-inscripciones-del-programa-primer-paso\/#article","isPartOf":{"@id":"https:\/\/elregionalvm.com.ar\/noticias-villa-maria\/cierran-las-inscripciones-del-programa-primer-paso\/"},"author":{"name":"Contenidos El Regional","@id":"http:\/\/elregionalvm.com.ar\/noticias-villa-maria\/#\/schema\/person\/a0fb9c422317faca23d50163151bc354"},"headline":"Cierran las inscripciones del Programa Primer Paso","datePublished":"2025-01-10T15:55:01+00:00","dateModified":"2025-01-10T15:55:02+00:00","mainEntityOfPage":{"@id":"https:\/\/elregionalvm.com.ar\/noticias-villa-maria\/cierran-las-inscripciones-del-programa-primer-paso\/"},"wordCount":615,"commentCount":0,"image":{"@id":"https:\/\/elregionalvm.com.ar\/noticias-villa-maria\/cierran-las-inscripciones-del-programa-primer-paso\/#primaryimage"},"thumbnailUrl":"https:\/\/i0.wp.com\/elregionalvm.com.ar\/noticias-villa-maria\/wp-content\/uploads\/2025\/01\/ppp-3.jpeg?fit=900%2C600&ssl=1","articleSection":["destacado","Provinciales","Sociedad"],"inLanguage":"es","potentialAction":[{"@type":"CommentAction","name":"Comment","target":["https:\/\/elregionalvm.com.ar\/noticias-villa-maria\/cierran-las-inscripciones-del-programa-primer-paso\/#respond"]}]},{"@type":"WebPage","@id":"https:\/\/elregionalvm.com.ar\/noticias-villa-maria\/cierran-las-inscripciones-del-programa-primer-paso\/","url":"https:\/\/elregionalvm.com.ar\/noticias-villa-maria\/cierran-las-inscripciones-del-programa-primer-paso\/","name":"Cierran las inscripciones del Programa Primer Paso - El Regional","isPartOf":{"@id":"http:\/\/elregionalvm.com.ar\/noticias-villa-maria\/#website"},"primaryImageOfPage":{"@id":"https:\/\/elregionalvm.com.ar\/noticias-villa-maria\/cierran-las-inscripciones-del-programa-primer-paso\/#primaryimage"},"image":{"@id":"https:\/\/elregionalvm.com.ar\/noticias-villa-maria\/cierran-las-inscripciones-del-programa-primer-paso\/#primaryimage"},"thumbnailUrl":"https:\/\/i0.wp.com\/elregionalvm.com.ar\/noticias-villa-maria\/wp-content\/uploads\/2025\/01\/ppp-3.jpeg?fit=900%2C600&ssl=1","datePublished":"2025-01-10T15:55:01+00:00","dateModified":"2025-01-10T15:55:02+00:00","author":{"@id":"http:\/\/elregionalvm.com.ar\/noticias-villa-maria\/#\/schema\/person\/a0fb9c422317faca23d50163151bc354"},"breadcrumb":{"@id":"https:\/\/elregionalvm.com.ar\/noticias-villa-maria\/cierran-las-inscripciones-del-programa-primer-paso\/#breadcrumb"},"inLanguage":"es","potentialAction":[{"@type":"ReadAction","target":["https:\/\/elregionalvm.com.ar\/noticias-villa-maria\/cierran-las-inscripciones-del-programa-primer-paso\/"]}]},{"@type":"ImageObject","inLanguage":"es","@id":"https:\/\/elregionalvm.com.ar\/noticias-villa-maria\/cierran-las-inscripciones-del-programa-primer-paso\/#primaryimage","url":"https:\/\/i0.wp.com\/elregionalvm.com.ar\/noticias-villa-maria\/wp-content\/uploads\/2025\/01\/ppp-3.jpeg?fit=900%2C600&ssl=1","contentUrl":"https:\/\/i0.wp.com\/elregionalvm.com.ar\/noticias-villa-maria\/wp-content\/uploads\/2025\/01\/ppp-3.jpeg?fit=900%2C600&ssl=1","width":900,"height":600},{"@type":"BreadcrumbList","@id":"https:\/\/elregionalvm.com.ar\/noticias-villa-maria\/cierran-las-inscripciones-del-programa-primer-paso\/#breadcrumb","itemListElement":[{"@type":"ListItem","position":1,"name":"Portada","item":"https:\/\/elregionalvm.com.ar\/noticias-villa-maria\/"},{"@type":"ListItem","position":2,"name":"Cierran las inscripciones del Programa Primer Paso"}]},{"@type":"WebSite","@id":"http:\/\/elregionalvm.com.ar\/noticias-villa-maria\/#website","url":"http:\/\/elregionalvm.com.ar\/noticias-villa-maria\/","name":"El Regional","description":"Mucho m\u00e1s que informaci\u00f3n","potentialAction":[{"@type":"SearchAction","target":{"@type":"EntryPoint","urlTemplate":"http:\/\/elregionalvm.com.ar\/noticias-villa-maria\/?s={search_term_string}"},"query-input":{"@type":"PropertyValueSpecification","valueRequired":true,"valueName":"search_term_string"}}],"inLanguage":"es"},{"@type":"Person","@id":"http:\/\/elregionalvm.com.ar\/noticias-villa-maria\/#\/schema\/person\/a0fb9c422317faca23d50163151bc354","name":"Contenidos El Regional","image":{"@type":"ImageObject","inLanguage":"es","@id":"http:\/\/elregionalvm.com.ar\/noticias-villa-maria\/#\/schema\/person\/image\/","url":"https:\/\/secure.gravatar.com\/avatar\/265b27cb2209af7bb3a1318f03305787d7981a5cc6e6cd08fe5a4ecdf99d4b48?s=96&d=mm&r=g","contentUrl":"https:\/\/secure.gravatar.com\/avatar\/265b27cb2209af7bb3a1318f03305787d7981a5cc6e6cd08fe5a4ecdf99d4b48?s=96&d=mm&r=g","caption":"Contenidos El Regional"},"url":"https:\/\/elregionalvm.com.ar\/noticias-villa-maria\/author\/contenido\/"}]}},"jetpack_featured_media_url":"https:\/\/i0.wp.com\/elregionalvm.com.ar\/noticias-villa-maria\/wp-content\/uploads\/2025\/01\/ppp-3.jpeg?fit=900%2C600&ssl=1","jetpack_sharing_enabled":true,"_links":{"self":[{"href":"https:\/\/elregionalvm.com.ar\/noticias-villa-maria\/wp-json\/wp\/v2\/posts\/102317","targetHints":{"allow":["GET"]}}],"collection":[{"href":"https:\/\/elregionalvm.com.ar\/noticias-villa-maria\/wp-json\/wp\/v2\/posts"}],"about":[{"href":"https:\/\/elregionalvm.com.ar\/noticias-villa-maria\/wp-json\/wp\/v2\/types\/post"}],"author":[{"embeddable":true,"href":"https:\/\/elregionalvm.com.ar\/noticias-villa-maria\/wp-json\/wp\/v2\/users\/4"}],"replies":[{"embeddable":true,"href":"https:\/\/elregionalvm.com.ar\/noticias-villa-maria\/wp-json\/wp\/v2\/comments?post=102317"}],"version-history":[{"count":1,"href":"https:\/\/elregionalvm.com.ar\/noticias-villa-maria\/wp-json\/wp\/v2\/posts\/102317\/revisions"}],"predecessor-version":[{"id":102319,"href":"https:\/\/elregionalvm.com.ar\/noticias-villa-maria\/wp-json\/wp\/v2\/posts\/102317\/revisions\/102319"}],"wp:featuredmedia":[{"embeddable":true,"href":"https:\/\/elregionalvm.com.ar\/noticias-villa-maria\/wp-json\/wp\/v2\/media\/102318"}],"wp:attachment":[{"href":"https:\/\/elregionalvm.com.ar\/noticias-villa-maria\/wp-json\/wp\/v2\/media?parent=102317"}],"wp:term":[{"taxonomy":"category","embeddable":true,"href":"https:\/\/elregionalvm.com.ar\/noticias-villa-maria\/wp-json\/wp\/v2\/categories?post=102317"},{"taxonomy":"post_tag","embeddable":true,"href":"https:\/\/elregionalvm.com.ar\/noticias-villa-maria\/wp-json\/wp\/v2\/tags?post=102317"}],"curies":[{"name":"wp","href":"https:\/\/api.w.org\/{rel}","templated":true}]}}