{"id":102839,"date":"2025-01-28T02:55:54","date_gmt":"2025-01-28T02:55:54","guid":{"rendered":"https:\/\/elregionalvm.com.ar\/noticias-villa-maria\/?p=102839"},"modified":"2025-01-29T04:19:12","modified_gmt":"2025-01-29T04:19:12","slug":"opinion-debemos-recuperar-la-cgt-de-manera-urgente","status":"publish","type":"post","link":"https:\/\/elregionalvm.com.ar\/noticias-villa-maria\/opinion-debemos-recuperar-la-cgt-de-manera-urgente\/","title":{"rendered":"[Opini\u00f3n] \u00abDebemos recuperar LA CGT de manera urgente\u00bb"},"content":{"rendered":"\n<h3 class=\"wp-block-heading\"><strong>Se ha tornado absolutamente insoportable e inadmisible, ver el grado de silencio y la falta de un verdadero plan de luchas nacional que encabece la C.G.T., para enfrentar en serio a un gobierno nacional que desde que comenz\u00f3, viene atacando en todo sentido a la clase trabajadora, a los jubilados y a los sectores m\u00e1s vulnerables (como son las personas con discapacidad).<\/strong><\/h3>\n\n\n\n<p><\/p>\n\n\n\n<p><strong>Escribe: Carlos Emanuel Cafure<\/strong> <strong><em>(Agrupaci\u00f3n 29 de Mayo del Sindicato de Luz y Fuerza de C\u00f3rdoba)<\/em><\/strong><\/p>\n\n\n\n<p><\/p>\n\n\n\n<p>No debemos aceptar que contin\u00faen ocupando cargos sin justificarlo en esta hist\u00f3rica Central Obrera, dirigentes tan cobardes, tan tibios, tan colaboracionistas con este nefasto gobierno, y que eligen seguir mirando para otro lado con todo lo que est\u00e1 pasando en la Rep\u00fablica Argentina con el pueblo, con los recursos naturales, con nuestro futuro y en especial con nuestra querida Patria.<\/p>\n\n\n\n<p>Contin\u00faan pasando los d\u00edas y la actual dirigencia de la C.G.T. permanece en silencio, sin luchar por todas y todos nosotros, mientras avanza a pasos agigantados el plan de devastaci\u00f3n que tiene el actual gobierno anti obrero y anti Patria que tenemos.<\/p>\n\n\n\n<p>\u00bfPor qu\u00e9 sostenemos a\u00fan en sus cargos, a esta dirigencia sindical traidora a nuestros intereses?<\/p>\n\n\n\n<p><\/p>\n\n\n\n<figure class=\"wp-block-image size-large\"><img data-recalc-dims=\"1\" fetchpriority=\"high\" decoding=\"async\" width=\"1024\" height=\"576\" src=\"https:\/\/i0.wp.com\/elregionalvm.com.ar\/noticias-villa-maria\/wp-content\/uploads\/2024\/08\/CGT-triunvirato.jpg?resize=1024%2C576&#038;ssl=1\" alt=\"\" class=\"wp-image-97009\" srcset=\"https:\/\/i0.wp.com\/elregionalvm.com.ar\/noticias-villa-maria\/wp-content\/uploads\/2024\/08\/CGT-triunvirato.jpg?resize=1024%2C576&amp;ssl=1 1024w, https:\/\/i0.wp.com\/elregionalvm.com.ar\/noticias-villa-maria\/wp-content\/uploads\/2024\/08\/CGT-triunvirato.jpg?resize=300%2C169&amp;ssl=1 300w, https:\/\/i0.wp.com\/elregionalvm.com.ar\/noticias-villa-maria\/wp-content\/uploads\/2024\/08\/CGT-triunvirato.jpg?resize=768%2C432&amp;ssl=1 768w, https:\/\/i0.wp.com\/elregionalvm.com.ar\/noticias-villa-maria\/wp-content\/uploads\/2024\/08\/CGT-triunvirato.jpg?w=1200&amp;ssl=1 1200w\" sizes=\"(max-width: 1000px) 100vw, 1000px\" \/><\/figure>\n\n\n\n<p><\/p>\n\n\n\n<p>\u00bfQu\u00e9 esperan los trabajadores despedidos, los trabajadores en actividad, los jubilados, y las personas con discapacidad, para apersonarse en el edificio de la C.G.T. y exigir la renuncia de todo el Consejo Directivo y el llamado a un Confederal que defina a un nuevo y \u00fanico conductor?<\/p>\n\n\n\n<p><\/p>\n\n\n\n<figure class=\"wp-block-pullquote\"><blockquote><p><strong>Tenemos excelentes referentes gremiales, que seguramente demostrar\u00edan estar a la altura de las circunstancias para liderar este momento hist\u00f3rico que atraviesa el pa\u00eds<\/strong><\/p><\/blockquote><\/figure>\n\n\n\n<p><\/p>\n\n\n\n<p>Tenemos excelentes referentes gremiales, que seguramente demostrar\u00edan estar a la altura de las circunstancias para liderar este momento hist\u00f3rico que atraviesa el pa\u00eds.<\/p>\n\n\n\n<p>Hablo por ejemplo de Palazzo (Bancarios), Yofra (Aceiteros), Pianelli (Metro delegados), entre otros.<\/p>\n\n\n\n<p>Son compa\u00f1eros que tienen trayectoria, son personas honestas, y cuentan con un gran curr\u00edculum de luchas y conquistas logradas en cada una de sus actividades.<\/p>\n\n\n\n<p>Son dirigentes gremiales combativos, preparados, y no est\u00e1n condicionados para desarrollar su funci\u00f3n.<\/p>\n\n\n\n<p>Hay otros que es m\u00e1s que obvio que tienen alg\u00fan o algunos motivos que los hacen seguir con la cabeza debajo de la tierra, como hace el avestruz.<\/p>\n\n\n\n<p>Dan asco y son una verg\u00fcenza para el sindicalismo argentino.<\/p>\n\n\n\n<p>No podemos seguir viendo c\u00f3mo pasan los d\u00edas, y que justamente nada pase.<\/p>\n\n\n\n<p>No podemos seguir viendo c\u00f3mo cada d\u00eda, se destruye m\u00e1s a la clase trabajadora y a nuestros jubilados, y que justamente nada pase.<\/p>\n\n\n\n<p>No podemos seguir viendo c\u00f3mo cada d\u00eda, la actual conducci\u00f3n de la C.G.T., nos sigue traicionando con su inacci\u00f3n constante, y que justamente nada pase.<\/p>\n\n\n\n<p>\u00a1Digamos basta!<\/p>\n\n\n\n<p>\u00a1Que se vayan todos!<\/p>\n\n\n\n<p>No hay m\u00e1s tiempo que perder.<\/p>\n\n\n\n<p>Es tiempo de recuperar la C.G.T. urgente, y antes que sea demasiado tarde.<\/p>\n\n\n\n<p>Depende de nosotros.<\/p>\n","protected":false},"excerpt":{"rendered":"<p>Se ha tornado absolutamente insoportable e inadmisible, ver el grado de silencio y la falta de un verdadero plan de luchas nacional que encabece la C.G.T., para enfrentar en serio a un gobierno nacional que desde que comenz\u00f3, viene atacando en todo sentido a la clase trabajadora, a los jubilados y a los sectores m\u00e1s [&hellip;]<\/p>\n","protected":false},"author":4,"featured_media":97012,"comment_status":"open","ping_status":"open","sticky":false,"template":"","format":"standard","meta":{"site-sidebar-layout":"default","site-content-layout":"","ast-site-content-layout":"default","site-content-style":"default","site-sidebar-style":"default","ast-global-header-display":"","ast-banner-title-visibility":"","ast-main-header-display":"","ast-hfb-above-header-display":"","ast-hfb-below-header-display":"","ast-hfb-mobile-header-display":"","site-post-title":"","ast-breadcrumbs-content":"","ast-featured-img":"","footer-sml-layout":"","ast-disable-related-posts":"","theme-transparent-header-meta":"","adv-header-id-meta":"","stick-header-meta":"","header-above-stick-meta":"","header-main-stick-meta":"","header-below-stick-meta":"","astra-migrate-meta-layouts":"set","ast-page-background-enabled":"default","ast-page-background-meta":{"desktop":{"background-color":"","background-image":"","background-repeat":"repeat","background-position":"center center","background-size":"auto","background-attachment":"scroll","background-type":"","background-media":"","overlay-type":"","overlay-color":"","overlay-opacity":"","overlay-gradient":""},"tablet":{"background-color":"","background-image":"","background-repeat":"repeat","background-position":"center center","background-size":"auto","background-attachment":"scroll","background-type":"","background-media":"","overlay-type":"","overlay-color":"","overlay-opacity":"","overlay-gradient":""},"mobile":{"background-color":"","background-image":"","background-repeat":"repeat","background-position":"center center","background-size":"auto","background-attachment":"scroll","background-type":"","background-media":"","overlay-type":"","overlay-color":"","overlay-opacity":"","overlay-gradient":""}},"ast-content-background-meta":{"desktop":{"background-color":"var(--ast-global-color-5)","background-image":"","background-repeat":"repeat","background-position":"center center","background-size":"auto","background-attachment":"scroll","background-type":"","background-media":"","overlay-type":"","overlay-color":"","overlay-opacity":"","overlay-gradient":""},"tablet":{"background-color":"var(--ast-global-color-5)","background-image":"","background-repeat":"repeat","background-position":"center center","background-size":"auto","background-attachment":"scroll","background-type":"","background-media":"","overlay-type":"","overlay-color":"","overlay-opacity":"","overlay-gradient":""},"mobile":{"background-color":"var(--ast-global-color-5)","background-image":"","background-repeat":"repeat","background-position":"center center","background-size":"auto","background-attachment":"scroll","background-type":"","background-media":"","overlay-type":"","overlay-color":"","overlay-opacity":"","overlay-gradient":""}},"_jetpack_memberships_contains_paid_content":false,"_joinchat":[],"footnotes":""},"categories":[365,3557],"tags":[1217,630,24659,2603,3734,5053,1504,3929,61],"class_list":["post-102839","post","type-post","status-publish","format-standard","has-post-thumbnail","hentry","category-opinion","category-tercera","tag-ataque","tag-cgt","tag-clase-trabajadora","tag-discapacidad","tag-gobierno-nacional","tag-javier-milei","tag-jubilados","tag-recuperacion","tag-trabajadores"],"yoast_head":"<!-- This site is optimized with the Yoast SEO plugin v26.8 - https:\/\/yoast.com\/product\/yoast-seo-wordpress\/ -->\n<title>[Opini\u00f3n] &quot;Debemos recuperar LA CGT de manera urgente&quot; - El Regional<\/title>\n<meta name=\"robots\" content=\"index, follow, max-snippet:-1, max-image-preview:large, max-video-preview:-1\" \/>\n<link rel=\"canonical\" href=\"https:\/\/elregionalvm.com.ar\/noticias-villa-maria\/opinion-debemos-recuperar-la-cgt-de-manera-urgente\/\" \/>\n<meta property=\"og:locale\" content=\"es_ES\" \/>\n<meta property=\"og:type\" content=\"article\" \/>\n<meta property=\"og:title\" content=\"[Opini\u00f3n] &quot;Debemos recuperar LA CGT de manera urgente&quot; - El Regional\" \/>\n<meta property=\"og:description\" content=\"Se ha tornado absolutamente insoportable e inadmisible, ver el grado de silencio y la falta de un verdadero plan de luchas nacional que encabece la C.G.T., para enfrentar en serio a un gobierno nacional que desde que comenz\u00f3, viene atacando en todo sentido a la clase trabajadora, a los jubilados y a los sectores m\u00e1s [&hellip;]\" \/>\n<meta property=\"og:url\" content=\"https:\/\/elregionalvm.com.ar\/noticias-villa-maria\/opinion-debemos-recuperar-la-cgt-de-manera-urgente\/\" \/>\n<meta property=\"og:site_name\" content=\"El Regional\" \/>\n<meta property=\"article:publisher\" content=\"https:\/\/www.facebook.com\/elregionalvm\" \/>\n<meta property=\"article:published_time\" content=\"2025-01-28T02:55:54+00:00\" \/>\n<meta property=\"article:modified_time\" content=\"2025-01-29T04:19:12+00:00\" \/>\n<meta property=\"og:image\" content=\"https:\/\/elregionalvm.com.ar\/noticias-villa-maria\/wp-content\/uploads\/2024\/08\/CGT-Marcha.webp\" \/>\n\t<meta property=\"og:image:width\" content=\"1300\" \/>\n\t<meta property=\"og:image:height\" content=\"655\" \/>\n\t<meta property=\"og:image:type\" content=\"image\/webp\" \/>\n<meta name=\"author\" content=\"Contenidos El Regional\" \/>\n<meta name=\"twitter:card\" content=\"summary_large_image\" \/>\n<meta name=\"twitter:creator\" content=\"@elregionalvm1\" \/>\n<meta name=\"twitter:site\" content=\"@elregionalvm1\" \/>\n<meta name=\"twitter:label1\" content=\"Escrito por\" \/>\n\t<meta name=\"twitter:data1\" content=\"Contenidos El Regional\" \/>\n\t<meta name=\"twitter:label2\" content=\"Tiempo de lectura\" \/>\n\t<meta name=\"twitter:data2\" content=\"3 minutos\" \/>\n<script type=\"application\/ld+json\" class=\"yoast-schema-graph\">{\"@context\":\"https:\/\/schema.org\",\"@graph\":[{\"@type\":\"Article\",\"@id\":\"https:\/\/elregionalvm.com.ar\/noticias-villa-maria\/opinion-debemos-recuperar-la-cgt-de-manera-urgente\/#article\",\"isPartOf\":{\"@id\":\"https:\/\/elregionalvm.com.ar\/noticias-villa-maria\/opinion-debemos-recuperar-la-cgt-de-manera-urgente\/\"},\"author\":{\"name\":\"Contenidos El Regional\",\"@id\":\"http:\/\/elregionalvm.com.ar\/noticias-villa-maria\/#\/schema\/person\/a0fb9c422317faca23d50163151bc354\"},\"headline\":\"[Opini\u00f3n] \u00abDebemos recuperar LA CGT de manera urgente\u00bb\",\"datePublished\":\"2025-01-28T02:55:54+00:00\",\"dateModified\":\"2025-01-29T04:19:12+00:00\",\"mainEntityOfPage\":{\"@id\":\"https:\/\/elregionalvm.com.ar\/noticias-villa-maria\/opinion-debemos-recuperar-la-cgt-de-manera-urgente\/\"},\"wordCount\":517,\"commentCount\":0,\"image\":{\"@id\":\"https:\/\/elregionalvm.com.ar\/noticias-villa-maria\/opinion-debemos-recuperar-la-cgt-de-manera-urgente\/#primaryimage\"},\"thumbnailUrl\":\"https:\/\/i0.wp.com\/elregionalvm.com.ar\/noticias-villa-maria\/wp-content\/uploads\/2024\/08\/CGT-Marcha.webp?fit=1300%2C655&ssl=1\",\"keywords\":[\"ataque\",\"CGT\",\"clase trabajadora\",\"discapacidad\",\"Gobierno Nacional\",\"Javier Milei\",\"Jubilados\",\"Recuperaci\u00f3n\",\"trabajadores\"],\"articleSection\":[\"Opini\u00f3n\",\"tercera\"],\"inLanguage\":\"es\",\"potentialAction\":[{\"@type\":\"CommentAction\",\"name\":\"Comment\",\"target\":[\"https:\/\/elregionalvm.com.ar\/noticias-villa-maria\/opinion-debemos-recuperar-la-cgt-de-manera-urgente\/#respond\"]}]},{\"@type\":\"WebPage\",\"@id\":\"https:\/\/elregionalvm.com.ar\/noticias-villa-maria\/opinion-debemos-recuperar-la-cgt-de-manera-urgente\/\",\"url\":\"https:\/\/elregionalvm.com.ar\/noticias-villa-maria\/opinion-debemos-recuperar-la-cgt-de-manera-urgente\/\",\"name\":\"[Opini\u00f3n] \\\"Debemos recuperar LA CGT de manera urgente\\\" - El Regional\",\"isPartOf\":{\"@id\":\"http:\/\/elregionalvm.com.ar\/noticias-villa-maria\/#website\"},\"primaryImageOfPage\":{\"@id\":\"https:\/\/elregionalvm.com.ar\/noticias-villa-maria\/opinion-debemos-recuperar-la-cgt-de-manera-urgente\/#primaryimage\"},\"image\":{\"@id\":\"https:\/\/elregionalvm.com.ar\/noticias-villa-maria\/opinion-debemos-recuperar-la-cgt-de-manera-urgente\/#primaryimage\"},\"thumbnailUrl\":\"https:\/\/i0.wp.com\/elregionalvm.com.ar\/noticias-villa-maria\/wp-content\/uploads\/2024\/08\/CGT-Marcha.webp?fit=1300%2C655&ssl=1\",\"datePublished\":\"2025-01-28T02:55:54+00:00\",\"dateModified\":\"2025-01-29T04:19:12+00:00\",\"author\":{\"@id\":\"http:\/\/elregionalvm.com.ar\/noticias-villa-maria\/#\/schema\/person\/a0fb9c422317faca23d50163151bc354\"},\"breadcrumb\":{\"@id\":\"https:\/\/elregionalvm.com.ar\/noticias-villa-maria\/opinion-debemos-recuperar-la-cgt-de-manera-urgente\/#breadcrumb\"},\"inLanguage\":\"es\",\"potentialAction\":[{\"@type\":\"ReadAction\",\"target\":[\"https:\/\/elregionalvm.com.ar\/noticias-villa-maria\/opinion-debemos-recuperar-la-cgt-de-manera-urgente\/\"]}]},{\"@type\":\"ImageObject\",\"inLanguage\":\"es\",\"@id\":\"https:\/\/elregionalvm.com.ar\/noticias-villa-maria\/opinion-debemos-recuperar-la-cgt-de-manera-urgente\/#primaryimage\",\"url\":\"https:\/\/i0.wp.com\/elregionalvm.com.ar\/noticias-villa-maria\/wp-content\/uploads\/2024\/08\/CGT-Marcha.webp?fit=1300%2C655&ssl=1\",\"contentUrl\":\"https:\/\/i0.wp.com\/elregionalvm.com.ar\/noticias-villa-maria\/wp-content\/uploads\/2024\/08\/CGT-Marcha.webp?fit=1300%2C655&ssl=1\",\"width\":1300,\"height\":655},{\"@type\":\"BreadcrumbList\",\"@id\":\"https:\/\/elregionalvm.com.ar\/noticias-villa-maria\/opinion-debemos-recuperar-la-cgt-de-manera-urgente\/#breadcrumb\",\"itemListElement\":[{\"@type\":\"ListItem\",\"position\":1,\"name\":\"Portada\",\"item\":\"https:\/\/elregionalvm.com.ar\/noticias-villa-maria\/\"},{\"@type\":\"ListItem\",\"position\":2,\"name\":\"[Opini\u00f3n] \u00abDebemos recuperar LA CGT de manera urgente\u00bb\"}]},{\"@type\":\"WebSite\",\"@id\":\"http:\/\/elregionalvm.com.ar\/noticias-villa-maria\/#website\",\"url\":\"http:\/\/elregionalvm.com.ar\/noticias-villa-maria\/\",\"name\":\"El Regional\",\"description\":\"Mucho m\u00e1s que informaci\u00f3n\",\"potentialAction\":[{\"@type\":\"SearchAction\",\"target\":{\"@type\":\"EntryPoint\",\"urlTemplate\":\"http:\/\/elregionalvm.com.ar\/noticias-villa-maria\/?s={search_term_string}\"},\"query-input\":{\"@type\":\"PropertyValueSpecification\",\"valueRequired\":true,\"valueName\":\"search_term_string\"}}],\"inLanguage\":\"es\"},{\"@type\":\"Person\",\"@id\":\"http:\/\/elregionalvm.com.ar\/noticias-villa-maria\/#\/schema\/person\/a0fb9c422317faca23d50163151bc354\",\"name\":\"Contenidos El Regional\",\"image\":{\"@type\":\"ImageObject\",\"inLanguage\":\"es\",\"@id\":\"http:\/\/elregionalvm.com.ar\/noticias-villa-maria\/#\/schema\/person\/image\/\",\"url\":\"https:\/\/secure.gravatar.com\/avatar\/265b27cb2209af7bb3a1318f03305787d7981a5cc6e6cd08fe5a4ecdf99d4b48?s=96&d=mm&r=g\",\"contentUrl\":\"https:\/\/secure.gravatar.com\/avatar\/265b27cb2209af7bb3a1318f03305787d7981a5cc6e6cd08fe5a4ecdf99d4b48?s=96&d=mm&r=g\",\"caption\":\"Contenidos El Regional\"},\"url\":\"https:\/\/elregionalvm.com.ar\/noticias-villa-maria\/author\/contenido\/\"}]}<\/script>\n<!-- \/ Yoast SEO plugin. -->","yoast_head_json":{"title":"[Opini\u00f3n] \"Debemos recuperar LA CGT de manera urgente\" - El Regional","robots":{"index":"index","follow":"follow","max-snippet":"max-snippet:-1","max-image-preview":"max-image-preview:large","max-video-preview":"max-video-preview:-1"},"canonical":"https:\/\/elregionalvm.com.ar\/noticias-villa-maria\/opinion-debemos-recuperar-la-cgt-de-manera-urgente\/","og_locale":"es_ES","og_type":"article","og_title":"[Opini\u00f3n] \"Debemos recuperar LA CGT de manera urgente\" - El Regional","og_description":"Se ha tornado absolutamente insoportable e inadmisible, ver el grado de silencio y la falta de un verdadero plan de luchas nacional que encabece la C.G.T., para enfrentar en serio a un gobierno nacional que desde que comenz\u00f3, viene atacando en todo sentido a la clase trabajadora, a los jubilados y a los sectores m\u00e1s [&hellip;]","og_url":"https:\/\/elregionalvm.com.ar\/noticias-villa-maria\/opinion-debemos-recuperar-la-cgt-de-manera-urgente\/","og_site_name":"El Regional","article_publisher":"https:\/\/www.facebook.com\/elregionalvm","article_published_time":"2025-01-28T02:55:54+00:00","article_modified_time":"2025-01-29T04:19:12+00:00","og_image":[{"width":1300,"height":655,"url":"https:\/\/elregionalvm.com.ar\/noticias-villa-maria\/wp-content\/uploads\/2024\/08\/CGT-Marcha.webp","type":"image\/webp"}],"author":"Contenidos El Regional","twitter_card":"summary_large_image","twitter_creator":"@elregionalvm1","twitter_site":"@elregionalvm1","twitter_misc":{"Escrito por":"Contenidos El Regional","Tiempo de lectura":"3 minutos"},"schema":{"@context":"https:\/\/schema.org","@graph":[{"@type":"Article","@id":"https:\/\/elregionalvm.com.ar\/noticias-villa-maria\/opinion-debemos-recuperar-la-cgt-de-manera-urgente\/#article","isPartOf":{"@id":"https:\/\/elregionalvm.com.ar\/noticias-villa-maria\/opinion-debemos-recuperar-la-cgt-de-manera-urgente\/"},"author":{"name":"Contenidos El Regional","@id":"http:\/\/elregionalvm.com.ar\/noticias-villa-maria\/#\/schema\/person\/a0fb9c422317faca23d50163151bc354"},"headline":"[Opini\u00f3n] \u00abDebemos recuperar LA CGT de manera urgente\u00bb","datePublished":"2025-01-28T02:55:54+00:00","dateModified":"2025-01-29T04:19:12+00:00","mainEntityOfPage":{"@id":"https:\/\/elregionalvm.com.ar\/noticias-villa-maria\/opinion-debemos-recuperar-la-cgt-de-manera-urgente\/"},"wordCount":517,"commentCount":0,"image":{"@id":"https:\/\/elregionalvm.com.ar\/noticias-villa-maria\/opinion-debemos-recuperar-la-cgt-de-manera-urgente\/#primaryimage"},"thumbnailUrl":"https:\/\/i0.wp.com\/elregionalvm.com.ar\/noticias-villa-maria\/wp-content\/uploads\/2024\/08\/CGT-Marcha.webp?fit=1300%2C655&ssl=1","keywords":["ataque","CGT","clase trabajadora","discapacidad","Gobierno Nacional","Javier Milei","Jubilados","Recuperaci\u00f3n","trabajadores"],"articleSection":["Opini\u00f3n","tercera"],"inLanguage":"es","potentialAction":[{"@type":"CommentAction","name":"Comment","target":["https:\/\/elregionalvm.com.ar\/noticias-villa-maria\/opinion-debemos-recuperar-la-cgt-de-manera-urgente\/#respond"]}]},{"@type":"WebPage","@id":"https:\/\/elregionalvm.com.ar\/noticias-villa-maria\/opinion-debemos-recuperar-la-cgt-de-manera-urgente\/","url":"https:\/\/elregionalvm.com.ar\/noticias-villa-maria\/opinion-debemos-recuperar-la-cgt-de-manera-urgente\/","name":"[Opini\u00f3n] \"Debemos recuperar LA CGT de manera urgente\" - El Regional","isPartOf":{"@id":"http:\/\/elregionalvm.com.ar\/noticias-villa-maria\/#website"},"primaryImageOfPage":{"@id":"https:\/\/elregionalvm.com.ar\/noticias-villa-maria\/opinion-debemos-recuperar-la-cgt-de-manera-urgente\/#primaryimage"},"image":{"@id":"https:\/\/elregionalvm.com.ar\/noticias-villa-maria\/opinion-debemos-recuperar-la-cgt-de-manera-urgente\/#primaryimage"},"thumbnailUrl":"https:\/\/i0.wp.com\/elregionalvm.com.ar\/noticias-villa-maria\/wp-content\/uploads\/2024\/08\/CGT-Marcha.webp?fit=1300%2C655&ssl=1","datePublished":"2025-01-28T02:55:54+00:00","dateModified":"2025-01-29T04:19:12+00:00","author":{"@id":"http:\/\/elregionalvm.com.ar\/noticias-villa-maria\/#\/schema\/person\/a0fb9c422317faca23d50163151bc354"},"breadcrumb":{"@id":"https:\/\/elregionalvm.com.ar\/noticias-villa-maria\/opinion-debemos-recuperar-la-cgt-de-manera-urgente\/#breadcrumb"},"inLanguage":"es","potentialAction":[{"@type":"ReadAction","target":["https:\/\/elregionalvm.com.ar\/noticias-villa-maria\/opinion-debemos-recuperar-la-cgt-de-manera-urgente\/"]}]},{"@type":"ImageObject","inLanguage":"es","@id":"https:\/\/elregionalvm.com.ar\/noticias-villa-maria\/opinion-debemos-recuperar-la-cgt-de-manera-urgente\/#primaryimage","url":"https:\/\/i0.wp.com\/elregionalvm.com.ar\/noticias-villa-maria\/wp-content\/uploads\/2024\/08\/CGT-Marcha.webp?fit=1300%2C655&ssl=1","contentUrl":"https:\/\/i0.wp.com\/elregionalvm.com.ar\/noticias-villa-maria\/wp-content\/uploads\/2024\/08\/CGT-Marcha.webp?fit=1300%2C655&ssl=1","width":1300,"height":655},{"@type":"BreadcrumbList","@id":"https:\/\/elregionalvm.com.ar\/noticias-villa-maria\/opinion-debemos-recuperar-la-cgt-de-manera-urgente\/#breadcrumb","itemListElement":[{"@type":"ListItem","position":1,"name":"Portada","item":"https:\/\/elregionalvm.com.ar\/noticias-villa-maria\/"},{"@type":"ListItem","position":2,"name":"[Opini\u00f3n] \u00abDebemos recuperar LA CGT de manera urgente\u00bb"}]},{"@type":"WebSite","@id":"http:\/\/elregionalvm.com.ar\/noticias-villa-maria\/#website","url":"http:\/\/elregionalvm.com.ar\/noticias-villa-maria\/","name":"El Regional","description":"Mucho m\u00e1s que informaci\u00f3n","potentialAction":[{"@type":"SearchAction","target":{"@type":"EntryPoint","urlTemplate":"http:\/\/elregionalvm.com.ar\/noticias-villa-maria\/?s={search_term_string}"},"query-input":{"@type":"PropertyValueSpecification","valueRequired":true,"valueName":"search_term_string"}}],"inLanguage":"es"},{"@type":"Person","@id":"http:\/\/elregionalvm.com.ar\/noticias-villa-maria\/#\/schema\/person\/a0fb9c422317faca23d50163151bc354","name":"Contenidos El Regional","image":{"@type":"ImageObject","inLanguage":"es","@id":"http:\/\/elregionalvm.com.ar\/noticias-villa-maria\/#\/schema\/person\/image\/","url":"https:\/\/secure.gravatar.com\/avatar\/265b27cb2209af7bb3a1318f03305787d7981a5cc6e6cd08fe5a4ecdf99d4b48?s=96&d=mm&r=g","contentUrl":"https:\/\/secure.gravatar.com\/avatar\/265b27cb2209af7bb3a1318f03305787d7981a5cc6e6cd08fe5a4ecdf99d4b48?s=96&d=mm&r=g","caption":"Contenidos El Regional"},"url":"https:\/\/elregionalvm.com.ar\/noticias-villa-maria\/author\/contenido\/"}]}},"jetpack_featured_media_url":"https:\/\/i0.wp.com\/elregionalvm.com.ar\/noticias-villa-maria\/wp-content\/uploads\/2024\/08\/CGT-Marcha.webp?fit=1300%2C655&ssl=1","jetpack_sharing_enabled":true,"_links":{"self":[{"href":"https:\/\/elregionalvm.com.ar\/noticias-villa-maria\/wp-json\/wp\/v2\/posts\/102839","targetHints":{"allow":["GET"]}}],"collection":[{"href":"https:\/\/elregionalvm.com.ar\/noticias-villa-maria\/wp-json\/wp\/v2\/posts"}],"about":[{"href":"https:\/\/elregionalvm.com.ar\/noticias-villa-maria\/wp-json\/wp\/v2\/types\/post"}],"author":[{"embeddable":true,"href":"https:\/\/elregionalvm.com.ar\/noticias-villa-maria\/wp-json\/wp\/v2\/users\/4"}],"replies":[{"embeddable":true,"href":"https:\/\/elregionalvm.com.ar\/noticias-villa-maria\/wp-json\/wp\/v2\/comments?post=102839"}],"version-history":[{"count":3,"href":"https:\/\/elregionalvm.com.ar\/noticias-villa-maria\/wp-json\/wp\/v2\/posts\/102839\/revisions"}],"predecessor-version":[{"id":102842,"href":"https:\/\/elregionalvm.com.ar\/noticias-villa-maria\/wp-json\/wp\/v2\/posts\/102839\/revisions\/102842"}],"wp:featuredmedia":[{"embeddable":true,"href":"https:\/\/elregionalvm.com.ar\/noticias-villa-maria\/wp-json\/wp\/v2\/media\/97012"}],"wp:attachment":[{"href":"https:\/\/elregionalvm.com.ar\/noticias-villa-maria\/wp-json\/wp\/v2\/media?parent=102839"}],"wp:term":[{"taxonomy":"category","embeddable":true,"href":"https:\/\/elregionalvm.com.ar\/noticias-villa-maria\/wp-json\/wp\/v2\/categories?post=102839"},{"taxonomy":"post_tag","embeddable":true,"href":"https:\/\/elregionalvm.com.ar\/noticias-villa-maria\/wp-json\/wp\/v2\/tags?post=102839"}],"curies":[{"name":"wp","href":"https:\/\/api.w.org\/{rel}","templated":true}]}}