{"id":102843,"date":"2025-01-28T03:05:39","date_gmt":"2025-01-28T03:05:39","guid":{"rendered":"https:\/\/elregionalvm.com.ar\/noticias-villa-maria\/?p=102843"},"modified":"2025-01-30T03:45:54","modified_gmt":"2025-01-30T03:45:54","slug":"politica-internacional-el-regreso-de-trump-liderazgo-renovado-o-retroceso-enmascarado","status":"publish","type":"post","link":"https:\/\/elregionalvm.com.ar\/noticias-villa-maria\/politica-internacional-el-regreso-de-trump-liderazgo-renovado-o-retroceso-enmascarado\/","title":{"rendered":"[Pol\u00edtica Internacional] El regreso de Trump: \u00bfLiderazgo renovado o retroceso enmascarado?"},"content":{"rendered":"\n<h3 class=\"wp-block-heading\"><strong>Al igual que en su primer mandato, Trump se presenta como el salvador de una naci\u00f3n en ruinas. Y ha dado inicio a la \u201cbatalla cultural\u201d desmantelando las oficinas y los programas federales vinculados a los programas de diversidad, inclusi\u00f3n y derechos LGBTQ+. Tambi\u00e9n lanz\u00f3 \u201cla mayor redada de la historia\u201d contra los inmigrantes<\/strong><\/h3>\n\n\n\n<p><\/p>\n\n\n\n<p><strong>Escribe: Natalia Pettinari<\/strong><\/p>\n\n\n\n<p><\/p>\n\n\n\n<p>El retorno de Donald Trump al escenario pol\u00edtico estadounidense ha generado un torbellino de reacciones. Por un lado, sus seguidores celebran lo que consideran un renacimiento de la grandeza nacional y estallan de gozo cuando su l\u00edder afirma que \u201cLa edad de oro de Estados Unidos comienza ahora mismo\u201d.&nbsp;<\/p>\n\n\n\n<p>Por otro, sus detractores advierten que su regreso podr\u00eda significar un retroceso peligroso para la democracia y los valores fundamentales del pa\u00eds. Mientras tanto, el flamante presidente en su discurso de asunci\u00f3n expres\u00f3: \u201cEl pueblo estadounidense ha hablado\u201d. Y sin dudas, as\u00ed fue.<\/p>\n\n\n\n<p>El magnate, que asumi\u00f3 por primera vez la presidencia en 2017, en un contexto de polarizaci\u00f3n extrema, ha perfeccionado a lo largo de los a\u00f1os un estilo de liderazgo marcadamente populista.<\/p>\n\n\n\n<p><\/p>\n\n\n\n<figure class=\"wp-block-image size-full is-resized\"><img data-recalc-dims=\"1\" fetchpriority=\"high\" decoding=\"async\" width=\"800\" height=\"451\" src=\"https:\/\/i0.wp.com\/elregionalvm.com.ar\/noticias-villa-maria\/wp-content\/uploads\/2024\/07\/Trump-y-Melania-2024.jpg?resize=800%2C451&#038;ssl=1\" alt=\"\" class=\"wp-image-96422\" style=\"width:910px;height:auto\" srcset=\"https:\/\/i0.wp.com\/elregionalvm.com.ar\/noticias-villa-maria\/wp-content\/uploads\/2024\/07\/Trump-y-Melania-2024.jpg?w=800&amp;ssl=1 800w, https:\/\/i0.wp.com\/elregionalvm.com.ar\/noticias-villa-maria\/wp-content\/uploads\/2024\/07\/Trump-y-Melania-2024.jpg?resize=300%2C169&amp;ssl=1 300w, https:\/\/i0.wp.com\/elregionalvm.com.ar\/noticias-villa-maria\/wp-content\/uploads\/2024\/07\/Trump-y-Melania-2024.jpg?resize=768%2C433&amp;ssl=1 768w\" sizes=\"(max-width: 800px) 100vw, 800px\" \/><\/figure>\n\n\n\n<p><\/p>\n\n\n\n<p>Esta vez ha expresado que \u201cen los \u00faltimos ocho a\u00f1os he sido puesto a prueba y he sido desafiado m\u00e1s que ning\u00fan otro presidente en nuestros 250 a\u00f1os de historia. Y, en el camino, he aprendido mucho\u201d. La principal caracter\u00edstica de su discurso es la apelaci\u00f3n a las emociones y los miedos de sus seguidores. Para ello utiliza un lenguaje directo y cargado de promesas simplistas.<\/p>\n\n\n\n<p>Al igual que en su primer mandato, pero esta vez con un tono m\u00e1s marcado, Trump se presenta como el salvador de una naci\u00f3n en ruinas. Ha recordado una vez m\u00e1s que es \u201cel elegido por Dios\u201d y tiene la prueba: el intento de asesinato en un acto de campa\u00f1a en Pensilvania.<\/p>\n\n\n\n<p>El l\u00edder asegur\u00f3: \u201cMi vida se salv\u00f3 por una raz\u00f3n. Dios me salv\u00f3 para volver a hacer grande a Am\u00e9rica\u201d. Adem\u00e1s, pint\u00f3 un cuadro apocal\u00edptico \u2013sin reconocer los logros de la administraci\u00f3n anterior\u2013 donde las instituciones nacionales est\u00e1n al borde del colapso, dejando a millones de ciudadanos vulnerables.<\/p>\n\n\n\n<p>En un mensaje que busca movilizar a aquellos que se sienten marginados o desilusionados con el sistema, el norteamericano ha expresado que \u201clos pilares de nuestra sociedad yacen rotos y aparentemente en completo deterioro\u201d.&nbsp; Y es entonces cuando entra en juego la \u201cbatalla cultural\u201d que el gobierno conservador intenta implementar.<\/p>\n\n\n\n<p>Esto qued\u00f3 claro cuando el mandatario confirm\u00f3 que \u201ca partir de hoy, la pol\u00edtica oficial del gobierno de Estados Unidos ser\u00e1 que solo hay dos g\u00e9neros, masculino y femenino\u201d. A lo que sigui\u00f3 la orden de desmantelamiento de las oficinas y los programas federales vinculados a los programas de diversidad, inclusi\u00f3n y derechos LGBTQ+.<\/p>\n\n\n\n<p>La \u201cbatalla cultural\u201d que ha emprendido Donald Trump en este segundo mandato se centra en un enfrentamiento ideol\u00f3gico entre los valores tradicionales conservadores y las pol\u00edticas liberales que \u00e9l considera una amenaza para Estados Unidos.<\/p>\n\n\n\n<p><strong>Pueblo y \u00e9lite<\/strong><\/p>\n\n\n\n<p>Aprovechando el resentimiento hacia lo que percibe como una \u00e9lite progresista que controla los medios, las universidades y las redes sociales, el republicano ha movilizado a su base con promesas de restaurar un orden social que defiende temas como la libertad de expresi\u00f3n, el rechazo a la correcci\u00f3n pol\u00edtica y la defensa de valores familiares tradicionales.<\/p>\n\n\n\n<p>El mandatario ha logrado construir una narrativa de \u00abnosotros contra ellos\u00bb, identificando a la \u00e9lite pol\u00edtica y medi\u00e1tica como los enemigos de un pueblo al que asegura representar. Sin embargo, esta ret\u00f3rica ha implicado enormes contradicciones, como su postura de defender la libertad de expresi\u00f3n mientras ataca a los medios cr\u00edticos y promueve la censura \u201cen nombre de la libertad\u201d.<\/p>\n\n\n\n<p>A trav\u00e9s de esta lucha cultural, Trump no solo busca consolidar su poder, sino tambi\u00e9n deslegitimar a sus oponentes, creando una divisi\u00f3n constante entre el \u00abpueblo\u00bb y una \u00e9lite que, seg\u00fan \u00e9l, est\u00e1 imponiendo una visi\u00f3n ajena al verdadero inter\u00e9s de la naci\u00f3n.<\/p>\n\n\n\n<p><\/p>\n\n\n\n<figure class=\"wp-block-image size-full is-resized\"><img data-recalc-dims=\"1\" decoding=\"async\" width=\"800\" height=\"450\" src=\"https:\/\/i0.wp.com\/elregionalvm.com.ar\/noticias-villa-maria\/wp-content\/uploads\/2024\/07\/Trump-convencion-republicana-herido.jpg?resize=800%2C450&#038;ssl=1\" alt=\"\" class=\"wp-image-96423\" style=\"width:910px;height:auto\" srcset=\"https:\/\/i0.wp.com\/elregionalvm.com.ar\/noticias-villa-maria\/wp-content\/uploads\/2024\/07\/Trump-convencion-republicana-herido.jpg?w=800&amp;ssl=1 800w, https:\/\/i0.wp.com\/elregionalvm.com.ar\/noticias-villa-maria\/wp-content\/uploads\/2024\/07\/Trump-convencion-republicana-herido.jpg?resize=300%2C169&amp;ssl=1 300w, https:\/\/i0.wp.com\/elregionalvm.com.ar\/noticias-villa-maria\/wp-content\/uploads\/2024\/07\/Trump-convencion-republicana-herido.jpg?resize=768%2C432&amp;ssl=1 768w\" sizes=\"(max-width: 800px) 100vw, 800px\" \/><\/figure>\n\n\n\n<p><\/p>\n\n\n\n<p>Al mismo tiempo que el l\u00edder norteamericano promete erradicar lo que considera la \u201ccensura gubernamental\u201d y devolver la libertad de expresi\u00f3n, amenaza con retirar licencias a los medios de comunicaci\u00f3n que critican su gobierno. A trav\u00e9s de este discurso, el republicano juega con la idea de que es el protector de la libertad, mientras act\u00faa para silenciar a aquellos que no comulgan con su visi\u00f3n.<\/p>\n\n\n\n<p>En reiteradas veces, \u00e9l y sus aliados han hablado de intimar judicialmente a los medios de noticias, demandar a los periodistas y a sus fuentes, revocar las licencias de las emisoras, y de eliminar el financiamiento de la radio y televisi\u00f3n p\u00fablicas.<\/p>\n\n\n\n<p>Una caracter\u00edstica clave de Trump es su habilidad para utilizar las redes sociales como veh\u00edculos de comunicaci\u00f3n directa con el pueblo. Al alejarse de los filtros tradicionales de los medios, el magnate se convierte en el \u00fanico \u00e1rbitro de la verdad, manejando la narrativa a su favor.<\/p>\n\n\n\n<p>En este sentido, su relaci\u00f3n con los gigantes tecnol\u00f3gicos como Elon Musk, Mark Zuckerberg y Jeff Bezos, quienes han mostrado apoyo a sus pol\u00edticas, es fundamental. Las plataformas digitales, que en alg\u00fan momento adoptaron medidas para frenar la desinformaci\u00f3n, ahora se alinean con su visi\u00f3n, dejando espacio para que los discursos extremistas y la falsedad florezcan sin restricci\u00f3n.<\/p>\n\n\n\n<p>De hecho, muchos de estos empresarios tecnol\u00f3gicos, como Musk, han consolidado su poder en el mundo digital, y en lugar de moderar el contenido, lo han dejado correr libremente, favoreciendo la divulgaci\u00f3n de fake news y narrativas que benefician sus intereses econ\u00f3micos y pol\u00edticos.<\/p>\n\n\n\n<p>Por ejemplo, Mark Zuckerberg a principios de enero puso fin al programa de verificaci\u00f3n de datos de Meta sugiriendo que lo hace como un esfuerzo por \u201crestaurar la libertad de expresi\u00f3n\u201d y reducir los errores en la moderaci\u00f3n de contenidos.<\/p>\n\n\n\n<p>Dentro de este relato entran tambi\u00e9n los inmigrantes. Como durante su primer mandato, las pol\u00edticas anti-migratorias contin\u00faan centradas en la demonizaci\u00f3n de los migrantes y en el endurecimiento de las leyes.<\/p>\n\n\n\n<p>De esta manera, el mandatario crea un ambiente de miedo y desconfianza hacia ellos, a menudo present\u00e1ndolos como una amenaza para la seguridad y el bienestar econ\u00f3mico de los estadounidenses.<\/p>\n\n\n\n<p>El mandatario ha dicho que lanzar\u00e1 \u201cla mayor redada de la historia\u201d y, a menos de una semana, ya se llevaron a cabo deportaciones en Boston, Chicago y Nueva Jersey. Expertos del gobierno se encargaron de se\u00f1alar que a partir de ahora ning\u00fan inmigrante est\u00e1 a salvo.<\/p>\n\n\n\n<p>El liderazgo populista de Trump tambi\u00e9n se refleja en su enfoque econ\u00f3mico, que se concentra en mantener y ampliar las ganancias de las \u00e9lites corporativas y tecnol\u00f3gicas. Promete medidas como aranceles a competidores internacionales y una revitalizaci\u00f3n de los combustibles f\u00f3siles, pero estas pol\u00edticas parecen dise\u00f1adas m\u00e1s para beneficiar a los grandes empresarios que para ayudar a las clases m\u00e1s desfavorecidas.<\/p>\n\n\n\n<p>De esta forma, perpet\u00faa un modelo de liderazgo que se presenta como \u00abanti-\u00e9lite\u00bb, pero que, en la pr\u00e1ctica, refuerza el dominio de los sectores m\u00e1s poderosos del pa\u00eds.<\/p>\n\n\n\n<p>La paradoja es clara: Trump se presenta como el defensor de los intereses del pueblo, pero sus pol\u00edticas, y el tipo de relaciones que forja con las grandes corporaciones, parecen indicar todo lo contrario.<\/p>\n\n\n\n<p>La promesa de grandeza que lanz\u00f3 al comenzar su mandato podr\u00eda ser solo una fachada para un retroceso enmascarado, donde las libertades individuales se ven recortadas por las alianzas con los magnates tecnol\u00f3gicos y las \u00e9lites financieras.<\/p>\n\n\n\n<p>En lugar de una verdadera revoluci\u00f3n pol\u00edtica, podr\u00eda estar gest\u00e1ndose una enorme involuci\u00f3n disfrazada de progreso.<\/p>\n\n\n\n<p><\/p>\n\n\n\n<p><em>(El texto original fue publicado en Rosario3.com)<\/em><\/p>\n\n\n\n<p><\/p>\n","protected":false},"excerpt":{"rendered":"<p>Al igual que en su primer mandato, Trump se presenta como el salvador de una naci\u00f3n en ruinas. Y ha dado inicio a la \u201cbatalla cultural\u201d desmantelando las oficinas y los programas federales vinculados a los programas de diversidad, inclusi\u00f3n y derechos LGBTQ+. Tambi\u00e9n lanz\u00f3 \u201cla mayor redada de la historia\u201d contra los inmigrantes Escribe: [&hellip;]<\/p>\n","protected":false},"author":4,"featured_media":100663,"comment_status":"open","ping_status":"open","sticky":false,"template":"","format":"standard","meta":{"site-sidebar-layout":"default","site-content-layout":"","ast-site-content-layout":"default","site-content-style":"default","site-sidebar-style":"default","ast-global-header-display":"","ast-banner-title-visibility":"","ast-main-header-display":"","ast-hfb-above-header-display":"","ast-hfb-below-header-display":"","ast-hfb-mobile-header-display":"","site-post-title":"","ast-breadcrumbs-content":"","ast-featured-img":"","footer-sml-layout":"","ast-disable-related-posts":"","theme-transparent-header-meta":"","adv-header-id-meta":"","stick-header-meta":"","header-above-stick-meta":"","header-main-stick-meta":"","header-below-stick-meta":"","astra-migrate-meta-layouts":"set","ast-page-background-enabled":"default","ast-page-background-meta":{"desktop":{"background-color":"","background-image":"","background-repeat":"repeat","background-position":"center center","background-size":"auto","background-attachment":"scroll","background-type":"","background-media":"","overlay-type":"","overlay-color":"","overlay-opacity":"","overlay-gradient":""},"tablet":{"background-color":"","background-image":"","background-repeat":"repeat","background-position":"center center","background-size":"auto","background-attachment":"scroll","background-type":"","background-media":"","overlay-type":"","overlay-color":"","overlay-opacity":"","overlay-gradient":""},"mobile":{"background-color":"","background-image":"","background-repeat":"repeat","background-position":"center center","background-size":"auto","background-attachment":"scroll","background-type":"","background-media":"","overlay-type":"","overlay-color":"","overlay-opacity":"","overlay-gradient":""}},"ast-content-background-meta":{"desktop":{"background-color":"var(--ast-global-color-5)","background-image":"","background-repeat":"repeat","background-position":"center center","background-size":"auto","background-attachment":"scroll","background-type":"","background-media":"","overlay-type":"","overlay-color":"","overlay-opacity":"","overlay-gradient":""},"tablet":{"background-color":"var(--ast-global-color-5)","background-image":"","background-repeat":"repeat","background-position":"center center","background-size":"auto","background-attachment":"scroll","background-type":"","background-media":"","overlay-type":"","overlay-color":"","overlay-opacity":"","overlay-gradient":""},"mobile":{"background-color":"var(--ast-global-color-5)","background-image":"","background-repeat":"repeat","background-position":"center center","background-size":"auto","background-attachment":"scroll","background-type":"","background-media":"","overlay-type":"","overlay-color":"","overlay-opacity":"","overlay-gradient":""}},"_jetpack_memberships_contains_paid_content":false,"_joinchat":[],"footnotes":""},"categories":[365,3557],"tags":[24662,16116,1836,1560,285,3778,16630,519,2147,24661,1571],"class_list":["post-102843","post","type-post","status-publish","format-standard","has-post-thumbnail","hentry","category-opinion","category-tercera","tag-batalla-cultural","tag-diversidad","tag-donald-trump","tag-estados-unidos","tag-inclusion","tag-inmigracion","tag-liderazgo","tag-politica","tag-regreso","tag-retroceso","tag-salvador"],"yoast_head":"<!-- This site is optimized with the Yoast SEO plugin v26.8 - https:\/\/yoast.com\/product\/yoast-seo-wordpress\/ -->\n<title>[Pol\u00edtica Internacional] El regreso de Trump: \u00bfLiderazgo renovado o retroceso enmascarado? - El Regional<\/title>\n<meta name=\"robots\" content=\"index, follow, max-snippet:-1, max-image-preview:large, max-video-preview:-1\" \/>\n<link rel=\"canonical\" href=\"https:\/\/elregionalvm.com.ar\/noticias-villa-maria\/politica-internacional-el-regreso-de-trump-liderazgo-renovado-o-retroceso-enmascarado\/\" \/>\n<meta property=\"og:locale\" content=\"es_ES\" \/>\n<meta property=\"og:type\" content=\"article\" \/>\n<meta property=\"og:title\" content=\"[Pol\u00edtica Internacional] El regreso de Trump: \u00bfLiderazgo renovado o retroceso enmascarado? - El Regional\" \/>\n<meta property=\"og:description\" content=\"Al igual que en su primer mandato, Trump se presenta como el salvador de una naci\u00f3n en ruinas. Y ha dado inicio a la \u201cbatalla cultural\u201d desmantelando las oficinas y los programas federales vinculados a los programas de diversidad, inclusi\u00f3n y derechos LGBTQ+. Tambi\u00e9n lanz\u00f3 \u201cla mayor redada de la historia\u201d contra los inmigrantes Escribe: [&hellip;]\" \/>\n<meta property=\"og:url\" content=\"https:\/\/elregionalvm.com.ar\/noticias-villa-maria\/politica-internacional-el-regreso-de-trump-liderazgo-renovado-o-retroceso-enmascarado\/\" \/>\n<meta property=\"og:site_name\" content=\"El Regional\" \/>\n<meta property=\"article:publisher\" content=\"https:\/\/www.facebook.com\/elregionalvm\" \/>\n<meta property=\"article:published_time\" content=\"2025-01-28T03:05:39+00:00\" \/>\n<meta property=\"article:modified_time\" content=\"2025-01-30T03:45:54+00:00\" \/>\n<meta property=\"og:image\" content=\"https:\/\/elregionalvm.com.ar\/noticias-villa-maria\/wp-content\/uploads\/2024\/11\/Trump-haciendo-cara.jpeg\" \/>\n\t<meta property=\"og:image:width\" content=\"1000\" \/>\n\t<meta property=\"og:image:height\" content=\"563\" \/>\n\t<meta property=\"og:image:type\" content=\"image\/jpeg\" \/>\n<meta name=\"author\" content=\"Contenidos El Regional\" \/>\n<meta name=\"twitter:card\" content=\"summary_large_image\" \/>\n<meta name=\"twitter:creator\" content=\"@elregionalvm1\" \/>\n<meta name=\"twitter:site\" content=\"@elregionalvm1\" \/>\n<meta name=\"twitter:label1\" content=\"Escrito por\" \/>\n\t<meta name=\"twitter:data1\" content=\"Contenidos El Regional\" \/>\n\t<meta name=\"twitter:label2\" content=\"Tiempo de lectura\" \/>\n\t<meta name=\"twitter:data2\" content=\"7 minutos\" \/>\n<script type=\"application\/ld+json\" class=\"yoast-schema-graph\">{\"@context\":\"https:\/\/schema.org\",\"@graph\":[{\"@type\":\"Article\",\"@id\":\"https:\/\/elregionalvm.com.ar\/noticias-villa-maria\/politica-internacional-el-regreso-de-trump-liderazgo-renovado-o-retroceso-enmascarado\/#article\",\"isPartOf\":{\"@id\":\"https:\/\/elregionalvm.com.ar\/noticias-villa-maria\/politica-internacional-el-regreso-de-trump-liderazgo-renovado-o-retroceso-enmascarado\/\"},\"author\":{\"name\":\"Contenidos El Regional\",\"@id\":\"http:\/\/elregionalvm.com.ar\/noticias-villa-maria\/#\/schema\/person\/a0fb9c422317faca23d50163151bc354\"},\"headline\":\"[Pol\u00edtica Internacional] El regreso de Trump: \u00bfLiderazgo renovado o retroceso enmascarado?\",\"datePublished\":\"2025-01-28T03:05:39+00:00\",\"dateModified\":\"2025-01-30T03:45:54+00:00\",\"mainEntityOfPage\":{\"@id\":\"https:\/\/elregionalvm.com.ar\/noticias-villa-maria\/politica-internacional-el-regreso-de-trump-liderazgo-renovado-o-retroceso-enmascarado\/\"},\"wordCount\":1349,\"commentCount\":0,\"image\":{\"@id\":\"https:\/\/elregionalvm.com.ar\/noticias-villa-maria\/politica-internacional-el-regreso-de-trump-liderazgo-renovado-o-retroceso-enmascarado\/#primaryimage\"},\"thumbnailUrl\":\"https:\/\/i0.wp.com\/elregionalvm.com.ar\/noticias-villa-maria\/wp-content\/uploads\/2024\/11\/Trump-haciendo-cara.jpeg?fit=1000%2C563&ssl=1\",\"keywords\":[\"batalla cultural\",\"Diversidad\",\"Donald Trump\",\"Estados unidos\",\"Inclusi\u00f3n\",\"Inmigraci\u00f3n\",\"liderazgo\",\"Pol\u00edtica\",\"regreso\",\"retroceso\",\"Salvador\"],\"articleSection\":[\"Opini\u00f3n\",\"tercera\"],\"inLanguage\":\"es\",\"potentialAction\":[{\"@type\":\"CommentAction\",\"name\":\"Comment\",\"target\":[\"https:\/\/elregionalvm.com.ar\/noticias-villa-maria\/politica-internacional-el-regreso-de-trump-liderazgo-renovado-o-retroceso-enmascarado\/#respond\"]}]},{\"@type\":\"WebPage\",\"@id\":\"https:\/\/elregionalvm.com.ar\/noticias-villa-maria\/politica-internacional-el-regreso-de-trump-liderazgo-renovado-o-retroceso-enmascarado\/\",\"url\":\"https:\/\/elregionalvm.com.ar\/noticias-villa-maria\/politica-internacional-el-regreso-de-trump-liderazgo-renovado-o-retroceso-enmascarado\/\",\"name\":\"[Pol\u00edtica Internacional] El regreso de Trump: \u00bfLiderazgo renovado o retroceso enmascarado? - El Regional\",\"isPartOf\":{\"@id\":\"http:\/\/elregionalvm.com.ar\/noticias-villa-maria\/#website\"},\"primaryImageOfPage\":{\"@id\":\"https:\/\/elregionalvm.com.ar\/noticias-villa-maria\/politica-internacional-el-regreso-de-trump-liderazgo-renovado-o-retroceso-enmascarado\/#primaryimage\"},\"image\":{\"@id\":\"https:\/\/elregionalvm.com.ar\/noticias-villa-maria\/politica-internacional-el-regreso-de-trump-liderazgo-renovado-o-retroceso-enmascarado\/#primaryimage\"},\"thumbnailUrl\":\"https:\/\/i0.wp.com\/elregionalvm.com.ar\/noticias-villa-maria\/wp-content\/uploads\/2024\/11\/Trump-haciendo-cara.jpeg?fit=1000%2C563&ssl=1\",\"datePublished\":\"2025-01-28T03:05:39+00:00\",\"dateModified\":\"2025-01-30T03:45:54+00:00\",\"author\":{\"@id\":\"http:\/\/elregionalvm.com.ar\/noticias-villa-maria\/#\/schema\/person\/a0fb9c422317faca23d50163151bc354\"},\"breadcrumb\":{\"@id\":\"https:\/\/elregionalvm.com.ar\/noticias-villa-maria\/politica-internacional-el-regreso-de-trump-liderazgo-renovado-o-retroceso-enmascarado\/#breadcrumb\"},\"inLanguage\":\"es\",\"potentialAction\":[{\"@type\":\"ReadAction\",\"target\":[\"https:\/\/elregionalvm.com.ar\/noticias-villa-maria\/politica-internacional-el-regreso-de-trump-liderazgo-renovado-o-retroceso-enmascarado\/\"]}]},{\"@type\":\"ImageObject\",\"inLanguage\":\"es\",\"@id\":\"https:\/\/elregionalvm.com.ar\/noticias-villa-maria\/politica-internacional-el-regreso-de-trump-liderazgo-renovado-o-retroceso-enmascarado\/#primaryimage\",\"url\":\"https:\/\/i0.wp.com\/elregionalvm.com.ar\/noticias-villa-maria\/wp-content\/uploads\/2024\/11\/Trump-haciendo-cara.jpeg?fit=1000%2C563&ssl=1\",\"contentUrl\":\"https:\/\/i0.wp.com\/elregionalvm.com.ar\/noticias-villa-maria\/wp-content\/uploads\/2024\/11\/Trump-haciendo-cara.jpeg?fit=1000%2C563&ssl=1\",\"width\":1000,\"height\":563},{\"@type\":\"BreadcrumbList\",\"@id\":\"https:\/\/elregionalvm.com.ar\/noticias-villa-maria\/politica-internacional-el-regreso-de-trump-liderazgo-renovado-o-retroceso-enmascarado\/#breadcrumb\",\"itemListElement\":[{\"@type\":\"ListItem\",\"position\":1,\"name\":\"Portada\",\"item\":\"https:\/\/elregionalvm.com.ar\/noticias-villa-maria\/\"},{\"@type\":\"ListItem\",\"position\":2,\"name\":\"[Pol\u00edtica Internacional] El regreso de Trump: \u00bfLiderazgo renovado o retroceso enmascarado?\"}]},{\"@type\":\"WebSite\",\"@id\":\"http:\/\/elregionalvm.com.ar\/noticias-villa-maria\/#website\",\"url\":\"http:\/\/elregionalvm.com.ar\/noticias-villa-maria\/\",\"name\":\"El Regional\",\"description\":\"Mucho m\u00e1s que informaci\u00f3n\",\"potentialAction\":[{\"@type\":\"SearchAction\",\"target\":{\"@type\":\"EntryPoint\",\"urlTemplate\":\"http:\/\/elregionalvm.com.ar\/noticias-villa-maria\/?s={search_term_string}\"},\"query-input\":{\"@type\":\"PropertyValueSpecification\",\"valueRequired\":true,\"valueName\":\"search_term_string\"}}],\"inLanguage\":\"es\"},{\"@type\":\"Person\",\"@id\":\"http:\/\/elregionalvm.com.ar\/noticias-villa-maria\/#\/schema\/person\/a0fb9c422317faca23d50163151bc354\",\"name\":\"Contenidos El Regional\",\"image\":{\"@type\":\"ImageObject\",\"inLanguage\":\"es\",\"@id\":\"http:\/\/elregionalvm.com.ar\/noticias-villa-maria\/#\/schema\/person\/image\/\",\"url\":\"https:\/\/secure.gravatar.com\/avatar\/265b27cb2209af7bb3a1318f03305787d7981a5cc6e6cd08fe5a4ecdf99d4b48?s=96&d=mm&r=g\",\"contentUrl\":\"https:\/\/secure.gravatar.com\/avatar\/265b27cb2209af7bb3a1318f03305787d7981a5cc6e6cd08fe5a4ecdf99d4b48?s=96&d=mm&r=g\",\"caption\":\"Contenidos El Regional\"},\"url\":\"https:\/\/elregionalvm.com.ar\/noticias-villa-maria\/author\/contenido\/\"}]}<\/script>\n<!-- \/ Yoast SEO plugin. -->","yoast_head_json":{"title":"[Pol\u00edtica Internacional] El regreso de Trump: \u00bfLiderazgo renovado o retroceso enmascarado? - El Regional","robots":{"index":"index","follow":"follow","max-snippet":"max-snippet:-1","max-image-preview":"max-image-preview:large","max-video-preview":"max-video-preview:-1"},"canonical":"https:\/\/elregionalvm.com.ar\/noticias-villa-maria\/politica-internacional-el-regreso-de-trump-liderazgo-renovado-o-retroceso-enmascarado\/","og_locale":"es_ES","og_type":"article","og_title":"[Pol\u00edtica Internacional] El regreso de Trump: \u00bfLiderazgo renovado o retroceso enmascarado? - El Regional","og_description":"Al igual que en su primer mandato, Trump se presenta como el salvador de una naci\u00f3n en ruinas. Y ha dado inicio a la \u201cbatalla cultural\u201d desmantelando las oficinas y los programas federales vinculados a los programas de diversidad, inclusi\u00f3n y derechos LGBTQ+. Tambi\u00e9n lanz\u00f3 \u201cla mayor redada de la historia\u201d contra los inmigrantes Escribe: [&hellip;]","og_url":"https:\/\/elregionalvm.com.ar\/noticias-villa-maria\/politica-internacional-el-regreso-de-trump-liderazgo-renovado-o-retroceso-enmascarado\/","og_site_name":"El Regional","article_publisher":"https:\/\/www.facebook.com\/elregionalvm","article_published_time":"2025-01-28T03:05:39+00:00","article_modified_time":"2025-01-30T03:45:54+00:00","og_image":[{"width":1000,"height":563,"url":"https:\/\/elregionalvm.com.ar\/noticias-villa-maria\/wp-content\/uploads\/2024\/11\/Trump-haciendo-cara.jpeg","type":"image\/jpeg"}],"author":"Contenidos El Regional","twitter_card":"summary_large_image","twitter_creator":"@elregionalvm1","twitter_site":"@elregionalvm1","twitter_misc":{"Escrito por":"Contenidos El Regional","Tiempo de lectura":"7 minutos"},"schema":{"@context":"https:\/\/schema.org","@graph":[{"@type":"Article","@id":"https:\/\/elregionalvm.com.ar\/noticias-villa-maria\/politica-internacional-el-regreso-de-trump-liderazgo-renovado-o-retroceso-enmascarado\/#article","isPartOf":{"@id":"https:\/\/elregionalvm.com.ar\/noticias-villa-maria\/politica-internacional-el-regreso-de-trump-liderazgo-renovado-o-retroceso-enmascarado\/"},"author":{"name":"Contenidos El Regional","@id":"http:\/\/elregionalvm.com.ar\/noticias-villa-maria\/#\/schema\/person\/a0fb9c422317faca23d50163151bc354"},"headline":"[Pol\u00edtica Internacional] El regreso de Trump: \u00bfLiderazgo renovado o retroceso enmascarado?","datePublished":"2025-01-28T03:05:39+00:00","dateModified":"2025-01-30T03:45:54+00:00","mainEntityOfPage":{"@id":"https:\/\/elregionalvm.com.ar\/noticias-villa-maria\/politica-internacional-el-regreso-de-trump-liderazgo-renovado-o-retroceso-enmascarado\/"},"wordCount":1349,"commentCount":0,"image":{"@id":"https:\/\/elregionalvm.com.ar\/noticias-villa-maria\/politica-internacional-el-regreso-de-trump-liderazgo-renovado-o-retroceso-enmascarado\/#primaryimage"},"thumbnailUrl":"https:\/\/i0.wp.com\/elregionalvm.com.ar\/noticias-villa-maria\/wp-content\/uploads\/2024\/11\/Trump-haciendo-cara.jpeg?fit=1000%2C563&ssl=1","keywords":["batalla cultural","Diversidad","Donald Trump","Estados unidos","Inclusi\u00f3n","Inmigraci\u00f3n","liderazgo","Pol\u00edtica","regreso","retroceso","Salvador"],"articleSection":["Opini\u00f3n","tercera"],"inLanguage":"es","potentialAction":[{"@type":"CommentAction","name":"Comment","target":["https:\/\/elregionalvm.com.ar\/noticias-villa-maria\/politica-internacional-el-regreso-de-trump-liderazgo-renovado-o-retroceso-enmascarado\/#respond"]}]},{"@type":"WebPage","@id":"https:\/\/elregionalvm.com.ar\/noticias-villa-maria\/politica-internacional-el-regreso-de-trump-liderazgo-renovado-o-retroceso-enmascarado\/","url":"https:\/\/elregionalvm.com.ar\/noticias-villa-maria\/politica-internacional-el-regreso-de-trump-liderazgo-renovado-o-retroceso-enmascarado\/","name":"[Pol\u00edtica Internacional] El regreso de Trump: \u00bfLiderazgo renovado o retroceso enmascarado? - El Regional","isPartOf":{"@id":"http:\/\/elregionalvm.com.ar\/noticias-villa-maria\/#website"},"primaryImageOfPage":{"@id":"https:\/\/elregionalvm.com.ar\/noticias-villa-maria\/politica-internacional-el-regreso-de-trump-liderazgo-renovado-o-retroceso-enmascarado\/#primaryimage"},"image":{"@id":"https:\/\/elregionalvm.com.ar\/noticias-villa-maria\/politica-internacional-el-regreso-de-trump-liderazgo-renovado-o-retroceso-enmascarado\/#primaryimage"},"thumbnailUrl":"https:\/\/i0.wp.com\/elregionalvm.com.ar\/noticias-villa-maria\/wp-content\/uploads\/2024\/11\/Trump-haciendo-cara.jpeg?fit=1000%2C563&ssl=1","datePublished":"2025-01-28T03:05:39+00:00","dateModified":"2025-01-30T03:45:54+00:00","author":{"@id":"http:\/\/elregionalvm.com.ar\/noticias-villa-maria\/#\/schema\/person\/a0fb9c422317faca23d50163151bc354"},"breadcrumb":{"@id":"https:\/\/elregionalvm.com.ar\/noticias-villa-maria\/politica-internacional-el-regreso-de-trump-liderazgo-renovado-o-retroceso-enmascarado\/#breadcrumb"},"inLanguage":"es","potentialAction":[{"@type":"ReadAction","target":["https:\/\/elregionalvm.com.ar\/noticias-villa-maria\/politica-internacional-el-regreso-de-trump-liderazgo-renovado-o-retroceso-enmascarado\/"]}]},{"@type":"ImageObject","inLanguage":"es","@id":"https:\/\/elregionalvm.com.ar\/noticias-villa-maria\/politica-internacional-el-regreso-de-trump-liderazgo-renovado-o-retroceso-enmascarado\/#primaryimage","url":"https:\/\/i0.wp.com\/elregionalvm.com.ar\/noticias-villa-maria\/wp-content\/uploads\/2024\/11\/Trump-haciendo-cara.jpeg?fit=1000%2C563&ssl=1","contentUrl":"https:\/\/i0.wp.com\/elregionalvm.com.ar\/noticias-villa-maria\/wp-content\/uploads\/2024\/11\/Trump-haciendo-cara.jpeg?fit=1000%2C563&ssl=1","width":1000,"height":563},{"@type":"BreadcrumbList","@id":"https:\/\/elregionalvm.com.ar\/noticias-villa-maria\/politica-internacional-el-regreso-de-trump-liderazgo-renovado-o-retroceso-enmascarado\/#breadcrumb","itemListElement":[{"@type":"ListItem","position":1,"name":"Portada","item":"https:\/\/elregionalvm.com.ar\/noticias-villa-maria\/"},{"@type":"ListItem","position":2,"name":"[Pol\u00edtica Internacional] El regreso de Trump: \u00bfLiderazgo renovado o retroceso enmascarado?"}]},{"@type":"WebSite","@id":"http:\/\/elregionalvm.com.ar\/noticias-villa-maria\/#website","url":"http:\/\/elregionalvm.com.ar\/noticias-villa-maria\/","name":"El Regional","description":"Mucho m\u00e1s que informaci\u00f3n","potentialAction":[{"@type":"SearchAction","target":{"@type":"EntryPoint","urlTemplate":"http:\/\/elregionalvm.com.ar\/noticias-villa-maria\/?s={search_term_string}"},"query-input":{"@type":"PropertyValueSpecification","valueRequired":true,"valueName":"search_term_string"}}],"inLanguage":"es"},{"@type":"Person","@id":"http:\/\/elregionalvm.com.ar\/noticias-villa-maria\/#\/schema\/person\/a0fb9c422317faca23d50163151bc354","name":"Contenidos El Regional","image":{"@type":"ImageObject","inLanguage":"es","@id":"http:\/\/elregionalvm.com.ar\/noticias-villa-maria\/#\/schema\/person\/image\/","url":"https:\/\/secure.gravatar.com\/avatar\/265b27cb2209af7bb3a1318f03305787d7981a5cc6e6cd08fe5a4ecdf99d4b48?s=96&d=mm&r=g","contentUrl":"https:\/\/secure.gravatar.com\/avatar\/265b27cb2209af7bb3a1318f03305787d7981a5cc6e6cd08fe5a4ecdf99d4b48?s=96&d=mm&r=g","caption":"Contenidos El Regional"},"url":"https:\/\/elregionalvm.com.ar\/noticias-villa-maria\/author\/contenido\/"}]}},"jetpack_featured_media_url":"https:\/\/i0.wp.com\/elregionalvm.com.ar\/noticias-villa-maria\/wp-content\/uploads\/2024\/11\/Trump-haciendo-cara.jpeg?fit=1000%2C563&ssl=1","jetpack_sharing_enabled":true,"_links":{"self":[{"href":"https:\/\/elregionalvm.com.ar\/noticias-villa-maria\/wp-json\/wp\/v2\/posts\/102843","targetHints":{"allow":["GET"]}}],"collection":[{"href":"https:\/\/elregionalvm.com.ar\/noticias-villa-maria\/wp-json\/wp\/v2\/posts"}],"about":[{"href":"https:\/\/elregionalvm.com.ar\/noticias-villa-maria\/wp-json\/wp\/v2\/types\/post"}],"author":[{"embeddable":true,"href":"https:\/\/elregionalvm.com.ar\/noticias-villa-maria\/wp-json\/wp\/v2\/users\/4"}],"replies":[{"embeddable":true,"href":"https:\/\/elregionalvm.com.ar\/noticias-villa-maria\/wp-json\/wp\/v2\/comments?post=102843"}],"version-history":[{"count":4,"href":"https:\/\/elregionalvm.com.ar\/noticias-villa-maria\/wp-json\/wp\/v2\/posts\/102843\/revisions"}],"predecessor-version":[{"id":102847,"href":"https:\/\/elregionalvm.com.ar\/noticias-villa-maria\/wp-json\/wp\/v2\/posts\/102843\/revisions\/102847"}],"wp:featuredmedia":[{"embeddable":true,"href":"https:\/\/elregionalvm.com.ar\/noticias-villa-maria\/wp-json\/wp\/v2\/media\/100663"}],"wp:attachment":[{"href":"https:\/\/elregionalvm.com.ar\/noticias-villa-maria\/wp-json\/wp\/v2\/media?parent=102843"}],"wp:term":[{"taxonomy":"category","embeddable":true,"href":"https:\/\/elregionalvm.com.ar\/noticias-villa-maria\/wp-json\/wp\/v2\/categories?post=102843"},{"taxonomy":"post_tag","embeddable":true,"href":"https:\/\/elregionalvm.com.ar\/noticias-villa-maria\/wp-json\/wp\/v2\/tags?post=102843"}],"curies":[{"name":"wp","href":"https:\/\/api.w.org\/{rel}","templated":true}]}}