{"id":102864,"date":"2025-01-28T15:06:46","date_gmt":"2025-01-28T15:06:46","guid":{"rendered":"https:\/\/elregionalvm.com.ar\/noticias-villa-maria\/?p=102864"},"modified":"2025-01-28T17:50:31","modified_gmt":"2025-01-28T17:50:31","slug":"tras-agotarse-las-plateas-se-comercializan-tickets-en-el-sector-tribuna-para-el-festival-de-penas","status":"publish","type":"post","link":"https:\/\/elregionalvm.com.ar\/noticias-villa-maria\/tras-agotarse-las-plateas-se-comercializan-tickets-en-el-sector-tribuna-para-el-festival-de-penas\/","title":{"rendered":"Tras agotarse las plateas, se comercializan tickets en el sector Tribuna para el Festival de Pe\u00f1as"},"content":{"rendered":"\n<p>Villa Mar\u00eda Deporte y Turismo informa que se agotaron las plateas numeradas para la noche del domingo 9 de febrero.<\/p>\n\n\n\n<p>Para la tercera noche del \u201cFestival de Festivales\u201d actuar\u00e1n Jorge Rojas, Abel Pintos, Angela Leiva y Destino San Javier, se comercializan tickets en el sector de tribunas a un valor de 27 mil pesos.<\/p>\n\n\n\n<p>Cabe recordar que las entradas se comercializan v\u00eda www.edenentradas.ar o a trav\u00e9s de los puntos de venta fijos:<\/p>\n\n\n\n<ul class=\"wp-block-list\">\n<li>Villa Mar\u00eda: sede del Ente de Deporte y Turismo (Buenos Aires y Costanera). De lunes a viernes de 8 a 21 horas y, s\u00e1bado, domingo y feriados de 9,30 a 13 y de 17 a 20 horas.<\/li>\n\n\n\n<li>C\u00f3rdoba Capital: Disquer\u00edas Ed\u00e9n (Obispo Trejo 15). Lunes a viernes de 9 a 18,30 horas y s\u00e1bados de 9 a 13 horas.<\/li>\n\n\n\n<li>Marcos Ju\u00e1rez: Tarjeta Marcos Ju\u00e1rez (Belgrano 681).<\/li>\n<\/ul>\n\n\n\n<p>Formas de pago y financiaci\u00f3n<\/p>\n\n\n\n<p>El Festival de Pe\u00f1as cuenta con diversas opciones de pago mediante tarjetas de cr\u00e9dito, con planes de financiaci\u00f3n sin inter\u00e9s:<\/p>\n\n\n\n<p>\u2022 Cordobesa: Hasta 12 cuotas sin inter\u00e9s.<br>\u2022 Banco Hipotecario: Hasta 6 cuotas sin inter\u00e9s.<br>\u2022 Banco Macro: Hasta 6 cuotas sin inter\u00e9s.<br>\u2022 Tarjeta Naranja: Plan Z y hasta 5 cuotas sin inter\u00e9s.<\/p>\n\n\n\n<p><\/p>\n","protected":false},"excerpt":{"rendered":"<p>Villa Mar\u00eda Deporte y Turismo informa que se agotaron las plateas numeradas para la noche del domingo 9 de febrero. Para la tercera noche del \u201cFestival de Festivales\u201d actuar\u00e1n Jorge Rojas, Abel Pintos, Angela Leiva y Destino San Javier, se comercializan tickets en el sector de tribunas a un valor de 27 mil pesos. Cabe [&hellip;]<\/p>\n","protected":false},"author":4,"featured_media":71624,"comment_status":"open","ping_status":"open","sticky":false,"template":"","format":"standard","meta":{"site-sidebar-layout":"default","site-content-layout":"","ast-site-content-layout":"default","site-content-style":"default","site-sidebar-style":"default","ast-global-header-display":"","ast-banner-title-visibility":"","ast-main-header-display":"","ast-hfb-above-header-display":"","ast-hfb-below-header-display":"","ast-hfb-mobile-header-display":"","site-post-title":"","ast-breadcrumbs-content":"","ast-featured-img":"","footer-sml-layout":"","ast-disable-related-posts":"","theme-transparent-header-meta":"","adv-header-id-meta":"","stick-header-meta":"","header-above-stick-meta":"","header-main-stick-meta":"","header-below-stick-meta":"","astra-migrate-meta-layouts":"set","ast-page-background-enabled":"default","ast-page-background-meta":{"desktop":{"background-color":"","background-image":"","background-repeat":"repeat","background-position":"center center","background-size":"auto","background-attachment":"scroll","background-type":"","background-media":"","overlay-type":"","overlay-color":"","overlay-opacity":"","overlay-gradient":""},"tablet":{"background-color":"","background-image":"","background-repeat":"repeat","background-position":"center center","background-size":"auto","background-attachment":"scroll","background-type":"","background-media":"","overlay-type":"","overlay-color":"","overlay-opacity":"","overlay-gradient":""},"mobile":{"background-color":"","background-image":"","background-repeat":"repeat","background-position":"center center","background-size":"auto","background-attachment":"scroll","background-type":"","background-media":"","overlay-type":"","overlay-color":"","overlay-opacity":"","overlay-gradient":""}},"ast-content-background-meta":{"desktop":{"background-color":"var(--ast-global-color-5)","background-image":"","background-repeat":"repeat","background-position":"center center","background-size":"auto","background-attachment":"scroll","background-type":"","background-media":"","overlay-type":"","overlay-color":"","overlay-opacity":"","overlay-gradient":""},"tablet":{"background-color":"var(--ast-global-color-5)","background-image":"","background-repeat":"repeat","background-position":"center center","background-size":"auto","background-attachment":"scroll","background-type":"","background-media":"","overlay-type":"","overlay-color":"","overlay-opacity":"","overlay-gradient":""},"mobile":{"background-color":"var(--ast-global-color-5)","background-image":"","background-repeat":"repeat","background-position":"center center","background-size":"auto","background-attachment":"scroll","background-type":"","background-media":"","overlay-type":"","overlay-color":"","overlay-opacity":"","overlay-gradient":""}},"_jetpack_memberships_contains_paid_content":false,"_joinchat":[],"footnotes":""},"categories":[5,2],"tags":[],"class_list":["post-102864","post","type-post","status-publish","format-standard","has-post-thumbnail","hentry","category-sociedad","category-villa-maria"],"yoast_head":"<!-- This site is optimized with the Yoast SEO plugin v26.8 - https:\/\/yoast.com\/product\/yoast-seo-wordpress\/ -->\n<title>Tras agotarse las plateas, se comercializan tickets en el sector Tribuna para el Festival de Pe\u00f1as - El Regional<\/title>\n<meta name=\"robots\" content=\"index, follow, max-snippet:-1, max-image-preview:large, max-video-preview:-1\" \/>\n<link rel=\"canonical\" href=\"https:\/\/elregionalvm.com.ar\/noticias-villa-maria\/tras-agotarse-las-plateas-se-comercializan-tickets-en-el-sector-tribuna-para-el-festival-de-penas\/\" \/>\n<meta property=\"og:locale\" content=\"es_ES\" \/>\n<meta property=\"og:type\" content=\"article\" \/>\n<meta property=\"og:title\" content=\"Tras agotarse las plateas, se comercializan tickets en el sector Tribuna para el Festival de Pe\u00f1as - El Regional\" \/>\n<meta property=\"og:description\" content=\"Villa Mar\u00eda Deporte y Turismo informa que se agotaron las plateas numeradas para la noche del domingo 9 de febrero. Para la tercera noche del \u201cFestival de Festivales\u201d actuar\u00e1n Jorge Rojas, Abel Pintos, Angela Leiva y Destino San Javier, se comercializan tickets en el sector de tribunas a un valor de 27 mil pesos. Cabe [&hellip;]\" \/>\n<meta property=\"og:url\" content=\"https:\/\/elregionalvm.com.ar\/noticias-villa-maria\/tras-agotarse-las-plateas-se-comercializan-tickets-en-el-sector-tribuna-para-el-festival-de-penas\/\" \/>\n<meta property=\"og:site_name\" content=\"El Regional\" \/>\n<meta property=\"article:publisher\" content=\"https:\/\/www.facebook.com\/elregionalvm\" \/>\n<meta property=\"article:published_time\" content=\"2025-01-28T15:06:46+00:00\" \/>\n<meta property=\"article:modified_time\" content=\"2025-01-28T17:50:31+00:00\" \/>\n<meta property=\"og:image\" content=\"https:\/\/elregionalvm.com.ar\/noticias-villa-maria\/wp-content\/uploads\/2023\/02\/Publico-festival-2023.jpg\" \/>\n\t<meta property=\"og:image:width\" content=\"1599\" \/>\n\t<meta property=\"og:image:height\" content=\"961\" \/>\n\t<meta property=\"og:image:type\" content=\"image\/jpeg\" \/>\n<meta name=\"author\" content=\"Contenidos El Regional\" \/>\n<meta name=\"twitter:card\" content=\"summary_large_image\" \/>\n<meta name=\"twitter:creator\" content=\"@elregionalvm1\" \/>\n<meta name=\"twitter:site\" content=\"@elregionalvm1\" \/>\n<meta name=\"twitter:label1\" content=\"Escrito por\" \/>\n\t<meta name=\"twitter:data1\" content=\"Contenidos El Regional\" \/>\n\t<meta name=\"twitter:label2\" content=\"Tiempo de lectura\" \/>\n\t<meta name=\"twitter:data2\" content=\"1 minuto\" \/>\n<script type=\"application\/ld+json\" class=\"yoast-schema-graph\">{\"@context\":\"https:\/\/schema.org\",\"@graph\":[{\"@type\":\"Article\",\"@id\":\"https:\/\/elregionalvm.com.ar\/noticias-villa-maria\/tras-agotarse-las-plateas-se-comercializan-tickets-en-el-sector-tribuna-para-el-festival-de-penas\/#article\",\"isPartOf\":{\"@id\":\"https:\/\/elregionalvm.com.ar\/noticias-villa-maria\/tras-agotarse-las-plateas-se-comercializan-tickets-en-el-sector-tribuna-para-el-festival-de-penas\/\"},\"author\":{\"name\":\"Contenidos El Regional\",\"@id\":\"http:\/\/elregionalvm.com.ar\/noticias-villa-maria\/#\/schema\/person\/a0fb9c422317faca23d50163151bc354\"},\"headline\":\"Tras agotarse las plateas, se comercializan tickets en el sector Tribuna para el Festival de Pe\u00f1as\",\"datePublished\":\"2025-01-28T15:06:46+00:00\",\"dateModified\":\"2025-01-28T17:50:31+00:00\",\"mainEntityOfPage\":{\"@id\":\"https:\/\/elregionalvm.com.ar\/noticias-villa-maria\/tras-agotarse-las-plateas-se-comercializan-tickets-en-el-sector-tribuna-para-el-festival-de-penas\/\"},\"wordCount\":215,\"commentCount\":0,\"image\":{\"@id\":\"https:\/\/elregionalvm.com.ar\/noticias-villa-maria\/tras-agotarse-las-plateas-se-comercializan-tickets-en-el-sector-tribuna-para-el-festival-de-penas\/#primaryimage\"},\"thumbnailUrl\":\"https:\/\/i0.wp.com\/elregionalvm.com.ar\/noticias-villa-maria\/wp-content\/uploads\/2023\/02\/Publico-festival-2023.jpg?fit=1599%2C961&ssl=1\",\"articleSection\":[\"Sociedad\",\"Villa Mar\u00eda\"],\"inLanguage\":\"es\",\"potentialAction\":[{\"@type\":\"CommentAction\",\"name\":\"Comment\",\"target\":[\"https:\/\/elregionalvm.com.ar\/noticias-villa-maria\/tras-agotarse-las-plateas-se-comercializan-tickets-en-el-sector-tribuna-para-el-festival-de-penas\/#respond\"]}]},{\"@type\":\"WebPage\",\"@id\":\"https:\/\/elregionalvm.com.ar\/noticias-villa-maria\/tras-agotarse-las-plateas-se-comercializan-tickets-en-el-sector-tribuna-para-el-festival-de-penas\/\",\"url\":\"https:\/\/elregionalvm.com.ar\/noticias-villa-maria\/tras-agotarse-las-plateas-se-comercializan-tickets-en-el-sector-tribuna-para-el-festival-de-penas\/\",\"name\":\"Tras agotarse las plateas, se comercializan tickets en el sector Tribuna para el Festival de Pe\u00f1as - El Regional\",\"isPartOf\":{\"@id\":\"http:\/\/elregionalvm.com.ar\/noticias-villa-maria\/#website\"},\"primaryImageOfPage\":{\"@id\":\"https:\/\/elregionalvm.com.ar\/noticias-villa-maria\/tras-agotarse-las-plateas-se-comercializan-tickets-en-el-sector-tribuna-para-el-festival-de-penas\/#primaryimage\"},\"image\":{\"@id\":\"https:\/\/elregionalvm.com.ar\/noticias-villa-maria\/tras-agotarse-las-plateas-se-comercializan-tickets-en-el-sector-tribuna-para-el-festival-de-penas\/#primaryimage\"},\"thumbnailUrl\":\"https:\/\/i0.wp.com\/elregionalvm.com.ar\/noticias-villa-maria\/wp-content\/uploads\/2023\/02\/Publico-festival-2023.jpg?fit=1599%2C961&ssl=1\",\"datePublished\":\"2025-01-28T15:06:46+00:00\",\"dateModified\":\"2025-01-28T17:50:31+00:00\",\"author\":{\"@id\":\"http:\/\/elregionalvm.com.ar\/noticias-villa-maria\/#\/schema\/person\/a0fb9c422317faca23d50163151bc354\"},\"breadcrumb\":{\"@id\":\"https:\/\/elregionalvm.com.ar\/noticias-villa-maria\/tras-agotarse-las-plateas-se-comercializan-tickets-en-el-sector-tribuna-para-el-festival-de-penas\/#breadcrumb\"},\"inLanguage\":\"es\",\"potentialAction\":[{\"@type\":\"ReadAction\",\"target\":[\"https:\/\/elregionalvm.com.ar\/noticias-villa-maria\/tras-agotarse-las-plateas-se-comercializan-tickets-en-el-sector-tribuna-para-el-festival-de-penas\/\"]}]},{\"@type\":\"ImageObject\",\"inLanguage\":\"es\",\"@id\":\"https:\/\/elregionalvm.com.ar\/noticias-villa-maria\/tras-agotarse-las-plateas-se-comercializan-tickets-en-el-sector-tribuna-para-el-festival-de-penas\/#primaryimage\",\"url\":\"https:\/\/i0.wp.com\/elregionalvm.com.ar\/noticias-villa-maria\/wp-content\/uploads\/2023\/02\/Publico-festival-2023.jpg?fit=1599%2C961&ssl=1\",\"contentUrl\":\"https:\/\/i0.wp.com\/elregionalvm.com.ar\/noticias-villa-maria\/wp-content\/uploads\/2023\/02\/Publico-festival-2023.jpg?fit=1599%2C961&ssl=1\",\"width\":1599,\"height\":961},{\"@type\":\"BreadcrumbList\",\"@id\":\"https:\/\/elregionalvm.com.ar\/noticias-villa-maria\/tras-agotarse-las-plateas-se-comercializan-tickets-en-el-sector-tribuna-para-el-festival-de-penas\/#breadcrumb\",\"itemListElement\":[{\"@type\":\"ListItem\",\"position\":1,\"name\":\"Portada\",\"item\":\"https:\/\/elregionalvm.com.ar\/noticias-villa-maria\/\"},{\"@type\":\"ListItem\",\"position\":2,\"name\":\"Tras agotarse las plateas, se comercializan tickets en el sector Tribuna para el Festival de Pe\u00f1as\"}]},{\"@type\":\"WebSite\",\"@id\":\"http:\/\/elregionalvm.com.ar\/noticias-villa-maria\/#website\",\"url\":\"http:\/\/elregionalvm.com.ar\/noticias-villa-maria\/\",\"name\":\"El Regional\",\"description\":\"Mucho m\u00e1s que informaci\u00f3n\",\"potentialAction\":[{\"@type\":\"SearchAction\",\"target\":{\"@type\":\"EntryPoint\",\"urlTemplate\":\"http:\/\/elregionalvm.com.ar\/noticias-villa-maria\/?s={search_term_string}\"},\"query-input\":{\"@type\":\"PropertyValueSpecification\",\"valueRequired\":true,\"valueName\":\"search_term_string\"}}],\"inLanguage\":\"es\"},{\"@type\":\"Person\",\"@id\":\"http:\/\/elregionalvm.com.ar\/noticias-villa-maria\/#\/schema\/person\/a0fb9c422317faca23d50163151bc354\",\"name\":\"Contenidos El Regional\",\"image\":{\"@type\":\"ImageObject\",\"inLanguage\":\"es\",\"@id\":\"http:\/\/elregionalvm.com.ar\/noticias-villa-maria\/#\/schema\/person\/image\/\",\"url\":\"https:\/\/secure.gravatar.com\/avatar\/265b27cb2209af7bb3a1318f03305787d7981a5cc6e6cd08fe5a4ecdf99d4b48?s=96&d=mm&r=g\",\"contentUrl\":\"https:\/\/secure.gravatar.com\/avatar\/265b27cb2209af7bb3a1318f03305787d7981a5cc6e6cd08fe5a4ecdf99d4b48?s=96&d=mm&r=g\",\"caption\":\"Contenidos El Regional\"},\"url\":\"https:\/\/elregionalvm.com.ar\/noticias-villa-maria\/author\/contenido\/\"}]}<\/script>\n<!-- \/ Yoast SEO plugin. -->","yoast_head_json":{"title":"Tras agotarse las plateas, se comercializan tickets en el sector Tribuna para el Festival de Pe\u00f1as - El Regional","robots":{"index":"index","follow":"follow","max-snippet":"max-snippet:-1","max-image-preview":"max-image-preview:large","max-video-preview":"max-video-preview:-1"},"canonical":"https:\/\/elregionalvm.com.ar\/noticias-villa-maria\/tras-agotarse-las-plateas-se-comercializan-tickets-en-el-sector-tribuna-para-el-festival-de-penas\/","og_locale":"es_ES","og_type":"article","og_title":"Tras agotarse las plateas, se comercializan tickets en el sector Tribuna para el Festival de Pe\u00f1as - El Regional","og_description":"Villa Mar\u00eda Deporte y Turismo informa que se agotaron las plateas numeradas para la noche del domingo 9 de febrero. Para la tercera noche del \u201cFestival de Festivales\u201d actuar\u00e1n Jorge Rojas, Abel Pintos, Angela Leiva y Destino San Javier, se comercializan tickets en el sector de tribunas a un valor de 27 mil pesos. Cabe [&hellip;]","og_url":"https:\/\/elregionalvm.com.ar\/noticias-villa-maria\/tras-agotarse-las-plateas-se-comercializan-tickets-en-el-sector-tribuna-para-el-festival-de-penas\/","og_site_name":"El Regional","article_publisher":"https:\/\/www.facebook.com\/elregionalvm","article_published_time":"2025-01-28T15:06:46+00:00","article_modified_time":"2025-01-28T17:50:31+00:00","og_image":[{"width":1599,"height":961,"url":"https:\/\/elregionalvm.com.ar\/noticias-villa-maria\/wp-content\/uploads\/2023\/02\/Publico-festival-2023.jpg","type":"image\/jpeg"}],"author":"Contenidos El Regional","twitter_card":"summary_large_image","twitter_creator":"@elregionalvm1","twitter_site":"@elregionalvm1","twitter_misc":{"Escrito por":"Contenidos El Regional","Tiempo de lectura":"1 minuto"},"schema":{"@context":"https:\/\/schema.org","@graph":[{"@type":"Article","@id":"https:\/\/elregionalvm.com.ar\/noticias-villa-maria\/tras-agotarse-las-plateas-se-comercializan-tickets-en-el-sector-tribuna-para-el-festival-de-penas\/#article","isPartOf":{"@id":"https:\/\/elregionalvm.com.ar\/noticias-villa-maria\/tras-agotarse-las-plateas-se-comercializan-tickets-en-el-sector-tribuna-para-el-festival-de-penas\/"},"author":{"name":"Contenidos El Regional","@id":"http:\/\/elregionalvm.com.ar\/noticias-villa-maria\/#\/schema\/person\/a0fb9c422317faca23d50163151bc354"},"headline":"Tras agotarse las plateas, se comercializan tickets en el sector Tribuna para el Festival de Pe\u00f1as","datePublished":"2025-01-28T15:06:46+00:00","dateModified":"2025-01-28T17:50:31+00:00","mainEntityOfPage":{"@id":"https:\/\/elregionalvm.com.ar\/noticias-villa-maria\/tras-agotarse-las-plateas-se-comercializan-tickets-en-el-sector-tribuna-para-el-festival-de-penas\/"},"wordCount":215,"commentCount":0,"image":{"@id":"https:\/\/elregionalvm.com.ar\/noticias-villa-maria\/tras-agotarse-las-plateas-se-comercializan-tickets-en-el-sector-tribuna-para-el-festival-de-penas\/#primaryimage"},"thumbnailUrl":"https:\/\/i0.wp.com\/elregionalvm.com.ar\/noticias-villa-maria\/wp-content\/uploads\/2023\/02\/Publico-festival-2023.jpg?fit=1599%2C961&ssl=1","articleSection":["Sociedad","Villa Mar\u00eda"],"inLanguage":"es","potentialAction":[{"@type":"CommentAction","name":"Comment","target":["https:\/\/elregionalvm.com.ar\/noticias-villa-maria\/tras-agotarse-las-plateas-se-comercializan-tickets-en-el-sector-tribuna-para-el-festival-de-penas\/#respond"]}]},{"@type":"WebPage","@id":"https:\/\/elregionalvm.com.ar\/noticias-villa-maria\/tras-agotarse-las-plateas-se-comercializan-tickets-en-el-sector-tribuna-para-el-festival-de-penas\/","url":"https:\/\/elregionalvm.com.ar\/noticias-villa-maria\/tras-agotarse-las-plateas-se-comercializan-tickets-en-el-sector-tribuna-para-el-festival-de-penas\/","name":"Tras agotarse las plateas, se comercializan tickets en el sector Tribuna para el Festival de Pe\u00f1as - El Regional","isPartOf":{"@id":"http:\/\/elregionalvm.com.ar\/noticias-villa-maria\/#website"},"primaryImageOfPage":{"@id":"https:\/\/elregionalvm.com.ar\/noticias-villa-maria\/tras-agotarse-las-plateas-se-comercializan-tickets-en-el-sector-tribuna-para-el-festival-de-penas\/#primaryimage"},"image":{"@id":"https:\/\/elregionalvm.com.ar\/noticias-villa-maria\/tras-agotarse-las-plateas-se-comercializan-tickets-en-el-sector-tribuna-para-el-festival-de-penas\/#primaryimage"},"thumbnailUrl":"https:\/\/i0.wp.com\/elregionalvm.com.ar\/noticias-villa-maria\/wp-content\/uploads\/2023\/02\/Publico-festival-2023.jpg?fit=1599%2C961&ssl=1","datePublished":"2025-01-28T15:06:46+00:00","dateModified":"2025-01-28T17:50:31+00:00","author":{"@id":"http:\/\/elregionalvm.com.ar\/noticias-villa-maria\/#\/schema\/person\/a0fb9c422317faca23d50163151bc354"},"breadcrumb":{"@id":"https:\/\/elregionalvm.com.ar\/noticias-villa-maria\/tras-agotarse-las-plateas-se-comercializan-tickets-en-el-sector-tribuna-para-el-festival-de-penas\/#breadcrumb"},"inLanguage":"es","potentialAction":[{"@type":"ReadAction","target":["https:\/\/elregionalvm.com.ar\/noticias-villa-maria\/tras-agotarse-las-plateas-se-comercializan-tickets-en-el-sector-tribuna-para-el-festival-de-penas\/"]}]},{"@type":"ImageObject","inLanguage":"es","@id":"https:\/\/elregionalvm.com.ar\/noticias-villa-maria\/tras-agotarse-las-plateas-se-comercializan-tickets-en-el-sector-tribuna-para-el-festival-de-penas\/#primaryimage","url":"https:\/\/i0.wp.com\/elregionalvm.com.ar\/noticias-villa-maria\/wp-content\/uploads\/2023\/02\/Publico-festival-2023.jpg?fit=1599%2C961&ssl=1","contentUrl":"https:\/\/i0.wp.com\/elregionalvm.com.ar\/noticias-villa-maria\/wp-content\/uploads\/2023\/02\/Publico-festival-2023.jpg?fit=1599%2C961&ssl=1","width":1599,"height":961},{"@type":"BreadcrumbList","@id":"https:\/\/elregionalvm.com.ar\/noticias-villa-maria\/tras-agotarse-las-plateas-se-comercializan-tickets-en-el-sector-tribuna-para-el-festival-de-penas\/#breadcrumb","itemListElement":[{"@type":"ListItem","position":1,"name":"Portada","item":"https:\/\/elregionalvm.com.ar\/noticias-villa-maria\/"},{"@type":"ListItem","position":2,"name":"Tras agotarse las plateas, se comercializan tickets en el sector Tribuna para el Festival de Pe\u00f1as"}]},{"@type":"WebSite","@id":"http:\/\/elregionalvm.com.ar\/noticias-villa-maria\/#website","url":"http:\/\/elregionalvm.com.ar\/noticias-villa-maria\/","name":"El Regional","description":"Mucho m\u00e1s que informaci\u00f3n","potentialAction":[{"@type":"SearchAction","target":{"@type":"EntryPoint","urlTemplate":"http:\/\/elregionalvm.com.ar\/noticias-villa-maria\/?s={search_term_string}"},"query-input":{"@type":"PropertyValueSpecification","valueRequired":true,"valueName":"search_term_string"}}],"inLanguage":"es"},{"@type":"Person","@id":"http:\/\/elregionalvm.com.ar\/noticias-villa-maria\/#\/schema\/person\/a0fb9c422317faca23d50163151bc354","name":"Contenidos El Regional","image":{"@type":"ImageObject","inLanguage":"es","@id":"http:\/\/elregionalvm.com.ar\/noticias-villa-maria\/#\/schema\/person\/image\/","url":"https:\/\/secure.gravatar.com\/avatar\/265b27cb2209af7bb3a1318f03305787d7981a5cc6e6cd08fe5a4ecdf99d4b48?s=96&d=mm&r=g","contentUrl":"https:\/\/secure.gravatar.com\/avatar\/265b27cb2209af7bb3a1318f03305787d7981a5cc6e6cd08fe5a4ecdf99d4b48?s=96&d=mm&r=g","caption":"Contenidos El Regional"},"url":"https:\/\/elregionalvm.com.ar\/noticias-villa-maria\/author\/contenido\/"}]}},"jetpack_featured_media_url":"https:\/\/i0.wp.com\/elregionalvm.com.ar\/noticias-villa-maria\/wp-content\/uploads\/2023\/02\/Publico-festival-2023.jpg?fit=1599%2C961&ssl=1","jetpack_sharing_enabled":true,"_links":{"self":[{"href":"https:\/\/elregionalvm.com.ar\/noticias-villa-maria\/wp-json\/wp\/v2\/posts\/102864","targetHints":{"allow":["GET"]}}],"collection":[{"href":"https:\/\/elregionalvm.com.ar\/noticias-villa-maria\/wp-json\/wp\/v2\/posts"}],"about":[{"href":"https:\/\/elregionalvm.com.ar\/noticias-villa-maria\/wp-json\/wp\/v2\/types\/post"}],"author":[{"embeddable":true,"href":"https:\/\/elregionalvm.com.ar\/noticias-villa-maria\/wp-json\/wp\/v2\/users\/4"}],"replies":[{"embeddable":true,"href":"https:\/\/elregionalvm.com.ar\/noticias-villa-maria\/wp-json\/wp\/v2\/comments?post=102864"}],"version-history":[{"count":1,"href":"https:\/\/elregionalvm.com.ar\/noticias-villa-maria\/wp-json\/wp\/v2\/posts\/102864\/revisions"}],"predecessor-version":[{"id":102865,"href":"https:\/\/elregionalvm.com.ar\/noticias-villa-maria\/wp-json\/wp\/v2\/posts\/102864\/revisions\/102865"}],"wp:featuredmedia":[{"embeddable":true,"href":"https:\/\/elregionalvm.com.ar\/noticias-villa-maria\/wp-json\/wp\/v2\/media\/71624"}],"wp:attachment":[{"href":"https:\/\/elregionalvm.com.ar\/noticias-villa-maria\/wp-json\/wp\/v2\/media?parent=102864"}],"wp:term":[{"taxonomy":"category","embeddable":true,"href":"https:\/\/elregionalvm.com.ar\/noticias-villa-maria\/wp-json\/wp\/v2\/categories?post=102864"},{"taxonomy":"post_tag","embeddable":true,"href":"https:\/\/elregionalvm.com.ar\/noticias-villa-maria\/wp-json\/wp\/v2\/tags?post=102864"}],"curies":[{"name":"wp","href":"https:\/\/api.w.org\/{rel}","templated":true}]}}