{"id":102890,"date":"2025-01-28T17:01:33","date_gmt":"2025-01-28T17:01:33","guid":{"rendered":"https:\/\/elregionalvm.com.ar\/noticias-villa-maria\/?p=102890"},"modified":"2025-02-03T17:45:35","modified_gmt":"2025-02-03T17:45:35","slug":"opinion-una-mirada-desde-la-diversidad-sobre-los-discursos-de-trump-y-milei-nos-quieren-quitar-nuestros-derechos","status":"publish","type":"post","link":"https:\/\/elregionalvm.com.ar\/noticias-villa-maria\/opinion-una-mirada-desde-la-diversidad-sobre-los-discursos-de-trump-y-milei-nos-quieren-quitar-nuestros-derechos\/","title":{"rendered":"[Opini\u00f3n] Una mirada desde la diversidad sobre los discursos de Trump y Milei: \u201cNos quieren quitar nuestros derechos\u201d"},"content":{"rendered":"\n<h3 class=\"wp-block-heading\"><strong>Recientemente el presidente electo Donal Trump foment\u00f3 discursos de odio y violencia en contra de la comunidad trans de Estados Unidos.\u00a0Seguido a esto, mnuestro presidente en Argentina Javier Milei dijo que ir\u00e1 por nuestros derechos conquistados como la ley de identidad de g\u00e9nero y el cupo laboral trans.<\/strong><\/h3>\n\n\n\n<p><\/p>\n\n\n\n<p><strong>Escribe: Agustina Quaranta (Directora de \u201cUrbana Trans\u201d)<\/strong><\/p>\n\n\n\n<p><\/p>\n\n\n\n<p>Como persona trans me siento en el deber de protestar contra estos actos cargados de violencia que nos llevan a recordar lo que viv\u00edamos las personas transg\u00e9nero en Argentina en \u00e9pocas de persecuci\u00f3n pol\u00edtica, institucional y social.<\/p>\n\n\n\n<p>No podemos olvidar que las personas Trans dejamos la vida en esta lucha contra la discriminaci\u00f3n que ejercen contra nuestra identidad.&nbsp;<\/p>\n\n\n\n<p>Los medios de comunicaci\u00f3n nos expusieron durante d\u00e9cadas con total marginaci\u00f3n, nuestras familias nos excluyeron del n\u00facleo familiar y la sociedad ejerciendo total violencia y manipulaci\u00f3n sobre nosotras mismas al encontrarnos en situaci\u00f3n de plena vulnerabilidad, hoy con el pasar de los a\u00f1os y detr\u00e1s de mucha lucha por sacar a flote nuestra comunidad, intentan que volvamos a caer.<\/p>\n\n\n\n<p><\/p>\n\n\n\n<figure class=\"wp-block-image size-full is-resized\"><img data-recalc-dims=\"1\" fetchpriority=\"high\" decoding=\"async\" width=\"828\" height=\"452\" src=\"https:\/\/i0.wp.com\/elregionalvm.com.ar\/noticias-villa-maria\/wp-content\/uploads\/2022\/06\/Agustina-mujer-trans.jpeg?resize=828%2C452&#038;ssl=1\" alt=\"\" class=\"wp-image-59271\" style=\"width:910px;height:auto\" srcset=\"https:\/\/i0.wp.com\/elregionalvm.com.ar\/noticias-villa-maria\/wp-content\/uploads\/2022\/06\/Agustina-mujer-trans.jpeg?w=828&amp;ssl=1 828w, https:\/\/i0.wp.com\/elregionalvm.com.ar\/noticias-villa-maria\/wp-content\/uploads\/2022\/06\/Agustina-mujer-trans.jpeg?resize=300%2C164&amp;ssl=1 300w, https:\/\/i0.wp.com\/elregionalvm.com.ar\/noticias-villa-maria\/wp-content\/uploads\/2022\/06\/Agustina-mujer-trans.jpeg?resize=768%2C419&amp;ssl=1 768w\" sizes=\"(max-width: 828px) 100vw, 828px\" \/><\/figure>\n\n\n\n<p><\/p>\n\n\n\n<p><strong>El retroceso al que nos quieren exponer genera realmente peligrosos cambios en los derechos obtenidos<\/strong><\/p>\n\n\n\n<p>La comunidad trans nunca dej\u00f3 de luchar: seguimos siendo v\u00edctimas de violencia y odio en muchos pa\u00edses del mundo, donde no solamente somos capaces de defender nuestros derechos sino de enfrentar los cr\u00edmenes que se cometen contra nuestros cuerpos.<\/p>\n\n\n\n<p>Pa\u00edses de Latinoam\u00e9rica y Europa que no cuentan con leyes de identidad de g\u00e9nero ni cupo laboral trans, nos referimos a pa\u00edses que tienen conciencia plena sobre nuestra historia y lucha, pero aun as\u00ed persisten en no otorgar los derechos que merecemos para subsistir y formar parte de la sociedad.&nbsp;<\/p>\n\n\n\n<p>Como persona trans me veo en la obligaci\u00f3n de levantar la voz en contra de estos discursos pol\u00edticos los cuales nos utilizan como blancos en sus campa\u00f1as electorales y aumentan el odio social en contra de nuestra comunidad.&nbsp;<\/p>\n\n\n\n<p>Nos exponen a perder lo que se logr\u00f3 perdiendo muchas vidas y transitando caminos muy oscuros.<\/p>\n\n\n\n<p>Hoy, una ley de identidad de g\u00e9nero no solo permite a una comunidad acompa\u00f1ar su identidad, sino que tambi\u00e9n acompa\u00f1a el derecho y el respeto que se han convertido en herramientas para poder ser parte de esta sociedad.&nbsp;<\/p>\n\n\n\n<p><\/p>\n\n\n\n<figure class=\"wp-block-image size-large\"><img data-recalc-dims=\"1\" decoding=\"async\" width=\"1024\" height=\"768\" src=\"https:\/\/i0.wp.com\/elregionalvm.com.ar\/noticias-villa-maria\/wp-content\/uploads\/2021\/03\/derechos-personas-trans.jpg?resize=1024%2C768&#038;ssl=1\" alt=\"\" class=\"wp-image-34404\" srcset=\"https:\/\/i0.wp.com\/elregionalvm.com.ar\/noticias-villa-maria\/wp-content\/uploads\/2021\/03\/derechos-personas-trans.jpg?resize=1024%2C768&amp;ssl=1 1024w, https:\/\/i0.wp.com\/elregionalvm.com.ar\/noticias-villa-maria\/wp-content\/uploads\/2021\/03\/derechos-personas-trans.jpg?resize=300%2C225&amp;ssl=1 300w, https:\/\/i0.wp.com\/elregionalvm.com.ar\/noticias-villa-maria\/wp-content\/uploads\/2021\/03\/derechos-personas-trans.jpg?resize=768%2C576&amp;ssl=1 768w, https:\/\/i0.wp.com\/elregionalvm.com.ar\/noticias-villa-maria\/wp-content\/uploads\/2021\/03\/derechos-personas-trans.jpg?w=1200&amp;ssl=1 1200w\" sizes=\"(max-width: 1000px) 100vw, 1000px\" \/><\/figure>\n\n\n\n<p><\/p>\n\n\n\n<p>El cupo laboral travesti trans no es implementado en su totalidad, pero aun as\u00ed gener\u00f3 un gran avance a nivel nacional en Argentina y es muy importante que sea tomado como ejemplo para otros pa\u00edses donde las personas trans solo pueden dedicarse al trabajo sexual.<\/p>\n\n\n\n<p>Este tipo de leyes son herramientas fundamentales para poder capacitarnos y desarrollar socialmente.&nbsp;<\/p>\n\n\n\n<p>Nos encontramos en una situaci\u00f3n de riesgo que nos lleva a pensar que todo puede retroceder en el tiempo y nos obliga a manifestarnos frente a la amenaza de quitarnos logros que representan la lucha y la resiliencia de nuestra comunidad.&nbsp;<\/p>\n\n\n\n<p><\/p>\n\n\n\n<p><em>Foto de portada: The Objective<\/em><\/p>\n","protected":false},"excerpt":{"rendered":"<p>Recientemente el presidente electo Donal Trump foment\u00f3 discursos de odio y violencia en contra de la comunidad trans de Estados Unidos.\u00a0Seguido a esto, mnuestro presidente en Argentina Javier Milei dijo que ir\u00e1 por nuestros derechos conquistados como la ley de identidad de g\u00e9nero y el cupo laboral trans. Escribe: Agustina Quaranta (Directora de \u201cUrbana Trans\u201d) [&hellip;]<\/p>\n","protected":false},"author":4,"featured_media":102892,"comment_status":"open","ping_status":"open","sticky":false,"template":"","format":"standard","meta":{"site-sidebar-layout":"default","site-content-layout":"","ast-site-content-layout":"default","site-content-style":"default","site-sidebar-style":"default","ast-global-header-display":"","ast-banner-title-visibility":"","ast-main-header-display":"","ast-hfb-above-header-display":"","ast-hfb-below-header-display":"","ast-hfb-mobile-header-display":"","site-post-title":"","ast-breadcrumbs-content":"","ast-featured-img":"","footer-sml-layout":"","ast-disable-related-posts":"","theme-transparent-header-meta":"","adv-header-id-meta":"","stick-header-meta":"","header-above-stick-meta":"","header-main-stick-meta":"","header-below-stick-meta":"","astra-migrate-meta-layouts":"set","ast-page-background-enabled":"default","ast-page-background-meta":{"desktop":{"background-color":"","background-image":"","background-repeat":"repeat","background-position":"center center","background-size":"auto","background-attachment":"scroll","background-type":"","background-media":"","overlay-type":"","overlay-color":"","overlay-opacity":"","overlay-gradient":""},"tablet":{"background-color":"","background-image":"","background-repeat":"repeat","background-position":"center center","background-size":"auto","background-attachment":"scroll","background-type":"","background-media":"","overlay-type":"","overlay-color":"","overlay-opacity":"","overlay-gradient":""},"mobile":{"background-color":"","background-image":"","background-repeat":"repeat","background-position":"center center","background-size":"auto","background-attachment":"scroll","background-type":"","background-media":"","overlay-type":"","overlay-color":"","overlay-opacity":"","overlay-gradient":""}},"ast-content-background-meta":{"desktop":{"background-color":"var(--ast-global-color-5)","background-image":"","background-repeat":"repeat","background-position":"center center","background-size":"auto","background-attachment":"scroll","background-type":"","background-media":"","overlay-type":"","overlay-color":"","overlay-opacity":"","overlay-gradient":""},"tablet":{"background-color":"var(--ast-global-color-5)","background-image":"","background-repeat":"repeat","background-position":"center center","background-size":"auto","background-attachment":"scroll","background-type":"","background-media":"","overlay-type":"","overlay-color":"","overlay-opacity":"","overlay-gradient":""},"mobile":{"background-color":"var(--ast-global-color-5)","background-image":"","background-repeat":"repeat","background-position":"center center","background-size":"auto","background-attachment":"scroll","background-type":"","background-media":"","overlay-type":"","overlay-color":"","overlay-opacity":"","overlay-gradient":""}},"_jetpack_memberships_contains_paid_content":false,"_joinchat":[],"footnotes":""},"categories":[365,3557],"tags":[16243,57,13995,16116,1836,5053,24669,1926,9714,9715,995],"class_list":["post-102890","post","type-post","status-publish","format-standard","has-post-thumbnail","hentry","category-opinion","category-tercera","tag-agustina-quaranta","tag-derechos","tag-discursos","tag-diversidad","tag-donald-trump","tag-javier-milei","tag-minorias-sexuales","tag-odio","tag-trans","tag-travesti","tag-violencia"],"yoast_head":"<!-- This site is optimized with the Yoast SEO plugin v26.8 - https:\/\/yoast.com\/product\/yoast-seo-wordpress\/ -->\n<title>[Opini\u00f3n] Una mirada desde la diversidad sobre los discursos de Trump y Milei: \u201cNos quieren quitar nuestros derechos\u201d - El Regional<\/title>\n<meta name=\"robots\" content=\"index, follow, max-snippet:-1, max-image-preview:large, max-video-preview:-1\" \/>\n<link rel=\"canonical\" href=\"https:\/\/elregionalvm.com.ar\/noticias-villa-maria\/opinion-una-mirada-desde-la-diversidad-sobre-los-discursos-de-trump-y-milei-nos-quieren-quitar-nuestros-derechos\/\" \/>\n<meta property=\"og:locale\" content=\"es_ES\" \/>\n<meta property=\"og:type\" content=\"article\" \/>\n<meta property=\"og:title\" content=\"[Opini\u00f3n] Una mirada desde la diversidad sobre los discursos de Trump y Milei: \u201cNos quieren quitar nuestros derechos\u201d - El Regional\" \/>\n<meta property=\"og:description\" content=\"Recientemente el presidente electo Donal Trump foment\u00f3 discursos de odio y violencia en contra de la comunidad trans de Estados Unidos.\u00a0Seguido a esto, mnuestro presidente en Argentina Javier Milei dijo que ir\u00e1 por nuestros derechos conquistados como la ley de identidad de g\u00e9nero y el cupo laboral trans. Escribe: Agustina Quaranta (Directora de \u201cUrbana Trans\u201d) [&hellip;]\" \/>\n<meta property=\"og:url\" content=\"https:\/\/elregionalvm.com.ar\/noticias-villa-maria\/opinion-una-mirada-desde-la-diversidad-sobre-los-discursos-de-trump-y-milei-nos-quieren-quitar-nuestros-derechos\/\" \/>\n<meta property=\"og:site_name\" content=\"El Regional\" \/>\n<meta property=\"article:publisher\" content=\"https:\/\/www.facebook.com\/elregionalvm\" \/>\n<meta property=\"article:published_time\" content=\"2025-01-28T17:01:33+00:00\" \/>\n<meta property=\"article:modified_time\" content=\"2025-02-03T17:45:35+00:00\" \/>\n<meta property=\"og:image\" content=\"https:\/\/elregionalvm.com.ar\/noticias-villa-maria\/wp-content\/uploads\/2025\/01\/Trum-y-Milei.webp\" \/>\n\t<meta property=\"og:image:width\" content=\"1200\" \/>\n\t<meta property=\"og:image:height\" content=\"675\" \/>\n\t<meta property=\"og:image:type\" content=\"image\/webp\" \/>\n<meta name=\"author\" content=\"Contenidos El Regional\" \/>\n<meta name=\"twitter:card\" content=\"summary_large_image\" \/>\n<meta name=\"twitter:creator\" content=\"@elregionalvm1\" \/>\n<meta name=\"twitter:site\" content=\"@elregionalvm1\" \/>\n<meta name=\"twitter:label1\" content=\"Escrito por\" \/>\n\t<meta name=\"twitter:data1\" content=\"Contenidos El Regional\" \/>\n\t<meta name=\"twitter:label2\" content=\"Tiempo de lectura\" \/>\n\t<meta name=\"twitter:data2\" content=\"3 minutos\" \/>\n<script type=\"application\/ld+json\" class=\"yoast-schema-graph\">{\"@context\":\"https:\/\/schema.org\",\"@graph\":[{\"@type\":\"Article\",\"@id\":\"https:\/\/elregionalvm.com.ar\/noticias-villa-maria\/opinion-una-mirada-desde-la-diversidad-sobre-los-discursos-de-trump-y-milei-nos-quieren-quitar-nuestros-derechos\/#article\",\"isPartOf\":{\"@id\":\"https:\/\/elregionalvm.com.ar\/noticias-villa-maria\/opinion-una-mirada-desde-la-diversidad-sobre-los-discursos-de-trump-y-milei-nos-quieren-quitar-nuestros-derechos\/\"},\"author\":{\"name\":\"Contenidos El Regional\",\"@id\":\"http:\/\/elregionalvm.com.ar\/noticias-villa-maria\/#\/schema\/person\/a0fb9c422317faca23d50163151bc354\"},\"headline\":\"[Opini\u00f3n] Una mirada desde la diversidad sobre los discursos de Trump y Milei: \u201cNos quieren quitar nuestros derechos\u201d\",\"datePublished\":\"2025-01-28T17:01:33+00:00\",\"dateModified\":\"2025-02-03T17:45:35+00:00\",\"mainEntityOfPage\":{\"@id\":\"https:\/\/elregionalvm.com.ar\/noticias-villa-maria\/opinion-una-mirada-desde-la-diversidad-sobre-los-discursos-de-trump-y-milei-nos-quieren-quitar-nuestros-derechos\/\"},\"wordCount\":528,\"commentCount\":0,\"image\":{\"@id\":\"https:\/\/elregionalvm.com.ar\/noticias-villa-maria\/opinion-una-mirada-desde-la-diversidad-sobre-los-discursos-de-trump-y-milei-nos-quieren-quitar-nuestros-derechos\/#primaryimage\"},\"thumbnailUrl\":\"https:\/\/i0.wp.com\/elregionalvm.com.ar\/noticias-villa-maria\/wp-content\/uploads\/2025\/01\/Trum-y-Milei.webp?fit=1200%2C675&ssl=1\",\"keywords\":[\"Agustina Quaranta\",\"derechos\",\"discursos\",\"Diversidad\",\"Donald Trump\",\"Javier Milei\",\"minor\u00edas sexuales\",\"odio\",\"Trans\",\"Travesti\",\"Violencia\"],\"articleSection\":[\"Opini\u00f3n\",\"tercera\"],\"inLanguage\":\"es\",\"potentialAction\":[{\"@type\":\"CommentAction\",\"name\":\"Comment\",\"target\":[\"https:\/\/elregionalvm.com.ar\/noticias-villa-maria\/opinion-una-mirada-desde-la-diversidad-sobre-los-discursos-de-trump-y-milei-nos-quieren-quitar-nuestros-derechos\/#respond\"]}]},{\"@type\":\"WebPage\",\"@id\":\"https:\/\/elregionalvm.com.ar\/noticias-villa-maria\/opinion-una-mirada-desde-la-diversidad-sobre-los-discursos-de-trump-y-milei-nos-quieren-quitar-nuestros-derechos\/\",\"url\":\"https:\/\/elregionalvm.com.ar\/noticias-villa-maria\/opinion-una-mirada-desde-la-diversidad-sobre-los-discursos-de-trump-y-milei-nos-quieren-quitar-nuestros-derechos\/\",\"name\":\"[Opini\u00f3n] Una mirada desde la diversidad sobre los discursos de Trump y Milei: \u201cNos quieren quitar nuestros derechos\u201d - El Regional\",\"isPartOf\":{\"@id\":\"http:\/\/elregionalvm.com.ar\/noticias-villa-maria\/#website\"},\"primaryImageOfPage\":{\"@id\":\"https:\/\/elregionalvm.com.ar\/noticias-villa-maria\/opinion-una-mirada-desde-la-diversidad-sobre-los-discursos-de-trump-y-milei-nos-quieren-quitar-nuestros-derechos\/#primaryimage\"},\"image\":{\"@id\":\"https:\/\/elregionalvm.com.ar\/noticias-villa-maria\/opinion-una-mirada-desde-la-diversidad-sobre-los-discursos-de-trump-y-milei-nos-quieren-quitar-nuestros-derechos\/#primaryimage\"},\"thumbnailUrl\":\"https:\/\/i0.wp.com\/elregionalvm.com.ar\/noticias-villa-maria\/wp-content\/uploads\/2025\/01\/Trum-y-Milei.webp?fit=1200%2C675&ssl=1\",\"datePublished\":\"2025-01-28T17:01:33+00:00\",\"dateModified\":\"2025-02-03T17:45:35+00:00\",\"author\":{\"@id\":\"http:\/\/elregionalvm.com.ar\/noticias-villa-maria\/#\/schema\/person\/a0fb9c422317faca23d50163151bc354\"},\"breadcrumb\":{\"@id\":\"https:\/\/elregionalvm.com.ar\/noticias-villa-maria\/opinion-una-mirada-desde-la-diversidad-sobre-los-discursos-de-trump-y-milei-nos-quieren-quitar-nuestros-derechos\/#breadcrumb\"},\"inLanguage\":\"es\",\"potentialAction\":[{\"@type\":\"ReadAction\",\"target\":[\"https:\/\/elregionalvm.com.ar\/noticias-villa-maria\/opinion-una-mirada-desde-la-diversidad-sobre-los-discursos-de-trump-y-milei-nos-quieren-quitar-nuestros-derechos\/\"]}]},{\"@type\":\"ImageObject\",\"inLanguage\":\"es\",\"@id\":\"https:\/\/elregionalvm.com.ar\/noticias-villa-maria\/opinion-una-mirada-desde-la-diversidad-sobre-los-discursos-de-trump-y-milei-nos-quieren-quitar-nuestros-derechos\/#primaryimage\",\"url\":\"https:\/\/i0.wp.com\/elregionalvm.com.ar\/noticias-villa-maria\/wp-content\/uploads\/2025\/01\/Trum-y-Milei.webp?fit=1200%2C675&ssl=1\",\"contentUrl\":\"https:\/\/i0.wp.com\/elregionalvm.com.ar\/noticias-villa-maria\/wp-content\/uploads\/2025\/01\/Trum-y-Milei.webp?fit=1200%2C675&ssl=1\",\"width\":1200,\"height\":675},{\"@type\":\"BreadcrumbList\",\"@id\":\"https:\/\/elregionalvm.com.ar\/noticias-villa-maria\/opinion-una-mirada-desde-la-diversidad-sobre-los-discursos-de-trump-y-milei-nos-quieren-quitar-nuestros-derechos\/#breadcrumb\",\"itemListElement\":[{\"@type\":\"ListItem\",\"position\":1,\"name\":\"Portada\",\"item\":\"https:\/\/elregionalvm.com.ar\/noticias-villa-maria\/\"},{\"@type\":\"ListItem\",\"position\":2,\"name\":\"[Opini\u00f3n] Una mirada desde la diversidad sobre los discursos de Trump y Milei: \u201cNos quieren quitar nuestros derechos\u201d\"}]},{\"@type\":\"WebSite\",\"@id\":\"http:\/\/elregionalvm.com.ar\/noticias-villa-maria\/#website\",\"url\":\"http:\/\/elregionalvm.com.ar\/noticias-villa-maria\/\",\"name\":\"El Regional\",\"description\":\"Mucho m\u00e1s que informaci\u00f3n\",\"potentialAction\":[{\"@type\":\"SearchAction\",\"target\":{\"@type\":\"EntryPoint\",\"urlTemplate\":\"http:\/\/elregionalvm.com.ar\/noticias-villa-maria\/?s={search_term_string}\"},\"query-input\":{\"@type\":\"PropertyValueSpecification\",\"valueRequired\":true,\"valueName\":\"search_term_string\"}}],\"inLanguage\":\"es\"},{\"@type\":\"Person\",\"@id\":\"http:\/\/elregionalvm.com.ar\/noticias-villa-maria\/#\/schema\/person\/a0fb9c422317faca23d50163151bc354\",\"name\":\"Contenidos El Regional\",\"image\":{\"@type\":\"ImageObject\",\"inLanguage\":\"es\",\"@id\":\"http:\/\/elregionalvm.com.ar\/noticias-villa-maria\/#\/schema\/person\/image\/\",\"url\":\"https:\/\/secure.gravatar.com\/avatar\/265b27cb2209af7bb3a1318f03305787d7981a5cc6e6cd08fe5a4ecdf99d4b48?s=96&d=mm&r=g\",\"contentUrl\":\"https:\/\/secure.gravatar.com\/avatar\/265b27cb2209af7bb3a1318f03305787d7981a5cc6e6cd08fe5a4ecdf99d4b48?s=96&d=mm&r=g\",\"caption\":\"Contenidos El Regional\"},\"url\":\"https:\/\/elregionalvm.com.ar\/noticias-villa-maria\/author\/contenido\/\"}]}<\/script>\n<!-- \/ Yoast SEO plugin. -->","yoast_head_json":{"title":"[Opini\u00f3n] Una mirada desde la diversidad sobre los discursos de Trump y Milei: \u201cNos quieren quitar nuestros derechos\u201d - El Regional","robots":{"index":"index","follow":"follow","max-snippet":"max-snippet:-1","max-image-preview":"max-image-preview:large","max-video-preview":"max-video-preview:-1"},"canonical":"https:\/\/elregionalvm.com.ar\/noticias-villa-maria\/opinion-una-mirada-desde-la-diversidad-sobre-los-discursos-de-trump-y-milei-nos-quieren-quitar-nuestros-derechos\/","og_locale":"es_ES","og_type":"article","og_title":"[Opini\u00f3n] Una mirada desde la diversidad sobre los discursos de Trump y Milei: \u201cNos quieren quitar nuestros derechos\u201d - El Regional","og_description":"Recientemente el presidente electo Donal Trump foment\u00f3 discursos de odio y violencia en contra de la comunidad trans de Estados Unidos.\u00a0Seguido a esto, mnuestro presidente en Argentina Javier Milei dijo que ir\u00e1 por nuestros derechos conquistados como la ley de identidad de g\u00e9nero y el cupo laboral trans. Escribe: Agustina Quaranta (Directora de \u201cUrbana Trans\u201d) [&hellip;]","og_url":"https:\/\/elregionalvm.com.ar\/noticias-villa-maria\/opinion-una-mirada-desde-la-diversidad-sobre-los-discursos-de-trump-y-milei-nos-quieren-quitar-nuestros-derechos\/","og_site_name":"El Regional","article_publisher":"https:\/\/www.facebook.com\/elregionalvm","article_published_time":"2025-01-28T17:01:33+00:00","article_modified_time":"2025-02-03T17:45:35+00:00","og_image":[{"width":1200,"height":675,"url":"https:\/\/elregionalvm.com.ar\/noticias-villa-maria\/wp-content\/uploads\/2025\/01\/Trum-y-Milei.webp","type":"image\/webp"}],"author":"Contenidos El Regional","twitter_card":"summary_large_image","twitter_creator":"@elregionalvm1","twitter_site":"@elregionalvm1","twitter_misc":{"Escrito por":"Contenidos El Regional","Tiempo de lectura":"3 minutos"},"schema":{"@context":"https:\/\/schema.org","@graph":[{"@type":"Article","@id":"https:\/\/elregionalvm.com.ar\/noticias-villa-maria\/opinion-una-mirada-desde-la-diversidad-sobre-los-discursos-de-trump-y-milei-nos-quieren-quitar-nuestros-derechos\/#article","isPartOf":{"@id":"https:\/\/elregionalvm.com.ar\/noticias-villa-maria\/opinion-una-mirada-desde-la-diversidad-sobre-los-discursos-de-trump-y-milei-nos-quieren-quitar-nuestros-derechos\/"},"author":{"name":"Contenidos El Regional","@id":"http:\/\/elregionalvm.com.ar\/noticias-villa-maria\/#\/schema\/person\/a0fb9c422317faca23d50163151bc354"},"headline":"[Opini\u00f3n] Una mirada desde la diversidad sobre los discursos de Trump y Milei: \u201cNos quieren quitar nuestros derechos\u201d","datePublished":"2025-01-28T17:01:33+00:00","dateModified":"2025-02-03T17:45:35+00:00","mainEntityOfPage":{"@id":"https:\/\/elregionalvm.com.ar\/noticias-villa-maria\/opinion-una-mirada-desde-la-diversidad-sobre-los-discursos-de-trump-y-milei-nos-quieren-quitar-nuestros-derechos\/"},"wordCount":528,"commentCount":0,"image":{"@id":"https:\/\/elregionalvm.com.ar\/noticias-villa-maria\/opinion-una-mirada-desde-la-diversidad-sobre-los-discursos-de-trump-y-milei-nos-quieren-quitar-nuestros-derechos\/#primaryimage"},"thumbnailUrl":"https:\/\/i0.wp.com\/elregionalvm.com.ar\/noticias-villa-maria\/wp-content\/uploads\/2025\/01\/Trum-y-Milei.webp?fit=1200%2C675&ssl=1","keywords":["Agustina Quaranta","derechos","discursos","Diversidad","Donald Trump","Javier Milei","minor\u00edas sexuales","odio","Trans","Travesti","Violencia"],"articleSection":["Opini\u00f3n","tercera"],"inLanguage":"es","potentialAction":[{"@type":"CommentAction","name":"Comment","target":["https:\/\/elregionalvm.com.ar\/noticias-villa-maria\/opinion-una-mirada-desde-la-diversidad-sobre-los-discursos-de-trump-y-milei-nos-quieren-quitar-nuestros-derechos\/#respond"]}]},{"@type":"WebPage","@id":"https:\/\/elregionalvm.com.ar\/noticias-villa-maria\/opinion-una-mirada-desde-la-diversidad-sobre-los-discursos-de-trump-y-milei-nos-quieren-quitar-nuestros-derechos\/","url":"https:\/\/elregionalvm.com.ar\/noticias-villa-maria\/opinion-una-mirada-desde-la-diversidad-sobre-los-discursos-de-trump-y-milei-nos-quieren-quitar-nuestros-derechos\/","name":"[Opini\u00f3n] Una mirada desde la diversidad sobre los discursos de Trump y Milei: \u201cNos quieren quitar nuestros derechos\u201d - El Regional","isPartOf":{"@id":"http:\/\/elregionalvm.com.ar\/noticias-villa-maria\/#website"},"primaryImageOfPage":{"@id":"https:\/\/elregionalvm.com.ar\/noticias-villa-maria\/opinion-una-mirada-desde-la-diversidad-sobre-los-discursos-de-trump-y-milei-nos-quieren-quitar-nuestros-derechos\/#primaryimage"},"image":{"@id":"https:\/\/elregionalvm.com.ar\/noticias-villa-maria\/opinion-una-mirada-desde-la-diversidad-sobre-los-discursos-de-trump-y-milei-nos-quieren-quitar-nuestros-derechos\/#primaryimage"},"thumbnailUrl":"https:\/\/i0.wp.com\/elregionalvm.com.ar\/noticias-villa-maria\/wp-content\/uploads\/2025\/01\/Trum-y-Milei.webp?fit=1200%2C675&ssl=1","datePublished":"2025-01-28T17:01:33+00:00","dateModified":"2025-02-03T17:45:35+00:00","author":{"@id":"http:\/\/elregionalvm.com.ar\/noticias-villa-maria\/#\/schema\/person\/a0fb9c422317faca23d50163151bc354"},"breadcrumb":{"@id":"https:\/\/elregionalvm.com.ar\/noticias-villa-maria\/opinion-una-mirada-desde-la-diversidad-sobre-los-discursos-de-trump-y-milei-nos-quieren-quitar-nuestros-derechos\/#breadcrumb"},"inLanguage":"es","potentialAction":[{"@type":"ReadAction","target":["https:\/\/elregionalvm.com.ar\/noticias-villa-maria\/opinion-una-mirada-desde-la-diversidad-sobre-los-discursos-de-trump-y-milei-nos-quieren-quitar-nuestros-derechos\/"]}]},{"@type":"ImageObject","inLanguage":"es","@id":"https:\/\/elregionalvm.com.ar\/noticias-villa-maria\/opinion-una-mirada-desde-la-diversidad-sobre-los-discursos-de-trump-y-milei-nos-quieren-quitar-nuestros-derechos\/#primaryimage","url":"https:\/\/i0.wp.com\/elregionalvm.com.ar\/noticias-villa-maria\/wp-content\/uploads\/2025\/01\/Trum-y-Milei.webp?fit=1200%2C675&ssl=1","contentUrl":"https:\/\/i0.wp.com\/elregionalvm.com.ar\/noticias-villa-maria\/wp-content\/uploads\/2025\/01\/Trum-y-Milei.webp?fit=1200%2C675&ssl=1","width":1200,"height":675},{"@type":"BreadcrumbList","@id":"https:\/\/elregionalvm.com.ar\/noticias-villa-maria\/opinion-una-mirada-desde-la-diversidad-sobre-los-discursos-de-trump-y-milei-nos-quieren-quitar-nuestros-derechos\/#breadcrumb","itemListElement":[{"@type":"ListItem","position":1,"name":"Portada","item":"https:\/\/elregionalvm.com.ar\/noticias-villa-maria\/"},{"@type":"ListItem","position":2,"name":"[Opini\u00f3n] Una mirada desde la diversidad sobre los discursos de Trump y Milei: \u201cNos quieren quitar nuestros derechos\u201d"}]},{"@type":"WebSite","@id":"http:\/\/elregionalvm.com.ar\/noticias-villa-maria\/#website","url":"http:\/\/elregionalvm.com.ar\/noticias-villa-maria\/","name":"El Regional","description":"Mucho m\u00e1s que informaci\u00f3n","potentialAction":[{"@type":"SearchAction","target":{"@type":"EntryPoint","urlTemplate":"http:\/\/elregionalvm.com.ar\/noticias-villa-maria\/?s={search_term_string}"},"query-input":{"@type":"PropertyValueSpecification","valueRequired":true,"valueName":"search_term_string"}}],"inLanguage":"es"},{"@type":"Person","@id":"http:\/\/elregionalvm.com.ar\/noticias-villa-maria\/#\/schema\/person\/a0fb9c422317faca23d50163151bc354","name":"Contenidos El Regional","image":{"@type":"ImageObject","inLanguage":"es","@id":"http:\/\/elregionalvm.com.ar\/noticias-villa-maria\/#\/schema\/person\/image\/","url":"https:\/\/secure.gravatar.com\/avatar\/265b27cb2209af7bb3a1318f03305787d7981a5cc6e6cd08fe5a4ecdf99d4b48?s=96&d=mm&r=g","contentUrl":"https:\/\/secure.gravatar.com\/avatar\/265b27cb2209af7bb3a1318f03305787d7981a5cc6e6cd08fe5a4ecdf99d4b48?s=96&d=mm&r=g","caption":"Contenidos El Regional"},"url":"https:\/\/elregionalvm.com.ar\/noticias-villa-maria\/author\/contenido\/"}]}},"jetpack_featured_media_url":"https:\/\/i0.wp.com\/elregionalvm.com.ar\/noticias-villa-maria\/wp-content\/uploads\/2025\/01\/Trum-y-Milei.webp?fit=1200%2C675&ssl=1","jetpack_sharing_enabled":true,"_links":{"self":[{"href":"https:\/\/elregionalvm.com.ar\/noticias-villa-maria\/wp-json\/wp\/v2\/posts\/102890","targetHints":{"allow":["GET"]}}],"collection":[{"href":"https:\/\/elregionalvm.com.ar\/noticias-villa-maria\/wp-json\/wp\/v2\/posts"}],"about":[{"href":"https:\/\/elregionalvm.com.ar\/noticias-villa-maria\/wp-json\/wp\/v2\/types\/post"}],"author":[{"embeddable":true,"href":"https:\/\/elregionalvm.com.ar\/noticias-villa-maria\/wp-json\/wp\/v2\/users\/4"}],"replies":[{"embeddable":true,"href":"https:\/\/elregionalvm.com.ar\/noticias-villa-maria\/wp-json\/wp\/v2\/comments?post=102890"}],"version-history":[{"count":3,"href":"https:\/\/elregionalvm.com.ar\/noticias-villa-maria\/wp-json\/wp\/v2\/posts\/102890\/revisions"}],"predecessor-version":[{"id":102895,"href":"https:\/\/elregionalvm.com.ar\/noticias-villa-maria\/wp-json\/wp\/v2\/posts\/102890\/revisions\/102895"}],"wp:featuredmedia":[{"embeddable":true,"href":"https:\/\/elregionalvm.com.ar\/noticias-villa-maria\/wp-json\/wp\/v2\/media\/102892"}],"wp:attachment":[{"href":"https:\/\/elregionalvm.com.ar\/noticias-villa-maria\/wp-json\/wp\/v2\/media?parent=102890"}],"wp:term":[{"taxonomy":"category","embeddable":true,"href":"https:\/\/elregionalvm.com.ar\/noticias-villa-maria\/wp-json\/wp\/v2\/categories?post=102890"},{"taxonomy":"post_tag","embeddable":true,"href":"https:\/\/elregionalvm.com.ar\/noticias-villa-maria\/wp-json\/wp\/v2\/tags?post=102890"}],"curies":[{"name":"wp","href":"https:\/\/api.w.org\/{rel}","templated":true}]}}