{"id":103075,"date":"2025-02-04T14:43:59","date_gmt":"2025-02-04T14:43:59","guid":{"rendered":"https:\/\/elregionalvm.com.ar\/noticias-villa-maria\/?p=103075"},"modified":"2025-02-04T14:44:01","modified_gmt":"2025-02-04T14:44:01","slug":"explosion-fallecio-el-hombre-de-44-anos-que-habia-sufrido-graves-quemaduras","status":"publish","type":"post","link":"https:\/\/elregionalvm.com.ar\/noticias-villa-maria\/explosion-fallecio-el-hombre-de-44-anos-que-habia-sufrido-graves-quemaduras\/","title":{"rendered":"Explosi\u00f3n: Falleci\u00f3 el hombre de 44 a\u00f1os que hab\u00eda sufrido graves quemaduras"},"content":{"rendered":"\n<p>Se trata de Mario Mart\u00edn Mercado, de 44 a\u00f1os, quien ten\u00eda el 60% del cuerpo quemado.<\/p>\n\n\n\n<p>\u00abTras una semana de internaci\u00f3n, luego de un incendio producto de una rotura de un ducto de la red troncal de gas el pasado martes 28\/1 en la ciudad de Villa Mar\u00eda, falleci\u00f3 esta ma\u00f1ana el paciente masculino de 44 a\u00f1os, que hab\u00eda llegado a la instituci\u00f3n con quemaduras en el 60% de la superficie corporal, afecci\u00f3n de v\u00edas \u00e1reas y se encontraba internado en terapia intensiva con asistencia respiratoria\u00bb, indic\u00f3 el parte m\u00e9dico del Instituto del Quemado.<\/p>\n\n\n\n<p><\/p>\n\n\n\n<figure class=\"wp-block-image size-large\"><img data-recalc-dims=\"1\" fetchpriority=\"high\" decoding=\"async\" width=\"1024\" height=\"567\" src=\"https:\/\/i0.wp.com\/elregionalvm.com.ar\/noticias-villa-maria\/wp-content\/uploads\/2025\/01\/Explosion-del-cano-de-gas-2025-ger-3.jpeg?resize=1024%2C567&#038;ssl=1\" alt=\"\" class=\"wp-image-102914\" srcset=\"https:\/\/i0.wp.com\/elregionalvm.com.ar\/noticias-villa-maria\/wp-content\/uploads\/2025\/01\/Explosion-del-cano-de-gas-2025-ger-3.jpeg?resize=1024%2C567&amp;ssl=1 1024w, https:\/\/i0.wp.com\/elregionalvm.com.ar\/noticias-villa-maria\/wp-content\/uploads\/2025\/01\/Explosion-del-cano-de-gas-2025-ger-3.jpeg?resize=300%2C166&amp;ssl=1 300w, https:\/\/i0.wp.com\/elregionalvm.com.ar\/noticias-villa-maria\/wp-content\/uploads\/2025\/01\/Explosion-del-cano-de-gas-2025-ger-3.jpeg?resize=768%2C425&amp;ssl=1 768w, https:\/\/i0.wp.com\/elregionalvm.com.ar\/noticias-villa-maria\/wp-content\/uploads\/2025\/01\/Explosion-del-cano-de-gas-2025-ger-3.jpeg?resize=1536%2C851&amp;ssl=1 1536w, https:\/\/i0.wp.com\/elregionalvm.com.ar\/noticias-villa-maria\/wp-content\/uploads\/2025\/01\/Explosion-del-cano-de-gas-2025-ger-3.jpeg?w=1600&amp;ssl=1 1600w\" sizes=\"(max-width: 1000px) 100vw, 1000px\" \/><\/figure>\n\n\n\n<p><\/p>\n\n\n\n<p>La muerte implicar\u00e1 movimientos en la causa judicial que lleva adelante el fiscal Ren\u00e9 Bosio.<\/p>\n\n\n\n<p>Por el momento, se encuentra imputado solamente el operario de la m\u00e1quina por estrago culposo.<\/p>\n\n\n\n<p>En tanto, el fiscal orden\u00f3 allanar las oficinas de la empresa Ecogas en Villa Mar\u00eda para obtener m\u00e1s precisiones de los planos sobre la ubicaci\u00f3n del ca\u00f1o da\u00f1ado y si se conoc\u00eda de antemano su ubicaci\u00f3n.<\/p>\n","protected":false},"excerpt":{"rendered":"<p>Se trata de Mario Mart\u00edn Mercado, de 44 a\u00f1os, quien ten\u00eda el 60% del cuerpo quemado. \u00abTras una semana de internaci\u00f3n, luego de un incendio producto de una rotura de un ducto de la red troncal de gas el pasado martes 28\/1 en la ciudad de Villa Mar\u00eda, falleci\u00f3 esta ma\u00f1ana el paciente masculino de [&hellip;]<\/p>\n","protected":false},"author":6,"featured_media":102916,"comment_status":"open","ping_status":"open","sticky":false,"template":"","format":"standard","meta":{"site-sidebar-layout":"default","site-content-layout":"","ast-site-content-layout":"default","site-content-style":"default","site-sidebar-style":"default","ast-global-header-display":"","ast-banner-title-visibility":"","ast-main-header-display":"","ast-hfb-above-header-display":"","ast-hfb-below-header-display":"","ast-hfb-mobile-header-display":"","site-post-title":"","ast-breadcrumbs-content":"","ast-featured-img":"","footer-sml-layout":"","ast-disable-related-posts":"","theme-transparent-header-meta":"","adv-header-id-meta":"","stick-header-meta":"","header-above-stick-meta":"","header-main-stick-meta":"","header-below-stick-meta":"","astra-migrate-meta-layouts":"set","ast-page-background-enabled":"default","ast-page-background-meta":{"desktop":{"background-color":"","background-image":"","background-repeat":"repeat","background-position":"center center","background-size":"auto","background-attachment":"scroll","background-type":"","background-media":"","overlay-type":"","overlay-color":"","overlay-opacity":"","overlay-gradient":""},"tablet":{"background-color":"","background-image":"","background-repeat":"repeat","background-position":"center center","background-size":"auto","background-attachment":"scroll","background-type":"","background-media":"","overlay-type":"","overlay-color":"","overlay-opacity":"","overlay-gradient":""},"mobile":{"background-color":"","background-image":"","background-repeat":"repeat","background-position":"center center","background-size":"auto","background-attachment":"scroll","background-type":"","background-media":"","overlay-type":"","overlay-color":"","overlay-opacity":"","overlay-gradient":""}},"ast-content-background-meta":{"desktop":{"background-color":"var(--ast-global-color-5)","background-image":"","background-repeat":"repeat","background-position":"center center","background-size":"auto","background-attachment":"scroll","background-type":"","background-media":"","overlay-type":"","overlay-color":"","overlay-opacity":"","overlay-gradient":""},"tablet":{"background-color":"var(--ast-global-color-5)","background-image":"","background-repeat":"repeat","background-position":"center center","background-size":"auto","background-attachment":"scroll","background-type":"","background-media":"","overlay-type":"","overlay-color":"","overlay-opacity":"","overlay-gradient":""},"mobile":{"background-color":"var(--ast-global-color-5)","background-image":"","background-repeat":"repeat","background-position":"center center","background-size":"auto","background-attachment":"scroll","background-type":"","background-media":"","overlay-type":"","overlay-color":"","overlay-opacity":"","overlay-gradient":""}},"_jetpack_memberships_contains_paid_content":false,"_joinchat":[],"footnotes":""},"categories":[15302,2],"tags":[3257,3029,100,4947],"class_list":["post-103075","post","type-post","status-publish","format-standard","has-post-thumbnail","hentry","category-destacado","category-villa-maria","tag-explosion","tag-fiscal-bosio","tag-muerte","tag-quemaduras"],"yoast_head":"<!-- This site is optimized with the Yoast SEO plugin v26.8 - https:\/\/yoast.com\/product\/yoast-seo-wordpress\/ -->\n<title>Explosi\u00f3n: Falleci\u00f3 el hombre de 44 a\u00f1os que hab\u00eda sufrido graves quemaduras - El Regional<\/title>\n<meta name=\"robots\" content=\"index, follow, max-snippet:-1, max-image-preview:large, max-video-preview:-1\" \/>\n<link rel=\"canonical\" href=\"https:\/\/elregionalvm.com.ar\/noticias-villa-maria\/explosion-fallecio-el-hombre-de-44-anos-que-habia-sufrido-graves-quemaduras\/\" \/>\n<meta property=\"og:locale\" content=\"es_ES\" \/>\n<meta property=\"og:type\" content=\"article\" \/>\n<meta property=\"og:title\" content=\"Explosi\u00f3n: Falleci\u00f3 el hombre de 44 a\u00f1os que hab\u00eda sufrido graves quemaduras - El Regional\" \/>\n<meta property=\"og:description\" content=\"Se trata de Mario Mart\u00edn Mercado, de 44 a\u00f1os, quien ten\u00eda el 60% del cuerpo quemado. \u00abTras una semana de internaci\u00f3n, luego de un incendio producto de una rotura de un ducto de la red troncal de gas el pasado martes 28\/1 en la ciudad de Villa Mar\u00eda, falleci\u00f3 esta ma\u00f1ana el paciente masculino de [&hellip;]\" \/>\n<meta property=\"og:url\" content=\"https:\/\/elregionalvm.com.ar\/noticias-villa-maria\/explosion-fallecio-el-hombre-de-44-anos-que-habia-sufrido-graves-quemaduras\/\" \/>\n<meta property=\"og:site_name\" content=\"El Regional\" \/>\n<meta property=\"article:publisher\" content=\"https:\/\/www.facebook.com\/elregionalvm\" \/>\n<meta property=\"article:published_time\" content=\"2025-02-04T14:43:59+00:00\" \/>\n<meta property=\"article:modified_time\" content=\"2025-02-04T14:44:01+00:00\" \/>\n<meta property=\"og:image\" content=\"https:\/\/elregionalvm.com.ar\/noticias-villa-maria\/wp-content\/uploads\/2025\/01\/Explosion-del-cano-de-gas-2025-ger-1.jpeg\" \/>\n\t<meta property=\"og:image:width\" content=\"1454\" \/>\n\t<meta property=\"og:image:height\" content=\"968\" \/>\n\t<meta property=\"og:image:type\" content=\"image\/jpeg\" \/>\n<meta name=\"author\" content=\"Germ\u00e1n Giacchero\" \/>\n<meta name=\"twitter:card\" content=\"summary_large_image\" \/>\n<meta name=\"twitter:creator\" content=\"@elregionalvm1\" \/>\n<meta name=\"twitter:site\" content=\"@elregionalvm1\" \/>\n<meta name=\"twitter:label1\" content=\"Escrito por\" \/>\n\t<meta name=\"twitter:data1\" content=\"Germ\u00e1n Giacchero\" \/>\n\t<meta name=\"twitter:label2\" content=\"Tiempo de lectura\" \/>\n\t<meta name=\"twitter:data2\" content=\"2 minutos\" \/>\n<script type=\"application\/ld+json\" class=\"yoast-schema-graph\">{\"@context\":\"https:\/\/schema.org\",\"@graph\":[{\"@type\":\"Article\",\"@id\":\"https:\/\/elregionalvm.com.ar\/noticias-villa-maria\/explosion-fallecio-el-hombre-de-44-anos-que-habia-sufrido-graves-quemaduras\/#article\",\"isPartOf\":{\"@id\":\"https:\/\/elregionalvm.com.ar\/noticias-villa-maria\/explosion-fallecio-el-hombre-de-44-anos-que-habia-sufrido-graves-quemaduras\/\"},\"author\":{\"name\":\"Germ\u00e1n Giacchero\",\"@id\":\"http:\/\/elregionalvm.com.ar\/noticias-villa-maria\/#\/schema\/person\/d5e4b04966154131701e52c45d3efec9\"},\"headline\":\"Explosi\u00f3n: Falleci\u00f3 el hombre de 44 a\u00f1os que hab\u00eda sufrido graves quemaduras\",\"datePublished\":\"2025-02-04T14:43:59+00:00\",\"dateModified\":\"2025-02-04T14:44:01+00:00\",\"mainEntityOfPage\":{\"@id\":\"https:\/\/elregionalvm.com.ar\/noticias-villa-maria\/explosion-fallecio-el-hombre-de-44-anos-que-habia-sufrido-graves-quemaduras\/\"},\"wordCount\":189,\"commentCount\":0,\"image\":{\"@id\":\"https:\/\/elregionalvm.com.ar\/noticias-villa-maria\/explosion-fallecio-el-hombre-de-44-anos-que-habia-sufrido-graves-quemaduras\/#primaryimage\"},\"thumbnailUrl\":\"https:\/\/i0.wp.com\/elregionalvm.com.ar\/noticias-villa-maria\/wp-content\/uploads\/2025\/01\/Explosion-del-cano-de-gas-2025-ger-1.jpeg?fit=1454%2C968&ssl=1\",\"keywords\":[\"explosi\u00f3n\",\"Fiscal Bosio\",\"muerte\",\"Quemaduras\"],\"articleSection\":[\"destacado\",\"Villa Mar\u00eda\"],\"inLanguage\":\"es\",\"potentialAction\":[{\"@type\":\"CommentAction\",\"name\":\"Comment\",\"target\":[\"https:\/\/elregionalvm.com.ar\/noticias-villa-maria\/explosion-fallecio-el-hombre-de-44-anos-que-habia-sufrido-graves-quemaduras\/#respond\"]}]},{\"@type\":\"WebPage\",\"@id\":\"https:\/\/elregionalvm.com.ar\/noticias-villa-maria\/explosion-fallecio-el-hombre-de-44-anos-que-habia-sufrido-graves-quemaduras\/\",\"url\":\"https:\/\/elregionalvm.com.ar\/noticias-villa-maria\/explosion-fallecio-el-hombre-de-44-anos-que-habia-sufrido-graves-quemaduras\/\",\"name\":\"Explosi\u00f3n: Falleci\u00f3 el hombre de 44 a\u00f1os que hab\u00eda sufrido graves quemaduras - El Regional\",\"isPartOf\":{\"@id\":\"http:\/\/elregionalvm.com.ar\/noticias-villa-maria\/#website\"},\"primaryImageOfPage\":{\"@id\":\"https:\/\/elregionalvm.com.ar\/noticias-villa-maria\/explosion-fallecio-el-hombre-de-44-anos-que-habia-sufrido-graves-quemaduras\/#primaryimage\"},\"image\":{\"@id\":\"https:\/\/elregionalvm.com.ar\/noticias-villa-maria\/explosion-fallecio-el-hombre-de-44-anos-que-habia-sufrido-graves-quemaduras\/#primaryimage\"},\"thumbnailUrl\":\"https:\/\/i0.wp.com\/elregionalvm.com.ar\/noticias-villa-maria\/wp-content\/uploads\/2025\/01\/Explosion-del-cano-de-gas-2025-ger-1.jpeg?fit=1454%2C968&ssl=1\",\"datePublished\":\"2025-02-04T14:43:59+00:00\",\"dateModified\":\"2025-02-04T14:44:01+00:00\",\"author\":{\"@id\":\"http:\/\/elregionalvm.com.ar\/noticias-villa-maria\/#\/schema\/person\/d5e4b04966154131701e52c45d3efec9\"},\"breadcrumb\":{\"@id\":\"https:\/\/elregionalvm.com.ar\/noticias-villa-maria\/explosion-fallecio-el-hombre-de-44-anos-que-habia-sufrido-graves-quemaduras\/#breadcrumb\"},\"inLanguage\":\"es\",\"potentialAction\":[{\"@type\":\"ReadAction\",\"target\":[\"https:\/\/elregionalvm.com.ar\/noticias-villa-maria\/explosion-fallecio-el-hombre-de-44-anos-que-habia-sufrido-graves-quemaduras\/\"]}]},{\"@type\":\"ImageObject\",\"inLanguage\":\"es\",\"@id\":\"https:\/\/elregionalvm.com.ar\/noticias-villa-maria\/explosion-fallecio-el-hombre-de-44-anos-que-habia-sufrido-graves-quemaduras\/#primaryimage\",\"url\":\"https:\/\/i0.wp.com\/elregionalvm.com.ar\/noticias-villa-maria\/wp-content\/uploads\/2025\/01\/Explosion-del-cano-de-gas-2025-ger-1.jpeg?fit=1454%2C968&ssl=1\",\"contentUrl\":\"https:\/\/i0.wp.com\/elregionalvm.com.ar\/noticias-villa-maria\/wp-content\/uploads\/2025\/01\/Explosion-del-cano-de-gas-2025-ger-1.jpeg?fit=1454%2C968&ssl=1\",\"width\":1454,\"height\":968},{\"@type\":\"BreadcrumbList\",\"@id\":\"https:\/\/elregionalvm.com.ar\/noticias-villa-maria\/explosion-fallecio-el-hombre-de-44-anos-que-habia-sufrido-graves-quemaduras\/#breadcrumb\",\"itemListElement\":[{\"@type\":\"ListItem\",\"position\":1,\"name\":\"Portada\",\"item\":\"https:\/\/elregionalvm.com.ar\/noticias-villa-maria\/\"},{\"@type\":\"ListItem\",\"position\":2,\"name\":\"Explosi\u00f3n: Falleci\u00f3 el hombre de 44 a\u00f1os que hab\u00eda sufrido graves quemaduras\"}]},{\"@type\":\"WebSite\",\"@id\":\"http:\/\/elregionalvm.com.ar\/noticias-villa-maria\/#website\",\"url\":\"http:\/\/elregionalvm.com.ar\/noticias-villa-maria\/\",\"name\":\"El Regional\",\"description\":\"Mucho m\u00e1s que informaci\u00f3n\",\"potentialAction\":[{\"@type\":\"SearchAction\",\"target\":{\"@type\":\"EntryPoint\",\"urlTemplate\":\"http:\/\/elregionalvm.com.ar\/noticias-villa-maria\/?s={search_term_string}\"},\"query-input\":{\"@type\":\"PropertyValueSpecification\",\"valueRequired\":true,\"valueName\":\"search_term_string\"}}],\"inLanguage\":\"es\"},{\"@type\":\"Person\",\"@id\":\"http:\/\/elregionalvm.com.ar\/noticias-villa-maria\/#\/schema\/person\/d5e4b04966154131701e52c45d3efec9\",\"name\":\"Germ\u00e1n Giacchero\",\"image\":{\"@type\":\"ImageObject\",\"inLanguage\":\"es\",\"@id\":\"http:\/\/elregionalvm.com.ar\/noticias-villa-maria\/#\/schema\/person\/image\/\",\"url\":\"https:\/\/secure.gravatar.com\/avatar\/fda163ba5ef0307ee5be9846e10f83b6e83d0cfb260d3b2464830318894c6b04?s=96&d=mm&r=g\",\"contentUrl\":\"https:\/\/secure.gravatar.com\/avatar\/fda163ba5ef0307ee5be9846e10f83b6e83d0cfb260d3b2464830318894c6b04?s=96&d=mm&r=g\",\"caption\":\"Germ\u00e1n Giacchero\"},\"url\":\"https:\/\/elregionalvm.com.ar\/noticias-villa-maria\/author\/germangiacchero\/\"}]}<\/script>\n<!-- \/ Yoast SEO plugin. -->","yoast_head_json":{"title":"Explosi\u00f3n: Falleci\u00f3 el hombre de 44 a\u00f1os que hab\u00eda sufrido graves quemaduras - El Regional","robots":{"index":"index","follow":"follow","max-snippet":"max-snippet:-1","max-image-preview":"max-image-preview:large","max-video-preview":"max-video-preview:-1"},"canonical":"https:\/\/elregionalvm.com.ar\/noticias-villa-maria\/explosion-fallecio-el-hombre-de-44-anos-que-habia-sufrido-graves-quemaduras\/","og_locale":"es_ES","og_type":"article","og_title":"Explosi\u00f3n: Falleci\u00f3 el hombre de 44 a\u00f1os que hab\u00eda sufrido graves quemaduras - El Regional","og_description":"Se trata de Mario Mart\u00edn Mercado, de 44 a\u00f1os, quien ten\u00eda el 60% del cuerpo quemado. \u00abTras una semana de internaci\u00f3n, luego de un incendio producto de una rotura de un ducto de la red troncal de gas el pasado martes 28\/1 en la ciudad de Villa Mar\u00eda, falleci\u00f3 esta ma\u00f1ana el paciente masculino de [&hellip;]","og_url":"https:\/\/elregionalvm.com.ar\/noticias-villa-maria\/explosion-fallecio-el-hombre-de-44-anos-que-habia-sufrido-graves-quemaduras\/","og_site_name":"El Regional","article_publisher":"https:\/\/www.facebook.com\/elregionalvm","article_published_time":"2025-02-04T14:43:59+00:00","article_modified_time":"2025-02-04T14:44:01+00:00","og_image":[{"width":1454,"height":968,"url":"https:\/\/elregionalvm.com.ar\/noticias-villa-maria\/wp-content\/uploads\/2025\/01\/Explosion-del-cano-de-gas-2025-ger-1.jpeg","type":"image\/jpeg"}],"author":"Germ\u00e1n Giacchero","twitter_card":"summary_large_image","twitter_creator":"@elregionalvm1","twitter_site":"@elregionalvm1","twitter_misc":{"Escrito por":"Germ\u00e1n Giacchero","Tiempo de lectura":"2 minutos"},"schema":{"@context":"https:\/\/schema.org","@graph":[{"@type":"Article","@id":"https:\/\/elregionalvm.com.ar\/noticias-villa-maria\/explosion-fallecio-el-hombre-de-44-anos-que-habia-sufrido-graves-quemaduras\/#article","isPartOf":{"@id":"https:\/\/elregionalvm.com.ar\/noticias-villa-maria\/explosion-fallecio-el-hombre-de-44-anos-que-habia-sufrido-graves-quemaduras\/"},"author":{"name":"Germ\u00e1n Giacchero","@id":"http:\/\/elregionalvm.com.ar\/noticias-villa-maria\/#\/schema\/person\/d5e4b04966154131701e52c45d3efec9"},"headline":"Explosi\u00f3n: Falleci\u00f3 el hombre de 44 a\u00f1os que hab\u00eda sufrido graves quemaduras","datePublished":"2025-02-04T14:43:59+00:00","dateModified":"2025-02-04T14:44:01+00:00","mainEntityOfPage":{"@id":"https:\/\/elregionalvm.com.ar\/noticias-villa-maria\/explosion-fallecio-el-hombre-de-44-anos-que-habia-sufrido-graves-quemaduras\/"},"wordCount":189,"commentCount":0,"image":{"@id":"https:\/\/elregionalvm.com.ar\/noticias-villa-maria\/explosion-fallecio-el-hombre-de-44-anos-que-habia-sufrido-graves-quemaduras\/#primaryimage"},"thumbnailUrl":"https:\/\/i0.wp.com\/elregionalvm.com.ar\/noticias-villa-maria\/wp-content\/uploads\/2025\/01\/Explosion-del-cano-de-gas-2025-ger-1.jpeg?fit=1454%2C968&ssl=1","keywords":["explosi\u00f3n","Fiscal Bosio","muerte","Quemaduras"],"articleSection":["destacado","Villa Mar\u00eda"],"inLanguage":"es","potentialAction":[{"@type":"CommentAction","name":"Comment","target":["https:\/\/elregionalvm.com.ar\/noticias-villa-maria\/explosion-fallecio-el-hombre-de-44-anos-que-habia-sufrido-graves-quemaduras\/#respond"]}]},{"@type":"WebPage","@id":"https:\/\/elregionalvm.com.ar\/noticias-villa-maria\/explosion-fallecio-el-hombre-de-44-anos-que-habia-sufrido-graves-quemaduras\/","url":"https:\/\/elregionalvm.com.ar\/noticias-villa-maria\/explosion-fallecio-el-hombre-de-44-anos-que-habia-sufrido-graves-quemaduras\/","name":"Explosi\u00f3n: Falleci\u00f3 el hombre de 44 a\u00f1os que hab\u00eda sufrido graves quemaduras - El Regional","isPartOf":{"@id":"http:\/\/elregionalvm.com.ar\/noticias-villa-maria\/#website"},"primaryImageOfPage":{"@id":"https:\/\/elregionalvm.com.ar\/noticias-villa-maria\/explosion-fallecio-el-hombre-de-44-anos-que-habia-sufrido-graves-quemaduras\/#primaryimage"},"image":{"@id":"https:\/\/elregionalvm.com.ar\/noticias-villa-maria\/explosion-fallecio-el-hombre-de-44-anos-que-habia-sufrido-graves-quemaduras\/#primaryimage"},"thumbnailUrl":"https:\/\/i0.wp.com\/elregionalvm.com.ar\/noticias-villa-maria\/wp-content\/uploads\/2025\/01\/Explosion-del-cano-de-gas-2025-ger-1.jpeg?fit=1454%2C968&ssl=1","datePublished":"2025-02-04T14:43:59+00:00","dateModified":"2025-02-04T14:44:01+00:00","author":{"@id":"http:\/\/elregionalvm.com.ar\/noticias-villa-maria\/#\/schema\/person\/d5e4b04966154131701e52c45d3efec9"},"breadcrumb":{"@id":"https:\/\/elregionalvm.com.ar\/noticias-villa-maria\/explosion-fallecio-el-hombre-de-44-anos-que-habia-sufrido-graves-quemaduras\/#breadcrumb"},"inLanguage":"es","potentialAction":[{"@type":"ReadAction","target":["https:\/\/elregionalvm.com.ar\/noticias-villa-maria\/explosion-fallecio-el-hombre-de-44-anos-que-habia-sufrido-graves-quemaduras\/"]}]},{"@type":"ImageObject","inLanguage":"es","@id":"https:\/\/elregionalvm.com.ar\/noticias-villa-maria\/explosion-fallecio-el-hombre-de-44-anos-que-habia-sufrido-graves-quemaduras\/#primaryimage","url":"https:\/\/i0.wp.com\/elregionalvm.com.ar\/noticias-villa-maria\/wp-content\/uploads\/2025\/01\/Explosion-del-cano-de-gas-2025-ger-1.jpeg?fit=1454%2C968&ssl=1","contentUrl":"https:\/\/i0.wp.com\/elregionalvm.com.ar\/noticias-villa-maria\/wp-content\/uploads\/2025\/01\/Explosion-del-cano-de-gas-2025-ger-1.jpeg?fit=1454%2C968&ssl=1","width":1454,"height":968},{"@type":"BreadcrumbList","@id":"https:\/\/elregionalvm.com.ar\/noticias-villa-maria\/explosion-fallecio-el-hombre-de-44-anos-que-habia-sufrido-graves-quemaduras\/#breadcrumb","itemListElement":[{"@type":"ListItem","position":1,"name":"Portada","item":"https:\/\/elregionalvm.com.ar\/noticias-villa-maria\/"},{"@type":"ListItem","position":2,"name":"Explosi\u00f3n: Falleci\u00f3 el hombre de 44 a\u00f1os que hab\u00eda sufrido graves quemaduras"}]},{"@type":"WebSite","@id":"http:\/\/elregionalvm.com.ar\/noticias-villa-maria\/#website","url":"http:\/\/elregionalvm.com.ar\/noticias-villa-maria\/","name":"El Regional","description":"Mucho m\u00e1s que informaci\u00f3n","potentialAction":[{"@type":"SearchAction","target":{"@type":"EntryPoint","urlTemplate":"http:\/\/elregionalvm.com.ar\/noticias-villa-maria\/?s={search_term_string}"},"query-input":{"@type":"PropertyValueSpecification","valueRequired":true,"valueName":"search_term_string"}}],"inLanguage":"es"},{"@type":"Person","@id":"http:\/\/elregionalvm.com.ar\/noticias-villa-maria\/#\/schema\/person\/d5e4b04966154131701e52c45d3efec9","name":"Germ\u00e1n Giacchero","image":{"@type":"ImageObject","inLanguage":"es","@id":"http:\/\/elregionalvm.com.ar\/noticias-villa-maria\/#\/schema\/person\/image\/","url":"https:\/\/secure.gravatar.com\/avatar\/fda163ba5ef0307ee5be9846e10f83b6e83d0cfb260d3b2464830318894c6b04?s=96&d=mm&r=g","contentUrl":"https:\/\/secure.gravatar.com\/avatar\/fda163ba5ef0307ee5be9846e10f83b6e83d0cfb260d3b2464830318894c6b04?s=96&d=mm&r=g","caption":"Germ\u00e1n Giacchero"},"url":"https:\/\/elregionalvm.com.ar\/noticias-villa-maria\/author\/germangiacchero\/"}]}},"jetpack_featured_media_url":"https:\/\/i0.wp.com\/elregionalvm.com.ar\/noticias-villa-maria\/wp-content\/uploads\/2025\/01\/Explosion-del-cano-de-gas-2025-ger-1.jpeg?fit=1454%2C968&ssl=1","jetpack_sharing_enabled":true,"_links":{"self":[{"href":"https:\/\/elregionalvm.com.ar\/noticias-villa-maria\/wp-json\/wp\/v2\/posts\/103075","targetHints":{"allow":["GET"]}}],"collection":[{"href":"https:\/\/elregionalvm.com.ar\/noticias-villa-maria\/wp-json\/wp\/v2\/posts"}],"about":[{"href":"https:\/\/elregionalvm.com.ar\/noticias-villa-maria\/wp-json\/wp\/v2\/types\/post"}],"author":[{"embeddable":true,"href":"https:\/\/elregionalvm.com.ar\/noticias-villa-maria\/wp-json\/wp\/v2\/users\/6"}],"replies":[{"embeddable":true,"href":"https:\/\/elregionalvm.com.ar\/noticias-villa-maria\/wp-json\/wp\/v2\/comments?post=103075"}],"version-history":[{"count":1,"href":"https:\/\/elregionalvm.com.ar\/noticias-villa-maria\/wp-json\/wp\/v2\/posts\/103075\/revisions"}],"predecessor-version":[{"id":103076,"href":"https:\/\/elregionalvm.com.ar\/noticias-villa-maria\/wp-json\/wp\/v2\/posts\/103075\/revisions\/103076"}],"wp:featuredmedia":[{"embeddable":true,"href":"https:\/\/elregionalvm.com.ar\/noticias-villa-maria\/wp-json\/wp\/v2\/media\/102916"}],"wp:attachment":[{"href":"https:\/\/elregionalvm.com.ar\/noticias-villa-maria\/wp-json\/wp\/v2\/media?parent=103075"}],"wp:term":[{"taxonomy":"category","embeddable":true,"href":"https:\/\/elregionalvm.com.ar\/noticias-villa-maria\/wp-json\/wp\/v2\/categories?post=103075"},{"taxonomy":"post_tag","embeddable":true,"href":"https:\/\/elregionalvm.com.ar\/noticias-villa-maria\/wp-json\/wp\/v2\/tags?post=103075"}],"curies":[{"name":"wp","href":"https:\/\/api.w.org\/{rel}","templated":true}]}}