{"id":103114,"date":"2025-02-05T17:17:09","date_gmt":"2025-02-05T17:17:09","guid":{"rendered":"https:\/\/elregionalvm.com.ar\/noticias-villa-maria\/?p=103114"},"modified":"2025-02-13T18:00:56","modified_gmt":"2025-02-13T18:00:56","slug":"opinion-a-milei-y-trump-no-les-gusta-que-es-la-ideologia-woke","status":"publish","type":"post","link":"https:\/\/elregionalvm.com.ar\/noticias-villa-maria\/opinion-a-milei-y-trump-no-les-gusta-que-es-la-ideologia-woke\/","title":{"rendered":"\u00a0[Opini\u00f3n] A Milei y Trump no les gusta: \u00bfQu\u00e9 es la ideolog\u00eda \u201cWOKE\u201d?"},"content":{"rendered":"\n<p><strong>Escribe: Cristina Pablos<\/strong><\/p>\n\n\n\n<p><\/p>\n\n\n\n<p>\u201cWOKE\u201d (despierto, en ingl\u00e9s) es un t\u00e9rmino que, originado en EEUU inicialmente, se usaba para referirse a quienes se enfrentan o se mantienen alerta frente al racismo.<\/p>\n\n\n\n<p>Posteriormente, lleg\u00f3 a abarcar una conciencia de otras cuestiones de desigualdad social, por ejemplo: en relaci\u00f3n con el g\u00e9nero y la orientaci\u00f3n sexual.<\/p>\n\n\n\n<p>Desde finales de la d\u00e9cada del 2010 tambi\u00e9n se ha usado como un t\u00e9rmino general para los movimientos pol\u00edticos progresistas o de izquierda.<\/p>\n\n\n\n<p><\/p>\n\n\n\n<figure class=\"wp-block-image size-large\"><img data-recalc-dims=\"1\" fetchpriority=\"high\" decoding=\"async\" width=\"1024\" height=\"683\" src=\"https:\/\/i0.wp.com\/elregionalvm.com.ar\/noticias-villa-maria\/wp-content\/uploads\/2025\/02\/protesta-marcha-sindicato-gremio.jpg?resize=1024%2C683&#038;ssl=1\" alt=\"\" class=\"wp-image-103044\" srcset=\"https:\/\/i0.wp.com\/elregionalvm.com.ar\/noticias-villa-maria\/wp-content\/uploads\/2025\/02\/protesta-marcha-sindicato-gremio.jpg?resize=1024%2C683&amp;ssl=1 1024w, https:\/\/i0.wp.com\/elregionalvm.com.ar\/noticias-villa-maria\/wp-content\/uploads\/2025\/02\/protesta-marcha-sindicato-gremio.jpg?resize=300%2C200&amp;ssl=1 300w, https:\/\/i0.wp.com\/elregionalvm.com.ar\/noticias-villa-maria\/wp-content\/uploads\/2025\/02\/protesta-marcha-sindicato-gremio.jpg?resize=768%2C512&amp;ssl=1 768w, https:\/\/i0.wp.com\/elregionalvm.com.ar\/noticias-villa-maria\/wp-content\/uploads\/2025\/02\/protesta-marcha-sindicato-gremio.jpg?w=1300&amp;ssl=1 1300w\" sizes=\"(max-width: 1000px) 100vw, 1000px\" \/><\/figure>\n\n\n\n<p><\/p>\n\n\n\n<p>Para 2020 sectores conservadores o ultra conservadores de derecha, en varios pa\u00edses occidentales, empezaron a usar el t\u00e9rmino \u201cWOKE\u201d, a menudo de manera despectiva como forma de denominar a varios movimientos o ideolog\u00edas progresistas o de izquierda percibidos por ellos como \u201cdemasiado rabiosos, entusiastas, agresivos y agitadores\u201d.<\/p>\n\n\n\n<p>La frase \u201cSTAY WOKE\u201d (mantente despierto) surgi\u00f3 en la d\u00e9cada de 1930 especialmente en contra de los afroamericanos para luego generalizarse.<\/p>\n\n\n\n<p>M\u00e1s all\u00e1 de los or\u00edgenes, \u201cWOKE\u201d se ha utilizado como un t\u00e9rmino general para describir a los movimientos por \u201cjusticia social\u201d de izquierda.<\/p>\n\n\n\n<p><\/p>\n\n\n\n<figure class=\"wp-block-pullquote\"><blockquote><p><strong>El presidente Milei, en Davos, critic\u00f3 a la ideolog\u00eda \u201cwoke\u201d llam\u00e1ndola \u201cun virus mental; una epidemia que debe ser curada\u201d<\/strong><\/p><\/blockquote><\/figure>\n\n\n\n<p><\/p>\n\n\n\n<p>El presidente Milei, en Davos, critic\u00f3 a la ideolog\u00eda \u201cwoke\u201d llam\u00e1ndola \u201cun virus mental; una epidemia que debe ser curada\u201d. Son de la misma idea el presidente Trump y Elon Musk.<\/p>\n\n\n\n<p><\/p>\n\n\n\n<figure class=\"wp-block-image size-large\"><img data-recalc-dims=\"1\" decoding=\"async\" width=\"1024\" height=\"576\" src=\"https:\/\/i0.wp.com\/elregionalvm.com.ar\/noticias-villa-maria\/wp-content\/uploads\/2025\/02\/Milei-en-Davos.jpg?resize=1024%2C576&#038;ssl=1\" alt=\"\" class=\"wp-image-103115\" srcset=\"https:\/\/i0.wp.com\/elregionalvm.com.ar\/noticias-villa-maria\/wp-content\/uploads\/2025\/02\/Milei-en-Davos.jpg?resize=1024%2C576&amp;ssl=1 1024w, https:\/\/i0.wp.com\/elregionalvm.com.ar\/noticias-villa-maria\/wp-content\/uploads\/2025\/02\/Milei-en-Davos.jpg?resize=300%2C169&amp;ssl=1 300w, https:\/\/i0.wp.com\/elregionalvm.com.ar\/noticias-villa-maria\/wp-content\/uploads\/2025\/02\/Milei-en-Davos.jpg?resize=768%2C432&amp;ssl=1 768w, https:\/\/i0.wp.com\/elregionalvm.com.ar\/noticias-villa-maria\/wp-content\/uploads\/2025\/02\/Milei-en-Davos.jpg?w=1200&amp;ssl=1 1200w\" sizes=\"(max-width: 1000px) 100vw, 1000px\" \/><\/figure>\n\n\n\n<p><\/p>\n\n\n\n<p>\u201cWOKE\u201d se ha convertido en un t\u00e9rmino paraguas que engloba una serie de ideas y movimientos centrados en la justicia social, la identidad y la intersexualidad.<\/p>\n\n\n\n<p>Los individuos identificados como \u201cwoke\u201d suelen ser cr\u00edticos con las estructuras de poder existentes y buscan desafiar las normas sociales que perpet\u00faan la discriminaci\u00f3n y la opresi\u00f3n.<\/p>\n\n\n\n<p>Uno de los conceptos fundamentales de la ideolog\u00eda \u201cWOKE\u201d es la conciencia de los privilegios. Esta idea sugiere que las personas pertenecientes a grupos sociales dominantes (ej: blancos, hombres, heterosexuales) se benefician de ventajas sist\u00e9micas que no est\u00e1n disponibles para otros grupos.<\/p>\n\n\n\n<p>La ideolog\u00eda \u201cWOKE\u201d ha tenido un impacto significativo en la cultura popular, la pol\u00edtica y el discurso pol\u00edtico.<\/p>\n\n\n\n<p>En consecuencia, la ideolog\u00eda \u201cWOKE\u201d es un fen\u00f3meno complejo y multifac\u00e9tico que ha transformado el panorama socio pol\u00edtico en las \u00faltimas d\u00e9cadas, aunque en Argentina se habla de \u201cWOKE\u201d desde no hace mucho tiempo.<\/p>\n","protected":false},"excerpt":{"rendered":"<p>Escribe: Cristina Pablos \u201cWOKE\u201d (despierto, en ingl\u00e9s) es un t\u00e9rmino que, originado en EEUU inicialmente, se usaba para referirse a quienes se enfrentan o se mantienen alerta frente al racismo. Posteriormente, lleg\u00f3 a abarcar una conciencia de otras cuestiones de desigualdad social, por ejemplo: en relaci\u00f3n con el g\u00e9nero y la orientaci\u00f3n sexual. Desde finales [&hellip;]<\/p>\n","protected":false},"author":6,"featured_media":103116,"comment_status":"open","ping_status":"open","sticky":false,"template":"","format":"standard","meta":{"site-sidebar-layout":"default","site-content-layout":"","ast-site-content-layout":"default","site-content-style":"default","site-sidebar-style":"default","ast-global-header-display":"","ast-banner-title-visibility":"","ast-main-header-display":"","ast-hfb-above-header-display":"","ast-hfb-below-header-display":"","ast-hfb-mobile-header-display":"","site-post-title":"","ast-breadcrumbs-content":"","ast-featured-img":"","footer-sml-layout":"","ast-disable-related-posts":"","theme-transparent-header-meta":"","adv-header-id-meta":"","stick-header-meta":"","header-above-stick-meta":"","header-main-stick-meta":"","header-below-stick-meta":"","astra-migrate-meta-layouts":"set","ast-page-background-enabled":"default","ast-page-background-meta":{"desktop":{"background-color":"","background-image":"","background-repeat":"repeat","background-position":"center center","background-size":"auto","background-attachment":"scroll","background-type":"","background-media":"","overlay-type":"","overlay-color":"","overlay-opacity":"","overlay-gradient":""},"tablet":{"background-color":"","background-image":"","background-repeat":"repeat","background-position":"center center","background-size":"auto","background-attachment":"scroll","background-type":"","background-media":"","overlay-type":"","overlay-color":"","overlay-opacity":"","overlay-gradient":""},"mobile":{"background-color":"","background-image":"","background-repeat":"repeat","background-position":"center center","background-size":"auto","background-attachment":"scroll","background-type":"","background-media":"","overlay-type":"","overlay-color":"","overlay-opacity":"","overlay-gradient":""}},"ast-content-background-meta":{"desktop":{"background-color":"var(--ast-global-color-5)","background-image":"","background-repeat":"repeat","background-position":"center center","background-size":"auto","background-attachment":"scroll","background-type":"","background-media":"","overlay-type":"","overlay-color":"","overlay-opacity":"","overlay-gradient":""},"tablet":{"background-color":"var(--ast-global-color-5)","background-image":"","background-repeat":"repeat","background-position":"center center","background-size":"auto","background-attachment":"scroll","background-type":"","background-media":"","overlay-type":"","overlay-color":"","overlay-opacity":"","overlay-gradient":""},"mobile":{"background-color":"var(--ast-global-color-5)","background-image":"","background-repeat":"repeat","background-position":"center center","background-size":"auto","background-attachment":"scroll","background-type":"","background-media":"","overlay-type":"","overlay-color":"","overlay-opacity":"","overlay-gradient":""}},"_jetpack_memberships_contains_paid_content":false,"_joinchat":[],"footnotes":""},"categories":[365,3557],"tags":[15658,3368,1533,15352,519,24703,8241,6676,4008,24702],"class_list":["post-103114","post","type-post","status-publish","format-standard","has-post-thumbnail","hentry","category-opinion","category-tercera","tag-davos","tag-ideologia","tag-izquierda","tag-milei","tag-politica","tag-progresismo","tag-racismo","tag-rebeldia","tag-trump","tag-woke"],"yoast_head":"<!-- This site is optimized with the Yoast SEO plugin v26.8 - https:\/\/yoast.com\/product\/yoast-seo-wordpress\/ -->\n<title>\u00a0[Opini\u00f3n] A Milei y Trump no les gusta: \u00bfQu\u00e9 es la ideolog\u00eda \u201cWOKE\u201d? - El Regional<\/title>\n<meta name=\"robots\" content=\"index, follow, max-snippet:-1, max-image-preview:large, max-video-preview:-1\" \/>\n<link rel=\"canonical\" href=\"https:\/\/elregionalvm.com.ar\/noticias-villa-maria\/opinion-a-milei-y-trump-no-les-gusta-que-es-la-ideologia-woke\/\" \/>\n<meta property=\"og:locale\" content=\"es_ES\" \/>\n<meta property=\"og:type\" content=\"article\" \/>\n<meta property=\"og:title\" content=\"\u00a0[Opini\u00f3n] A Milei y Trump no les gusta: \u00bfQu\u00e9 es la ideolog\u00eda \u201cWOKE\u201d? - El Regional\" \/>\n<meta property=\"og:description\" content=\"Escribe: Cristina Pablos \u201cWOKE\u201d (despierto, en ingl\u00e9s) es un t\u00e9rmino que, originado en EEUU inicialmente, se usaba para referirse a quienes se enfrentan o se mantienen alerta frente al racismo. Posteriormente, lleg\u00f3 a abarcar una conciencia de otras cuestiones de desigualdad social, por ejemplo: en relaci\u00f3n con el g\u00e9nero y la orientaci\u00f3n sexual. Desde finales [&hellip;]\" \/>\n<meta property=\"og:url\" content=\"https:\/\/elregionalvm.com.ar\/noticias-villa-maria\/opinion-a-milei-y-trump-no-les-gusta-que-es-la-ideologia-woke\/\" \/>\n<meta property=\"og:site_name\" content=\"El Regional\" \/>\n<meta property=\"article:publisher\" content=\"https:\/\/www.facebook.com\/elregionalvm\" \/>\n<meta property=\"article:published_time\" content=\"2025-02-05T17:17:09+00:00\" \/>\n<meta property=\"article:modified_time\" content=\"2025-02-13T18:00:56+00:00\" \/>\n<meta property=\"og:image\" content=\"https:\/\/elregionalvm.com.ar\/noticias-villa-maria\/wp-content\/uploads\/2025\/02\/Woke-cartel.jpg\" \/>\n\t<meta property=\"og:image:width\" content=\"1200\" \/>\n\t<meta property=\"og:image:height\" content=\"900\" \/>\n\t<meta property=\"og:image:type\" content=\"image\/jpeg\" \/>\n<meta name=\"author\" content=\"Germ\u00e1n Giacchero\" \/>\n<meta name=\"twitter:card\" content=\"summary_large_image\" \/>\n<meta name=\"twitter:creator\" content=\"@elregionalvm1\" \/>\n<meta name=\"twitter:site\" content=\"@elregionalvm1\" \/>\n<meta name=\"twitter:label1\" content=\"Escrito por\" \/>\n\t<meta name=\"twitter:data1\" content=\"Germ\u00e1n Giacchero\" \/>\n\t<meta name=\"twitter:label2\" content=\"Tiempo de lectura\" \/>\n\t<meta name=\"twitter:data2\" content=\"3 minutos\" \/>\n<script type=\"application\/ld+json\" class=\"yoast-schema-graph\">{\"@context\":\"https:\/\/schema.org\",\"@graph\":[{\"@type\":\"Article\",\"@id\":\"https:\/\/elregionalvm.com.ar\/noticias-villa-maria\/opinion-a-milei-y-trump-no-les-gusta-que-es-la-ideologia-woke\/#article\",\"isPartOf\":{\"@id\":\"https:\/\/elregionalvm.com.ar\/noticias-villa-maria\/opinion-a-milei-y-trump-no-les-gusta-que-es-la-ideologia-woke\/\"},\"author\":{\"name\":\"Germ\u00e1n Giacchero\",\"@id\":\"http:\/\/elregionalvm.com.ar\/noticias-villa-maria\/#\/schema\/person\/d5e4b04966154131701e52c45d3efec9\"},\"headline\":\"\u00a0[Opini\u00f3n] A Milei y Trump no les gusta: \u00bfQu\u00e9 es la ideolog\u00eda \u201cWOKE\u201d?\",\"datePublished\":\"2025-02-05T17:17:09+00:00\",\"dateModified\":\"2025-02-13T18:00:56+00:00\",\"mainEntityOfPage\":{\"@id\":\"https:\/\/elregionalvm.com.ar\/noticias-villa-maria\/opinion-a-milei-y-trump-no-les-gusta-que-es-la-ideologia-woke\/\"},\"wordCount\":413,\"commentCount\":0,\"image\":{\"@id\":\"https:\/\/elregionalvm.com.ar\/noticias-villa-maria\/opinion-a-milei-y-trump-no-les-gusta-que-es-la-ideologia-woke\/#primaryimage\"},\"thumbnailUrl\":\"https:\/\/i0.wp.com\/elregionalvm.com.ar\/noticias-villa-maria\/wp-content\/uploads\/2025\/02\/Woke-cartel.jpg?fit=1200%2C900&ssl=1\",\"keywords\":[\"Davos\",\"Ideolog\u00eda\",\"Izquierda\",\"Milei\",\"Pol\u00edtica\",\"progresismo\",\"racismo\",\"Rebeld\u00eda\",\"Trump\",\"woke\"],\"articleSection\":[\"Opini\u00f3n\",\"tercera\"],\"inLanguage\":\"es\",\"potentialAction\":[{\"@type\":\"CommentAction\",\"name\":\"Comment\",\"target\":[\"https:\/\/elregionalvm.com.ar\/noticias-villa-maria\/opinion-a-milei-y-trump-no-les-gusta-que-es-la-ideologia-woke\/#respond\"]}]},{\"@type\":\"WebPage\",\"@id\":\"https:\/\/elregionalvm.com.ar\/noticias-villa-maria\/opinion-a-milei-y-trump-no-les-gusta-que-es-la-ideologia-woke\/\",\"url\":\"https:\/\/elregionalvm.com.ar\/noticias-villa-maria\/opinion-a-milei-y-trump-no-les-gusta-que-es-la-ideologia-woke\/\",\"name\":\"\u00a0[Opini\u00f3n] A Milei y Trump no les gusta: \u00bfQu\u00e9 es la ideolog\u00eda \u201cWOKE\u201d? - El Regional\",\"isPartOf\":{\"@id\":\"http:\/\/elregionalvm.com.ar\/noticias-villa-maria\/#website\"},\"primaryImageOfPage\":{\"@id\":\"https:\/\/elregionalvm.com.ar\/noticias-villa-maria\/opinion-a-milei-y-trump-no-les-gusta-que-es-la-ideologia-woke\/#primaryimage\"},\"image\":{\"@id\":\"https:\/\/elregionalvm.com.ar\/noticias-villa-maria\/opinion-a-milei-y-trump-no-les-gusta-que-es-la-ideologia-woke\/#primaryimage\"},\"thumbnailUrl\":\"https:\/\/i0.wp.com\/elregionalvm.com.ar\/noticias-villa-maria\/wp-content\/uploads\/2025\/02\/Woke-cartel.jpg?fit=1200%2C900&ssl=1\",\"datePublished\":\"2025-02-05T17:17:09+00:00\",\"dateModified\":\"2025-02-13T18:00:56+00:00\",\"author\":{\"@id\":\"http:\/\/elregionalvm.com.ar\/noticias-villa-maria\/#\/schema\/person\/d5e4b04966154131701e52c45d3efec9\"},\"breadcrumb\":{\"@id\":\"https:\/\/elregionalvm.com.ar\/noticias-villa-maria\/opinion-a-milei-y-trump-no-les-gusta-que-es-la-ideologia-woke\/#breadcrumb\"},\"inLanguage\":\"es\",\"potentialAction\":[{\"@type\":\"ReadAction\",\"target\":[\"https:\/\/elregionalvm.com.ar\/noticias-villa-maria\/opinion-a-milei-y-trump-no-les-gusta-que-es-la-ideologia-woke\/\"]}]},{\"@type\":\"ImageObject\",\"inLanguage\":\"es\",\"@id\":\"https:\/\/elregionalvm.com.ar\/noticias-villa-maria\/opinion-a-milei-y-trump-no-les-gusta-que-es-la-ideologia-woke\/#primaryimage\",\"url\":\"https:\/\/i0.wp.com\/elregionalvm.com.ar\/noticias-villa-maria\/wp-content\/uploads\/2025\/02\/Woke-cartel.jpg?fit=1200%2C900&ssl=1\",\"contentUrl\":\"https:\/\/i0.wp.com\/elregionalvm.com.ar\/noticias-villa-maria\/wp-content\/uploads\/2025\/02\/Woke-cartel.jpg?fit=1200%2C900&ssl=1\",\"width\":1200,\"height\":900},{\"@type\":\"BreadcrumbList\",\"@id\":\"https:\/\/elregionalvm.com.ar\/noticias-villa-maria\/opinion-a-milei-y-trump-no-les-gusta-que-es-la-ideologia-woke\/#breadcrumb\",\"itemListElement\":[{\"@type\":\"ListItem\",\"position\":1,\"name\":\"Portada\",\"item\":\"https:\/\/elregionalvm.com.ar\/noticias-villa-maria\/\"},{\"@type\":\"ListItem\",\"position\":2,\"name\":\"\u00a0[Opini\u00f3n] A Milei y Trump no les gusta: \u00bfQu\u00e9 es la ideolog\u00eda \u201cWOKE\u201d?\"}]},{\"@type\":\"WebSite\",\"@id\":\"http:\/\/elregionalvm.com.ar\/noticias-villa-maria\/#website\",\"url\":\"http:\/\/elregionalvm.com.ar\/noticias-villa-maria\/\",\"name\":\"El Regional\",\"description\":\"Mucho m\u00e1s que informaci\u00f3n\",\"potentialAction\":[{\"@type\":\"SearchAction\",\"target\":{\"@type\":\"EntryPoint\",\"urlTemplate\":\"http:\/\/elregionalvm.com.ar\/noticias-villa-maria\/?s={search_term_string}\"},\"query-input\":{\"@type\":\"PropertyValueSpecification\",\"valueRequired\":true,\"valueName\":\"search_term_string\"}}],\"inLanguage\":\"es\"},{\"@type\":\"Person\",\"@id\":\"http:\/\/elregionalvm.com.ar\/noticias-villa-maria\/#\/schema\/person\/d5e4b04966154131701e52c45d3efec9\",\"name\":\"Germ\u00e1n Giacchero\",\"image\":{\"@type\":\"ImageObject\",\"inLanguage\":\"es\",\"@id\":\"http:\/\/elregionalvm.com.ar\/noticias-villa-maria\/#\/schema\/person\/image\/\",\"url\":\"https:\/\/secure.gravatar.com\/avatar\/fda163ba5ef0307ee5be9846e10f83b6e83d0cfb260d3b2464830318894c6b04?s=96&d=mm&r=g\",\"contentUrl\":\"https:\/\/secure.gravatar.com\/avatar\/fda163ba5ef0307ee5be9846e10f83b6e83d0cfb260d3b2464830318894c6b04?s=96&d=mm&r=g\",\"caption\":\"Germ\u00e1n Giacchero\"},\"url\":\"https:\/\/elregionalvm.com.ar\/noticias-villa-maria\/author\/germangiacchero\/\"}]}<\/script>\n<!-- \/ Yoast SEO plugin. -->","yoast_head_json":{"title":"\u00a0[Opini\u00f3n] A Milei y Trump no les gusta: \u00bfQu\u00e9 es la ideolog\u00eda \u201cWOKE\u201d? - El Regional","robots":{"index":"index","follow":"follow","max-snippet":"max-snippet:-1","max-image-preview":"max-image-preview:large","max-video-preview":"max-video-preview:-1"},"canonical":"https:\/\/elregionalvm.com.ar\/noticias-villa-maria\/opinion-a-milei-y-trump-no-les-gusta-que-es-la-ideologia-woke\/","og_locale":"es_ES","og_type":"article","og_title":"\u00a0[Opini\u00f3n] A Milei y Trump no les gusta: \u00bfQu\u00e9 es la ideolog\u00eda \u201cWOKE\u201d? - El Regional","og_description":"Escribe: Cristina Pablos \u201cWOKE\u201d (despierto, en ingl\u00e9s) es un t\u00e9rmino que, originado en EEUU inicialmente, se usaba para referirse a quienes se enfrentan o se mantienen alerta frente al racismo. Posteriormente, lleg\u00f3 a abarcar una conciencia de otras cuestiones de desigualdad social, por ejemplo: en relaci\u00f3n con el g\u00e9nero y la orientaci\u00f3n sexual. Desde finales [&hellip;]","og_url":"https:\/\/elregionalvm.com.ar\/noticias-villa-maria\/opinion-a-milei-y-trump-no-les-gusta-que-es-la-ideologia-woke\/","og_site_name":"El Regional","article_publisher":"https:\/\/www.facebook.com\/elregionalvm","article_published_time":"2025-02-05T17:17:09+00:00","article_modified_time":"2025-02-13T18:00:56+00:00","og_image":[{"width":1200,"height":900,"url":"https:\/\/elregionalvm.com.ar\/noticias-villa-maria\/wp-content\/uploads\/2025\/02\/Woke-cartel.jpg","type":"image\/jpeg"}],"author":"Germ\u00e1n Giacchero","twitter_card":"summary_large_image","twitter_creator":"@elregionalvm1","twitter_site":"@elregionalvm1","twitter_misc":{"Escrito por":"Germ\u00e1n Giacchero","Tiempo de lectura":"3 minutos"},"schema":{"@context":"https:\/\/schema.org","@graph":[{"@type":"Article","@id":"https:\/\/elregionalvm.com.ar\/noticias-villa-maria\/opinion-a-milei-y-trump-no-les-gusta-que-es-la-ideologia-woke\/#article","isPartOf":{"@id":"https:\/\/elregionalvm.com.ar\/noticias-villa-maria\/opinion-a-milei-y-trump-no-les-gusta-que-es-la-ideologia-woke\/"},"author":{"name":"Germ\u00e1n Giacchero","@id":"http:\/\/elregionalvm.com.ar\/noticias-villa-maria\/#\/schema\/person\/d5e4b04966154131701e52c45d3efec9"},"headline":"\u00a0[Opini\u00f3n] A Milei y Trump no les gusta: \u00bfQu\u00e9 es la ideolog\u00eda \u201cWOKE\u201d?","datePublished":"2025-02-05T17:17:09+00:00","dateModified":"2025-02-13T18:00:56+00:00","mainEntityOfPage":{"@id":"https:\/\/elregionalvm.com.ar\/noticias-villa-maria\/opinion-a-milei-y-trump-no-les-gusta-que-es-la-ideologia-woke\/"},"wordCount":413,"commentCount":0,"image":{"@id":"https:\/\/elregionalvm.com.ar\/noticias-villa-maria\/opinion-a-milei-y-trump-no-les-gusta-que-es-la-ideologia-woke\/#primaryimage"},"thumbnailUrl":"https:\/\/i0.wp.com\/elregionalvm.com.ar\/noticias-villa-maria\/wp-content\/uploads\/2025\/02\/Woke-cartel.jpg?fit=1200%2C900&ssl=1","keywords":["Davos","Ideolog\u00eda","Izquierda","Milei","Pol\u00edtica","progresismo","racismo","Rebeld\u00eda","Trump","woke"],"articleSection":["Opini\u00f3n","tercera"],"inLanguage":"es","potentialAction":[{"@type":"CommentAction","name":"Comment","target":["https:\/\/elregionalvm.com.ar\/noticias-villa-maria\/opinion-a-milei-y-trump-no-les-gusta-que-es-la-ideologia-woke\/#respond"]}]},{"@type":"WebPage","@id":"https:\/\/elregionalvm.com.ar\/noticias-villa-maria\/opinion-a-milei-y-trump-no-les-gusta-que-es-la-ideologia-woke\/","url":"https:\/\/elregionalvm.com.ar\/noticias-villa-maria\/opinion-a-milei-y-trump-no-les-gusta-que-es-la-ideologia-woke\/","name":"\u00a0[Opini\u00f3n] A Milei y Trump no les gusta: \u00bfQu\u00e9 es la ideolog\u00eda \u201cWOKE\u201d? - El Regional","isPartOf":{"@id":"http:\/\/elregionalvm.com.ar\/noticias-villa-maria\/#website"},"primaryImageOfPage":{"@id":"https:\/\/elregionalvm.com.ar\/noticias-villa-maria\/opinion-a-milei-y-trump-no-les-gusta-que-es-la-ideologia-woke\/#primaryimage"},"image":{"@id":"https:\/\/elregionalvm.com.ar\/noticias-villa-maria\/opinion-a-milei-y-trump-no-les-gusta-que-es-la-ideologia-woke\/#primaryimage"},"thumbnailUrl":"https:\/\/i0.wp.com\/elregionalvm.com.ar\/noticias-villa-maria\/wp-content\/uploads\/2025\/02\/Woke-cartel.jpg?fit=1200%2C900&ssl=1","datePublished":"2025-02-05T17:17:09+00:00","dateModified":"2025-02-13T18:00:56+00:00","author":{"@id":"http:\/\/elregionalvm.com.ar\/noticias-villa-maria\/#\/schema\/person\/d5e4b04966154131701e52c45d3efec9"},"breadcrumb":{"@id":"https:\/\/elregionalvm.com.ar\/noticias-villa-maria\/opinion-a-milei-y-trump-no-les-gusta-que-es-la-ideologia-woke\/#breadcrumb"},"inLanguage":"es","potentialAction":[{"@type":"ReadAction","target":["https:\/\/elregionalvm.com.ar\/noticias-villa-maria\/opinion-a-milei-y-trump-no-les-gusta-que-es-la-ideologia-woke\/"]}]},{"@type":"ImageObject","inLanguage":"es","@id":"https:\/\/elregionalvm.com.ar\/noticias-villa-maria\/opinion-a-milei-y-trump-no-les-gusta-que-es-la-ideologia-woke\/#primaryimage","url":"https:\/\/i0.wp.com\/elregionalvm.com.ar\/noticias-villa-maria\/wp-content\/uploads\/2025\/02\/Woke-cartel.jpg?fit=1200%2C900&ssl=1","contentUrl":"https:\/\/i0.wp.com\/elregionalvm.com.ar\/noticias-villa-maria\/wp-content\/uploads\/2025\/02\/Woke-cartel.jpg?fit=1200%2C900&ssl=1","width":1200,"height":900},{"@type":"BreadcrumbList","@id":"https:\/\/elregionalvm.com.ar\/noticias-villa-maria\/opinion-a-milei-y-trump-no-les-gusta-que-es-la-ideologia-woke\/#breadcrumb","itemListElement":[{"@type":"ListItem","position":1,"name":"Portada","item":"https:\/\/elregionalvm.com.ar\/noticias-villa-maria\/"},{"@type":"ListItem","position":2,"name":"\u00a0[Opini\u00f3n] A Milei y Trump no les gusta: \u00bfQu\u00e9 es la ideolog\u00eda \u201cWOKE\u201d?"}]},{"@type":"WebSite","@id":"http:\/\/elregionalvm.com.ar\/noticias-villa-maria\/#website","url":"http:\/\/elregionalvm.com.ar\/noticias-villa-maria\/","name":"El Regional","description":"Mucho m\u00e1s que informaci\u00f3n","potentialAction":[{"@type":"SearchAction","target":{"@type":"EntryPoint","urlTemplate":"http:\/\/elregionalvm.com.ar\/noticias-villa-maria\/?s={search_term_string}"},"query-input":{"@type":"PropertyValueSpecification","valueRequired":true,"valueName":"search_term_string"}}],"inLanguage":"es"},{"@type":"Person","@id":"http:\/\/elregionalvm.com.ar\/noticias-villa-maria\/#\/schema\/person\/d5e4b04966154131701e52c45d3efec9","name":"Germ\u00e1n Giacchero","image":{"@type":"ImageObject","inLanguage":"es","@id":"http:\/\/elregionalvm.com.ar\/noticias-villa-maria\/#\/schema\/person\/image\/","url":"https:\/\/secure.gravatar.com\/avatar\/fda163ba5ef0307ee5be9846e10f83b6e83d0cfb260d3b2464830318894c6b04?s=96&d=mm&r=g","contentUrl":"https:\/\/secure.gravatar.com\/avatar\/fda163ba5ef0307ee5be9846e10f83b6e83d0cfb260d3b2464830318894c6b04?s=96&d=mm&r=g","caption":"Germ\u00e1n Giacchero"},"url":"https:\/\/elregionalvm.com.ar\/noticias-villa-maria\/author\/germangiacchero\/"}]}},"jetpack_featured_media_url":"https:\/\/i0.wp.com\/elregionalvm.com.ar\/noticias-villa-maria\/wp-content\/uploads\/2025\/02\/Woke-cartel.jpg?fit=1200%2C900&ssl=1","jetpack_sharing_enabled":true,"_links":{"self":[{"href":"https:\/\/elregionalvm.com.ar\/noticias-villa-maria\/wp-json\/wp\/v2\/posts\/103114","targetHints":{"allow":["GET"]}}],"collection":[{"href":"https:\/\/elregionalvm.com.ar\/noticias-villa-maria\/wp-json\/wp\/v2\/posts"}],"about":[{"href":"https:\/\/elregionalvm.com.ar\/noticias-villa-maria\/wp-json\/wp\/v2\/types\/post"}],"author":[{"embeddable":true,"href":"https:\/\/elregionalvm.com.ar\/noticias-villa-maria\/wp-json\/wp\/v2\/users\/6"}],"replies":[{"embeddable":true,"href":"https:\/\/elregionalvm.com.ar\/noticias-villa-maria\/wp-json\/wp\/v2\/comments?post=103114"}],"version-history":[{"count":2,"href":"https:\/\/elregionalvm.com.ar\/noticias-villa-maria\/wp-json\/wp\/v2\/posts\/103114\/revisions"}],"predecessor-version":[{"id":103118,"href":"https:\/\/elregionalvm.com.ar\/noticias-villa-maria\/wp-json\/wp\/v2\/posts\/103114\/revisions\/103118"}],"wp:featuredmedia":[{"embeddable":true,"href":"https:\/\/elregionalvm.com.ar\/noticias-villa-maria\/wp-json\/wp\/v2\/media\/103116"}],"wp:attachment":[{"href":"https:\/\/elregionalvm.com.ar\/noticias-villa-maria\/wp-json\/wp\/v2\/media?parent=103114"}],"wp:term":[{"taxonomy":"category","embeddable":true,"href":"https:\/\/elregionalvm.com.ar\/noticias-villa-maria\/wp-json\/wp\/v2\/categories?post=103114"},{"taxonomy":"post_tag","embeddable":true,"href":"https:\/\/elregionalvm.com.ar\/noticias-villa-maria\/wp-json\/wp\/v2\/tags?post=103114"}],"curies":[{"name":"wp","href":"https:\/\/api.w.org\/{rel}","templated":true}]}}