{"id":103240,"date":"2025-02-11T15:19:59","date_gmt":"2025-02-11T15:19:59","guid":{"rendered":"https:\/\/elregionalvm.com.ar\/noticias-villa-maria\/?p=103240"},"modified":"2025-02-11T15:20:00","modified_gmt":"2025-02-11T15:20:00","slug":"accastello-recibio-al-ministro-de-cooperativas-y-mutuales-de-la-provincia-para-trabajar-en-materia-de-economia-social","status":"publish","type":"post","link":"https:\/\/elregionalvm.com.ar\/noticias-villa-maria\/accastello-recibio-al-ministro-de-cooperativas-y-mutuales-de-la-provincia-para-trabajar-en-materia-de-economia-social\/","title":{"rendered":"Accastello recibi\u00f3 al Ministro de Cooperativas y Mutuales de la Provincia, para trabajar en materia de econom\u00eda social"},"content":{"rendered":"\n<p>El intendente Eduardo Accastello recibi\u00f3 al ministro de Cooperativas y Mutuales de la provincia de C\u00f3rdoba, Gustavo Brand\u00e1n con motivo del Recorrido Pe\u00f1ero y el Festival de Pe\u00f1as.<\/p>\n\n\n\n<p>Juntos recorrieron el sector de emprendedores y los puntos gastron\u00f3micos del Recorrido, que revisten gran importancia para la econom\u00eda social local y regional. Luego, ingresaron al Anfiteatro para formar parte de la noche de la m\u00fasica tradicional cordobesa.&nbsp;<\/p>\n\n\n\n<p>Al respecto, durante la ronda de prensa, el jefe municipal Accastello expres\u00f3:<em><strong>&nbsp;\u00abTrabajamos en pol\u00edticas vinculadas con la econom\u00eda social y estoy muy agradecido, ya que adem\u00e1s de ser un gran amigo, un compa\u00f1ero, es un gran gestor que est\u00e1 cerca de los municipios . Realmente es un placer que nos pueda acompa\u00f1ar durante esta jornada\u00bb.<\/strong><\/em><\/p>\n\n\n\n<p>Acto seguido, el ministro Brand\u00e1n coment\u00f3:&nbsp;<em>\u00abCon este ministerio el gobernador Mart\u00edn Llaryora le brinda al sector cooperativo un lugar fundamental. En el interior las cooperativas son una herramienta clave para llevar adelante obras y proyectos a cada uno de los pueblos y ciudades. Ponemos el acento en un plan de igualaci\u00f3n territorial para que todas las regiones tengas oportunidades\u00bb.<\/em><\/p>\n","protected":false},"excerpt":{"rendered":"<p>El intendente Eduardo Accastello recibi\u00f3 al ministro de Cooperativas y Mutuales de la provincia de C\u00f3rdoba, Gustavo Brand\u00e1n con motivo del Recorrido Pe\u00f1ero y el Festival de Pe\u00f1as. Juntos recorrieron el sector de emprendedores y los puntos gastron\u00f3micos del Recorrido, que revisten gran importancia para la econom\u00eda social local y regional. Luego, ingresaron al Anfiteatro [&hellip;]<\/p>\n","protected":false},"author":4,"featured_media":103241,"comment_status":"open","ping_status":"open","sticky":false,"template":"","format":"standard","meta":{"site-sidebar-layout":"default","site-content-layout":"","ast-site-content-layout":"default","site-content-style":"default","site-sidebar-style":"default","ast-global-header-display":"","ast-banner-title-visibility":"","ast-main-header-display":"","ast-hfb-above-header-display":"","ast-hfb-below-header-display":"","ast-hfb-mobile-header-display":"","site-post-title":"","ast-breadcrumbs-content":"","ast-featured-img":"","footer-sml-layout":"","ast-disable-related-posts":"","theme-transparent-header-meta":"","adv-header-id-meta":"","stick-header-meta":"","header-above-stick-meta":"","header-main-stick-meta":"","header-below-stick-meta":"","astra-migrate-meta-layouts":"set","ast-page-background-enabled":"default","ast-page-background-meta":{"desktop":{"background-color":"","background-image":"","background-repeat":"repeat","background-position":"center center","background-size":"auto","background-attachment":"scroll","background-type":"","background-media":"","overlay-type":"","overlay-color":"","overlay-opacity":"","overlay-gradient":""},"tablet":{"background-color":"","background-image":"","background-repeat":"repeat","background-position":"center center","background-size":"auto","background-attachment":"scroll","background-type":"","background-media":"","overlay-type":"","overlay-color":"","overlay-opacity":"","overlay-gradient":""},"mobile":{"background-color":"","background-image":"","background-repeat":"repeat","background-position":"center center","background-size":"auto","background-attachment":"scroll","background-type":"","background-media":"","overlay-type":"","overlay-color":"","overlay-opacity":"","overlay-gradient":""}},"ast-content-background-meta":{"desktop":{"background-color":"var(--ast-global-color-5)","background-image":"","background-repeat":"repeat","background-position":"center center","background-size":"auto","background-attachment":"scroll","background-type":"","background-media":"","overlay-type":"","overlay-color":"","overlay-opacity":"","overlay-gradient":""},"tablet":{"background-color":"var(--ast-global-color-5)","background-image":"","background-repeat":"repeat","background-position":"center center","background-size":"auto","background-attachment":"scroll","background-type":"","background-media":"","overlay-type":"","overlay-color":"","overlay-opacity":"","overlay-gradient":""},"mobile":{"background-color":"var(--ast-global-color-5)","background-image":"","background-repeat":"repeat","background-position":"center center","background-size":"auto","background-attachment":"scroll","background-type":"","background-media":"","overlay-type":"","overlay-color":"","overlay-opacity":"","overlay-gradient":""}},"_jetpack_memberships_contains_paid_content":false,"_joinchat":[],"footnotes":""},"categories":[15302,5,2],"tags":[],"class_list":["post-103240","post","type-post","status-publish","format-standard","has-post-thumbnail","hentry","category-destacado","category-sociedad","category-villa-maria"],"yoast_head":"<!-- This site is optimized with the Yoast SEO plugin v26.8 - https:\/\/yoast.com\/product\/yoast-seo-wordpress\/ -->\n<title>Accastello recibi\u00f3 al Ministro de Cooperativas y Mutuales de la Provincia, para trabajar en materia de econom\u00eda social - El Regional<\/title>\n<meta name=\"robots\" content=\"index, follow, max-snippet:-1, max-image-preview:large, max-video-preview:-1\" \/>\n<link rel=\"canonical\" href=\"https:\/\/elregionalvm.com.ar\/noticias-villa-maria\/accastello-recibio-al-ministro-de-cooperativas-y-mutuales-de-la-provincia-para-trabajar-en-materia-de-economia-social\/\" \/>\n<meta property=\"og:locale\" content=\"es_ES\" \/>\n<meta property=\"og:type\" content=\"article\" \/>\n<meta property=\"og:title\" content=\"Accastello recibi\u00f3 al Ministro de Cooperativas y Mutuales de la Provincia, para trabajar en materia de econom\u00eda social - El Regional\" \/>\n<meta property=\"og:description\" content=\"El intendente Eduardo Accastello recibi\u00f3 al ministro de Cooperativas y Mutuales de la provincia de C\u00f3rdoba, Gustavo Brand\u00e1n con motivo del Recorrido Pe\u00f1ero y el Festival de Pe\u00f1as. Juntos recorrieron el sector de emprendedores y los puntos gastron\u00f3micos del Recorrido, que revisten gran importancia para la econom\u00eda social local y regional. Luego, ingresaron al Anfiteatro [&hellip;]\" \/>\n<meta property=\"og:url\" content=\"https:\/\/elregionalvm.com.ar\/noticias-villa-maria\/accastello-recibio-al-ministro-de-cooperativas-y-mutuales-de-la-provincia-para-trabajar-en-materia-de-economia-social\/\" \/>\n<meta property=\"og:site_name\" content=\"El Regional\" \/>\n<meta property=\"article:publisher\" content=\"https:\/\/www.facebook.com\/elregionalvm\" \/>\n<meta property=\"article:published_time\" content=\"2025-02-11T15:19:59+00:00\" \/>\n<meta property=\"article:modified_time\" content=\"2025-02-11T15:20:00+00:00\" \/>\n<meta property=\"og:image\" content=\"https:\/\/elregionalvm.com.ar\/noticias-villa-maria\/wp-content\/uploads\/2025\/02\/9c363c1712594555a584c10510a42b88.jpeg\" \/>\n\t<meta property=\"og:image:width\" content=\"800\" \/>\n\t<meta property=\"og:image:height\" content=\"600\" \/>\n\t<meta property=\"og:image:type\" content=\"image\/jpeg\" \/>\n<meta name=\"author\" content=\"Contenidos El Regional\" \/>\n<meta name=\"twitter:card\" content=\"summary_large_image\" \/>\n<meta name=\"twitter:creator\" content=\"@elregionalvm1\" \/>\n<meta name=\"twitter:site\" content=\"@elregionalvm1\" \/>\n<meta name=\"twitter:label1\" content=\"Escrito por\" \/>\n\t<meta name=\"twitter:data1\" content=\"Contenidos El Regional\" \/>\n\t<meta name=\"twitter:label2\" content=\"Tiempo de lectura\" \/>\n\t<meta name=\"twitter:data2\" content=\"2 minutos\" \/>\n<script type=\"application\/ld+json\" class=\"yoast-schema-graph\">{\"@context\":\"https:\/\/schema.org\",\"@graph\":[{\"@type\":\"Article\",\"@id\":\"https:\/\/elregionalvm.com.ar\/noticias-villa-maria\/accastello-recibio-al-ministro-de-cooperativas-y-mutuales-de-la-provincia-para-trabajar-en-materia-de-economia-social\/#article\",\"isPartOf\":{\"@id\":\"https:\/\/elregionalvm.com.ar\/noticias-villa-maria\/accastello-recibio-al-ministro-de-cooperativas-y-mutuales-de-la-provincia-para-trabajar-en-materia-de-economia-social\/\"},\"author\":{\"name\":\"Contenidos El Regional\",\"@id\":\"http:\/\/elregionalvm.com.ar\/noticias-villa-maria\/#\/schema\/person\/a0fb9c422317faca23d50163151bc354\"},\"headline\":\"Accastello recibi\u00f3 al Ministro de Cooperativas y Mutuales de la Provincia, para trabajar en materia de econom\u00eda social\",\"datePublished\":\"2025-02-11T15:19:59+00:00\",\"dateModified\":\"2025-02-11T15:20:00+00:00\",\"mainEntityOfPage\":{\"@id\":\"https:\/\/elregionalvm.com.ar\/noticias-villa-maria\/accastello-recibio-al-ministro-de-cooperativas-y-mutuales-de-la-provincia-para-trabajar-en-materia-de-economia-social\/\"},\"wordCount\":218,\"commentCount\":0,\"image\":{\"@id\":\"https:\/\/elregionalvm.com.ar\/noticias-villa-maria\/accastello-recibio-al-ministro-de-cooperativas-y-mutuales-de-la-provincia-para-trabajar-en-materia-de-economia-social\/#primaryimage\"},\"thumbnailUrl\":\"https:\/\/i0.wp.com\/elregionalvm.com.ar\/noticias-villa-maria\/wp-content\/uploads\/2025\/02\/9c363c1712594555a584c10510a42b88.jpeg?fit=800%2C600&ssl=1\",\"articleSection\":[\"destacado\",\"Sociedad\",\"Villa Mar\u00eda\"],\"inLanguage\":\"es\",\"potentialAction\":[{\"@type\":\"CommentAction\",\"name\":\"Comment\",\"target\":[\"https:\/\/elregionalvm.com.ar\/noticias-villa-maria\/accastello-recibio-al-ministro-de-cooperativas-y-mutuales-de-la-provincia-para-trabajar-en-materia-de-economia-social\/#respond\"]}]},{\"@type\":\"WebPage\",\"@id\":\"https:\/\/elregionalvm.com.ar\/noticias-villa-maria\/accastello-recibio-al-ministro-de-cooperativas-y-mutuales-de-la-provincia-para-trabajar-en-materia-de-economia-social\/\",\"url\":\"https:\/\/elregionalvm.com.ar\/noticias-villa-maria\/accastello-recibio-al-ministro-de-cooperativas-y-mutuales-de-la-provincia-para-trabajar-en-materia-de-economia-social\/\",\"name\":\"Accastello recibi\u00f3 al Ministro de Cooperativas y Mutuales de la Provincia, para trabajar en materia de econom\u00eda social - El Regional\",\"isPartOf\":{\"@id\":\"http:\/\/elregionalvm.com.ar\/noticias-villa-maria\/#website\"},\"primaryImageOfPage\":{\"@id\":\"https:\/\/elregionalvm.com.ar\/noticias-villa-maria\/accastello-recibio-al-ministro-de-cooperativas-y-mutuales-de-la-provincia-para-trabajar-en-materia-de-economia-social\/#primaryimage\"},\"image\":{\"@id\":\"https:\/\/elregionalvm.com.ar\/noticias-villa-maria\/accastello-recibio-al-ministro-de-cooperativas-y-mutuales-de-la-provincia-para-trabajar-en-materia-de-economia-social\/#primaryimage\"},\"thumbnailUrl\":\"https:\/\/i0.wp.com\/elregionalvm.com.ar\/noticias-villa-maria\/wp-content\/uploads\/2025\/02\/9c363c1712594555a584c10510a42b88.jpeg?fit=800%2C600&ssl=1\",\"datePublished\":\"2025-02-11T15:19:59+00:00\",\"dateModified\":\"2025-02-11T15:20:00+00:00\",\"author\":{\"@id\":\"http:\/\/elregionalvm.com.ar\/noticias-villa-maria\/#\/schema\/person\/a0fb9c422317faca23d50163151bc354\"},\"breadcrumb\":{\"@id\":\"https:\/\/elregionalvm.com.ar\/noticias-villa-maria\/accastello-recibio-al-ministro-de-cooperativas-y-mutuales-de-la-provincia-para-trabajar-en-materia-de-economia-social\/#breadcrumb\"},\"inLanguage\":\"es\",\"potentialAction\":[{\"@type\":\"ReadAction\",\"target\":[\"https:\/\/elregionalvm.com.ar\/noticias-villa-maria\/accastello-recibio-al-ministro-de-cooperativas-y-mutuales-de-la-provincia-para-trabajar-en-materia-de-economia-social\/\"]}]},{\"@type\":\"ImageObject\",\"inLanguage\":\"es\",\"@id\":\"https:\/\/elregionalvm.com.ar\/noticias-villa-maria\/accastello-recibio-al-ministro-de-cooperativas-y-mutuales-de-la-provincia-para-trabajar-en-materia-de-economia-social\/#primaryimage\",\"url\":\"https:\/\/i0.wp.com\/elregionalvm.com.ar\/noticias-villa-maria\/wp-content\/uploads\/2025\/02\/9c363c1712594555a584c10510a42b88.jpeg?fit=800%2C600&ssl=1\",\"contentUrl\":\"https:\/\/i0.wp.com\/elregionalvm.com.ar\/noticias-villa-maria\/wp-content\/uploads\/2025\/02\/9c363c1712594555a584c10510a42b88.jpeg?fit=800%2C600&ssl=1\",\"width\":800,\"height\":600},{\"@type\":\"BreadcrumbList\",\"@id\":\"https:\/\/elregionalvm.com.ar\/noticias-villa-maria\/accastello-recibio-al-ministro-de-cooperativas-y-mutuales-de-la-provincia-para-trabajar-en-materia-de-economia-social\/#breadcrumb\",\"itemListElement\":[{\"@type\":\"ListItem\",\"position\":1,\"name\":\"Portada\",\"item\":\"https:\/\/elregionalvm.com.ar\/noticias-villa-maria\/\"},{\"@type\":\"ListItem\",\"position\":2,\"name\":\"Accastello recibi\u00f3 al Ministro de Cooperativas y Mutuales de la Provincia, para trabajar en materia de econom\u00eda social\"}]},{\"@type\":\"WebSite\",\"@id\":\"http:\/\/elregionalvm.com.ar\/noticias-villa-maria\/#website\",\"url\":\"http:\/\/elregionalvm.com.ar\/noticias-villa-maria\/\",\"name\":\"El Regional\",\"description\":\"Mucho m\u00e1s que informaci\u00f3n\",\"potentialAction\":[{\"@type\":\"SearchAction\",\"target\":{\"@type\":\"EntryPoint\",\"urlTemplate\":\"http:\/\/elregionalvm.com.ar\/noticias-villa-maria\/?s={search_term_string}\"},\"query-input\":{\"@type\":\"PropertyValueSpecification\",\"valueRequired\":true,\"valueName\":\"search_term_string\"}}],\"inLanguage\":\"es\"},{\"@type\":\"Person\",\"@id\":\"http:\/\/elregionalvm.com.ar\/noticias-villa-maria\/#\/schema\/person\/a0fb9c422317faca23d50163151bc354\",\"name\":\"Contenidos El Regional\",\"image\":{\"@type\":\"ImageObject\",\"inLanguage\":\"es\",\"@id\":\"http:\/\/elregionalvm.com.ar\/noticias-villa-maria\/#\/schema\/person\/image\/\",\"url\":\"https:\/\/secure.gravatar.com\/avatar\/265b27cb2209af7bb3a1318f03305787d7981a5cc6e6cd08fe5a4ecdf99d4b48?s=96&d=mm&r=g\",\"contentUrl\":\"https:\/\/secure.gravatar.com\/avatar\/265b27cb2209af7bb3a1318f03305787d7981a5cc6e6cd08fe5a4ecdf99d4b48?s=96&d=mm&r=g\",\"caption\":\"Contenidos El Regional\"},\"url\":\"https:\/\/elregionalvm.com.ar\/noticias-villa-maria\/author\/contenido\/\"}]}<\/script>\n<!-- \/ Yoast SEO plugin. -->","yoast_head_json":{"title":"Accastello recibi\u00f3 al Ministro de Cooperativas y Mutuales de la Provincia, para trabajar en materia de econom\u00eda social - El Regional","robots":{"index":"index","follow":"follow","max-snippet":"max-snippet:-1","max-image-preview":"max-image-preview:large","max-video-preview":"max-video-preview:-1"},"canonical":"https:\/\/elregionalvm.com.ar\/noticias-villa-maria\/accastello-recibio-al-ministro-de-cooperativas-y-mutuales-de-la-provincia-para-trabajar-en-materia-de-economia-social\/","og_locale":"es_ES","og_type":"article","og_title":"Accastello recibi\u00f3 al Ministro de Cooperativas y Mutuales de la Provincia, para trabajar en materia de econom\u00eda social - El Regional","og_description":"El intendente Eduardo Accastello recibi\u00f3 al ministro de Cooperativas y Mutuales de la provincia de C\u00f3rdoba, Gustavo Brand\u00e1n con motivo del Recorrido Pe\u00f1ero y el Festival de Pe\u00f1as. Juntos recorrieron el sector de emprendedores y los puntos gastron\u00f3micos del Recorrido, que revisten gran importancia para la econom\u00eda social local y regional. Luego, ingresaron al Anfiteatro [&hellip;]","og_url":"https:\/\/elregionalvm.com.ar\/noticias-villa-maria\/accastello-recibio-al-ministro-de-cooperativas-y-mutuales-de-la-provincia-para-trabajar-en-materia-de-economia-social\/","og_site_name":"El Regional","article_publisher":"https:\/\/www.facebook.com\/elregionalvm","article_published_time":"2025-02-11T15:19:59+00:00","article_modified_time":"2025-02-11T15:20:00+00:00","og_image":[{"width":800,"height":600,"url":"https:\/\/elregionalvm.com.ar\/noticias-villa-maria\/wp-content\/uploads\/2025\/02\/9c363c1712594555a584c10510a42b88.jpeg","type":"image\/jpeg"}],"author":"Contenidos El Regional","twitter_card":"summary_large_image","twitter_creator":"@elregionalvm1","twitter_site":"@elregionalvm1","twitter_misc":{"Escrito por":"Contenidos El Regional","Tiempo de lectura":"2 minutos"},"schema":{"@context":"https:\/\/schema.org","@graph":[{"@type":"Article","@id":"https:\/\/elregionalvm.com.ar\/noticias-villa-maria\/accastello-recibio-al-ministro-de-cooperativas-y-mutuales-de-la-provincia-para-trabajar-en-materia-de-economia-social\/#article","isPartOf":{"@id":"https:\/\/elregionalvm.com.ar\/noticias-villa-maria\/accastello-recibio-al-ministro-de-cooperativas-y-mutuales-de-la-provincia-para-trabajar-en-materia-de-economia-social\/"},"author":{"name":"Contenidos El Regional","@id":"http:\/\/elregionalvm.com.ar\/noticias-villa-maria\/#\/schema\/person\/a0fb9c422317faca23d50163151bc354"},"headline":"Accastello recibi\u00f3 al Ministro de Cooperativas y Mutuales de la Provincia, para trabajar en materia de econom\u00eda social","datePublished":"2025-02-11T15:19:59+00:00","dateModified":"2025-02-11T15:20:00+00:00","mainEntityOfPage":{"@id":"https:\/\/elregionalvm.com.ar\/noticias-villa-maria\/accastello-recibio-al-ministro-de-cooperativas-y-mutuales-de-la-provincia-para-trabajar-en-materia-de-economia-social\/"},"wordCount":218,"commentCount":0,"image":{"@id":"https:\/\/elregionalvm.com.ar\/noticias-villa-maria\/accastello-recibio-al-ministro-de-cooperativas-y-mutuales-de-la-provincia-para-trabajar-en-materia-de-economia-social\/#primaryimage"},"thumbnailUrl":"https:\/\/i0.wp.com\/elregionalvm.com.ar\/noticias-villa-maria\/wp-content\/uploads\/2025\/02\/9c363c1712594555a584c10510a42b88.jpeg?fit=800%2C600&ssl=1","articleSection":["destacado","Sociedad","Villa Mar\u00eda"],"inLanguage":"es","potentialAction":[{"@type":"CommentAction","name":"Comment","target":["https:\/\/elregionalvm.com.ar\/noticias-villa-maria\/accastello-recibio-al-ministro-de-cooperativas-y-mutuales-de-la-provincia-para-trabajar-en-materia-de-economia-social\/#respond"]}]},{"@type":"WebPage","@id":"https:\/\/elregionalvm.com.ar\/noticias-villa-maria\/accastello-recibio-al-ministro-de-cooperativas-y-mutuales-de-la-provincia-para-trabajar-en-materia-de-economia-social\/","url":"https:\/\/elregionalvm.com.ar\/noticias-villa-maria\/accastello-recibio-al-ministro-de-cooperativas-y-mutuales-de-la-provincia-para-trabajar-en-materia-de-economia-social\/","name":"Accastello recibi\u00f3 al Ministro de Cooperativas y Mutuales de la Provincia, para trabajar en materia de econom\u00eda social - El Regional","isPartOf":{"@id":"http:\/\/elregionalvm.com.ar\/noticias-villa-maria\/#website"},"primaryImageOfPage":{"@id":"https:\/\/elregionalvm.com.ar\/noticias-villa-maria\/accastello-recibio-al-ministro-de-cooperativas-y-mutuales-de-la-provincia-para-trabajar-en-materia-de-economia-social\/#primaryimage"},"image":{"@id":"https:\/\/elregionalvm.com.ar\/noticias-villa-maria\/accastello-recibio-al-ministro-de-cooperativas-y-mutuales-de-la-provincia-para-trabajar-en-materia-de-economia-social\/#primaryimage"},"thumbnailUrl":"https:\/\/i0.wp.com\/elregionalvm.com.ar\/noticias-villa-maria\/wp-content\/uploads\/2025\/02\/9c363c1712594555a584c10510a42b88.jpeg?fit=800%2C600&ssl=1","datePublished":"2025-02-11T15:19:59+00:00","dateModified":"2025-02-11T15:20:00+00:00","author":{"@id":"http:\/\/elregionalvm.com.ar\/noticias-villa-maria\/#\/schema\/person\/a0fb9c422317faca23d50163151bc354"},"breadcrumb":{"@id":"https:\/\/elregionalvm.com.ar\/noticias-villa-maria\/accastello-recibio-al-ministro-de-cooperativas-y-mutuales-de-la-provincia-para-trabajar-en-materia-de-economia-social\/#breadcrumb"},"inLanguage":"es","potentialAction":[{"@type":"ReadAction","target":["https:\/\/elregionalvm.com.ar\/noticias-villa-maria\/accastello-recibio-al-ministro-de-cooperativas-y-mutuales-de-la-provincia-para-trabajar-en-materia-de-economia-social\/"]}]},{"@type":"ImageObject","inLanguage":"es","@id":"https:\/\/elregionalvm.com.ar\/noticias-villa-maria\/accastello-recibio-al-ministro-de-cooperativas-y-mutuales-de-la-provincia-para-trabajar-en-materia-de-economia-social\/#primaryimage","url":"https:\/\/i0.wp.com\/elregionalvm.com.ar\/noticias-villa-maria\/wp-content\/uploads\/2025\/02\/9c363c1712594555a584c10510a42b88.jpeg?fit=800%2C600&ssl=1","contentUrl":"https:\/\/i0.wp.com\/elregionalvm.com.ar\/noticias-villa-maria\/wp-content\/uploads\/2025\/02\/9c363c1712594555a584c10510a42b88.jpeg?fit=800%2C600&ssl=1","width":800,"height":600},{"@type":"BreadcrumbList","@id":"https:\/\/elregionalvm.com.ar\/noticias-villa-maria\/accastello-recibio-al-ministro-de-cooperativas-y-mutuales-de-la-provincia-para-trabajar-en-materia-de-economia-social\/#breadcrumb","itemListElement":[{"@type":"ListItem","position":1,"name":"Portada","item":"https:\/\/elregionalvm.com.ar\/noticias-villa-maria\/"},{"@type":"ListItem","position":2,"name":"Accastello recibi\u00f3 al Ministro de Cooperativas y Mutuales de la Provincia, para trabajar en materia de econom\u00eda social"}]},{"@type":"WebSite","@id":"http:\/\/elregionalvm.com.ar\/noticias-villa-maria\/#website","url":"http:\/\/elregionalvm.com.ar\/noticias-villa-maria\/","name":"El Regional","description":"Mucho m\u00e1s que informaci\u00f3n","potentialAction":[{"@type":"SearchAction","target":{"@type":"EntryPoint","urlTemplate":"http:\/\/elregionalvm.com.ar\/noticias-villa-maria\/?s={search_term_string}"},"query-input":{"@type":"PropertyValueSpecification","valueRequired":true,"valueName":"search_term_string"}}],"inLanguage":"es"},{"@type":"Person","@id":"http:\/\/elregionalvm.com.ar\/noticias-villa-maria\/#\/schema\/person\/a0fb9c422317faca23d50163151bc354","name":"Contenidos El Regional","image":{"@type":"ImageObject","inLanguage":"es","@id":"http:\/\/elregionalvm.com.ar\/noticias-villa-maria\/#\/schema\/person\/image\/","url":"https:\/\/secure.gravatar.com\/avatar\/265b27cb2209af7bb3a1318f03305787d7981a5cc6e6cd08fe5a4ecdf99d4b48?s=96&d=mm&r=g","contentUrl":"https:\/\/secure.gravatar.com\/avatar\/265b27cb2209af7bb3a1318f03305787d7981a5cc6e6cd08fe5a4ecdf99d4b48?s=96&d=mm&r=g","caption":"Contenidos El Regional"},"url":"https:\/\/elregionalvm.com.ar\/noticias-villa-maria\/author\/contenido\/"}]}},"jetpack_featured_media_url":"https:\/\/i0.wp.com\/elregionalvm.com.ar\/noticias-villa-maria\/wp-content\/uploads\/2025\/02\/9c363c1712594555a584c10510a42b88.jpeg?fit=800%2C600&ssl=1","jetpack_sharing_enabled":true,"_links":{"self":[{"href":"https:\/\/elregionalvm.com.ar\/noticias-villa-maria\/wp-json\/wp\/v2\/posts\/103240","targetHints":{"allow":["GET"]}}],"collection":[{"href":"https:\/\/elregionalvm.com.ar\/noticias-villa-maria\/wp-json\/wp\/v2\/posts"}],"about":[{"href":"https:\/\/elregionalvm.com.ar\/noticias-villa-maria\/wp-json\/wp\/v2\/types\/post"}],"author":[{"embeddable":true,"href":"https:\/\/elregionalvm.com.ar\/noticias-villa-maria\/wp-json\/wp\/v2\/users\/4"}],"replies":[{"embeddable":true,"href":"https:\/\/elregionalvm.com.ar\/noticias-villa-maria\/wp-json\/wp\/v2\/comments?post=103240"}],"version-history":[{"count":1,"href":"https:\/\/elregionalvm.com.ar\/noticias-villa-maria\/wp-json\/wp\/v2\/posts\/103240\/revisions"}],"predecessor-version":[{"id":103242,"href":"https:\/\/elregionalvm.com.ar\/noticias-villa-maria\/wp-json\/wp\/v2\/posts\/103240\/revisions\/103242"}],"wp:featuredmedia":[{"embeddable":true,"href":"https:\/\/elregionalvm.com.ar\/noticias-villa-maria\/wp-json\/wp\/v2\/media\/103241"}],"wp:attachment":[{"href":"https:\/\/elregionalvm.com.ar\/noticias-villa-maria\/wp-json\/wp\/v2\/media?parent=103240"}],"wp:term":[{"taxonomy":"category","embeddable":true,"href":"https:\/\/elregionalvm.com.ar\/noticias-villa-maria\/wp-json\/wp\/v2\/categories?post=103240"},{"taxonomy":"post_tag","embeddable":true,"href":"https:\/\/elregionalvm.com.ar\/noticias-villa-maria\/wp-json\/wp\/v2\/tags?post=103240"}],"curies":[{"name":"wp","href":"https:\/\/api.w.org\/{rel}","templated":true}]}}