{"id":103243,"date":"2025-02-11T15:41:37","date_gmt":"2025-02-11T15:41:37","guid":{"rendered":"https:\/\/elregionalvm.com.ar\/noticias-villa-maria\/?p=103243"},"modified":"2025-02-11T15:41:38","modified_gmt":"2025-02-11T15:41:38","slug":"unvm-se-encuentran-abiertas-las-incscripciones-para-el-curso-profesional","status":"publish","type":"post","link":"https:\/\/elregionalvm.com.ar\/noticias-villa-maria\/unvm-se-encuentran-abiertas-las-incscripciones-para-el-curso-profesional\/","title":{"rendered":"UNVM: Se encuentran abiertas las incscripciones para el Curso Profesional"},"content":{"rendered":"\n<p>El Instituto de Ciencias Humanas de la Universidad Nacional de Villa Mar\u00eda (UNVM) en conjunto con la Liga Villamariense de F\u00fatbol, la Liga Villamariense de Baby F\u00fatbol y la Fundaci\u00f3n UNVM abrieron las inscripciones 2025 para el Curso Profesional de Entrenadores\/as de F\u00fatbol, que ser\u00e1 de modalidad presencial\/virtual y comenzar\u00e1 a partir del 10 de marzo.<\/p>\n\n\n\n<p>A trav\u00e9s de una conferencia de prensa, las diferentes instituciones participantes presentaron lo que ser\u00e1 el tercer a\u00f1o consecutivo de esta formaci\u00f3n para entrenadores de f\u00fatbol en sus diferentes niveles. Estuvieron presentes la decana del Instituto de Humanas Daniela Dubois, el presidente de la Liga Villamariense de F\u00fatbol Lucas Martinetti, la presidenta de la Liga Villamariense de Baby F\u00fatbol Paola Peralta y Mat\u00edas Carrizo de la Fundaci\u00f3n de la Universidad Nacional de Villa Mar\u00eda.<\/p>\n\n\n\n<p>La formaci\u00f3n est\u00e1 avalada por la Asociaci\u00f3n de T\u00e9cnicos del F\u00fatbol Argentina (ATFA) como Escuela Oficial bajo el n\u00famero de inscripci\u00f3n 238. Ser\u00e1 dictada en el Campus de la UNVM con instancias virtuales y coordinada por Jos\u00e9 Suarez, responsable del \u00e1rea de entrenadores.<\/p>\n\n\n\n<p>En esta ocasi\u00f3n, se dictar\u00e1 la Licencia \u00abC\u00bb (formaci\u00f3n para futbol de base hasta 12 a\u00f1os) y la Licencia \u00abA\u00bb (habilita a dirigir desde sub 16).<\/p>\n\n\n\n<p>La decana de Humanas, Daniela Dubois coment\u00f3: \u00abEste tipo de propuestas permiten jerarquizar tanto la Liga Villamariense como la Liga de Baby F\u00fatbol, sobre todo en la formaci\u00f3n de ni\u00f1os, adolescentes y j\u00f3venes. Este es un ejemplo m\u00e1s de la importancia de articular entre diferentes instituciones con intereses en com\u00fan para el crecimiento de nuestra comunidad\u00bb, y agreg\u00f3: \u00abDesde Humanas aportamos nuestros docentes los\/as cu\u00e1les consideramos que est\u00e1n m\u00e1s que capacitados para brindar herramientas y conocimiento en estas tem\u00e1ticas deportivas\u00bb.<\/p>\n\n\n\n<p>Por otra parte, el presidente de la liga Lucas Martinetti expres\u00f3: \u00abEs un orgullo como villamariense tener un curso profesional de este nivel, que certifica la tarea de entrenadores a nivel local, regional y nacional\u00bb, y concluy\u00f3: \u00abHemos hablado con los diferentes clubes para hacer obligatorio que los entrenadores tengan este curso hecho o lo esten cursando para poder dirigir, ya que de esta manera enriquecemos la calidad de nuestra liga, tanto en el profesionalismo como en lo que podemos brindar a los futbolistas de las diferentes edades\u00bb.<\/p>\n\n\n\n<p>En cuanto a los requisitos hay que tener en cuenta que se debe ser mayor de 18 a\u00f1os de edad, tener el secundario completo o tener aprobado el 75 por ciento de dicho nivel educativo. Por otro lado, los mayores de 25 a\u00f1os de edad con secundario incompleto pueden acceder a realizar el curso rindiendo un examen de ingreso.<\/p>\n\n\n\n<p>Por otro lado, a la documentaci\u00f3n a presentar se debe entregar una foto carnet (4\u00d74), Fotocopia o foto del DNI o pasaporte extranjero, fotocopia o foto del titulo anal\u00edtico de estudios secundarios, certificado de apto m\u00e9dico que los autorice a realizar ejercicios f\u00edsicos, emitido por un m\u00e9dico y sellado por el profesional de la salud.<\/p>\n\n\n\n<p>El cuerpo docente est\u00e1 compuesto por Mart\u00edn Conti, Jorge Alfonso, Jos\u00e9 Mart\u00ednez, Luciano Pereyra, David Reano, Juan Capelli, Carolina Bernardi, entre otros.<\/p>\n\n\n\n<p>*ARANCELES:<\/p>\n\n\n\n<p>-Inscripci\u00f3n: $75.000<\/p>\n\n\n\n<p>-Cuota: $75.000<\/p>\n\n\n\n<p>*Los aranceles pueden sufrir variaciones seg\u00fan las disposiciones de ATFA de acuerdo a la inflaci\u00f3n del periodo.<\/p>\n\n\n\n<p>*INSCRIPCIONES: bit.ly\/curso-entrenadores-2025<\/p>\n\n\n\n<p>*CONSULTAS: lvfcarreras@gmail.com<\/p>\n","protected":false},"excerpt":{"rendered":"<p>El Instituto de Ciencias Humanas de la Universidad Nacional de Villa Mar\u00eda (UNVM) en conjunto con la Liga Villamariense de F\u00fatbol, la Liga Villamariense de Baby F\u00fatbol y la Fundaci\u00f3n UNVM abrieron las inscripciones 2025 para el Curso Profesional de Entrenadores\/as de F\u00fatbol, que ser\u00e1 de modalidad presencial\/virtual y comenzar\u00e1 a partir del 10 de [&hellip;]<\/p>\n","protected":false},"author":4,"featured_media":103244,"comment_status":"open","ping_status":"open","sticky":false,"template":"","format":"standard","meta":{"site-sidebar-layout":"default","site-content-layout":"","ast-site-content-layout":"default","site-content-style":"default","site-sidebar-style":"default","ast-global-header-display":"","ast-banner-title-visibility":"","ast-main-header-display":"","ast-hfb-above-header-display":"","ast-hfb-below-header-display":"","ast-hfb-mobile-header-display":"","site-post-title":"","ast-breadcrumbs-content":"","ast-featured-img":"","footer-sml-layout":"","ast-disable-related-posts":"","theme-transparent-header-meta":"","adv-header-id-meta":"","stick-header-meta":"","header-above-stick-meta":"","header-main-stick-meta":"","header-below-stick-meta":"","astra-migrate-meta-layouts":"set","ast-page-background-enabled":"default","ast-page-background-meta":{"desktop":{"background-color":"","background-image":"","background-repeat":"repeat","background-position":"center center","background-size":"auto","background-attachment":"scroll","background-type":"","background-media":"","overlay-type":"","overlay-color":"","overlay-opacity":"","overlay-gradient":""},"tablet":{"background-color":"","background-image":"","background-repeat":"repeat","background-position":"center center","background-size":"auto","background-attachment":"scroll","background-type":"","background-media":"","overlay-type":"","overlay-color":"","overlay-opacity":"","overlay-gradient":""},"mobile":{"background-color":"","background-image":"","background-repeat":"repeat","background-position":"center center","background-size":"auto","background-attachment":"scroll","background-type":"","background-media":"","overlay-type":"","overlay-color":"","overlay-opacity":"","overlay-gradient":""}},"ast-content-background-meta":{"desktop":{"background-color":"var(--ast-global-color-5)","background-image":"","background-repeat":"repeat","background-position":"center center","background-size":"auto","background-attachment":"scroll","background-type":"","background-media":"","overlay-type":"","overlay-color":"","overlay-opacity":"","overlay-gradient":""},"tablet":{"background-color":"var(--ast-global-color-5)","background-image":"","background-repeat":"repeat","background-position":"center center","background-size":"auto","background-attachment":"scroll","background-type":"","background-media":"","overlay-type":"","overlay-color":"","overlay-opacity":"","overlay-gradient":""},"mobile":{"background-color":"var(--ast-global-color-5)","background-image":"","background-repeat":"repeat","background-position":"center center","background-size":"auto","background-attachment":"scroll","background-type":"","background-media":"","overlay-type":"","overlay-color":"","overlay-opacity":"","overlay-gradient":""}},"_jetpack_memberships_contains_paid_content":false,"_joinchat":[],"footnotes":""},"categories":[15302,5,2],"tags":[],"class_list":["post-103243","post","type-post","status-publish","format-standard","has-post-thumbnail","hentry","category-destacado","category-sociedad","category-villa-maria"],"yoast_head":"<!-- This site is optimized with the Yoast SEO plugin v26.8 - https:\/\/yoast.com\/product\/yoast-seo-wordpress\/ -->\n<title>UNVM: Se encuentran abiertas las incscripciones para el Curso Profesional - El Regional<\/title>\n<meta name=\"robots\" content=\"index, follow, max-snippet:-1, max-image-preview:large, max-video-preview:-1\" \/>\n<link rel=\"canonical\" href=\"https:\/\/elregionalvm.com.ar\/noticias-villa-maria\/unvm-se-encuentran-abiertas-las-incscripciones-para-el-curso-profesional\/\" \/>\n<meta property=\"og:locale\" content=\"es_ES\" \/>\n<meta property=\"og:type\" content=\"article\" \/>\n<meta property=\"og:title\" content=\"UNVM: Se encuentran abiertas las incscripciones para el Curso Profesional - El Regional\" \/>\n<meta property=\"og:description\" content=\"El Instituto de Ciencias Humanas de la Universidad Nacional de Villa Mar\u00eda (UNVM) en conjunto con la Liga Villamariense de F\u00fatbol, la Liga Villamariense de Baby F\u00fatbol y la Fundaci\u00f3n UNVM abrieron las inscripciones 2025 para el Curso Profesional de Entrenadores\/as de F\u00fatbol, que ser\u00e1 de modalidad presencial\/virtual y comenzar\u00e1 a partir del 10 de [&hellip;]\" \/>\n<meta property=\"og:url\" content=\"https:\/\/elregionalvm.com.ar\/noticias-villa-maria\/unvm-se-encuentran-abiertas-las-incscripciones-para-el-curso-profesional\/\" \/>\n<meta property=\"og:site_name\" content=\"El Regional\" \/>\n<meta property=\"article:publisher\" content=\"https:\/\/www.facebook.com\/elregionalvm\" \/>\n<meta property=\"article:published_time\" content=\"2025-02-11T15:41:37+00:00\" \/>\n<meta property=\"article:modified_time\" content=\"2025-02-11T15:41:38+00:00\" \/>\n<meta property=\"og:image\" content=\"https:\/\/elregionalvm.com.ar\/noticias-villa-maria\/wp-content\/uploads\/2025\/02\/DSC_0012-980x653-1.jpg\" \/>\n\t<meta property=\"og:image:width\" content=\"980\" \/>\n\t<meta property=\"og:image:height\" content=\"653\" \/>\n\t<meta property=\"og:image:type\" content=\"image\/jpeg\" \/>\n<meta name=\"author\" content=\"Contenidos El Regional\" \/>\n<meta name=\"twitter:card\" content=\"summary_large_image\" \/>\n<meta name=\"twitter:creator\" content=\"@elregionalvm1\" \/>\n<meta name=\"twitter:site\" content=\"@elregionalvm1\" \/>\n<meta name=\"twitter:label1\" content=\"Escrito por\" \/>\n\t<meta name=\"twitter:data1\" content=\"Contenidos El Regional\" \/>\n\t<meta name=\"twitter:label2\" content=\"Tiempo de lectura\" \/>\n\t<meta name=\"twitter:data2\" content=\"3 minutos\" \/>\n<script type=\"application\/ld+json\" class=\"yoast-schema-graph\">{\"@context\":\"https:\/\/schema.org\",\"@graph\":[{\"@type\":\"Article\",\"@id\":\"https:\/\/elregionalvm.com.ar\/noticias-villa-maria\/unvm-se-encuentran-abiertas-las-incscripciones-para-el-curso-profesional\/#article\",\"isPartOf\":{\"@id\":\"https:\/\/elregionalvm.com.ar\/noticias-villa-maria\/unvm-se-encuentran-abiertas-las-incscripciones-para-el-curso-profesional\/\"},\"author\":{\"name\":\"Contenidos El Regional\",\"@id\":\"http:\/\/elregionalvm.com.ar\/noticias-villa-maria\/#\/schema\/person\/a0fb9c422317faca23d50163151bc354\"},\"headline\":\"UNVM: Se encuentran abiertas las incscripciones para el Curso Profesional\",\"datePublished\":\"2025-02-11T15:41:37+00:00\",\"dateModified\":\"2025-02-11T15:41:38+00:00\",\"mainEntityOfPage\":{\"@id\":\"https:\/\/elregionalvm.com.ar\/noticias-villa-maria\/unvm-se-encuentran-abiertas-las-incscripciones-para-el-curso-profesional\/\"},\"wordCount\":580,\"commentCount\":0,\"image\":{\"@id\":\"https:\/\/elregionalvm.com.ar\/noticias-villa-maria\/unvm-se-encuentran-abiertas-las-incscripciones-para-el-curso-profesional\/#primaryimage\"},\"thumbnailUrl\":\"https:\/\/i0.wp.com\/elregionalvm.com.ar\/noticias-villa-maria\/wp-content\/uploads\/2025\/02\/DSC_0012-980x653-1.jpg?fit=980%2C653&ssl=1\",\"articleSection\":[\"destacado\",\"Sociedad\",\"Villa Mar\u00eda\"],\"inLanguage\":\"es\",\"potentialAction\":[{\"@type\":\"CommentAction\",\"name\":\"Comment\",\"target\":[\"https:\/\/elregionalvm.com.ar\/noticias-villa-maria\/unvm-se-encuentran-abiertas-las-incscripciones-para-el-curso-profesional\/#respond\"]}]},{\"@type\":\"WebPage\",\"@id\":\"https:\/\/elregionalvm.com.ar\/noticias-villa-maria\/unvm-se-encuentran-abiertas-las-incscripciones-para-el-curso-profesional\/\",\"url\":\"https:\/\/elregionalvm.com.ar\/noticias-villa-maria\/unvm-se-encuentran-abiertas-las-incscripciones-para-el-curso-profesional\/\",\"name\":\"UNVM: Se encuentran abiertas las incscripciones para el Curso Profesional - El Regional\",\"isPartOf\":{\"@id\":\"http:\/\/elregionalvm.com.ar\/noticias-villa-maria\/#website\"},\"primaryImageOfPage\":{\"@id\":\"https:\/\/elregionalvm.com.ar\/noticias-villa-maria\/unvm-se-encuentran-abiertas-las-incscripciones-para-el-curso-profesional\/#primaryimage\"},\"image\":{\"@id\":\"https:\/\/elregionalvm.com.ar\/noticias-villa-maria\/unvm-se-encuentran-abiertas-las-incscripciones-para-el-curso-profesional\/#primaryimage\"},\"thumbnailUrl\":\"https:\/\/i0.wp.com\/elregionalvm.com.ar\/noticias-villa-maria\/wp-content\/uploads\/2025\/02\/DSC_0012-980x653-1.jpg?fit=980%2C653&ssl=1\",\"datePublished\":\"2025-02-11T15:41:37+00:00\",\"dateModified\":\"2025-02-11T15:41:38+00:00\",\"author\":{\"@id\":\"http:\/\/elregionalvm.com.ar\/noticias-villa-maria\/#\/schema\/person\/a0fb9c422317faca23d50163151bc354\"},\"breadcrumb\":{\"@id\":\"https:\/\/elregionalvm.com.ar\/noticias-villa-maria\/unvm-se-encuentran-abiertas-las-incscripciones-para-el-curso-profesional\/#breadcrumb\"},\"inLanguage\":\"es\",\"potentialAction\":[{\"@type\":\"ReadAction\",\"target\":[\"https:\/\/elregionalvm.com.ar\/noticias-villa-maria\/unvm-se-encuentran-abiertas-las-incscripciones-para-el-curso-profesional\/\"]}]},{\"@type\":\"ImageObject\",\"inLanguage\":\"es\",\"@id\":\"https:\/\/elregionalvm.com.ar\/noticias-villa-maria\/unvm-se-encuentran-abiertas-las-incscripciones-para-el-curso-profesional\/#primaryimage\",\"url\":\"https:\/\/i0.wp.com\/elregionalvm.com.ar\/noticias-villa-maria\/wp-content\/uploads\/2025\/02\/DSC_0012-980x653-1.jpg?fit=980%2C653&ssl=1\",\"contentUrl\":\"https:\/\/i0.wp.com\/elregionalvm.com.ar\/noticias-villa-maria\/wp-content\/uploads\/2025\/02\/DSC_0012-980x653-1.jpg?fit=980%2C653&ssl=1\",\"width\":980,\"height\":653},{\"@type\":\"BreadcrumbList\",\"@id\":\"https:\/\/elregionalvm.com.ar\/noticias-villa-maria\/unvm-se-encuentran-abiertas-las-incscripciones-para-el-curso-profesional\/#breadcrumb\",\"itemListElement\":[{\"@type\":\"ListItem\",\"position\":1,\"name\":\"Portada\",\"item\":\"https:\/\/elregionalvm.com.ar\/noticias-villa-maria\/\"},{\"@type\":\"ListItem\",\"position\":2,\"name\":\"UNVM: Se encuentran abiertas las incscripciones para el Curso Profesional\"}]},{\"@type\":\"WebSite\",\"@id\":\"http:\/\/elregionalvm.com.ar\/noticias-villa-maria\/#website\",\"url\":\"http:\/\/elregionalvm.com.ar\/noticias-villa-maria\/\",\"name\":\"El Regional\",\"description\":\"Mucho m\u00e1s que informaci\u00f3n\",\"potentialAction\":[{\"@type\":\"SearchAction\",\"target\":{\"@type\":\"EntryPoint\",\"urlTemplate\":\"http:\/\/elregionalvm.com.ar\/noticias-villa-maria\/?s={search_term_string}\"},\"query-input\":{\"@type\":\"PropertyValueSpecification\",\"valueRequired\":true,\"valueName\":\"search_term_string\"}}],\"inLanguage\":\"es\"},{\"@type\":\"Person\",\"@id\":\"http:\/\/elregionalvm.com.ar\/noticias-villa-maria\/#\/schema\/person\/a0fb9c422317faca23d50163151bc354\",\"name\":\"Contenidos El Regional\",\"image\":{\"@type\":\"ImageObject\",\"inLanguage\":\"es\",\"@id\":\"http:\/\/elregionalvm.com.ar\/noticias-villa-maria\/#\/schema\/person\/image\/\",\"url\":\"https:\/\/secure.gravatar.com\/avatar\/265b27cb2209af7bb3a1318f03305787d7981a5cc6e6cd08fe5a4ecdf99d4b48?s=96&d=mm&r=g\",\"contentUrl\":\"https:\/\/secure.gravatar.com\/avatar\/265b27cb2209af7bb3a1318f03305787d7981a5cc6e6cd08fe5a4ecdf99d4b48?s=96&d=mm&r=g\",\"caption\":\"Contenidos El Regional\"},\"url\":\"https:\/\/elregionalvm.com.ar\/noticias-villa-maria\/author\/contenido\/\"}]}<\/script>\n<!-- \/ Yoast SEO plugin. -->","yoast_head_json":{"title":"UNVM: Se encuentran abiertas las incscripciones para el Curso Profesional - El Regional","robots":{"index":"index","follow":"follow","max-snippet":"max-snippet:-1","max-image-preview":"max-image-preview:large","max-video-preview":"max-video-preview:-1"},"canonical":"https:\/\/elregionalvm.com.ar\/noticias-villa-maria\/unvm-se-encuentran-abiertas-las-incscripciones-para-el-curso-profesional\/","og_locale":"es_ES","og_type":"article","og_title":"UNVM: Se encuentran abiertas las incscripciones para el Curso Profesional - El Regional","og_description":"El Instituto de Ciencias Humanas de la Universidad Nacional de Villa Mar\u00eda (UNVM) en conjunto con la Liga Villamariense de F\u00fatbol, la Liga Villamariense de Baby F\u00fatbol y la Fundaci\u00f3n UNVM abrieron las inscripciones 2025 para el Curso Profesional de Entrenadores\/as de F\u00fatbol, que ser\u00e1 de modalidad presencial\/virtual y comenzar\u00e1 a partir del 10 de [&hellip;]","og_url":"https:\/\/elregionalvm.com.ar\/noticias-villa-maria\/unvm-se-encuentran-abiertas-las-incscripciones-para-el-curso-profesional\/","og_site_name":"El Regional","article_publisher":"https:\/\/www.facebook.com\/elregionalvm","article_published_time":"2025-02-11T15:41:37+00:00","article_modified_time":"2025-02-11T15:41:38+00:00","og_image":[{"width":980,"height":653,"url":"https:\/\/elregionalvm.com.ar\/noticias-villa-maria\/wp-content\/uploads\/2025\/02\/DSC_0012-980x653-1.jpg","type":"image\/jpeg"}],"author":"Contenidos El Regional","twitter_card":"summary_large_image","twitter_creator":"@elregionalvm1","twitter_site":"@elregionalvm1","twitter_misc":{"Escrito por":"Contenidos El Regional","Tiempo de lectura":"3 minutos"},"schema":{"@context":"https:\/\/schema.org","@graph":[{"@type":"Article","@id":"https:\/\/elregionalvm.com.ar\/noticias-villa-maria\/unvm-se-encuentran-abiertas-las-incscripciones-para-el-curso-profesional\/#article","isPartOf":{"@id":"https:\/\/elregionalvm.com.ar\/noticias-villa-maria\/unvm-se-encuentran-abiertas-las-incscripciones-para-el-curso-profesional\/"},"author":{"name":"Contenidos El Regional","@id":"http:\/\/elregionalvm.com.ar\/noticias-villa-maria\/#\/schema\/person\/a0fb9c422317faca23d50163151bc354"},"headline":"UNVM: Se encuentran abiertas las incscripciones para el Curso Profesional","datePublished":"2025-02-11T15:41:37+00:00","dateModified":"2025-02-11T15:41:38+00:00","mainEntityOfPage":{"@id":"https:\/\/elregionalvm.com.ar\/noticias-villa-maria\/unvm-se-encuentran-abiertas-las-incscripciones-para-el-curso-profesional\/"},"wordCount":580,"commentCount":0,"image":{"@id":"https:\/\/elregionalvm.com.ar\/noticias-villa-maria\/unvm-se-encuentran-abiertas-las-incscripciones-para-el-curso-profesional\/#primaryimage"},"thumbnailUrl":"https:\/\/i0.wp.com\/elregionalvm.com.ar\/noticias-villa-maria\/wp-content\/uploads\/2025\/02\/DSC_0012-980x653-1.jpg?fit=980%2C653&ssl=1","articleSection":["destacado","Sociedad","Villa Mar\u00eda"],"inLanguage":"es","potentialAction":[{"@type":"CommentAction","name":"Comment","target":["https:\/\/elregionalvm.com.ar\/noticias-villa-maria\/unvm-se-encuentran-abiertas-las-incscripciones-para-el-curso-profesional\/#respond"]}]},{"@type":"WebPage","@id":"https:\/\/elregionalvm.com.ar\/noticias-villa-maria\/unvm-se-encuentran-abiertas-las-incscripciones-para-el-curso-profesional\/","url":"https:\/\/elregionalvm.com.ar\/noticias-villa-maria\/unvm-se-encuentran-abiertas-las-incscripciones-para-el-curso-profesional\/","name":"UNVM: Se encuentran abiertas las incscripciones para el Curso Profesional - El Regional","isPartOf":{"@id":"http:\/\/elregionalvm.com.ar\/noticias-villa-maria\/#website"},"primaryImageOfPage":{"@id":"https:\/\/elregionalvm.com.ar\/noticias-villa-maria\/unvm-se-encuentran-abiertas-las-incscripciones-para-el-curso-profesional\/#primaryimage"},"image":{"@id":"https:\/\/elregionalvm.com.ar\/noticias-villa-maria\/unvm-se-encuentran-abiertas-las-incscripciones-para-el-curso-profesional\/#primaryimage"},"thumbnailUrl":"https:\/\/i0.wp.com\/elregionalvm.com.ar\/noticias-villa-maria\/wp-content\/uploads\/2025\/02\/DSC_0012-980x653-1.jpg?fit=980%2C653&ssl=1","datePublished":"2025-02-11T15:41:37+00:00","dateModified":"2025-02-11T15:41:38+00:00","author":{"@id":"http:\/\/elregionalvm.com.ar\/noticias-villa-maria\/#\/schema\/person\/a0fb9c422317faca23d50163151bc354"},"breadcrumb":{"@id":"https:\/\/elregionalvm.com.ar\/noticias-villa-maria\/unvm-se-encuentran-abiertas-las-incscripciones-para-el-curso-profesional\/#breadcrumb"},"inLanguage":"es","potentialAction":[{"@type":"ReadAction","target":["https:\/\/elregionalvm.com.ar\/noticias-villa-maria\/unvm-se-encuentran-abiertas-las-incscripciones-para-el-curso-profesional\/"]}]},{"@type":"ImageObject","inLanguage":"es","@id":"https:\/\/elregionalvm.com.ar\/noticias-villa-maria\/unvm-se-encuentran-abiertas-las-incscripciones-para-el-curso-profesional\/#primaryimage","url":"https:\/\/i0.wp.com\/elregionalvm.com.ar\/noticias-villa-maria\/wp-content\/uploads\/2025\/02\/DSC_0012-980x653-1.jpg?fit=980%2C653&ssl=1","contentUrl":"https:\/\/i0.wp.com\/elregionalvm.com.ar\/noticias-villa-maria\/wp-content\/uploads\/2025\/02\/DSC_0012-980x653-1.jpg?fit=980%2C653&ssl=1","width":980,"height":653},{"@type":"BreadcrumbList","@id":"https:\/\/elregionalvm.com.ar\/noticias-villa-maria\/unvm-se-encuentran-abiertas-las-incscripciones-para-el-curso-profesional\/#breadcrumb","itemListElement":[{"@type":"ListItem","position":1,"name":"Portada","item":"https:\/\/elregionalvm.com.ar\/noticias-villa-maria\/"},{"@type":"ListItem","position":2,"name":"UNVM: Se encuentran abiertas las incscripciones para el Curso Profesional"}]},{"@type":"WebSite","@id":"http:\/\/elregionalvm.com.ar\/noticias-villa-maria\/#website","url":"http:\/\/elregionalvm.com.ar\/noticias-villa-maria\/","name":"El Regional","description":"Mucho m\u00e1s que informaci\u00f3n","potentialAction":[{"@type":"SearchAction","target":{"@type":"EntryPoint","urlTemplate":"http:\/\/elregionalvm.com.ar\/noticias-villa-maria\/?s={search_term_string}"},"query-input":{"@type":"PropertyValueSpecification","valueRequired":true,"valueName":"search_term_string"}}],"inLanguage":"es"},{"@type":"Person","@id":"http:\/\/elregionalvm.com.ar\/noticias-villa-maria\/#\/schema\/person\/a0fb9c422317faca23d50163151bc354","name":"Contenidos El Regional","image":{"@type":"ImageObject","inLanguage":"es","@id":"http:\/\/elregionalvm.com.ar\/noticias-villa-maria\/#\/schema\/person\/image\/","url":"https:\/\/secure.gravatar.com\/avatar\/265b27cb2209af7bb3a1318f03305787d7981a5cc6e6cd08fe5a4ecdf99d4b48?s=96&d=mm&r=g","contentUrl":"https:\/\/secure.gravatar.com\/avatar\/265b27cb2209af7bb3a1318f03305787d7981a5cc6e6cd08fe5a4ecdf99d4b48?s=96&d=mm&r=g","caption":"Contenidos El Regional"},"url":"https:\/\/elregionalvm.com.ar\/noticias-villa-maria\/author\/contenido\/"}]}},"jetpack_featured_media_url":"https:\/\/i0.wp.com\/elregionalvm.com.ar\/noticias-villa-maria\/wp-content\/uploads\/2025\/02\/DSC_0012-980x653-1.jpg?fit=980%2C653&ssl=1","jetpack_sharing_enabled":true,"_links":{"self":[{"href":"https:\/\/elregionalvm.com.ar\/noticias-villa-maria\/wp-json\/wp\/v2\/posts\/103243","targetHints":{"allow":["GET"]}}],"collection":[{"href":"https:\/\/elregionalvm.com.ar\/noticias-villa-maria\/wp-json\/wp\/v2\/posts"}],"about":[{"href":"https:\/\/elregionalvm.com.ar\/noticias-villa-maria\/wp-json\/wp\/v2\/types\/post"}],"author":[{"embeddable":true,"href":"https:\/\/elregionalvm.com.ar\/noticias-villa-maria\/wp-json\/wp\/v2\/users\/4"}],"replies":[{"embeddable":true,"href":"https:\/\/elregionalvm.com.ar\/noticias-villa-maria\/wp-json\/wp\/v2\/comments?post=103243"}],"version-history":[{"count":1,"href":"https:\/\/elregionalvm.com.ar\/noticias-villa-maria\/wp-json\/wp\/v2\/posts\/103243\/revisions"}],"predecessor-version":[{"id":103245,"href":"https:\/\/elregionalvm.com.ar\/noticias-villa-maria\/wp-json\/wp\/v2\/posts\/103243\/revisions\/103245"}],"wp:featuredmedia":[{"embeddable":true,"href":"https:\/\/elregionalvm.com.ar\/noticias-villa-maria\/wp-json\/wp\/v2\/media\/103244"}],"wp:attachment":[{"href":"https:\/\/elregionalvm.com.ar\/noticias-villa-maria\/wp-json\/wp\/v2\/media?parent=103243"}],"wp:term":[{"taxonomy":"category","embeddable":true,"href":"https:\/\/elregionalvm.com.ar\/noticias-villa-maria\/wp-json\/wp\/v2\/categories?post=103243"},{"taxonomy":"post_tag","embeddable":true,"href":"https:\/\/elregionalvm.com.ar\/noticias-villa-maria\/wp-json\/wp\/v2\/tags?post=103243"}],"curies":[{"name":"wp","href":"https:\/\/api.w.org\/{rel}","templated":true}]}}