{"id":103256,"date":"2025-02-11T16:24:29","date_gmt":"2025-02-11T16:24:29","guid":{"rendered":"https:\/\/elregionalvm.com.ar\/noticias-villa-maria\/?p=103256"},"modified":"2025-02-11T16:24:30","modified_gmt":"2025-02-11T16:24:30","slug":"cordoba-recibio-mas-de-300-mil-visitantes-durante-este-ultimo-fin-de-semana","status":"publish","type":"post","link":"https:\/\/elregionalvm.com.ar\/noticias-villa-maria\/cordoba-recibio-mas-de-300-mil-visitantes-durante-este-ultimo-fin-de-semana\/","title":{"rendered":"C\u00f3rdoba recibi\u00f3 m\u00e1s de 300 mil visitantes durante este \u00faltimo fin de semana"},"content":{"rendered":"\n<ul class=\"wp-block-list\">\n<li><strong>La provincia registr\u00f3 un gran movimiento tur\u00edstico impulsado por los eventos, actividades y el buen clima.<\/strong><\/li>\n\n\n\n<li><strong>El Festival Internacional de Pe\u00f1as, la Fiesta de las Colectividades y el Festival Alien\u00edgena, entre otros, fueron atractivos claves.<\/strong><\/li>\n<\/ul>\n\n\n\n<p>C\u00f3rdoba tuvo, hasta la fecha, el mejor fin de semana de febrero con respecto al movimiento tur\u00edstico.<\/p>\n\n\n\n<p><strong>M\u00e1s de 340 mil visitantes&nbsp;<\/strong>pasaron por distintos puntos de la provincia, disfrutando del buen clima, adem\u00e1s de las diversas propuestas y eventos.<\/p>\n\n\n\n<p>De esta manera, la provincia sigue consolid\u00e1ndose como un destino elegido por miles de visitantes, que encuentran aqu\u00ed una oferta diversa y de calidad.<\/p>\n\n\n\n<p>Estas cifras reflejan el impacto positivo del turismo en las econom\u00edas regionales e impulsan a seguir trabajando para potenciar cada destino, con el compromiso de brindar experiencias inolvidables a los turistas.<\/p>\n\n\n\n<p>El presidente de la Agencia C\u00f3rdoba Turismo, Dar\u00edo Capitani, destac\u00f3:&nbsp;<em>\u201cEl trabajo conjunto entre el sector p\u00fablico y privado, una agenda de eventos de primer nivel y un clima ideal generaron un gran fin de semana tur\u00edstico en toda la provincia\u201d.<\/em><\/p>\n\n\n\n<p><strong>Villa Mar\u00eda<\/strong>, en el coraz\u00f3n de la pampa agropecuaria, alcanz\u00f3 un 93% de ocupaci\u00f3n, con hoteles que en algunos casos llegaron al 100% gracias al movimiento generado por el Festival de Pe\u00f1as.<\/p>\n\n\n\n<p>En la zona de Traslasierra<strong>, Villa Cura Brochero&nbsp;<\/strong>registr\u00f3 un 96% de ocupaci\u00f3n impulsado por el Festival del Pastelitero, mientras que Mina Clavero lleg\u00f3 al 82%, Nono al 88% y Las Rabonas al 78%.<\/p>\n\n\n\n<p>En Punilla, Tanti alcanz\u00f3 el 99%,&nbsp;<strong>Villa Carlos Paz&nbsp;<\/strong>lleg\u00f3 al 88% con hoteles superiores al 96%,&nbsp;<strong>La Falda<\/strong>&nbsp;al 90%, y&nbsp;<strong>La Cumbre<\/strong>&nbsp;al 100%.<\/p>\n\n\n\n<p>En tanto, Capilla del Monte tuvo su mejor fin de semana de la temporada con un 92%, impulsado por el Festival Alien\u00edgena.<\/p>\n\n\n\n<p>En el Valle de Calamuchita,&nbsp;<strong>Santa Rosa<\/strong>&nbsp;tuvo un 85% de ocupaci\u00f3n,&nbsp;<strong>Villa General Belgrano&nbsp;<\/strong>un 84%,&nbsp;<strong>La Cumbrecita<\/strong>&nbsp;un 82% y&nbsp;<strong>Los Reartes&nbsp;<\/strong>un 78%.<\/p>\n\n\n\n<p>En la regi\u00f3n de Ansenuza,&nbsp;<strong>Miramar<\/strong>&nbsp;alcanz\u00f3 el 100% con derivaciones a&nbsp;<strong>Balnearia, Marull, Villa Concepci\u00f3n del T\u00edo y La Para.<\/strong><\/p>\n\n\n\n<p>En las Sierras Chicas,&nbsp;<strong>Agua de Oro&nbsp;<\/strong>registr\u00f3 ocupaci\u00f3n plena, mientras que R\u00edo Ceballos lleg\u00f3 al 82% y Salsipuedes al 78%.<\/p>\n\n\n\n<p>En Paravachasca,&nbsp;<strong>Alta Gracia<\/strong>&nbsp;alcanz\u00f3 el 90% con un gran movimiento por el Encuentro de Colectividades,&nbsp;<strong>La Serranita<\/strong>&nbsp;lleg\u00f3 al 80% y&nbsp;<strong>Potrero de Garay<\/strong>&nbsp;al 70%.<\/p>\n\n\n\n<p>En las Sierras del Sur,&nbsp;<strong>R\u00edo Cuarto<\/strong>&nbsp;tuvo un 70% de ocupaci\u00f3n,<strong>&nbsp;Achiras<\/strong>&nbsp;un 88%,&nbsp;<strong>Alpa Corral&nbsp;<\/strong>un 81% y&nbsp;<strong>Las Albahacas<\/strong>&nbsp;un 87%. En el norte y noroeste de la provincia,&nbsp;<strong>Quilino<\/strong>&nbsp;registr\u00f3 un 90%,&nbsp;<strong>San Carlos Minas<\/strong>&nbsp;un 88% y&nbsp;<strong>Tulumba<\/strong>&nbsp;un 78%.<\/p>\n\n\n\n<p>Para m\u00e1s informaci\u00f3n, visitar\u00a0<a href=\"http:\/\/www.cordobaturismo.gov.ar\/\">www.cordobaturismo.gov.ar<\/a>0<\/p>\n","protected":false},"excerpt":{"rendered":"<p>C\u00f3rdoba tuvo, hasta la fecha, el mejor fin de semana de febrero con respecto al movimiento tur\u00edstico. M\u00e1s de 340 mil visitantes&nbsp;pasaron por distintos puntos de la provincia, disfrutando del buen clima, adem\u00e1s de las diversas propuestas y eventos. De esta manera, la provincia sigue consolid\u00e1ndose como un destino elegido por miles de visitantes, que [&hellip;]<\/p>\n","protected":false},"author":4,"featured_media":103257,"comment_status":"open","ping_status":"open","sticky":false,"template":"","format":"standard","meta":{"site-sidebar-layout":"default","site-content-layout":"","ast-site-content-layout":"default","site-content-style":"default","site-sidebar-style":"default","ast-global-header-display":"","ast-banner-title-visibility":"","ast-main-header-display":"","ast-hfb-above-header-display":"","ast-hfb-below-header-display":"","ast-hfb-mobile-header-display":"","site-post-title":"","ast-breadcrumbs-content":"","ast-featured-img":"","footer-sml-layout":"","ast-disable-related-posts":"","theme-transparent-header-meta":"","adv-header-id-meta":"","stick-header-meta":"","header-above-stick-meta":"","header-main-stick-meta":"","header-below-stick-meta":"","astra-migrate-meta-layouts":"set","ast-page-background-enabled":"default","ast-page-background-meta":{"desktop":{"background-color":"","background-image":"","background-repeat":"repeat","background-position":"center center","background-size":"auto","background-attachment":"scroll","background-type":"","background-media":"","overlay-type":"","overlay-color":"","overlay-opacity":"","overlay-gradient":""},"tablet":{"background-color":"","background-image":"","background-repeat":"repeat","background-position":"center center","background-size":"auto","background-attachment":"scroll","background-type":"","background-media":"","overlay-type":"","overlay-color":"","overlay-opacity":"","overlay-gradient":""},"mobile":{"background-color":"","background-image":"","background-repeat":"repeat","background-position":"center center","background-size":"auto","background-attachment":"scroll","background-type":"","background-media":"","overlay-type":"","overlay-color":"","overlay-opacity":"","overlay-gradient":""}},"ast-content-background-meta":{"desktop":{"background-color":"var(--ast-global-color-5)","background-image":"","background-repeat":"repeat","background-position":"center center","background-size":"auto","background-attachment":"scroll","background-type":"","background-media":"","overlay-type":"","overlay-color":"","overlay-opacity":"","overlay-gradient":""},"tablet":{"background-color":"var(--ast-global-color-5)","background-image":"","background-repeat":"repeat","background-position":"center center","background-size":"auto","background-attachment":"scroll","background-type":"","background-media":"","overlay-type":"","overlay-color":"","overlay-opacity":"","overlay-gradient":""},"mobile":{"background-color":"var(--ast-global-color-5)","background-image":"","background-repeat":"repeat","background-position":"center center","background-size":"auto","background-attachment":"scroll","background-type":"","background-media":"","overlay-type":"","overlay-color":"","overlay-opacity":"","overlay-gradient":""}},"_jetpack_memberships_contains_paid_content":false,"_joinchat":[],"footnotes":""},"categories":[15302,16095,5],"tags":[],"class_list":["post-103256","post","type-post","status-publish","format-standard","has-post-thumbnail","hentry","category-destacado","category-provinciales","category-sociedad"],"yoast_head":"<!-- This site is optimized with the Yoast SEO plugin v26.8 - https:\/\/yoast.com\/product\/yoast-seo-wordpress\/ -->\n<title>C\u00f3rdoba recibi\u00f3 m\u00e1s de 300 mil visitantes durante este \u00faltimo fin de semana - El Regional<\/title>\n<meta name=\"robots\" content=\"index, follow, max-snippet:-1, max-image-preview:large, max-video-preview:-1\" \/>\n<link rel=\"canonical\" href=\"https:\/\/elregionalvm.com.ar\/noticias-villa-maria\/cordoba-recibio-mas-de-300-mil-visitantes-durante-este-ultimo-fin-de-semana\/\" \/>\n<meta property=\"og:locale\" content=\"es_ES\" \/>\n<meta property=\"og:type\" content=\"article\" \/>\n<meta property=\"og:title\" content=\"C\u00f3rdoba recibi\u00f3 m\u00e1s de 300 mil visitantes durante este \u00faltimo fin de semana - El Regional\" \/>\n<meta property=\"og:description\" content=\"C\u00f3rdoba tuvo, hasta la fecha, el mejor fin de semana de febrero con respecto al movimiento tur\u00edstico. M\u00e1s de 340 mil visitantes&nbsp;pasaron por distintos puntos de la provincia, disfrutando del buen clima, adem\u00e1s de las diversas propuestas y eventos. De esta manera, la provincia sigue consolid\u00e1ndose como un destino elegido por miles de visitantes, que [&hellip;]\" \/>\n<meta property=\"og:url\" content=\"https:\/\/elregionalvm.com.ar\/noticias-villa-maria\/cordoba-recibio-mas-de-300-mil-visitantes-durante-este-ultimo-fin-de-semana\/\" \/>\n<meta property=\"og:site_name\" content=\"El Regional\" \/>\n<meta property=\"article:publisher\" content=\"https:\/\/www.facebook.com\/elregionalvm\" \/>\n<meta property=\"article:published_time\" content=\"2025-02-11T16:24:29+00:00\" \/>\n<meta property=\"article:modified_time\" content=\"2025-02-11T16:24:30+00:00\" \/>\n<meta property=\"og:image\" content=\"https:\/\/elregionalvm.com.ar\/noticias-villa-maria\/wp-content\/uploads\/2025\/02\/WhatsApp-Image-2025-02-11-at-11.15.54-1024x701-1.jpeg\" \/>\n\t<meta property=\"og:image:width\" content=\"1024\" \/>\n\t<meta property=\"og:image:height\" content=\"701\" \/>\n\t<meta property=\"og:image:type\" content=\"image\/jpeg\" \/>\n<meta name=\"author\" content=\"Contenidos El Regional\" \/>\n<meta name=\"twitter:card\" content=\"summary_large_image\" \/>\n<meta name=\"twitter:creator\" content=\"@elregionalvm1\" \/>\n<meta name=\"twitter:site\" content=\"@elregionalvm1\" \/>\n<meta name=\"twitter:label1\" content=\"Escrito por\" \/>\n\t<meta name=\"twitter:data1\" content=\"Contenidos El Regional\" \/>\n\t<meta name=\"twitter:label2\" content=\"Tiempo de lectura\" \/>\n\t<meta name=\"twitter:data2\" content=\"3 minutos\" \/>\n<script type=\"application\/ld+json\" class=\"yoast-schema-graph\">{\"@context\":\"https:\/\/schema.org\",\"@graph\":[{\"@type\":\"Article\",\"@id\":\"https:\/\/elregionalvm.com.ar\/noticias-villa-maria\/cordoba-recibio-mas-de-300-mil-visitantes-durante-este-ultimo-fin-de-semana\/#article\",\"isPartOf\":{\"@id\":\"https:\/\/elregionalvm.com.ar\/noticias-villa-maria\/cordoba-recibio-mas-de-300-mil-visitantes-durante-este-ultimo-fin-de-semana\/\"},\"author\":{\"name\":\"Contenidos El Regional\",\"@id\":\"http:\/\/elregionalvm.com.ar\/noticias-villa-maria\/#\/schema\/person\/a0fb9c422317faca23d50163151bc354\"},\"headline\":\"C\u00f3rdoba recibi\u00f3 m\u00e1s de 300 mil visitantes durante este \u00faltimo fin de semana\",\"datePublished\":\"2025-02-11T16:24:29+00:00\",\"dateModified\":\"2025-02-11T16:24:30+00:00\",\"mainEntityOfPage\":{\"@id\":\"https:\/\/elregionalvm.com.ar\/noticias-villa-maria\/cordoba-recibio-mas-de-300-mil-visitantes-durante-este-ultimo-fin-de-semana\/\"},\"wordCount\":488,\"commentCount\":0,\"image\":{\"@id\":\"https:\/\/elregionalvm.com.ar\/noticias-villa-maria\/cordoba-recibio-mas-de-300-mil-visitantes-durante-este-ultimo-fin-de-semana\/#primaryimage\"},\"thumbnailUrl\":\"https:\/\/i0.wp.com\/elregionalvm.com.ar\/noticias-villa-maria\/wp-content\/uploads\/2025\/02\/WhatsApp-Image-2025-02-11-at-11.15.54-1024x701-1.jpeg?fit=1024%2C701&ssl=1\",\"articleSection\":[\"destacado\",\"Provinciales\",\"Sociedad\"],\"inLanguage\":\"es\",\"potentialAction\":[{\"@type\":\"CommentAction\",\"name\":\"Comment\",\"target\":[\"https:\/\/elregionalvm.com.ar\/noticias-villa-maria\/cordoba-recibio-mas-de-300-mil-visitantes-durante-este-ultimo-fin-de-semana\/#respond\"]}]},{\"@type\":\"WebPage\",\"@id\":\"https:\/\/elregionalvm.com.ar\/noticias-villa-maria\/cordoba-recibio-mas-de-300-mil-visitantes-durante-este-ultimo-fin-de-semana\/\",\"url\":\"https:\/\/elregionalvm.com.ar\/noticias-villa-maria\/cordoba-recibio-mas-de-300-mil-visitantes-durante-este-ultimo-fin-de-semana\/\",\"name\":\"C\u00f3rdoba recibi\u00f3 m\u00e1s de 300 mil visitantes durante este \u00faltimo fin de semana - El Regional\",\"isPartOf\":{\"@id\":\"http:\/\/elregionalvm.com.ar\/noticias-villa-maria\/#website\"},\"primaryImageOfPage\":{\"@id\":\"https:\/\/elregionalvm.com.ar\/noticias-villa-maria\/cordoba-recibio-mas-de-300-mil-visitantes-durante-este-ultimo-fin-de-semana\/#primaryimage\"},\"image\":{\"@id\":\"https:\/\/elregionalvm.com.ar\/noticias-villa-maria\/cordoba-recibio-mas-de-300-mil-visitantes-durante-este-ultimo-fin-de-semana\/#primaryimage\"},\"thumbnailUrl\":\"https:\/\/i0.wp.com\/elregionalvm.com.ar\/noticias-villa-maria\/wp-content\/uploads\/2025\/02\/WhatsApp-Image-2025-02-11-at-11.15.54-1024x701-1.jpeg?fit=1024%2C701&ssl=1\",\"datePublished\":\"2025-02-11T16:24:29+00:00\",\"dateModified\":\"2025-02-11T16:24:30+00:00\",\"author\":{\"@id\":\"http:\/\/elregionalvm.com.ar\/noticias-villa-maria\/#\/schema\/person\/a0fb9c422317faca23d50163151bc354\"},\"breadcrumb\":{\"@id\":\"https:\/\/elregionalvm.com.ar\/noticias-villa-maria\/cordoba-recibio-mas-de-300-mil-visitantes-durante-este-ultimo-fin-de-semana\/#breadcrumb\"},\"inLanguage\":\"es\",\"potentialAction\":[{\"@type\":\"ReadAction\",\"target\":[\"https:\/\/elregionalvm.com.ar\/noticias-villa-maria\/cordoba-recibio-mas-de-300-mil-visitantes-durante-este-ultimo-fin-de-semana\/\"]}]},{\"@type\":\"ImageObject\",\"inLanguage\":\"es\",\"@id\":\"https:\/\/elregionalvm.com.ar\/noticias-villa-maria\/cordoba-recibio-mas-de-300-mil-visitantes-durante-este-ultimo-fin-de-semana\/#primaryimage\",\"url\":\"https:\/\/i0.wp.com\/elregionalvm.com.ar\/noticias-villa-maria\/wp-content\/uploads\/2025\/02\/WhatsApp-Image-2025-02-11-at-11.15.54-1024x701-1.jpeg?fit=1024%2C701&ssl=1\",\"contentUrl\":\"https:\/\/i0.wp.com\/elregionalvm.com.ar\/noticias-villa-maria\/wp-content\/uploads\/2025\/02\/WhatsApp-Image-2025-02-11-at-11.15.54-1024x701-1.jpeg?fit=1024%2C701&ssl=1\",\"width\":1024,\"height\":701},{\"@type\":\"BreadcrumbList\",\"@id\":\"https:\/\/elregionalvm.com.ar\/noticias-villa-maria\/cordoba-recibio-mas-de-300-mil-visitantes-durante-este-ultimo-fin-de-semana\/#breadcrumb\",\"itemListElement\":[{\"@type\":\"ListItem\",\"position\":1,\"name\":\"Portada\",\"item\":\"https:\/\/elregionalvm.com.ar\/noticias-villa-maria\/\"},{\"@type\":\"ListItem\",\"position\":2,\"name\":\"C\u00f3rdoba recibi\u00f3 m\u00e1s de 300 mil visitantes durante este \u00faltimo fin de semana\"}]},{\"@type\":\"WebSite\",\"@id\":\"http:\/\/elregionalvm.com.ar\/noticias-villa-maria\/#website\",\"url\":\"http:\/\/elregionalvm.com.ar\/noticias-villa-maria\/\",\"name\":\"El Regional\",\"description\":\"Mucho m\u00e1s que informaci\u00f3n\",\"potentialAction\":[{\"@type\":\"SearchAction\",\"target\":{\"@type\":\"EntryPoint\",\"urlTemplate\":\"http:\/\/elregionalvm.com.ar\/noticias-villa-maria\/?s={search_term_string}\"},\"query-input\":{\"@type\":\"PropertyValueSpecification\",\"valueRequired\":true,\"valueName\":\"search_term_string\"}}],\"inLanguage\":\"es\"},{\"@type\":\"Person\",\"@id\":\"http:\/\/elregionalvm.com.ar\/noticias-villa-maria\/#\/schema\/person\/a0fb9c422317faca23d50163151bc354\",\"name\":\"Contenidos El Regional\",\"image\":{\"@type\":\"ImageObject\",\"inLanguage\":\"es\",\"@id\":\"http:\/\/elregionalvm.com.ar\/noticias-villa-maria\/#\/schema\/person\/image\/\",\"url\":\"https:\/\/secure.gravatar.com\/avatar\/265b27cb2209af7bb3a1318f03305787d7981a5cc6e6cd08fe5a4ecdf99d4b48?s=96&d=mm&r=g\",\"contentUrl\":\"https:\/\/secure.gravatar.com\/avatar\/265b27cb2209af7bb3a1318f03305787d7981a5cc6e6cd08fe5a4ecdf99d4b48?s=96&d=mm&r=g\",\"caption\":\"Contenidos El Regional\"},\"url\":\"https:\/\/elregionalvm.com.ar\/noticias-villa-maria\/author\/contenido\/\"}]}<\/script>\n<!-- \/ Yoast SEO plugin. -->","yoast_head_json":{"title":"C\u00f3rdoba recibi\u00f3 m\u00e1s de 300 mil visitantes durante este \u00faltimo fin de semana - El Regional","robots":{"index":"index","follow":"follow","max-snippet":"max-snippet:-1","max-image-preview":"max-image-preview:large","max-video-preview":"max-video-preview:-1"},"canonical":"https:\/\/elregionalvm.com.ar\/noticias-villa-maria\/cordoba-recibio-mas-de-300-mil-visitantes-durante-este-ultimo-fin-de-semana\/","og_locale":"es_ES","og_type":"article","og_title":"C\u00f3rdoba recibi\u00f3 m\u00e1s de 300 mil visitantes durante este \u00faltimo fin de semana - El Regional","og_description":"C\u00f3rdoba tuvo, hasta la fecha, el mejor fin de semana de febrero con respecto al movimiento tur\u00edstico. M\u00e1s de 340 mil visitantes&nbsp;pasaron por distintos puntos de la provincia, disfrutando del buen clima, adem\u00e1s de las diversas propuestas y eventos. De esta manera, la provincia sigue consolid\u00e1ndose como un destino elegido por miles de visitantes, que [&hellip;]","og_url":"https:\/\/elregionalvm.com.ar\/noticias-villa-maria\/cordoba-recibio-mas-de-300-mil-visitantes-durante-este-ultimo-fin-de-semana\/","og_site_name":"El Regional","article_publisher":"https:\/\/www.facebook.com\/elregionalvm","article_published_time":"2025-02-11T16:24:29+00:00","article_modified_time":"2025-02-11T16:24:30+00:00","og_image":[{"width":1024,"height":701,"url":"https:\/\/elregionalvm.com.ar\/noticias-villa-maria\/wp-content\/uploads\/2025\/02\/WhatsApp-Image-2025-02-11-at-11.15.54-1024x701-1.jpeg","type":"image\/jpeg"}],"author":"Contenidos El Regional","twitter_card":"summary_large_image","twitter_creator":"@elregionalvm1","twitter_site":"@elregionalvm1","twitter_misc":{"Escrito por":"Contenidos El Regional","Tiempo de lectura":"3 minutos"},"schema":{"@context":"https:\/\/schema.org","@graph":[{"@type":"Article","@id":"https:\/\/elregionalvm.com.ar\/noticias-villa-maria\/cordoba-recibio-mas-de-300-mil-visitantes-durante-este-ultimo-fin-de-semana\/#article","isPartOf":{"@id":"https:\/\/elregionalvm.com.ar\/noticias-villa-maria\/cordoba-recibio-mas-de-300-mil-visitantes-durante-este-ultimo-fin-de-semana\/"},"author":{"name":"Contenidos El Regional","@id":"http:\/\/elregionalvm.com.ar\/noticias-villa-maria\/#\/schema\/person\/a0fb9c422317faca23d50163151bc354"},"headline":"C\u00f3rdoba recibi\u00f3 m\u00e1s de 300 mil visitantes durante este \u00faltimo fin de semana","datePublished":"2025-02-11T16:24:29+00:00","dateModified":"2025-02-11T16:24:30+00:00","mainEntityOfPage":{"@id":"https:\/\/elregionalvm.com.ar\/noticias-villa-maria\/cordoba-recibio-mas-de-300-mil-visitantes-durante-este-ultimo-fin-de-semana\/"},"wordCount":488,"commentCount":0,"image":{"@id":"https:\/\/elregionalvm.com.ar\/noticias-villa-maria\/cordoba-recibio-mas-de-300-mil-visitantes-durante-este-ultimo-fin-de-semana\/#primaryimage"},"thumbnailUrl":"https:\/\/i0.wp.com\/elregionalvm.com.ar\/noticias-villa-maria\/wp-content\/uploads\/2025\/02\/WhatsApp-Image-2025-02-11-at-11.15.54-1024x701-1.jpeg?fit=1024%2C701&ssl=1","articleSection":["destacado","Provinciales","Sociedad"],"inLanguage":"es","potentialAction":[{"@type":"CommentAction","name":"Comment","target":["https:\/\/elregionalvm.com.ar\/noticias-villa-maria\/cordoba-recibio-mas-de-300-mil-visitantes-durante-este-ultimo-fin-de-semana\/#respond"]}]},{"@type":"WebPage","@id":"https:\/\/elregionalvm.com.ar\/noticias-villa-maria\/cordoba-recibio-mas-de-300-mil-visitantes-durante-este-ultimo-fin-de-semana\/","url":"https:\/\/elregionalvm.com.ar\/noticias-villa-maria\/cordoba-recibio-mas-de-300-mil-visitantes-durante-este-ultimo-fin-de-semana\/","name":"C\u00f3rdoba recibi\u00f3 m\u00e1s de 300 mil visitantes durante este \u00faltimo fin de semana - El Regional","isPartOf":{"@id":"http:\/\/elregionalvm.com.ar\/noticias-villa-maria\/#website"},"primaryImageOfPage":{"@id":"https:\/\/elregionalvm.com.ar\/noticias-villa-maria\/cordoba-recibio-mas-de-300-mil-visitantes-durante-este-ultimo-fin-de-semana\/#primaryimage"},"image":{"@id":"https:\/\/elregionalvm.com.ar\/noticias-villa-maria\/cordoba-recibio-mas-de-300-mil-visitantes-durante-este-ultimo-fin-de-semana\/#primaryimage"},"thumbnailUrl":"https:\/\/i0.wp.com\/elregionalvm.com.ar\/noticias-villa-maria\/wp-content\/uploads\/2025\/02\/WhatsApp-Image-2025-02-11-at-11.15.54-1024x701-1.jpeg?fit=1024%2C701&ssl=1","datePublished":"2025-02-11T16:24:29+00:00","dateModified":"2025-02-11T16:24:30+00:00","author":{"@id":"http:\/\/elregionalvm.com.ar\/noticias-villa-maria\/#\/schema\/person\/a0fb9c422317faca23d50163151bc354"},"breadcrumb":{"@id":"https:\/\/elregionalvm.com.ar\/noticias-villa-maria\/cordoba-recibio-mas-de-300-mil-visitantes-durante-este-ultimo-fin-de-semana\/#breadcrumb"},"inLanguage":"es","potentialAction":[{"@type":"ReadAction","target":["https:\/\/elregionalvm.com.ar\/noticias-villa-maria\/cordoba-recibio-mas-de-300-mil-visitantes-durante-este-ultimo-fin-de-semana\/"]}]},{"@type":"ImageObject","inLanguage":"es","@id":"https:\/\/elregionalvm.com.ar\/noticias-villa-maria\/cordoba-recibio-mas-de-300-mil-visitantes-durante-este-ultimo-fin-de-semana\/#primaryimage","url":"https:\/\/i0.wp.com\/elregionalvm.com.ar\/noticias-villa-maria\/wp-content\/uploads\/2025\/02\/WhatsApp-Image-2025-02-11-at-11.15.54-1024x701-1.jpeg?fit=1024%2C701&ssl=1","contentUrl":"https:\/\/i0.wp.com\/elregionalvm.com.ar\/noticias-villa-maria\/wp-content\/uploads\/2025\/02\/WhatsApp-Image-2025-02-11-at-11.15.54-1024x701-1.jpeg?fit=1024%2C701&ssl=1","width":1024,"height":701},{"@type":"BreadcrumbList","@id":"https:\/\/elregionalvm.com.ar\/noticias-villa-maria\/cordoba-recibio-mas-de-300-mil-visitantes-durante-este-ultimo-fin-de-semana\/#breadcrumb","itemListElement":[{"@type":"ListItem","position":1,"name":"Portada","item":"https:\/\/elregionalvm.com.ar\/noticias-villa-maria\/"},{"@type":"ListItem","position":2,"name":"C\u00f3rdoba recibi\u00f3 m\u00e1s de 300 mil visitantes durante este \u00faltimo fin de semana"}]},{"@type":"WebSite","@id":"http:\/\/elregionalvm.com.ar\/noticias-villa-maria\/#website","url":"http:\/\/elregionalvm.com.ar\/noticias-villa-maria\/","name":"El Regional","description":"Mucho m\u00e1s que informaci\u00f3n","potentialAction":[{"@type":"SearchAction","target":{"@type":"EntryPoint","urlTemplate":"http:\/\/elregionalvm.com.ar\/noticias-villa-maria\/?s={search_term_string}"},"query-input":{"@type":"PropertyValueSpecification","valueRequired":true,"valueName":"search_term_string"}}],"inLanguage":"es"},{"@type":"Person","@id":"http:\/\/elregionalvm.com.ar\/noticias-villa-maria\/#\/schema\/person\/a0fb9c422317faca23d50163151bc354","name":"Contenidos El Regional","image":{"@type":"ImageObject","inLanguage":"es","@id":"http:\/\/elregionalvm.com.ar\/noticias-villa-maria\/#\/schema\/person\/image\/","url":"https:\/\/secure.gravatar.com\/avatar\/265b27cb2209af7bb3a1318f03305787d7981a5cc6e6cd08fe5a4ecdf99d4b48?s=96&d=mm&r=g","contentUrl":"https:\/\/secure.gravatar.com\/avatar\/265b27cb2209af7bb3a1318f03305787d7981a5cc6e6cd08fe5a4ecdf99d4b48?s=96&d=mm&r=g","caption":"Contenidos El Regional"},"url":"https:\/\/elregionalvm.com.ar\/noticias-villa-maria\/author\/contenido\/"}]}},"jetpack_featured_media_url":"https:\/\/i0.wp.com\/elregionalvm.com.ar\/noticias-villa-maria\/wp-content\/uploads\/2025\/02\/WhatsApp-Image-2025-02-11-at-11.15.54-1024x701-1.jpeg?fit=1024%2C701&ssl=1","jetpack_sharing_enabled":true,"_links":{"self":[{"href":"https:\/\/elregionalvm.com.ar\/noticias-villa-maria\/wp-json\/wp\/v2\/posts\/103256","targetHints":{"allow":["GET"]}}],"collection":[{"href":"https:\/\/elregionalvm.com.ar\/noticias-villa-maria\/wp-json\/wp\/v2\/posts"}],"about":[{"href":"https:\/\/elregionalvm.com.ar\/noticias-villa-maria\/wp-json\/wp\/v2\/types\/post"}],"author":[{"embeddable":true,"href":"https:\/\/elregionalvm.com.ar\/noticias-villa-maria\/wp-json\/wp\/v2\/users\/4"}],"replies":[{"embeddable":true,"href":"https:\/\/elregionalvm.com.ar\/noticias-villa-maria\/wp-json\/wp\/v2\/comments?post=103256"}],"version-history":[{"count":1,"href":"https:\/\/elregionalvm.com.ar\/noticias-villa-maria\/wp-json\/wp\/v2\/posts\/103256\/revisions"}],"predecessor-version":[{"id":103258,"href":"https:\/\/elregionalvm.com.ar\/noticias-villa-maria\/wp-json\/wp\/v2\/posts\/103256\/revisions\/103258"}],"wp:featuredmedia":[{"embeddable":true,"href":"https:\/\/elregionalvm.com.ar\/noticias-villa-maria\/wp-json\/wp\/v2\/media\/103257"}],"wp:attachment":[{"href":"https:\/\/elregionalvm.com.ar\/noticias-villa-maria\/wp-json\/wp\/v2\/media?parent=103256"}],"wp:term":[{"taxonomy":"category","embeddable":true,"href":"https:\/\/elregionalvm.com.ar\/noticias-villa-maria\/wp-json\/wp\/v2\/categories?post=103256"},{"taxonomy":"post_tag","embeddable":true,"href":"https:\/\/elregionalvm.com.ar\/noticias-villa-maria\/wp-json\/wp\/v2\/tags?post=103256"}],"curies":[{"name":"wp","href":"https:\/\/api.w.org\/{rel}","templated":true}]}}