{"id":103782,"date":"2025-03-04T01:13:51","date_gmt":"2025-03-04T01:13:51","guid":{"rendered":"https:\/\/elregionalvm.com.ar\/noticias-villa-maria\/?p=103782"},"modified":"2025-03-09T15:13:46","modified_gmt":"2025-03-09T15:13:46","slug":"opinion-el-caso-lian-por-que-desaparecen-los-ninos","status":"publish","type":"post","link":"https:\/\/elregionalvm.com.ar\/noticias-villa-maria\/opinion-el-caso-lian-por-que-desaparecen-los-ninos\/","title":{"rendered":"[Opini\u00f3n] El caso Lian: \u00bfPor qu\u00e9 desaparecen los ni\u00f1os?"},"content":{"rendered":"\n<p><\/p>\n\n\n\n<p><strong>Escribe: Cristina Pablos<\/strong><\/p>\n\n\n\n<p><\/p>\n\n\n\n<p>Los ni\u00f1os desaparecen en Argentina, como creo que, en cualquier parte del mundo, por diversos motivos; entre ellos la violencia familiar, la explotaci\u00f3n sexual, el secuestro para la trata de personas, la venta de \u00f3rganos o la venta de beb\u00e9s a otras familias que los adoptan.<\/p>\n\n\n\n<p>Los adolescentes pueden huir de sus hogares por problemas con sus padres, violencia familiar, abuso sexual.<\/p>\n\n\n\n<p>Durante la Dictadura Militar Argentina se secuestraron y separaron a muchos beb\u00e9s reci\u00e9n paridos de sus madres detenidas.<\/p>\n\n\n\n<p>Tambi\u00e9n existe la extorsi\u00f3n entre parientes, la entrega de ni\u00f1os como forma de pago por deudas contra\u00eddas.<\/p>\n\n\n\n<p>Y, tambi\u00e9n, la complicidad de alguna autoridad policial o judicial, en alg\u00fan caso.<\/p>\n\n\n\n<p>En algunas regiones del pa\u00eds los ni\u00f1os son sacrificados en rituales religiosos (\u00bf?)<\/p>\n\n\n\n<p><\/p>\n\n\n\n<figure class=\"wp-block-image size-large\"><img data-recalc-dims=\"1\" fetchpriority=\"high\" decoding=\"async\" width=\"1024\" height=\"614\" src=\"https:\/\/i0.wp.com\/elregionalvm.com.ar\/noticias-villa-maria\/wp-content\/uploads\/2025\/02\/Lian-busqueda.png?resize=1024%2C614&#038;ssl=1\" alt=\"\" class=\"wp-image-103624\" srcset=\"https:\/\/i0.wp.com\/elregionalvm.com.ar\/noticias-villa-maria\/wp-content\/uploads\/2025\/02\/Lian-busqueda.png?resize=1024%2C614&amp;ssl=1 1024w, https:\/\/i0.wp.com\/elregionalvm.com.ar\/noticias-villa-maria\/wp-content\/uploads\/2025\/02\/Lian-busqueda.png?resize=300%2C180&amp;ssl=1 300w, https:\/\/i0.wp.com\/elregionalvm.com.ar\/noticias-villa-maria\/wp-content\/uploads\/2025\/02\/Lian-busqueda.png?resize=768%2C461&amp;ssl=1 768w, https:\/\/i0.wp.com\/elregionalvm.com.ar\/noticias-villa-maria\/wp-content\/uploads\/2025\/02\/Lian-busqueda.png?w=1200&amp;ssl=1 1200w\" sizes=\"(max-width: 1000px) 100vw, 1000px\" \/><\/figure>\n\n\n\n<p><\/p>\n\n\n\n<p>Hay 140 ni\u00f1os desaparecidos en Argentina. Para sus familias la vida se detuvo en ese instante.<\/p>\n\n\n\n<p>Detr\u00e1s de cada uno de ellos hay una historia y familias que no pierden la esperanza de encontrarlos.&nbsp;<\/p>\n\n\n\n<p>A todos los busca Missing Children, organizaci\u00f3n a nivel internacional. Esta ONG hace 25 a\u00f1os que se dedica a buscar ni\u00f1os; funciona como un puente entre quienes buscan y quienes tienen informaci\u00f3n.<\/p>\n\n\n\n<h2 class=\"wp-block-heading\"><strong>Seg\u00fan los datos de esta ONG en nuestro pa\u00eds desaparecen entre 4 o 5 ni\u00f1os por d\u00eda, alcanzando 1.200 casos al a\u00f1o<\/strong>.<\/h2>\n\n\n\n<p><\/p>\n\n\n\n<figure class=\"wp-block-pullquote\"><blockquote><p><strong>Seg\u00fan los datos de Missing Children en nuestro pa\u00eds desaparecen entre 4 o 5 ni\u00f1os por d\u00eda, alcanzando 1.200 casos al a\u00f1o<\/strong><\/p><\/blockquote><\/figure>\n\n\n\n<p><\/p>\n\n\n\n<p>Hay 45 casos que corresponden a personas que ya han alcanzado la mayor\u00eda de edad, pero contin\u00faan sin ser encontrados, como el caso de Sof\u00eda Herrera, desaparecida en Tierra del Fuego en 2008 a los 10 a\u00f1os y que diera nombre al \u201cAlerta Sof\u00eda\u201d en 2019.<\/p>\n\n\n\n<p>Desde su fundaci\u00f3n, en 1999, Missing Children Argentina recibi\u00f3 18.465 denuncias de desapariciones, el 95% de los cuales han sido recuperados.<\/p>\n\n\n\n<p><\/p>\n\n\n\n<figure class=\"wp-block-image size-full\"><img data-recalc-dims=\"1\" decoding=\"async\" width=\"977\" height=\"625\" src=\"https:\/\/i0.wp.com\/elregionalvm.com.ar\/noticias-villa-maria\/wp-content\/uploads\/2025\/02\/Missing-children-portada-ninos-desaparecidos-Lian-1.jpg?resize=977%2C625&#038;ssl=1\" alt=\"\" class=\"wp-image-103698\" srcset=\"https:\/\/i0.wp.com\/elregionalvm.com.ar\/noticias-villa-maria\/wp-content\/uploads\/2025\/02\/Missing-children-portada-ninos-desaparecidos-Lian-1.jpg?w=977&amp;ssl=1 977w, https:\/\/i0.wp.com\/elregionalvm.com.ar\/noticias-villa-maria\/wp-content\/uploads\/2025\/02\/Missing-children-portada-ninos-desaparecidos-Lian-1.jpg?resize=300%2C192&amp;ssl=1 300w, https:\/\/i0.wp.com\/elregionalvm.com.ar\/noticias-villa-maria\/wp-content\/uploads\/2025\/02\/Missing-children-portada-ninos-desaparecidos-Lian-1.jpg?resize=768%2C491&amp;ssl=1 768w\" sizes=\"(max-width: 977px) 100vw, 977px\" \/><\/figure>\n\n\n\n<p><\/p>\n\n\n\n<p>Algunos adolescentes dejan sus hogares de forma espont\u00e1nea o son secuestrados por alguno de sus progenitores, algunos desaparecen a causa de alguna discapacidad o por el consumo de estupefacientes.<\/p>\n\n\n\n<p>La Asociaci\u00f3n tiene algunos casos donde es evidente que hubo una sustracci\u00f3n por parte de un extra\u00f1o. Antes de la pandemia por Covid, era com\u00fan que, familias pudientes argentinas viajaran a Ucrania a comprar un beb\u00e9 reci\u00e9n nacido, pr\u00e1ctica aceptada en ese pa\u00eds.<\/p>\n\n\n\n<p>De hecho, cuando Rusia invade a Ucrania, muchos matrimonios debieron ser evacuados-con o sin el beb\u00e9- por Aerol\u00edneas Argentinas.<\/p>\n\n\n\n<p>Es falso que haya que esperar 24 horas para hacer la denuncia de la desaparici\u00f3n; los primeros momentos despu\u00e9s del extrav\u00edo son cruciales, especialmente en el caso de un ni\u00f1o peque\u00f1o por su vulnerabilidad. Se les llama \u201clas horas de oro\u201d.<\/p>\n\n\n\n<p>El rol de las redes sociales y los medios son indispensables para su difusi\u00f3n y que las personas estemos atentas por si vemos a alguna criatura en situaci\u00f3n extra\u00f1a.<\/p>\n\n\n\n<p>Entre las herramientas recientes, se destaca la colaboraci\u00f3n de Missing Children Italia que utiliza la IA para hacer progresiones de edad.<\/p>\n\n\n\n<p>Hace algunos meses fue Loan y, con solo una letra de diferencia, ahora es Lian.<\/p>\n\n\n\n<p>El resto es todo el circo, las idas y vueltas y contradicciones, a lo que ya estamos acostumbrados.<\/p>\n\n\n\n<p>Cuesta no ser esc\u00e9ptica, pero deseo que, cuando esta nota sea publicada, Lian est\u00e9 donde debe estar, con su familia.<\/p>\n","protected":false},"excerpt":{"rendered":"<p>Escribe: Cristina Pablos Los ni\u00f1os desaparecen en Argentina, como creo que, en cualquier parte del mundo, por diversos motivos; entre ellos la violencia familiar, la explotaci\u00f3n sexual, el secuestro para la trata de personas, la venta de \u00f3rganos o la venta de beb\u00e9s a otras familias que los adoptan. Los adolescentes pueden huir de sus [&hellip;]<\/p>\n","protected":false},"author":4,"featured_media":103784,"comment_status":"open","ping_status":"open","sticky":false,"template":"","format":"standard","meta":{"site-sidebar-layout":"default","site-content-layout":"","ast-site-content-layout":"default","site-content-style":"default","site-sidebar-style":"default","ast-global-header-display":"","ast-banner-title-visibility":"","ast-main-header-display":"","ast-hfb-above-header-display":"","ast-hfb-below-header-display":"","ast-hfb-mobile-header-display":"","site-post-title":"","ast-breadcrumbs-content":"","ast-featured-img":"","footer-sml-layout":"","ast-disable-related-posts":"","theme-transparent-header-meta":"","adv-header-id-meta":"","stick-header-meta":"","header-above-stick-meta":"","header-main-stick-meta":"","header-below-stick-meta":"","astra-migrate-meta-layouts":"set","ast-page-background-enabled":"default","ast-page-background-meta":{"desktop":{"background-color":"","background-image":"","background-repeat":"repeat","background-position":"center center","background-size":"auto","background-attachment":"scroll","background-type":"","background-media":"","overlay-type":"","overlay-color":"","overlay-opacity":"","overlay-gradient":""},"tablet":{"background-color":"","background-image":"","background-repeat":"repeat","background-position":"center center","background-size":"auto","background-attachment":"scroll","background-type":"","background-media":"","overlay-type":"","overlay-color":"","overlay-opacity":"","overlay-gradient":""},"mobile":{"background-color":"","background-image":"","background-repeat":"repeat","background-position":"center center","background-size":"auto","background-attachment":"scroll","background-type":"","background-media":"","overlay-type":"","overlay-color":"","overlay-opacity":"","overlay-gradient":""}},"ast-content-background-meta":{"desktop":{"background-color":"var(--ast-global-color-5)","background-image":"","background-repeat":"repeat","background-position":"center center","background-size":"auto","background-attachment":"scroll","background-type":"","background-media":"","overlay-type":"","overlay-color":"","overlay-opacity":"","overlay-gradient":""},"tablet":{"background-color":"var(--ast-global-color-5)","background-image":"","background-repeat":"repeat","background-position":"center center","background-size":"auto","background-attachment":"scroll","background-type":"","background-media":"","overlay-type":"","overlay-color":"","overlay-opacity":"","overlay-gradient":""},"mobile":{"background-color":"var(--ast-global-color-5)","background-image":"","background-repeat":"repeat","background-position":"center center","background-size":"auto","background-attachment":"scroll","background-type":"","background-media":"","overlay-type":"","overlay-color":"","overlay-opacity":"","overlay-gradient":""}},"_jetpack_memberships_contains_paid_content":false,"_joinchat":[],"footnotes":""},"categories":[365,3557],"tags":[2742,415,3230,3380,24758,24109,24139,24762,2439,8143],"class_list":["post-103782","post","type-post","status-publish","format-standard","has-post-thumbnail","hentry","category-opinion","category-tercera","tag-adolescentes","tag-argentina","tag-ballesteros-sud","tag-desaparicion","tag-lian","tag-loan","tag-missing-children","tag-ninos-desaparecidos","tag-secuestro","tag-trata-de-personas"],"yoast_head":"<!-- This site is optimized with the Yoast SEO plugin v26.8 - https:\/\/yoast.com\/product\/yoast-seo-wordpress\/ -->\n<title>[Opini\u00f3n] El caso Lian: \u00bfPor qu\u00e9 desaparecen los ni\u00f1os? - El Regional<\/title>\n<meta name=\"robots\" content=\"index, follow, max-snippet:-1, max-image-preview:large, max-video-preview:-1\" \/>\n<link rel=\"canonical\" href=\"https:\/\/elregionalvm.com.ar\/noticias-villa-maria\/opinion-el-caso-lian-por-que-desaparecen-los-ninos\/\" \/>\n<meta property=\"og:locale\" content=\"es_ES\" \/>\n<meta property=\"og:type\" content=\"article\" \/>\n<meta property=\"og:title\" content=\"[Opini\u00f3n] El caso Lian: \u00bfPor qu\u00e9 desaparecen los ni\u00f1os? - El Regional\" \/>\n<meta property=\"og:description\" content=\"Escribe: Cristina Pablos Los ni\u00f1os desaparecen en Argentina, como creo que, en cualquier parte del mundo, por diversos motivos; entre ellos la violencia familiar, la explotaci\u00f3n sexual, el secuestro para la trata de personas, la venta de \u00f3rganos o la venta de beb\u00e9s a otras familias que los adoptan. Los adolescentes pueden huir de sus [&hellip;]\" \/>\n<meta property=\"og:url\" content=\"https:\/\/elregionalvm.com.ar\/noticias-villa-maria\/opinion-el-caso-lian-por-que-desaparecen-los-ninos\/\" \/>\n<meta property=\"og:site_name\" content=\"El Regional\" \/>\n<meta property=\"article:publisher\" content=\"https:\/\/www.facebook.com\/elregionalvm\" \/>\n<meta property=\"article:published_time\" content=\"2025-03-04T01:13:51+00:00\" \/>\n<meta property=\"article:modified_time\" content=\"2025-03-09T15:13:46+00:00\" \/>\n<meta property=\"og:image\" content=\"https:\/\/elregionalvm.com.ar\/noticias-villa-maria\/wp-content\/uploads\/2025\/03\/caso-lian-flores-cartel-auto.webp\" \/>\n\t<meta property=\"og:image:width\" content=\"1200\" \/>\n\t<meta property=\"og:image:height\" content=\"675\" \/>\n\t<meta property=\"og:image:type\" content=\"image\/webp\" \/>\n<meta name=\"author\" content=\"Contenidos El Regional\" \/>\n<meta name=\"twitter:card\" content=\"summary_large_image\" \/>\n<meta name=\"twitter:creator\" content=\"@elregionalvm1\" \/>\n<meta name=\"twitter:site\" content=\"@elregionalvm1\" \/>\n<meta name=\"twitter:label1\" content=\"Escrito por\" \/>\n\t<meta name=\"twitter:data1\" content=\"Contenidos El Regional\" \/>\n\t<meta name=\"twitter:label2\" content=\"Tiempo de lectura\" \/>\n\t<meta name=\"twitter:data2\" content=\"3 minutos\" \/>\n<script type=\"application\/ld+json\" class=\"yoast-schema-graph\">{\"@context\":\"https:\/\/schema.org\",\"@graph\":[{\"@type\":\"Article\",\"@id\":\"https:\/\/elregionalvm.com.ar\/noticias-villa-maria\/opinion-el-caso-lian-por-que-desaparecen-los-ninos\/#article\",\"isPartOf\":{\"@id\":\"https:\/\/elregionalvm.com.ar\/noticias-villa-maria\/opinion-el-caso-lian-por-que-desaparecen-los-ninos\/\"},\"author\":{\"name\":\"Contenidos El Regional\",\"@id\":\"http:\/\/elregionalvm.com.ar\/noticias-villa-maria\/#\/schema\/person\/a0fb9c422317faca23d50163151bc354\"},\"headline\":\"[Opini\u00f3n] El caso Lian: \u00bfPor qu\u00e9 desaparecen los ni\u00f1os?\",\"datePublished\":\"2025-03-04T01:13:51+00:00\",\"dateModified\":\"2025-03-09T15:13:46+00:00\",\"mainEntityOfPage\":{\"@id\":\"https:\/\/elregionalvm.com.ar\/noticias-villa-maria\/opinion-el-caso-lian-por-que-desaparecen-los-ninos\/\"},\"wordCount\":588,\"commentCount\":0,\"image\":{\"@id\":\"https:\/\/elregionalvm.com.ar\/noticias-villa-maria\/opinion-el-caso-lian-por-que-desaparecen-los-ninos\/#primaryimage\"},\"thumbnailUrl\":\"https:\/\/i0.wp.com\/elregionalvm.com.ar\/noticias-villa-maria\/wp-content\/uploads\/2025\/03\/caso-lian-flores-cartel-auto.webp?fit=1200%2C675&ssl=1\",\"keywords\":[\"adolescentes\",\"Argentina\",\"Ballesteros Sud\",\"desaparici\u00f3n\",\"Lian\",\"Loan\",\"Missing Children\",\"ni\u00f1os desaparecidos\",\"Secuestro\",\"Trata de personas\"],\"articleSection\":[\"Opini\u00f3n\",\"tercera\"],\"inLanguage\":\"es\",\"potentialAction\":[{\"@type\":\"CommentAction\",\"name\":\"Comment\",\"target\":[\"https:\/\/elregionalvm.com.ar\/noticias-villa-maria\/opinion-el-caso-lian-por-que-desaparecen-los-ninos\/#respond\"]}]},{\"@type\":\"WebPage\",\"@id\":\"https:\/\/elregionalvm.com.ar\/noticias-villa-maria\/opinion-el-caso-lian-por-que-desaparecen-los-ninos\/\",\"url\":\"https:\/\/elregionalvm.com.ar\/noticias-villa-maria\/opinion-el-caso-lian-por-que-desaparecen-los-ninos\/\",\"name\":\"[Opini\u00f3n] El caso Lian: \u00bfPor qu\u00e9 desaparecen los ni\u00f1os? - El Regional\",\"isPartOf\":{\"@id\":\"http:\/\/elregionalvm.com.ar\/noticias-villa-maria\/#website\"},\"primaryImageOfPage\":{\"@id\":\"https:\/\/elregionalvm.com.ar\/noticias-villa-maria\/opinion-el-caso-lian-por-que-desaparecen-los-ninos\/#primaryimage\"},\"image\":{\"@id\":\"https:\/\/elregionalvm.com.ar\/noticias-villa-maria\/opinion-el-caso-lian-por-que-desaparecen-los-ninos\/#primaryimage\"},\"thumbnailUrl\":\"https:\/\/i0.wp.com\/elregionalvm.com.ar\/noticias-villa-maria\/wp-content\/uploads\/2025\/03\/caso-lian-flores-cartel-auto.webp?fit=1200%2C675&ssl=1\",\"datePublished\":\"2025-03-04T01:13:51+00:00\",\"dateModified\":\"2025-03-09T15:13:46+00:00\",\"author\":{\"@id\":\"http:\/\/elregionalvm.com.ar\/noticias-villa-maria\/#\/schema\/person\/a0fb9c422317faca23d50163151bc354\"},\"breadcrumb\":{\"@id\":\"https:\/\/elregionalvm.com.ar\/noticias-villa-maria\/opinion-el-caso-lian-por-que-desaparecen-los-ninos\/#breadcrumb\"},\"inLanguage\":\"es\",\"potentialAction\":[{\"@type\":\"ReadAction\",\"target\":[\"https:\/\/elregionalvm.com.ar\/noticias-villa-maria\/opinion-el-caso-lian-por-que-desaparecen-los-ninos\/\"]}]},{\"@type\":\"ImageObject\",\"inLanguage\":\"es\",\"@id\":\"https:\/\/elregionalvm.com.ar\/noticias-villa-maria\/opinion-el-caso-lian-por-que-desaparecen-los-ninos\/#primaryimage\",\"url\":\"https:\/\/i0.wp.com\/elregionalvm.com.ar\/noticias-villa-maria\/wp-content\/uploads\/2025\/03\/caso-lian-flores-cartel-auto.webp?fit=1200%2C675&ssl=1\",\"contentUrl\":\"https:\/\/i0.wp.com\/elregionalvm.com.ar\/noticias-villa-maria\/wp-content\/uploads\/2025\/03\/caso-lian-flores-cartel-auto.webp?fit=1200%2C675&ssl=1\",\"width\":1200,\"height\":675},{\"@type\":\"BreadcrumbList\",\"@id\":\"https:\/\/elregionalvm.com.ar\/noticias-villa-maria\/opinion-el-caso-lian-por-que-desaparecen-los-ninos\/#breadcrumb\",\"itemListElement\":[{\"@type\":\"ListItem\",\"position\":1,\"name\":\"Portada\",\"item\":\"https:\/\/elregionalvm.com.ar\/noticias-villa-maria\/\"},{\"@type\":\"ListItem\",\"position\":2,\"name\":\"[Opini\u00f3n] El caso Lian: \u00bfPor qu\u00e9 desaparecen los ni\u00f1os?\"}]},{\"@type\":\"WebSite\",\"@id\":\"http:\/\/elregionalvm.com.ar\/noticias-villa-maria\/#website\",\"url\":\"http:\/\/elregionalvm.com.ar\/noticias-villa-maria\/\",\"name\":\"El Regional\",\"description\":\"Mucho m\u00e1s que informaci\u00f3n\",\"potentialAction\":[{\"@type\":\"SearchAction\",\"target\":{\"@type\":\"EntryPoint\",\"urlTemplate\":\"http:\/\/elregionalvm.com.ar\/noticias-villa-maria\/?s={search_term_string}\"},\"query-input\":{\"@type\":\"PropertyValueSpecification\",\"valueRequired\":true,\"valueName\":\"search_term_string\"}}],\"inLanguage\":\"es\"},{\"@type\":\"Person\",\"@id\":\"http:\/\/elregionalvm.com.ar\/noticias-villa-maria\/#\/schema\/person\/a0fb9c422317faca23d50163151bc354\",\"name\":\"Contenidos El Regional\",\"image\":{\"@type\":\"ImageObject\",\"inLanguage\":\"es\",\"@id\":\"http:\/\/elregionalvm.com.ar\/noticias-villa-maria\/#\/schema\/person\/image\/\",\"url\":\"https:\/\/secure.gravatar.com\/avatar\/265b27cb2209af7bb3a1318f03305787d7981a5cc6e6cd08fe5a4ecdf99d4b48?s=96&d=mm&r=g\",\"contentUrl\":\"https:\/\/secure.gravatar.com\/avatar\/265b27cb2209af7bb3a1318f03305787d7981a5cc6e6cd08fe5a4ecdf99d4b48?s=96&d=mm&r=g\",\"caption\":\"Contenidos El Regional\"},\"url\":\"https:\/\/elregionalvm.com.ar\/noticias-villa-maria\/author\/contenido\/\"}]}<\/script>\n<!-- \/ Yoast SEO plugin. -->","yoast_head_json":{"title":"[Opini\u00f3n] El caso Lian: \u00bfPor qu\u00e9 desaparecen los ni\u00f1os? - El Regional","robots":{"index":"index","follow":"follow","max-snippet":"max-snippet:-1","max-image-preview":"max-image-preview:large","max-video-preview":"max-video-preview:-1"},"canonical":"https:\/\/elregionalvm.com.ar\/noticias-villa-maria\/opinion-el-caso-lian-por-que-desaparecen-los-ninos\/","og_locale":"es_ES","og_type":"article","og_title":"[Opini\u00f3n] El caso Lian: \u00bfPor qu\u00e9 desaparecen los ni\u00f1os? - El Regional","og_description":"Escribe: Cristina Pablos Los ni\u00f1os desaparecen en Argentina, como creo que, en cualquier parte del mundo, por diversos motivos; entre ellos la violencia familiar, la explotaci\u00f3n sexual, el secuestro para la trata de personas, la venta de \u00f3rganos o la venta de beb\u00e9s a otras familias que los adoptan. Los adolescentes pueden huir de sus [&hellip;]","og_url":"https:\/\/elregionalvm.com.ar\/noticias-villa-maria\/opinion-el-caso-lian-por-que-desaparecen-los-ninos\/","og_site_name":"El Regional","article_publisher":"https:\/\/www.facebook.com\/elregionalvm","article_published_time":"2025-03-04T01:13:51+00:00","article_modified_time":"2025-03-09T15:13:46+00:00","og_image":[{"width":1200,"height":675,"url":"https:\/\/elregionalvm.com.ar\/noticias-villa-maria\/wp-content\/uploads\/2025\/03\/caso-lian-flores-cartel-auto.webp","type":"image\/webp"}],"author":"Contenidos El Regional","twitter_card":"summary_large_image","twitter_creator":"@elregionalvm1","twitter_site":"@elregionalvm1","twitter_misc":{"Escrito por":"Contenidos El Regional","Tiempo de lectura":"3 minutos"},"schema":{"@context":"https:\/\/schema.org","@graph":[{"@type":"Article","@id":"https:\/\/elregionalvm.com.ar\/noticias-villa-maria\/opinion-el-caso-lian-por-que-desaparecen-los-ninos\/#article","isPartOf":{"@id":"https:\/\/elregionalvm.com.ar\/noticias-villa-maria\/opinion-el-caso-lian-por-que-desaparecen-los-ninos\/"},"author":{"name":"Contenidos El Regional","@id":"http:\/\/elregionalvm.com.ar\/noticias-villa-maria\/#\/schema\/person\/a0fb9c422317faca23d50163151bc354"},"headline":"[Opini\u00f3n] El caso Lian: \u00bfPor qu\u00e9 desaparecen los ni\u00f1os?","datePublished":"2025-03-04T01:13:51+00:00","dateModified":"2025-03-09T15:13:46+00:00","mainEntityOfPage":{"@id":"https:\/\/elregionalvm.com.ar\/noticias-villa-maria\/opinion-el-caso-lian-por-que-desaparecen-los-ninos\/"},"wordCount":588,"commentCount":0,"image":{"@id":"https:\/\/elregionalvm.com.ar\/noticias-villa-maria\/opinion-el-caso-lian-por-que-desaparecen-los-ninos\/#primaryimage"},"thumbnailUrl":"https:\/\/i0.wp.com\/elregionalvm.com.ar\/noticias-villa-maria\/wp-content\/uploads\/2025\/03\/caso-lian-flores-cartel-auto.webp?fit=1200%2C675&ssl=1","keywords":["adolescentes","Argentina","Ballesteros Sud","desaparici\u00f3n","Lian","Loan","Missing Children","ni\u00f1os desaparecidos","Secuestro","Trata de personas"],"articleSection":["Opini\u00f3n","tercera"],"inLanguage":"es","potentialAction":[{"@type":"CommentAction","name":"Comment","target":["https:\/\/elregionalvm.com.ar\/noticias-villa-maria\/opinion-el-caso-lian-por-que-desaparecen-los-ninos\/#respond"]}]},{"@type":"WebPage","@id":"https:\/\/elregionalvm.com.ar\/noticias-villa-maria\/opinion-el-caso-lian-por-que-desaparecen-los-ninos\/","url":"https:\/\/elregionalvm.com.ar\/noticias-villa-maria\/opinion-el-caso-lian-por-que-desaparecen-los-ninos\/","name":"[Opini\u00f3n] El caso Lian: \u00bfPor qu\u00e9 desaparecen los ni\u00f1os? - El Regional","isPartOf":{"@id":"http:\/\/elregionalvm.com.ar\/noticias-villa-maria\/#website"},"primaryImageOfPage":{"@id":"https:\/\/elregionalvm.com.ar\/noticias-villa-maria\/opinion-el-caso-lian-por-que-desaparecen-los-ninos\/#primaryimage"},"image":{"@id":"https:\/\/elregionalvm.com.ar\/noticias-villa-maria\/opinion-el-caso-lian-por-que-desaparecen-los-ninos\/#primaryimage"},"thumbnailUrl":"https:\/\/i0.wp.com\/elregionalvm.com.ar\/noticias-villa-maria\/wp-content\/uploads\/2025\/03\/caso-lian-flores-cartel-auto.webp?fit=1200%2C675&ssl=1","datePublished":"2025-03-04T01:13:51+00:00","dateModified":"2025-03-09T15:13:46+00:00","author":{"@id":"http:\/\/elregionalvm.com.ar\/noticias-villa-maria\/#\/schema\/person\/a0fb9c422317faca23d50163151bc354"},"breadcrumb":{"@id":"https:\/\/elregionalvm.com.ar\/noticias-villa-maria\/opinion-el-caso-lian-por-que-desaparecen-los-ninos\/#breadcrumb"},"inLanguage":"es","potentialAction":[{"@type":"ReadAction","target":["https:\/\/elregionalvm.com.ar\/noticias-villa-maria\/opinion-el-caso-lian-por-que-desaparecen-los-ninos\/"]}]},{"@type":"ImageObject","inLanguage":"es","@id":"https:\/\/elregionalvm.com.ar\/noticias-villa-maria\/opinion-el-caso-lian-por-que-desaparecen-los-ninos\/#primaryimage","url":"https:\/\/i0.wp.com\/elregionalvm.com.ar\/noticias-villa-maria\/wp-content\/uploads\/2025\/03\/caso-lian-flores-cartel-auto.webp?fit=1200%2C675&ssl=1","contentUrl":"https:\/\/i0.wp.com\/elregionalvm.com.ar\/noticias-villa-maria\/wp-content\/uploads\/2025\/03\/caso-lian-flores-cartel-auto.webp?fit=1200%2C675&ssl=1","width":1200,"height":675},{"@type":"BreadcrumbList","@id":"https:\/\/elregionalvm.com.ar\/noticias-villa-maria\/opinion-el-caso-lian-por-que-desaparecen-los-ninos\/#breadcrumb","itemListElement":[{"@type":"ListItem","position":1,"name":"Portada","item":"https:\/\/elregionalvm.com.ar\/noticias-villa-maria\/"},{"@type":"ListItem","position":2,"name":"[Opini\u00f3n] El caso Lian: \u00bfPor qu\u00e9 desaparecen los ni\u00f1os?"}]},{"@type":"WebSite","@id":"http:\/\/elregionalvm.com.ar\/noticias-villa-maria\/#website","url":"http:\/\/elregionalvm.com.ar\/noticias-villa-maria\/","name":"El Regional","description":"Mucho m\u00e1s que informaci\u00f3n","potentialAction":[{"@type":"SearchAction","target":{"@type":"EntryPoint","urlTemplate":"http:\/\/elregionalvm.com.ar\/noticias-villa-maria\/?s={search_term_string}"},"query-input":{"@type":"PropertyValueSpecification","valueRequired":true,"valueName":"search_term_string"}}],"inLanguage":"es"},{"@type":"Person","@id":"http:\/\/elregionalvm.com.ar\/noticias-villa-maria\/#\/schema\/person\/a0fb9c422317faca23d50163151bc354","name":"Contenidos El Regional","image":{"@type":"ImageObject","inLanguage":"es","@id":"http:\/\/elregionalvm.com.ar\/noticias-villa-maria\/#\/schema\/person\/image\/","url":"https:\/\/secure.gravatar.com\/avatar\/265b27cb2209af7bb3a1318f03305787d7981a5cc6e6cd08fe5a4ecdf99d4b48?s=96&d=mm&r=g","contentUrl":"https:\/\/secure.gravatar.com\/avatar\/265b27cb2209af7bb3a1318f03305787d7981a5cc6e6cd08fe5a4ecdf99d4b48?s=96&d=mm&r=g","caption":"Contenidos El Regional"},"url":"https:\/\/elregionalvm.com.ar\/noticias-villa-maria\/author\/contenido\/"}]}},"jetpack_featured_media_url":"https:\/\/i0.wp.com\/elregionalvm.com.ar\/noticias-villa-maria\/wp-content\/uploads\/2025\/03\/caso-lian-flores-cartel-auto.webp?fit=1200%2C675&ssl=1","jetpack_sharing_enabled":true,"_links":{"self":[{"href":"https:\/\/elregionalvm.com.ar\/noticias-villa-maria\/wp-json\/wp\/v2\/posts\/103782","targetHints":{"allow":["GET"]}}],"collection":[{"href":"https:\/\/elregionalvm.com.ar\/noticias-villa-maria\/wp-json\/wp\/v2\/posts"}],"about":[{"href":"https:\/\/elregionalvm.com.ar\/noticias-villa-maria\/wp-json\/wp\/v2\/types\/post"}],"author":[{"embeddable":true,"href":"https:\/\/elregionalvm.com.ar\/noticias-villa-maria\/wp-json\/wp\/v2\/users\/4"}],"replies":[{"embeddable":true,"href":"https:\/\/elregionalvm.com.ar\/noticias-villa-maria\/wp-json\/wp\/v2\/comments?post=103782"}],"version-history":[{"count":2,"href":"https:\/\/elregionalvm.com.ar\/noticias-villa-maria\/wp-json\/wp\/v2\/posts\/103782\/revisions"}],"predecessor-version":[{"id":103786,"href":"https:\/\/elregionalvm.com.ar\/noticias-villa-maria\/wp-json\/wp\/v2\/posts\/103782\/revisions\/103786"}],"wp:featuredmedia":[{"embeddable":true,"href":"https:\/\/elregionalvm.com.ar\/noticias-villa-maria\/wp-json\/wp\/v2\/media\/103784"}],"wp:attachment":[{"href":"https:\/\/elregionalvm.com.ar\/noticias-villa-maria\/wp-json\/wp\/v2\/media?parent=103782"}],"wp:term":[{"taxonomy":"category","embeddable":true,"href":"https:\/\/elregionalvm.com.ar\/noticias-villa-maria\/wp-json\/wp\/v2\/categories?post=103782"},{"taxonomy":"post_tag","embeddable":true,"href":"https:\/\/elregionalvm.com.ar\/noticias-villa-maria\/wp-json\/wp\/v2\/tags?post=103782"}],"curies":[{"name":"wp","href":"https:\/\/api.w.org\/{rel}","templated":true}]}}