{"id":103908,"date":"2025-03-07T01:08:08","date_gmt":"2025-03-07T01:08:08","guid":{"rendered":"https:\/\/elregionalvm.com.ar\/noticias-villa-maria\/?p=103908"},"modified":"2025-03-07T01:08:10","modified_gmt":"2025-03-07T01:08:10","slug":"en-el-marco-de-operativos-de-seguridad-detuvieron-a-9-personas-por-hechos-de-delito-secuestraron-una-moto-y-mercaderia-robada","status":"publish","type":"post","link":"https:\/\/elregionalvm.com.ar\/noticias-villa-maria\/en-el-marco-de-operativos-de-seguridad-detuvieron-a-9-personas-por-hechos-de-delito-secuestraron-una-moto-y-mercaderia-robada\/","title":{"rendered":"En el marco de Operativos de Seguridad, detuvieron a 9 personas por hechos de delito, secuestraron una moto y mercader\u00eda robada"},"content":{"rendered":"\n<p>\u2981 En horas de la tarde, del d\u00eda 04\/03\/25 desde calle Remedios de Escalada 1500 de B\u00ba Rivadavia de Villa Mar\u00eda se procedi\u00f3 a la detenci\u00f3n PSA de delito de VIOLACION DE DOMICILIO de un hombre de 31 a\u00f1os de edad. Todo debido a que momentos antes, es sorprendido saltando la reja de una vivienda ubicada en calle Malvinas Argentinas al 1600, siendo esta propiedad de una mujer de 72 a\u00f1os de edad.<\/p>\n\n\n\n<p><br>\u2981 En horas de la noche, del d\u00eda 04\/03\/25, desde la intersecci\u00f3n de las calles Guanacache y Aconcagua de B\u00ba Los Olmos de Villa Mar\u00eda se procedi\u00f3 a la detenci\u00f3n P.S.I ART. 102 DEL C.C.C, de un hombre de 42 a\u00f1os de edad, y al secuestro de un arma blanca (tipo cuchilla), que ten\u00eda en su poder al momento del control, traslad\u00e1ndolo hacia Hospital Pasteur, ya que el mismo, presentaba cortes en su pierna izquierda a ra\u00edz de una posible ri\u00f1a, y a posterior alojamiento en Alcald\u00eda.<\/p>\n\n\n\n<p><br>\u2981 En horas de la madrugada, del d\u00eda 05\/03\/25, desde calle Int Reyno 400 de B\u00ba Nicol\u00e1s Avellaneda de Villa Mar\u00eda se procedi\u00f3 a efectivizar la Orden de detenci\u00f3n de un hombre de 31 a\u00f1os de edad, ya que personal policial es comisionado por la Central de Comunicaciones a constituirse en la intersecci\u00f3n de las calles Salta y Urtubey, donde se encuentra un hombre, conocido en el \u00e1mbito policial por sus frondosos antecedentes, el cual estaba aparentemente manipulando un arma de fuego, junto a otros dos masculinos. <\/p>\n\n\n\n<p>Teniendo en cuenta de la Orden en cuesti\u00f3n que pesa sobre este masculino con fecha 26\/ 02\/ 2025 p.s.a de Lesiones Graves solicitado por Fiscal\u00eda de Primer Turno a cargo de la Dra. MALDONADO, Sec. N\u00ba 2 Dra. Barra, en virtud de ser damnificado un hombre de 18 a\u00f1os de edad. Cabe mencionar que, al arribo del personal policial, este hombre emprende la huida entre los techos, por lo que se realiza un operativo cerrojo en la manzana junto a los dem\u00e1s m\u00f3viles que se constituyen en el lugar en colaboraci\u00f3n, para lograr as\u00ed aprehensi\u00f3n de este hombre.<\/p>\n\n\n\n<p><br>\u2981 En horas de la ma\u00f1ana del d\u00eda 05\/03\/25, desde calle Castelli 1300 de B\u00ba La Calera de Villa Mar\u00eda se procedi\u00f3 a la detenci\u00f3n POR EL ART. 80 DEL C.C.C. de un hombre de 26 a\u00f1os de edad, ya que Personal Policial Comisionado por la Central de comunicaciones, debido a que previamente se hab\u00edan recibido m\u00faltiples llamados telef\u00f3nicos al 911, de vecinos quej\u00e1ndose de dicho hombre estaba agresivo, realizando limpieza de vidrios a los autom\u00f3viles que circulan de Bv. V\u00e9lez Sarsfield y Leandro N Alem, donde en uno de ellos, este hombre, hab\u00eda pateado un autom\u00f3vil y amenazado al conductor con romperle el vidrio del veh\u00edculo, por lo que al arribo de personal policial encuentra al masculino a dos cuadras del lugar en estado de ebriedad, haciendo esc\u00e1ndalos y amenazando con una botella de cerveza en su mano, raz\u00f3n por la cual se precede a su aprehensi\u00f3n y al secuestro del envase.<\/p>\n\n\n\n<p><br>\u2981 En horas de la tarde del d\u00eda 05\/03\/25, desde la intersecci\u00f3n de las calles Buenos Aires y Gorriti de B\u00ba San Martin de Villa Mar\u00eda se procedi\u00f3 a la detenci\u00f3n P.S.A HURTO EN GRADO DE TENTATIVA de un masculino de 24 a\u00f1os de edad, ya que momentos antes ingresa a la vivienda ubicada en calle Recife N 10 B\u00b0 Beletti de esta ciudad, con intenci\u00f3n de sustraer aparentemente una motocicleta. A posterior se realiza un seguimiento controlado al hombre, con las filiaciones aportadas por los propietarios de la vivienda donde se apreciaban las caracter\u00edsticas del mismo, y lo que permite localizar este masculino y proceder a la aprehensi\u00f3n del mismo, como as\u00ed tambi\u00e9n al Secuestro de una (01) gorra negra, una (01) mochila negra, (01) par de zapatillas y una (01) ganz\u00faa.<\/p>\n\n\n\n<p><br>\u2981 En horas de la tarde del d\u00eda 05\/03\/25, desde calle Bv. Argentino y Guillermo Rawson de B\u00ba Trinitario de Villa Mar\u00eda personal de la Divisi\u00f3n Investigaciones de esta ciudad, procedi\u00f3 a cumplimentar la Orden Judicial de detenci\u00f3n de un hombre de 20 a\u00f1os PSA Da\u00f1o. Donde resulto damnificado un comerciante de 53 a\u00f1os de edad, ya que el detenido, el d\u00eda de la fecha ocasionar la rotura de un cartel del local comercial.<\/p>\n\n\n\n<p><br>\u2981 En horas de la madrugada del d\u00eda 06\/03\/25, desde calle Porfirio Seppey y La Pampa de B\u00ba San Martin de Villa Mar\u00eda se procedi\u00f3 a la detenci\u00f3n PSA DESOBEDIENCIA A LA AUTORIDAD de dos hombres, menores de edad, ambos de 15 a\u00f1os y al secuestro de una motocicleta, sin dominio colocado. Todo debido a que minutos antes, personal policial quieren identificar a dichos sujetos en Bv Sarmiento y Brandsen y estos hacen caso omiso a la solicitud de detener la marcha, emprendiendo la huida por inmediaciones, logrando interceptarlos para luego proceder la aprehensi\u00f3n a posterior traslado de los mismo para ser puestos a disposici\u00f3n de Juzgado Penal Juvenil.<\/p>\n\n\n\n<p><br>\u2981 En horas de la tarde del dia de la fecha desde calle V\u00e9lez Sarsfield n\u00ba1100 de Barrio Altte. Brown de Villa Mar\u00eda se procedio a la detenci\u00f3n P.S.A. A HURTO de un hombre de 41 a\u00f1os de edad, ya que momentos antes se hizo presente en el supermercado y sustrae mercader\u00eda, como bebidas varias, siendo damnificado un hombre de 61 a\u00f1os de edad.<\/p>\n\n\n\n<figure class=\"wp-block-image size-large\"><img data-recalc-dims=\"1\" fetchpriority=\"high\" decoding=\"async\" width=\"1024\" height=\"576\" src=\"https:\/\/i0.wp.com\/elregionalvm.com.ar\/noticias-villa-maria\/wp-content\/uploads\/2025\/03\/f8924136-cb06-43bf-af28-7837bdcd7efa.jpg?resize=1024%2C576&#038;ssl=1\" alt=\"\" class=\"wp-image-103910\" srcset=\"https:\/\/i0.wp.com\/elregionalvm.com.ar\/noticias-villa-maria\/wp-content\/uploads\/2025\/03\/f8924136-cb06-43bf-af28-7837bdcd7efa.jpg?resize=1024%2C576&amp;ssl=1 1024w, https:\/\/i0.wp.com\/elregionalvm.com.ar\/noticias-villa-maria\/wp-content\/uploads\/2025\/03\/f8924136-cb06-43bf-af28-7837bdcd7efa.jpg?resize=300%2C169&amp;ssl=1 300w, https:\/\/i0.wp.com\/elregionalvm.com.ar\/noticias-villa-maria\/wp-content\/uploads\/2025\/03\/f8924136-cb06-43bf-af28-7837bdcd7efa.jpg?resize=768%2C432&amp;ssl=1 768w, https:\/\/i0.wp.com\/elregionalvm.com.ar\/noticias-villa-maria\/wp-content\/uploads\/2025\/03\/f8924136-cb06-43bf-af28-7837bdcd7efa.jpg?w=1280&amp;ssl=1 1280w\" sizes=\"(max-width: 1000px) 100vw, 1000px\" \/><\/figure>\n\n\n\n<p>Recupero de veh\u00edculos<\/p>\n\n\n\n<ul class=\"wp-block-list\">\n<li>En horas de la tarde del dia de la fecha desde calle Canova N.\u00ba 300 de Villa Mar\u00eda, se procedio al *SECUESTRO DE MOTOCICLETA POR SUSTITUCION DE BIEN REGISTRABLE, la cual al momento del control posee partes de otra motocicleta, la misma se encuentra en poder de un hombre de 21 a\u00f1os de edad.<\/li>\n<\/ul>\n","protected":false},"excerpt":{"rendered":"<p>\u2981 En horas de la tarde, del d\u00eda 04\/03\/25 desde calle Remedios de Escalada 1500 de B\u00ba Rivadavia de Villa Mar\u00eda se procedi\u00f3 a la detenci\u00f3n PSA de delito de VIOLACION DE DOMICILIO de un hombre de 31 a\u00f1os de edad. Todo debido a que momentos antes, es sorprendido saltando la reja de una vivienda [&hellip;]<\/p>\n","protected":false},"author":4,"featured_media":103909,"comment_status":"open","ping_status":"open","sticky":false,"template":"","format":"standard","meta":{"site-sidebar-layout":"default","site-content-layout":"","ast-site-content-layout":"default","site-content-style":"default","site-sidebar-style":"default","ast-global-header-display":"","ast-banner-title-visibility":"","ast-main-header-display":"","ast-hfb-above-header-display":"","ast-hfb-below-header-display":"","ast-hfb-mobile-header-display":"","site-post-title":"","ast-breadcrumbs-content":"","ast-featured-img":"","footer-sml-layout":"","ast-disable-related-posts":"","theme-transparent-header-meta":"","adv-header-id-meta":"","stick-header-meta":"","header-above-stick-meta":"","header-main-stick-meta":"","header-below-stick-meta":"","astra-migrate-meta-layouts":"set","ast-page-background-enabled":"default","ast-page-background-meta":{"desktop":{"background-color":"","background-image":"","background-repeat":"repeat","background-position":"center center","background-size":"auto","background-attachment":"scroll","background-type":"","background-media":"","overlay-type":"","overlay-color":"","overlay-opacity":"","overlay-gradient":""},"tablet":{"background-color":"","background-image":"","background-repeat":"repeat","background-position":"center center","background-size":"auto","background-attachment":"scroll","background-type":"","background-media":"","overlay-type":"","overlay-color":"","overlay-opacity":"","overlay-gradient":""},"mobile":{"background-color":"","background-image":"","background-repeat":"repeat","background-position":"center center","background-size":"auto","background-attachment":"scroll","background-type":"","background-media":"","overlay-type":"","overlay-color":"","overlay-opacity":"","overlay-gradient":""}},"ast-content-background-meta":{"desktop":{"background-color":"var(--ast-global-color-5)","background-image":"","background-repeat":"repeat","background-position":"center center","background-size":"auto","background-attachment":"scroll","background-type":"","background-media":"","overlay-type":"","overlay-color":"","overlay-opacity":"","overlay-gradient":""},"tablet":{"background-color":"var(--ast-global-color-5)","background-image":"","background-repeat":"repeat","background-position":"center center","background-size":"auto","background-attachment":"scroll","background-type":"","background-media":"","overlay-type":"","overlay-color":"","overlay-opacity":"","overlay-gradient":""},"mobile":{"background-color":"var(--ast-global-color-5)","background-image":"","background-repeat":"repeat","background-position":"center center","background-size":"auto","background-attachment":"scroll","background-type":"","background-media":"","overlay-type":"","overlay-color":"","overlay-opacity":"","overlay-gradient":""}},"_jetpack_memberships_contains_paid_content":false,"_joinchat":[],"footnotes":""},"categories":[15302,2234,5,2,1408],"tags":[],"class_list":["post-103908","post","type-post","status-publish","format-standard","has-post-thumbnail","hentry","category-destacado","category-policiales","category-sociedad","category-villa-maria","category-villa-nueva"],"yoast_head":"<!-- This site is optimized with the Yoast SEO plugin v26.8 - https:\/\/yoast.com\/product\/yoast-seo-wordpress\/ -->\n<title>En el marco de Operativos de Seguridad, detuvieron a 9 personas por hechos de delito, secuestraron una moto y mercader\u00eda robada - El Regional<\/title>\n<meta name=\"robots\" content=\"index, follow, max-snippet:-1, max-image-preview:large, max-video-preview:-1\" \/>\n<link rel=\"canonical\" href=\"https:\/\/elregionalvm.com.ar\/noticias-villa-maria\/en-el-marco-de-operativos-de-seguridad-detuvieron-a-9-personas-por-hechos-de-delito-secuestraron-una-moto-y-mercaderia-robada\/\" \/>\n<meta property=\"og:locale\" content=\"es_ES\" \/>\n<meta property=\"og:type\" content=\"article\" \/>\n<meta property=\"og:title\" content=\"En el marco de Operativos de Seguridad, detuvieron a 9 personas por hechos de delito, secuestraron una moto y mercader\u00eda robada - El Regional\" \/>\n<meta property=\"og:description\" content=\"\u2981 En horas de la tarde, del d\u00eda 04\/03\/25 desde calle Remedios de Escalada 1500 de B\u00ba Rivadavia de Villa Mar\u00eda se procedi\u00f3 a la detenci\u00f3n PSA de delito de VIOLACION DE DOMICILIO de un hombre de 31 a\u00f1os de edad. Todo debido a que momentos antes, es sorprendido saltando la reja de una vivienda [&hellip;]\" \/>\n<meta property=\"og:url\" content=\"https:\/\/elregionalvm.com.ar\/noticias-villa-maria\/en-el-marco-de-operativos-de-seguridad-detuvieron-a-9-personas-por-hechos-de-delito-secuestraron-una-moto-y-mercaderia-robada\/\" \/>\n<meta property=\"og:site_name\" content=\"El Regional\" \/>\n<meta property=\"article:publisher\" content=\"https:\/\/www.facebook.com\/elregionalvm\" \/>\n<meta property=\"article:published_time\" content=\"2025-03-07T01:08:08+00:00\" \/>\n<meta property=\"article:modified_time\" content=\"2025-03-07T01:08:10+00:00\" \/>\n<meta property=\"og:image\" content=\"https:\/\/elregionalvm.com.ar\/noticias-villa-maria\/wp-content\/uploads\/2025\/03\/f4b2ab7b-c626-4645-8e20-e07d443ce601.jpg\" \/>\n\t<meta property=\"og:image:width\" content=\"720\" \/>\n\t<meta property=\"og:image:height\" content=\"1280\" \/>\n\t<meta property=\"og:image:type\" content=\"image\/jpeg\" \/>\n<meta name=\"author\" content=\"Contenidos El Regional\" \/>\n<meta name=\"twitter:card\" content=\"summary_large_image\" \/>\n<meta name=\"twitter:creator\" content=\"@elregionalvm1\" \/>\n<meta name=\"twitter:site\" content=\"@elregionalvm1\" \/>\n<meta name=\"twitter:label1\" content=\"Escrito por\" \/>\n\t<meta name=\"twitter:data1\" content=\"Contenidos El Regional\" \/>\n\t<meta name=\"twitter:label2\" content=\"Tiempo de lectura\" \/>\n\t<meta name=\"twitter:data2\" content=\"5 minutos\" \/>\n<script type=\"application\/ld+json\" class=\"yoast-schema-graph\">{\"@context\":\"https:\/\/schema.org\",\"@graph\":[{\"@type\":\"Article\",\"@id\":\"https:\/\/elregionalvm.com.ar\/noticias-villa-maria\/en-el-marco-de-operativos-de-seguridad-detuvieron-a-9-personas-por-hechos-de-delito-secuestraron-una-moto-y-mercaderia-robada\/#article\",\"isPartOf\":{\"@id\":\"https:\/\/elregionalvm.com.ar\/noticias-villa-maria\/en-el-marco-de-operativos-de-seguridad-detuvieron-a-9-personas-por-hechos-de-delito-secuestraron-una-moto-y-mercaderia-robada\/\"},\"author\":{\"name\":\"Contenidos El Regional\",\"@id\":\"http:\/\/elregionalvm.com.ar\/noticias-villa-maria\/#\/schema\/person\/a0fb9c422317faca23d50163151bc354\"},\"headline\":\"En el marco de Operativos de Seguridad, detuvieron a 9 personas por hechos de delito, secuestraron una moto y mercader\u00eda robada\",\"datePublished\":\"2025-03-07T01:08:08+00:00\",\"dateModified\":\"2025-03-07T01:08:10+00:00\",\"mainEntityOfPage\":{\"@id\":\"https:\/\/elregionalvm.com.ar\/noticias-villa-maria\/en-el-marco-de-operativos-de-seguridad-detuvieron-a-9-personas-por-hechos-de-delito-secuestraron-una-moto-y-mercaderia-robada\/\"},\"wordCount\":1001,\"commentCount\":0,\"image\":{\"@id\":\"https:\/\/elregionalvm.com.ar\/noticias-villa-maria\/en-el-marco-de-operativos-de-seguridad-detuvieron-a-9-personas-por-hechos-de-delito-secuestraron-una-moto-y-mercaderia-robada\/#primaryimage\"},\"thumbnailUrl\":\"https:\/\/i0.wp.com\/elregionalvm.com.ar\/noticias-villa-maria\/wp-content\/uploads\/2025\/03\/f4b2ab7b-c626-4645-8e20-e07d443ce601.jpg?fit=720%2C1280&ssl=1\",\"articleSection\":[\"destacado\",\"Policiales\",\"Sociedad\",\"Villa Mar\u00eda\",\"Villa Nueva\"],\"inLanguage\":\"es\",\"potentialAction\":[{\"@type\":\"CommentAction\",\"name\":\"Comment\",\"target\":[\"https:\/\/elregionalvm.com.ar\/noticias-villa-maria\/en-el-marco-de-operativos-de-seguridad-detuvieron-a-9-personas-por-hechos-de-delito-secuestraron-una-moto-y-mercaderia-robada\/#respond\"]}]},{\"@type\":\"WebPage\",\"@id\":\"https:\/\/elregionalvm.com.ar\/noticias-villa-maria\/en-el-marco-de-operativos-de-seguridad-detuvieron-a-9-personas-por-hechos-de-delito-secuestraron-una-moto-y-mercaderia-robada\/\",\"url\":\"https:\/\/elregionalvm.com.ar\/noticias-villa-maria\/en-el-marco-de-operativos-de-seguridad-detuvieron-a-9-personas-por-hechos-de-delito-secuestraron-una-moto-y-mercaderia-robada\/\",\"name\":\"En el marco de Operativos de Seguridad, detuvieron a 9 personas por hechos de delito, secuestraron una moto y mercader\u00eda robada - El Regional\",\"isPartOf\":{\"@id\":\"http:\/\/elregionalvm.com.ar\/noticias-villa-maria\/#website\"},\"primaryImageOfPage\":{\"@id\":\"https:\/\/elregionalvm.com.ar\/noticias-villa-maria\/en-el-marco-de-operativos-de-seguridad-detuvieron-a-9-personas-por-hechos-de-delito-secuestraron-una-moto-y-mercaderia-robada\/#primaryimage\"},\"image\":{\"@id\":\"https:\/\/elregionalvm.com.ar\/noticias-villa-maria\/en-el-marco-de-operativos-de-seguridad-detuvieron-a-9-personas-por-hechos-de-delito-secuestraron-una-moto-y-mercaderia-robada\/#primaryimage\"},\"thumbnailUrl\":\"https:\/\/i0.wp.com\/elregionalvm.com.ar\/noticias-villa-maria\/wp-content\/uploads\/2025\/03\/f4b2ab7b-c626-4645-8e20-e07d443ce601.jpg?fit=720%2C1280&ssl=1\",\"datePublished\":\"2025-03-07T01:08:08+00:00\",\"dateModified\":\"2025-03-07T01:08:10+00:00\",\"author\":{\"@id\":\"http:\/\/elregionalvm.com.ar\/noticias-villa-maria\/#\/schema\/person\/a0fb9c422317faca23d50163151bc354\"},\"breadcrumb\":{\"@id\":\"https:\/\/elregionalvm.com.ar\/noticias-villa-maria\/en-el-marco-de-operativos-de-seguridad-detuvieron-a-9-personas-por-hechos-de-delito-secuestraron-una-moto-y-mercaderia-robada\/#breadcrumb\"},\"inLanguage\":\"es\",\"potentialAction\":[{\"@type\":\"ReadAction\",\"target\":[\"https:\/\/elregionalvm.com.ar\/noticias-villa-maria\/en-el-marco-de-operativos-de-seguridad-detuvieron-a-9-personas-por-hechos-de-delito-secuestraron-una-moto-y-mercaderia-robada\/\"]}]},{\"@type\":\"ImageObject\",\"inLanguage\":\"es\",\"@id\":\"https:\/\/elregionalvm.com.ar\/noticias-villa-maria\/en-el-marco-de-operativos-de-seguridad-detuvieron-a-9-personas-por-hechos-de-delito-secuestraron-una-moto-y-mercaderia-robada\/#primaryimage\",\"url\":\"https:\/\/i0.wp.com\/elregionalvm.com.ar\/noticias-villa-maria\/wp-content\/uploads\/2025\/03\/f4b2ab7b-c626-4645-8e20-e07d443ce601.jpg?fit=720%2C1280&ssl=1\",\"contentUrl\":\"https:\/\/i0.wp.com\/elregionalvm.com.ar\/noticias-villa-maria\/wp-content\/uploads\/2025\/03\/f4b2ab7b-c626-4645-8e20-e07d443ce601.jpg?fit=720%2C1280&ssl=1\",\"width\":720,\"height\":1280},{\"@type\":\"BreadcrumbList\",\"@id\":\"https:\/\/elregionalvm.com.ar\/noticias-villa-maria\/en-el-marco-de-operativos-de-seguridad-detuvieron-a-9-personas-por-hechos-de-delito-secuestraron-una-moto-y-mercaderia-robada\/#breadcrumb\",\"itemListElement\":[{\"@type\":\"ListItem\",\"position\":1,\"name\":\"Portada\",\"item\":\"https:\/\/elregionalvm.com.ar\/noticias-villa-maria\/\"},{\"@type\":\"ListItem\",\"position\":2,\"name\":\"En el marco de Operativos de Seguridad, detuvieron a 9 personas por hechos de delito, secuestraron una moto y mercader\u00eda robada\"}]},{\"@type\":\"WebSite\",\"@id\":\"http:\/\/elregionalvm.com.ar\/noticias-villa-maria\/#website\",\"url\":\"http:\/\/elregionalvm.com.ar\/noticias-villa-maria\/\",\"name\":\"El Regional\",\"description\":\"Mucho m\u00e1s que informaci\u00f3n\",\"potentialAction\":[{\"@type\":\"SearchAction\",\"target\":{\"@type\":\"EntryPoint\",\"urlTemplate\":\"http:\/\/elregionalvm.com.ar\/noticias-villa-maria\/?s={search_term_string}\"},\"query-input\":{\"@type\":\"PropertyValueSpecification\",\"valueRequired\":true,\"valueName\":\"search_term_string\"}}],\"inLanguage\":\"es\"},{\"@type\":\"Person\",\"@id\":\"http:\/\/elregionalvm.com.ar\/noticias-villa-maria\/#\/schema\/person\/a0fb9c422317faca23d50163151bc354\",\"name\":\"Contenidos El Regional\",\"image\":{\"@type\":\"ImageObject\",\"inLanguage\":\"es\",\"@id\":\"http:\/\/elregionalvm.com.ar\/noticias-villa-maria\/#\/schema\/person\/image\/\",\"url\":\"https:\/\/secure.gravatar.com\/avatar\/265b27cb2209af7bb3a1318f03305787d7981a5cc6e6cd08fe5a4ecdf99d4b48?s=96&d=mm&r=g\",\"contentUrl\":\"https:\/\/secure.gravatar.com\/avatar\/265b27cb2209af7bb3a1318f03305787d7981a5cc6e6cd08fe5a4ecdf99d4b48?s=96&d=mm&r=g\",\"caption\":\"Contenidos El Regional\"},\"url\":\"https:\/\/elregionalvm.com.ar\/noticias-villa-maria\/author\/contenido\/\"}]}<\/script>\n<!-- \/ Yoast SEO plugin. -->","yoast_head_json":{"title":"En el marco de Operativos de Seguridad, detuvieron a 9 personas por hechos de delito, secuestraron una moto y mercader\u00eda robada - El Regional","robots":{"index":"index","follow":"follow","max-snippet":"max-snippet:-1","max-image-preview":"max-image-preview:large","max-video-preview":"max-video-preview:-1"},"canonical":"https:\/\/elregionalvm.com.ar\/noticias-villa-maria\/en-el-marco-de-operativos-de-seguridad-detuvieron-a-9-personas-por-hechos-de-delito-secuestraron-una-moto-y-mercaderia-robada\/","og_locale":"es_ES","og_type":"article","og_title":"En el marco de Operativos de Seguridad, detuvieron a 9 personas por hechos de delito, secuestraron una moto y mercader\u00eda robada - El Regional","og_description":"\u2981 En horas de la tarde, del d\u00eda 04\/03\/25 desde calle Remedios de Escalada 1500 de B\u00ba Rivadavia de Villa Mar\u00eda se procedi\u00f3 a la detenci\u00f3n PSA de delito de VIOLACION DE DOMICILIO de un hombre de 31 a\u00f1os de edad. Todo debido a que momentos antes, es sorprendido saltando la reja de una vivienda [&hellip;]","og_url":"https:\/\/elregionalvm.com.ar\/noticias-villa-maria\/en-el-marco-de-operativos-de-seguridad-detuvieron-a-9-personas-por-hechos-de-delito-secuestraron-una-moto-y-mercaderia-robada\/","og_site_name":"El Regional","article_publisher":"https:\/\/www.facebook.com\/elregionalvm","article_published_time":"2025-03-07T01:08:08+00:00","article_modified_time":"2025-03-07T01:08:10+00:00","og_image":[{"width":720,"height":1280,"url":"https:\/\/elregionalvm.com.ar\/noticias-villa-maria\/wp-content\/uploads\/2025\/03\/f4b2ab7b-c626-4645-8e20-e07d443ce601.jpg","type":"image\/jpeg"}],"author":"Contenidos El Regional","twitter_card":"summary_large_image","twitter_creator":"@elregionalvm1","twitter_site":"@elregionalvm1","twitter_misc":{"Escrito por":"Contenidos El Regional","Tiempo de lectura":"5 minutos"},"schema":{"@context":"https:\/\/schema.org","@graph":[{"@type":"Article","@id":"https:\/\/elregionalvm.com.ar\/noticias-villa-maria\/en-el-marco-de-operativos-de-seguridad-detuvieron-a-9-personas-por-hechos-de-delito-secuestraron-una-moto-y-mercaderia-robada\/#article","isPartOf":{"@id":"https:\/\/elregionalvm.com.ar\/noticias-villa-maria\/en-el-marco-de-operativos-de-seguridad-detuvieron-a-9-personas-por-hechos-de-delito-secuestraron-una-moto-y-mercaderia-robada\/"},"author":{"name":"Contenidos El Regional","@id":"http:\/\/elregionalvm.com.ar\/noticias-villa-maria\/#\/schema\/person\/a0fb9c422317faca23d50163151bc354"},"headline":"En el marco de Operativos de Seguridad, detuvieron a 9 personas por hechos de delito, secuestraron una moto y mercader\u00eda robada","datePublished":"2025-03-07T01:08:08+00:00","dateModified":"2025-03-07T01:08:10+00:00","mainEntityOfPage":{"@id":"https:\/\/elregionalvm.com.ar\/noticias-villa-maria\/en-el-marco-de-operativos-de-seguridad-detuvieron-a-9-personas-por-hechos-de-delito-secuestraron-una-moto-y-mercaderia-robada\/"},"wordCount":1001,"commentCount":0,"image":{"@id":"https:\/\/elregionalvm.com.ar\/noticias-villa-maria\/en-el-marco-de-operativos-de-seguridad-detuvieron-a-9-personas-por-hechos-de-delito-secuestraron-una-moto-y-mercaderia-robada\/#primaryimage"},"thumbnailUrl":"https:\/\/i0.wp.com\/elregionalvm.com.ar\/noticias-villa-maria\/wp-content\/uploads\/2025\/03\/f4b2ab7b-c626-4645-8e20-e07d443ce601.jpg?fit=720%2C1280&ssl=1","articleSection":["destacado","Policiales","Sociedad","Villa Mar\u00eda","Villa Nueva"],"inLanguage":"es","potentialAction":[{"@type":"CommentAction","name":"Comment","target":["https:\/\/elregionalvm.com.ar\/noticias-villa-maria\/en-el-marco-de-operativos-de-seguridad-detuvieron-a-9-personas-por-hechos-de-delito-secuestraron-una-moto-y-mercaderia-robada\/#respond"]}]},{"@type":"WebPage","@id":"https:\/\/elregionalvm.com.ar\/noticias-villa-maria\/en-el-marco-de-operativos-de-seguridad-detuvieron-a-9-personas-por-hechos-de-delito-secuestraron-una-moto-y-mercaderia-robada\/","url":"https:\/\/elregionalvm.com.ar\/noticias-villa-maria\/en-el-marco-de-operativos-de-seguridad-detuvieron-a-9-personas-por-hechos-de-delito-secuestraron-una-moto-y-mercaderia-robada\/","name":"En el marco de Operativos de Seguridad, detuvieron a 9 personas por hechos de delito, secuestraron una moto y mercader\u00eda robada - El Regional","isPartOf":{"@id":"http:\/\/elregionalvm.com.ar\/noticias-villa-maria\/#website"},"primaryImageOfPage":{"@id":"https:\/\/elregionalvm.com.ar\/noticias-villa-maria\/en-el-marco-de-operativos-de-seguridad-detuvieron-a-9-personas-por-hechos-de-delito-secuestraron-una-moto-y-mercaderia-robada\/#primaryimage"},"image":{"@id":"https:\/\/elregionalvm.com.ar\/noticias-villa-maria\/en-el-marco-de-operativos-de-seguridad-detuvieron-a-9-personas-por-hechos-de-delito-secuestraron-una-moto-y-mercaderia-robada\/#primaryimage"},"thumbnailUrl":"https:\/\/i0.wp.com\/elregionalvm.com.ar\/noticias-villa-maria\/wp-content\/uploads\/2025\/03\/f4b2ab7b-c626-4645-8e20-e07d443ce601.jpg?fit=720%2C1280&ssl=1","datePublished":"2025-03-07T01:08:08+00:00","dateModified":"2025-03-07T01:08:10+00:00","author":{"@id":"http:\/\/elregionalvm.com.ar\/noticias-villa-maria\/#\/schema\/person\/a0fb9c422317faca23d50163151bc354"},"breadcrumb":{"@id":"https:\/\/elregionalvm.com.ar\/noticias-villa-maria\/en-el-marco-de-operativos-de-seguridad-detuvieron-a-9-personas-por-hechos-de-delito-secuestraron-una-moto-y-mercaderia-robada\/#breadcrumb"},"inLanguage":"es","potentialAction":[{"@type":"ReadAction","target":["https:\/\/elregionalvm.com.ar\/noticias-villa-maria\/en-el-marco-de-operativos-de-seguridad-detuvieron-a-9-personas-por-hechos-de-delito-secuestraron-una-moto-y-mercaderia-robada\/"]}]},{"@type":"ImageObject","inLanguage":"es","@id":"https:\/\/elregionalvm.com.ar\/noticias-villa-maria\/en-el-marco-de-operativos-de-seguridad-detuvieron-a-9-personas-por-hechos-de-delito-secuestraron-una-moto-y-mercaderia-robada\/#primaryimage","url":"https:\/\/i0.wp.com\/elregionalvm.com.ar\/noticias-villa-maria\/wp-content\/uploads\/2025\/03\/f4b2ab7b-c626-4645-8e20-e07d443ce601.jpg?fit=720%2C1280&ssl=1","contentUrl":"https:\/\/i0.wp.com\/elregionalvm.com.ar\/noticias-villa-maria\/wp-content\/uploads\/2025\/03\/f4b2ab7b-c626-4645-8e20-e07d443ce601.jpg?fit=720%2C1280&ssl=1","width":720,"height":1280},{"@type":"BreadcrumbList","@id":"https:\/\/elregionalvm.com.ar\/noticias-villa-maria\/en-el-marco-de-operativos-de-seguridad-detuvieron-a-9-personas-por-hechos-de-delito-secuestraron-una-moto-y-mercaderia-robada\/#breadcrumb","itemListElement":[{"@type":"ListItem","position":1,"name":"Portada","item":"https:\/\/elregionalvm.com.ar\/noticias-villa-maria\/"},{"@type":"ListItem","position":2,"name":"En el marco de Operativos de Seguridad, detuvieron a 9 personas por hechos de delito, secuestraron una moto y mercader\u00eda robada"}]},{"@type":"WebSite","@id":"http:\/\/elregionalvm.com.ar\/noticias-villa-maria\/#website","url":"http:\/\/elregionalvm.com.ar\/noticias-villa-maria\/","name":"El Regional","description":"Mucho m\u00e1s que informaci\u00f3n","potentialAction":[{"@type":"SearchAction","target":{"@type":"EntryPoint","urlTemplate":"http:\/\/elregionalvm.com.ar\/noticias-villa-maria\/?s={search_term_string}"},"query-input":{"@type":"PropertyValueSpecification","valueRequired":true,"valueName":"search_term_string"}}],"inLanguage":"es"},{"@type":"Person","@id":"http:\/\/elregionalvm.com.ar\/noticias-villa-maria\/#\/schema\/person\/a0fb9c422317faca23d50163151bc354","name":"Contenidos El Regional","image":{"@type":"ImageObject","inLanguage":"es","@id":"http:\/\/elregionalvm.com.ar\/noticias-villa-maria\/#\/schema\/person\/image\/","url":"https:\/\/secure.gravatar.com\/avatar\/265b27cb2209af7bb3a1318f03305787d7981a5cc6e6cd08fe5a4ecdf99d4b48?s=96&d=mm&r=g","contentUrl":"https:\/\/secure.gravatar.com\/avatar\/265b27cb2209af7bb3a1318f03305787d7981a5cc6e6cd08fe5a4ecdf99d4b48?s=96&d=mm&r=g","caption":"Contenidos El Regional"},"url":"https:\/\/elregionalvm.com.ar\/noticias-villa-maria\/author\/contenido\/"}]}},"jetpack_featured_media_url":"https:\/\/i0.wp.com\/elregionalvm.com.ar\/noticias-villa-maria\/wp-content\/uploads\/2025\/03\/f4b2ab7b-c626-4645-8e20-e07d443ce601.jpg?fit=720%2C1280&ssl=1","jetpack_sharing_enabled":true,"_links":{"self":[{"href":"https:\/\/elregionalvm.com.ar\/noticias-villa-maria\/wp-json\/wp\/v2\/posts\/103908","targetHints":{"allow":["GET"]}}],"collection":[{"href":"https:\/\/elregionalvm.com.ar\/noticias-villa-maria\/wp-json\/wp\/v2\/posts"}],"about":[{"href":"https:\/\/elregionalvm.com.ar\/noticias-villa-maria\/wp-json\/wp\/v2\/types\/post"}],"author":[{"embeddable":true,"href":"https:\/\/elregionalvm.com.ar\/noticias-villa-maria\/wp-json\/wp\/v2\/users\/4"}],"replies":[{"embeddable":true,"href":"https:\/\/elregionalvm.com.ar\/noticias-villa-maria\/wp-json\/wp\/v2\/comments?post=103908"}],"version-history":[{"count":1,"href":"https:\/\/elregionalvm.com.ar\/noticias-villa-maria\/wp-json\/wp\/v2\/posts\/103908\/revisions"}],"predecessor-version":[{"id":103911,"href":"https:\/\/elregionalvm.com.ar\/noticias-villa-maria\/wp-json\/wp\/v2\/posts\/103908\/revisions\/103911"}],"wp:featuredmedia":[{"embeddable":true,"href":"https:\/\/elregionalvm.com.ar\/noticias-villa-maria\/wp-json\/wp\/v2\/media\/103909"}],"wp:attachment":[{"href":"https:\/\/elregionalvm.com.ar\/noticias-villa-maria\/wp-json\/wp\/v2\/media?parent=103908"}],"wp:term":[{"taxonomy":"category","embeddable":true,"href":"https:\/\/elregionalvm.com.ar\/noticias-villa-maria\/wp-json\/wp\/v2\/categories?post=103908"},{"taxonomy":"post_tag","embeddable":true,"href":"https:\/\/elregionalvm.com.ar\/noticias-villa-maria\/wp-json\/wp\/v2\/tags?post=103908"}],"curies":[{"name":"wp","href":"https:\/\/api.w.org\/{rel}","templated":true}]}}