{"id":103917,"date":"2025-03-07T01:33:30","date_gmt":"2025-03-07T01:33:30","guid":{"rendered":"https:\/\/elregionalvm.com.ar\/noticias-villa-maria\/?p=103917"},"modified":"2025-03-07T01:33:31","modified_gmt":"2025-03-07T01:33:31","slug":"un-matrimonio-adulto-sufrio-un-robo-en-su-negocio","status":"publish","type":"post","link":"https:\/\/elregionalvm.com.ar\/noticias-villa-maria\/un-matrimonio-adulto-sufrio-un-robo-en-su-negocio\/","title":{"rendered":"Un matrimonio adulto sufri\u00f3 un robo en su negocio"},"content":{"rendered":"\n<p>Siendo aproximadamente las 18:00 horas del d\u00eda de la fecha, personal policial de la Patrulla Preventiva, se constituye en calle Bolivia 400, de B\u00ba Gral. Paz de Villa Mar\u00eda, donde toma conocimiento de un hecho delictual, entrevistando en el lugar a un hombre de 73 a\u00f1os de edad, y una mujer de 71 a\u00f1os de edad, los cuales en su domicilio poseen un autoservicio. <\/p>\n\n\n\n<p>Refiriendo que momentos antes se hacen presente, dos sujetos quienes mediante armas de fuego tipo pistola, los amenazaron a los fines de apoderarse ilegitimamente de dinero en efectivo, cigarrillos, tel\u00e9fonos celulares, y una motocicleta. Por lo que en el lugar se hace presente el Sr. Fiscal de Instrucci\u00f3n, Dr. Rene Bosio y la Prosec. Dra. Carolina Ardissino, asumiendo la direcci\u00f3n de la investigaci\u00f3n penal correspondiente; a la vez que brindaron contenci\u00f3n y asistencia a las victimas. <\/p>\n\n\n\n<p>En el lugar, acompa\u00f1an la labor, personal de polic\u00eda cient\u00edfica, el Sr. Jefe de Investigaciones de la UR Dptal Gral San Martin,. Crio. Ezequiel Lozano y personal del 107. Se labran actuaciones, con intervenci\u00f3n de la Fiscal\u00eda de Segundo Turno, a cargo del Sr. Fiscal Ren\u00e9 Bosio, Prosec. Dra. Ardissino<\/p>\n","protected":false},"excerpt":{"rendered":"<p>Siendo aproximadamente las 18:00 horas del d\u00eda de la fecha, personal policial de la Patrulla Preventiva, se constituye en calle Bolivia 400, de B\u00ba Gral. Paz de Villa Mar\u00eda, donde toma conocimiento de un hecho delictual, entrevistando en el lugar a un hombre de 73 a\u00f1os de edad, y una mujer de 71 a\u00f1os de [&hellip;]<\/p>\n","protected":false},"author":4,"featured_media":103918,"comment_status":"open","ping_status":"open","sticky":false,"template":"","format":"standard","meta":{"site-sidebar-layout":"default","site-content-layout":"","ast-site-content-layout":"default","site-content-style":"default","site-sidebar-style":"default","ast-global-header-display":"","ast-banner-title-visibility":"","ast-main-header-display":"","ast-hfb-above-header-display":"","ast-hfb-below-header-display":"","ast-hfb-mobile-header-display":"","site-post-title":"","ast-breadcrumbs-content":"","ast-featured-img":"","footer-sml-layout":"","ast-disable-related-posts":"","theme-transparent-header-meta":"","adv-header-id-meta":"","stick-header-meta":"","header-above-stick-meta":"","header-main-stick-meta":"","header-below-stick-meta":"","astra-migrate-meta-layouts":"set","ast-page-background-enabled":"default","ast-page-background-meta":{"desktop":{"background-color":"","background-image":"","background-repeat":"repeat","background-position":"center center","background-size":"auto","background-attachment":"scroll","background-type":"","background-media":"","overlay-type":"","overlay-color":"","overlay-opacity":"","overlay-gradient":""},"tablet":{"background-color":"","background-image":"","background-repeat":"repeat","background-position":"center center","background-size":"auto","background-attachment":"scroll","background-type":"","background-media":"","overlay-type":"","overlay-color":"","overlay-opacity":"","overlay-gradient":""},"mobile":{"background-color":"","background-image":"","background-repeat":"repeat","background-position":"center center","background-size":"auto","background-attachment":"scroll","background-type":"","background-media":"","overlay-type":"","overlay-color":"","overlay-opacity":"","overlay-gradient":""}},"ast-content-background-meta":{"desktop":{"background-color":"var(--ast-global-color-5)","background-image":"","background-repeat":"repeat","background-position":"center center","background-size":"auto","background-attachment":"scroll","background-type":"","background-media":"","overlay-type":"","overlay-color":"","overlay-opacity":"","overlay-gradient":""},"tablet":{"background-color":"var(--ast-global-color-5)","background-image":"","background-repeat":"repeat","background-position":"center center","background-size":"auto","background-attachment":"scroll","background-type":"","background-media":"","overlay-type":"","overlay-color":"","overlay-opacity":"","overlay-gradient":""},"mobile":{"background-color":"var(--ast-global-color-5)","background-image":"","background-repeat":"repeat","background-position":"center center","background-size":"auto","background-attachment":"scroll","background-type":"","background-media":"","overlay-type":"","overlay-color":"","overlay-opacity":"","overlay-gradient":""}},"_jetpack_memberships_contains_paid_content":false,"_joinchat":[],"footnotes":""},"categories":[15302,2234,5,2],"tags":[],"class_list":["post-103917","post","type-post","status-publish","format-standard","has-post-thumbnail","hentry","category-destacado","category-policiales","category-sociedad","category-villa-maria"],"yoast_head":"<!-- This site is optimized with the Yoast SEO plugin v26.8 - https:\/\/yoast.com\/product\/yoast-seo-wordpress\/ -->\n<title>Un matrimonio adulto sufri\u00f3 un robo en su negocio - El Regional<\/title>\n<meta name=\"robots\" content=\"index, follow, max-snippet:-1, max-image-preview:large, max-video-preview:-1\" \/>\n<link rel=\"canonical\" href=\"https:\/\/elregionalvm.com.ar\/noticias-villa-maria\/un-matrimonio-adulto-sufrio-un-robo-en-su-negocio\/\" \/>\n<meta property=\"og:locale\" content=\"es_ES\" \/>\n<meta property=\"og:type\" content=\"article\" \/>\n<meta property=\"og:title\" content=\"Un matrimonio adulto sufri\u00f3 un robo en su negocio - El Regional\" \/>\n<meta property=\"og:description\" content=\"Siendo aproximadamente las 18:00 horas del d\u00eda de la fecha, personal policial de la Patrulla Preventiva, se constituye en calle Bolivia 400, de B\u00ba Gral. Paz de Villa Mar\u00eda, donde toma conocimiento de un hecho delictual, entrevistando en el lugar a un hombre de 73 a\u00f1os de edad, y una mujer de 71 a\u00f1os de [&hellip;]\" \/>\n<meta property=\"og:url\" content=\"https:\/\/elregionalvm.com.ar\/noticias-villa-maria\/un-matrimonio-adulto-sufrio-un-robo-en-su-negocio\/\" \/>\n<meta property=\"og:site_name\" content=\"El Regional\" \/>\n<meta property=\"article:publisher\" content=\"https:\/\/www.facebook.com\/elregionalvm\" \/>\n<meta property=\"article:published_time\" content=\"2025-03-07T01:33:30+00:00\" \/>\n<meta property=\"article:modified_time\" content=\"2025-03-07T01:33:31+00:00\" \/>\n<meta property=\"og:image\" content=\"https:\/\/elregionalvm.com.ar\/noticias-villa-maria\/wp-content\/uploads\/2025\/03\/WhatsApp-Image-2025-03-06-at-9.03.27-PM.jpeg\" \/>\n\t<meta property=\"og:image:width\" content=\"576\" \/>\n\t<meta property=\"og:image:height\" content=\"604\" \/>\n\t<meta property=\"og:image:type\" content=\"image\/jpeg\" \/>\n<meta name=\"author\" content=\"Contenidos El Regional\" \/>\n<meta name=\"twitter:card\" content=\"summary_large_image\" \/>\n<meta name=\"twitter:creator\" content=\"@elregionalvm1\" \/>\n<meta name=\"twitter:site\" content=\"@elregionalvm1\" \/>\n<meta name=\"twitter:label1\" content=\"Escrito por\" \/>\n\t<meta name=\"twitter:data1\" content=\"Contenidos El Regional\" \/>\n\t<meta name=\"twitter:label2\" content=\"Tiempo de lectura\" \/>\n\t<meta name=\"twitter:data2\" content=\"2 minutos\" \/>\n<script type=\"application\/ld+json\" class=\"yoast-schema-graph\">{\"@context\":\"https:\/\/schema.org\",\"@graph\":[{\"@type\":\"Article\",\"@id\":\"https:\/\/elregionalvm.com.ar\/noticias-villa-maria\/un-matrimonio-adulto-sufrio-un-robo-en-su-negocio\/#article\",\"isPartOf\":{\"@id\":\"https:\/\/elregionalvm.com.ar\/noticias-villa-maria\/un-matrimonio-adulto-sufrio-un-robo-en-su-negocio\/\"},\"author\":{\"name\":\"Contenidos El Regional\",\"@id\":\"http:\/\/elregionalvm.com.ar\/noticias-villa-maria\/#\/schema\/person\/a0fb9c422317faca23d50163151bc354\"},\"headline\":\"Un matrimonio adulto sufri\u00f3 un robo en su negocio\",\"datePublished\":\"2025-03-07T01:33:30+00:00\",\"dateModified\":\"2025-03-07T01:33:31+00:00\",\"mainEntityOfPage\":{\"@id\":\"https:\/\/elregionalvm.com.ar\/noticias-villa-maria\/un-matrimonio-adulto-sufrio-un-robo-en-su-negocio\/\"},\"wordCount\":208,\"commentCount\":0,\"image\":{\"@id\":\"https:\/\/elregionalvm.com.ar\/noticias-villa-maria\/un-matrimonio-adulto-sufrio-un-robo-en-su-negocio\/#primaryimage\"},\"thumbnailUrl\":\"https:\/\/i0.wp.com\/elregionalvm.com.ar\/noticias-villa-maria\/wp-content\/uploads\/2025\/03\/WhatsApp-Image-2025-03-06-at-9.03.27-PM.jpeg?fit=576%2C604&ssl=1\",\"articleSection\":[\"destacado\",\"Policiales\",\"Sociedad\",\"Villa Mar\u00eda\"],\"inLanguage\":\"es\",\"potentialAction\":[{\"@type\":\"CommentAction\",\"name\":\"Comment\",\"target\":[\"https:\/\/elregionalvm.com.ar\/noticias-villa-maria\/un-matrimonio-adulto-sufrio-un-robo-en-su-negocio\/#respond\"]}]},{\"@type\":\"WebPage\",\"@id\":\"https:\/\/elregionalvm.com.ar\/noticias-villa-maria\/un-matrimonio-adulto-sufrio-un-robo-en-su-negocio\/\",\"url\":\"https:\/\/elregionalvm.com.ar\/noticias-villa-maria\/un-matrimonio-adulto-sufrio-un-robo-en-su-negocio\/\",\"name\":\"Un matrimonio adulto sufri\u00f3 un robo en su negocio - El Regional\",\"isPartOf\":{\"@id\":\"http:\/\/elregionalvm.com.ar\/noticias-villa-maria\/#website\"},\"primaryImageOfPage\":{\"@id\":\"https:\/\/elregionalvm.com.ar\/noticias-villa-maria\/un-matrimonio-adulto-sufrio-un-robo-en-su-negocio\/#primaryimage\"},\"image\":{\"@id\":\"https:\/\/elregionalvm.com.ar\/noticias-villa-maria\/un-matrimonio-adulto-sufrio-un-robo-en-su-negocio\/#primaryimage\"},\"thumbnailUrl\":\"https:\/\/i0.wp.com\/elregionalvm.com.ar\/noticias-villa-maria\/wp-content\/uploads\/2025\/03\/WhatsApp-Image-2025-03-06-at-9.03.27-PM.jpeg?fit=576%2C604&ssl=1\",\"datePublished\":\"2025-03-07T01:33:30+00:00\",\"dateModified\":\"2025-03-07T01:33:31+00:00\",\"author\":{\"@id\":\"http:\/\/elregionalvm.com.ar\/noticias-villa-maria\/#\/schema\/person\/a0fb9c422317faca23d50163151bc354\"},\"breadcrumb\":{\"@id\":\"https:\/\/elregionalvm.com.ar\/noticias-villa-maria\/un-matrimonio-adulto-sufrio-un-robo-en-su-negocio\/#breadcrumb\"},\"inLanguage\":\"es\",\"potentialAction\":[{\"@type\":\"ReadAction\",\"target\":[\"https:\/\/elregionalvm.com.ar\/noticias-villa-maria\/un-matrimonio-adulto-sufrio-un-robo-en-su-negocio\/\"]}]},{\"@type\":\"ImageObject\",\"inLanguage\":\"es\",\"@id\":\"https:\/\/elregionalvm.com.ar\/noticias-villa-maria\/un-matrimonio-adulto-sufrio-un-robo-en-su-negocio\/#primaryimage\",\"url\":\"https:\/\/i0.wp.com\/elregionalvm.com.ar\/noticias-villa-maria\/wp-content\/uploads\/2025\/03\/WhatsApp-Image-2025-03-06-at-9.03.27-PM.jpeg?fit=576%2C604&ssl=1\",\"contentUrl\":\"https:\/\/i0.wp.com\/elregionalvm.com.ar\/noticias-villa-maria\/wp-content\/uploads\/2025\/03\/WhatsApp-Image-2025-03-06-at-9.03.27-PM.jpeg?fit=576%2C604&ssl=1\",\"width\":576,\"height\":604},{\"@type\":\"BreadcrumbList\",\"@id\":\"https:\/\/elregionalvm.com.ar\/noticias-villa-maria\/un-matrimonio-adulto-sufrio-un-robo-en-su-negocio\/#breadcrumb\",\"itemListElement\":[{\"@type\":\"ListItem\",\"position\":1,\"name\":\"Portada\",\"item\":\"https:\/\/elregionalvm.com.ar\/noticias-villa-maria\/\"},{\"@type\":\"ListItem\",\"position\":2,\"name\":\"Un matrimonio adulto sufri\u00f3 un robo en su negocio\"}]},{\"@type\":\"WebSite\",\"@id\":\"http:\/\/elregionalvm.com.ar\/noticias-villa-maria\/#website\",\"url\":\"http:\/\/elregionalvm.com.ar\/noticias-villa-maria\/\",\"name\":\"El Regional\",\"description\":\"Mucho m\u00e1s que informaci\u00f3n\",\"potentialAction\":[{\"@type\":\"SearchAction\",\"target\":{\"@type\":\"EntryPoint\",\"urlTemplate\":\"http:\/\/elregionalvm.com.ar\/noticias-villa-maria\/?s={search_term_string}\"},\"query-input\":{\"@type\":\"PropertyValueSpecification\",\"valueRequired\":true,\"valueName\":\"search_term_string\"}}],\"inLanguage\":\"es\"},{\"@type\":\"Person\",\"@id\":\"http:\/\/elregionalvm.com.ar\/noticias-villa-maria\/#\/schema\/person\/a0fb9c422317faca23d50163151bc354\",\"name\":\"Contenidos El Regional\",\"image\":{\"@type\":\"ImageObject\",\"inLanguage\":\"es\",\"@id\":\"http:\/\/elregionalvm.com.ar\/noticias-villa-maria\/#\/schema\/person\/image\/\",\"url\":\"https:\/\/secure.gravatar.com\/avatar\/265b27cb2209af7bb3a1318f03305787d7981a5cc6e6cd08fe5a4ecdf99d4b48?s=96&d=mm&r=g\",\"contentUrl\":\"https:\/\/secure.gravatar.com\/avatar\/265b27cb2209af7bb3a1318f03305787d7981a5cc6e6cd08fe5a4ecdf99d4b48?s=96&d=mm&r=g\",\"caption\":\"Contenidos El Regional\"},\"url\":\"https:\/\/elregionalvm.com.ar\/noticias-villa-maria\/author\/contenido\/\"}]}<\/script>\n<!-- \/ Yoast SEO plugin. -->","yoast_head_json":{"title":"Un matrimonio adulto sufri\u00f3 un robo en su negocio - El Regional","robots":{"index":"index","follow":"follow","max-snippet":"max-snippet:-1","max-image-preview":"max-image-preview:large","max-video-preview":"max-video-preview:-1"},"canonical":"https:\/\/elregionalvm.com.ar\/noticias-villa-maria\/un-matrimonio-adulto-sufrio-un-robo-en-su-negocio\/","og_locale":"es_ES","og_type":"article","og_title":"Un matrimonio adulto sufri\u00f3 un robo en su negocio - El Regional","og_description":"Siendo aproximadamente las 18:00 horas del d\u00eda de la fecha, personal policial de la Patrulla Preventiva, se constituye en calle Bolivia 400, de B\u00ba Gral. Paz de Villa Mar\u00eda, donde toma conocimiento de un hecho delictual, entrevistando en el lugar a un hombre de 73 a\u00f1os de edad, y una mujer de 71 a\u00f1os de [&hellip;]","og_url":"https:\/\/elregionalvm.com.ar\/noticias-villa-maria\/un-matrimonio-adulto-sufrio-un-robo-en-su-negocio\/","og_site_name":"El Regional","article_publisher":"https:\/\/www.facebook.com\/elregionalvm","article_published_time":"2025-03-07T01:33:30+00:00","article_modified_time":"2025-03-07T01:33:31+00:00","og_image":[{"width":576,"height":604,"url":"https:\/\/elregionalvm.com.ar\/noticias-villa-maria\/wp-content\/uploads\/2025\/03\/WhatsApp-Image-2025-03-06-at-9.03.27-PM.jpeg","type":"image\/jpeg"}],"author":"Contenidos El Regional","twitter_card":"summary_large_image","twitter_creator":"@elregionalvm1","twitter_site":"@elregionalvm1","twitter_misc":{"Escrito por":"Contenidos El Regional","Tiempo de lectura":"2 minutos"},"schema":{"@context":"https:\/\/schema.org","@graph":[{"@type":"Article","@id":"https:\/\/elregionalvm.com.ar\/noticias-villa-maria\/un-matrimonio-adulto-sufrio-un-robo-en-su-negocio\/#article","isPartOf":{"@id":"https:\/\/elregionalvm.com.ar\/noticias-villa-maria\/un-matrimonio-adulto-sufrio-un-robo-en-su-negocio\/"},"author":{"name":"Contenidos El Regional","@id":"http:\/\/elregionalvm.com.ar\/noticias-villa-maria\/#\/schema\/person\/a0fb9c422317faca23d50163151bc354"},"headline":"Un matrimonio adulto sufri\u00f3 un robo en su negocio","datePublished":"2025-03-07T01:33:30+00:00","dateModified":"2025-03-07T01:33:31+00:00","mainEntityOfPage":{"@id":"https:\/\/elregionalvm.com.ar\/noticias-villa-maria\/un-matrimonio-adulto-sufrio-un-robo-en-su-negocio\/"},"wordCount":208,"commentCount":0,"image":{"@id":"https:\/\/elregionalvm.com.ar\/noticias-villa-maria\/un-matrimonio-adulto-sufrio-un-robo-en-su-negocio\/#primaryimage"},"thumbnailUrl":"https:\/\/i0.wp.com\/elregionalvm.com.ar\/noticias-villa-maria\/wp-content\/uploads\/2025\/03\/WhatsApp-Image-2025-03-06-at-9.03.27-PM.jpeg?fit=576%2C604&ssl=1","articleSection":["destacado","Policiales","Sociedad","Villa Mar\u00eda"],"inLanguage":"es","potentialAction":[{"@type":"CommentAction","name":"Comment","target":["https:\/\/elregionalvm.com.ar\/noticias-villa-maria\/un-matrimonio-adulto-sufrio-un-robo-en-su-negocio\/#respond"]}]},{"@type":"WebPage","@id":"https:\/\/elregionalvm.com.ar\/noticias-villa-maria\/un-matrimonio-adulto-sufrio-un-robo-en-su-negocio\/","url":"https:\/\/elregionalvm.com.ar\/noticias-villa-maria\/un-matrimonio-adulto-sufrio-un-robo-en-su-negocio\/","name":"Un matrimonio adulto sufri\u00f3 un robo en su negocio - El Regional","isPartOf":{"@id":"http:\/\/elregionalvm.com.ar\/noticias-villa-maria\/#website"},"primaryImageOfPage":{"@id":"https:\/\/elregionalvm.com.ar\/noticias-villa-maria\/un-matrimonio-adulto-sufrio-un-robo-en-su-negocio\/#primaryimage"},"image":{"@id":"https:\/\/elregionalvm.com.ar\/noticias-villa-maria\/un-matrimonio-adulto-sufrio-un-robo-en-su-negocio\/#primaryimage"},"thumbnailUrl":"https:\/\/i0.wp.com\/elregionalvm.com.ar\/noticias-villa-maria\/wp-content\/uploads\/2025\/03\/WhatsApp-Image-2025-03-06-at-9.03.27-PM.jpeg?fit=576%2C604&ssl=1","datePublished":"2025-03-07T01:33:30+00:00","dateModified":"2025-03-07T01:33:31+00:00","author":{"@id":"http:\/\/elregionalvm.com.ar\/noticias-villa-maria\/#\/schema\/person\/a0fb9c422317faca23d50163151bc354"},"breadcrumb":{"@id":"https:\/\/elregionalvm.com.ar\/noticias-villa-maria\/un-matrimonio-adulto-sufrio-un-robo-en-su-negocio\/#breadcrumb"},"inLanguage":"es","potentialAction":[{"@type":"ReadAction","target":["https:\/\/elregionalvm.com.ar\/noticias-villa-maria\/un-matrimonio-adulto-sufrio-un-robo-en-su-negocio\/"]}]},{"@type":"ImageObject","inLanguage":"es","@id":"https:\/\/elregionalvm.com.ar\/noticias-villa-maria\/un-matrimonio-adulto-sufrio-un-robo-en-su-negocio\/#primaryimage","url":"https:\/\/i0.wp.com\/elregionalvm.com.ar\/noticias-villa-maria\/wp-content\/uploads\/2025\/03\/WhatsApp-Image-2025-03-06-at-9.03.27-PM.jpeg?fit=576%2C604&ssl=1","contentUrl":"https:\/\/i0.wp.com\/elregionalvm.com.ar\/noticias-villa-maria\/wp-content\/uploads\/2025\/03\/WhatsApp-Image-2025-03-06-at-9.03.27-PM.jpeg?fit=576%2C604&ssl=1","width":576,"height":604},{"@type":"BreadcrumbList","@id":"https:\/\/elregionalvm.com.ar\/noticias-villa-maria\/un-matrimonio-adulto-sufrio-un-robo-en-su-negocio\/#breadcrumb","itemListElement":[{"@type":"ListItem","position":1,"name":"Portada","item":"https:\/\/elregionalvm.com.ar\/noticias-villa-maria\/"},{"@type":"ListItem","position":2,"name":"Un matrimonio adulto sufri\u00f3 un robo en su negocio"}]},{"@type":"WebSite","@id":"http:\/\/elregionalvm.com.ar\/noticias-villa-maria\/#website","url":"http:\/\/elregionalvm.com.ar\/noticias-villa-maria\/","name":"El Regional","description":"Mucho m\u00e1s que informaci\u00f3n","potentialAction":[{"@type":"SearchAction","target":{"@type":"EntryPoint","urlTemplate":"http:\/\/elregionalvm.com.ar\/noticias-villa-maria\/?s={search_term_string}"},"query-input":{"@type":"PropertyValueSpecification","valueRequired":true,"valueName":"search_term_string"}}],"inLanguage":"es"},{"@type":"Person","@id":"http:\/\/elregionalvm.com.ar\/noticias-villa-maria\/#\/schema\/person\/a0fb9c422317faca23d50163151bc354","name":"Contenidos El Regional","image":{"@type":"ImageObject","inLanguage":"es","@id":"http:\/\/elregionalvm.com.ar\/noticias-villa-maria\/#\/schema\/person\/image\/","url":"https:\/\/secure.gravatar.com\/avatar\/265b27cb2209af7bb3a1318f03305787d7981a5cc6e6cd08fe5a4ecdf99d4b48?s=96&d=mm&r=g","contentUrl":"https:\/\/secure.gravatar.com\/avatar\/265b27cb2209af7bb3a1318f03305787d7981a5cc6e6cd08fe5a4ecdf99d4b48?s=96&d=mm&r=g","caption":"Contenidos El Regional"},"url":"https:\/\/elregionalvm.com.ar\/noticias-villa-maria\/author\/contenido\/"}]}},"jetpack_featured_media_url":"https:\/\/i0.wp.com\/elregionalvm.com.ar\/noticias-villa-maria\/wp-content\/uploads\/2025\/03\/WhatsApp-Image-2025-03-06-at-9.03.27-PM.jpeg?fit=576%2C604&ssl=1","jetpack_sharing_enabled":true,"_links":{"self":[{"href":"https:\/\/elregionalvm.com.ar\/noticias-villa-maria\/wp-json\/wp\/v2\/posts\/103917","targetHints":{"allow":["GET"]}}],"collection":[{"href":"https:\/\/elregionalvm.com.ar\/noticias-villa-maria\/wp-json\/wp\/v2\/posts"}],"about":[{"href":"https:\/\/elregionalvm.com.ar\/noticias-villa-maria\/wp-json\/wp\/v2\/types\/post"}],"author":[{"embeddable":true,"href":"https:\/\/elregionalvm.com.ar\/noticias-villa-maria\/wp-json\/wp\/v2\/users\/4"}],"replies":[{"embeddable":true,"href":"https:\/\/elregionalvm.com.ar\/noticias-villa-maria\/wp-json\/wp\/v2\/comments?post=103917"}],"version-history":[{"count":1,"href":"https:\/\/elregionalvm.com.ar\/noticias-villa-maria\/wp-json\/wp\/v2\/posts\/103917\/revisions"}],"predecessor-version":[{"id":103919,"href":"https:\/\/elregionalvm.com.ar\/noticias-villa-maria\/wp-json\/wp\/v2\/posts\/103917\/revisions\/103919"}],"wp:featuredmedia":[{"embeddable":true,"href":"https:\/\/elregionalvm.com.ar\/noticias-villa-maria\/wp-json\/wp\/v2\/media\/103918"}],"wp:attachment":[{"href":"https:\/\/elregionalvm.com.ar\/noticias-villa-maria\/wp-json\/wp\/v2\/media?parent=103917"}],"wp:term":[{"taxonomy":"category","embeddable":true,"href":"https:\/\/elregionalvm.com.ar\/noticias-villa-maria\/wp-json\/wp\/v2\/categories?post=103917"},{"taxonomy":"post_tag","embeddable":true,"href":"https:\/\/elregionalvm.com.ar\/noticias-villa-maria\/wp-json\/wp\/v2\/tags?post=103917"}],"curies":[{"name":"wp","href":"https:\/\/api.w.org\/{rel}","templated":true}]}}