{"id":103920,"date":"2025-03-07T15:31:24","date_gmt":"2025-03-07T15:31:24","guid":{"rendered":"https:\/\/elregionalvm.com.ar\/noticias-villa-maria\/?p=103920"},"modified":"2025-03-07T15:31:49","modified_gmt":"2025-03-07T15:31:49","slug":"se-actualizo-las-tarifas-del-estacionamiento-medido-y-tarifado-a-partir-de-que-fechay-que-costo-tendra","status":"publish","type":"post","link":"https:\/\/elregionalvm.com.ar\/noticias-villa-maria\/se-actualizo-las-tarifas-del-estacionamiento-medido-y-tarifado-a-partir-de-que-fechay-que-costo-tendra\/","title":{"rendered":"Se actualiz\u00f3 las tarifas del Estacionamiento Medido y Tarifado: conoc\u00e9 a partir de qu\u00e9 fecha y que costo tendr\u00e1"},"content":{"rendered":"\n<p>El sistema se ampl\u00eda con la incorporaci\u00f3n de modalidades espec\u00edficas para trabajadores de la zona c\u00e9ntrica y usuarios sin acceso a tecnolog\u00eda m\u00f3vil.<\/p>\n\n\n\n<p>En el marco del sistema de Estacionamiento Medido y Tarifado, a partir del 10 de marzo se implementar\u00e1n dos nuevas modalidades de abono en beneficio de sectores espec\u00edficos.\u00a0<\/p>\n\n\n\n<p><strong>Nuevos abonos<\/strong><\/p>\n\n\n\n<p>El Abono Obrero est\u00e1 dirigido a trabajadores que desarrollan su actividad laboral diaria dentro del radio comprendido por el sistema. Con un costo mensual de $55.000, equivalente a 160 horas de estacionamiento bonificado, este abono representa un importante descuento sobre el valor total de las horas laborables. Esta posibilidad estar\u00e1 disponible desde el lunes 10 de marzo y los cr\u00e9ditos se acreditar\u00e1n en el momento de la compra.<\/p>\n\n\n\n<p>Por su parte, el Abono para conductores sin acceso a tecnolog\u00eda m\u00f3vil est\u00e1 destinado a aquellos vecinos, sobre todo adultos mayores, que no utilizan tecnolog\u00eda o no tienen acceso a dispositivos m\u00f3viles. Para ellos, se implementar\u00e1 un abono mensual que posibilita estacionar de lunes a viernes, exclusivamente en la franja horaria de 8:00 a 12:00 horas, y tendr\u00e1 validez hasta el d\u00eda 11 del mes siguiente al pago. El costo mensual es de $28.800.<\/p>\n\n\n\n<p>Ambas posibilidades deber\u00e1n ser gestionadas en la sede de EMTUPSE.&nbsp;<\/p>\n\n\n\n<p><strong>Nuevas tarifas<\/strong><\/p>\n\n\n\n<p>Respecto a la actualizaci\u00f3n tarifaria, a partir del 10 de marzo quienes utilicen la aplicaci\u00f3n Villa Mar\u00eda Ciudad para acceder al sistema de Estacionamiento Medido, abonar\u00e1n $500 por hora, manteni\u00e9ndose las bonificaciones para quienes carguen m\u00e1s de 20 horas (10% de descuento) y m\u00e1s de 30 horas (15% de descuento).<\/p>\n\n\n\n<p>Quienes adquieran horas de estacionamiento en alguno de los mas de 20 comercios adheridos, abonar\u00e1n $600 la hora (precio sugerido).<\/p>\n\n\n\n<p>Es importante recordar que el pago por estacionamiento rige de lunes a s\u00e1bado, en los horarios de 8:00 a 13:00 y de 15:00 a 20:00 horas, en el cuadrante comprendido por las calles Salta y San Luis, Rucci-Mariano Moreno y los bulevares Espa\u00f1a-Alvear, de ambas manos.<\/p>\n\n\n\n<p><br><strong>Actualizaciones en la app \u201cVilla Mar\u00eda Ciudad\u201d<\/strong><\/p>\n\n\n\n<p>Asimismo, se informa a los usuarios que se han realizado los ajustes y actualizaciones en la configuraci\u00f3n del servidor para preparar los cambios que se introducir\u00e1n desde el pr\u00f3ximo lunes. La actualizaci\u00f3n de la aplicaci\u00f3n ya est\u00e1 disponible para su descarga e incorpora nuevas funcionalidades para mejorar la experiencia de los usuarios.<\/p>\n\n\n\n<p>Entre las principales novedades, se destaca la implementaci\u00f3n de un sistema de notificaciones que alertar\u00e1 a los usuarios cuando su veh\u00edculo lleve m\u00e1s de 2 horas estacionado, al mismo tiempo que enviar\u00e1 recordatorios a quienes hayan olvidado desconectar el servicio al retirar su veh\u00edculo, evitando as\u00ed olvidos y cargos innecesarios.<\/p>\n","protected":false},"excerpt":{"rendered":"<p>El sistema se ampl\u00eda con la incorporaci\u00f3n de modalidades espec\u00edficas para trabajadores de la zona c\u00e9ntrica y usuarios sin acceso a tecnolog\u00eda m\u00f3vil. En el marco del sistema de Estacionamiento Medido y Tarifado, a partir del 10 de marzo se implementar\u00e1n dos nuevas modalidades de abono en beneficio de sectores espec\u00edficos.\u00a0 Nuevos abonos El Abono [&hellip;]<\/p>\n","protected":false},"author":4,"featured_media":88847,"comment_status":"open","ping_status":"open","sticky":false,"template":"","format":"standard","meta":{"site-sidebar-layout":"default","site-content-layout":"","ast-site-content-layout":"default","site-content-style":"default","site-sidebar-style":"default","ast-global-header-display":"","ast-banner-title-visibility":"","ast-main-header-display":"","ast-hfb-above-header-display":"","ast-hfb-below-header-display":"","ast-hfb-mobile-header-display":"","site-post-title":"","ast-breadcrumbs-content":"","ast-featured-img":"","footer-sml-layout":"","ast-disable-related-posts":"","theme-transparent-header-meta":"","adv-header-id-meta":"","stick-header-meta":"","header-above-stick-meta":"","header-main-stick-meta":"","header-below-stick-meta":"","astra-migrate-meta-layouts":"set","ast-page-background-enabled":"default","ast-page-background-meta":{"desktop":{"background-color":"","background-image":"","background-repeat":"repeat","background-position":"center center","background-size":"auto","background-attachment":"scroll","background-type":"","background-media":"","overlay-type":"","overlay-color":"","overlay-opacity":"","overlay-gradient":""},"tablet":{"background-color":"","background-image":"","background-repeat":"repeat","background-position":"center center","background-size":"auto","background-attachment":"scroll","background-type":"","background-media":"","overlay-type":"","overlay-color":"","overlay-opacity":"","overlay-gradient":""},"mobile":{"background-color":"","background-image":"","background-repeat":"repeat","background-position":"center center","background-size":"auto","background-attachment":"scroll","background-type":"","background-media":"","overlay-type":"","overlay-color":"","overlay-opacity":"","overlay-gradient":""}},"ast-content-background-meta":{"desktop":{"background-color":"var(--ast-global-color-5)","background-image":"","background-repeat":"repeat","background-position":"center center","background-size":"auto","background-attachment":"scroll","background-type":"","background-media":"","overlay-type":"","overlay-color":"","overlay-opacity":"","overlay-gradient":""},"tablet":{"background-color":"var(--ast-global-color-5)","background-image":"","background-repeat":"repeat","background-position":"center center","background-size":"auto","background-attachment":"scroll","background-type":"","background-media":"","overlay-type":"","overlay-color":"","overlay-opacity":"","overlay-gradient":""},"mobile":{"background-color":"var(--ast-global-color-5)","background-image":"","background-repeat":"repeat","background-position":"center center","background-size":"auto","background-attachment":"scroll","background-type":"","background-media":"","overlay-type":"","overlay-color":"","overlay-opacity":"","overlay-gradient":""}},"_jetpack_memberships_contains_paid_content":false,"_joinchat":[],"footnotes":""},"categories":[15302,5,2],"tags":[],"class_list":["post-103920","post","type-post","status-publish","format-standard","has-post-thumbnail","hentry","category-destacado","category-sociedad","category-villa-maria"],"yoast_head":"<!-- This site is optimized with the Yoast SEO plugin v26.8 - https:\/\/yoast.com\/product\/yoast-seo-wordpress\/ -->\n<title>Se actualiz\u00f3 las tarifas del Estacionamiento Medido y Tarifado: conoc\u00e9 a partir de qu\u00e9 fecha y que costo tendr\u00e1 - El Regional<\/title>\n<meta name=\"robots\" content=\"index, follow, max-snippet:-1, max-image-preview:large, max-video-preview:-1\" \/>\n<link rel=\"canonical\" href=\"https:\/\/elregionalvm.com.ar\/noticias-villa-maria\/se-actualizo-las-tarifas-del-estacionamiento-medido-y-tarifado-a-partir-de-que-fechay-que-costo-tendra\/\" \/>\n<meta property=\"og:locale\" content=\"es_ES\" \/>\n<meta property=\"og:type\" content=\"article\" \/>\n<meta property=\"og:title\" content=\"Se actualiz\u00f3 las tarifas del Estacionamiento Medido y Tarifado: conoc\u00e9 a partir de qu\u00e9 fecha y que costo tendr\u00e1 - El Regional\" \/>\n<meta property=\"og:description\" content=\"El sistema se ampl\u00eda con la incorporaci\u00f3n de modalidades espec\u00edficas para trabajadores de la zona c\u00e9ntrica y usuarios sin acceso a tecnolog\u00eda m\u00f3vil. En el marco del sistema de Estacionamiento Medido y Tarifado, a partir del 10 de marzo se implementar\u00e1n dos nuevas modalidades de abono en beneficio de sectores espec\u00edficos.\u00a0 Nuevos abonos El Abono [&hellip;]\" \/>\n<meta property=\"og:url\" content=\"https:\/\/elregionalvm.com.ar\/noticias-villa-maria\/se-actualizo-las-tarifas-del-estacionamiento-medido-y-tarifado-a-partir-de-que-fechay-que-costo-tendra\/\" \/>\n<meta property=\"og:site_name\" content=\"El Regional\" \/>\n<meta property=\"article:publisher\" content=\"https:\/\/www.facebook.com\/elregionalvm\" \/>\n<meta property=\"article:published_time\" content=\"2025-03-07T15:31:24+00:00\" \/>\n<meta property=\"article:modified_time\" content=\"2025-03-07T15:31:49+00:00\" \/>\n<meta property=\"og:image\" content=\"https:\/\/elregionalvm.com.ar\/noticias-villa-maria\/wp-content\/uploads\/2024\/01\/estacionamiento45.jpg\" \/>\n\t<meta property=\"og:image:width\" content=\"950\" \/>\n\t<meta property=\"og:image:height\" content=\"713\" \/>\n\t<meta property=\"og:image:type\" content=\"image\/jpeg\" \/>\n<meta name=\"author\" content=\"Contenidos El Regional\" \/>\n<meta name=\"twitter:card\" content=\"summary_large_image\" \/>\n<meta name=\"twitter:creator\" content=\"@elregionalvm1\" \/>\n<meta name=\"twitter:site\" content=\"@elregionalvm1\" \/>\n<meta name=\"twitter:label1\" content=\"Escrito por\" \/>\n\t<meta name=\"twitter:data1\" content=\"Contenidos El Regional\" \/>\n\t<meta name=\"twitter:label2\" content=\"Tiempo de lectura\" \/>\n\t<meta name=\"twitter:data2\" content=\"2 minutos\" \/>\n<script type=\"application\/ld+json\" class=\"yoast-schema-graph\">{\"@context\":\"https:\/\/schema.org\",\"@graph\":[{\"@type\":\"Article\",\"@id\":\"https:\/\/elregionalvm.com.ar\/noticias-villa-maria\/se-actualizo-las-tarifas-del-estacionamiento-medido-y-tarifado-a-partir-de-que-fechay-que-costo-tendra\/#article\",\"isPartOf\":{\"@id\":\"https:\/\/elregionalvm.com.ar\/noticias-villa-maria\/se-actualizo-las-tarifas-del-estacionamiento-medido-y-tarifado-a-partir-de-que-fechay-que-costo-tendra\/\"},\"author\":{\"name\":\"Contenidos El Regional\",\"@id\":\"http:\/\/elregionalvm.com.ar\/noticias-villa-maria\/#\/schema\/person\/a0fb9c422317faca23d50163151bc354\"},\"headline\":\"Se actualiz\u00f3 las tarifas del Estacionamiento Medido y Tarifado: conoc\u00e9 a partir de qu\u00e9 fecha y que costo tendr\u00e1\",\"datePublished\":\"2025-03-07T15:31:24+00:00\",\"dateModified\":\"2025-03-07T15:31:49+00:00\",\"mainEntityOfPage\":{\"@id\":\"https:\/\/elregionalvm.com.ar\/noticias-villa-maria\/se-actualizo-las-tarifas-del-estacionamiento-medido-y-tarifado-a-partir-de-que-fechay-que-costo-tendra\/\"},\"wordCount\":467,\"commentCount\":0,\"image\":{\"@id\":\"https:\/\/elregionalvm.com.ar\/noticias-villa-maria\/se-actualizo-las-tarifas-del-estacionamiento-medido-y-tarifado-a-partir-de-que-fechay-que-costo-tendra\/#primaryimage\"},\"thumbnailUrl\":\"https:\/\/i0.wp.com\/elregionalvm.com.ar\/noticias-villa-maria\/wp-content\/uploads\/2024\/01\/estacionamiento45.jpg?fit=950%2C713&ssl=1\",\"articleSection\":[\"destacado\",\"Sociedad\",\"Villa Mar\u00eda\"],\"inLanguage\":\"es\",\"potentialAction\":[{\"@type\":\"CommentAction\",\"name\":\"Comment\",\"target\":[\"https:\/\/elregionalvm.com.ar\/noticias-villa-maria\/se-actualizo-las-tarifas-del-estacionamiento-medido-y-tarifado-a-partir-de-que-fechay-que-costo-tendra\/#respond\"]}]},{\"@type\":\"WebPage\",\"@id\":\"https:\/\/elregionalvm.com.ar\/noticias-villa-maria\/se-actualizo-las-tarifas-del-estacionamiento-medido-y-tarifado-a-partir-de-que-fechay-que-costo-tendra\/\",\"url\":\"https:\/\/elregionalvm.com.ar\/noticias-villa-maria\/se-actualizo-las-tarifas-del-estacionamiento-medido-y-tarifado-a-partir-de-que-fechay-que-costo-tendra\/\",\"name\":\"Se actualiz\u00f3 las tarifas del Estacionamiento Medido y Tarifado: conoc\u00e9 a partir de qu\u00e9 fecha y que costo tendr\u00e1 - El Regional\",\"isPartOf\":{\"@id\":\"http:\/\/elregionalvm.com.ar\/noticias-villa-maria\/#website\"},\"primaryImageOfPage\":{\"@id\":\"https:\/\/elregionalvm.com.ar\/noticias-villa-maria\/se-actualizo-las-tarifas-del-estacionamiento-medido-y-tarifado-a-partir-de-que-fechay-que-costo-tendra\/#primaryimage\"},\"image\":{\"@id\":\"https:\/\/elregionalvm.com.ar\/noticias-villa-maria\/se-actualizo-las-tarifas-del-estacionamiento-medido-y-tarifado-a-partir-de-que-fechay-que-costo-tendra\/#primaryimage\"},\"thumbnailUrl\":\"https:\/\/i0.wp.com\/elregionalvm.com.ar\/noticias-villa-maria\/wp-content\/uploads\/2024\/01\/estacionamiento45.jpg?fit=950%2C713&ssl=1\",\"datePublished\":\"2025-03-07T15:31:24+00:00\",\"dateModified\":\"2025-03-07T15:31:49+00:00\",\"author\":{\"@id\":\"http:\/\/elregionalvm.com.ar\/noticias-villa-maria\/#\/schema\/person\/a0fb9c422317faca23d50163151bc354\"},\"breadcrumb\":{\"@id\":\"https:\/\/elregionalvm.com.ar\/noticias-villa-maria\/se-actualizo-las-tarifas-del-estacionamiento-medido-y-tarifado-a-partir-de-que-fechay-que-costo-tendra\/#breadcrumb\"},\"inLanguage\":\"es\",\"potentialAction\":[{\"@type\":\"ReadAction\",\"target\":[\"https:\/\/elregionalvm.com.ar\/noticias-villa-maria\/se-actualizo-las-tarifas-del-estacionamiento-medido-y-tarifado-a-partir-de-que-fechay-que-costo-tendra\/\"]}]},{\"@type\":\"ImageObject\",\"inLanguage\":\"es\",\"@id\":\"https:\/\/elregionalvm.com.ar\/noticias-villa-maria\/se-actualizo-las-tarifas-del-estacionamiento-medido-y-tarifado-a-partir-de-que-fechay-que-costo-tendra\/#primaryimage\",\"url\":\"https:\/\/i0.wp.com\/elregionalvm.com.ar\/noticias-villa-maria\/wp-content\/uploads\/2024\/01\/estacionamiento45.jpg?fit=950%2C713&ssl=1\",\"contentUrl\":\"https:\/\/i0.wp.com\/elregionalvm.com.ar\/noticias-villa-maria\/wp-content\/uploads\/2024\/01\/estacionamiento45.jpg?fit=950%2C713&ssl=1\",\"width\":950,\"height\":713},{\"@type\":\"BreadcrumbList\",\"@id\":\"https:\/\/elregionalvm.com.ar\/noticias-villa-maria\/se-actualizo-las-tarifas-del-estacionamiento-medido-y-tarifado-a-partir-de-que-fechay-que-costo-tendra\/#breadcrumb\",\"itemListElement\":[{\"@type\":\"ListItem\",\"position\":1,\"name\":\"Portada\",\"item\":\"https:\/\/elregionalvm.com.ar\/noticias-villa-maria\/\"},{\"@type\":\"ListItem\",\"position\":2,\"name\":\"Se actualiz\u00f3 las tarifas del Estacionamiento Medido y Tarifado: conoc\u00e9 a partir de qu\u00e9 fecha y que costo tendr\u00e1\"}]},{\"@type\":\"WebSite\",\"@id\":\"http:\/\/elregionalvm.com.ar\/noticias-villa-maria\/#website\",\"url\":\"http:\/\/elregionalvm.com.ar\/noticias-villa-maria\/\",\"name\":\"El Regional\",\"description\":\"Mucho m\u00e1s que informaci\u00f3n\",\"potentialAction\":[{\"@type\":\"SearchAction\",\"target\":{\"@type\":\"EntryPoint\",\"urlTemplate\":\"http:\/\/elregionalvm.com.ar\/noticias-villa-maria\/?s={search_term_string}\"},\"query-input\":{\"@type\":\"PropertyValueSpecification\",\"valueRequired\":true,\"valueName\":\"search_term_string\"}}],\"inLanguage\":\"es\"},{\"@type\":\"Person\",\"@id\":\"http:\/\/elregionalvm.com.ar\/noticias-villa-maria\/#\/schema\/person\/a0fb9c422317faca23d50163151bc354\",\"name\":\"Contenidos El Regional\",\"image\":{\"@type\":\"ImageObject\",\"inLanguage\":\"es\",\"@id\":\"http:\/\/elregionalvm.com.ar\/noticias-villa-maria\/#\/schema\/person\/image\/\",\"url\":\"https:\/\/secure.gravatar.com\/avatar\/265b27cb2209af7bb3a1318f03305787d7981a5cc6e6cd08fe5a4ecdf99d4b48?s=96&d=mm&r=g\",\"contentUrl\":\"https:\/\/secure.gravatar.com\/avatar\/265b27cb2209af7bb3a1318f03305787d7981a5cc6e6cd08fe5a4ecdf99d4b48?s=96&d=mm&r=g\",\"caption\":\"Contenidos El Regional\"},\"url\":\"https:\/\/elregionalvm.com.ar\/noticias-villa-maria\/author\/contenido\/\"}]}<\/script>\n<!-- \/ Yoast SEO plugin. -->","yoast_head_json":{"title":"Se actualiz\u00f3 las tarifas del Estacionamiento Medido y Tarifado: conoc\u00e9 a partir de qu\u00e9 fecha y que costo tendr\u00e1 - El Regional","robots":{"index":"index","follow":"follow","max-snippet":"max-snippet:-1","max-image-preview":"max-image-preview:large","max-video-preview":"max-video-preview:-1"},"canonical":"https:\/\/elregionalvm.com.ar\/noticias-villa-maria\/se-actualizo-las-tarifas-del-estacionamiento-medido-y-tarifado-a-partir-de-que-fechay-que-costo-tendra\/","og_locale":"es_ES","og_type":"article","og_title":"Se actualiz\u00f3 las tarifas del Estacionamiento Medido y Tarifado: conoc\u00e9 a partir de qu\u00e9 fecha y que costo tendr\u00e1 - El Regional","og_description":"El sistema se ampl\u00eda con la incorporaci\u00f3n de modalidades espec\u00edficas para trabajadores de la zona c\u00e9ntrica y usuarios sin acceso a tecnolog\u00eda m\u00f3vil. En el marco del sistema de Estacionamiento Medido y Tarifado, a partir del 10 de marzo se implementar\u00e1n dos nuevas modalidades de abono en beneficio de sectores espec\u00edficos.\u00a0 Nuevos abonos El Abono [&hellip;]","og_url":"https:\/\/elregionalvm.com.ar\/noticias-villa-maria\/se-actualizo-las-tarifas-del-estacionamiento-medido-y-tarifado-a-partir-de-que-fechay-que-costo-tendra\/","og_site_name":"El Regional","article_publisher":"https:\/\/www.facebook.com\/elregionalvm","article_published_time":"2025-03-07T15:31:24+00:00","article_modified_time":"2025-03-07T15:31:49+00:00","og_image":[{"width":950,"height":713,"url":"https:\/\/elregionalvm.com.ar\/noticias-villa-maria\/wp-content\/uploads\/2024\/01\/estacionamiento45.jpg","type":"image\/jpeg"}],"author":"Contenidos El Regional","twitter_card":"summary_large_image","twitter_creator":"@elregionalvm1","twitter_site":"@elregionalvm1","twitter_misc":{"Escrito por":"Contenidos El Regional","Tiempo de lectura":"2 minutos"},"schema":{"@context":"https:\/\/schema.org","@graph":[{"@type":"Article","@id":"https:\/\/elregionalvm.com.ar\/noticias-villa-maria\/se-actualizo-las-tarifas-del-estacionamiento-medido-y-tarifado-a-partir-de-que-fechay-que-costo-tendra\/#article","isPartOf":{"@id":"https:\/\/elregionalvm.com.ar\/noticias-villa-maria\/se-actualizo-las-tarifas-del-estacionamiento-medido-y-tarifado-a-partir-de-que-fechay-que-costo-tendra\/"},"author":{"name":"Contenidos El Regional","@id":"http:\/\/elregionalvm.com.ar\/noticias-villa-maria\/#\/schema\/person\/a0fb9c422317faca23d50163151bc354"},"headline":"Se actualiz\u00f3 las tarifas del Estacionamiento Medido y Tarifado: conoc\u00e9 a partir de qu\u00e9 fecha y que costo tendr\u00e1","datePublished":"2025-03-07T15:31:24+00:00","dateModified":"2025-03-07T15:31:49+00:00","mainEntityOfPage":{"@id":"https:\/\/elregionalvm.com.ar\/noticias-villa-maria\/se-actualizo-las-tarifas-del-estacionamiento-medido-y-tarifado-a-partir-de-que-fechay-que-costo-tendra\/"},"wordCount":467,"commentCount":0,"image":{"@id":"https:\/\/elregionalvm.com.ar\/noticias-villa-maria\/se-actualizo-las-tarifas-del-estacionamiento-medido-y-tarifado-a-partir-de-que-fechay-que-costo-tendra\/#primaryimage"},"thumbnailUrl":"https:\/\/i0.wp.com\/elregionalvm.com.ar\/noticias-villa-maria\/wp-content\/uploads\/2024\/01\/estacionamiento45.jpg?fit=950%2C713&ssl=1","articleSection":["destacado","Sociedad","Villa Mar\u00eda"],"inLanguage":"es","potentialAction":[{"@type":"CommentAction","name":"Comment","target":["https:\/\/elregionalvm.com.ar\/noticias-villa-maria\/se-actualizo-las-tarifas-del-estacionamiento-medido-y-tarifado-a-partir-de-que-fechay-que-costo-tendra\/#respond"]}]},{"@type":"WebPage","@id":"https:\/\/elregionalvm.com.ar\/noticias-villa-maria\/se-actualizo-las-tarifas-del-estacionamiento-medido-y-tarifado-a-partir-de-que-fechay-que-costo-tendra\/","url":"https:\/\/elregionalvm.com.ar\/noticias-villa-maria\/se-actualizo-las-tarifas-del-estacionamiento-medido-y-tarifado-a-partir-de-que-fechay-que-costo-tendra\/","name":"Se actualiz\u00f3 las tarifas del Estacionamiento Medido y Tarifado: conoc\u00e9 a partir de qu\u00e9 fecha y que costo tendr\u00e1 - El Regional","isPartOf":{"@id":"http:\/\/elregionalvm.com.ar\/noticias-villa-maria\/#website"},"primaryImageOfPage":{"@id":"https:\/\/elregionalvm.com.ar\/noticias-villa-maria\/se-actualizo-las-tarifas-del-estacionamiento-medido-y-tarifado-a-partir-de-que-fechay-que-costo-tendra\/#primaryimage"},"image":{"@id":"https:\/\/elregionalvm.com.ar\/noticias-villa-maria\/se-actualizo-las-tarifas-del-estacionamiento-medido-y-tarifado-a-partir-de-que-fechay-que-costo-tendra\/#primaryimage"},"thumbnailUrl":"https:\/\/i0.wp.com\/elregionalvm.com.ar\/noticias-villa-maria\/wp-content\/uploads\/2024\/01\/estacionamiento45.jpg?fit=950%2C713&ssl=1","datePublished":"2025-03-07T15:31:24+00:00","dateModified":"2025-03-07T15:31:49+00:00","author":{"@id":"http:\/\/elregionalvm.com.ar\/noticias-villa-maria\/#\/schema\/person\/a0fb9c422317faca23d50163151bc354"},"breadcrumb":{"@id":"https:\/\/elregionalvm.com.ar\/noticias-villa-maria\/se-actualizo-las-tarifas-del-estacionamiento-medido-y-tarifado-a-partir-de-que-fechay-que-costo-tendra\/#breadcrumb"},"inLanguage":"es","potentialAction":[{"@type":"ReadAction","target":["https:\/\/elregionalvm.com.ar\/noticias-villa-maria\/se-actualizo-las-tarifas-del-estacionamiento-medido-y-tarifado-a-partir-de-que-fechay-que-costo-tendra\/"]}]},{"@type":"ImageObject","inLanguage":"es","@id":"https:\/\/elregionalvm.com.ar\/noticias-villa-maria\/se-actualizo-las-tarifas-del-estacionamiento-medido-y-tarifado-a-partir-de-que-fechay-que-costo-tendra\/#primaryimage","url":"https:\/\/i0.wp.com\/elregionalvm.com.ar\/noticias-villa-maria\/wp-content\/uploads\/2024\/01\/estacionamiento45.jpg?fit=950%2C713&ssl=1","contentUrl":"https:\/\/i0.wp.com\/elregionalvm.com.ar\/noticias-villa-maria\/wp-content\/uploads\/2024\/01\/estacionamiento45.jpg?fit=950%2C713&ssl=1","width":950,"height":713},{"@type":"BreadcrumbList","@id":"https:\/\/elregionalvm.com.ar\/noticias-villa-maria\/se-actualizo-las-tarifas-del-estacionamiento-medido-y-tarifado-a-partir-de-que-fechay-que-costo-tendra\/#breadcrumb","itemListElement":[{"@type":"ListItem","position":1,"name":"Portada","item":"https:\/\/elregionalvm.com.ar\/noticias-villa-maria\/"},{"@type":"ListItem","position":2,"name":"Se actualiz\u00f3 las tarifas del Estacionamiento Medido y Tarifado: conoc\u00e9 a partir de qu\u00e9 fecha y que costo tendr\u00e1"}]},{"@type":"WebSite","@id":"http:\/\/elregionalvm.com.ar\/noticias-villa-maria\/#website","url":"http:\/\/elregionalvm.com.ar\/noticias-villa-maria\/","name":"El Regional","description":"Mucho m\u00e1s que informaci\u00f3n","potentialAction":[{"@type":"SearchAction","target":{"@type":"EntryPoint","urlTemplate":"http:\/\/elregionalvm.com.ar\/noticias-villa-maria\/?s={search_term_string}"},"query-input":{"@type":"PropertyValueSpecification","valueRequired":true,"valueName":"search_term_string"}}],"inLanguage":"es"},{"@type":"Person","@id":"http:\/\/elregionalvm.com.ar\/noticias-villa-maria\/#\/schema\/person\/a0fb9c422317faca23d50163151bc354","name":"Contenidos El Regional","image":{"@type":"ImageObject","inLanguage":"es","@id":"http:\/\/elregionalvm.com.ar\/noticias-villa-maria\/#\/schema\/person\/image\/","url":"https:\/\/secure.gravatar.com\/avatar\/265b27cb2209af7bb3a1318f03305787d7981a5cc6e6cd08fe5a4ecdf99d4b48?s=96&d=mm&r=g","contentUrl":"https:\/\/secure.gravatar.com\/avatar\/265b27cb2209af7bb3a1318f03305787d7981a5cc6e6cd08fe5a4ecdf99d4b48?s=96&d=mm&r=g","caption":"Contenidos El Regional"},"url":"https:\/\/elregionalvm.com.ar\/noticias-villa-maria\/author\/contenido\/"}]}},"jetpack_featured_media_url":"https:\/\/i0.wp.com\/elregionalvm.com.ar\/noticias-villa-maria\/wp-content\/uploads\/2024\/01\/estacionamiento45.jpg?fit=950%2C713&ssl=1","jetpack_sharing_enabled":true,"_links":{"self":[{"href":"https:\/\/elregionalvm.com.ar\/noticias-villa-maria\/wp-json\/wp\/v2\/posts\/103920","targetHints":{"allow":["GET"]}}],"collection":[{"href":"https:\/\/elregionalvm.com.ar\/noticias-villa-maria\/wp-json\/wp\/v2\/posts"}],"about":[{"href":"https:\/\/elregionalvm.com.ar\/noticias-villa-maria\/wp-json\/wp\/v2\/types\/post"}],"author":[{"embeddable":true,"href":"https:\/\/elregionalvm.com.ar\/noticias-villa-maria\/wp-json\/wp\/v2\/users\/4"}],"replies":[{"embeddable":true,"href":"https:\/\/elregionalvm.com.ar\/noticias-villa-maria\/wp-json\/wp\/v2\/comments?post=103920"}],"version-history":[{"count":3,"href":"https:\/\/elregionalvm.com.ar\/noticias-villa-maria\/wp-json\/wp\/v2\/posts\/103920\/revisions"}],"predecessor-version":[{"id":103923,"href":"https:\/\/elregionalvm.com.ar\/noticias-villa-maria\/wp-json\/wp\/v2\/posts\/103920\/revisions\/103923"}],"wp:featuredmedia":[{"embeddable":true,"href":"https:\/\/elregionalvm.com.ar\/noticias-villa-maria\/wp-json\/wp\/v2\/media\/88847"}],"wp:attachment":[{"href":"https:\/\/elregionalvm.com.ar\/noticias-villa-maria\/wp-json\/wp\/v2\/media?parent=103920"}],"wp:term":[{"taxonomy":"category","embeddable":true,"href":"https:\/\/elregionalvm.com.ar\/noticias-villa-maria\/wp-json\/wp\/v2\/categories?post=103920"},{"taxonomy":"post_tag","embeddable":true,"href":"https:\/\/elregionalvm.com.ar\/noticias-villa-maria\/wp-json\/wp\/v2\/tags?post=103920"}],"curies":[{"name":"wp","href":"https:\/\/api.w.org\/{rel}","templated":true}]}}