{"id":103928,"date":"2025-03-07T15:51:06","date_gmt":"2025-03-07T15:51:06","guid":{"rendered":"https:\/\/elregionalvm.com.ar\/noticias-villa-maria\/?p=103928"},"modified":"2025-03-07T15:51:07","modified_gmt":"2025-03-07T15:51:07","slug":"hechos-delictivos-en-villa-maria-y-villa-nueva-detenidos-por-robos-y-recupero-de-una-moto-robada","status":"publish","type":"post","link":"https:\/\/elregionalvm.com.ar\/noticias-villa-maria\/hechos-delictivos-en-villa-maria-y-villa-nueva-detenidos-por-robos-y-recupero-de-una-moto-robada\/","title":{"rendered":"Hechos delictivos en Villa Mar\u00eda y Villa Nueva: detenidos por robos y recupero de una moto robada"},"content":{"rendered":"\n<p><strong>Ingres\u00f3 a robar a un galp\u00f3n ajeno y fue descibierto por las c\u00e1mas de seguridad<\/strong> <\/p>\n\n\n\n<p>Siendo aproximadamente las 03:30 horas desde calle Buenos Aires 2400 de B\u00ba Nicol\u00e1s Avellaneda de Villa Mar\u00eda donde personal de La Patrulla Preventiva de esta ciudad, procedi\u00f3 detenci\u00f3n P.S.A. ROBO EN FLAGRANCIA de un hombre de 34 a\u00f1os de edad<\/p>\n\n\n\n<figure class=\"wp-block-image size-large\"><img data-recalc-dims=\"1\" fetchpriority=\"high\" decoding=\"async\" width=\"472\" height=\"1024\" src=\"https:\/\/i0.wp.com\/elregionalvm.com.ar\/noticias-villa-maria\/wp-content\/uploads\/2025\/03\/WhatsApp-Image-2025-03-07-at-12.06.15-PM.jpeg?resize=472%2C1024&#038;ssl=1\" alt=\"\" class=\"wp-image-103930\" srcset=\"https:\/\/i0.wp.com\/elregionalvm.com.ar\/noticias-villa-maria\/wp-content\/uploads\/2025\/03\/WhatsApp-Image-2025-03-07-at-12.06.15-PM.jpeg?resize=472%2C1024&amp;ssl=1 472w, https:\/\/i0.wp.com\/elregionalvm.com.ar\/noticias-villa-maria\/wp-content\/uploads\/2025\/03\/WhatsApp-Image-2025-03-07-at-12.06.15-PM.jpeg?resize=138%2C300&amp;ssl=1 138w, https:\/\/i0.wp.com\/elregionalvm.com.ar\/noticias-villa-maria\/wp-content\/uploads\/2025\/03\/WhatsApp-Image-2025-03-07-at-12.06.15-PM.jpeg?resize=708%2C1536&amp;ssl=1 708w, https:\/\/i0.wp.com\/elregionalvm.com.ar\/noticias-villa-maria\/wp-content\/uploads\/2025\/03\/WhatsApp-Image-2025-03-07-at-12.06.15-PM.jpeg?w=738&amp;ssl=1 738w\" sizes=\"(max-width: 472px) 100vw, 472px\" \/><\/figure>\n\n\n\n<p> Ya que el mismo es observado por el due\u00f1o del lugar a trav\u00e9s de las c\u00e1maras de seguridad, al momento que ingresa al galp\u00f3n, previo a violentar la cerradura de port\u00f3n de chapa y sustrae del mismo, herramientas varias, las cuales fueron recuperadas al momento de la detenci\u00f3n del hombre en cuesti\u00f3n.<\/p>\n\n\n\n<p>Se labran actuaciones de rigor a cargo de la Magistrada interviniente<\/p>\n\n\n\n<p><strong>Una mujer detenida en Villa Nueva por robar un perfume de un comercio<\/strong> <\/p>\n\n\n\n<p>Siendo aproximadamente 23:00 horas de la v\u00edspera, en calle C\u00f3rdoba 400 de B\u00ba Centro de Villa Nueva personal de la Patrulla Preventiva de Villa Nueva, se procedi\u00f3 a la detenci\u00f3n P.S.A. HURTO de una mujer de 29 a\u00f1os de edad.<\/p>\n\n\n\n<p> Ya que la misma momentos antes fue captada a trav\u00e9s de las c\u00e1maras de seguridad de un comercio, sacando un perfume de la caja y coloc\u00e1ndolo entre sus prendas, mismo momento que personal actuante se encontraba controlando una femenina, en inmediaciones al lugar, se hace presente el propietario del comercio, siendo este un hombre de 32 a\u00f1os de edad, quien manifestando que constata el faltante de un perfume, y que la femenina estaba en el lugar, por lo que personal policial le solicita a esta, exhibiera sus pertenencias efectivamente sus prendas extrae un perfume. <br>Se labran actuaciones de rigor a cargo de la Magistrada interviniente<\/p>\n\n\n\n<p><strong>La Polic\u00eda recuper\u00f3 una moto que hab\u00eda sido robada en la v\u00eda p\u00fablica <\/strong><\/p>\n\n\n\n<p>Siendo alrededor de las 07:00 horas, del d\u00eda de la fecha, personal policial de la Patrulla Preventiva, s\u00e9 constituyente en Iturbe y Ju\u00e1rez Celman de B\u00ba Belgrano de Villa Mar\u00eda donde procedi\u00f3 al RECUPERO DE MOTOCICLETA, la cual estaba en la v\u00eda p\u00fablica, sobre la vereda y que al corroborar dominio por sistema DNRPA, corresponde a la que fuera sustra\u00edda el d\u00eda de ayer en un hecho de robo calificado. Se labran actuaciones de rigor, con intervenci\u00f3n del magistrado intervnirnte, siendo Fisc. De Instrucci\u00f3n de Segundo Turno a cargo del Dr. Ren\u00e9 Bosio, Prosecretaria Dra. Carolina Ardissino<\/p>\n\n\n\n<figure class=\"wp-block-image size-large\"><img data-recalc-dims=\"1\" decoding=\"async\" width=\"576\" height=\"1024\" src=\"https:\/\/i0.wp.com\/elregionalvm.com.ar\/noticias-villa-maria\/wp-content\/uploads\/2025\/03\/WhatsApp-Image-2025-03-07-at-12.06.13-PM-1.jpeg?resize=576%2C1024&#038;ssl=1\" alt=\"\" class=\"wp-image-103931\" srcset=\"https:\/\/i0.wp.com\/elregionalvm.com.ar\/noticias-villa-maria\/wp-content\/uploads\/2025\/03\/WhatsApp-Image-2025-03-07-at-12.06.13-PM-1.jpeg?resize=576%2C1024&amp;ssl=1 576w, https:\/\/i0.wp.com\/elregionalvm.com.ar\/noticias-villa-maria\/wp-content\/uploads\/2025\/03\/WhatsApp-Image-2025-03-07-at-12.06.13-PM-1.jpeg?resize=169%2C300&amp;ssl=1 169w, https:\/\/i0.wp.com\/elregionalvm.com.ar\/noticias-villa-maria\/wp-content\/uploads\/2025\/03\/WhatsApp-Image-2025-03-07-at-12.06.13-PM-1.jpeg?resize=768%2C1366&amp;ssl=1 768w, https:\/\/i0.wp.com\/elregionalvm.com.ar\/noticias-villa-maria\/wp-content\/uploads\/2025\/03\/WhatsApp-Image-2025-03-07-at-12.06.13-PM-1.jpeg?resize=864%2C1536&amp;ssl=1 864w, https:\/\/i0.wp.com\/elregionalvm.com.ar\/noticias-villa-maria\/wp-content\/uploads\/2025\/03\/WhatsApp-Image-2025-03-07-at-12.06.13-PM-1.jpeg?w=899&amp;ssl=1 899w\" sizes=\"(max-width: 576px) 100vw, 576px\" \/><\/figure>\n","protected":false},"excerpt":{"rendered":"<p>Ingres\u00f3 a robar a un galp\u00f3n ajeno y fue descibierto por las c\u00e1mas de seguridad Siendo aproximadamente las 03:30 horas desde calle Buenos Aires 2400 de B\u00ba Nicol\u00e1s Avellaneda de Villa Mar\u00eda donde personal de La Patrulla Preventiva de esta ciudad, procedi\u00f3 detenci\u00f3n P.S.A. ROBO EN FLAGRANCIA de un hombre de 34 a\u00f1os de edad [&hellip;]<\/p>\n","protected":false},"author":4,"featured_media":79852,"comment_status":"open","ping_status":"open","sticky":false,"template":"","format":"standard","meta":{"site-sidebar-layout":"default","site-content-layout":"","ast-site-content-layout":"default","site-content-style":"default","site-sidebar-style":"default","ast-global-header-display":"","ast-banner-title-visibility":"","ast-main-header-display":"","ast-hfb-above-header-display":"","ast-hfb-below-header-display":"","ast-hfb-mobile-header-display":"","site-post-title":"","ast-breadcrumbs-content":"","ast-featured-img":"","footer-sml-layout":"","ast-disable-related-posts":"","theme-transparent-header-meta":"","adv-header-id-meta":"","stick-header-meta":"","header-above-stick-meta":"","header-main-stick-meta":"","header-below-stick-meta":"","astra-migrate-meta-layouts":"set","ast-page-background-enabled":"default","ast-page-background-meta":{"desktop":{"background-color":"","background-image":"","background-repeat":"repeat","background-position":"center center","background-size":"auto","background-attachment":"scroll","background-type":"","background-media":"","overlay-type":"","overlay-color":"","overlay-opacity":"","overlay-gradient":""},"tablet":{"background-color":"","background-image":"","background-repeat":"repeat","background-position":"center center","background-size":"auto","background-attachment":"scroll","background-type":"","background-media":"","overlay-type":"","overlay-color":"","overlay-opacity":"","overlay-gradient":""},"mobile":{"background-color":"","background-image":"","background-repeat":"repeat","background-position":"center center","background-size":"auto","background-attachment":"scroll","background-type":"","background-media":"","overlay-type":"","overlay-color":"","overlay-opacity":"","overlay-gradient":""}},"ast-content-background-meta":{"desktop":{"background-color":"var(--ast-global-color-5)","background-image":"","background-repeat":"repeat","background-position":"center center","background-size":"auto","background-attachment":"scroll","background-type":"","background-media":"","overlay-type":"","overlay-color":"","overlay-opacity":"","overlay-gradient":""},"tablet":{"background-color":"var(--ast-global-color-5)","background-image":"","background-repeat":"repeat","background-position":"center center","background-size":"auto","background-attachment":"scroll","background-type":"","background-media":"","overlay-type":"","overlay-color":"","overlay-opacity":"","overlay-gradient":""},"mobile":{"background-color":"var(--ast-global-color-5)","background-image":"","background-repeat":"repeat","background-position":"center center","background-size":"auto","background-attachment":"scroll","background-type":"","background-media":"","overlay-type":"","overlay-color":"","overlay-opacity":"","overlay-gradient":""}},"_jetpack_memberships_contains_paid_content":false,"_joinchat":[],"footnotes":""},"categories":[15302,2234,5,2,1408],"tags":[],"class_list":["post-103928","post","type-post","status-publish","format-standard","has-post-thumbnail","hentry","category-destacado","category-policiales","category-sociedad","category-villa-maria","category-villa-nueva"],"yoast_head":"<!-- This site is optimized with the Yoast SEO plugin v26.8 - https:\/\/yoast.com\/product\/yoast-seo-wordpress\/ -->\n<title>Hechos delictivos en Villa Mar\u00eda y Villa Nueva: detenidos por robos y recupero de una moto robada - El Regional<\/title>\n<meta name=\"robots\" content=\"index, follow, max-snippet:-1, max-image-preview:large, max-video-preview:-1\" \/>\n<link rel=\"canonical\" href=\"https:\/\/elregionalvm.com.ar\/noticias-villa-maria\/hechos-delictivos-en-villa-maria-y-villa-nueva-detenidos-por-robos-y-recupero-de-una-moto-robada\/\" \/>\n<meta property=\"og:locale\" content=\"es_ES\" \/>\n<meta property=\"og:type\" content=\"article\" \/>\n<meta property=\"og:title\" content=\"Hechos delictivos en Villa Mar\u00eda y Villa Nueva: detenidos por robos y recupero de una moto robada - El Regional\" \/>\n<meta property=\"og:description\" content=\"Ingres\u00f3 a robar a un galp\u00f3n ajeno y fue descibierto por las c\u00e1mas de seguridad Siendo aproximadamente las 03:30 horas desde calle Buenos Aires 2400 de B\u00ba Nicol\u00e1s Avellaneda de Villa Mar\u00eda donde personal de La Patrulla Preventiva de esta ciudad, procedi\u00f3 detenci\u00f3n P.S.A. ROBO EN FLAGRANCIA de un hombre de 34 a\u00f1os de edad [&hellip;]\" \/>\n<meta property=\"og:url\" content=\"https:\/\/elregionalvm.com.ar\/noticias-villa-maria\/hechos-delictivos-en-villa-maria-y-villa-nueva-detenidos-por-robos-y-recupero-de-una-moto-robada\/\" \/>\n<meta property=\"og:site_name\" content=\"El Regional\" \/>\n<meta property=\"article:publisher\" content=\"https:\/\/www.facebook.com\/elregionalvm\" \/>\n<meta property=\"article:published_time\" content=\"2025-03-07T15:51:06+00:00\" \/>\n<meta property=\"article:modified_time\" content=\"2025-03-07T15:51:07+00:00\" \/>\n<meta property=\"og:image\" content=\"https:\/\/elregionalvm.com.ar\/noticias-villa-maria\/wp-content\/uploads\/2023\/07\/patrullero_policia_noche-1.jpg\" \/>\n\t<meta property=\"og:image:width\" content=\"599\" \/>\n\t<meta property=\"og:image:height\" content=\"402\" \/>\n\t<meta property=\"og:image:type\" content=\"image\/jpeg\" \/>\n<meta name=\"author\" content=\"Contenidos El Regional\" \/>\n<meta name=\"twitter:card\" content=\"summary_large_image\" \/>\n<meta name=\"twitter:creator\" content=\"@elregionalvm1\" \/>\n<meta name=\"twitter:site\" content=\"@elregionalvm1\" \/>\n<meta name=\"twitter:label1\" content=\"Escrito por\" \/>\n\t<meta name=\"twitter:data1\" content=\"Contenidos El Regional\" \/>\n\t<meta name=\"twitter:label2\" content=\"Tiempo de lectura\" \/>\n\t<meta name=\"twitter:data2\" content=\"3 minutos\" \/>\n<script type=\"application\/ld+json\" class=\"yoast-schema-graph\">{\"@context\":\"https:\/\/schema.org\",\"@graph\":[{\"@type\":\"Article\",\"@id\":\"https:\/\/elregionalvm.com.ar\/noticias-villa-maria\/hechos-delictivos-en-villa-maria-y-villa-nueva-detenidos-por-robos-y-recupero-de-una-moto-robada\/#article\",\"isPartOf\":{\"@id\":\"https:\/\/elregionalvm.com.ar\/noticias-villa-maria\/hechos-delictivos-en-villa-maria-y-villa-nueva-detenidos-por-robos-y-recupero-de-una-moto-robada\/\"},\"author\":{\"name\":\"Contenidos El Regional\",\"@id\":\"http:\/\/elregionalvm.com.ar\/noticias-villa-maria\/#\/schema\/person\/a0fb9c422317faca23d50163151bc354\"},\"headline\":\"Hechos delictivos en Villa Mar\u00eda y Villa Nueva: detenidos por robos y recupero de una moto robada\",\"datePublished\":\"2025-03-07T15:51:06+00:00\",\"dateModified\":\"2025-03-07T15:51:07+00:00\",\"mainEntityOfPage\":{\"@id\":\"https:\/\/elregionalvm.com.ar\/noticias-villa-maria\/hechos-delictivos-en-villa-maria-y-villa-nueva-detenidos-por-robos-y-recupero-de-una-moto-robada\/\"},\"wordCount\":434,\"commentCount\":0,\"image\":{\"@id\":\"https:\/\/elregionalvm.com.ar\/noticias-villa-maria\/hechos-delictivos-en-villa-maria-y-villa-nueva-detenidos-por-robos-y-recupero-de-una-moto-robada\/#primaryimage\"},\"thumbnailUrl\":\"https:\/\/i0.wp.com\/elregionalvm.com.ar\/noticias-villa-maria\/wp-content\/uploads\/2023\/07\/patrullero_policia_noche-1.jpg?fit=599%2C402&ssl=1\",\"articleSection\":[\"destacado\",\"Policiales\",\"Sociedad\",\"Villa Mar\u00eda\",\"Villa Nueva\"],\"inLanguage\":\"es\",\"potentialAction\":[{\"@type\":\"CommentAction\",\"name\":\"Comment\",\"target\":[\"https:\/\/elregionalvm.com.ar\/noticias-villa-maria\/hechos-delictivos-en-villa-maria-y-villa-nueva-detenidos-por-robos-y-recupero-de-una-moto-robada\/#respond\"]}]},{\"@type\":\"WebPage\",\"@id\":\"https:\/\/elregionalvm.com.ar\/noticias-villa-maria\/hechos-delictivos-en-villa-maria-y-villa-nueva-detenidos-por-robos-y-recupero-de-una-moto-robada\/\",\"url\":\"https:\/\/elregionalvm.com.ar\/noticias-villa-maria\/hechos-delictivos-en-villa-maria-y-villa-nueva-detenidos-por-robos-y-recupero-de-una-moto-robada\/\",\"name\":\"Hechos delictivos en Villa Mar\u00eda y Villa Nueva: detenidos por robos y recupero de una moto robada - El Regional\",\"isPartOf\":{\"@id\":\"http:\/\/elregionalvm.com.ar\/noticias-villa-maria\/#website\"},\"primaryImageOfPage\":{\"@id\":\"https:\/\/elregionalvm.com.ar\/noticias-villa-maria\/hechos-delictivos-en-villa-maria-y-villa-nueva-detenidos-por-robos-y-recupero-de-una-moto-robada\/#primaryimage\"},\"image\":{\"@id\":\"https:\/\/elregionalvm.com.ar\/noticias-villa-maria\/hechos-delictivos-en-villa-maria-y-villa-nueva-detenidos-por-robos-y-recupero-de-una-moto-robada\/#primaryimage\"},\"thumbnailUrl\":\"https:\/\/i0.wp.com\/elregionalvm.com.ar\/noticias-villa-maria\/wp-content\/uploads\/2023\/07\/patrullero_policia_noche-1.jpg?fit=599%2C402&ssl=1\",\"datePublished\":\"2025-03-07T15:51:06+00:00\",\"dateModified\":\"2025-03-07T15:51:07+00:00\",\"author\":{\"@id\":\"http:\/\/elregionalvm.com.ar\/noticias-villa-maria\/#\/schema\/person\/a0fb9c422317faca23d50163151bc354\"},\"breadcrumb\":{\"@id\":\"https:\/\/elregionalvm.com.ar\/noticias-villa-maria\/hechos-delictivos-en-villa-maria-y-villa-nueva-detenidos-por-robos-y-recupero-de-una-moto-robada\/#breadcrumb\"},\"inLanguage\":\"es\",\"potentialAction\":[{\"@type\":\"ReadAction\",\"target\":[\"https:\/\/elregionalvm.com.ar\/noticias-villa-maria\/hechos-delictivos-en-villa-maria-y-villa-nueva-detenidos-por-robos-y-recupero-de-una-moto-robada\/\"]}]},{\"@type\":\"ImageObject\",\"inLanguage\":\"es\",\"@id\":\"https:\/\/elregionalvm.com.ar\/noticias-villa-maria\/hechos-delictivos-en-villa-maria-y-villa-nueva-detenidos-por-robos-y-recupero-de-una-moto-robada\/#primaryimage\",\"url\":\"https:\/\/i0.wp.com\/elregionalvm.com.ar\/noticias-villa-maria\/wp-content\/uploads\/2023\/07\/patrullero_policia_noche-1.jpg?fit=599%2C402&ssl=1\",\"contentUrl\":\"https:\/\/i0.wp.com\/elregionalvm.com.ar\/noticias-villa-maria\/wp-content\/uploads\/2023\/07\/patrullero_policia_noche-1.jpg?fit=599%2C402&ssl=1\",\"width\":599,\"height\":402},{\"@type\":\"BreadcrumbList\",\"@id\":\"https:\/\/elregionalvm.com.ar\/noticias-villa-maria\/hechos-delictivos-en-villa-maria-y-villa-nueva-detenidos-por-robos-y-recupero-de-una-moto-robada\/#breadcrumb\",\"itemListElement\":[{\"@type\":\"ListItem\",\"position\":1,\"name\":\"Portada\",\"item\":\"https:\/\/elregionalvm.com.ar\/noticias-villa-maria\/\"},{\"@type\":\"ListItem\",\"position\":2,\"name\":\"Hechos delictivos en Villa Mar\u00eda y Villa Nueva: detenidos por robos y recupero de una moto robada\"}]},{\"@type\":\"WebSite\",\"@id\":\"http:\/\/elregionalvm.com.ar\/noticias-villa-maria\/#website\",\"url\":\"http:\/\/elregionalvm.com.ar\/noticias-villa-maria\/\",\"name\":\"El Regional\",\"description\":\"Mucho m\u00e1s que informaci\u00f3n\",\"potentialAction\":[{\"@type\":\"SearchAction\",\"target\":{\"@type\":\"EntryPoint\",\"urlTemplate\":\"http:\/\/elregionalvm.com.ar\/noticias-villa-maria\/?s={search_term_string}\"},\"query-input\":{\"@type\":\"PropertyValueSpecification\",\"valueRequired\":true,\"valueName\":\"search_term_string\"}}],\"inLanguage\":\"es\"},{\"@type\":\"Person\",\"@id\":\"http:\/\/elregionalvm.com.ar\/noticias-villa-maria\/#\/schema\/person\/a0fb9c422317faca23d50163151bc354\",\"name\":\"Contenidos El Regional\",\"image\":{\"@type\":\"ImageObject\",\"inLanguage\":\"es\",\"@id\":\"http:\/\/elregionalvm.com.ar\/noticias-villa-maria\/#\/schema\/person\/image\/\",\"url\":\"https:\/\/secure.gravatar.com\/avatar\/265b27cb2209af7bb3a1318f03305787d7981a5cc6e6cd08fe5a4ecdf99d4b48?s=96&d=mm&r=g\",\"contentUrl\":\"https:\/\/secure.gravatar.com\/avatar\/265b27cb2209af7bb3a1318f03305787d7981a5cc6e6cd08fe5a4ecdf99d4b48?s=96&d=mm&r=g\",\"caption\":\"Contenidos El Regional\"},\"url\":\"https:\/\/elregionalvm.com.ar\/noticias-villa-maria\/author\/contenido\/\"}]}<\/script>\n<!-- \/ Yoast SEO plugin. -->","yoast_head_json":{"title":"Hechos delictivos en Villa Mar\u00eda y Villa Nueva: detenidos por robos y recupero de una moto robada - El Regional","robots":{"index":"index","follow":"follow","max-snippet":"max-snippet:-1","max-image-preview":"max-image-preview:large","max-video-preview":"max-video-preview:-1"},"canonical":"https:\/\/elregionalvm.com.ar\/noticias-villa-maria\/hechos-delictivos-en-villa-maria-y-villa-nueva-detenidos-por-robos-y-recupero-de-una-moto-robada\/","og_locale":"es_ES","og_type":"article","og_title":"Hechos delictivos en Villa Mar\u00eda y Villa Nueva: detenidos por robos y recupero de una moto robada - El Regional","og_description":"Ingres\u00f3 a robar a un galp\u00f3n ajeno y fue descibierto por las c\u00e1mas de seguridad Siendo aproximadamente las 03:30 horas desde calle Buenos Aires 2400 de B\u00ba Nicol\u00e1s Avellaneda de Villa Mar\u00eda donde personal de La Patrulla Preventiva de esta ciudad, procedi\u00f3 detenci\u00f3n P.S.A. ROBO EN FLAGRANCIA de un hombre de 34 a\u00f1os de edad [&hellip;]","og_url":"https:\/\/elregionalvm.com.ar\/noticias-villa-maria\/hechos-delictivos-en-villa-maria-y-villa-nueva-detenidos-por-robos-y-recupero-de-una-moto-robada\/","og_site_name":"El Regional","article_publisher":"https:\/\/www.facebook.com\/elregionalvm","article_published_time":"2025-03-07T15:51:06+00:00","article_modified_time":"2025-03-07T15:51:07+00:00","og_image":[{"width":599,"height":402,"url":"https:\/\/elregionalvm.com.ar\/noticias-villa-maria\/wp-content\/uploads\/2023\/07\/patrullero_policia_noche-1.jpg","type":"image\/jpeg"}],"author":"Contenidos El Regional","twitter_card":"summary_large_image","twitter_creator":"@elregionalvm1","twitter_site":"@elregionalvm1","twitter_misc":{"Escrito por":"Contenidos El Regional","Tiempo de lectura":"3 minutos"},"schema":{"@context":"https:\/\/schema.org","@graph":[{"@type":"Article","@id":"https:\/\/elregionalvm.com.ar\/noticias-villa-maria\/hechos-delictivos-en-villa-maria-y-villa-nueva-detenidos-por-robos-y-recupero-de-una-moto-robada\/#article","isPartOf":{"@id":"https:\/\/elregionalvm.com.ar\/noticias-villa-maria\/hechos-delictivos-en-villa-maria-y-villa-nueva-detenidos-por-robos-y-recupero-de-una-moto-robada\/"},"author":{"name":"Contenidos El Regional","@id":"http:\/\/elregionalvm.com.ar\/noticias-villa-maria\/#\/schema\/person\/a0fb9c422317faca23d50163151bc354"},"headline":"Hechos delictivos en Villa Mar\u00eda y Villa Nueva: detenidos por robos y recupero de una moto robada","datePublished":"2025-03-07T15:51:06+00:00","dateModified":"2025-03-07T15:51:07+00:00","mainEntityOfPage":{"@id":"https:\/\/elregionalvm.com.ar\/noticias-villa-maria\/hechos-delictivos-en-villa-maria-y-villa-nueva-detenidos-por-robos-y-recupero-de-una-moto-robada\/"},"wordCount":434,"commentCount":0,"image":{"@id":"https:\/\/elregionalvm.com.ar\/noticias-villa-maria\/hechos-delictivos-en-villa-maria-y-villa-nueva-detenidos-por-robos-y-recupero-de-una-moto-robada\/#primaryimage"},"thumbnailUrl":"https:\/\/i0.wp.com\/elregionalvm.com.ar\/noticias-villa-maria\/wp-content\/uploads\/2023\/07\/patrullero_policia_noche-1.jpg?fit=599%2C402&ssl=1","articleSection":["destacado","Policiales","Sociedad","Villa Mar\u00eda","Villa Nueva"],"inLanguage":"es","potentialAction":[{"@type":"CommentAction","name":"Comment","target":["https:\/\/elregionalvm.com.ar\/noticias-villa-maria\/hechos-delictivos-en-villa-maria-y-villa-nueva-detenidos-por-robos-y-recupero-de-una-moto-robada\/#respond"]}]},{"@type":"WebPage","@id":"https:\/\/elregionalvm.com.ar\/noticias-villa-maria\/hechos-delictivos-en-villa-maria-y-villa-nueva-detenidos-por-robos-y-recupero-de-una-moto-robada\/","url":"https:\/\/elregionalvm.com.ar\/noticias-villa-maria\/hechos-delictivos-en-villa-maria-y-villa-nueva-detenidos-por-robos-y-recupero-de-una-moto-robada\/","name":"Hechos delictivos en Villa Mar\u00eda y Villa Nueva: detenidos por robos y recupero de una moto robada - El Regional","isPartOf":{"@id":"http:\/\/elregionalvm.com.ar\/noticias-villa-maria\/#website"},"primaryImageOfPage":{"@id":"https:\/\/elregionalvm.com.ar\/noticias-villa-maria\/hechos-delictivos-en-villa-maria-y-villa-nueva-detenidos-por-robos-y-recupero-de-una-moto-robada\/#primaryimage"},"image":{"@id":"https:\/\/elregionalvm.com.ar\/noticias-villa-maria\/hechos-delictivos-en-villa-maria-y-villa-nueva-detenidos-por-robos-y-recupero-de-una-moto-robada\/#primaryimage"},"thumbnailUrl":"https:\/\/i0.wp.com\/elregionalvm.com.ar\/noticias-villa-maria\/wp-content\/uploads\/2023\/07\/patrullero_policia_noche-1.jpg?fit=599%2C402&ssl=1","datePublished":"2025-03-07T15:51:06+00:00","dateModified":"2025-03-07T15:51:07+00:00","author":{"@id":"http:\/\/elregionalvm.com.ar\/noticias-villa-maria\/#\/schema\/person\/a0fb9c422317faca23d50163151bc354"},"breadcrumb":{"@id":"https:\/\/elregionalvm.com.ar\/noticias-villa-maria\/hechos-delictivos-en-villa-maria-y-villa-nueva-detenidos-por-robos-y-recupero-de-una-moto-robada\/#breadcrumb"},"inLanguage":"es","potentialAction":[{"@type":"ReadAction","target":["https:\/\/elregionalvm.com.ar\/noticias-villa-maria\/hechos-delictivos-en-villa-maria-y-villa-nueva-detenidos-por-robos-y-recupero-de-una-moto-robada\/"]}]},{"@type":"ImageObject","inLanguage":"es","@id":"https:\/\/elregionalvm.com.ar\/noticias-villa-maria\/hechos-delictivos-en-villa-maria-y-villa-nueva-detenidos-por-robos-y-recupero-de-una-moto-robada\/#primaryimage","url":"https:\/\/i0.wp.com\/elregionalvm.com.ar\/noticias-villa-maria\/wp-content\/uploads\/2023\/07\/patrullero_policia_noche-1.jpg?fit=599%2C402&ssl=1","contentUrl":"https:\/\/i0.wp.com\/elregionalvm.com.ar\/noticias-villa-maria\/wp-content\/uploads\/2023\/07\/patrullero_policia_noche-1.jpg?fit=599%2C402&ssl=1","width":599,"height":402},{"@type":"BreadcrumbList","@id":"https:\/\/elregionalvm.com.ar\/noticias-villa-maria\/hechos-delictivos-en-villa-maria-y-villa-nueva-detenidos-por-robos-y-recupero-de-una-moto-robada\/#breadcrumb","itemListElement":[{"@type":"ListItem","position":1,"name":"Portada","item":"https:\/\/elregionalvm.com.ar\/noticias-villa-maria\/"},{"@type":"ListItem","position":2,"name":"Hechos delictivos en Villa Mar\u00eda y Villa Nueva: detenidos por robos y recupero de una moto robada"}]},{"@type":"WebSite","@id":"http:\/\/elregionalvm.com.ar\/noticias-villa-maria\/#website","url":"http:\/\/elregionalvm.com.ar\/noticias-villa-maria\/","name":"El Regional","description":"Mucho m\u00e1s que informaci\u00f3n","potentialAction":[{"@type":"SearchAction","target":{"@type":"EntryPoint","urlTemplate":"http:\/\/elregionalvm.com.ar\/noticias-villa-maria\/?s={search_term_string}"},"query-input":{"@type":"PropertyValueSpecification","valueRequired":true,"valueName":"search_term_string"}}],"inLanguage":"es"},{"@type":"Person","@id":"http:\/\/elregionalvm.com.ar\/noticias-villa-maria\/#\/schema\/person\/a0fb9c422317faca23d50163151bc354","name":"Contenidos El Regional","image":{"@type":"ImageObject","inLanguage":"es","@id":"http:\/\/elregionalvm.com.ar\/noticias-villa-maria\/#\/schema\/person\/image\/","url":"https:\/\/secure.gravatar.com\/avatar\/265b27cb2209af7bb3a1318f03305787d7981a5cc6e6cd08fe5a4ecdf99d4b48?s=96&d=mm&r=g","contentUrl":"https:\/\/secure.gravatar.com\/avatar\/265b27cb2209af7bb3a1318f03305787d7981a5cc6e6cd08fe5a4ecdf99d4b48?s=96&d=mm&r=g","caption":"Contenidos El Regional"},"url":"https:\/\/elregionalvm.com.ar\/noticias-villa-maria\/author\/contenido\/"}]}},"jetpack_featured_media_url":"https:\/\/i0.wp.com\/elregionalvm.com.ar\/noticias-villa-maria\/wp-content\/uploads\/2023\/07\/patrullero_policia_noche-1.jpg?fit=599%2C402&ssl=1","jetpack_sharing_enabled":true,"_links":{"self":[{"href":"https:\/\/elregionalvm.com.ar\/noticias-villa-maria\/wp-json\/wp\/v2\/posts\/103928","targetHints":{"allow":["GET"]}}],"collection":[{"href":"https:\/\/elregionalvm.com.ar\/noticias-villa-maria\/wp-json\/wp\/v2\/posts"}],"about":[{"href":"https:\/\/elregionalvm.com.ar\/noticias-villa-maria\/wp-json\/wp\/v2\/types\/post"}],"author":[{"embeddable":true,"href":"https:\/\/elregionalvm.com.ar\/noticias-villa-maria\/wp-json\/wp\/v2\/users\/4"}],"replies":[{"embeddable":true,"href":"https:\/\/elregionalvm.com.ar\/noticias-villa-maria\/wp-json\/wp\/v2\/comments?post=103928"}],"version-history":[{"count":1,"href":"https:\/\/elregionalvm.com.ar\/noticias-villa-maria\/wp-json\/wp\/v2\/posts\/103928\/revisions"}],"predecessor-version":[{"id":103932,"href":"https:\/\/elregionalvm.com.ar\/noticias-villa-maria\/wp-json\/wp\/v2\/posts\/103928\/revisions\/103932"}],"wp:featuredmedia":[{"embeddable":true,"href":"https:\/\/elregionalvm.com.ar\/noticias-villa-maria\/wp-json\/wp\/v2\/media\/79852"}],"wp:attachment":[{"href":"https:\/\/elregionalvm.com.ar\/noticias-villa-maria\/wp-json\/wp\/v2\/media?parent=103928"}],"wp:term":[{"taxonomy":"category","embeddable":true,"href":"https:\/\/elregionalvm.com.ar\/noticias-villa-maria\/wp-json\/wp\/v2\/categories?post=103928"},{"taxonomy":"post_tag","embeddable":true,"href":"https:\/\/elregionalvm.com.ar\/noticias-villa-maria\/wp-json\/wp\/v2\/tags?post=103928"}],"curies":[{"name":"wp","href":"https:\/\/api.w.org\/{rel}","templated":true}]}}