{"id":103933,"date":"2025-03-07T15:55:19","date_gmt":"2025-03-07T15:55:19","guid":{"rendered":"https:\/\/elregionalvm.com.ar\/noticias-villa-maria\/?p=103933"},"modified":"2025-03-07T15:55:20","modified_gmt":"2025-03-07T15:55:20","slug":"este-domingo-9-confirmaron-que-sera-la-inauguracion-el-paseo-hermanos-seco","status":"publish","type":"post","link":"https:\/\/elregionalvm.com.ar\/noticias-villa-maria\/este-domingo-9-confirmaron-que-sera-la-inauguracion-el-paseo-hermanos-seco\/","title":{"rendered":"Este domingo 9 confirmaron que ser\u00e1 la inauguraci\u00f3n el \u00abPaseo Hermanos Seco\u00bb"},"content":{"rendered":"\n<p>\u00a0Se invit\u00f3 a los vecinos al acto inaugural de la obra del Paseo Hermanos Seco, que tendr\u00e1 lugar este domingo 9 de marzo, a partir de las 19:30 horas.<\/p>\n\n\n\n<figure class=\"wp-block-image size-large\"><img data-recalc-dims=\"1\" fetchpriority=\"high\" decoding=\"async\" width=\"819\" height=\"1024\" src=\"https:\/\/i0.wp.com\/elregionalvm.com.ar\/noticias-villa-maria\/wp-content\/uploads\/2025\/03\/WhatsApp-Image-2025-03-07-at-9.16.52-AM.jpeg?resize=819%2C1024&#038;ssl=1\" alt=\"\" class=\"wp-image-103934\" srcset=\"https:\/\/i0.wp.com\/elregionalvm.com.ar\/noticias-villa-maria\/wp-content\/uploads\/2025\/03\/WhatsApp-Image-2025-03-07-at-9.16.52-AM.jpeg?resize=819%2C1024&amp;ssl=1 819w, https:\/\/i0.wp.com\/elregionalvm.com.ar\/noticias-villa-maria\/wp-content\/uploads\/2025\/03\/WhatsApp-Image-2025-03-07-at-9.16.52-AM.jpeg?resize=240%2C300&amp;ssl=1 240w, https:\/\/i0.wp.com\/elregionalvm.com.ar\/noticias-villa-maria\/wp-content\/uploads\/2025\/03\/WhatsApp-Image-2025-03-07-at-9.16.52-AM.jpeg?resize=768%2C960&amp;ssl=1 768w, https:\/\/i0.wp.com\/elregionalvm.com.ar\/noticias-villa-maria\/wp-content\/uploads\/2025\/03\/WhatsApp-Image-2025-03-07-at-9.16.52-AM.jpeg?resize=1229%2C1536&amp;ssl=1 1229w, https:\/\/i0.wp.com\/elregionalvm.com.ar\/noticias-villa-maria\/wp-content\/uploads\/2025\/03\/WhatsApp-Image-2025-03-07-at-9.16.52-AM.jpeg?w=1280&amp;ssl=1 1280w\" sizes=\"(max-width: 819px) 100vw, 819px\" \/><\/figure>\n\n\n\n<p>Quienes se den cita en el predio ferrourban\u00edstico, podr\u00e1n disfrutar adem\u00e1s de actividades recreativas durante toda la jornada, en la previa del acto oficial que contar\u00e1 con la intervenci\u00f3n musical de la Villa Mar\u00eda Big Band y la Banda de la Polic\u00eda de C\u00f3rdoba.&nbsp;<\/p>\n\n\n\n<p>Cabe mencionar que la intervenci\u00f3n estrat\u00e9gica de un espacio hist\u00f3rico para la ciudad, realizada con fondos municipales, reactivar\u00e1 el paso peatonal subterr\u00e1neo y se enmarca en un plan integral de renovaci\u00f3n urbana, que busca crear nuevos espacios verdes de encuentro para los vecinos.<\/p>\n\n\n\n<p>En ese sentido, la obra no solo mejorar\u00e1 la conectividad en la zona, habilitando un nuevo punto de conexi\u00f3n entre ambos lados de la v\u00eda, sino que generar\u00e1 un nuevo polo recreativo integrado al Parque de la Vida.<\/p>\n\n\n\n<p>Asimismo, se busca consolidar el sector como un nuevo punto de referencia para la ciudad, consolidando la visi\u00f3n de una Villa Mar\u00eda m\u00e1s moderna y con mejores espacios para el disfrute de todos sus habitantes.<\/p>\n","protected":false},"excerpt":{"rendered":"<p>\u00a0Se invit\u00f3 a los vecinos al acto inaugural de la obra del Paseo Hermanos Seco, que tendr\u00e1 lugar este domingo 9 de marzo, a partir de las 19:30 horas. Quienes se den cita en el predio ferrourban\u00edstico, podr\u00e1n disfrutar adem\u00e1s de actividades recreativas durante toda la jornada, en la previa del acto oficial que contar\u00e1 [&hellip;]<\/p>\n","protected":false},"author":4,"featured_media":103379,"comment_status":"open","ping_status":"open","sticky":false,"template":"","format":"standard","meta":{"site-sidebar-layout":"default","site-content-layout":"","ast-site-content-layout":"default","site-content-style":"default","site-sidebar-style":"default","ast-global-header-display":"","ast-banner-title-visibility":"","ast-main-header-display":"","ast-hfb-above-header-display":"","ast-hfb-below-header-display":"","ast-hfb-mobile-header-display":"","site-post-title":"","ast-breadcrumbs-content":"","ast-featured-img":"","footer-sml-layout":"","ast-disable-related-posts":"","theme-transparent-header-meta":"","adv-header-id-meta":"","stick-header-meta":"","header-above-stick-meta":"","header-main-stick-meta":"","header-below-stick-meta":"","astra-migrate-meta-layouts":"set","ast-page-background-enabled":"default","ast-page-background-meta":{"desktop":{"background-color":"","background-image":"","background-repeat":"repeat","background-position":"center center","background-size":"auto","background-attachment":"scroll","background-type":"","background-media":"","overlay-type":"","overlay-color":"","overlay-opacity":"","overlay-gradient":""},"tablet":{"background-color":"","background-image":"","background-repeat":"repeat","background-position":"center center","background-size":"auto","background-attachment":"scroll","background-type":"","background-media":"","overlay-type":"","overlay-color":"","overlay-opacity":"","overlay-gradient":""},"mobile":{"background-color":"","background-image":"","background-repeat":"repeat","background-position":"center center","background-size":"auto","background-attachment":"scroll","background-type":"","background-media":"","overlay-type":"","overlay-color":"","overlay-opacity":"","overlay-gradient":""}},"ast-content-background-meta":{"desktop":{"background-color":"var(--ast-global-color-5)","background-image":"","background-repeat":"repeat","background-position":"center center","background-size":"auto","background-attachment":"scroll","background-type":"","background-media":"","overlay-type":"","overlay-color":"","overlay-opacity":"","overlay-gradient":""},"tablet":{"background-color":"var(--ast-global-color-5)","background-image":"","background-repeat":"repeat","background-position":"center center","background-size":"auto","background-attachment":"scroll","background-type":"","background-media":"","overlay-type":"","overlay-color":"","overlay-opacity":"","overlay-gradient":""},"mobile":{"background-color":"var(--ast-global-color-5)","background-image":"","background-repeat":"repeat","background-position":"center center","background-size":"auto","background-attachment":"scroll","background-type":"","background-media":"","overlay-type":"","overlay-color":"","overlay-opacity":"","overlay-gradient":""}},"_jetpack_memberships_contains_paid_content":false,"_joinchat":[],"footnotes":""},"categories":[15302,5,2],"tags":[],"class_list":["post-103933","post","type-post","status-publish","format-standard","has-post-thumbnail","hentry","category-destacado","category-sociedad","category-villa-maria"],"yoast_head":"<!-- This site is optimized with the Yoast SEO plugin v26.8 - https:\/\/yoast.com\/product\/yoast-seo-wordpress\/ -->\n<title>Este domingo 9 confirmaron que ser\u00e1 la inauguraci\u00f3n el &quot;Paseo Hermanos Seco&quot; - El Regional<\/title>\n<meta name=\"robots\" content=\"index, follow, max-snippet:-1, max-image-preview:large, max-video-preview:-1\" \/>\n<link rel=\"canonical\" href=\"https:\/\/elregionalvm.com.ar\/noticias-villa-maria\/este-domingo-9-confirmaron-que-sera-la-inauguracion-el-paseo-hermanos-seco\/\" \/>\n<meta property=\"og:locale\" content=\"es_ES\" \/>\n<meta property=\"og:type\" content=\"article\" \/>\n<meta property=\"og:title\" content=\"Este domingo 9 confirmaron que ser\u00e1 la inauguraci\u00f3n el &quot;Paseo Hermanos Seco&quot; - El Regional\" \/>\n<meta property=\"og:description\" content=\"\u00a0Se invit\u00f3 a los vecinos al acto inaugural de la obra del Paseo Hermanos Seco, que tendr\u00e1 lugar este domingo 9 de marzo, a partir de las 19:30 horas. Quienes se den cita en el predio ferrourban\u00edstico, podr\u00e1n disfrutar adem\u00e1s de actividades recreativas durante toda la jornada, en la previa del acto oficial que contar\u00e1 [&hellip;]\" \/>\n<meta property=\"og:url\" content=\"https:\/\/elregionalvm.com.ar\/noticias-villa-maria\/este-domingo-9-confirmaron-que-sera-la-inauguracion-el-paseo-hermanos-seco\/\" \/>\n<meta property=\"og:site_name\" content=\"El Regional\" \/>\n<meta property=\"article:publisher\" content=\"https:\/\/www.facebook.com\/elregionalvm\" \/>\n<meta property=\"article:published_time\" content=\"2025-03-07T15:55:19+00:00\" \/>\n<meta property=\"article:modified_time\" content=\"2025-03-07T15:55:20+00:00\" \/>\n<meta property=\"og:image\" content=\"https:\/\/elregionalvm.com.ar\/noticias-villa-maria\/wp-content\/uploads\/2025\/02\/tunel-hermanos-seco-2025.jpg\" \/>\n\t<meta property=\"og:image:width\" content=\"1200\" \/>\n\t<meta property=\"og:image:height\" content=\"784\" \/>\n\t<meta property=\"og:image:type\" content=\"image\/jpeg\" \/>\n<meta name=\"author\" content=\"Contenidos El Regional\" \/>\n<meta name=\"twitter:card\" content=\"summary_large_image\" \/>\n<meta name=\"twitter:creator\" content=\"@elregionalvm1\" \/>\n<meta name=\"twitter:site\" content=\"@elregionalvm1\" \/>\n<meta name=\"twitter:label1\" content=\"Escrito por\" \/>\n\t<meta name=\"twitter:data1\" content=\"Contenidos El Regional\" \/>\n\t<meta name=\"twitter:label2\" content=\"Tiempo de lectura\" \/>\n\t<meta name=\"twitter:data2\" content=\"2 minutos\" \/>\n<script type=\"application\/ld+json\" class=\"yoast-schema-graph\">{\"@context\":\"https:\/\/schema.org\",\"@graph\":[{\"@type\":\"Article\",\"@id\":\"https:\/\/elregionalvm.com.ar\/noticias-villa-maria\/este-domingo-9-confirmaron-que-sera-la-inauguracion-el-paseo-hermanos-seco\/#article\",\"isPartOf\":{\"@id\":\"https:\/\/elregionalvm.com.ar\/noticias-villa-maria\/este-domingo-9-confirmaron-que-sera-la-inauguracion-el-paseo-hermanos-seco\/\"},\"author\":{\"name\":\"Contenidos El Regional\",\"@id\":\"http:\/\/elregionalvm.com.ar\/noticias-villa-maria\/#\/schema\/person\/a0fb9c422317faca23d50163151bc354\"},\"headline\":\"Este domingo 9 confirmaron que ser\u00e1 la inauguraci\u00f3n el \u00abPaseo Hermanos Seco\u00bb\",\"datePublished\":\"2025-03-07T15:55:19+00:00\",\"dateModified\":\"2025-03-07T15:55:20+00:00\",\"mainEntityOfPage\":{\"@id\":\"https:\/\/elregionalvm.com.ar\/noticias-villa-maria\/este-domingo-9-confirmaron-que-sera-la-inauguracion-el-paseo-hermanos-seco\/\"},\"wordCount\":217,\"commentCount\":0,\"image\":{\"@id\":\"https:\/\/elregionalvm.com.ar\/noticias-villa-maria\/este-domingo-9-confirmaron-que-sera-la-inauguracion-el-paseo-hermanos-seco\/#primaryimage\"},\"thumbnailUrl\":\"https:\/\/i0.wp.com\/elregionalvm.com.ar\/noticias-villa-maria\/wp-content\/uploads\/2025\/02\/tunel-hermanos-seco-2025.jpg?fit=1200%2C784&ssl=1\",\"articleSection\":[\"destacado\",\"Sociedad\",\"Villa Mar\u00eda\"],\"inLanguage\":\"es\",\"potentialAction\":[{\"@type\":\"CommentAction\",\"name\":\"Comment\",\"target\":[\"https:\/\/elregionalvm.com.ar\/noticias-villa-maria\/este-domingo-9-confirmaron-que-sera-la-inauguracion-el-paseo-hermanos-seco\/#respond\"]}]},{\"@type\":\"WebPage\",\"@id\":\"https:\/\/elregionalvm.com.ar\/noticias-villa-maria\/este-domingo-9-confirmaron-que-sera-la-inauguracion-el-paseo-hermanos-seco\/\",\"url\":\"https:\/\/elregionalvm.com.ar\/noticias-villa-maria\/este-domingo-9-confirmaron-que-sera-la-inauguracion-el-paseo-hermanos-seco\/\",\"name\":\"Este domingo 9 confirmaron que ser\u00e1 la inauguraci\u00f3n el \\\"Paseo Hermanos Seco\\\" - El Regional\",\"isPartOf\":{\"@id\":\"http:\/\/elregionalvm.com.ar\/noticias-villa-maria\/#website\"},\"primaryImageOfPage\":{\"@id\":\"https:\/\/elregionalvm.com.ar\/noticias-villa-maria\/este-domingo-9-confirmaron-que-sera-la-inauguracion-el-paseo-hermanos-seco\/#primaryimage\"},\"image\":{\"@id\":\"https:\/\/elregionalvm.com.ar\/noticias-villa-maria\/este-domingo-9-confirmaron-que-sera-la-inauguracion-el-paseo-hermanos-seco\/#primaryimage\"},\"thumbnailUrl\":\"https:\/\/i0.wp.com\/elregionalvm.com.ar\/noticias-villa-maria\/wp-content\/uploads\/2025\/02\/tunel-hermanos-seco-2025.jpg?fit=1200%2C784&ssl=1\",\"datePublished\":\"2025-03-07T15:55:19+00:00\",\"dateModified\":\"2025-03-07T15:55:20+00:00\",\"author\":{\"@id\":\"http:\/\/elregionalvm.com.ar\/noticias-villa-maria\/#\/schema\/person\/a0fb9c422317faca23d50163151bc354\"},\"breadcrumb\":{\"@id\":\"https:\/\/elregionalvm.com.ar\/noticias-villa-maria\/este-domingo-9-confirmaron-que-sera-la-inauguracion-el-paseo-hermanos-seco\/#breadcrumb\"},\"inLanguage\":\"es\",\"potentialAction\":[{\"@type\":\"ReadAction\",\"target\":[\"https:\/\/elregionalvm.com.ar\/noticias-villa-maria\/este-domingo-9-confirmaron-que-sera-la-inauguracion-el-paseo-hermanos-seco\/\"]}]},{\"@type\":\"ImageObject\",\"inLanguage\":\"es\",\"@id\":\"https:\/\/elregionalvm.com.ar\/noticias-villa-maria\/este-domingo-9-confirmaron-que-sera-la-inauguracion-el-paseo-hermanos-seco\/#primaryimage\",\"url\":\"https:\/\/i0.wp.com\/elregionalvm.com.ar\/noticias-villa-maria\/wp-content\/uploads\/2025\/02\/tunel-hermanos-seco-2025.jpg?fit=1200%2C784&ssl=1\",\"contentUrl\":\"https:\/\/i0.wp.com\/elregionalvm.com.ar\/noticias-villa-maria\/wp-content\/uploads\/2025\/02\/tunel-hermanos-seco-2025.jpg?fit=1200%2C784&ssl=1\",\"width\":1200,\"height\":784},{\"@type\":\"BreadcrumbList\",\"@id\":\"https:\/\/elregionalvm.com.ar\/noticias-villa-maria\/este-domingo-9-confirmaron-que-sera-la-inauguracion-el-paseo-hermanos-seco\/#breadcrumb\",\"itemListElement\":[{\"@type\":\"ListItem\",\"position\":1,\"name\":\"Portada\",\"item\":\"https:\/\/elregionalvm.com.ar\/noticias-villa-maria\/\"},{\"@type\":\"ListItem\",\"position\":2,\"name\":\"Este domingo 9 confirmaron que ser\u00e1 la inauguraci\u00f3n el \u00abPaseo Hermanos Seco\u00bb\"}]},{\"@type\":\"WebSite\",\"@id\":\"http:\/\/elregionalvm.com.ar\/noticias-villa-maria\/#website\",\"url\":\"http:\/\/elregionalvm.com.ar\/noticias-villa-maria\/\",\"name\":\"El Regional\",\"description\":\"Mucho m\u00e1s que informaci\u00f3n\",\"potentialAction\":[{\"@type\":\"SearchAction\",\"target\":{\"@type\":\"EntryPoint\",\"urlTemplate\":\"http:\/\/elregionalvm.com.ar\/noticias-villa-maria\/?s={search_term_string}\"},\"query-input\":{\"@type\":\"PropertyValueSpecification\",\"valueRequired\":true,\"valueName\":\"search_term_string\"}}],\"inLanguage\":\"es\"},{\"@type\":\"Person\",\"@id\":\"http:\/\/elregionalvm.com.ar\/noticias-villa-maria\/#\/schema\/person\/a0fb9c422317faca23d50163151bc354\",\"name\":\"Contenidos El Regional\",\"image\":{\"@type\":\"ImageObject\",\"inLanguage\":\"es\",\"@id\":\"http:\/\/elregionalvm.com.ar\/noticias-villa-maria\/#\/schema\/person\/image\/\",\"url\":\"https:\/\/secure.gravatar.com\/avatar\/265b27cb2209af7bb3a1318f03305787d7981a5cc6e6cd08fe5a4ecdf99d4b48?s=96&d=mm&r=g\",\"contentUrl\":\"https:\/\/secure.gravatar.com\/avatar\/265b27cb2209af7bb3a1318f03305787d7981a5cc6e6cd08fe5a4ecdf99d4b48?s=96&d=mm&r=g\",\"caption\":\"Contenidos El Regional\"},\"url\":\"https:\/\/elregionalvm.com.ar\/noticias-villa-maria\/author\/contenido\/\"}]}<\/script>\n<!-- \/ Yoast SEO plugin. -->","yoast_head_json":{"title":"Este domingo 9 confirmaron que ser\u00e1 la inauguraci\u00f3n el \"Paseo Hermanos Seco\" - El Regional","robots":{"index":"index","follow":"follow","max-snippet":"max-snippet:-1","max-image-preview":"max-image-preview:large","max-video-preview":"max-video-preview:-1"},"canonical":"https:\/\/elregionalvm.com.ar\/noticias-villa-maria\/este-domingo-9-confirmaron-que-sera-la-inauguracion-el-paseo-hermanos-seco\/","og_locale":"es_ES","og_type":"article","og_title":"Este domingo 9 confirmaron que ser\u00e1 la inauguraci\u00f3n el \"Paseo Hermanos Seco\" - El Regional","og_description":"\u00a0Se invit\u00f3 a los vecinos al acto inaugural de la obra del Paseo Hermanos Seco, que tendr\u00e1 lugar este domingo 9 de marzo, a partir de las 19:30 horas. Quienes se den cita en el predio ferrourban\u00edstico, podr\u00e1n disfrutar adem\u00e1s de actividades recreativas durante toda la jornada, en la previa del acto oficial que contar\u00e1 [&hellip;]","og_url":"https:\/\/elregionalvm.com.ar\/noticias-villa-maria\/este-domingo-9-confirmaron-que-sera-la-inauguracion-el-paseo-hermanos-seco\/","og_site_name":"El Regional","article_publisher":"https:\/\/www.facebook.com\/elregionalvm","article_published_time":"2025-03-07T15:55:19+00:00","article_modified_time":"2025-03-07T15:55:20+00:00","og_image":[{"width":1200,"height":784,"url":"https:\/\/elregionalvm.com.ar\/noticias-villa-maria\/wp-content\/uploads\/2025\/02\/tunel-hermanos-seco-2025.jpg","type":"image\/jpeg"}],"author":"Contenidos El Regional","twitter_card":"summary_large_image","twitter_creator":"@elregionalvm1","twitter_site":"@elregionalvm1","twitter_misc":{"Escrito por":"Contenidos El Regional","Tiempo de lectura":"2 minutos"},"schema":{"@context":"https:\/\/schema.org","@graph":[{"@type":"Article","@id":"https:\/\/elregionalvm.com.ar\/noticias-villa-maria\/este-domingo-9-confirmaron-que-sera-la-inauguracion-el-paseo-hermanos-seco\/#article","isPartOf":{"@id":"https:\/\/elregionalvm.com.ar\/noticias-villa-maria\/este-domingo-9-confirmaron-que-sera-la-inauguracion-el-paseo-hermanos-seco\/"},"author":{"name":"Contenidos El Regional","@id":"http:\/\/elregionalvm.com.ar\/noticias-villa-maria\/#\/schema\/person\/a0fb9c422317faca23d50163151bc354"},"headline":"Este domingo 9 confirmaron que ser\u00e1 la inauguraci\u00f3n el \u00abPaseo Hermanos Seco\u00bb","datePublished":"2025-03-07T15:55:19+00:00","dateModified":"2025-03-07T15:55:20+00:00","mainEntityOfPage":{"@id":"https:\/\/elregionalvm.com.ar\/noticias-villa-maria\/este-domingo-9-confirmaron-que-sera-la-inauguracion-el-paseo-hermanos-seco\/"},"wordCount":217,"commentCount":0,"image":{"@id":"https:\/\/elregionalvm.com.ar\/noticias-villa-maria\/este-domingo-9-confirmaron-que-sera-la-inauguracion-el-paseo-hermanos-seco\/#primaryimage"},"thumbnailUrl":"https:\/\/i0.wp.com\/elregionalvm.com.ar\/noticias-villa-maria\/wp-content\/uploads\/2025\/02\/tunel-hermanos-seco-2025.jpg?fit=1200%2C784&ssl=1","articleSection":["destacado","Sociedad","Villa Mar\u00eda"],"inLanguage":"es","potentialAction":[{"@type":"CommentAction","name":"Comment","target":["https:\/\/elregionalvm.com.ar\/noticias-villa-maria\/este-domingo-9-confirmaron-que-sera-la-inauguracion-el-paseo-hermanos-seco\/#respond"]}]},{"@type":"WebPage","@id":"https:\/\/elregionalvm.com.ar\/noticias-villa-maria\/este-domingo-9-confirmaron-que-sera-la-inauguracion-el-paseo-hermanos-seco\/","url":"https:\/\/elregionalvm.com.ar\/noticias-villa-maria\/este-domingo-9-confirmaron-que-sera-la-inauguracion-el-paseo-hermanos-seco\/","name":"Este domingo 9 confirmaron que ser\u00e1 la inauguraci\u00f3n el \"Paseo Hermanos Seco\" - El Regional","isPartOf":{"@id":"http:\/\/elregionalvm.com.ar\/noticias-villa-maria\/#website"},"primaryImageOfPage":{"@id":"https:\/\/elregionalvm.com.ar\/noticias-villa-maria\/este-domingo-9-confirmaron-que-sera-la-inauguracion-el-paseo-hermanos-seco\/#primaryimage"},"image":{"@id":"https:\/\/elregionalvm.com.ar\/noticias-villa-maria\/este-domingo-9-confirmaron-que-sera-la-inauguracion-el-paseo-hermanos-seco\/#primaryimage"},"thumbnailUrl":"https:\/\/i0.wp.com\/elregionalvm.com.ar\/noticias-villa-maria\/wp-content\/uploads\/2025\/02\/tunel-hermanos-seco-2025.jpg?fit=1200%2C784&ssl=1","datePublished":"2025-03-07T15:55:19+00:00","dateModified":"2025-03-07T15:55:20+00:00","author":{"@id":"http:\/\/elregionalvm.com.ar\/noticias-villa-maria\/#\/schema\/person\/a0fb9c422317faca23d50163151bc354"},"breadcrumb":{"@id":"https:\/\/elregionalvm.com.ar\/noticias-villa-maria\/este-domingo-9-confirmaron-que-sera-la-inauguracion-el-paseo-hermanos-seco\/#breadcrumb"},"inLanguage":"es","potentialAction":[{"@type":"ReadAction","target":["https:\/\/elregionalvm.com.ar\/noticias-villa-maria\/este-domingo-9-confirmaron-que-sera-la-inauguracion-el-paseo-hermanos-seco\/"]}]},{"@type":"ImageObject","inLanguage":"es","@id":"https:\/\/elregionalvm.com.ar\/noticias-villa-maria\/este-domingo-9-confirmaron-que-sera-la-inauguracion-el-paseo-hermanos-seco\/#primaryimage","url":"https:\/\/i0.wp.com\/elregionalvm.com.ar\/noticias-villa-maria\/wp-content\/uploads\/2025\/02\/tunel-hermanos-seco-2025.jpg?fit=1200%2C784&ssl=1","contentUrl":"https:\/\/i0.wp.com\/elregionalvm.com.ar\/noticias-villa-maria\/wp-content\/uploads\/2025\/02\/tunel-hermanos-seco-2025.jpg?fit=1200%2C784&ssl=1","width":1200,"height":784},{"@type":"BreadcrumbList","@id":"https:\/\/elregionalvm.com.ar\/noticias-villa-maria\/este-domingo-9-confirmaron-que-sera-la-inauguracion-el-paseo-hermanos-seco\/#breadcrumb","itemListElement":[{"@type":"ListItem","position":1,"name":"Portada","item":"https:\/\/elregionalvm.com.ar\/noticias-villa-maria\/"},{"@type":"ListItem","position":2,"name":"Este domingo 9 confirmaron que ser\u00e1 la inauguraci\u00f3n el \u00abPaseo Hermanos Seco\u00bb"}]},{"@type":"WebSite","@id":"http:\/\/elregionalvm.com.ar\/noticias-villa-maria\/#website","url":"http:\/\/elregionalvm.com.ar\/noticias-villa-maria\/","name":"El Regional","description":"Mucho m\u00e1s que informaci\u00f3n","potentialAction":[{"@type":"SearchAction","target":{"@type":"EntryPoint","urlTemplate":"http:\/\/elregionalvm.com.ar\/noticias-villa-maria\/?s={search_term_string}"},"query-input":{"@type":"PropertyValueSpecification","valueRequired":true,"valueName":"search_term_string"}}],"inLanguage":"es"},{"@type":"Person","@id":"http:\/\/elregionalvm.com.ar\/noticias-villa-maria\/#\/schema\/person\/a0fb9c422317faca23d50163151bc354","name":"Contenidos El Regional","image":{"@type":"ImageObject","inLanguage":"es","@id":"http:\/\/elregionalvm.com.ar\/noticias-villa-maria\/#\/schema\/person\/image\/","url":"https:\/\/secure.gravatar.com\/avatar\/265b27cb2209af7bb3a1318f03305787d7981a5cc6e6cd08fe5a4ecdf99d4b48?s=96&d=mm&r=g","contentUrl":"https:\/\/secure.gravatar.com\/avatar\/265b27cb2209af7bb3a1318f03305787d7981a5cc6e6cd08fe5a4ecdf99d4b48?s=96&d=mm&r=g","caption":"Contenidos El Regional"},"url":"https:\/\/elregionalvm.com.ar\/noticias-villa-maria\/author\/contenido\/"}]}},"jetpack_featured_media_url":"https:\/\/i0.wp.com\/elregionalvm.com.ar\/noticias-villa-maria\/wp-content\/uploads\/2025\/02\/tunel-hermanos-seco-2025.jpg?fit=1200%2C784&ssl=1","jetpack_sharing_enabled":true,"_links":{"self":[{"href":"https:\/\/elregionalvm.com.ar\/noticias-villa-maria\/wp-json\/wp\/v2\/posts\/103933","targetHints":{"allow":["GET"]}}],"collection":[{"href":"https:\/\/elregionalvm.com.ar\/noticias-villa-maria\/wp-json\/wp\/v2\/posts"}],"about":[{"href":"https:\/\/elregionalvm.com.ar\/noticias-villa-maria\/wp-json\/wp\/v2\/types\/post"}],"author":[{"embeddable":true,"href":"https:\/\/elregionalvm.com.ar\/noticias-villa-maria\/wp-json\/wp\/v2\/users\/4"}],"replies":[{"embeddable":true,"href":"https:\/\/elregionalvm.com.ar\/noticias-villa-maria\/wp-json\/wp\/v2\/comments?post=103933"}],"version-history":[{"count":1,"href":"https:\/\/elregionalvm.com.ar\/noticias-villa-maria\/wp-json\/wp\/v2\/posts\/103933\/revisions"}],"predecessor-version":[{"id":103935,"href":"https:\/\/elregionalvm.com.ar\/noticias-villa-maria\/wp-json\/wp\/v2\/posts\/103933\/revisions\/103935"}],"wp:featuredmedia":[{"embeddable":true,"href":"https:\/\/elregionalvm.com.ar\/noticias-villa-maria\/wp-json\/wp\/v2\/media\/103379"}],"wp:attachment":[{"href":"https:\/\/elregionalvm.com.ar\/noticias-villa-maria\/wp-json\/wp\/v2\/media?parent=103933"}],"wp:term":[{"taxonomy":"category","embeddable":true,"href":"https:\/\/elregionalvm.com.ar\/noticias-villa-maria\/wp-json\/wp\/v2\/categories?post=103933"},{"taxonomy":"post_tag","embeddable":true,"href":"https:\/\/elregionalvm.com.ar\/noticias-villa-maria\/wp-json\/wp\/v2\/tags?post=103933"}],"curies":[{"name":"wp","href":"https:\/\/api.w.org\/{rel}","templated":true}]}}