{"id":103936,"date":"2025-03-07T16:00:55","date_gmt":"2025-03-07T16:00:55","guid":{"rendered":"https:\/\/elregionalvm.com.ar\/noticias-villa-maria\/?p=103936"},"modified":"2025-03-09T15:49:34","modified_gmt":"2025-03-09T15:49:34","slug":"fpa-detuvo-a-dos-integrantes-de-una-organizacion-narco-con-vinculos-en-la-carcel-de-bouwer","status":"publish","type":"post","link":"https:\/\/elregionalvm.com.ar\/noticias-villa-maria\/fpa-detuvo-a-dos-integrantes-de-una-organizacion-narco-con-vinculos-en-la-carcel-de-bouwer\/","title":{"rendered":"FPA detuvo a dos integrantes de una organizaci\u00f3n narco con v\u00ednculos en la c\u00e1rcel de Bouwer"},"content":{"rendered":"\n<p>En un operativo supervisado por el Ministerio P\u00fablico Fiscal, la Fuerza Policial Antinarcotr\u00e1fico llev\u00f3 a cabo tres allanamientos, que finalizaron con la detenci\u00f3n de dos mujeres mayores de edad que integraban una organizaci\u00f3n narco desbaratada en la ciudad de C\u00f3rdoba y en la c\u00e1rcel de Bouwer.<\/p>\n\n\n\n<figure class=\"wp-block-image size-full\"><img data-recalc-dims=\"1\" fetchpriority=\"high\" decoding=\"async\" width=\"768\" height=\"926\" src=\"https:\/\/i0.wp.com\/elregionalvm.com.ar\/noticias-villa-maria\/wp-content\/uploads\/2025\/03\/Villa-Adela-768x926-1.jpg?resize=768%2C926&#038;ssl=1\" alt=\"\" class=\"wp-image-103938\" srcset=\"https:\/\/i0.wp.com\/elregionalvm.com.ar\/noticias-villa-maria\/wp-content\/uploads\/2025\/03\/Villa-Adela-768x926-1.jpg?w=768&amp;ssl=1 768w, https:\/\/i0.wp.com\/elregionalvm.com.ar\/noticias-villa-maria\/wp-content\/uploads\/2025\/03\/Villa-Adela-768x926-1.jpg?resize=249%2C300&amp;ssl=1 249w\" sizes=\"(max-width: 768px) 100vw, 768px\" \/><\/figure>\n\n\n\n<p>Efectivos de la Fuerza realizaron tres allanamientos en las viviendas ubicadas en los barrios Acosta, Villa Aspacia y Ampliaci\u00f3n Cabildo de la capital cordobesa. En las irrupciones a los domicilios, se efectuaron las aprehensiones de dos mujeres mayor de edad (36 y 42) y durante los registros se logr\u00f3 el secuestro de 12 plantas de cannabis sativa y elementos de inter\u00e9s para la causa.<\/p>\n\n\n\n<p>Estas detenciones est\u00e1n relacionadas con un operativo llevado a cabo el 13 de febrero del corriente a\u00f1o, en el que investigadores de la FPA desbarataron una organizaci\u00f3n narco con v\u00ednculos en la c\u00e1rcel de Bouwer. En aquella oportunidad, se allanaron cinco viviendas y 24 celdas, arrestaron a los padres de un recluso y se incaut\u00f3 varias dosis de coca\u00edna, m\u00e1s de $17.000.000, dos autom\u00f3viles de alta gama, televisores y elementos relacionados a la actividad ilegal.<\/p>\n\n\n\n<p>Finalmente, la Fiscal\u00eda de Instrucci\u00f3n del Turno Uno de la ciudad de C\u00f3rdoba, dispuso la remisi\u00f3n de todas las evidencias secuestradas y el traslado de las detenidas a la sede judicial.<\/p>\n","protected":false},"excerpt":{"rendered":"<p>En un operativo supervisado por el Ministerio P\u00fablico Fiscal, la Fuerza Policial Antinarcotr\u00e1fico llev\u00f3 a cabo tres allanamientos, que finalizaron con la detenci\u00f3n de dos mujeres mayores de edad que integraban una organizaci\u00f3n narco desbaratada en la ciudad de C\u00f3rdoba y en la c\u00e1rcel de Bouwer. Efectivos de la Fuerza realizaron tres allanamientos en las [&hellip;]<\/p>\n","protected":false},"author":4,"featured_media":103937,"comment_status":"open","ping_status":"open","sticky":false,"template":"","format":"standard","meta":{"site-sidebar-layout":"default","site-content-layout":"","ast-site-content-layout":"default","site-content-style":"default","site-sidebar-style":"default","ast-global-header-display":"","ast-banner-title-visibility":"","ast-main-header-display":"","ast-hfb-above-header-display":"","ast-hfb-below-header-display":"","ast-hfb-mobile-header-display":"","site-post-title":"","ast-breadcrumbs-content":"","ast-featured-img":"","footer-sml-layout":"","ast-disable-related-posts":"","theme-transparent-header-meta":"","adv-header-id-meta":"","stick-header-meta":"","header-above-stick-meta":"","header-main-stick-meta":"","header-below-stick-meta":"","astra-migrate-meta-layouts":"set","ast-page-background-enabled":"default","ast-page-background-meta":{"desktop":{"background-color":"","background-image":"","background-repeat":"repeat","background-position":"center center","background-size":"auto","background-attachment":"scroll","background-type":"","background-media":"","overlay-type":"","overlay-color":"","overlay-opacity":"","overlay-gradient":""},"tablet":{"background-color":"","background-image":"","background-repeat":"repeat","background-position":"center center","background-size":"auto","background-attachment":"scroll","background-type":"","background-media":"","overlay-type":"","overlay-color":"","overlay-opacity":"","overlay-gradient":""},"mobile":{"background-color":"","background-image":"","background-repeat":"repeat","background-position":"center center","background-size":"auto","background-attachment":"scroll","background-type":"","background-media":"","overlay-type":"","overlay-color":"","overlay-opacity":"","overlay-gradient":""}},"ast-content-background-meta":{"desktop":{"background-color":"var(--ast-global-color-5)","background-image":"","background-repeat":"repeat","background-position":"center center","background-size":"auto","background-attachment":"scroll","background-type":"","background-media":"","overlay-type":"","overlay-color":"","overlay-opacity":"","overlay-gradient":""},"tablet":{"background-color":"var(--ast-global-color-5)","background-image":"","background-repeat":"repeat","background-position":"center center","background-size":"auto","background-attachment":"scroll","background-type":"","background-media":"","overlay-type":"","overlay-color":"","overlay-opacity":"","overlay-gradient":""},"mobile":{"background-color":"var(--ast-global-color-5)","background-image":"","background-repeat":"repeat","background-position":"center center","background-size":"auto","background-attachment":"scroll","background-type":"","background-media":"","overlay-type":"","overlay-color":"","overlay-opacity":"","overlay-gradient":""}},"_jetpack_memberships_contains_paid_content":false,"_joinchat":[],"footnotes":""},"categories":[2234,16095,5],"tags":[],"class_list":["post-103936","post","type-post","status-publish","format-standard","has-post-thumbnail","hentry","category-policiales","category-provinciales","category-sociedad"],"yoast_head":"<!-- This site is optimized with the Yoast SEO plugin v26.8 - https:\/\/yoast.com\/product\/yoast-seo-wordpress\/ -->\n<title>FPA detuvo a dos integrantes de una organizaci\u00f3n narco con v\u00ednculos en la c\u00e1rcel de Bouwer - El Regional<\/title>\n<meta name=\"robots\" content=\"index, follow, max-snippet:-1, max-image-preview:large, max-video-preview:-1\" \/>\n<link rel=\"canonical\" href=\"https:\/\/elregionalvm.com.ar\/noticias-villa-maria\/fpa-detuvo-a-dos-integrantes-de-una-organizacion-narco-con-vinculos-en-la-carcel-de-bouwer\/\" \/>\n<meta property=\"og:locale\" content=\"es_ES\" \/>\n<meta property=\"og:type\" content=\"article\" \/>\n<meta property=\"og:title\" content=\"FPA detuvo a dos integrantes de una organizaci\u00f3n narco con v\u00ednculos en la c\u00e1rcel de Bouwer - El Regional\" \/>\n<meta property=\"og:description\" content=\"En un operativo supervisado por el Ministerio P\u00fablico Fiscal, la Fuerza Policial Antinarcotr\u00e1fico llev\u00f3 a cabo tres allanamientos, que finalizaron con la detenci\u00f3n de dos mujeres mayores de edad que integraban una organizaci\u00f3n narco desbaratada en la ciudad de C\u00f3rdoba y en la c\u00e1rcel de Bouwer. Efectivos de la Fuerza realizaron tres allanamientos en las [&hellip;]\" \/>\n<meta property=\"og:url\" content=\"https:\/\/elregionalvm.com.ar\/noticias-villa-maria\/fpa-detuvo-a-dos-integrantes-de-una-organizacion-narco-con-vinculos-en-la-carcel-de-bouwer\/\" \/>\n<meta property=\"og:site_name\" content=\"El Regional\" \/>\n<meta property=\"article:publisher\" content=\"https:\/\/www.facebook.com\/elregionalvm\" \/>\n<meta property=\"article:published_time\" content=\"2025-03-07T16:00:55+00:00\" \/>\n<meta property=\"article:modified_time\" content=\"2025-03-09T15:49:34+00:00\" \/>\n<meta property=\"og:image\" content=\"https:\/\/elregionalvm.com.ar\/noticias-villa-maria\/wp-content\/uploads\/2025\/03\/WhatsApp-Image-2025-03-05-at-10.34.21-1920x1353-1.jpg\" \/>\n\t<meta property=\"og:image:width\" content=\"1920\" \/>\n\t<meta property=\"og:image:height\" content=\"1353\" \/>\n\t<meta property=\"og:image:type\" content=\"image\/jpeg\" \/>\n<meta name=\"author\" content=\"Contenidos El Regional\" \/>\n<meta name=\"twitter:card\" content=\"summary_large_image\" \/>\n<meta name=\"twitter:creator\" content=\"@elregionalvm1\" \/>\n<meta name=\"twitter:site\" content=\"@elregionalvm1\" \/>\n<meta name=\"twitter:label1\" content=\"Escrito por\" \/>\n\t<meta name=\"twitter:data1\" content=\"Contenidos El Regional\" \/>\n\t<meta name=\"twitter:label2\" content=\"Tiempo de lectura\" \/>\n\t<meta name=\"twitter:data2\" content=\"2 minutos\" \/>\n<script type=\"application\/ld+json\" class=\"yoast-schema-graph\">{\"@context\":\"https:\/\/schema.org\",\"@graph\":[{\"@type\":\"Article\",\"@id\":\"https:\/\/elregionalvm.com.ar\/noticias-villa-maria\/fpa-detuvo-a-dos-integrantes-de-una-organizacion-narco-con-vinculos-en-la-carcel-de-bouwer\/#article\",\"isPartOf\":{\"@id\":\"https:\/\/elregionalvm.com.ar\/noticias-villa-maria\/fpa-detuvo-a-dos-integrantes-de-una-organizacion-narco-con-vinculos-en-la-carcel-de-bouwer\/\"},\"author\":{\"name\":\"Contenidos El Regional\",\"@id\":\"http:\/\/elregionalvm.com.ar\/noticias-villa-maria\/#\/schema\/person\/a0fb9c422317faca23d50163151bc354\"},\"headline\":\"FPA detuvo a dos integrantes de una organizaci\u00f3n narco con v\u00ednculos en la c\u00e1rcel de Bouwer\",\"datePublished\":\"2025-03-07T16:00:55+00:00\",\"dateModified\":\"2025-03-09T15:49:34+00:00\",\"mainEntityOfPage\":{\"@id\":\"https:\/\/elregionalvm.com.ar\/noticias-villa-maria\/fpa-detuvo-a-dos-integrantes-de-una-organizacion-narco-con-vinculos-en-la-carcel-de-bouwer\/\"},\"wordCount\":249,\"commentCount\":0,\"image\":{\"@id\":\"https:\/\/elregionalvm.com.ar\/noticias-villa-maria\/fpa-detuvo-a-dos-integrantes-de-una-organizacion-narco-con-vinculos-en-la-carcel-de-bouwer\/#primaryimage\"},\"thumbnailUrl\":\"https:\/\/i0.wp.com\/elregionalvm.com.ar\/noticias-villa-maria\/wp-content\/uploads\/2025\/03\/WhatsApp-Image-2025-03-05-at-10.34.21-1920x1353-1.jpg?fit=1920%2C1353&ssl=1\",\"articleSection\":[\"Policiales\",\"Provinciales\",\"Sociedad\"],\"inLanguage\":\"es\",\"potentialAction\":[{\"@type\":\"CommentAction\",\"name\":\"Comment\",\"target\":[\"https:\/\/elregionalvm.com.ar\/noticias-villa-maria\/fpa-detuvo-a-dos-integrantes-de-una-organizacion-narco-con-vinculos-en-la-carcel-de-bouwer\/#respond\"]}]},{\"@type\":\"WebPage\",\"@id\":\"https:\/\/elregionalvm.com.ar\/noticias-villa-maria\/fpa-detuvo-a-dos-integrantes-de-una-organizacion-narco-con-vinculos-en-la-carcel-de-bouwer\/\",\"url\":\"https:\/\/elregionalvm.com.ar\/noticias-villa-maria\/fpa-detuvo-a-dos-integrantes-de-una-organizacion-narco-con-vinculos-en-la-carcel-de-bouwer\/\",\"name\":\"FPA detuvo a dos integrantes de una organizaci\u00f3n narco con v\u00ednculos en la c\u00e1rcel de Bouwer - El Regional\",\"isPartOf\":{\"@id\":\"http:\/\/elregionalvm.com.ar\/noticias-villa-maria\/#website\"},\"primaryImageOfPage\":{\"@id\":\"https:\/\/elregionalvm.com.ar\/noticias-villa-maria\/fpa-detuvo-a-dos-integrantes-de-una-organizacion-narco-con-vinculos-en-la-carcel-de-bouwer\/#primaryimage\"},\"image\":{\"@id\":\"https:\/\/elregionalvm.com.ar\/noticias-villa-maria\/fpa-detuvo-a-dos-integrantes-de-una-organizacion-narco-con-vinculos-en-la-carcel-de-bouwer\/#primaryimage\"},\"thumbnailUrl\":\"https:\/\/i0.wp.com\/elregionalvm.com.ar\/noticias-villa-maria\/wp-content\/uploads\/2025\/03\/WhatsApp-Image-2025-03-05-at-10.34.21-1920x1353-1.jpg?fit=1920%2C1353&ssl=1\",\"datePublished\":\"2025-03-07T16:00:55+00:00\",\"dateModified\":\"2025-03-09T15:49:34+00:00\",\"author\":{\"@id\":\"http:\/\/elregionalvm.com.ar\/noticias-villa-maria\/#\/schema\/person\/a0fb9c422317faca23d50163151bc354\"},\"breadcrumb\":{\"@id\":\"https:\/\/elregionalvm.com.ar\/noticias-villa-maria\/fpa-detuvo-a-dos-integrantes-de-una-organizacion-narco-con-vinculos-en-la-carcel-de-bouwer\/#breadcrumb\"},\"inLanguage\":\"es\",\"potentialAction\":[{\"@type\":\"ReadAction\",\"target\":[\"https:\/\/elregionalvm.com.ar\/noticias-villa-maria\/fpa-detuvo-a-dos-integrantes-de-una-organizacion-narco-con-vinculos-en-la-carcel-de-bouwer\/\"]}]},{\"@type\":\"ImageObject\",\"inLanguage\":\"es\",\"@id\":\"https:\/\/elregionalvm.com.ar\/noticias-villa-maria\/fpa-detuvo-a-dos-integrantes-de-una-organizacion-narco-con-vinculos-en-la-carcel-de-bouwer\/#primaryimage\",\"url\":\"https:\/\/i0.wp.com\/elregionalvm.com.ar\/noticias-villa-maria\/wp-content\/uploads\/2025\/03\/WhatsApp-Image-2025-03-05-at-10.34.21-1920x1353-1.jpg?fit=1920%2C1353&ssl=1\",\"contentUrl\":\"https:\/\/i0.wp.com\/elregionalvm.com.ar\/noticias-villa-maria\/wp-content\/uploads\/2025\/03\/WhatsApp-Image-2025-03-05-at-10.34.21-1920x1353-1.jpg?fit=1920%2C1353&ssl=1\",\"width\":1920,\"height\":1353},{\"@type\":\"BreadcrumbList\",\"@id\":\"https:\/\/elregionalvm.com.ar\/noticias-villa-maria\/fpa-detuvo-a-dos-integrantes-de-una-organizacion-narco-con-vinculos-en-la-carcel-de-bouwer\/#breadcrumb\",\"itemListElement\":[{\"@type\":\"ListItem\",\"position\":1,\"name\":\"Portada\",\"item\":\"https:\/\/elregionalvm.com.ar\/noticias-villa-maria\/\"},{\"@type\":\"ListItem\",\"position\":2,\"name\":\"FPA detuvo a dos integrantes de una organizaci\u00f3n narco con v\u00ednculos en la c\u00e1rcel de Bouwer\"}]},{\"@type\":\"WebSite\",\"@id\":\"http:\/\/elregionalvm.com.ar\/noticias-villa-maria\/#website\",\"url\":\"http:\/\/elregionalvm.com.ar\/noticias-villa-maria\/\",\"name\":\"El Regional\",\"description\":\"Mucho m\u00e1s que informaci\u00f3n\",\"potentialAction\":[{\"@type\":\"SearchAction\",\"target\":{\"@type\":\"EntryPoint\",\"urlTemplate\":\"http:\/\/elregionalvm.com.ar\/noticias-villa-maria\/?s={search_term_string}\"},\"query-input\":{\"@type\":\"PropertyValueSpecification\",\"valueRequired\":true,\"valueName\":\"search_term_string\"}}],\"inLanguage\":\"es\"},{\"@type\":\"Person\",\"@id\":\"http:\/\/elregionalvm.com.ar\/noticias-villa-maria\/#\/schema\/person\/a0fb9c422317faca23d50163151bc354\",\"name\":\"Contenidos El Regional\",\"image\":{\"@type\":\"ImageObject\",\"inLanguage\":\"es\",\"@id\":\"http:\/\/elregionalvm.com.ar\/noticias-villa-maria\/#\/schema\/person\/image\/\",\"url\":\"https:\/\/secure.gravatar.com\/avatar\/265b27cb2209af7bb3a1318f03305787d7981a5cc6e6cd08fe5a4ecdf99d4b48?s=96&d=mm&r=g\",\"contentUrl\":\"https:\/\/secure.gravatar.com\/avatar\/265b27cb2209af7bb3a1318f03305787d7981a5cc6e6cd08fe5a4ecdf99d4b48?s=96&d=mm&r=g\",\"caption\":\"Contenidos El Regional\"},\"url\":\"https:\/\/elregionalvm.com.ar\/noticias-villa-maria\/author\/contenido\/\"}]}<\/script>\n<!-- \/ Yoast SEO plugin. -->","yoast_head_json":{"title":"FPA detuvo a dos integrantes de una organizaci\u00f3n narco con v\u00ednculos en la c\u00e1rcel de Bouwer - El Regional","robots":{"index":"index","follow":"follow","max-snippet":"max-snippet:-1","max-image-preview":"max-image-preview:large","max-video-preview":"max-video-preview:-1"},"canonical":"https:\/\/elregionalvm.com.ar\/noticias-villa-maria\/fpa-detuvo-a-dos-integrantes-de-una-organizacion-narco-con-vinculos-en-la-carcel-de-bouwer\/","og_locale":"es_ES","og_type":"article","og_title":"FPA detuvo a dos integrantes de una organizaci\u00f3n narco con v\u00ednculos en la c\u00e1rcel de Bouwer - El Regional","og_description":"En un operativo supervisado por el Ministerio P\u00fablico Fiscal, la Fuerza Policial Antinarcotr\u00e1fico llev\u00f3 a cabo tres allanamientos, que finalizaron con la detenci\u00f3n de dos mujeres mayores de edad que integraban una organizaci\u00f3n narco desbaratada en la ciudad de C\u00f3rdoba y en la c\u00e1rcel de Bouwer. Efectivos de la Fuerza realizaron tres allanamientos en las [&hellip;]","og_url":"https:\/\/elregionalvm.com.ar\/noticias-villa-maria\/fpa-detuvo-a-dos-integrantes-de-una-organizacion-narco-con-vinculos-en-la-carcel-de-bouwer\/","og_site_name":"El Regional","article_publisher":"https:\/\/www.facebook.com\/elregionalvm","article_published_time":"2025-03-07T16:00:55+00:00","article_modified_time":"2025-03-09T15:49:34+00:00","og_image":[{"width":1920,"height":1353,"url":"https:\/\/elregionalvm.com.ar\/noticias-villa-maria\/wp-content\/uploads\/2025\/03\/WhatsApp-Image-2025-03-05-at-10.34.21-1920x1353-1.jpg","type":"image\/jpeg"}],"author":"Contenidos El Regional","twitter_card":"summary_large_image","twitter_creator":"@elregionalvm1","twitter_site":"@elregionalvm1","twitter_misc":{"Escrito por":"Contenidos El Regional","Tiempo de lectura":"2 minutos"},"schema":{"@context":"https:\/\/schema.org","@graph":[{"@type":"Article","@id":"https:\/\/elregionalvm.com.ar\/noticias-villa-maria\/fpa-detuvo-a-dos-integrantes-de-una-organizacion-narco-con-vinculos-en-la-carcel-de-bouwer\/#article","isPartOf":{"@id":"https:\/\/elregionalvm.com.ar\/noticias-villa-maria\/fpa-detuvo-a-dos-integrantes-de-una-organizacion-narco-con-vinculos-en-la-carcel-de-bouwer\/"},"author":{"name":"Contenidos El Regional","@id":"http:\/\/elregionalvm.com.ar\/noticias-villa-maria\/#\/schema\/person\/a0fb9c422317faca23d50163151bc354"},"headline":"FPA detuvo a dos integrantes de una organizaci\u00f3n narco con v\u00ednculos en la c\u00e1rcel de Bouwer","datePublished":"2025-03-07T16:00:55+00:00","dateModified":"2025-03-09T15:49:34+00:00","mainEntityOfPage":{"@id":"https:\/\/elregionalvm.com.ar\/noticias-villa-maria\/fpa-detuvo-a-dos-integrantes-de-una-organizacion-narco-con-vinculos-en-la-carcel-de-bouwer\/"},"wordCount":249,"commentCount":0,"image":{"@id":"https:\/\/elregionalvm.com.ar\/noticias-villa-maria\/fpa-detuvo-a-dos-integrantes-de-una-organizacion-narco-con-vinculos-en-la-carcel-de-bouwer\/#primaryimage"},"thumbnailUrl":"https:\/\/i0.wp.com\/elregionalvm.com.ar\/noticias-villa-maria\/wp-content\/uploads\/2025\/03\/WhatsApp-Image-2025-03-05-at-10.34.21-1920x1353-1.jpg?fit=1920%2C1353&ssl=1","articleSection":["Policiales","Provinciales","Sociedad"],"inLanguage":"es","potentialAction":[{"@type":"CommentAction","name":"Comment","target":["https:\/\/elregionalvm.com.ar\/noticias-villa-maria\/fpa-detuvo-a-dos-integrantes-de-una-organizacion-narco-con-vinculos-en-la-carcel-de-bouwer\/#respond"]}]},{"@type":"WebPage","@id":"https:\/\/elregionalvm.com.ar\/noticias-villa-maria\/fpa-detuvo-a-dos-integrantes-de-una-organizacion-narco-con-vinculos-en-la-carcel-de-bouwer\/","url":"https:\/\/elregionalvm.com.ar\/noticias-villa-maria\/fpa-detuvo-a-dos-integrantes-de-una-organizacion-narco-con-vinculos-en-la-carcel-de-bouwer\/","name":"FPA detuvo a dos integrantes de una organizaci\u00f3n narco con v\u00ednculos en la c\u00e1rcel de Bouwer - El Regional","isPartOf":{"@id":"http:\/\/elregionalvm.com.ar\/noticias-villa-maria\/#website"},"primaryImageOfPage":{"@id":"https:\/\/elregionalvm.com.ar\/noticias-villa-maria\/fpa-detuvo-a-dos-integrantes-de-una-organizacion-narco-con-vinculos-en-la-carcel-de-bouwer\/#primaryimage"},"image":{"@id":"https:\/\/elregionalvm.com.ar\/noticias-villa-maria\/fpa-detuvo-a-dos-integrantes-de-una-organizacion-narco-con-vinculos-en-la-carcel-de-bouwer\/#primaryimage"},"thumbnailUrl":"https:\/\/i0.wp.com\/elregionalvm.com.ar\/noticias-villa-maria\/wp-content\/uploads\/2025\/03\/WhatsApp-Image-2025-03-05-at-10.34.21-1920x1353-1.jpg?fit=1920%2C1353&ssl=1","datePublished":"2025-03-07T16:00:55+00:00","dateModified":"2025-03-09T15:49:34+00:00","author":{"@id":"http:\/\/elregionalvm.com.ar\/noticias-villa-maria\/#\/schema\/person\/a0fb9c422317faca23d50163151bc354"},"breadcrumb":{"@id":"https:\/\/elregionalvm.com.ar\/noticias-villa-maria\/fpa-detuvo-a-dos-integrantes-de-una-organizacion-narco-con-vinculos-en-la-carcel-de-bouwer\/#breadcrumb"},"inLanguage":"es","potentialAction":[{"@type":"ReadAction","target":["https:\/\/elregionalvm.com.ar\/noticias-villa-maria\/fpa-detuvo-a-dos-integrantes-de-una-organizacion-narco-con-vinculos-en-la-carcel-de-bouwer\/"]}]},{"@type":"ImageObject","inLanguage":"es","@id":"https:\/\/elregionalvm.com.ar\/noticias-villa-maria\/fpa-detuvo-a-dos-integrantes-de-una-organizacion-narco-con-vinculos-en-la-carcel-de-bouwer\/#primaryimage","url":"https:\/\/i0.wp.com\/elregionalvm.com.ar\/noticias-villa-maria\/wp-content\/uploads\/2025\/03\/WhatsApp-Image-2025-03-05-at-10.34.21-1920x1353-1.jpg?fit=1920%2C1353&ssl=1","contentUrl":"https:\/\/i0.wp.com\/elregionalvm.com.ar\/noticias-villa-maria\/wp-content\/uploads\/2025\/03\/WhatsApp-Image-2025-03-05-at-10.34.21-1920x1353-1.jpg?fit=1920%2C1353&ssl=1","width":1920,"height":1353},{"@type":"BreadcrumbList","@id":"https:\/\/elregionalvm.com.ar\/noticias-villa-maria\/fpa-detuvo-a-dos-integrantes-de-una-organizacion-narco-con-vinculos-en-la-carcel-de-bouwer\/#breadcrumb","itemListElement":[{"@type":"ListItem","position":1,"name":"Portada","item":"https:\/\/elregionalvm.com.ar\/noticias-villa-maria\/"},{"@type":"ListItem","position":2,"name":"FPA detuvo a dos integrantes de una organizaci\u00f3n narco con v\u00ednculos en la c\u00e1rcel de Bouwer"}]},{"@type":"WebSite","@id":"http:\/\/elregionalvm.com.ar\/noticias-villa-maria\/#website","url":"http:\/\/elregionalvm.com.ar\/noticias-villa-maria\/","name":"El Regional","description":"Mucho m\u00e1s que informaci\u00f3n","potentialAction":[{"@type":"SearchAction","target":{"@type":"EntryPoint","urlTemplate":"http:\/\/elregionalvm.com.ar\/noticias-villa-maria\/?s={search_term_string}"},"query-input":{"@type":"PropertyValueSpecification","valueRequired":true,"valueName":"search_term_string"}}],"inLanguage":"es"},{"@type":"Person","@id":"http:\/\/elregionalvm.com.ar\/noticias-villa-maria\/#\/schema\/person\/a0fb9c422317faca23d50163151bc354","name":"Contenidos El Regional","image":{"@type":"ImageObject","inLanguage":"es","@id":"http:\/\/elregionalvm.com.ar\/noticias-villa-maria\/#\/schema\/person\/image\/","url":"https:\/\/secure.gravatar.com\/avatar\/265b27cb2209af7bb3a1318f03305787d7981a5cc6e6cd08fe5a4ecdf99d4b48?s=96&d=mm&r=g","contentUrl":"https:\/\/secure.gravatar.com\/avatar\/265b27cb2209af7bb3a1318f03305787d7981a5cc6e6cd08fe5a4ecdf99d4b48?s=96&d=mm&r=g","caption":"Contenidos El Regional"},"url":"https:\/\/elregionalvm.com.ar\/noticias-villa-maria\/author\/contenido\/"}]}},"jetpack_featured_media_url":"https:\/\/i0.wp.com\/elregionalvm.com.ar\/noticias-villa-maria\/wp-content\/uploads\/2025\/03\/WhatsApp-Image-2025-03-05-at-10.34.21-1920x1353-1.jpg?fit=1920%2C1353&ssl=1","jetpack_sharing_enabled":true,"_links":{"self":[{"href":"https:\/\/elregionalvm.com.ar\/noticias-villa-maria\/wp-json\/wp\/v2\/posts\/103936","targetHints":{"allow":["GET"]}}],"collection":[{"href":"https:\/\/elregionalvm.com.ar\/noticias-villa-maria\/wp-json\/wp\/v2\/posts"}],"about":[{"href":"https:\/\/elregionalvm.com.ar\/noticias-villa-maria\/wp-json\/wp\/v2\/types\/post"}],"author":[{"embeddable":true,"href":"https:\/\/elregionalvm.com.ar\/noticias-villa-maria\/wp-json\/wp\/v2\/users\/4"}],"replies":[{"embeddable":true,"href":"https:\/\/elregionalvm.com.ar\/noticias-villa-maria\/wp-json\/wp\/v2\/comments?post=103936"}],"version-history":[{"count":1,"href":"https:\/\/elregionalvm.com.ar\/noticias-villa-maria\/wp-json\/wp\/v2\/posts\/103936\/revisions"}],"predecessor-version":[{"id":103939,"href":"https:\/\/elregionalvm.com.ar\/noticias-villa-maria\/wp-json\/wp\/v2\/posts\/103936\/revisions\/103939"}],"wp:featuredmedia":[{"embeddable":true,"href":"https:\/\/elregionalvm.com.ar\/noticias-villa-maria\/wp-json\/wp\/v2\/media\/103937"}],"wp:attachment":[{"href":"https:\/\/elregionalvm.com.ar\/noticias-villa-maria\/wp-json\/wp\/v2\/media?parent=103936"}],"wp:term":[{"taxonomy":"category","embeddable":true,"href":"https:\/\/elregionalvm.com.ar\/noticias-villa-maria\/wp-json\/wp\/v2\/categories?post=103936"},{"taxonomy":"post_tag","embeddable":true,"href":"https:\/\/elregionalvm.com.ar\/noticias-villa-maria\/wp-json\/wp\/v2\/tags?post=103936"}],"curies":[{"name":"wp","href":"https:\/\/api.w.org\/{rel}","templated":true}]}}