{"id":104105,"date":"2025-03-12T16:10:57","date_gmt":"2025-03-12T16:10:57","guid":{"rendered":"https:\/\/elregionalvm.com.ar\/noticias-villa-maria\/?p=104105"},"modified":"2025-03-12T16:10:58","modified_gmt":"2025-03-12T16:10:58","slug":"se-esperan-fuertes-lluvias-para-las-proximas-horas-en-la-provincia","status":"publish","type":"post","link":"https:\/\/elregionalvm.com.ar\/noticias-villa-maria\/se-esperan-fuertes-lluvias-para-las-proximas-horas-en-la-provincia\/","title":{"rendered":"Se esperan fuertes lluvias para las pr\u00f3ximas horas en la provincia"},"content":{"rendered":"\n<p>La secretar\u00eda de Gesti\u00f3n de Riesgo informa que el Observatorio Hidrometeorol\u00f3gico detecta fuertes lluvias para las pr\u00f3ximas horas en diversos puntos de la Provincia.<\/p>\n\n\n\n<p>Desde la secretar\u00eda de Gesti\u00f3n de Riesgo ya inform\u00f3 sobre esta situaci\u00f3n a los intendentes y jefes comunales de cada uno de los departamentos provinciales que pueden ser alcanzados por las fuertes lluvias.<\/p>\n\n\n\n<p>La Polic\u00eda de la provincia, Bomberos Voluntarios y el Equipo T\u00e9cnico de Acci\u00f3n ante Cat\u00e1strofes trabaja de manera coordinada con las autoridades locales para prevenir y mitigar los efectos de la tormenta.<\/p>\n\n\n\n<p>Se reitera la importancia de seguir las indicaciones de las autoridades locales y de los equipos de emergencia.<\/p>\n","protected":false},"excerpt":{"rendered":"<p>La secretar\u00eda de Gesti\u00f3n de Riesgo informa que el Observatorio Hidrometeorol\u00f3gico detecta fuertes lluvias para las pr\u00f3ximas horas en diversos puntos de la Provincia. Desde la secretar\u00eda de Gesti\u00f3n de Riesgo ya inform\u00f3 sobre esta situaci\u00f3n a los intendentes y jefes comunales de cada uno de los departamentos provinciales que pueden ser alcanzados por las [&hellip;]<\/p>\n","protected":false},"author":4,"featured_media":104106,"comment_status":"open","ping_status":"open","sticky":false,"template":"","format":"standard","meta":{"site-sidebar-layout":"default","site-content-layout":"","ast-site-content-layout":"default","site-content-style":"default","site-sidebar-style":"default","ast-global-header-display":"","ast-banner-title-visibility":"","ast-main-header-display":"","ast-hfb-above-header-display":"","ast-hfb-below-header-display":"","ast-hfb-mobile-header-display":"","site-post-title":"","ast-breadcrumbs-content":"","ast-featured-img":"","footer-sml-layout":"","ast-disable-related-posts":"","theme-transparent-header-meta":"","adv-header-id-meta":"","stick-header-meta":"","header-above-stick-meta":"","header-main-stick-meta":"","header-below-stick-meta":"","astra-migrate-meta-layouts":"set","ast-page-background-enabled":"default","ast-page-background-meta":{"desktop":{"background-color":"","background-image":"","background-repeat":"repeat","background-position":"center center","background-size":"auto","background-attachment":"scroll","background-type":"","background-media":"","overlay-type":"","overlay-color":"","overlay-opacity":"","overlay-gradient":""},"tablet":{"background-color":"","background-image":"","background-repeat":"repeat","background-position":"center center","background-size":"auto","background-attachment":"scroll","background-type":"","background-media":"","overlay-type":"","overlay-color":"","overlay-opacity":"","overlay-gradient":""},"mobile":{"background-color":"","background-image":"","background-repeat":"repeat","background-position":"center center","background-size":"auto","background-attachment":"scroll","background-type":"","background-media":"","overlay-type":"","overlay-color":"","overlay-opacity":"","overlay-gradient":""}},"ast-content-background-meta":{"desktop":{"background-color":"var(--ast-global-color-5)","background-image":"","background-repeat":"repeat","background-position":"center center","background-size":"auto","background-attachment":"scroll","background-type":"","background-media":"","overlay-type":"","overlay-color":"","overlay-opacity":"","overlay-gradient":""},"tablet":{"background-color":"var(--ast-global-color-5)","background-image":"","background-repeat":"repeat","background-position":"center center","background-size":"auto","background-attachment":"scroll","background-type":"","background-media":"","overlay-type":"","overlay-color":"","overlay-opacity":"","overlay-gradient":""},"mobile":{"background-color":"var(--ast-global-color-5)","background-image":"","background-repeat":"repeat","background-position":"center center","background-size":"auto","background-attachment":"scroll","background-type":"","background-media":"","overlay-type":"","overlay-color":"","overlay-opacity":"","overlay-gradient":""}},"_jetpack_memberships_contains_paid_content":false,"_joinchat":[],"footnotes":""},"categories":[16095,5],"tags":[],"class_list":["post-104105","post","type-post","status-publish","format-standard","has-post-thumbnail","hentry","category-provinciales","category-sociedad"],"yoast_head":"<!-- This site is optimized with the Yoast SEO plugin v26.8 - https:\/\/yoast.com\/product\/yoast-seo-wordpress\/ -->\n<title>Se esperan fuertes lluvias para las pr\u00f3ximas horas en la provincia - El Regional<\/title>\n<meta name=\"robots\" content=\"index, follow, max-snippet:-1, max-image-preview:large, max-video-preview:-1\" \/>\n<link rel=\"canonical\" href=\"https:\/\/elregionalvm.com.ar\/noticias-villa-maria\/se-esperan-fuertes-lluvias-para-las-proximas-horas-en-la-provincia\/\" \/>\n<meta property=\"og:locale\" content=\"es_ES\" \/>\n<meta property=\"og:type\" content=\"article\" \/>\n<meta property=\"og:title\" content=\"Se esperan fuertes lluvias para las pr\u00f3ximas horas en la provincia - El Regional\" \/>\n<meta property=\"og:description\" content=\"La secretar\u00eda de Gesti\u00f3n de Riesgo informa que el Observatorio Hidrometeorol\u00f3gico detecta fuertes lluvias para las pr\u00f3ximas horas en diversos puntos de la Provincia. Desde la secretar\u00eda de Gesti\u00f3n de Riesgo ya inform\u00f3 sobre esta situaci\u00f3n a los intendentes y jefes comunales de cada uno de los departamentos provinciales que pueden ser alcanzados por las [&hellip;]\" \/>\n<meta property=\"og:url\" content=\"https:\/\/elregionalvm.com.ar\/noticias-villa-maria\/se-esperan-fuertes-lluvias-para-las-proximas-horas-en-la-provincia\/\" \/>\n<meta property=\"og:site_name\" content=\"El Regional\" \/>\n<meta property=\"article:publisher\" content=\"https:\/\/www.facebook.com\/elregionalvm\" \/>\n<meta property=\"article:published_time\" content=\"2025-03-12T16:10:57+00:00\" \/>\n<meta property=\"article:modified_time\" content=\"2025-03-12T16:10:58+00:00\" \/>\n<meta property=\"og:image\" content=\"https:\/\/elregionalvm.com.ar\/noticias-villa-maria\/wp-content\/uploads\/2025\/03\/tormenta-1.jpg\" \/>\n\t<meta property=\"og:image:width\" content=\"990\" \/>\n\t<meta property=\"og:image:height\" content=\"660\" \/>\n\t<meta property=\"og:image:type\" content=\"image\/jpeg\" \/>\n<meta name=\"author\" content=\"Contenidos El Regional\" \/>\n<meta name=\"twitter:card\" content=\"summary_large_image\" \/>\n<meta name=\"twitter:creator\" content=\"@elregionalvm1\" \/>\n<meta name=\"twitter:site\" content=\"@elregionalvm1\" \/>\n<meta name=\"twitter:label1\" content=\"Escrito por\" \/>\n\t<meta name=\"twitter:data1\" content=\"Contenidos El Regional\" \/>\n\t<meta name=\"twitter:label2\" content=\"Tiempo de lectura\" \/>\n\t<meta name=\"twitter:data2\" content=\"1 minuto\" \/>\n<script type=\"application\/ld+json\" class=\"yoast-schema-graph\">{\"@context\":\"https:\/\/schema.org\",\"@graph\":[{\"@type\":\"Article\",\"@id\":\"https:\/\/elregionalvm.com.ar\/noticias-villa-maria\/se-esperan-fuertes-lluvias-para-las-proximas-horas-en-la-provincia\/#article\",\"isPartOf\":{\"@id\":\"https:\/\/elregionalvm.com.ar\/noticias-villa-maria\/se-esperan-fuertes-lluvias-para-las-proximas-horas-en-la-provincia\/\"},\"author\":{\"name\":\"Contenidos El Regional\",\"@id\":\"http:\/\/elregionalvm.com.ar\/noticias-villa-maria\/#\/schema\/person\/a0fb9c422317faca23d50163151bc354\"},\"headline\":\"Se esperan fuertes lluvias para las pr\u00f3ximas horas en la provincia\",\"datePublished\":\"2025-03-12T16:10:57+00:00\",\"dateModified\":\"2025-03-12T16:10:58+00:00\",\"mainEntityOfPage\":{\"@id\":\"https:\/\/elregionalvm.com.ar\/noticias-villa-maria\/se-esperan-fuertes-lluvias-para-las-proximas-horas-en-la-provincia\/\"},\"wordCount\":130,\"commentCount\":0,\"image\":{\"@id\":\"https:\/\/elregionalvm.com.ar\/noticias-villa-maria\/se-esperan-fuertes-lluvias-para-las-proximas-horas-en-la-provincia\/#primaryimage\"},\"thumbnailUrl\":\"https:\/\/i0.wp.com\/elregionalvm.com.ar\/noticias-villa-maria\/wp-content\/uploads\/2025\/03\/tormenta-1.jpg?fit=990%2C660&ssl=1\",\"articleSection\":[\"Provinciales\",\"Sociedad\"],\"inLanguage\":\"es\",\"potentialAction\":[{\"@type\":\"CommentAction\",\"name\":\"Comment\",\"target\":[\"https:\/\/elregionalvm.com.ar\/noticias-villa-maria\/se-esperan-fuertes-lluvias-para-las-proximas-horas-en-la-provincia\/#respond\"]}]},{\"@type\":\"WebPage\",\"@id\":\"https:\/\/elregionalvm.com.ar\/noticias-villa-maria\/se-esperan-fuertes-lluvias-para-las-proximas-horas-en-la-provincia\/\",\"url\":\"https:\/\/elregionalvm.com.ar\/noticias-villa-maria\/se-esperan-fuertes-lluvias-para-las-proximas-horas-en-la-provincia\/\",\"name\":\"Se esperan fuertes lluvias para las pr\u00f3ximas horas en la provincia - El Regional\",\"isPartOf\":{\"@id\":\"http:\/\/elregionalvm.com.ar\/noticias-villa-maria\/#website\"},\"primaryImageOfPage\":{\"@id\":\"https:\/\/elregionalvm.com.ar\/noticias-villa-maria\/se-esperan-fuertes-lluvias-para-las-proximas-horas-en-la-provincia\/#primaryimage\"},\"image\":{\"@id\":\"https:\/\/elregionalvm.com.ar\/noticias-villa-maria\/se-esperan-fuertes-lluvias-para-las-proximas-horas-en-la-provincia\/#primaryimage\"},\"thumbnailUrl\":\"https:\/\/i0.wp.com\/elregionalvm.com.ar\/noticias-villa-maria\/wp-content\/uploads\/2025\/03\/tormenta-1.jpg?fit=990%2C660&ssl=1\",\"datePublished\":\"2025-03-12T16:10:57+00:00\",\"dateModified\":\"2025-03-12T16:10:58+00:00\",\"author\":{\"@id\":\"http:\/\/elregionalvm.com.ar\/noticias-villa-maria\/#\/schema\/person\/a0fb9c422317faca23d50163151bc354\"},\"breadcrumb\":{\"@id\":\"https:\/\/elregionalvm.com.ar\/noticias-villa-maria\/se-esperan-fuertes-lluvias-para-las-proximas-horas-en-la-provincia\/#breadcrumb\"},\"inLanguage\":\"es\",\"potentialAction\":[{\"@type\":\"ReadAction\",\"target\":[\"https:\/\/elregionalvm.com.ar\/noticias-villa-maria\/se-esperan-fuertes-lluvias-para-las-proximas-horas-en-la-provincia\/\"]}]},{\"@type\":\"ImageObject\",\"inLanguage\":\"es\",\"@id\":\"https:\/\/elregionalvm.com.ar\/noticias-villa-maria\/se-esperan-fuertes-lluvias-para-las-proximas-horas-en-la-provincia\/#primaryimage\",\"url\":\"https:\/\/i0.wp.com\/elregionalvm.com.ar\/noticias-villa-maria\/wp-content\/uploads\/2025\/03\/tormenta-1.jpg?fit=990%2C660&ssl=1\",\"contentUrl\":\"https:\/\/i0.wp.com\/elregionalvm.com.ar\/noticias-villa-maria\/wp-content\/uploads\/2025\/03\/tormenta-1.jpg?fit=990%2C660&ssl=1\",\"width\":990,\"height\":660},{\"@type\":\"BreadcrumbList\",\"@id\":\"https:\/\/elregionalvm.com.ar\/noticias-villa-maria\/se-esperan-fuertes-lluvias-para-las-proximas-horas-en-la-provincia\/#breadcrumb\",\"itemListElement\":[{\"@type\":\"ListItem\",\"position\":1,\"name\":\"Portada\",\"item\":\"https:\/\/elregionalvm.com.ar\/noticias-villa-maria\/\"},{\"@type\":\"ListItem\",\"position\":2,\"name\":\"Se esperan fuertes lluvias para las pr\u00f3ximas horas en la provincia\"}]},{\"@type\":\"WebSite\",\"@id\":\"http:\/\/elregionalvm.com.ar\/noticias-villa-maria\/#website\",\"url\":\"http:\/\/elregionalvm.com.ar\/noticias-villa-maria\/\",\"name\":\"El Regional\",\"description\":\"Mucho m\u00e1s que informaci\u00f3n\",\"potentialAction\":[{\"@type\":\"SearchAction\",\"target\":{\"@type\":\"EntryPoint\",\"urlTemplate\":\"http:\/\/elregionalvm.com.ar\/noticias-villa-maria\/?s={search_term_string}\"},\"query-input\":{\"@type\":\"PropertyValueSpecification\",\"valueRequired\":true,\"valueName\":\"search_term_string\"}}],\"inLanguage\":\"es\"},{\"@type\":\"Person\",\"@id\":\"http:\/\/elregionalvm.com.ar\/noticias-villa-maria\/#\/schema\/person\/a0fb9c422317faca23d50163151bc354\",\"name\":\"Contenidos El Regional\",\"image\":{\"@type\":\"ImageObject\",\"inLanguage\":\"es\",\"@id\":\"http:\/\/elregionalvm.com.ar\/noticias-villa-maria\/#\/schema\/person\/image\/\",\"url\":\"https:\/\/secure.gravatar.com\/avatar\/265b27cb2209af7bb3a1318f03305787d7981a5cc6e6cd08fe5a4ecdf99d4b48?s=96&d=mm&r=g\",\"contentUrl\":\"https:\/\/secure.gravatar.com\/avatar\/265b27cb2209af7bb3a1318f03305787d7981a5cc6e6cd08fe5a4ecdf99d4b48?s=96&d=mm&r=g\",\"caption\":\"Contenidos El Regional\"},\"url\":\"https:\/\/elregionalvm.com.ar\/noticias-villa-maria\/author\/contenido\/\"}]}<\/script>\n<!-- \/ Yoast SEO plugin. -->","yoast_head_json":{"title":"Se esperan fuertes lluvias para las pr\u00f3ximas horas en la provincia - El Regional","robots":{"index":"index","follow":"follow","max-snippet":"max-snippet:-1","max-image-preview":"max-image-preview:large","max-video-preview":"max-video-preview:-1"},"canonical":"https:\/\/elregionalvm.com.ar\/noticias-villa-maria\/se-esperan-fuertes-lluvias-para-las-proximas-horas-en-la-provincia\/","og_locale":"es_ES","og_type":"article","og_title":"Se esperan fuertes lluvias para las pr\u00f3ximas horas en la provincia - El Regional","og_description":"La secretar\u00eda de Gesti\u00f3n de Riesgo informa que el Observatorio Hidrometeorol\u00f3gico detecta fuertes lluvias para las pr\u00f3ximas horas en diversos puntos de la Provincia. Desde la secretar\u00eda de Gesti\u00f3n de Riesgo ya inform\u00f3 sobre esta situaci\u00f3n a los intendentes y jefes comunales de cada uno de los departamentos provinciales que pueden ser alcanzados por las [&hellip;]","og_url":"https:\/\/elregionalvm.com.ar\/noticias-villa-maria\/se-esperan-fuertes-lluvias-para-las-proximas-horas-en-la-provincia\/","og_site_name":"El Regional","article_publisher":"https:\/\/www.facebook.com\/elregionalvm","article_published_time":"2025-03-12T16:10:57+00:00","article_modified_time":"2025-03-12T16:10:58+00:00","og_image":[{"width":990,"height":660,"url":"https:\/\/elregionalvm.com.ar\/noticias-villa-maria\/wp-content\/uploads\/2025\/03\/tormenta-1.jpg","type":"image\/jpeg"}],"author":"Contenidos El Regional","twitter_card":"summary_large_image","twitter_creator":"@elregionalvm1","twitter_site":"@elregionalvm1","twitter_misc":{"Escrito por":"Contenidos El Regional","Tiempo de lectura":"1 minuto"},"schema":{"@context":"https:\/\/schema.org","@graph":[{"@type":"Article","@id":"https:\/\/elregionalvm.com.ar\/noticias-villa-maria\/se-esperan-fuertes-lluvias-para-las-proximas-horas-en-la-provincia\/#article","isPartOf":{"@id":"https:\/\/elregionalvm.com.ar\/noticias-villa-maria\/se-esperan-fuertes-lluvias-para-las-proximas-horas-en-la-provincia\/"},"author":{"name":"Contenidos El Regional","@id":"http:\/\/elregionalvm.com.ar\/noticias-villa-maria\/#\/schema\/person\/a0fb9c422317faca23d50163151bc354"},"headline":"Se esperan fuertes lluvias para las pr\u00f3ximas horas en la provincia","datePublished":"2025-03-12T16:10:57+00:00","dateModified":"2025-03-12T16:10:58+00:00","mainEntityOfPage":{"@id":"https:\/\/elregionalvm.com.ar\/noticias-villa-maria\/se-esperan-fuertes-lluvias-para-las-proximas-horas-en-la-provincia\/"},"wordCount":130,"commentCount":0,"image":{"@id":"https:\/\/elregionalvm.com.ar\/noticias-villa-maria\/se-esperan-fuertes-lluvias-para-las-proximas-horas-en-la-provincia\/#primaryimage"},"thumbnailUrl":"https:\/\/i0.wp.com\/elregionalvm.com.ar\/noticias-villa-maria\/wp-content\/uploads\/2025\/03\/tormenta-1.jpg?fit=990%2C660&ssl=1","articleSection":["Provinciales","Sociedad"],"inLanguage":"es","potentialAction":[{"@type":"CommentAction","name":"Comment","target":["https:\/\/elregionalvm.com.ar\/noticias-villa-maria\/se-esperan-fuertes-lluvias-para-las-proximas-horas-en-la-provincia\/#respond"]}]},{"@type":"WebPage","@id":"https:\/\/elregionalvm.com.ar\/noticias-villa-maria\/se-esperan-fuertes-lluvias-para-las-proximas-horas-en-la-provincia\/","url":"https:\/\/elregionalvm.com.ar\/noticias-villa-maria\/se-esperan-fuertes-lluvias-para-las-proximas-horas-en-la-provincia\/","name":"Se esperan fuertes lluvias para las pr\u00f3ximas horas en la provincia - El Regional","isPartOf":{"@id":"http:\/\/elregionalvm.com.ar\/noticias-villa-maria\/#website"},"primaryImageOfPage":{"@id":"https:\/\/elregionalvm.com.ar\/noticias-villa-maria\/se-esperan-fuertes-lluvias-para-las-proximas-horas-en-la-provincia\/#primaryimage"},"image":{"@id":"https:\/\/elregionalvm.com.ar\/noticias-villa-maria\/se-esperan-fuertes-lluvias-para-las-proximas-horas-en-la-provincia\/#primaryimage"},"thumbnailUrl":"https:\/\/i0.wp.com\/elregionalvm.com.ar\/noticias-villa-maria\/wp-content\/uploads\/2025\/03\/tormenta-1.jpg?fit=990%2C660&ssl=1","datePublished":"2025-03-12T16:10:57+00:00","dateModified":"2025-03-12T16:10:58+00:00","author":{"@id":"http:\/\/elregionalvm.com.ar\/noticias-villa-maria\/#\/schema\/person\/a0fb9c422317faca23d50163151bc354"},"breadcrumb":{"@id":"https:\/\/elregionalvm.com.ar\/noticias-villa-maria\/se-esperan-fuertes-lluvias-para-las-proximas-horas-en-la-provincia\/#breadcrumb"},"inLanguage":"es","potentialAction":[{"@type":"ReadAction","target":["https:\/\/elregionalvm.com.ar\/noticias-villa-maria\/se-esperan-fuertes-lluvias-para-las-proximas-horas-en-la-provincia\/"]}]},{"@type":"ImageObject","inLanguage":"es","@id":"https:\/\/elregionalvm.com.ar\/noticias-villa-maria\/se-esperan-fuertes-lluvias-para-las-proximas-horas-en-la-provincia\/#primaryimage","url":"https:\/\/i0.wp.com\/elregionalvm.com.ar\/noticias-villa-maria\/wp-content\/uploads\/2025\/03\/tormenta-1.jpg?fit=990%2C660&ssl=1","contentUrl":"https:\/\/i0.wp.com\/elregionalvm.com.ar\/noticias-villa-maria\/wp-content\/uploads\/2025\/03\/tormenta-1.jpg?fit=990%2C660&ssl=1","width":990,"height":660},{"@type":"BreadcrumbList","@id":"https:\/\/elregionalvm.com.ar\/noticias-villa-maria\/se-esperan-fuertes-lluvias-para-las-proximas-horas-en-la-provincia\/#breadcrumb","itemListElement":[{"@type":"ListItem","position":1,"name":"Portada","item":"https:\/\/elregionalvm.com.ar\/noticias-villa-maria\/"},{"@type":"ListItem","position":2,"name":"Se esperan fuertes lluvias para las pr\u00f3ximas horas en la provincia"}]},{"@type":"WebSite","@id":"http:\/\/elregionalvm.com.ar\/noticias-villa-maria\/#website","url":"http:\/\/elregionalvm.com.ar\/noticias-villa-maria\/","name":"El Regional","description":"Mucho m\u00e1s que informaci\u00f3n","potentialAction":[{"@type":"SearchAction","target":{"@type":"EntryPoint","urlTemplate":"http:\/\/elregionalvm.com.ar\/noticias-villa-maria\/?s={search_term_string}"},"query-input":{"@type":"PropertyValueSpecification","valueRequired":true,"valueName":"search_term_string"}}],"inLanguage":"es"},{"@type":"Person","@id":"http:\/\/elregionalvm.com.ar\/noticias-villa-maria\/#\/schema\/person\/a0fb9c422317faca23d50163151bc354","name":"Contenidos El Regional","image":{"@type":"ImageObject","inLanguage":"es","@id":"http:\/\/elregionalvm.com.ar\/noticias-villa-maria\/#\/schema\/person\/image\/","url":"https:\/\/secure.gravatar.com\/avatar\/265b27cb2209af7bb3a1318f03305787d7981a5cc6e6cd08fe5a4ecdf99d4b48?s=96&d=mm&r=g","contentUrl":"https:\/\/secure.gravatar.com\/avatar\/265b27cb2209af7bb3a1318f03305787d7981a5cc6e6cd08fe5a4ecdf99d4b48?s=96&d=mm&r=g","caption":"Contenidos El Regional"},"url":"https:\/\/elregionalvm.com.ar\/noticias-villa-maria\/author\/contenido\/"}]}},"jetpack_featured_media_url":"https:\/\/i0.wp.com\/elregionalvm.com.ar\/noticias-villa-maria\/wp-content\/uploads\/2025\/03\/tormenta-1.jpg?fit=990%2C660&ssl=1","jetpack_sharing_enabled":true,"_links":{"self":[{"href":"https:\/\/elregionalvm.com.ar\/noticias-villa-maria\/wp-json\/wp\/v2\/posts\/104105","targetHints":{"allow":["GET"]}}],"collection":[{"href":"https:\/\/elregionalvm.com.ar\/noticias-villa-maria\/wp-json\/wp\/v2\/posts"}],"about":[{"href":"https:\/\/elregionalvm.com.ar\/noticias-villa-maria\/wp-json\/wp\/v2\/types\/post"}],"author":[{"embeddable":true,"href":"https:\/\/elregionalvm.com.ar\/noticias-villa-maria\/wp-json\/wp\/v2\/users\/4"}],"replies":[{"embeddable":true,"href":"https:\/\/elregionalvm.com.ar\/noticias-villa-maria\/wp-json\/wp\/v2\/comments?post=104105"}],"version-history":[{"count":1,"href":"https:\/\/elregionalvm.com.ar\/noticias-villa-maria\/wp-json\/wp\/v2\/posts\/104105\/revisions"}],"predecessor-version":[{"id":104107,"href":"https:\/\/elregionalvm.com.ar\/noticias-villa-maria\/wp-json\/wp\/v2\/posts\/104105\/revisions\/104107"}],"wp:featuredmedia":[{"embeddable":true,"href":"https:\/\/elregionalvm.com.ar\/noticias-villa-maria\/wp-json\/wp\/v2\/media\/104106"}],"wp:attachment":[{"href":"https:\/\/elregionalvm.com.ar\/noticias-villa-maria\/wp-json\/wp\/v2\/media?parent=104105"}],"wp:term":[{"taxonomy":"category","embeddable":true,"href":"https:\/\/elregionalvm.com.ar\/noticias-villa-maria\/wp-json\/wp\/v2\/categories?post=104105"},{"taxonomy":"post_tag","embeddable":true,"href":"https:\/\/elregionalvm.com.ar\/noticias-villa-maria\/wp-json\/wp\/v2\/tags?post=104105"}],"curies":[{"name":"wp","href":"https:\/\/api.w.org\/{rel}","templated":true}]}}