{"id":104122,"date":"2025-03-13T20:35:11","date_gmt":"2025-03-13T20:35:11","guid":{"rendered":"https:\/\/elregionalvm.com.ar\/noticias-villa-maria\/?p=104122"},"modified":"2025-03-18T02:11:12","modified_gmt":"2025-03-18T02:11:12","slug":"video-la-otra-villa-maria-una-estancia-con-un-palacio-para-famosos-reyes-y-aristocratas","status":"publish","type":"post","link":"https:\/\/elregionalvm.com.ar\/noticias-villa-maria\/video-la-otra-villa-maria-una-estancia-con-un-palacio-para-famosos-reyes-y-aristocratas\/","title":{"rendered":"[VIDEO] La otra Villa Mar\u00eda: Una estancia con un palacio para \u00a0famosos, reyes y arist\u00f3cratas"},"content":{"rendered":"\n<h3 class=\"wp-block-heading\"><strong>Existe otra Villa Mar\u00eda, adem\u00e1s de la ciudad enclavada en el centro del pa\u00eds, la de la Costanera m\u00e1s larga, el Anfiteatro techado, los cuatro bulevares y muchos atractivos m\u00e1s. Se trata de la estancia inaugurada en 1927, destinada como sitio de veraneo de alta clase. Uno de sus principales atractivos es una construcci\u00f3n estilo palacio o castillo que sobresale en medio del paisaje campestre.<\/strong><\/h3>\n\n\n\n<p>La historia oficial cuenta que Villa Mar\u00eda debe su nombre a la hija de su fundador Manuel Anselmo Ocampo. Pero, tambi\u00e9n detr\u00e1s de la creaci\u00f3n de este poblado en la llanura cordobesa se escond\u00edan otros intereses, m\u00e1s relacionados con la especulaci\u00f3n financiera que con un acto de amor.<\/p>\n\n\n\n<p>De todas maneras, la raz\u00f3n de su nombre coincide en parte con el motivo que llev\u00f3 a que una de las estancias m\u00e1s aristocr\u00e1ticas de la sociedad porte\u00f1a de principios del siglo 20 se llamara igual que nuestra ciudad.<\/p>\n\n\n\n<p>Es que existe otra Villa Mar\u00eda, adem\u00e1s de la ciudad enclavada en el centro del pa\u00eds, la de la Costanera m\u00e1s larga, el Anfiteatro techado, los cuatro bulevares y muchos atractivos m\u00e1s.<\/p>\n\n\n\n<p><\/p>\n\n\n\n<figure class=\"wp-block-image size-large\"><img data-recalc-dims=\"1\" fetchpriority=\"high\" decoding=\"async\" width=\"1024\" height=\"684\" src=\"https:\/\/i0.wp.com\/elregionalvm.com.ar\/noticias-villa-maria\/wp-content\/uploads\/2021\/04\/Estancia-Villa-Maria.jpg?resize=1024%2C684&#038;ssl=1\" alt=\"\" class=\"wp-image-36382\" srcset=\"https:\/\/i0.wp.com\/elregionalvm.com.ar\/noticias-villa-maria\/wp-content\/uploads\/2021\/04\/Estancia-Villa-Maria.jpg?resize=1024%2C684&amp;ssl=1 1024w, https:\/\/i0.wp.com\/elregionalvm.com.ar\/noticias-villa-maria\/wp-content\/uploads\/2021\/04\/Estancia-Villa-Maria.jpg?resize=300%2C200&amp;ssl=1 300w, https:\/\/i0.wp.com\/elregionalvm.com.ar\/noticias-villa-maria\/wp-content\/uploads\/2021\/04\/Estancia-Villa-Maria.jpg?resize=768%2C513&amp;ssl=1 768w, https:\/\/i0.wp.com\/elregionalvm.com.ar\/noticias-villa-maria\/wp-content\/uploads\/2021\/04\/Estancia-Villa-Maria.jpg?w=1200&amp;ssl=1 1200w\" sizes=\"(max-width: 1000px) 100vw, 1000px\" \/><figcaption class=\"wp-element-caption\"><strong><em>La estancia fue inaugurada en 1927. Era una casa de veraneo de alta clase.<\/em><\/strong><\/figcaption><\/figure>\n\n\n\n<p><\/p>\n\n\n\n<p>Con un casco que se asemeja a un palacio o castillo rural y con suntuosos jardines y paseos, la propiedad ubicada a 45 kil\u00f3metros de la capital argentina fue creada por decisi\u00f3n de Celedonio Pereda, un m\u00e9dico de la aristocracia porte\u00f1a, en honor de su esposa, Mar\u00eda Girado, una joven integrante de una tradicional familia de la ciudad de Chascom\u00fas.<\/p>\n\n\n\n<p>No contento con crear en homenaje a su mujer la estancia que ser\u00eda la residencia de verano de la familia, tambi\u00e9n encomend\u00f3 la construcci\u00f3n de otro edificio lujoso. El palacio Pereda, que en la actualidad es la sede de la Embajada de Brasil en Buenos Aires.<\/p>\n\n\n\n<p><\/p>\n\n\n\n<figure class=\"wp-block-image size-large\"><img data-recalc-dims=\"1\" decoding=\"async\" width=\"1024\" height=\"505\" src=\"https:\/\/i0.wp.com\/elregionalvm.com.ar\/noticias-villa-maria\/wp-content\/uploads\/2021\/04\/Estancia-Villa-Maria-casco.jpg?resize=1024%2C505&#038;ssl=1\" alt=\"\" class=\"wp-image-36383\" srcset=\"https:\/\/i0.wp.com\/elregionalvm.com.ar\/noticias-villa-maria\/wp-content\/uploads\/2021\/04\/Estancia-Villa-Maria-casco.jpg?resize=1024%2C505&amp;ssl=1 1024w, https:\/\/i0.wp.com\/elregionalvm.com.ar\/noticias-villa-maria\/wp-content\/uploads\/2021\/04\/Estancia-Villa-Maria-casco.jpg?resize=300%2C148&amp;ssl=1 300w, https:\/\/i0.wp.com\/elregionalvm.com.ar\/noticias-villa-maria\/wp-content\/uploads\/2021\/04\/Estancia-Villa-Maria-casco.jpg?resize=768%2C379&amp;ssl=1 768w, https:\/\/i0.wp.com\/elregionalvm.com.ar\/noticias-villa-maria\/wp-content\/uploads\/2021\/04\/Estancia-Villa-Maria-casco.jpg?w=1256&amp;ssl=1 1256w\" sizes=\"(max-width: 1000px) 100vw, 1000px\" \/><figcaption class=\"wp-element-caption\"><strong><em>La propiedad principal tiene 3 mil metros cuadrados cubiertos en tres plantas.<\/em><\/strong><\/figcaption><\/figure>\n\n\n\n<p><\/p>\n\n\n\n<p><strong>Puro lujo<\/strong><\/p>\n\n\n\n<p>Dise\u00f1ada por el arquitecto Alejandro Bustillo, \u201cVilla Mar\u00eda\u201d fue inaugurada en 1927. El lujo asoma por todos lados en esa estancia ubicada en la localidad bonaerense de M\u00e1ximo Paz.<\/p>\n\n\n\n<p>Ese palacio de estilo Tudor-Normando tiene una superficie de 3 mil metros cuadrados distribuido en tres plantas. Un jard\u00edn imponente, dise\u00f1ado por un disc\u00edpulo del c\u00e9lebre paisajista Carlos Thays, resguarda una pileta y un lago artificial. Adem\u00e1s, se encuentra rodeada de 1.500 hect\u00e1reas de campo, donde se realiza producci\u00f3n agropecuaria.<\/p>\n\n\n\n<p>Hoy, la propiedad conserva el esplendor de anta\u00f1o, pero funciona como un hotel boutique donde se puede pasar algunos d\u00edas lejos de la gran ciudad o disfrutar de un d\u00eda campestre con toques refinados y se\u00f1oriales.<\/p>\n\n\n\n<p><\/p>\n\n\n\n<figure class=\"wp-block-image size-large\"><img data-recalc-dims=\"1\" decoding=\"async\" width=\"1024\" height=\"684\" src=\"https:\/\/i0.wp.com\/elregionalvm.com.ar\/noticias-villa-maria\/wp-content\/uploads\/2021\/04\/Estancia-Villa-Maria-salon.jpg?resize=1024%2C684&#038;ssl=1\" alt=\"\" class=\"wp-image-36379\" srcset=\"https:\/\/i0.wp.com\/elregionalvm.com.ar\/noticias-villa-maria\/wp-content\/uploads\/2021\/04\/Estancia-Villa-Maria-salon.jpg?resize=1024%2C684&amp;ssl=1 1024w, https:\/\/i0.wp.com\/elregionalvm.com.ar\/noticias-villa-maria\/wp-content\/uploads\/2021\/04\/Estancia-Villa-Maria-salon.jpg?resize=300%2C200&amp;ssl=1 300w, https:\/\/i0.wp.com\/elregionalvm.com.ar\/noticias-villa-maria\/wp-content\/uploads\/2021\/04\/Estancia-Villa-Maria-salon.jpg?resize=768%2C513&amp;ssl=1 768w, https:\/\/i0.wp.com\/elregionalvm.com.ar\/noticias-villa-maria\/wp-content\/uploads\/2021\/04\/Estancia-Villa-Maria-salon.jpg?w=1200&amp;ssl=1 1200w\" sizes=\"(max-width: 1000px) 100vw, 1000px\" \/><figcaption class=\"wp-element-caption\"><strong><em>Lujo y pomposidad son una constante en los salones del palacio.<\/em><\/strong><\/figcaption><\/figure>\n\n\n\n<p><\/p>\n\n\n\n<p><\/p>\n\n\n\n<p>La propiedad principal cuenta con 11 pomposas habitaciones con capacidad para 30 personas. All\u00ed se encuentran pinturas, obras de arte y antig\u00fcedades de alto valor. Tambi\u00e9n hay una cava exclusiva, una caballeriza, y canchas de tenis y v\u00f3ley en el exterior.<\/p>\n\n\n\n<p>Pasar una noche en una habitaci\u00f3n, puede valer desde casi 17 mil hasta 23 mil pesos m\u00e1s IVA. La tarifa por persona, en base doble, incluye actividades, desayuno, almuerzo y cena, con una bebida sin alcohol en las comidas.<\/p>\n\n\n\n<p>El avistamiento de p\u00e1jaros, el paseo a caballo con carruaje y el recorrido por el imponente bosque con m\u00e1s de 300 especies arb\u00f3reas son parte de las bondades de este espacio excedido en ostentaciones de todo tipo.<\/p>\n\n\n\n<p><\/p>\n\n\n\n<figure class=\"wp-block-image size-full is-resized\"><img data-recalc-dims=\"1\" loading=\"lazy\" decoding=\"async\" width=\"800\" height=\"500\" src=\"https:\/\/i0.wp.com\/elregionalvm.com.ar\/noticias-villa-maria\/wp-content\/uploads\/2021\/04\/Estancia-Villa-Maria-carruaje.jpg?resize=800%2C500&#038;ssl=1\" alt=\"\" class=\"wp-image-36380\" style=\"width:910px;height:auto\" srcset=\"https:\/\/i0.wp.com\/elregionalvm.com.ar\/noticias-villa-maria\/wp-content\/uploads\/2021\/04\/Estancia-Villa-Maria-carruaje.jpg?w=800&amp;ssl=1 800w, https:\/\/i0.wp.com\/elregionalvm.com.ar\/noticias-villa-maria\/wp-content\/uploads\/2021\/04\/Estancia-Villa-Maria-carruaje.jpg?resize=300%2C188&amp;ssl=1 300w, https:\/\/i0.wp.com\/elregionalvm.com.ar\/noticias-villa-maria\/wp-content\/uploads\/2021\/04\/Estancia-Villa-Maria-carruaje.jpg?resize=768%2C480&amp;ssl=1 768w\" sizes=\"(max-width: 800px) 100vw, 800px\" \/><figcaption class=\"wp-element-caption\"><strong><em>Paseos en carruaje por el bosque, otro atractivo.<\/em><\/strong><\/figcaption><\/figure>\n\n\n\n<p><\/p>\n\n\n\n<p><strong>Ricos y famosos<\/strong><\/p>\n\n\n\n<p>Y, m\u00e1s all\u00e1 de las visitas de anta\u00f1o cuando era de uso familiar, es un sitio frecuentado por celebridades de toda clase: desde primeros mandatarios y reyes extranjeros hasta famosos de los m\u00e1s diversos rubros.<\/p>\n\n\n\n<p>All\u00ed estuvieron, por ejemplo, personalidades como los monarcas noruegos y la canciller alemana Angela Merkel. En ese lugar celebraron su casamiento Michel Bubl\u00e9 y Luisana Lopilato y fue el escenario central de la novela \u201cLos ricos no piden permiso\u201d, que se emiti\u00f3 por Canal 13.<\/p>\n\n\n\n<p><\/p>\n\n\n\n<figure class=\"wp-block-image size-full is-resized\"><img data-recalc-dims=\"1\" loading=\"lazy\" decoding=\"async\" width=\"728\" height=\"485\" src=\"https:\/\/i0.wp.com\/elregionalvm.com.ar\/noticias-villa-maria\/wp-content\/uploads\/2021\/04\/Estancia-Villa-Maria-casamiento-Lopilato.jpg?resize=728%2C485&#038;ssl=1\" alt=\"\" class=\"wp-image-36381\" style=\"width:910px;height:auto\" srcset=\"https:\/\/i0.wp.com\/elregionalvm.com.ar\/noticias-villa-maria\/wp-content\/uploads\/2021\/04\/Estancia-Villa-Maria-casamiento-Lopilato.jpg?w=728&amp;ssl=1 728w, https:\/\/i0.wp.com\/elregionalvm.com.ar\/noticias-villa-maria\/wp-content\/uploads\/2021\/04\/Estancia-Villa-Maria-casamiento-Lopilato.jpg?resize=300%2C200&amp;ssl=1 300w\" sizes=\"(max-width: 728px) 100vw, 728px\" \/><figcaption class=\"wp-element-caption\"><strong><em>Lopilato y Bubl\u00e9 eligieron \u00abVilla Mar\u00eda\u00bb cuando se casaron.<\/em><\/strong><\/figcaption><\/figure>\n\n\n\n<p><\/p>\n\n\n\n<p>Con 94 a\u00f1os de existencia, \u201cVilla Mar\u00eda\u201d es el espacio de grandes eventos para la alta sociedad porte\u00f1a, pero tambi\u00e9n para quienes se animen a alojarse y descubrir los atractivos que ofrece la estancia, donde se habla ingl\u00e9s, franc\u00e9s y alem\u00e1n, adem\u00e1s del castellano, claro.<\/p>\n\n\n\n<p>Un lugar que naci\u00f3 como un acto de amor, pero que se erige como fiel legado de una selecta minor\u00eda aristocr\u00e1tica criolla.<\/p>\n\n\n\n<p>La otra \u201cVilla Mar\u00eda\u201d.<\/p>\n\n\n\n<p><\/p>\n\n\n\n<ul class=\"wp-block-list\">\n<li><strong>Video institucional de la estancia \u00abVilla Mar\u00eda\u00bb.<\/strong><\/li>\n<\/ul>\n\n\n\n<p><\/p>\n\n\n\n<figure class=\"wp-block-embed is-type-video is-provider-youtube wp-block-embed-youtube wp-embed-aspect-16-9 wp-has-aspect-ratio\"><div class=\"wp-block-embed__wrapper\">\n<iframe title=\"Institucional Estancia Villa Mar\u00eda\" width=\"500\" height=\"281\" src=\"https:\/\/www.youtube.com\/embed\/FdxqDoh3fLk?feature=oembed\" frameborder=\"0\" allow=\"accelerometer; autoplay; clipboard-write; encrypted-media; gyroscope; picture-in-picture; web-share\" referrerpolicy=\"strict-origin-when-cross-origin\" allowfullscreen><\/iframe>\n<\/div><\/figure>\n\n\n\n<p><\/p>\n","protected":false},"excerpt":{"rendered":"<p>Existe otra Villa Mar\u00eda, adem\u00e1s de la ciudad enclavada en el centro del pa\u00eds, la de la Costanera m\u00e1s larga, el Anfiteatro techado, los cuatro bulevares y muchos atractivos m\u00e1s. Se trata de la estancia inaugurada en 1927, destinada como sitio de veraneo de alta clase. Uno de sus principales atractivos es una construcci\u00f3n estilo [&hellip;]<\/p>\n","protected":false},"author":6,"featured_media":104148,"comment_status":"open","ping_status":"open","sticky":false,"template":"","format":"standard","meta":{"site-sidebar-layout":"default","site-content-layout":"","ast-site-content-layout":"default","site-content-style":"default","site-sidebar-style":"default","ast-global-header-display":"","ast-banner-title-visibility":"","ast-main-header-display":"","ast-hfb-above-header-display":"","ast-hfb-below-header-display":"","ast-hfb-mobile-header-display":"","site-post-title":"","ast-breadcrumbs-content":"","ast-featured-img":"","footer-sml-layout":"","ast-disable-related-posts":"","theme-transparent-header-meta":"","adv-header-id-meta":"","stick-header-meta":"","header-above-stick-meta":"","header-main-stick-meta":"","header-below-stick-meta":"","astra-migrate-meta-layouts":"set","ast-page-background-enabled":"default","ast-page-background-meta":{"desktop":{"background-color":"","background-image":"","background-repeat":"repeat","background-position":"center center","background-size":"auto","background-attachment":"scroll","background-type":"","background-media":"","overlay-type":"","overlay-color":"","overlay-opacity":"","overlay-gradient":""},"tablet":{"background-color":"","background-image":"","background-repeat":"repeat","background-position":"center center","background-size":"auto","background-attachment":"scroll","background-type":"","background-media":"","overlay-type":"","overlay-color":"","overlay-opacity":"","overlay-gradient":""},"mobile":{"background-color":"","background-image":"","background-repeat":"repeat","background-position":"center center","background-size":"auto","background-attachment":"scroll","background-type":"","background-media":"","overlay-type":"","overlay-color":"","overlay-opacity":"","overlay-gradient":""}},"ast-content-background-meta":{"desktop":{"background-color":"var(--ast-global-color-5)","background-image":"","background-repeat":"repeat","background-position":"center center","background-size":"auto","background-attachment":"scroll","background-type":"","background-media":"","overlay-type":"","overlay-color":"","overlay-opacity":"","overlay-gradient":""},"tablet":{"background-color":"var(--ast-global-color-5)","background-image":"","background-repeat":"repeat","background-position":"center center","background-size":"auto","background-attachment":"scroll","background-type":"","background-media":"","overlay-type":"","overlay-color":"","overlay-opacity":"","overlay-gradient":""},"mobile":{"background-color":"var(--ast-global-color-5)","background-image":"","background-repeat":"repeat","background-position":"center center","background-size":"auto","background-attachment":"scroll","background-type":"","background-media":"","overlay-type":"","overlay-color":"","overlay-opacity":"","overlay-gradient":""}},"_jetpack_memberships_contains_paid_content":false,"_joinchat":[],"footnotes":""},"categories":[2098,3557,2074,2],"tags":[8448,22023,15011,1540,639,8449,236,44,519,24792,534],"class_list":["post-104122","post","type-post","status-publish","format-standard","has-post-thumbnail","hentry","category-historias","category-tercera","category-videos","category-villa-maria","tag-aristocracia","tag-castillo","tag-descanso","tag-estancia","tag-famosos","tag-lujo","tag-palacio","tag-poder","tag-politica","tag-reyes","tag-villa-maria"],"yoast_head":"<!-- This site is optimized with the Yoast SEO plugin v26.8 - https:\/\/yoast.com\/product\/yoast-seo-wordpress\/ -->\n<title>[VIDEO] La otra Villa Mar\u00eda: Una estancia con un palacio para \u00a0famosos, reyes y arist\u00f3cratas - El Regional<\/title>\n<meta name=\"robots\" content=\"index, follow, max-snippet:-1, max-image-preview:large, max-video-preview:-1\" \/>\n<link rel=\"canonical\" href=\"https:\/\/elregionalvm.com.ar\/noticias-villa-maria\/video-la-otra-villa-maria-una-estancia-con-un-palacio-para-famosos-reyes-y-aristocratas\/\" \/>\n<meta property=\"og:locale\" content=\"es_ES\" \/>\n<meta property=\"og:type\" content=\"article\" \/>\n<meta property=\"og:title\" content=\"[VIDEO] La otra Villa Mar\u00eda: Una estancia con un palacio para \u00a0famosos, reyes y arist\u00f3cratas - El Regional\" \/>\n<meta property=\"og:description\" content=\"Existe otra Villa Mar\u00eda, adem\u00e1s de la ciudad enclavada en el centro del pa\u00eds, la de la Costanera m\u00e1s larga, el Anfiteatro techado, los cuatro bulevares y muchos atractivos m\u00e1s. Se trata de la estancia inaugurada en 1927, destinada como sitio de veraneo de alta clase. Uno de sus principales atractivos es una construcci\u00f3n estilo [&hellip;]\" \/>\n<meta property=\"og:url\" content=\"https:\/\/elregionalvm.com.ar\/noticias-villa-maria\/video-la-otra-villa-maria-una-estancia-con-un-palacio-para-famosos-reyes-y-aristocratas\/\" \/>\n<meta property=\"og:site_name\" content=\"El Regional\" \/>\n<meta property=\"article:publisher\" content=\"https:\/\/www.facebook.com\/elregionalvm\" \/>\n<meta property=\"article:published_time\" content=\"2025-03-13T20:35:11+00:00\" \/>\n<meta property=\"article:modified_time\" content=\"2025-03-18T02:11:12+00:00\" \/>\n<meta property=\"og:image\" content=\"https:\/\/elregionalvm.com.ar\/noticias-villa-maria\/wp-content\/uploads\/2025\/03\/Estancia-Villa-Maria-exterior.jpg\" \/>\n\t<meta property=\"og:image:width\" content=\"1024\" \/>\n\t<meta property=\"og:image:height\" content=\"682\" \/>\n\t<meta property=\"og:image:type\" content=\"image\/jpeg\" \/>\n<meta name=\"author\" content=\"Germ\u00e1n Giacchero\" \/>\n<meta name=\"twitter:card\" content=\"summary_large_image\" \/>\n<meta name=\"twitter:creator\" content=\"@elregionalvm1\" \/>\n<meta name=\"twitter:site\" content=\"@elregionalvm1\" \/>\n<meta name=\"twitter:label1\" content=\"Escrito por\" \/>\n\t<meta name=\"twitter:data1\" content=\"Germ\u00e1n Giacchero\" \/>\n\t<meta name=\"twitter:label2\" content=\"Tiempo de lectura\" \/>\n\t<meta name=\"twitter:data2\" content=\"5 minutos\" \/>\n<script type=\"application\/ld+json\" class=\"yoast-schema-graph\">{\"@context\":\"https:\/\/schema.org\",\"@graph\":[{\"@type\":\"Article\",\"@id\":\"https:\/\/elregionalvm.com.ar\/noticias-villa-maria\/video-la-otra-villa-maria-una-estancia-con-un-palacio-para-famosos-reyes-y-aristocratas\/#article\",\"isPartOf\":{\"@id\":\"https:\/\/elregionalvm.com.ar\/noticias-villa-maria\/video-la-otra-villa-maria-una-estancia-con-un-palacio-para-famosos-reyes-y-aristocratas\/\"},\"author\":{\"name\":\"Germ\u00e1n Giacchero\",\"@id\":\"http:\/\/elregionalvm.com.ar\/noticias-villa-maria\/#\/schema\/person\/d5e4b04966154131701e52c45d3efec9\"},\"headline\":\"[VIDEO] La otra Villa Mar\u00eda: Una estancia con un palacio para \u00a0famosos, reyes y arist\u00f3cratas\",\"datePublished\":\"2025-03-13T20:35:11+00:00\",\"dateModified\":\"2025-03-18T02:11:12+00:00\",\"mainEntityOfPage\":{\"@id\":\"https:\/\/elregionalvm.com.ar\/noticias-villa-maria\/video-la-otra-villa-maria-una-estancia-con-un-palacio-para-famosos-reyes-y-aristocratas\/\"},\"wordCount\":815,\"commentCount\":0,\"image\":{\"@id\":\"https:\/\/elregionalvm.com.ar\/noticias-villa-maria\/video-la-otra-villa-maria-una-estancia-con-un-palacio-para-famosos-reyes-y-aristocratas\/#primaryimage\"},\"thumbnailUrl\":\"https:\/\/i0.wp.com\/elregionalvm.com.ar\/noticias-villa-maria\/wp-content\/uploads\/2025\/03\/Estancia-Villa-Maria-exterior.jpg?fit=1024%2C682&ssl=1\",\"keywords\":[\"Aristocracia\",\"castillo\",\"descanso\",\"Estancia\",\"Famosos\",\"Lujo\",\"palacio\",\"poder\",\"Pol\u00edtica\",\"reyes\",\"villa maria\"],\"articleSection\":[\"Historias\",\"tercera\",\"Videos\",\"Villa Mar\u00eda\"],\"inLanguage\":\"es\",\"potentialAction\":[{\"@type\":\"CommentAction\",\"name\":\"Comment\",\"target\":[\"https:\/\/elregionalvm.com.ar\/noticias-villa-maria\/video-la-otra-villa-maria-una-estancia-con-un-palacio-para-famosos-reyes-y-aristocratas\/#respond\"]}]},{\"@type\":\"WebPage\",\"@id\":\"https:\/\/elregionalvm.com.ar\/noticias-villa-maria\/video-la-otra-villa-maria-una-estancia-con-un-palacio-para-famosos-reyes-y-aristocratas\/\",\"url\":\"https:\/\/elregionalvm.com.ar\/noticias-villa-maria\/video-la-otra-villa-maria-una-estancia-con-un-palacio-para-famosos-reyes-y-aristocratas\/\",\"name\":\"[VIDEO] La otra Villa Mar\u00eda: Una estancia con un palacio para \u00a0famosos, reyes y arist\u00f3cratas - El Regional\",\"isPartOf\":{\"@id\":\"http:\/\/elregionalvm.com.ar\/noticias-villa-maria\/#website\"},\"primaryImageOfPage\":{\"@id\":\"https:\/\/elregionalvm.com.ar\/noticias-villa-maria\/video-la-otra-villa-maria-una-estancia-con-un-palacio-para-famosos-reyes-y-aristocratas\/#primaryimage\"},\"image\":{\"@id\":\"https:\/\/elregionalvm.com.ar\/noticias-villa-maria\/video-la-otra-villa-maria-una-estancia-con-un-palacio-para-famosos-reyes-y-aristocratas\/#primaryimage\"},\"thumbnailUrl\":\"https:\/\/i0.wp.com\/elregionalvm.com.ar\/noticias-villa-maria\/wp-content\/uploads\/2025\/03\/Estancia-Villa-Maria-exterior.jpg?fit=1024%2C682&ssl=1\",\"datePublished\":\"2025-03-13T20:35:11+00:00\",\"dateModified\":\"2025-03-18T02:11:12+00:00\",\"author\":{\"@id\":\"http:\/\/elregionalvm.com.ar\/noticias-villa-maria\/#\/schema\/person\/d5e4b04966154131701e52c45d3efec9\"},\"breadcrumb\":{\"@id\":\"https:\/\/elregionalvm.com.ar\/noticias-villa-maria\/video-la-otra-villa-maria-una-estancia-con-un-palacio-para-famosos-reyes-y-aristocratas\/#breadcrumb\"},\"inLanguage\":\"es\",\"potentialAction\":[{\"@type\":\"ReadAction\",\"target\":[\"https:\/\/elregionalvm.com.ar\/noticias-villa-maria\/video-la-otra-villa-maria-una-estancia-con-un-palacio-para-famosos-reyes-y-aristocratas\/\"]}]},{\"@type\":\"ImageObject\",\"inLanguage\":\"es\",\"@id\":\"https:\/\/elregionalvm.com.ar\/noticias-villa-maria\/video-la-otra-villa-maria-una-estancia-con-un-palacio-para-famosos-reyes-y-aristocratas\/#primaryimage\",\"url\":\"https:\/\/i0.wp.com\/elregionalvm.com.ar\/noticias-villa-maria\/wp-content\/uploads\/2025\/03\/Estancia-Villa-Maria-exterior.jpg?fit=1024%2C682&ssl=1\",\"contentUrl\":\"https:\/\/i0.wp.com\/elregionalvm.com.ar\/noticias-villa-maria\/wp-content\/uploads\/2025\/03\/Estancia-Villa-Maria-exterior.jpg?fit=1024%2C682&ssl=1\",\"width\":1024,\"height\":682},{\"@type\":\"BreadcrumbList\",\"@id\":\"https:\/\/elregionalvm.com.ar\/noticias-villa-maria\/video-la-otra-villa-maria-una-estancia-con-un-palacio-para-famosos-reyes-y-aristocratas\/#breadcrumb\",\"itemListElement\":[{\"@type\":\"ListItem\",\"position\":1,\"name\":\"Portada\",\"item\":\"https:\/\/elregionalvm.com.ar\/noticias-villa-maria\/\"},{\"@type\":\"ListItem\",\"position\":2,\"name\":\"[VIDEO] La otra Villa Mar\u00eda: Una estancia con un palacio para \u00a0famosos, reyes y arist\u00f3cratas\"}]},{\"@type\":\"WebSite\",\"@id\":\"http:\/\/elregionalvm.com.ar\/noticias-villa-maria\/#website\",\"url\":\"http:\/\/elregionalvm.com.ar\/noticias-villa-maria\/\",\"name\":\"El Regional\",\"description\":\"Mucho m\u00e1s que informaci\u00f3n\",\"potentialAction\":[{\"@type\":\"SearchAction\",\"target\":{\"@type\":\"EntryPoint\",\"urlTemplate\":\"http:\/\/elregionalvm.com.ar\/noticias-villa-maria\/?s={search_term_string}\"},\"query-input\":{\"@type\":\"PropertyValueSpecification\",\"valueRequired\":true,\"valueName\":\"search_term_string\"}}],\"inLanguage\":\"es\"},{\"@type\":\"Person\",\"@id\":\"http:\/\/elregionalvm.com.ar\/noticias-villa-maria\/#\/schema\/person\/d5e4b04966154131701e52c45d3efec9\",\"name\":\"Germ\u00e1n Giacchero\",\"image\":{\"@type\":\"ImageObject\",\"inLanguage\":\"es\",\"@id\":\"http:\/\/elregionalvm.com.ar\/noticias-villa-maria\/#\/schema\/person\/image\/\",\"url\":\"https:\/\/secure.gravatar.com\/avatar\/fda163ba5ef0307ee5be9846e10f83b6e83d0cfb260d3b2464830318894c6b04?s=96&d=mm&r=g\",\"contentUrl\":\"https:\/\/secure.gravatar.com\/avatar\/fda163ba5ef0307ee5be9846e10f83b6e83d0cfb260d3b2464830318894c6b04?s=96&d=mm&r=g\",\"caption\":\"Germ\u00e1n Giacchero\"},\"url\":\"https:\/\/elregionalvm.com.ar\/noticias-villa-maria\/author\/germangiacchero\/\"}]}<\/script>\n<!-- \/ Yoast SEO plugin. -->","yoast_head_json":{"title":"[VIDEO] La otra Villa Mar\u00eda: Una estancia con un palacio para \u00a0famosos, reyes y arist\u00f3cratas - El Regional","robots":{"index":"index","follow":"follow","max-snippet":"max-snippet:-1","max-image-preview":"max-image-preview:large","max-video-preview":"max-video-preview:-1"},"canonical":"https:\/\/elregionalvm.com.ar\/noticias-villa-maria\/video-la-otra-villa-maria-una-estancia-con-un-palacio-para-famosos-reyes-y-aristocratas\/","og_locale":"es_ES","og_type":"article","og_title":"[VIDEO] La otra Villa Mar\u00eda: Una estancia con un palacio para \u00a0famosos, reyes y arist\u00f3cratas - El Regional","og_description":"Existe otra Villa Mar\u00eda, adem\u00e1s de la ciudad enclavada en el centro del pa\u00eds, la de la Costanera m\u00e1s larga, el Anfiteatro techado, los cuatro bulevares y muchos atractivos m\u00e1s. Se trata de la estancia inaugurada en 1927, destinada como sitio de veraneo de alta clase. Uno de sus principales atractivos es una construcci\u00f3n estilo [&hellip;]","og_url":"https:\/\/elregionalvm.com.ar\/noticias-villa-maria\/video-la-otra-villa-maria-una-estancia-con-un-palacio-para-famosos-reyes-y-aristocratas\/","og_site_name":"El Regional","article_publisher":"https:\/\/www.facebook.com\/elregionalvm","article_published_time":"2025-03-13T20:35:11+00:00","article_modified_time":"2025-03-18T02:11:12+00:00","og_image":[{"width":1024,"height":682,"url":"https:\/\/elregionalvm.com.ar\/noticias-villa-maria\/wp-content\/uploads\/2025\/03\/Estancia-Villa-Maria-exterior.jpg","type":"image\/jpeg"}],"author":"Germ\u00e1n Giacchero","twitter_card":"summary_large_image","twitter_creator":"@elregionalvm1","twitter_site":"@elregionalvm1","twitter_misc":{"Escrito por":"Germ\u00e1n Giacchero","Tiempo de lectura":"5 minutos"},"schema":{"@context":"https:\/\/schema.org","@graph":[{"@type":"Article","@id":"https:\/\/elregionalvm.com.ar\/noticias-villa-maria\/video-la-otra-villa-maria-una-estancia-con-un-palacio-para-famosos-reyes-y-aristocratas\/#article","isPartOf":{"@id":"https:\/\/elregionalvm.com.ar\/noticias-villa-maria\/video-la-otra-villa-maria-una-estancia-con-un-palacio-para-famosos-reyes-y-aristocratas\/"},"author":{"name":"Germ\u00e1n Giacchero","@id":"http:\/\/elregionalvm.com.ar\/noticias-villa-maria\/#\/schema\/person\/d5e4b04966154131701e52c45d3efec9"},"headline":"[VIDEO] La otra Villa Mar\u00eda: Una estancia con un palacio para \u00a0famosos, reyes y arist\u00f3cratas","datePublished":"2025-03-13T20:35:11+00:00","dateModified":"2025-03-18T02:11:12+00:00","mainEntityOfPage":{"@id":"https:\/\/elregionalvm.com.ar\/noticias-villa-maria\/video-la-otra-villa-maria-una-estancia-con-un-palacio-para-famosos-reyes-y-aristocratas\/"},"wordCount":815,"commentCount":0,"image":{"@id":"https:\/\/elregionalvm.com.ar\/noticias-villa-maria\/video-la-otra-villa-maria-una-estancia-con-un-palacio-para-famosos-reyes-y-aristocratas\/#primaryimage"},"thumbnailUrl":"https:\/\/i0.wp.com\/elregionalvm.com.ar\/noticias-villa-maria\/wp-content\/uploads\/2025\/03\/Estancia-Villa-Maria-exterior.jpg?fit=1024%2C682&ssl=1","keywords":["Aristocracia","castillo","descanso","Estancia","Famosos","Lujo","palacio","poder","Pol\u00edtica","reyes","villa maria"],"articleSection":["Historias","tercera","Videos","Villa Mar\u00eda"],"inLanguage":"es","potentialAction":[{"@type":"CommentAction","name":"Comment","target":["https:\/\/elregionalvm.com.ar\/noticias-villa-maria\/video-la-otra-villa-maria-una-estancia-con-un-palacio-para-famosos-reyes-y-aristocratas\/#respond"]}]},{"@type":"WebPage","@id":"https:\/\/elregionalvm.com.ar\/noticias-villa-maria\/video-la-otra-villa-maria-una-estancia-con-un-palacio-para-famosos-reyes-y-aristocratas\/","url":"https:\/\/elregionalvm.com.ar\/noticias-villa-maria\/video-la-otra-villa-maria-una-estancia-con-un-palacio-para-famosos-reyes-y-aristocratas\/","name":"[VIDEO] La otra Villa Mar\u00eda: Una estancia con un palacio para \u00a0famosos, reyes y arist\u00f3cratas - El Regional","isPartOf":{"@id":"http:\/\/elregionalvm.com.ar\/noticias-villa-maria\/#website"},"primaryImageOfPage":{"@id":"https:\/\/elregionalvm.com.ar\/noticias-villa-maria\/video-la-otra-villa-maria-una-estancia-con-un-palacio-para-famosos-reyes-y-aristocratas\/#primaryimage"},"image":{"@id":"https:\/\/elregionalvm.com.ar\/noticias-villa-maria\/video-la-otra-villa-maria-una-estancia-con-un-palacio-para-famosos-reyes-y-aristocratas\/#primaryimage"},"thumbnailUrl":"https:\/\/i0.wp.com\/elregionalvm.com.ar\/noticias-villa-maria\/wp-content\/uploads\/2025\/03\/Estancia-Villa-Maria-exterior.jpg?fit=1024%2C682&ssl=1","datePublished":"2025-03-13T20:35:11+00:00","dateModified":"2025-03-18T02:11:12+00:00","author":{"@id":"http:\/\/elregionalvm.com.ar\/noticias-villa-maria\/#\/schema\/person\/d5e4b04966154131701e52c45d3efec9"},"breadcrumb":{"@id":"https:\/\/elregionalvm.com.ar\/noticias-villa-maria\/video-la-otra-villa-maria-una-estancia-con-un-palacio-para-famosos-reyes-y-aristocratas\/#breadcrumb"},"inLanguage":"es","potentialAction":[{"@type":"ReadAction","target":["https:\/\/elregionalvm.com.ar\/noticias-villa-maria\/video-la-otra-villa-maria-una-estancia-con-un-palacio-para-famosos-reyes-y-aristocratas\/"]}]},{"@type":"ImageObject","inLanguage":"es","@id":"https:\/\/elregionalvm.com.ar\/noticias-villa-maria\/video-la-otra-villa-maria-una-estancia-con-un-palacio-para-famosos-reyes-y-aristocratas\/#primaryimage","url":"https:\/\/i0.wp.com\/elregionalvm.com.ar\/noticias-villa-maria\/wp-content\/uploads\/2025\/03\/Estancia-Villa-Maria-exterior.jpg?fit=1024%2C682&ssl=1","contentUrl":"https:\/\/i0.wp.com\/elregionalvm.com.ar\/noticias-villa-maria\/wp-content\/uploads\/2025\/03\/Estancia-Villa-Maria-exterior.jpg?fit=1024%2C682&ssl=1","width":1024,"height":682},{"@type":"BreadcrumbList","@id":"https:\/\/elregionalvm.com.ar\/noticias-villa-maria\/video-la-otra-villa-maria-una-estancia-con-un-palacio-para-famosos-reyes-y-aristocratas\/#breadcrumb","itemListElement":[{"@type":"ListItem","position":1,"name":"Portada","item":"https:\/\/elregionalvm.com.ar\/noticias-villa-maria\/"},{"@type":"ListItem","position":2,"name":"[VIDEO] La otra Villa Mar\u00eda: Una estancia con un palacio para \u00a0famosos, reyes y arist\u00f3cratas"}]},{"@type":"WebSite","@id":"http:\/\/elregionalvm.com.ar\/noticias-villa-maria\/#website","url":"http:\/\/elregionalvm.com.ar\/noticias-villa-maria\/","name":"El Regional","description":"Mucho m\u00e1s que informaci\u00f3n","potentialAction":[{"@type":"SearchAction","target":{"@type":"EntryPoint","urlTemplate":"http:\/\/elregionalvm.com.ar\/noticias-villa-maria\/?s={search_term_string}"},"query-input":{"@type":"PropertyValueSpecification","valueRequired":true,"valueName":"search_term_string"}}],"inLanguage":"es"},{"@type":"Person","@id":"http:\/\/elregionalvm.com.ar\/noticias-villa-maria\/#\/schema\/person\/d5e4b04966154131701e52c45d3efec9","name":"Germ\u00e1n Giacchero","image":{"@type":"ImageObject","inLanguage":"es","@id":"http:\/\/elregionalvm.com.ar\/noticias-villa-maria\/#\/schema\/person\/image\/","url":"https:\/\/secure.gravatar.com\/avatar\/fda163ba5ef0307ee5be9846e10f83b6e83d0cfb260d3b2464830318894c6b04?s=96&d=mm&r=g","contentUrl":"https:\/\/secure.gravatar.com\/avatar\/fda163ba5ef0307ee5be9846e10f83b6e83d0cfb260d3b2464830318894c6b04?s=96&d=mm&r=g","caption":"Germ\u00e1n Giacchero"},"url":"https:\/\/elregionalvm.com.ar\/noticias-villa-maria\/author\/germangiacchero\/"}]}},"jetpack_featured_media_url":"https:\/\/i0.wp.com\/elregionalvm.com.ar\/noticias-villa-maria\/wp-content\/uploads\/2025\/03\/Estancia-Villa-Maria-exterior.jpg?fit=1024%2C682&ssl=1","jetpack_sharing_enabled":true,"_links":{"self":[{"href":"https:\/\/elregionalvm.com.ar\/noticias-villa-maria\/wp-json\/wp\/v2\/posts\/104122","targetHints":{"allow":["GET"]}}],"collection":[{"href":"https:\/\/elregionalvm.com.ar\/noticias-villa-maria\/wp-json\/wp\/v2\/posts"}],"about":[{"href":"https:\/\/elregionalvm.com.ar\/noticias-villa-maria\/wp-json\/wp\/v2\/types\/post"}],"author":[{"embeddable":true,"href":"https:\/\/elregionalvm.com.ar\/noticias-villa-maria\/wp-json\/wp\/v2\/users\/6"}],"replies":[{"embeddable":true,"href":"https:\/\/elregionalvm.com.ar\/noticias-villa-maria\/wp-json\/wp\/v2\/comments?post=104122"}],"version-history":[{"count":2,"href":"https:\/\/elregionalvm.com.ar\/noticias-villa-maria\/wp-json\/wp\/v2\/posts\/104122\/revisions"}],"predecessor-version":[{"id":104149,"href":"https:\/\/elregionalvm.com.ar\/noticias-villa-maria\/wp-json\/wp\/v2\/posts\/104122\/revisions\/104149"}],"wp:featuredmedia":[{"embeddable":true,"href":"https:\/\/elregionalvm.com.ar\/noticias-villa-maria\/wp-json\/wp\/v2\/media\/104148"}],"wp:attachment":[{"href":"https:\/\/elregionalvm.com.ar\/noticias-villa-maria\/wp-json\/wp\/v2\/media?parent=104122"}],"wp:term":[{"taxonomy":"category","embeddable":true,"href":"https:\/\/elregionalvm.com.ar\/noticias-villa-maria\/wp-json\/wp\/v2\/categories?post=104122"},{"taxonomy":"post_tag","embeddable":true,"href":"https:\/\/elregionalvm.com.ar\/noticias-villa-maria\/wp-json\/wp\/v2\/tags?post=104122"}],"curies":[{"name":"wp","href":"https:\/\/api.w.org\/{rel}","templated":true}]}}