{"id":104145,"date":"2025-03-13T20:23:44","date_gmt":"2025-03-13T20:23:44","guid":{"rendered":"https:\/\/elregionalvm.com.ar\/noticias-villa-maria\/?p=104145"},"modified":"2025-03-13T20:23:46","modified_gmt":"2025-03-13T20:23:46","slug":"video-demanda-contra-la-municipalidad-de-ausonia-por-la-muerte-de-un-joven-hace-dos-anos","status":"publish","type":"post","link":"https:\/\/elregionalvm.com.ar\/noticias-villa-maria\/video-demanda-contra-la-municipalidad-de-ausonia-por-la-muerte-de-un-joven-hace-dos-anos\/","title":{"rendered":"[Video] Demanda contra la Municipalidad de Ausonia por la muerte de un joven hace dos a\u00f1os"},"content":{"rendered":"\n<p><\/p>\n\n\n\n<p>Ramiro D\u00edaz ten\u00eda 18 a\u00f1os cuando sufri\u00f3 un accidente laboral y fue aplastado por una maquinaria.<\/p>\n\n\n\n<p>Se desempe\u00f1aba de manera informal en el corral\u00f3n del municipio vecino. Falleci\u00f3 dos semanas despu\u00e9s en el Hospital Pasteur.<\/p>\n\n\n\n<p>Desde hace tiempo su familia reclama Justicia por la tr\u00e1gica muerte.<\/p>\n\n\n\n<p>Hay dos causas. Una de \u00edndole laboral que la lleva adelante su padre, Fernando D\u00edaz, con el asesoramiento de los abogados Augusto Fili y Cristian Loyola.<\/p>\n\n\n\n<p>Hoy se desarroll\u00f3 una audiencia en los Tribunales de Villa Mar\u00eda para tratar de llegar a un acuerdo entre las partes. En mayo, habr\u00e1 otro encuentro ante la Justicia para ver si es posible. <\/p>\n\n\n\n<p>La otra es una causa penal para determinar las responsabilidades en la materia. La lleva adelante su madre, Celeste Torres, con el asesoramiento del abogado H\u00e9ctor Vilarino.<\/p>\n\n\n\n<p><\/p>\n\n\n\n<ul class=\"wp-block-list\">\n<li><strong>Mir\u00e1 el video: <\/strong><\/li>\n<\/ul>\n\n\n\n<p><\/p>\n\n\n\n<figure class=\"wp-block-embed is-type-video is-provider-youtube wp-block-embed-youtube wp-embed-aspect-16-9 wp-has-aspect-ratio\"><div class=\"wp-block-embed__wrapper\">\n<iframe title=\"\u26a0\ufe0f Demanda contra la Municipalidad de Ausonia por la muerte de un joven hace dos a\u00f1os\" width=\"500\" height=\"281\" src=\"https:\/\/www.youtube.com\/embed\/RIPuiJ1UdHU?feature=oembed\" frameborder=\"0\" allow=\"accelerometer; autoplay; clipboard-write; encrypted-media; gyroscope; picture-in-picture; web-share\" referrerpolicy=\"strict-origin-when-cross-origin\" allowfullscreen><\/iframe>\n<\/div><\/figure>\n","protected":false},"excerpt":{"rendered":"<p>Ramiro D\u00edaz ten\u00eda 18 a\u00f1os cuando sufri\u00f3 un accidente laboral y fue aplastado por una maquinaria. Se desempe\u00f1aba de manera informal en el corral\u00f3n del municipio vecino. Falleci\u00f3 dos semanas despu\u00e9s en el Hospital Pasteur. Desde hace tiempo su familia reclama Justicia por la tr\u00e1gica muerte. Hay dos causas. Una de \u00edndole laboral que la [&hellip;]<\/p>\n","protected":false},"author":4,"featured_media":104147,"comment_status":"open","ping_status":"open","sticky":false,"template":"","format":"standard","meta":{"site-sidebar-layout":"default","site-content-layout":"","ast-site-content-layout":"default","site-content-style":"default","site-sidebar-style":"default","ast-global-header-display":"","ast-banner-title-visibility":"","ast-main-header-display":"","ast-hfb-above-header-display":"","ast-hfb-below-header-display":"","ast-hfb-mobile-header-display":"","site-post-title":"","ast-breadcrumbs-content":"","ast-featured-img":"","footer-sml-layout":"","ast-disable-related-posts":"","theme-transparent-header-meta":"","adv-header-id-meta":"","stick-header-meta":"","header-above-stick-meta":"","header-main-stick-meta":"","header-below-stick-meta":"","astra-migrate-meta-layouts":"set","ast-page-background-enabled":"default","ast-page-background-meta":{"desktop":{"background-color":"","background-image":"","background-repeat":"repeat","background-position":"center center","background-size":"auto","background-attachment":"scroll","background-type":"","background-media":"","overlay-type":"","overlay-color":"","overlay-opacity":"","overlay-gradient":""},"tablet":{"background-color":"","background-image":"","background-repeat":"repeat","background-position":"center center","background-size":"auto","background-attachment":"scroll","background-type":"","background-media":"","overlay-type":"","overlay-color":"","overlay-opacity":"","overlay-gradient":""},"mobile":{"background-color":"","background-image":"","background-repeat":"repeat","background-position":"center center","background-size":"auto","background-attachment":"scroll","background-type":"","background-media":"","overlay-type":"","overlay-color":"","overlay-opacity":"","overlay-gradient":""}},"ast-content-background-meta":{"desktop":{"background-color":"var(--ast-global-color-5)","background-image":"","background-repeat":"repeat","background-position":"center center","background-size":"auto","background-attachment":"scroll","background-type":"","background-media":"","overlay-type":"","overlay-color":"","overlay-opacity":"","overlay-gradient":""},"tablet":{"background-color":"var(--ast-global-color-5)","background-image":"","background-repeat":"repeat","background-position":"center center","background-size":"auto","background-attachment":"scroll","background-type":"","background-media":"","overlay-type":"","overlay-color":"","overlay-opacity":"","overlay-gradient":""},"mobile":{"background-color":"var(--ast-global-color-5)","background-image":"","background-repeat":"repeat","background-position":"center center","background-size":"auto","background-attachment":"scroll","background-type":"","background-media":"","overlay-type":"","overlay-color":"","overlay-opacity":"","overlay-gradient":""}},"_jetpack_memberships_contains_paid_content":false,"_joinchat":[],"footnotes":""},"categories":[15302,2091,2074],"tags":[7616,7305,13204,1519,1305,24791,1580,24789],"class_list":["post-104145","post","type-post","status-publish","format-standard","has-post-thumbnail","hentry","category-destacado","category-region","category-videos","tag-abogado","tag-accidente-laboral","tag-audiencia","tag-ausonia","tag-juicio","tag-juicio-laboral","tag-municipalidad","tag-ramiro-diaz"],"yoast_head":"<!-- This site is optimized with the Yoast SEO plugin v26.8 - https:\/\/yoast.com\/product\/yoast-seo-wordpress\/ -->\n<title>[Video] Demanda contra la Municipalidad de Ausonia por la muerte de un joven hace dos a\u00f1os - El Regional<\/title>\n<meta name=\"robots\" content=\"index, follow, max-snippet:-1, max-image-preview:large, max-video-preview:-1\" \/>\n<link rel=\"canonical\" href=\"https:\/\/elregionalvm.com.ar\/noticias-villa-maria\/video-demanda-contra-la-municipalidad-de-ausonia-por-la-muerte-de-un-joven-hace-dos-anos\/\" \/>\n<meta property=\"og:locale\" content=\"es_ES\" \/>\n<meta property=\"og:type\" content=\"article\" \/>\n<meta property=\"og:title\" content=\"[Video] Demanda contra la Municipalidad de Ausonia por la muerte de un joven hace dos a\u00f1os - El Regional\" \/>\n<meta property=\"og:description\" content=\"Ramiro D\u00edaz ten\u00eda 18 a\u00f1os cuando sufri\u00f3 un accidente laboral y fue aplastado por una maquinaria. Se desempe\u00f1aba de manera informal en el corral\u00f3n del municipio vecino. Falleci\u00f3 dos semanas despu\u00e9s en el Hospital Pasteur. Desde hace tiempo su familia reclama Justicia por la tr\u00e1gica muerte. Hay dos causas. Una de \u00edndole laboral que la [&hellip;]\" \/>\n<meta property=\"og:url\" content=\"https:\/\/elregionalvm.com.ar\/noticias-villa-maria\/video-demanda-contra-la-municipalidad-de-ausonia-por-la-muerte-de-un-joven-hace-dos-anos\/\" \/>\n<meta property=\"og:site_name\" content=\"El Regional\" \/>\n<meta property=\"article:publisher\" content=\"https:\/\/www.facebook.com\/elregionalvm\" \/>\n<meta property=\"article:published_time\" content=\"2025-03-13T20:23:44+00:00\" \/>\n<meta property=\"article:modified_time\" content=\"2025-03-13T20:23:46+00:00\" \/>\n<meta property=\"og:image\" content=\"https:\/\/elregionalvm.com.ar\/noticias-villa-maria\/wp-content\/uploads\/2025\/03\/Augusto-Fili-y-padre-de-Ramiro-Diaz-Ausonia.jpeg\" \/>\n\t<meta property=\"og:image:width\" content=\"960\" \/>\n\t<meta property=\"og:image:height\" content=\"855\" \/>\n\t<meta property=\"og:image:type\" content=\"image\/jpeg\" \/>\n<meta name=\"author\" content=\"Contenidos El Regional\" \/>\n<meta name=\"twitter:card\" content=\"summary_large_image\" \/>\n<meta name=\"twitter:creator\" content=\"@elregionalvm1\" \/>\n<meta name=\"twitter:site\" content=\"@elregionalvm1\" \/>\n<meta name=\"twitter:label1\" content=\"Escrito por\" \/>\n\t<meta name=\"twitter:data1\" content=\"Contenidos El Regional\" \/>\n\t<meta name=\"twitter:label2\" content=\"Tiempo de lectura\" \/>\n\t<meta name=\"twitter:data2\" content=\"1 minuto\" \/>\n<script type=\"application\/ld+json\" class=\"yoast-schema-graph\">{\"@context\":\"https:\/\/schema.org\",\"@graph\":[{\"@type\":\"Article\",\"@id\":\"https:\/\/elregionalvm.com.ar\/noticias-villa-maria\/video-demanda-contra-la-municipalidad-de-ausonia-por-la-muerte-de-un-joven-hace-dos-anos\/#article\",\"isPartOf\":{\"@id\":\"https:\/\/elregionalvm.com.ar\/noticias-villa-maria\/video-demanda-contra-la-municipalidad-de-ausonia-por-la-muerte-de-un-joven-hace-dos-anos\/\"},\"author\":{\"name\":\"Contenidos El Regional\",\"@id\":\"http:\/\/elregionalvm.com.ar\/noticias-villa-maria\/#\/schema\/person\/a0fb9c422317faca23d50163151bc354\"},\"headline\":\"[Video] Demanda contra la Municipalidad de Ausonia por la muerte de un joven hace dos a\u00f1os\",\"datePublished\":\"2025-03-13T20:23:44+00:00\",\"dateModified\":\"2025-03-13T20:23:46+00:00\",\"mainEntityOfPage\":{\"@id\":\"https:\/\/elregionalvm.com.ar\/noticias-villa-maria\/video-demanda-contra-la-municipalidad-de-ausonia-por-la-muerte-de-un-joven-hace-dos-anos\/\"},\"wordCount\":170,\"commentCount\":0,\"image\":{\"@id\":\"https:\/\/elregionalvm.com.ar\/noticias-villa-maria\/video-demanda-contra-la-municipalidad-de-ausonia-por-la-muerte-de-un-joven-hace-dos-anos\/#primaryimage\"},\"thumbnailUrl\":\"https:\/\/i0.wp.com\/elregionalvm.com.ar\/noticias-villa-maria\/wp-content\/uploads\/2025\/03\/Augusto-Fili-y-padre-de-Ramiro-Diaz-Ausonia.jpeg?fit=960%2C855&ssl=1\",\"keywords\":[\"abogado\",\"Accidente laboral\",\"audiencia\",\"Ausonia\",\"Juicio\",\"juicio laboral\",\"Municipalidad\",\"Ramiro D\u00edaz\"],\"articleSection\":[\"destacado\",\"Regi\u00f3n\",\"Videos\"],\"inLanguage\":\"es\",\"potentialAction\":[{\"@type\":\"CommentAction\",\"name\":\"Comment\",\"target\":[\"https:\/\/elregionalvm.com.ar\/noticias-villa-maria\/video-demanda-contra-la-municipalidad-de-ausonia-por-la-muerte-de-un-joven-hace-dos-anos\/#respond\"]}]},{\"@type\":\"WebPage\",\"@id\":\"https:\/\/elregionalvm.com.ar\/noticias-villa-maria\/video-demanda-contra-la-municipalidad-de-ausonia-por-la-muerte-de-un-joven-hace-dos-anos\/\",\"url\":\"https:\/\/elregionalvm.com.ar\/noticias-villa-maria\/video-demanda-contra-la-municipalidad-de-ausonia-por-la-muerte-de-un-joven-hace-dos-anos\/\",\"name\":\"[Video] Demanda contra la Municipalidad de Ausonia por la muerte de un joven hace dos a\u00f1os - El Regional\",\"isPartOf\":{\"@id\":\"http:\/\/elregionalvm.com.ar\/noticias-villa-maria\/#website\"},\"primaryImageOfPage\":{\"@id\":\"https:\/\/elregionalvm.com.ar\/noticias-villa-maria\/video-demanda-contra-la-municipalidad-de-ausonia-por-la-muerte-de-un-joven-hace-dos-anos\/#primaryimage\"},\"image\":{\"@id\":\"https:\/\/elregionalvm.com.ar\/noticias-villa-maria\/video-demanda-contra-la-municipalidad-de-ausonia-por-la-muerte-de-un-joven-hace-dos-anos\/#primaryimage\"},\"thumbnailUrl\":\"https:\/\/i0.wp.com\/elregionalvm.com.ar\/noticias-villa-maria\/wp-content\/uploads\/2025\/03\/Augusto-Fili-y-padre-de-Ramiro-Diaz-Ausonia.jpeg?fit=960%2C855&ssl=1\",\"datePublished\":\"2025-03-13T20:23:44+00:00\",\"dateModified\":\"2025-03-13T20:23:46+00:00\",\"author\":{\"@id\":\"http:\/\/elregionalvm.com.ar\/noticias-villa-maria\/#\/schema\/person\/a0fb9c422317faca23d50163151bc354\"},\"breadcrumb\":{\"@id\":\"https:\/\/elregionalvm.com.ar\/noticias-villa-maria\/video-demanda-contra-la-municipalidad-de-ausonia-por-la-muerte-de-un-joven-hace-dos-anos\/#breadcrumb\"},\"inLanguage\":\"es\",\"potentialAction\":[{\"@type\":\"ReadAction\",\"target\":[\"https:\/\/elregionalvm.com.ar\/noticias-villa-maria\/video-demanda-contra-la-municipalidad-de-ausonia-por-la-muerte-de-un-joven-hace-dos-anos\/\"]}]},{\"@type\":\"ImageObject\",\"inLanguage\":\"es\",\"@id\":\"https:\/\/elregionalvm.com.ar\/noticias-villa-maria\/video-demanda-contra-la-municipalidad-de-ausonia-por-la-muerte-de-un-joven-hace-dos-anos\/#primaryimage\",\"url\":\"https:\/\/i0.wp.com\/elregionalvm.com.ar\/noticias-villa-maria\/wp-content\/uploads\/2025\/03\/Augusto-Fili-y-padre-de-Ramiro-Diaz-Ausonia.jpeg?fit=960%2C855&ssl=1\",\"contentUrl\":\"https:\/\/i0.wp.com\/elregionalvm.com.ar\/noticias-villa-maria\/wp-content\/uploads\/2025\/03\/Augusto-Fili-y-padre-de-Ramiro-Diaz-Ausonia.jpeg?fit=960%2C855&ssl=1\",\"width\":960,\"height\":855},{\"@type\":\"BreadcrumbList\",\"@id\":\"https:\/\/elregionalvm.com.ar\/noticias-villa-maria\/video-demanda-contra-la-municipalidad-de-ausonia-por-la-muerte-de-un-joven-hace-dos-anos\/#breadcrumb\",\"itemListElement\":[{\"@type\":\"ListItem\",\"position\":1,\"name\":\"Portada\",\"item\":\"https:\/\/elregionalvm.com.ar\/noticias-villa-maria\/\"},{\"@type\":\"ListItem\",\"position\":2,\"name\":\"[Video] Demanda contra la Municipalidad de Ausonia por la muerte de un joven hace dos a\u00f1os\"}]},{\"@type\":\"WebSite\",\"@id\":\"http:\/\/elregionalvm.com.ar\/noticias-villa-maria\/#website\",\"url\":\"http:\/\/elregionalvm.com.ar\/noticias-villa-maria\/\",\"name\":\"El Regional\",\"description\":\"Mucho m\u00e1s que informaci\u00f3n\",\"potentialAction\":[{\"@type\":\"SearchAction\",\"target\":{\"@type\":\"EntryPoint\",\"urlTemplate\":\"http:\/\/elregionalvm.com.ar\/noticias-villa-maria\/?s={search_term_string}\"},\"query-input\":{\"@type\":\"PropertyValueSpecification\",\"valueRequired\":true,\"valueName\":\"search_term_string\"}}],\"inLanguage\":\"es\"},{\"@type\":\"Person\",\"@id\":\"http:\/\/elregionalvm.com.ar\/noticias-villa-maria\/#\/schema\/person\/a0fb9c422317faca23d50163151bc354\",\"name\":\"Contenidos El Regional\",\"image\":{\"@type\":\"ImageObject\",\"inLanguage\":\"es\",\"@id\":\"http:\/\/elregionalvm.com.ar\/noticias-villa-maria\/#\/schema\/person\/image\/\",\"url\":\"https:\/\/secure.gravatar.com\/avatar\/265b27cb2209af7bb3a1318f03305787d7981a5cc6e6cd08fe5a4ecdf99d4b48?s=96&d=mm&r=g\",\"contentUrl\":\"https:\/\/secure.gravatar.com\/avatar\/265b27cb2209af7bb3a1318f03305787d7981a5cc6e6cd08fe5a4ecdf99d4b48?s=96&d=mm&r=g\",\"caption\":\"Contenidos El Regional\"},\"url\":\"https:\/\/elregionalvm.com.ar\/noticias-villa-maria\/author\/contenido\/\"}]}<\/script>\n<!-- \/ Yoast SEO plugin. -->","yoast_head_json":{"title":"[Video] Demanda contra la Municipalidad de Ausonia por la muerte de un joven hace dos a\u00f1os - El Regional","robots":{"index":"index","follow":"follow","max-snippet":"max-snippet:-1","max-image-preview":"max-image-preview:large","max-video-preview":"max-video-preview:-1"},"canonical":"https:\/\/elregionalvm.com.ar\/noticias-villa-maria\/video-demanda-contra-la-municipalidad-de-ausonia-por-la-muerte-de-un-joven-hace-dos-anos\/","og_locale":"es_ES","og_type":"article","og_title":"[Video] Demanda contra la Municipalidad de Ausonia por la muerte de un joven hace dos a\u00f1os - El Regional","og_description":"Ramiro D\u00edaz ten\u00eda 18 a\u00f1os cuando sufri\u00f3 un accidente laboral y fue aplastado por una maquinaria. Se desempe\u00f1aba de manera informal en el corral\u00f3n del municipio vecino. Falleci\u00f3 dos semanas despu\u00e9s en el Hospital Pasteur. Desde hace tiempo su familia reclama Justicia por la tr\u00e1gica muerte. Hay dos causas. Una de \u00edndole laboral que la [&hellip;]","og_url":"https:\/\/elregionalvm.com.ar\/noticias-villa-maria\/video-demanda-contra-la-municipalidad-de-ausonia-por-la-muerte-de-un-joven-hace-dos-anos\/","og_site_name":"El Regional","article_publisher":"https:\/\/www.facebook.com\/elregionalvm","article_published_time":"2025-03-13T20:23:44+00:00","article_modified_time":"2025-03-13T20:23:46+00:00","og_image":[{"width":960,"height":855,"url":"https:\/\/elregionalvm.com.ar\/noticias-villa-maria\/wp-content\/uploads\/2025\/03\/Augusto-Fili-y-padre-de-Ramiro-Diaz-Ausonia.jpeg","type":"image\/jpeg"}],"author":"Contenidos El Regional","twitter_card":"summary_large_image","twitter_creator":"@elregionalvm1","twitter_site":"@elregionalvm1","twitter_misc":{"Escrito por":"Contenidos El Regional","Tiempo de lectura":"1 minuto"},"schema":{"@context":"https:\/\/schema.org","@graph":[{"@type":"Article","@id":"https:\/\/elregionalvm.com.ar\/noticias-villa-maria\/video-demanda-contra-la-municipalidad-de-ausonia-por-la-muerte-de-un-joven-hace-dos-anos\/#article","isPartOf":{"@id":"https:\/\/elregionalvm.com.ar\/noticias-villa-maria\/video-demanda-contra-la-municipalidad-de-ausonia-por-la-muerte-de-un-joven-hace-dos-anos\/"},"author":{"name":"Contenidos El Regional","@id":"http:\/\/elregionalvm.com.ar\/noticias-villa-maria\/#\/schema\/person\/a0fb9c422317faca23d50163151bc354"},"headline":"[Video] Demanda contra la Municipalidad de Ausonia por la muerte de un joven hace dos a\u00f1os","datePublished":"2025-03-13T20:23:44+00:00","dateModified":"2025-03-13T20:23:46+00:00","mainEntityOfPage":{"@id":"https:\/\/elregionalvm.com.ar\/noticias-villa-maria\/video-demanda-contra-la-municipalidad-de-ausonia-por-la-muerte-de-un-joven-hace-dos-anos\/"},"wordCount":170,"commentCount":0,"image":{"@id":"https:\/\/elregionalvm.com.ar\/noticias-villa-maria\/video-demanda-contra-la-municipalidad-de-ausonia-por-la-muerte-de-un-joven-hace-dos-anos\/#primaryimage"},"thumbnailUrl":"https:\/\/i0.wp.com\/elregionalvm.com.ar\/noticias-villa-maria\/wp-content\/uploads\/2025\/03\/Augusto-Fili-y-padre-de-Ramiro-Diaz-Ausonia.jpeg?fit=960%2C855&ssl=1","keywords":["abogado","Accidente laboral","audiencia","Ausonia","Juicio","juicio laboral","Municipalidad","Ramiro D\u00edaz"],"articleSection":["destacado","Regi\u00f3n","Videos"],"inLanguage":"es","potentialAction":[{"@type":"CommentAction","name":"Comment","target":["https:\/\/elregionalvm.com.ar\/noticias-villa-maria\/video-demanda-contra-la-municipalidad-de-ausonia-por-la-muerte-de-un-joven-hace-dos-anos\/#respond"]}]},{"@type":"WebPage","@id":"https:\/\/elregionalvm.com.ar\/noticias-villa-maria\/video-demanda-contra-la-municipalidad-de-ausonia-por-la-muerte-de-un-joven-hace-dos-anos\/","url":"https:\/\/elregionalvm.com.ar\/noticias-villa-maria\/video-demanda-contra-la-municipalidad-de-ausonia-por-la-muerte-de-un-joven-hace-dos-anos\/","name":"[Video] Demanda contra la Municipalidad de Ausonia por la muerte de un joven hace dos a\u00f1os - El Regional","isPartOf":{"@id":"http:\/\/elregionalvm.com.ar\/noticias-villa-maria\/#website"},"primaryImageOfPage":{"@id":"https:\/\/elregionalvm.com.ar\/noticias-villa-maria\/video-demanda-contra-la-municipalidad-de-ausonia-por-la-muerte-de-un-joven-hace-dos-anos\/#primaryimage"},"image":{"@id":"https:\/\/elregionalvm.com.ar\/noticias-villa-maria\/video-demanda-contra-la-municipalidad-de-ausonia-por-la-muerte-de-un-joven-hace-dos-anos\/#primaryimage"},"thumbnailUrl":"https:\/\/i0.wp.com\/elregionalvm.com.ar\/noticias-villa-maria\/wp-content\/uploads\/2025\/03\/Augusto-Fili-y-padre-de-Ramiro-Diaz-Ausonia.jpeg?fit=960%2C855&ssl=1","datePublished":"2025-03-13T20:23:44+00:00","dateModified":"2025-03-13T20:23:46+00:00","author":{"@id":"http:\/\/elregionalvm.com.ar\/noticias-villa-maria\/#\/schema\/person\/a0fb9c422317faca23d50163151bc354"},"breadcrumb":{"@id":"https:\/\/elregionalvm.com.ar\/noticias-villa-maria\/video-demanda-contra-la-municipalidad-de-ausonia-por-la-muerte-de-un-joven-hace-dos-anos\/#breadcrumb"},"inLanguage":"es","potentialAction":[{"@type":"ReadAction","target":["https:\/\/elregionalvm.com.ar\/noticias-villa-maria\/video-demanda-contra-la-municipalidad-de-ausonia-por-la-muerte-de-un-joven-hace-dos-anos\/"]}]},{"@type":"ImageObject","inLanguage":"es","@id":"https:\/\/elregionalvm.com.ar\/noticias-villa-maria\/video-demanda-contra-la-municipalidad-de-ausonia-por-la-muerte-de-un-joven-hace-dos-anos\/#primaryimage","url":"https:\/\/i0.wp.com\/elregionalvm.com.ar\/noticias-villa-maria\/wp-content\/uploads\/2025\/03\/Augusto-Fili-y-padre-de-Ramiro-Diaz-Ausonia.jpeg?fit=960%2C855&ssl=1","contentUrl":"https:\/\/i0.wp.com\/elregionalvm.com.ar\/noticias-villa-maria\/wp-content\/uploads\/2025\/03\/Augusto-Fili-y-padre-de-Ramiro-Diaz-Ausonia.jpeg?fit=960%2C855&ssl=1","width":960,"height":855},{"@type":"BreadcrumbList","@id":"https:\/\/elregionalvm.com.ar\/noticias-villa-maria\/video-demanda-contra-la-municipalidad-de-ausonia-por-la-muerte-de-un-joven-hace-dos-anos\/#breadcrumb","itemListElement":[{"@type":"ListItem","position":1,"name":"Portada","item":"https:\/\/elregionalvm.com.ar\/noticias-villa-maria\/"},{"@type":"ListItem","position":2,"name":"[Video] Demanda contra la Municipalidad de Ausonia por la muerte de un joven hace dos a\u00f1os"}]},{"@type":"WebSite","@id":"http:\/\/elregionalvm.com.ar\/noticias-villa-maria\/#website","url":"http:\/\/elregionalvm.com.ar\/noticias-villa-maria\/","name":"El Regional","description":"Mucho m\u00e1s que informaci\u00f3n","potentialAction":[{"@type":"SearchAction","target":{"@type":"EntryPoint","urlTemplate":"http:\/\/elregionalvm.com.ar\/noticias-villa-maria\/?s={search_term_string}"},"query-input":{"@type":"PropertyValueSpecification","valueRequired":true,"valueName":"search_term_string"}}],"inLanguage":"es"},{"@type":"Person","@id":"http:\/\/elregionalvm.com.ar\/noticias-villa-maria\/#\/schema\/person\/a0fb9c422317faca23d50163151bc354","name":"Contenidos El Regional","image":{"@type":"ImageObject","inLanguage":"es","@id":"http:\/\/elregionalvm.com.ar\/noticias-villa-maria\/#\/schema\/person\/image\/","url":"https:\/\/secure.gravatar.com\/avatar\/265b27cb2209af7bb3a1318f03305787d7981a5cc6e6cd08fe5a4ecdf99d4b48?s=96&d=mm&r=g","contentUrl":"https:\/\/secure.gravatar.com\/avatar\/265b27cb2209af7bb3a1318f03305787d7981a5cc6e6cd08fe5a4ecdf99d4b48?s=96&d=mm&r=g","caption":"Contenidos El Regional"},"url":"https:\/\/elregionalvm.com.ar\/noticias-villa-maria\/author\/contenido\/"}]}},"jetpack_featured_media_url":"https:\/\/i0.wp.com\/elregionalvm.com.ar\/noticias-villa-maria\/wp-content\/uploads\/2025\/03\/Augusto-Fili-y-padre-de-Ramiro-Diaz-Ausonia.jpeg?fit=960%2C855&ssl=1","jetpack_sharing_enabled":true,"_links":{"self":[{"href":"https:\/\/elregionalvm.com.ar\/noticias-villa-maria\/wp-json\/wp\/v2\/posts\/104145","targetHints":{"allow":["GET"]}}],"collection":[{"href":"https:\/\/elregionalvm.com.ar\/noticias-villa-maria\/wp-json\/wp\/v2\/posts"}],"about":[{"href":"https:\/\/elregionalvm.com.ar\/noticias-villa-maria\/wp-json\/wp\/v2\/types\/post"}],"author":[{"embeddable":true,"href":"https:\/\/elregionalvm.com.ar\/noticias-villa-maria\/wp-json\/wp\/v2\/users\/4"}],"replies":[{"embeddable":true,"href":"https:\/\/elregionalvm.com.ar\/noticias-villa-maria\/wp-json\/wp\/v2\/comments?post=104145"}],"version-history":[{"count":1,"href":"https:\/\/elregionalvm.com.ar\/noticias-villa-maria\/wp-json\/wp\/v2\/posts\/104145\/revisions"}],"predecessor-version":[{"id":104146,"href":"https:\/\/elregionalvm.com.ar\/noticias-villa-maria\/wp-json\/wp\/v2\/posts\/104145\/revisions\/104146"}],"wp:featuredmedia":[{"embeddable":true,"href":"https:\/\/elregionalvm.com.ar\/noticias-villa-maria\/wp-json\/wp\/v2\/media\/104147"}],"wp:attachment":[{"href":"https:\/\/elregionalvm.com.ar\/noticias-villa-maria\/wp-json\/wp\/v2\/media?parent=104145"}],"wp:term":[{"taxonomy":"category","embeddable":true,"href":"https:\/\/elregionalvm.com.ar\/noticias-villa-maria\/wp-json\/wp\/v2\/categories?post=104145"},{"taxonomy":"post_tag","embeddable":true,"href":"https:\/\/elregionalvm.com.ar\/noticias-villa-maria\/wp-json\/wp\/v2\/tags?post=104145"}],"curies":[{"name":"wp","href":"https:\/\/api.w.org\/{rel}","templated":true}]}}