{"id":104210,"date":"2025-03-17T00:12:08","date_gmt":"2025-03-17T00:12:08","guid":{"rendered":"https:\/\/elregionalvm.com.ar\/noticias-villa-maria\/?p=104210"},"modified":"2025-03-18T02:34:27","modified_gmt":"2025-03-18T02:34:27","slug":"opinion-jubilaciones-hay-que-eliminar-el-minimo-de-30-anos-de-aportes","status":"publish","type":"post","link":"https:\/\/elregionalvm.com.ar\/noticias-villa-maria\/opinion-jubilaciones-hay-que-eliminar-el-minimo-de-30-anos-de-aportes\/","title":{"rendered":"[Opini\u00f3n] Jubilaciones: Hay que eliminar el m\u00ednimo de 30 a\u00f1os de aportes"},"content":{"rendered":"\n<h3 class=\"wp-block-heading\"><strong>A fin de mes vence la moratoria previsional. No es recomendable volver a renovarla, pero tampoco dejarla que venza sin hacer nada. Es la oportunidad para eliminar el m\u00ednimo de 30 a\u00f1os de aportes y perfeccionar la PUAM. Este ser\u00eda un primer paso fundamental hacia el ordenamiento integral del sistema previsional.<\/strong><\/h3>\n\n\n\n<p><\/p>\n\n\n\n<p><strong>Informe: Idesa<\/strong><\/p>\n\n\n\n<p><\/p>\n\n\n\n<p>Una vez m\u00e1s la defensa de la causa de los jubilados deriv\u00f3 en graves actos de violencia. En esta ocasi\u00f3n la novedad fue que el salvajismo en el nombre los jubilados estuvo a cargo de los \u201cbarra brava\u201d de futbol.<\/p>\n\n\n\n<p>Organizaciones con muchos antecedentes de coerci\u00f3n, delitos, y destrucci\u00f3n. En lo sustancial, la violencia observada no difiri\u00f3 mucho de la que tambi\u00e9n se produjo en el 2017 cuando el Congreso trataba la modificaci\u00f3n de la regla de movilidad.<\/p>\n\n\n\n<p>Una se\u00f1al de alerta es el pr\u00f3ximo vencimiento de la moratoria previsional a fin de marzo. Las moratorias son usadas por personas que llegan a la edad jubilatoria (60 mujeres; 65 varones) sin acumular un m\u00ednimo de 30 a\u00f1os de aportes.<\/p>\n\n\n\n<p><\/p>\n\n\n\n<figure class=\"wp-block-image size-large\"><img data-recalc-dims=\"1\" fetchpriority=\"high\" decoding=\"async\" width=\"1024\" height=\"560\" src=\"https:\/\/i0.wp.com\/elregionalvm.com.ar\/noticias-villa-maria\/wp-content\/uploads\/2022\/11\/Banco-cola-cobro-jubilados.jpg?resize=1024%2C560&#038;ssl=1\" alt=\"\" class=\"wp-image-67985\" srcset=\"https:\/\/i0.wp.com\/elregionalvm.com.ar\/noticias-villa-maria\/wp-content\/uploads\/2022\/11\/Banco-cola-cobro-jubilados.jpg?resize=1024%2C560&amp;ssl=1 1024w, https:\/\/i0.wp.com\/elregionalvm.com.ar\/noticias-villa-maria\/wp-content\/uploads\/2022\/11\/Banco-cola-cobro-jubilados.jpg?resize=300%2C164&amp;ssl=1 300w, https:\/\/i0.wp.com\/elregionalvm.com.ar\/noticias-villa-maria\/wp-content\/uploads\/2022\/11\/Banco-cola-cobro-jubilados.jpg?resize=768%2C420&amp;ssl=1 768w, https:\/\/i0.wp.com\/elregionalvm.com.ar\/noticias-villa-maria\/wp-content\/uploads\/2022\/11\/Banco-cola-cobro-jubilados.jpg?w=1200&amp;ssl=1 1200w\" sizes=\"(max-width: 1000px) 100vw, 1000px\" \/><\/figure>\n\n\n\n<p><\/p>\n\n\n\n<p>El mecanismo consiste en simular haber tenido un trabajo aut\u00f3nomo, por los a\u00f1os de aportes faltantes, a los fines de completar los 30 a\u00f1os exigidos por la ley. Por ese periodo se calcula una deuda por los aportes no ingresados que se pagan con un plan de pagos en condiciones muy flexibles y cuyas cuotas se descuentan del mismo haber previsional.<\/p>\n\n\n\n<p>Aproximadamente dos tercios de quienes llegan a la edad de jubilarse apelan a la moratoria porque no cumplen con el m\u00ednimo de 30 a\u00f1os de aportes. Seg\u00fan la Subsecretar\u00eda de Seguridad Social entre estas personas, para el 2024, se observa que:<\/p>\n\n\n\n<ul class=\"wp-block-list\">\n<li>El 52% tiene menos de 10 a\u00f1os de aportes.<\/li>\n<\/ul>\n\n\n\n<ul class=\"wp-block-list\">\n<li>El 30% tiene entre 10 y 25 a\u00f1os de aportes.<\/li>\n<\/ul>\n\n\n\n<ul class=\"wp-block-list\">\n<li>S\u00f3lo el 18% restante junta entre 25 y 30 a\u00f1os de aportes.<\/li>\n<\/ul>\n\n\n\n<p><\/p>\n\n\n\n<figure class=\"wp-block-image\"><img data-recalc-dims=\"1\" decoding=\"async\" src=\"https:\/\/i0.wp.com\/idesa.org\/wp-content\/uploads\/2025\/03\/Captura-de-Pantalla-2025-03-16-a-las-16.43.25.png?ssl=1\" alt=\"\"\/><\/figure>\n\n\n\n<p><\/p>\n\n\n\n<p>Estos datos muestran que hay una gran dispersi\u00f3n en la densidad de aportes de las personas que llegan a la edad de jubilarse. En un extremo aparece la mayor\u00eda que acumula menos de 10 a\u00f1os de aportes. En el otro extremo, solo 2 de cada 10 personas llegan falt\u00e1ndole menos de 5 a\u00f1os para completar el m\u00ednimo de ley.<\/p>\n\n\n\n<p>Si no se renuevan las moratorias toda esta gente deber\u00e1 postergar el retiro o acceder a la Pensi\u00f3n Universal para el Adulto Mayor (PUAM). Esta es una prestaci\u00f3n no contributiva con dos importantes defectos. El primero es que no reconoce aportes realizados por debajo de los 30 a\u00f1os. Es decir, una persona con ning\u00fan aporte y otra con 29 a\u00f1os de aportes reciben la misma PUAM. El segundo es que no permite seguir trabajando, cuando las jubilaciones contributivas s\u00ed lo permiten.<\/p>\n\n\n\n<p><strong>30 a\u00f1os<\/strong><\/p>\n\n\n\n<p>El requerimiento de 30 a\u00f1os de aportes viene de la \u00e9poca en que el sistema previsional era mixto, combinando reparto con capitalizaci\u00f3n.<\/p>\n\n\n\n<p>En el r\u00e9gimen de reparto el requisito son los 30 a\u00f1os de aportes, mientras que en el de capitalizaci\u00f3n no se aplicaba un m\u00ednimo de aportes dado que la gente se jubilaba cuando quer\u00eda con la renta que se derivaba de su cuenta de capitalizaci\u00f3n.<\/p>\n\n\n\n<p>Cuando se elimin\u00f3 el r\u00e9gimen de capitalizaci\u00f3n se cometi\u00f3 el error de no revisar esta regla. Consecuentemente, el requisito de un m\u00ednimo de 30 a\u00f1os de aportes qued\u00f3 para todas las prestaciones. Como esta barrera excluye a la mayor\u00eda de la gente, en lugar de subsanar el error, se apel\u00f3 a las moratorias profundizando la crisis financiera del sistema previsional y la injusticia de dar jubilaciones contributivas a gente sin aportes.<\/p>\n\n\n\n<p><\/p>\n\n\n\n<figure class=\"wp-block-image size-large\"><img data-recalc-dims=\"1\" decoding=\"async\" width=\"1024\" height=\"576\" src=\"https:\/\/i0.wp.com\/elregionalvm.com.ar\/noticias-villa-maria\/wp-content\/uploads\/2021\/07\/Jubilados-Anses.jpg?resize=1024%2C576&#038;ssl=1\" alt=\"\" class=\"wp-image-40917\" srcset=\"https:\/\/i0.wp.com\/elregionalvm.com.ar\/noticias-villa-maria\/wp-content\/uploads\/2021\/07\/Jubilados-Anses.jpg?resize=1024%2C576&amp;ssl=1 1024w, https:\/\/i0.wp.com\/elregionalvm.com.ar\/noticias-villa-maria\/wp-content\/uploads\/2021\/07\/Jubilados-Anses.jpg?resize=300%2C169&amp;ssl=1 300w, https:\/\/i0.wp.com\/elregionalvm.com.ar\/noticias-villa-maria\/wp-content\/uploads\/2021\/07\/Jubilados-Anses.jpg?resize=768%2C432&amp;ssl=1 768w, https:\/\/i0.wp.com\/elregionalvm.com.ar\/noticias-villa-maria\/wp-content\/uploads\/2021\/07\/Jubilados-Anses.jpg?w=1200&amp;ssl=1 1200w\" sizes=\"(max-width: 1000px) 100vw, 1000px\" \/><\/figure>\n\n\n\n<p><\/p>\n\n\n\n<p>La urgencia ahora es encontrar una mejor alternativa a renovar las moratorias. Desde hace 2 d\u00e9cadas que las moratorias se vienen renovando lo que profundiz\u00f3 la degradaci\u00f3n del sistema previsional.<\/p>\n\n\n\n<p>La alternativa superadora es eliminar el m\u00ednimo de 30 a\u00f1os de aportes. Para las personas con pocos aportes donde el haber resulta muy bajo contemplar la PUAM como piso. El monto de la PUAM, a su vez, deber\u00eda ser creciente en funci\u00f3n de la cantidad de aportes acumulados y se deber\u00eda permitir a los beneficiarios de la PUAM seguir trabajando, como lo pueden hacer el resto de los jubilados.<\/p>\n\n\n\n<p>Pero la urgencia no debe tapar lo importante que es abordar el ordenamiento integral del sistema previsional. Entre los puntos medulares est\u00e1n la revisi\u00f3n de los reg\u00edmenes especiales y diferenciales, abordar la alta litigiosidad (hay 200 mil juicios de jubilados contra la ANSES), revisar la doble cobertura que se produce con las pensiones derivadas y prever ajustes autom\u00e1ticos para adaptar el sistema previsional a los cambios demogr\u00e1ficos.<\/p>\n","protected":false},"excerpt":{"rendered":"<p>A fin de mes vence la moratoria previsional. No es recomendable volver a renovarla, pero tampoco dejarla que venza sin hacer nada. Es la oportunidad para eliminar el m\u00ednimo de 30 a\u00f1os de aportes y perfeccionar la PUAM. Este ser\u00eda un primer paso fundamental hacia el ordenamiento integral del sistema previsional. Informe: Idesa Una vez [&hellip;]<\/p>\n","protected":false},"author":4,"featured_media":89852,"comment_status":"open","ping_status":"open","sticky":false,"template":"","format":"standard","meta":{"site-sidebar-layout":"default","site-content-layout":"","ast-site-content-layout":"default","site-content-style":"default","site-sidebar-style":"default","ast-global-header-display":"","ast-banner-title-visibility":"","ast-main-header-display":"","ast-hfb-above-header-display":"","ast-hfb-below-header-display":"","ast-hfb-mobile-header-display":"","site-post-title":"","ast-breadcrumbs-content":"","ast-featured-img":"","footer-sml-layout":"","ast-disable-related-posts":"","theme-transparent-header-meta":"","adv-header-id-meta":"","stick-header-meta":"","header-above-stick-meta":"","header-main-stick-meta":"","header-below-stick-meta":"","astra-migrate-meta-layouts":"set","ast-page-background-enabled":"default","ast-page-background-meta":{"desktop":{"background-color":"","background-image":"","background-repeat":"repeat","background-position":"center center","background-size":"auto","background-attachment":"scroll","background-type":"","background-media":"","overlay-type":"","overlay-color":"","overlay-opacity":"","overlay-gradient":""},"tablet":{"background-color":"","background-image":"","background-repeat":"repeat","background-position":"center center","background-size":"auto","background-attachment":"scroll","background-type":"","background-media":"","overlay-type":"","overlay-color":"","overlay-opacity":"","overlay-gradient":""},"mobile":{"background-color":"","background-image":"","background-repeat":"repeat","background-position":"center center","background-size":"auto","background-attachment":"scroll","background-type":"","background-media":"","overlay-type":"","overlay-color":"","overlay-opacity":"","overlay-gradient":""}},"ast-content-background-meta":{"desktop":{"background-color":"var(--ast-global-color-5)","background-image":"","background-repeat":"repeat","background-position":"center center","background-size":"auto","background-attachment":"scroll","background-type":"","background-media":"","overlay-type":"","overlay-color":"","overlay-opacity":"","overlay-gradient":""},"tablet":{"background-color":"var(--ast-global-color-5)","background-image":"","background-repeat":"repeat","background-position":"center center","background-size":"auto","background-attachment":"scroll","background-type":"","background-media":"","overlay-type":"","overlay-color":"","overlay-opacity":"","overlay-gradient":""},"mobile":{"background-color":"var(--ast-global-color-5)","background-image":"","background-repeat":"repeat","background-position":"center center","background-size":"auto","background-attachment":"scroll","background-type":"","background-media":"","overlay-type":"","overlay-color":"","overlay-opacity":"","overlay-gradient":""}},"_jetpack_memberships_contains_paid_content":false,"_joinchat":[],"footnotes":""},"categories":[365,3557],"tags":[6997,3691,505,3572,1504,24796,10679,24797,4492],"class_list":["post-104210","post","type-post","status-publish","format-standard","has-post-thumbnail","hentry","category-opinion","category-tercera","tag-30-anos","tag-aportes","tag-economia","tag-jubilaciones","tag-jubilados","tag-minimo","tag-moratoria","tag-previsional","tag-recorte"],"yoast_head":"<!-- This site is optimized with the Yoast SEO plugin v26.8 - https:\/\/yoast.com\/product\/yoast-seo-wordpress\/ -->\n<title>[Opini\u00f3n] Jubilaciones: Hay que eliminar el m\u00ednimo de 30 a\u00f1os de aportes - El Regional<\/title>\n<meta name=\"robots\" content=\"index, follow, max-snippet:-1, max-image-preview:large, max-video-preview:-1\" \/>\n<link rel=\"canonical\" href=\"https:\/\/elregionalvm.com.ar\/noticias-villa-maria\/opinion-jubilaciones-hay-que-eliminar-el-minimo-de-30-anos-de-aportes\/\" \/>\n<meta property=\"og:locale\" content=\"es_ES\" \/>\n<meta property=\"og:type\" content=\"article\" \/>\n<meta property=\"og:title\" content=\"[Opini\u00f3n] Jubilaciones: Hay que eliminar el m\u00ednimo de 30 a\u00f1os de aportes - El Regional\" \/>\n<meta property=\"og:description\" content=\"A fin de mes vence la moratoria previsional. No es recomendable volver a renovarla, pero tampoco dejarla que venza sin hacer nada. Es la oportunidad para eliminar el m\u00ednimo de 30 a\u00f1os de aportes y perfeccionar la PUAM. Este ser\u00eda un primer paso fundamental hacia el ordenamiento integral del sistema previsional. Informe: Idesa Una vez [&hellip;]\" \/>\n<meta property=\"og:url\" content=\"https:\/\/elregionalvm.com.ar\/noticias-villa-maria\/opinion-jubilaciones-hay-que-eliminar-el-minimo-de-30-anos-de-aportes\/\" \/>\n<meta property=\"og:site_name\" content=\"El Regional\" \/>\n<meta property=\"article:publisher\" content=\"https:\/\/www.facebook.com\/elregionalvm\" \/>\n<meta property=\"article:published_time\" content=\"2025-03-17T00:12:08+00:00\" \/>\n<meta property=\"article:modified_time\" content=\"2025-03-18T02:34:27+00:00\" \/>\n<meta property=\"og:image\" content=\"https:\/\/elregionalvm.com.ar\/noticias-villa-maria\/wp-content\/uploads\/2024\/02\/Recorte-jubilados.jpg\" \/>\n\t<meta property=\"og:image:width\" content=\"720\" \/>\n\t<meta property=\"og:image:height\" content=\"405\" \/>\n\t<meta property=\"og:image:type\" content=\"image\/jpeg\" \/>\n<meta name=\"author\" content=\"Contenidos El Regional\" \/>\n<meta name=\"twitter:card\" content=\"summary_large_image\" \/>\n<meta name=\"twitter:creator\" content=\"@elregionalvm1\" \/>\n<meta name=\"twitter:site\" content=\"@elregionalvm1\" \/>\n<meta name=\"twitter:label1\" content=\"Escrito por\" \/>\n\t<meta name=\"twitter:data1\" content=\"Contenidos El Regional\" \/>\n\t<meta name=\"twitter:label2\" content=\"Tiempo de lectura\" \/>\n\t<meta name=\"twitter:data2\" content=\"5 minutos\" \/>\n<script type=\"application\/ld+json\" class=\"yoast-schema-graph\">{\"@context\":\"https:\/\/schema.org\",\"@graph\":[{\"@type\":\"Article\",\"@id\":\"https:\/\/elregionalvm.com.ar\/noticias-villa-maria\/opinion-jubilaciones-hay-que-eliminar-el-minimo-de-30-anos-de-aportes\/#article\",\"isPartOf\":{\"@id\":\"https:\/\/elregionalvm.com.ar\/noticias-villa-maria\/opinion-jubilaciones-hay-que-eliminar-el-minimo-de-30-anos-de-aportes\/\"},\"author\":{\"name\":\"Contenidos El Regional\",\"@id\":\"http:\/\/elregionalvm.com.ar\/noticias-villa-maria\/#\/schema\/person\/a0fb9c422317faca23d50163151bc354\"},\"headline\":\"[Opini\u00f3n] Jubilaciones: Hay que eliminar el m\u00ednimo de 30 a\u00f1os de aportes\",\"datePublished\":\"2025-03-17T00:12:08+00:00\",\"dateModified\":\"2025-03-18T02:34:27+00:00\",\"mainEntityOfPage\":{\"@id\":\"https:\/\/elregionalvm.com.ar\/noticias-villa-maria\/opinion-jubilaciones-hay-que-eliminar-el-minimo-de-30-anos-de-aportes\/\"},\"wordCount\":797,\"commentCount\":0,\"image\":{\"@id\":\"https:\/\/elregionalvm.com.ar\/noticias-villa-maria\/opinion-jubilaciones-hay-que-eliminar-el-minimo-de-30-anos-de-aportes\/#primaryimage\"},\"thumbnailUrl\":\"https:\/\/i0.wp.com\/elregionalvm.com.ar\/noticias-villa-maria\/wp-content\/uploads\/2024\/02\/Recorte-jubilados.jpg?fit=720%2C405&ssl=1\",\"keywords\":[\"30 a\u00f1os\",\"aportes\",\"Econom\u00eda\",\"Jubilaciones\",\"Jubilados\",\"m\u00ednimo\",\"moratoria\",\"previsional\",\"Recorte\"],\"articleSection\":[\"Opini\u00f3n\",\"tercera\"],\"inLanguage\":\"es\",\"potentialAction\":[{\"@type\":\"CommentAction\",\"name\":\"Comment\",\"target\":[\"https:\/\/elregionalvm.com.ar\/noticias-villa-maria\/opinion-jubilaciones-hay-que-eliminar-el-minimo-de-30-anos-de-aportes\/#respond\"]}]},{\"@type\":\"WebPage\",\"@id\":\"https:\/\/elregionalvm.com.ar\/noticias-villa-maria\/opinion-jubilaciones-hay-que-eliminar-el-minimo-de-30-anos-de-aportes\/\",\"url\":\"https:\/\/elregionalvm.com.ar\/noticias-villa-maria\/opinion-jubilaciones-hay-que-eliminar-el-minimo-de-30-anos-de-aportes\/\",\"name\":\"[Opini\u00f3n] Jubilaciones: Hay que eliminar el m\u00ednimo de 30 a\u00f1os de aportes - El Regional\",\"isPartOf\":{\"@id\":\"http:\/\/elregionalvm.com.ar\/noticias-villa-maria\/#website\"},\"primaryImageOfPage\":{\"@id\":\"https:\/\/elregionalvm.com.ar\/noticias-villa-maria\/opinion-jubilaciones-hay-que-eliminar-el-minimo-de-30-anos-de-aportes\/#primaryimage\"},\"image\":{\"@id\":\"https:\/\/elregionalvm.com.ar\/noticias-villa-maria\/opinion-jubilaciones-hay-que-eliminar-el-minimo-de-30-anos-de-aportes\/#primaryimage\"},\"thumbnailUrl\":\"https:\/\/i0.wp.com\/elregionalvm.com.ar\/noticias-villa-maria\/wp-content\/uploads\/2024\/02\/Recorte-jubilados.jpg?fit=720%2C405&ssl=1\",\"datePublished\":\"2025-03-17T00:12:08+00:00\",\"dateModified\":\"2025-03-18T02:34:27+00:00\",\"author\":{\"@id\":\"http:\/\/elregionalvm.com.ar\/noticias-villa-maria\/#\/schema\/person\/a0fb9c422317faca23d50163151bc354\"},\"breadcrumb\":{\"@id\":\"https:\/\/elregionalvm.com.ar\/noticias-villa-maria\/opinion-jubilaciones-hay-que-eliminar-el-minimo-de-30-anos-de-aportes\/#breadcrumb\"},\"inLanguage\":\"es\",\"potentialAction\":[{\"@type\":\"ReadAction\",\"target\":[\"https:\/\/elregionalvm.com.ar\/noticias-villa-maria\/opinion-jubilaciones-hay-que-eliminar-el-minimo-de-30-anos-de-aportes\/\"]}]},{\"@type\":\"ImageObject\",\"inLanguage\":\"es\",\"@id\":\"https:\/\/elregionalvm.com.ar\/noticias-villa-maria\/opinion-jubilaciones-hay-que-eliminar-el-minimo-de-30-anos-de-aportes\/#primaryimage\",\"url\":\"https:\/\/i0.wp.com\/elregionalvm.com.ar\/noticias-villa-maria\/wp-content\/uploads\/2024\/02\/Recorte-jubilados.jpg?fit=720%2C405&ssl=1\",\"contentUrl\":\"https:\/\/i0.wp.com\/elregionalvm.com.ar\/noticias-villa-maria\/wp-content\/uploads\/2024\/02\/Recorte-jubilados.jpg?fit=720%2C405&ssl=1\",\"width\":720,\"height\":405},{\"@type\":\"BreadcrumbList\",\"@id\":\"https:\/\/elregionalvm.com.ar\/noticias-villa-maria\/opinion-jubilaciones-hay-que-eliminar-el-minimo-de-30-anos-de-aportes\/#breadcrumb\",\"itemListElement\":[{\"@type\":\"ListItem\",\"position\":1,\"name\":\"Portada\",\"item\":\"https:\/\/elregionalvm.com.ar\/noticias-villa-maria\/\"},{\"@type\":\"ListItem\",\"position\":2,\"name\":\"[Opini\u00f3n] Jubilaciones: Hay que eliminar el m\u00ednimo de 30 a\u00f1os de aportes\"}]},{\"@type\":\"WebSite\",\"@id\":\"http:\/\/elregionalvm.com.ar\/noticias-villa-maria\/#website\",\"url\":\"http:\/\/elregionalvm.com.ar\/noticias-villa-maria\/\",\"name\":\"El Regional\",\"description\":\"Mucho m\u00e1s que informaci\u00f3n\",\"potentialAction\":[{\"@type\":\"SearchAction\",\"target\":{\"@type\":\"EntryPoint\",\"urlTemplate\":\"http:\/\/elregionalvm.com.ar\/noticias-villa-maria\/?s={search_term_string}\"},\"query-input\":{\"@type\":\"PropertyValueSpecification\",\"valueRequired\":true,\"valueName\":\"search_term_string\"}}],\"inLanguage\":\"es\"},{\"@type\":\"Person\",\"@id\":\"http:\/\/elregionalvm.com.ar\/noticias-villa-maria\/#\/schema\/person\/a0fb9c422317faca23d50163151bc354\",\"name\":\"Contenidos El Regional\",\"image\":{\"@type\":\"ImageObject\",\"inLanguage\":\"es\",\"@id\":\"http:\/\/elregionalvm.com.ar\/noticias-villa-maria\/#\/schema\/person\/image\/\",\"url\":\"https:\/\/secure.gravatar.com\/avatar\/265b27cb2209af7bb3a1318f03305787d7981a5cc6e6cd08fe5a4ecdf99d4b48?s=96&d=mm&r=g\",\"contentUrl\":\"https:\/\/secure.gravatar.com\/avatar\/265b27cb2209af7bb3a1318f03305787d7981a5cc6e6cd08fe5a4ecdf99d4b48?s=96&d=mm&r=g\",\"caption\":\"Contenidos El Regional\"},\"url\":\"https:\/\/elregionalvm.com.ar\/noticias-villa-maria\/author\/contenido\/\"}]}<\/script>\n<!-- \/ Yoast SEO plugin. -->","yoast_head_json":{"title":"[Opini\u00f3n] Jubilaciones: Hay que eliminar el m\u00ednimo de 30 a\u00f1os de aportes - El Regional","robots":{"index":"index","follow":"follow","max-snippet":"max-snippet:-1","max-image-preview":"max-image-preview:large","max-video-preview":"max-video-preview:-1"},"canonical":"https:\/\/elregionalvm.com.ar\/noticias-villa-maria\/opinion-jubilaciones-hay-que-eliminar-el-minimo-de-30-anos-de-aportes\/","og_locale":"es_ES","og_type":"article","og_title":"[Opini\u00f3n] Jubilaciones: Hay que eliminar el m\u00ednimo de 30 a\u00f1os de aportes - El Regional","og_description":"A fin de mes vence la moratoria previsional. No es recomendable volver a renovarla, pero tampoco dejarla que venza sin hacer nada. Es la oportunidad para eliminar el m\u00ednimo de 30 a\u00f1os de aportes y perfeccionar la PUAM. Este ser\u00eda un primer paso fundamental hacia el ordenamiento integral del sistema previsional. Informe: Idesa Una vez [&hellip;]","og_url":"https:\/\/elregionalvm.com.ar\/noticias-villa-maria\/opinion-jubilaciones-hay-que-eliminar-el-minimo-de-30-anos-de-aportes\/","og_site_name":"El Regional","article_publisher":"https:\/\/www.facebook.com\/elregionalvm","article_published_time":"2025-03-17T00:12:08+00:00","article_modified_time":"2025-03-18T02:34:27+00:00","og_image":[{"width":720,"height":405,"url":"https:\/\/elregionalvm.com.ar\/noticias-villa-maria\/wp-content\/uploads\/2024\/02\/Recorte-jubilados.jpg","type":"image\/jpeg"}],"author":"Contenidos El Regional","twitter_card":"summary_large_image","twitter_creator":"@elregionalvm1","twitter_site":"@elregionalvm1","twitter_misc":{"Escrito por":"Contenidos El Regional","Tiempo de lectura":"5 minutos"},"schema":{"@context":"https:\/\/schema.org","@graph":[{"@type":"Article","@id":"https:\/\/elregionalvm.com.ar\/noticias-villa-maria\/opinion-jubilaciones-hay-que-eliminar-el-minimo-de-30-anos-de-aportes\/#article","isPartOf":{"@id":"https:\/\/elregionalvm.com.ar\/noticias-villa-maria\/opinion-jubilaciones-hay-que-eliminar-el-minimo-de-30-anos-de-aportes\/"},"author":{"name":"Contenidos El Regional","@id":"http:\/\/elregionalvm.com.ar\/noticias-villa-maria\/#\/schema\/person\/a0fb9c422317faca23d50163151bc354"},"headline":"[Opini\u00f3n] Jubilaciones: Hay que eliminar el m\u00ednimo de 30 a\u00f1os de aportes","datePublished":"2025-03-17T00:12:08+00:00","dateModified":"2025-03-18T02:34:27+00:00","mainEntityOfPage":{"@id":"https:\/\/elregionalvm.com.ar\/noticias-villa-maria\/opinion-jubilaciones-hay-que-eliminar-el-minimo-de-30-anos-de-aportes\/"},"wordCount":797,"commentCount":0,"image":{"@id":"https:\/\/elregionalvm.com.ar\/noticias-villa-maria\/opinion-jubilaciones-hay-que-eliminar-el-minimo-de-30-anos-de-aportes\/#primaryimage"},"thumbnailUrl":"https:\/\/i0.wp.com\/elregionalvm.com.ar\/noticias-villa-maria\/wp-content\/uploads\/2024\/02\/Recorte-jubilados.jpg?fit=720%2C405&ssl=1","keywords":["30 a\u00f1os","aportes","Econom\u00eda","Jubilaciones","Jubilados","m\u00ednimo","moratoria","previsional","Recorte"],"articleSection":["Opini\u00f3n","tercera"],"inLanguage":"es","potentialAction":[{"@type":"CommentAction","name":"Comment","target":["https:\/\/elregionalvm.com.ar\/noticias-villa-maria\/opinion-jubilaciones-hay-que-eliminar-el-minimo-de-30-anos-de-aportes\/#respond"]}]},{"@type":"WebPage","@id":"https:\/\/elregionalvm.com.ar\/noticias-villa-maria\/opinion-jubilaciones-hay-que-eliminar-el-minimo-de-30-anos-de-aportes\/","url":"https:\/\/elregionalvm.com.ar\/noticias-villa-maria\/opinion-jubilaciones-hay-que-eliminar-el-minimo-de-30-anos-de-aportes\/","name":"[Opini\u00f3n] Jubilaciones: Hay que eliminar el m\u00ednimo de 30 a\u00f1os de aportes - El Regional","isPartOf":{"@id":"http:\/\/elregionalvm.com.ar\/noticias-villa-maria\/#website"},"primaryImageOfPage":{"@id":"https:\/\/elregionalvm.com.ar\/noticias-villa-maria\/opinion-jubilaciones-hay-que-eliminar-el-minimo-de-30-anos-de-aportes\/#primaryimage"},"image":{"@id":"https:\/\/elregionalvm.com.ar\/noticias-villa-maria\/opinion-jubilaciones-hay-que-eliminar-el-minimo-de-30-anos-de-aportes\/#primaryimage"},"thumbnailUrl":"https:\/\/i0.wp.com\/elregionalvm.com.ar\/noticias-villa-maria\/wp-content\/uploads\/2024\/02\/Recorte-jubilados.jpg?fit=720%2C405&ssl=1","datePublished":"2025-03-17T00:12:08+00:00","dateModified":"2025-03-18T02:34:27+00:00","author":{"@id":"http:\/\/elregionalvm.com.ar\/noticias-villa-maria\/#\/schema\/person\/a0fb9c422317faca23d50163151bc354"},"breadcrumb":{"@id":"https:\/\/elregionalvm.com.ar\/noticias-villa-maria\/opinion-jubilaciones-hay-que-eliminar-el-minimo-de-30-anos-de-aportes\/#breadcrumb"},"inLanguage":"es","potentialAction":[{"@type":"ReadAction","target":["https:\/\/elregionalvm.com.ar\/noticias-villa-maria\/opinion-jubilaciones-hay-que-eliminar-el-minimo-de-30-anos-de-aportes\/"]}]},{"@type":"ImageObject","inLanguage":"es","@id":"https:\/\/elregionalvm.com.ar\/noticias-villa-maria\/opinion-jubilaciones-hay-que-eliminar-el-minimo-de-30-anos-de-aportes\/#primaryimage","url":"https:\/\/i0.wp.com\/elregionalvm.com.ar\/noticias-villa-maria\/wp-content\/uploads\/2024\/02\/Recorte-jubilados.jpg?fit=720%2C405&ssl=1","contentUrl":"https:\/\/i0.wp.com\/elregionalvm.com.ar\/noticias-villa-maria\/wp-content\/uploads\/2024\/02\/Recorte-jubilados.jpg?fit=720%2C405&ssl=1","width":720,"height":405},{"@type":"BreadcrumbList","@id":"https:\/\/elregionalvm.com.ar\/noticias-villa-maria\/opinion-jubilaciones-hay-que-eliminar-el-minimo-de-30-anos-de-aportes\/#breadcrumb","itemListElement":[{"@type":"ListItem","position":1,"name":"Portada","item":"https:\/\/elregionalvm.com.ar\/noticias-villa-maria\/"},{"@type":"ListItem","position":2,"name":"[Opini\u00f3n] Jubilaciones: Hay que eliminar el m\u00ednimo de 30 a\u00f1os de aportes"}]},{"@type":"WebSite","@id":"http:\/\/elregionalvm.com.ar\/noticias-villa-maria\/#website","url":"http:\/\/elregionalvm.com.ar\/noticias-villa-maria\/","name":"El Regional","description":"Mucho m\u00e1s que informaci\u00f3n","potentialAction":[{"@type":"SearchAction","target":{"@type":"EntryPoint","urlTemplate":"http:\/\/elregionalvm.com.ar\/noticias-villa-maria\/?s={search_term_string}"},"query-input":{"@type":"PropertyValueSpecification","valueRequired":true,"valueName":"search_term_string"}}],"inLanguage":"es"},{"@type":"Person","@id":"http:\/\/elregionalvm.com.ar\/noticias-villa-maria\/#\/schema\/person\/a0fb9c422317faca23d50163151bc354","name":"Contenidos El Regional","image":{"@type":"ImageObject","inLanguage":"es","@id":"http:\/\/elregionalvm.com.ar\/noticias-villa-maria\/#\/schema\/person\/image\/","url":"https:\/\/secure.gravatar.com\/avatar\/265b27cb2209af7bb3a1318f03305787d7981a5cc6e6cd08fe5a4ecdf99d4b48?s=96&d=mm&r=g","contentUrl":"https:\/\/secure.gravatar.com\/avatar\/265b27cb2209af7bb3a1318f03305787d7981a5cc6e6cd08fe5a4ecdf99d4b48?s=96&d=mm&r=g","caption":"Contenidos El Regional"},"url":"https:\/\/elregionalvm.com.ar\/noticias-villa-maria\/author\/contenido\/"}]}},"jetpack_featured_media_url":"https:\/\/i0.wp.com\/elregionalvm.com.ar\/noticias-villa-maria\/wp-content\/uploads\/2024\/02\/Recorte-jubilados.jpg?fit=720%2C405&ssl=1","jetpack_sharing_enabled":true,"_links":{"self":[{"href":"https:\/\/elregionalvm.com.ar\/noticias-villa-maria\/wp-json\/wp\/v2\/posts\/104210","targetHints":{"allow":["GET"]}}],"collection":[{"href":"https:\/\/elregionalvm.com.ar\/noticias-villa-maria\/wp-json\/wp\/v2\/posts"}],"about":[{"href":"https:\/\/elregionalvm.com.ar\/noticias-villa-maria\/wp-json\/wp\/v2\/types\/post"}],"author":[{"embeddable":true,"href":"https:\/\/elregionalvm.com.ar\/noticias-villa-maria\/wp-json\/wp\/v2\/users\/4"}],"replies":[{"embeddable":true,"href":"https:\/\/elregionalvm.com.ar\/noticias-villa-maria\/wp-json\/wp\/v2\/comments?post=104210"}],"version-history":[{"count":2,"href":"https:\/\/elregionalvm.com.ar\/noticias-villa-maria\/wp-json\/wp\/v2\/posts\/104210\/revisions"}],"predecessor-version":[{"id":104212,"href":"https:\/\/elregionalvm.com.ar\/noticias-villa-maria\/wp-json\/wp\/v2\/posts\/104210\/revisions\/104212"}],"wp:featuredmedia":[{"embeddable":true,"href":"https:\/\/elregionalvm.com.ar\/noticias-villa-maria\/wp-json\/wp\/v2\/media\/89852"}],"wp:attachment":[{"href":"https:\/\/elregionalvm.com.ar\/noticias-villa-maria\/wp-json\/wp\/v2\/media?parent=104210"}],"wp:term":[{"taxonomy":"category","embeddable":true,"href":"https:\/\/elregionalvm.com.ar\/noticias-villa-maria\/wp-json\/wp\/v2\/categories?post=104210"},{"taxonomy":"post_tag","embeddable":true,"href":"https:\/\/elregionalvm.com.ar\/noticias-villa-maria\/wp-json\/wp\/v2\/tags?post=104210"}],"curies":[{"name":"wp","href":"https:\/\/api.w.org\/{rel}","templated":true}]}}