{"id":104221,"date":"2025-03-17T00:43:14","date_gmt":"2025-03-17T00:43:14","guid":{"rendered":"https:\/\/elregionalvm.com.ar\/noticias-villa-maria\/?p=104221"},"modified":"2025-03-18T21:01:02","modified_gmt":"2025-03-18T21:01:02","slug":"cuentos-para-terminar-el-verano-pan-con-pan-no-es-comida-de-zonzo","status":"publish","type":"post","link":"https:\/\/elregionalvm.com.ar\/noticias-villa-maria\/cuentos-para-terminar-el-verano-pan-con-pan-no-es-comida-de-zonzo\/","title":{"rendered":"[Cuentos para terminar el verano] Pan con pan no es comida de zonzo"},"content":{"rendered":"\n<p><strong>Escribe: Germ\u00e1n Giacchero<\/strong><\/p>\n\n\n\n<p><\/p>\n\n\n\n<p>\u201c\u00a1Yo como la pizza con pan! \u00bfY?\u201d, me dijo alguna vez un alumno en medio de una cena informal junto con algunos profes y otros compa\u00f1eros de secundaria. <\/p>\n\n\n\n<p>La frase no ten\u00eda sabor a disculpas, m\u00e1s bien ol\u00eda a desaf\u00edo de lo que postula el viejo dicho que solo los zonzos comen pan con pan.<\/p>\n\n\n\n<p>Cuando era chico, en varias ocasiones acompa\u00f1\u00e9 la ingesta de pizza, un men\u00fa no de los m\u00e1s frecuentes entonces, con algunos trozos de pan. No recuerdo bien por qu\u00e9. Estimo que era para llenar un poco m\u00e1s la panza y mantener el coraz\u00f3n contento.<\/p>\n\n\n\n<p><\/p>\n\n\n\n<blockquote class=\"wp-block-quote is-layout-flow wp-block-quote-is-layout-flow\">\n<p><strong>Estimo que era para llenar un poco m\u00e1s la panza y mantener el coraz\u00f3n contento<\/strong><\/p>\n<\/blockquote>\n\n\n\n<p><\/p>\n\n\n\n<p>Fuese o no esa la raz\u00f3n, no me desagradaba para nada esa combinaci\u00f3n de harinas panificadas.\u00a0 <\/p>\n\n\n\n<p>Y a lo largo de mi vida me he encontrado con muchas otras personas que no hacen caso al viejo dicho. Por costumbre, por gusto o por pura necesidad.<\/p>\n\n\n\n<p>Se sabe, los refranes no siempre son verdades reveladas. <\/p>\n\n\n\n<p>Y no siempre pan con pan es comida de zonzo.<\/p>\n","protected":false},"excerpt":{"rendered":"<p>Escribe: Germ\u00e1n Giacchero \u201c\u00a1Yo como la pizza con pan! \u00bfY?\u201d, me dijo alguna vez un alumno en medio de una cena informal junto con algunos profes y otros compa\u00f1eros de secundaria. La frase no ten\u00eda sabor a disculpas, m\u00e1s bien ol\u00eda a desaf\u00edo de lo que postula el viejo dicho que solo los zonzos comen [&hellip;]<\/p>\n","protected":false},"author":6,"featured_media":27941,"comment_status":"open","ping_status":"open","sticky":false,"template":"","format":"standard","meta":{"site-sidebar-layout":"default","site-content-layout":"","ast-site-content-layout":"default","site-content-style":"default","site-sidebar-style":"default","ast-global-header-display":"","ast-banner-title-visibility":"","ast-main-header-display":"","ast-hfb-above-header-display":"","ast-hfb-below-header-display":"","ast-hfb-mobile-header-display":"","site-post-title":"","ast-breadcrumbs-content":"","ast-featured-img":"","footer-sml-layout":"","ast-disable-related-posts":"","theme-transparent-header-meta":"","adv-header-id-meta":"","stick-header-meta":"","header-above-stick-meta":"","header-main-stick-meta":"","header-below-stick-meta":"","astra-migrate-meta-layouts":"set","ast-page-background-enabled":"default","ast-page-background-meta":{"desktop":{"background-color":"","background-image":"","background-repeat":"repeat","background-position":"center center","background-size":"auto","background-attachment":"scroll","background-type":"","background-media":"","overlay-type":"","overlay-color":"","overlay-opacity":"","overlay-gradient":""},"tablet":{"background-color":"","background-image":"","background-repeat":"repeat","background-position":"center center","background-size":"auto","background-attachment":"scroll","background-type":"","background-media":"","overlay-type":"","overlay-color":"","overlay-opacity":"","overlay-gradient":""},"mobile":{"background-color":"","background-image":"","background-repeat":"repeat","background-position":"center center","background-size":"auto","background-attachment":"scroll","background-type":"","background-media":"","overlay-type":"","overlay-color":"","overlay-opacity":"","overlay-gradient":""}},"ast-content-background-meta":{"desktop":{"background-color":"var(--ast-global-color-5)","background-image":"","background-repeat":"repeat","background-position":"center center","background-size":"auto","background-attachment":"scroll","background-type":"","background-media":"","overlay-type":"","overlay-color":"","overlay-opacity":"","overlay-gradient":""},"tablet":{"background-color":"var(--ast-global-color-5)","background-image":"","background-repeat":"repeat","background-position":"center center","background-size":"auto","background-attachment":"scroll","background-type":"","background-media":"","overlay-type":"","overlay-color":"","overlay-opacity":"","overlay-gradient":""},"mobile":{"background-color":"var(--ast-global-color-5)","background-image":"","background-repeat":"repeat","background-position":"center center","background-size":"auto","background-attachment":"scroll","background-type":"","background-media":"","overlay-type":"","overlay-color":"","overlay-opacity":"","overlay-gradient":""}},"_jetpack_memberships_contains_paid_content":false,"_joinchat":[],"footnotes":""},"categories":[2098,9200,3557],"tags":[24801,298,566,873,5497,5498,9303,1236],"class_list":["post-104221","post","type-post","status-publish","format-standard","has-post-thumbnail","hentry","category-historias","category-puro-cuento","category-tercera","tag-comida-de-zonzo","tag-cuento","tag-literatura","tag-pan","tag-pan-con-pan","tag-pizza","tag-puro-cuento","tag-verano"],"yoast_head":"<!-- This site is optimized with the Yoast SEO plugin v26.8 - https:\/\/yoast.com\/product\/yoast-seo-wordpress\/ -->\n<title>[Cuentos para terminar el verano] Pan con pan no es comida de zonzo - El Regional<\/title>\n<meta name=\"robots\" content=\"index, follow, max-snippet:-1, max-image-preview:large, max-video-preview:-1\" \/>\n<link rel=\"canonical\" href=\"https:\/\/elregionalvm.com.ar\/noticias-villa-maria\/cuentos-para-terminar-el-verano-pan-con-pan-no-es-comida-de-zonzo\/\" \/>\n<meta property=\"og:locale\" content=\"es_ES\" \/>\n<meta property=\"og:type\" content=\"article\" \/>\n<meta property=\"og:title\" content=\"[Cuentos para terminar el verano] Pan con pan no es comida de zonzo - El Regional\" \/>\n<meta property=\"og:description\" content=\"Escribe: Germ\u00e1n Giacchero \u201c\u00a1Yo como la pizza con pan! \u00bfY?\u201d, me dijo alguna vez un alumno en medio de una cena informal junto con algunos profes y otros compa\u00f1eros de secundaria. La frase no ten\u00eda sabor a disculpas, m\u00e1s bien ol\u00eda a desaf\u00edo de lo que postula el viejo dicho que solo los zonzos comen [&hellip;]\" \/>\n<meta property=\"og:url\" content=\"https:\/\/elregionalvm.com.ar\/noticias-villa-maria\/cuentos-para-terminar-el-verano-pan-con-pan-no-es-comida-de-zonzo\/\" \/>\n<meta property=\"og:site_name\" content=\"El Regional\" \/>\n<meta property=\"article:publisher\" content=\"https:\/\/www.facebook.com\/elregionalvm\" \/>\n<meta property=\"article:published_time\" content=\"2025-03-17T00:43:14+00:00\" \/>\n<meta property=\"article:modified_time\" content=\"2025-03-18T21:01:02+00:00\" \/>\n<meta property=\"og:image\" content=\"https:\/\/elregionalvm.com.ar\/noticias-villa-maria\/wp-content\/uploads\/2020\/11\/Pizza-nino.jpg\" \/>\n\t<meta property=\"og:image:width\" content=\"1200\" \/>\n\t<meta property=\"og:image:height\" content=\"800\" \/>\n\t<meta property=\"og:image:type\" content=\"image\/jpeg\" \/>\n<meta name=\"author\" content=\"Germ\u00e1n Giacchero\" \/>\n<meta name=\"twitter:card\" content=\"summary_large_image\" \/>\n<meta name=\"twitter:creator\" content=\"@elregionalvm1\" \/>\n<meta name=\"twitter:site\" content=\"@elregionalvm1\" \/>\n<meta name=\"twitter:label1\" content=\"Escrito por\" \/>\n\t<meta name=\"twitter:data1\" content=\"Germ\u00e1n Giacchero\" \/>\n\t<meta name=\"twitter:label2\" content=\"Tiempo de lectura\" \/>\n\t<meta name=\"twitter:data2\" content=\"1 minuto\" \/>\n<script type=\"application\/ld+json\" class=\"yoast-schema-graph\">{\"@context\":\"https:\/\/schema.org\",\"@graph\":[{\"@type\":\"Article\",\"@id\":\"https:\/\/elregionalvm.com.ar\/noticias-villa-maria\/cuentos-para-terminar-el-verano-pan-con-pan-no-es-comida-de-zonzo\/#article\",\"isPartOf\":{\"@id\":\"https:\/\/elregionalvm.com.ar\/noticias-villa-maria\/cuentos-para-terminar-el-verano-pan-con-pan-no-es-comida-de-zonzo\/\"},\"author\":{\"name\":\"Germ\u00e1n Giacchero\",\"@id\":\"http:\/\/elregionalvm.com.ar\/noticias-villa-maria\/#\/schema\/person\/d5e4b04966154131701e52c45d3efec9\"},\"headline\":\"[Cuentos para terminar el verano] Pan con pan no es comida de zonzo\",\"datePublished\":\"2025-03-17T00:43:14+00:00\",\"dateModified\":\"2025-03-18T21:01:02+00:00\",\"mainEntityOfPage\":{\"@id\":\"https:\/\/elregionalvm.com.ar\/noticias-villa-maria\/cuentos-para-terminar-el-verano-pan-con-pan-no-es-comida-de-zonzo\/\"},\"wordCount\":207,\"commentCount\":0,\"image\":{\"@id\":\"https:\/\/elregionalvm.com.ar\/noticias-villa-maria\/cuentos-para-terminar-el-verano-pan-con-pan-no-es-comida-de-zonzo\/#primaryimage\"},\"thumbnailUrl\":\"https:\/\/i0.wp.com\/elregionalvm.com.ar\/noticias-villa-maria\/wp-content\/uploads\/2020\/11\/Pizza-nino.jpg?fit=1200%2C800&ssl=1\",\"keywords\":[\"comida de zonzo\",\"Cuento\",\"Literatura\",\"Pan\",\"Pan con pan\",\"Pizza\",\"Puro Cuento\",\"verano\"],\"articleSection\":[\"Historias\",\"Puro Cuento\",\"tercera\"],\"inLanguage\":\"es\",\"potentialAction\":[{\"@type\":\"CommentAction\",\"name\":\"Comment\",\"target\":[\"https:\/\/elregionalvm.com.ar\/noticias-villa-maria\/cuentos-para-terminar-el-verano-pan-con-pan-no-es-comida-de-zonzo\/#respond\"]}]},{\"@type\":\"WebPage\",\"@id\":\"https:\/\/elregionalvm.com.ar\/noticias-villa-maria\/cuentos-para-terminar-el-verano-pan-con-pan-no-es-comida-de-zonzo\/\",\"url\":\"https:\/\/elregionalvm.com.ar\/noticias-villa-maria\/cuentos-para-terminar-el-verano-pan-con-pan-no-es-comida-de-zonzo\/\",\"name\":\"[Cuentos para terminar el verano] Pan con pan no es comida de zonzo - El Regional\",\"isPartOf\":{\"@id\":\"http:\/\/elregionalvm.com.ar\/noticias-villa-maria\/#website\"},\"primaryImageOfPage\":{\"@id\":\"https:\/\/elregionalvm.com.ar\/noticias-villa-maria\/cuentos-para-terminar-el-verano-pan-con-pan-no-es-comida-de-zonzo\/#primaryimage\"},\"image\":{\"@id\":\"https:\/\/elregionalvm.com.ar\/noticias-villa-maria\/cuentos-para-terminar-el-verano-pan-con-pan-no-es-comida-de-zonzo\/#primaryimage\"},\"thumbnailUrl\":\"https:\/\/i0.wp.com\/elregionalvm.com.ar\/noticias-villa-maria\/wp-content\/uploads\/2020\/11\/Pizza-nino.jpg?fit=1200%2C800&ssl=1\",\"datePublished\":\"2025-03-17T00:43:14+00:00\",\"dateModified\":\"2025-03-18T21:01:02+00:00\",\"author\":{\"@id\":\"http:\/\/elregionalvm.com.ar\/noticias-villa-maria\/#\/schema\/person\/d5e4b04966154131701e52c45d3efec9\"},\"breadcrumb\":{\"@id\":\"https:\/\/elregionalvm.com.ar\/noticias-villa-maria\/cuentos-para-terminar-el-verano-pan-con-pan-no-es-comida-de-zonzo\/#breadcrumb\"},\"inLanguage\":\"es\",\"potentialAction\":[{\"@type\":\"ReadAction\",\"target\":[\"https:\/\/elregionalvm.com.ar\/noticias-villa-maria\/cuentos-para-terminar-el-verano-pan-con-pan-no-es-comida-de-zonzo\/\"]}]},{\"@type\":\"ImageObject\",\"inLanguage\":\"es\",\"@id\":\"https:\/\/elregionalvm.com.ar\/noticias-villa-maria\/cuentos-para-terminar-el-verano-pan-con-pan-no-es-comida-de-zonzo\/#primaryimage\",\"url\":\"https:\/\/i0.wp.com\/elregionalvm.com.ar\/noticias-villa-maria\/wp-content\/uploads\/2020\/11\/Pizza-nino.jpg?fit=1200%2C800&ssl=1\",\"contentUrl\":\"https:\/\/i0.wp.com\/elregionalvm.com.ar\/noticias-villa-maria\/wp-content\/uploads\/2020\/11\/Pizza-nino.jpg?fit=1200%2C800&ssl=1\",\"width\":1200,\"height\":800},{\"@type\":\"BreadcrumbList\",\"@id\":\"https:\/\/elregionalvm.com.ar\/noticias-villa-maria\/cuentos-para-terminar-el-verano-pan-con-pan-no-es-comida-de-zonzo\/#breadcrumb\",\"itemListElement\":[{\"@type\":\"ListItem\",\"position\":1,\"name\":\"Portada\",\"item\":\"https:\/\/elregionalvm.com.ar\/noticias-villa-maria\/\"},{\"@type\":\"ListItem\",\"position\":2,\"name\":\"[Cuentos para terminar el verano] Pan con pan no es comida de zonzo\"}]},{\"@type\":\"WebSite\",\"@id\":\"http:\/\/elregionalvm.com.ar\/noticias-villa-maria\/#website\",\"url\":\"http:\/\/elregionalvm.com.ar\/noticias-villa-maria\/\",\"name\":\"El Regional\",\"description\":\"Mucho m\u00e1s que informaci\u00f3n\",\"potentialAction\":[{\"@type\":\"SearchAction\",\"target\":{\"@type\":\"EntryPoint\",\"urlTemplate\":\"http:\/\/elregionalvm.com.ar\/noticias-villa-maria\/?s={search_term_string}\"},\"query-input\":{\"@type\":\"PropertyValueSpecification\",\"valueRequired\":true,\"valueName\":\"search_term_string\"}}],\"inLanguage\":\"es\"},{\"@type\":\"Person\",\"@id\":\"http:\/\/elregionalvm.com.ar\/noticias-villa-maria\/#\/schema\/person\/d5e4b04966154131701e52c45d3efec9\",\"name\":\"Germ\u00e1n Giacchero\",\"image\":{\"@type\":\"ImageObject\",\"inLanguage\":\"es\",\"@id\":\"http:\/\/elregionalvm.com.ar\/noticias-villa-maria\/#\/schema\/person\/image\/\",\"url\":\"https:\/\/secure.gravatar.com\/avatar\/fda163ba5ef0307ee5be9846e10f83b6e83d0cfb260d3b2464830318894c6b04?s=96&d=mm&r=g\",\"contentUrl\":\"https:\/\/secure.gravatar.com\/avatar\/fda163ba5ef0307ee5be9846e10f83b6e83d0cfb260d3b2464830318894c6b04?s=96&d=mm&r=g\",\"caption\":\"Germ\u00e1n Giacchero\"},\"url\":\"https:\/\/elregionalvm.com.ar\/noticias-villa-maria\/author\/germangiacchero\/\"}]}<\/script>\n<!-- \/ Yoast SEO plugin. -->","yoast_head_json":{"title":"[Cuentos para terminar el verano] Pan con pan no es comida de zonzo - El Regional","robots":{"index":"index","follow":"follow","max-snippet":"max-snippet:-1","max-image-preview":"max-image-preview:large","max-video-preview":"max-video-preview:-1"},"canonical":"https:\/\/elregionalvm.com.ar\/noticias-villa-maria\/cuentos-para-terminar-el-verano-pan-con-pan-no-es-comida-de-zonzo\/","og_locale":"es_ES","og_type":"article","og_title":"[Cuentos para terminar el verano] Pan con pan no es comida de zonzo - El Regional","og_description":"Escribe: Germ\u00e1n Giacchero \u201c\u00a1Yo como la pizza con pan! \u00bfY?\u201d, me dijo alguna vez un alumno en medio de una cena informal junto con algunos profes y otros compa\u00f1eros de secundaria. La frase no ten\u00eda sabor a disculpas, m\u00e1s bien ol\u00eda a desaf\u00edo de lo que postula el viejo dicho que solo los zonzos comen [&hellip;]","og_url":"https:\/\/elregionalvm.com.ar\/noticias-villa-maria\/cuentos-para-terminar-el-verano-pan-con-pan-no-es-comida-de-zonzo\/","og_site_name":"El Regional","article_publisher":"https:\/\/www.facebook.com\/elregionalvm","article_published_time":"2025-03-17T00:43:14+00:00","article_modified_time":"2025-03-18T21:01:02+00:00","og_image":[{"width":1200,"height":800,"url":"https:\/\/elregionalvm.com.ar\/noticias-villa-maria\/wp-content\/uploads\/2020\/11\/Pizza-nino.jpg","type":"image\/jpeg"}],"author":"Germ\u00e1n Giacchero","twitter_card":"summary_large_image","twitter_creator":"@elregionalvm1","twitter_site":"@elregionalvm1","twitter_misc":{"Escrito por":"Germ\u00e1n Giacchero","Tiempo de lectura":"1 minuto"},"schema":{"@context":"https:\/\/schema.org","@graph":[{"@type":"Article","@id":"https:\/\/elregionalvm.com.ar\/noticias-villa-maria\/cuentos-para-terminar-el-verano-pan-con-pan-no-es-comida-de-zonzo\/#article","isPartOf":{"@id":"https:\/\/elregionalvm.com.ar\/noticias-villa-maria\/cuentos-para-terminar-el-verano-pan-con-pan-no-es-comida-de-zonzo\/"},"author":{"name":"Germ\u00e1n Giacchero","@id":"http:\/\/elregionalvm.com.ar\/noticias-villa-maria\/#\/schema\/person\/d5e4b04966154131701e52c45d3efec9"},"headline":"[Cuentos para terminar el verano] Pan con pan no es comida de zonzo","datePublished":"2025-03-17T00:43:14+00:00","dateModified":"2025-03-18T21:01:02+00:00","mainEntityOfPage":{"@id":"https:\/\/elregionalvm.com.ar\/noticias-villa-maria\/cuentos-para-terminar-el-verano-pan-con-pan-no-es-comida-de-zonzo\/"},"wordCount":207,"commentCount":0,"image":{"@id":"https:\/\/elregionalvm.com.ar\/noticias-villa-maria\/cuentos-para-terminar-el-verano-pan-con-pan-no-es-comida-de-zonzo\/#primaryimage"},"thumbnailUrl":"https:\/\/i0.wp.com\/elregionalvm.com.ar\/noticias-villa-maria\/wp-content\/uploads\/2020\/11\/Pizza-nino.jpg?fit=1200%2C800&ssl=1","keywords":["comida de zonzo","Cuento","Literatura","Pan","Pan con pan","Pizza","Puro Cuento","verano"],"articleSection":["Historias","Puro Cuento","tercera"],"inLanguage":"es","potentialAction":[{"@type":"CommentAction","name":"Comment","target":["https:\/\/elregionalvm.com.ar\/noticias-villa-maria\/cuentos-para-terminar-el-verano-pan-con-pan-no-es-comida-de-zonzo\/#respond"]}]},{"@type":"WebPage","@id":"https:\/\/elregionalvm.com.ar\/noticias-villa-maria\/cuentos-para-terminar-el-verano-pan-con-pan-no-es-comida-de-zonzo\/","url":"https:\/\/elregionalvm.com.ar\/noticias-villa-maria\/cuentos-para-terminar-el-verano-pan-con-pan-no-es-comida-de-zonzo\/","name":"[Cuentos para terminar el verano] Pan con pan no es comida de zonzo - El Regional","isPartOf":{"@id":"http:\/\/elregionalvm.com.ar\/noticias-villa-maria\/#website"},"primaryImageOfPage":{"@id":"https:\/\/elregionalvm.com.ar\/noticias-villa-maria\/cuentos-para-terminar-el-verano-pan-con-pan-no-es-comida-de-zonzo\/#primaryimage"},"image":{"@id":"https:\/\/elregionalvm.com.ar\/noticias-villa-maria\/cuentos-para-terminar-el-verano-pan-con-pan-no-es-comida-de-zonzo\/#primaryimage"},"thumbnailUrl":"https:\/\/i0.wp.com\/elregionalvm.com.ar\/noticias-villa-maria\/wp-content\/uploads\/2020\/11\/Pizza-nino.jpg?fit=1200%2C800&ssl=1","datePublished":"2025-03-17T00:43:14+00:00","dateModified":"2025-03-18T21:01:02+00:00","author":{"@id":"http:\/\/elregionalvm.com.ar\/noticias-villa-maria\/#\/schema\/person\/d5e4b04966154131701e52c45d3efec9"},"breadcrumb":{"@id":"https:\/\/elregionalvm.com.ar\/noticias-villa-maria\/cuentos-para-terminar-el-verano-pan-con-pan-no-es-comida-de-zonzo\/#breadcrumb"},"inLanguage":"es","potentialAction":[{"@type":"ReadAction","target":["https:\/\/elregionalvm.com.ar\/noticias-villa-maria\/cuentos-para-terminar-el-verano-pan-con-pan-no-es-comida-de-zonzo\/"]}]},{"@type":"ImageObject","inLanguage":"es","@id":"https:\/\/elregionalvm.com.ar\/noticias-villa-maria\/cuentos-para-terminar-el-verano-pan-con-pan-no-es-comida-de-zonzo\/#primaryimage","url":"https:\/\/i0.wp.com\/elregionalvm.com.ar\/noticias-villa-maria\/wp-content\/uploads\/2020\/11\/Pizza-nino.jpg?fit=1200%2C800&ssl=1","contentUrl":"https:\/\/i0.wp.com\/elregionalvm.com.ar\/noticias-villa-maria\/wp-content\/uploads\/2020\/11\/Pizza-nino.jpg?fit=1200%2C800&ssl=1","width":1200,"height":800},{"@type":"BreadcrumbList","@id":"https:\/\/elregionalvm.com.ar\/noticias-villa-maria\/cuentos-para-terminar-el-verano-pan-con-pan-no-es-comida-de-zonzo\/#breadcrumb","itemListElement":[{"@type":"ListItem","position":1,"name":"Portada","item":"https:\/\/elregionalvm.com.ar\/noticias-villa-maria\/"},{"@type":"ListItem","position":2,"name":"[Cuentos para terminar el verano] Pan con pan no es comida de zonzo"}]},{"@type":"WebSite","@id":"http:\/\/elregionalvm.com.ar\/noticias-villa-maria\/#website","url":"http:\/\/elregionalvm.com.ar\/noticias-villa-maria\/","name":"El Regional","description":"Mucho m\u00e1s que informaci\u00f3n","potentialAction":[{"@type":"SearchAction","target":{"@type":"EntryPoint","urlTemplate":"http:\/\/elregionalvm.com.ar\/noticias-villa-maria\/?s={search_term_string}"},"query-input":{"@type":"PropertyValueSpecification","valueRequired":true,"valueName":"search_term_string"}}],"inLanguage":"es"},{"@type":"Person","@id":"http:\/\/elregionalvm.com.ar\/noticias-villa-maria\/#\/schema\/person\/d5e4b04966154131701e52c45d3efec9","name":"Germ\u00e1n Giacchero","image":{"@type":"ImageObject","inLanguage":"es","@id":"http:\/\/elregionalvm.com.ar\/noticias-villa-maria\/#\/schema\/person\/image\/","url":"https:\/\/secure.gravatar.com\/avatar\/fda163ba5ef0307ee5be9846e10f83b6e83d0cfb260d3b2464830318894c6b04?s=96&d=mm&r=g","contentUrl":"https:\/\/secure.gravatar.com\/avatar\/fda163ba5ef0307ee5be9846e10f83b6e83d0cfb260d3b2464830318894c6b04?s=96&d=mm&r=g","caption":"Germ\u00e1n Giacchero"},"url":"https:\/\/elregionalvm.com.ar\/noticias-villa-maria\/author\/germangiacchero\/"}]}},"jetpack_featured_media_url":"https:\/\/i0.wp.com\/elregionalvm.com.ar\/noticias-villa-maria\/wp-content\/uploads\/2020\/11\/Pizza-nino.jpg?fit=1200%2C800&ssl=1","jetpack_sharing_enabled":true,"_links":{"self":[{"href":"https:\/\/elregionalvm.com.ar\/noticias-villa-maria\/wp-json\/wp\/v2\/posts\/104221","targetHints":{"allow":["GET"]}}],"collection":[{"href":"https:\/\/elregionalvm.com.ar\/noticias-villa-maria\/wp-json\/wp\/v2\/posts"}],"about":[{"href":"https:\/\/elregionalvm.com.ar\/noticias-villa-maria\/wp-json\/wp\/v2\/types\/post"}],"author":[{"embeddable":true,"href":"https:\/\/elregionalvm.com.ar\/noticias-villa-maria\/wp-json\/wp\/v2\/users\/6"}],"replies":[{"embeddable":true,"href":"https:\/\/elregionalvm.com.ar\/noticias-villa-maria\/wp-json\/wp\/v2\/comments?post=104221"}],"version-history":[{"count":2,"href":"https:\/\/elregionalvm.com.ar\/noticias-villa-maria\/wp-json\/wp\/v2\/posts\/104221\/revisions"}],"predecessor-version":[{"id":104223,"href":"https:\/\/elregionalvm.com.ar\/noticias-villa-maria\/wp-json\/wp\/v2\/posts\/104221\/revisions\/104223"}],"wp:featuredmedia":[{"embeddable":true,"href":"https:\/\/elregionalvm.com.ar\/noticias-villa-maria\/wp-json\/wp\/v2\/media\/27941"}],"wp:attachment":[{"href":"https:\/\/elregionalvm.com.ar\/noticias-villa-maria\/wp-json\/wp\/v2\/media?parent=104221"}],"wp:term":[{"taxonomy":"category","embeddable":true,"href":"https:\/\/elregionalvm.com.ar\/noticias-villa-maria\/wp-json\/wp\/v2\/categories?post=104221"},{"taxonomy":"post_tag","embeddable":true,"href":"https:\/\/elregionalvm.com.ar\/noticias-villa-maria\/wp-json\/wp\/v2\/tags?post=104221"}],"curies":[{"name":"wp","href":"https:\/\/api.w.org\/{rel}","templated":true}]}}